{"id":58401,"date":"2026-09-03T11:28:15","date_gmt":"2026-09-03T15:28:15","guid":{"rendered":"https:\/\/smartcherry.cl\/?p=58401"},"modified":"2026-09-03T11:28:17","modified_gmt":"2026-09-03T15:28:17","slug":"chile-y-argentina-profundizan-acuerdo-comercial","status":"publish","type":"post","link":"https:\/\/smartcherry.cl\/en\/noticias\/chile-y-argentina-profundizan-acuerdo-comercial\/","title":{"rendered":"Chile y Argentina profundizan acuerdo comercial"},"content":{"rendered":"<p class=\"wp-block-paragraph\"><strong><em>Chile y Argentina avanzan en una nueva etapa de profundizaci\u00f3n de sus relaciones econ\u00f3micas y comerciales, con una agenda que incluye materias especialmente relevantes para el sector agroexportador, como la facilitaci\u00f3n del comercio, las medidas sanitarias y fitosanitarias, los obst\u00e1culos t\u00e9cnicos al intercambio y el desarrollo de cadenas regionales de valor.<\/em><\/strong><\/p>\n\n\n\n<p class=\"wp-block-paragraph\">Estos temas fueron parte de la\u00a0IV Comisi\u00f3n Administradora del Acuerdo Comercial Chile\u2013Argentina, realizada en Santiago y encabezada por la subsecretaria de Relaciones Econ\u00f3micas Internacionales de Chile,\u00a0Paula Est\u00e9vez, y el subsecretario de Negociaciones Econ\u00f3micas Internacionales e Integraci\u00f3n de Argentina,\u00a0Roberto Salafia.<\/p>\n\n\n\n<p class=\"wp-block-paragraph\">De acuerdo a lo informado por Frutas de Chile, la reuni\u00f3n cobra especial relevancia para el agro chileno, considerando que durante 2025 las exportaciones nacionales hacia el mercado argentino alcanzaron\u00a0US$1.066 millones, registrando un crecimiento de\u00a026% respecto del a\u00f1o anterior. Entre los productos que contribuyeron a ese aumento figuran precisamente\u00a0paltas, limones, semillas y uvas frescas, junto con salm\u00f3nidos y alambre de cobre.<\/p>\n\n\n\n<p class=\"wp-block-paragraph\">Durante la Comisi\u00f3n Administradora, las delegaciones analizaron una amplia bater\u00eda de materias relacionadas con el funcionamiento del acuerdo bilateral. Entre ellas estuvieron la\u00a0facilitaci\u00f3n del comercio, medidas sanitarias y fitosanitarias, obst\u00e1culos t\u00e9cnicos al comercio, contrataci\u00f3n p\u00fablica, comercio de servicios, telecomunicaciones, peque\u00f1as y medianas empresas, cadenas globales y regionales de valor y asuntos laborales.<\/p>\n\n\n\n<p class=\"wp-block-paragraph\">Para el sector agrofrut\u00edcola, los cap\u00edtulos sanitarios, fitosanitarios y de facilitaci\u00f3n resultan especialmente relevantes, ya que constituyen parte de las condiciones que permiten mantener y desarrollar el intercambio de alimentos, productos agr\u00edcolas y material vegetal entre ambos mercados.<\/p>\n\n\n\n<figure class=\"wp-block-image aligncenter size-large\"><img fetchpriority=\"high\" decoding=\"async\" width=\"1024\" height=\"640\" src=\"https:\/\/smartcherry.cl\/wp-content\/uploads\/2026\/09\/Paula-Estevez-Roberto-Salafia-1024x640.png\" alt=\"\" class=\"wp-image-58402\" srcset=\"https:\/\/smartcherry.cl\/wp-content\/uploads\/2026\/09\/Paula-Estevez-Roberto-Salafia-1024x640.png 1024w, https:\/\/smartcherry.cl\/wp-content\/uploads\/2026\/09\/Paula-Estevez-Roberto-Salafia-300x188.png 300w, https:\/\/smartcherry.cl\/wp-content\/uploads\/2026\/09\/Paula-Estevez-Roberto-Salafia-768x480.png 768w, https:\/\/smartcherry.cl\/wp-content\/uploads\/2026\/09\/Paula-Estevez-Roberto-Salafia-18x12.png 18w, https:\/\/smartcherry.cl\/wp-content\/uploads\/2026\/09\/Paula-Estevez-Roberto-Salafia.png 1100w\" sizes=\"(max-width: 1024px) 100vw, 1024px\" \/><figcaption class=\"wp-element-caption\"> <strong>Subsecretaria de Relaciones Econ\u00f3micas Internacionales de Chile,\u00a0Paula Est\u00e9vez, junto al subsecretario de Negociaciones Econ\u00f3micas Internacionales e Integraci\u00f3n de Argentina,\u00a0Roberto Salafia.<\/strong><\/figcaption><\/figure>\n\n\n\n<p class=\"wp-block-paragraph\">La reuni\u00f3n fue precedida por un encuentro entre Est\u00e9vez y Salafia, quienes tambi\u00e9n abordaron otros \u00e1mbitos estrat\u00e9gicos de la relaci\u00f3n bilateral, entre ellos la integraci\u00f3n energ\u00e9tica, el transporte a\u00e9reo, la miner\u00eda y la facilitaci\u00f3n fronteriza.<\/p>\n\n\n\n<p class=\"wp-block-paragraph\"><strong>Comercio bilateral pr\u00e1cticamente se duplic\u00f3 en cinco a\u00f1os<br><\/strong>El encuentro tambi\u00e9n permiti\u00f3 revisar la evoluci\u00f3n del intercambio entre ambas econom\u00edas. Seg\u00fan antecedentes entregados por la Subsecretar\u00eda de Relaciones Econ\u00f3micas Internacionales (SUBREI), el comercio bilateral pr\u00e1cticamente se duplic\u00f3 durante los \u00faltimos cinco a\u00f1os.<\/p>\n\n\n\n<p class=\"wp-block-paragraph\">Mientras en 2020 el intercambio alcanzaba los\u00a0US$3.926 millones, durante 2025 lleg\u00f3 a\u00a0US$7.931 millones. Con estas cifras, Argentina se posiciona actualmente como el\u00a0quinto socio comercial de Chile a nivel mundial y el segundo dentro de Sudam\u00e9rica.<\/p>\n\n\n\n<p class=\"wp-block-paragraph\">La relaci\u00f3n comercial entre ambos pa\u00edses se sustenta, entre otros instrumentos, en el\u00a0Acuerdo de Complementaci\u00f3n Econ\u00f3mica N\u00b035 entre Chile y Mercosur, vigente desde 1996, y en el\u00a0Acuerdo Comercial Chile\u2013Argentina, que entr\u00f3 en vigor en 2019 y permiti\u00f3 ampliar la relaci\u00f3n hacia nuevas disciplinas, m\u00e1s all\u00e1 del intercambio tradicional de bienes.<\/p>\n\n\n\n<p class=\"wp-block-paragraph\">Uno de los principales resultados de la reuni\u00f3n fue el cierre de la negociaci\u00f3n de un nuevo\u00a0Memor\u00e1ndum de Entendimiento sobre Cadenas Globales y Regionales de Valor, Encadenamientos Productivos e Inversiones Directas, cuya firma se espera pr\u00f3ximamente.<\/p>\n\n\n\n<p class=\"wp-block-paragraph\">El instrumento apunta a profundizar la complementariedad entre ambas econom\u00edas y abrir nuevas posibilidades para que empresas de los dos pa\u00edses puedan integrarse a cadenas productivas y comerciales de alcance regional e internacional.<\/p>\n\n\n\n<p class=\"wp-block-paragraph\">Tambi\u00e9n se acord\u00f3 continuar desarrollando los planes de trabajo asociados al cap\u00edtulo de servicios, asuntos laborales y los distintos mecanismos de cooperaci\u00f3n establecidos bajo el acuerdo.<\/p>\n\n\n\n<p class=\"wp-block-paragraph\">La subsecretaria Paula Est\u00e9vez destac\u00f3 el momento que atraviesa la relaci\u00f3n bilateral, se\u00f1alando que el intercambio comercial se encuentra creciendo intensamente y que existen m\u00faltiples \u00e1mbitos de colaboraci\u00f3n entre ambas econom\u00edas. Sobre el nuevo memor\u00e1ndum, sostuvo que representa\u00a0\u201cotro gran paso m\u00e1s en esa direcci\u00f3n\u201d.<\/p>\n\n\n\n<p class=\"wp-block-paragraph\">Al t\u00e9rmino de la reuni\u00f3n, Chile y Argentina coincidieron en la necesidad de continuar profundizando la integraci\u00f3n econ\u00f3mica, con el objetivo de generar mayores oportunidades de comercio e inversi\u00f3n y facilitar la participaci\u00f3n de empresas de ambos pa\u00edses.<\/p>\n\n\n\n<p class=\"wp-block-paragraph\">Para el sector agroalimentario chileno, esta agenda adquiere particular importancia debido al crecimiento que est\u00e1n mostrando los env\u00edos agr\u00edcolas y frut\u00edcolas al mercado trasandino y al peso que aspectos como la sanidad, la log\u00edstica fronteriza y la facilitaci\u00f3n comercial tienen en la competitividad de estas exportaciones.<\/p>","protected":false},"excerpt":{"rendered":"<p>Argentina se consolida como uno de los principales socios de Chile en Sudam\u00e9rica, en un escenario donde los productos agr\u00edcolas y frut\u00edcolas ganan espacio en el intercambio bilateral.<\/p>","protected":false},"author":273,"featured_media":58406,"comment_status":"closed","ping_status":"open","sticky":false,"template":"","format":"standard","meta":{"_acf_changed":false,"inline_featured_image":false,"footnotes":""},"categories":[35],"tags":[182,2250],"category_proveedor":[],"pais":[],"class_list":["post-58401","post","type-post","status-publish","format-standard","has-post-thumbnail","hentry","category-noticias","tag-argentina","tag-chile"],"acf":[],"yoast_head":"<!-- This site is optimized with the Yoast SEO Premium plugin v21.3 (Yoast SEO v28.3) - https:\/\/yoast.com\/product\/yoast-seo-premium-wordpress\/ -->\n<title>Chile y Argentina profundizan acuerdo comercial - Smartcherry<\/title>\n<meta name=\"description\" content=\"Chile y Argentina avanzan en una nueva etapa de profundizaci\u00f3n de sus relaciones econ\u00f3micas y comerciales, con una agenda que incluye materias especialmente relevantes para el sector agroexportador, como la facilitaci\u00f3n del comercio, las medidas sanitarias y fitosanitarias, los obst\u00e1culos t\u00e9cnicos al intercambio y el desarrollo de cadenas regionales de valor.\" \/>\n<meta name=\"robots\" content=\"index, follow, max-snippet:-1, max-image-preview:large, max-video-preview:-1\" \/>\n<link rel=\"canonical\" href=\"https:\/\/smartcherry.cl\/en\/noticias\/chile-y-argentina-profundizan-acuerdo-comercial\/\" \/>\n<meta property=\"og:locale\" content=\"en_US\" \/>\n<meta property=\"og:type\" content=\"article\" \/>\n<meta property=\"og:title\" content=\"Chile y Argentina profundizan acuerdo comercial\" \/>\n<meta property=\"og:description\" content=\"Chile y Argentina avanzan en una nueva etapa de profundizaci\u00f3n de sus relaciones econ\u00f3micas y comerciales, con una agenda que incluye materias especialmente relevantes para el sector agroexportador, como la facilitaci\u00f3n del comercio, las medidas sanitarias y fitosanitarias, los obst\u00e1culos t\u00e9cnicos al intercambio y el desarrollo de cadenas regionales de valor.\" \/>\n<meta property=\"og:url\" content=\"https:\/\/smartcherry.cl\/en\/noticias\/chile-y-argentina-profundizan-acuerdo-comercial\/\" \/>\n<meta property=\"og:site_name\" content=\"Smartcherry\" \/>\n<meta property=\"article:publisher\" content=\"https:\/\/web.facebook.com\/SmartCherry.cl\/\" \/>\n<meta property=\"article:published_time\" content=\"2026-09-03T15:28:15+00:00\" \/>\n<meta property=\"article:modified_time\" content=\"2026-09-03T15:28:17+00:00\" \/>\n<meta property=\"og:image\" content=\"https:\/\/smartcherry.cl\/wp-content\/uploads\/2026\/09\/Chile-Argentina-cerezas.jpeg\" \/>\n\t<meta property=\"og:image:width\" content=\"1600\" \/>\n\t<meta property=\"og:image:height\" content=\"807\" \/>\n\t<meta property=\"og:image:type\" content=\"image\/jpeg\" \/>\n<meta name=\"author\" content=\"Beatriz Parra\" \/>\n<meta name=\"twitter:card\" content=\"summary_large_image\" \/>\n<meta name=\"twitter:creator\" content=\"@SmartCherry_cl\" \/>\n<meta name=\"twitter:site\" content=\"@SmartCherry_cl\" \/>\n<meta name=\"twitter:label1\" content=\"Written by\" \/>\n\t<meta name=\"twitter:data1\" content=\"Beatriz Parra\" \/>\n\t<meta name=\"twitter:label2\" content=\"Est. reading time\" \/>\n\t<meta name=\"twitter:data2\" content=\"4 minutes\" \/>\n<script type=\"application\/ld+json\" class=\"yoast-schema-graph\">{\"@context\":\"https:\\\/\\\/schema.org\",\"@graph\":[{\"@type\":\"Article\",\"@id\":\"https:\\\/\\\/smartcherry.cl\\\/noticias\\\/chile-y-argentina-profundizan-acuerdo-comercial\\\/#article\",\"isPartOf\":{\"@id\":\"https:\\\/\\\/smartcherry.cl\\\/noticias\\\/chile-y-argentina-profundizan-acuerdo-comercial\\\/\"},\"author\":{\"name\":\"Beatriz Parra\",\"@id\":\"https:\\\/\\\/smartcherry.cl\\\/#\\\/schema\\\/person\\\/604ed44370e96b081064b745ca461407\"},\"headline\":\"Chile y Argentina profundizan acuerdo comercial\",\"datePublished\":\"2026-09-03T15:28:15+00:00\",\"dateModified\":\"2026-09-03T15:28:17+00:00\",\"mainEntityOfPage\":{\"@id\":\"https:\\\/\\\/smartcherry.cl\\\/noticias\\\/chile-y-argentina-profundizan-acuerdo-comercial\\\/\"},\"wordCount\":751,\"publisher\":{\"@id\":\"https:\\\/\\\/smartcherry.cl\\\/#organization\"},\"image\":{\"@id\":\"https:\\\/\\\/smartcherry.cl\\\/noticias\\\/chile-y-argentina-profundizan-acuerdo-comercial\\\/#primaryimage\"},\"thumbnailUrl\":\"https:\\\/\\\/smartcherry.cl\\\/wp-content\\\/uploads\\\/2026\\\/09\\\/Chile-Argentina-cerezas.jpeg\",\"keywords\":[\"Argentina\",\"Chile\"],\"articleSection\":[\"Noticias\"],\"inLanguage\":\"en-US\"},{\"@type\":\"WebPage\",\"@id\":\"https:\\\/\\\/smartcherry.cl\\\/noticias\\\/chile-y-argentina-profundizan-acuerdo-comercial\\\/\",\"url\":\"https:\\\/\\\/smartcherry.cl\\\/noticias\\\/chile-y-argentina-profundizan-acuerdo-comercial\\\/\",\"name\":\"Chile y Argentina profundizan acuerdo comercial - Smartcherry\",\"isPartOf\":{\"@id\":\"https:\\\/\\\/smartcherry.cl\\\/#website\"},\"primaryImageOfPage\":{\"@id\":\"https:\\\/\\\/smartcherry.cl\\\/noticias\\\/chile-y-argentina-profundizan-acuerdo-comercial\\\/#primaryimage\"},\"image\":{\"@id\":\"https:\\\/\\\/smartcherry.cl\\\/noticias\\\/chile-y-argentina-profundizan-acuerdo-comercial\\\/#primaryimage\"},\"thumbnailUrl\":\"https:\\\/\\\/smartcherry.cl\\\/wp-content\\\/uploads\\\/2026\\\/09\\\/Chile-Argentina-cerezas.jpeg\",\"datePublished\":\"2026-09-03T15:28:15+00:00\",\"dateModified\":\"2026-09-03T15:28:17+00:00\",\"description\":\"Chile y Argentina avanzan en una nueva etapa de profundizaci\u00f3n de sus relaciones econ\u00f3micas y comerciales, con una agenda que incluye materias especialmente relevantes para el sector agroexportador, como la facilitaci\u00f3n del comercio, las medidas sanitarias y fitosanitarias, los obst\u00e1culos t\u00e9cnicos al intercambio y el desarrollo de cadenas regionales de valor.\",\"breadcrumb\":{\"@id\":\"https:\\\/\\\/smartcherry.cl\\\/noticias\\\/chile-y-argentina-profundizan-acuerdo-comercial\\\/#breadcrumb\"},\"inLanguage\":\"en-US\",\"potentialAction\":[{\"@type\":\"ReadAction\",\"target\":[\"https:\\\/\\\/smartcherry.cl\\\/noticias\\\/chile-y-argentina-profundizan-acuerdo-comercial\\\/\"]}]},{\"@type\":\"ImageObject\",\"inLanguage\":\"en-US\",\"@id\":\"https:\\\/\\\/smartcherry.cl\\\/noticias\\\/chile-y-argentina-profundizan-acuerdo-comercial\\\/#primaryimage\",\"url\":\"https:\\\/\\\/smartcherry.cl\\\/wp-content\\\/uploads\\\/2026\\\/09\\\/Chile-Argentina-cerezas.jpeg\",\"contentUrl\":\"https:\\\/\\\/smartcherry.cl\\\/wp-content\\\/uploads\\\/2026\\\/09\\\/Chile-Argentina-cerezas.jpeg\",\"width\":1600,\"height\":807},{\"@type\":\"BreadcrumbList\",\"@id\":\"https:\\\/\\\/smartcherry.cl\\\/noticias\\\/chile-y-argentina-profundizan-acuerdo-comercial\\\/#breadcrumb\",\"itemListElement\":[{\"@type\":\"ListItem\",\"position\":1,\"name\":\"Home\",\"item\":\"https:\\\/\\\/smartcherry.cl\\\/\"},{\"@type\":\"ListItem\",\"position\":2,\"name\":\"Noticias\",\"item\":\"https:\\\/\\\/smartcherry.cl\\\/category\\\/noticias\\\/\"},{\"@type\":\"ListItem\",\"position\":3,\"name\":\"Chile y Argentina profundizan acuerdo comercial\"}]},{\"@type\":\"WebSite\",\"@id\":\"https:\\\/\\\/smartcherry.cl\\\/#website\",\"url\":\"https:\\\/\\\/smartcherry.cl\\\/\",\"name\":\"Smartcherry\",\"description\":\"Sitio de Smartcherry\",\"publisher\":{\"@id\":\"https:\\\/\\\/smartcherry.cl\\\/#organization\"},\"potentialAction\":[{\"@type\":\"SearchAction\",\"target\":{\"@type\":\"EntryPoint\",\"urlTemplate\":\"https:\\\/\\\/smartcherry.cl\\\/?s={search_term_string}\"},\"query-input\":{\"@type\":\"PropertyValueSpecification\",\"valueRequired\":true,\"valueName\":\"search_term_string\"}}],\"inLanguage\":\"en-US\"},{\"@type\":\"Organization\",\"@id\":\"https:\\\/\\\/smartcherry.cl\\\/#organization\",\"name\":\"SmartCherry\",\"url\":\"https:\\\/\\\/smartcherry.cl\\\/\",\"logo\":{\"@type\":\"ImageObject\",\"inLanguage\":\"en-US\",\"@id\":\"https:\\\/\\\/smartcherry.cl\\\/#\\\/schema\\\/logo\\\/image\\\/\",\"url\":\"https:\\\/\\\/smartcherry.cl\\\/wp-content\\\/uploads\\\/2022\\\/02\\\/logo_smartcherry.png\",\"contentUrl\":\"https:\\\/\\\/smartcherry.cl\\\/wp-content\\\/uploads\\\/2022\\\/02\\\/logo_smartcherry.png\",\"width\":411,\"height\":84,\"caption\":\"SmartCherry\"},\"image\":{\"@id\":\"https:\\\/\\\/smartcherry.cl\\\/#\\\/schema\\\/logo\\\/image\\\/\"},\"sameAs\":[\"https:\\\/\\\/web.facebook.com\\\/SmartCherry.cl\\\/\",\"https:\\\/\\\/x.com\\\/SmartCherry_cl\",\"https:\\\/\\\/www.linkedin.com\\\/company\\\/smartcherry\\\/\",\"https:\\\/\\\/www.instagram.com\\\/smartcherry_cl\\\/\",\"https:\\\/\\\/www.youtube.com\\\/channel\\\/UCe007LfgFFnntDgCcqICbPQ\"]},{\"@type\":\"Person\",\"@id\":\"https:\\\/\\\/smartcherry.cl\\\/#\\\/schema\\\/person\\\/604ed44370e96b081064b745ca461407\",\"name\":\"Beatriz Parra\",\"image\":{\"@type\":\"ImageObject\",\"inLanguage\":\"en-US\",\"@id\":\"https:\\\/\\\/smartcherry.cl\\\/wp-content\\\/uploads\\\/2025\\\/01\\\/POST-96x96.png\",\"url\":\"https:\\\/\\\/smartcherry.cl\\\/wp-content\\\/uploads\\\/2025\\\/01\\\/POST-96x96.png\",\"contentUrl\":\"https:\\\/\\\/smartcherry.cl\\\/wp-content\\\/uploads\\\/2025\\\/01\\\/POST-96x96.png\",\"caption\":\"Beatriz Parra\"},\"url\":\"https:\\\/\\\/smartcherry.cl\\\/en\\\/author\\\/bparra\\\/\"}]}<\/script>\n<!-- \/ Yoast SEO Premium plugin. -->","yoast_head_json":{"title":"Chile y Argentina profundizan acuerdo comercial - Smartcherry","description":"Chile y Argentina avanzan en una nueva etapa de profundizaci\u00f3n de sus relaciones econ\u00f3micas y comerciales, con una agenda que incluye materias especialmente relevantes para el sector agroexportador, como la facilitaci\u00f3n del comercio, las medidas sanitarias y fitosanitarias, los obst\u00e1culos t\u00e9cnicos al intercambio y el desarrollo de cadenas regionales de valor.","robots":{"index":"index","follow":"follow","max-snippet":"max-snippet:-1","max-image-preview":"max-image-preview:large","max-video-preview":"max-video-preview:-1"},"canonical":"https:\/\/smartcherry.cl\/en\/noticias\/chile-y-argentina-profundizan-acuerdo-comercial\/","og_locale":"en_US","og_type":"article","og_title":"Chile y Argentina profundizan acuerdo comercial","og_description":"Chile y Argentina avanzan en una nueva etapa de profundizaci\u00f3n de sus relaciones econ\u00f3micas y comerciales, con una agenda que incluye materias especialmente relevantes para el sector agroexportador, como la facilitaci\u00f3n del comercio, las medidas sanitarias y fitosanitarias, los obst\u00e1culos t\u00e9cnicos al intercambio y el desarrollo de cadenas regionales de valor.","og_url":"https:\/\/smartcherry.cl\/en\/noticias\/chile-y-argentina-profundizan-acuerdo-comercial\/","og_site_name":"Smartcherry","article_publisher":"https:\/\/web.facebook.com\/SmartCherry.cl\/","article_published_time":"2026-09-03T15:28:15+00:00","article_modified_time":"2026-09-03T15:28:17+00:00","og_image":[{"width":1600,"height":807,"url":"https:\/\/smartcherry.cl\/wp-content\/uploads\/2026\/09\/Chile-Argentina-cerezas.jpeg","type":"image\/jpeg"}],"author":"Beatriz Parra","twitter_card":"summary_large_image","twitter_creator":"@SmartCherry_cl","twitter_site":"@SmartCherry_cl","twitter_misc":{"Written by":"Beatriz Parra","Est. reading time":"4 minutes"},"schema":{"@context":"https:\/\/schema.org","@graph":[{"@type":"Article","@id":"https:\/\/smartcherry.cl\/noticias\/chile-y-argentina-profundizan-acuerdo-comercial\/#article","isPartOf":{"@id":"https:\/\/smartcherry.cl\/noticias\/chile-y-argentina-profundizan-acuerdo-comercial\/"},"author":{"name":"Beatriz Parra","@id":"https:\/\/smartcherry.cl\/#\/schema\/person\/604ed44370e96b081064b745ca461407"},"headline":"Chile y Argentina profundizan acuerdo comercial","datePublished":"2026-09-03T15:28:15+00:00","dateModified":"2026-09-03T15:28:17+00:00","mainEntityOfPage":{"@id":"https:\/\/smartcherry.cl\/noticias\/chile-y-argentina-profundizan-acuerdo-comercial\/"},"wordCount":751,"publisher":{"@id":"https:\/\/smartcherry.cl\/#organization"},"image":{"@id":"https:\/\/smartcherry.cl\/noticias\/chile-y-argentina-profundizan-acuerdo-comercial\/#primaryimage"},"thumbnailUrl":"https:\/\/smartcherry.cl\/wp-content\/uploads\/2026\/09\/Chile-Argentina-cerezas.jpeg","keywords":["Argentina","Chile"],"articleSection":["Noticias"],"inLanguage":"en-US"},{"@type":"WebPage","@id":"https:\/\/smartcherry.cl\/noticias\/chile-y-argentina-profundizan-acuerdo-comercial\/","url":"https:\/\/smartcherry.cl\/noticias\/chile-y-argentina-profundizan-acuerdo-comercial\/","name":"Chile y Argentina profundizan acuerdo comercial - Smartcherry","isPartOf":{"@id":"https:\/\/smartcherry.cl\/#website"},"primaryImageOfPage":{"@id":"https:\/\/smartcherry.cl\/noticias\/chile-y-argentina-profundizan-acuerdo-comercial\/#primaryimage"},"image":{"@id":"https:\/\/smartcherry.cl\/noticias\/chile-y-argentina-profundizan-acuerdo-comercial\/#primaryimage"},"thumbnailUrl":"https:\/\/smartcherry.cl\/wp-content\/uploads\/2026\/09\/Chile-Argentina-cerezas.jpeg","datePublished":"2026-09-03T15:28:15+00:00","dateModified":"2026-09-03T15:28:17+00:00","description":"Chile y Argentina avanzan en una nueva etapa de profundizaci\u00f3n de sus relaciones econ\u00f3micas y comerciales, con una agenda que incluye materias especialmente relevantes para el sector agroexportador, como la facilitaci\u00f3n del comercio, las medidas sanitarias y fitosanitarias, los obst\u00e1culos t\u00e9cnicos al intercambio y el desarrollo de cadenas regionales de valor.","breadcrumb":{"@id":"https:\/\/smartcherry.cl\/noticias\/chile-y-argentina-profundizan-acuerdo-comercial\/#breadcrumb"},"inLanguage":"en-US","potentialAction":[{"@type":"ReadAction","target":["https:\/\/smartcherry.cl\/noticias\/chile-y-argentina-profundizan-acuerdo-comercial\/"]}]},{"@type":"ImageObject","inLanguage":"en-US","@id":"https:\/\/smartcherry.cl\/noticias\/chile-y-argentina-profundizan-acuerdo-comercial\/#primaryimage","url":"https:\/\/smartcherry.cl\/wp-content\/uploads\/2026\/09\/Chile-Argentina-cerezas.jpeg","contentUrl":"https:\/\/smartcherry.cl\/wp-content\/uploads\/2026\/09\/Chile-Argentina-cerezas.jpeg","width":1600,"height":807},{"@type":"BreadcrumbList","@id":"https:\/\/smartcherry.cl\/noticias\/chile-y-argentina-profundizan-acuerdo-comercial\/#breadcrumb","itemListElement":[{"@type":"ListItem","position":1,"name":"Home","item":"https:\/\/smartcherry.cl\/"},{"@type":"ListItem","position":2,"name":"Noticias","item":"https:\/\/smartcherry.cl\/category\/noticias\/"},{"@type":"ListItem","position":3,"name":"Chile y Argentina profundizan acuerdo comercial"}]},{"@type":"WebSite","@id":"https:\/\/smartcherry.cl\/#website","url":"https:\/\/smartcherry.cl\/","name":"Smartcherry","description":"Smartcherry Site","publisher":{"@id":"https:\/\/smartcherry.cl\/#organization"},"potentialAction":[{"@type":"SearchAction","target":{"@type":"EntryPoint","urlTemplate":"https:\/\/smartcherry.cl\/?s={search_term_string}"},"query-input":{"@type":"PropertyValueSpecification","valueRequired":true,"valueName":"search_term_string"}}],"inLanguage":"en-US"},{"@type":"Organization","@id":"https:\/\/smartcherry.cl\/#organization","name":"SmartCherry","url":"https:\/\/smartcherry.cl\/","logo":{"@type":"ImageObject","inLanguage":"en-US","@id":"https:\/\/smartcherry.cl\/#\/schema\/logo\/image\/","url":"https:\/\/smartcherry.cl\/wp-content\/uploads\/2022\/02\/logo_smartcherry.png","contentUrl":"https:\/\/smartcherry.cl\/wp-content\/uploads\/2022\/02\/logo_smartcherry.png","width":411,"height":84,"caption":"SmartCherry"},"image":{"@id":"https:\/\/smartcherry.cl\/#\/schema\/logo\/image\/"},"sameAs":["https:\/\/web.facebook.com\/SmartCherry.cl\/","https:\/\/x.com\/SmartCherry_cl","https:\/\/www.linkedin.com\/company\/smartcherry\/","https:\/\/www.instagram.com\/smartcherry_cl\/","https:\/\/www.youtube.com\/channel\/UCe007LfgFFnntDgCcqICbPQ"]},{"@type":"Person","@id":"https:\/\/smartcherry.cl\/#\/schema\/person\/604ed44370e96b081064b745ca461407","name":"Beatriz Parra","image":{"@type":"ImageObject","inLanguage":"en-US","@id":"https:\/\/smartcherry.cl\/wp-content\/uploads\/2025\/01\/POST-96x96.png","url":"https:\/\/smartcherry.cl\/wp-content\/uploads\/2025\/01\/POST-96x96.png","contentUrl":"https:\/\/smartcherry.cl\/wp-content\/uploads\/2025\/01\/POST-96x96.png","caption":"Beatriz Parra"},"url":"https:\/\/smartcherry.cl\/en\/author\/bparra\/"}]}},"_links":{"self":[{"href":"https:\/\/smartcherry.cl\/en\/wp-json\/wp\/v2\/posts\/58401","targetHints":{"allow":["GET"]}}],"collection":[{"href":"https:\/\/smartcherry.cl\/en\/wp-json\/wp\/v2\/posts"}],"about":[{"href":"https:\/\/smartcherry.cl\/en\/wp-json\/wp\/v2\/types\/post"}],"author":[{"embeddable":true,"href":"https:\/\/smartcherry.cl\/en\/wp-json\/wp\/v2\/users\/273"}],"replies":[{"embeddable":true,"href":"https:\/\/smartcherry.cl\/en\/wp-json\/wp\/v2\/comments?post=58401"}],"version-history":[{"count":3,"href":"https:\/\/smartcherry.cl\/en\/wp-json\/wp\/v2\/posts\/58401\/revisions"}],"predecessor-version":[{"id":58405,"href":"https:\/\/smartcherry.cl\/en\/wp-json\/wp\/v2\/posts\/58401\/revisions\/58405"}],"wp:featuredmedia":[{"embeddable":true,"href":"https:\/\/smartcherry.cl\/en\/wp-json\/wp\/v2\/media\/58406"}],"wp:attachment":[{"href":"https:\/\/smartcherry.cl\/en\/wp-json\/wp\/v2\/media?parent=58401"}],"wp:term":[{"taxonomy":"category","embeddable":true,"href":"https:\/\/smartcherry.cl\/en\/wp-json\/wp\/v2\/categories?post=58401"},{"taxonomy":"post_tag","embeddable":true,"href":"https:\/\/smartcherry.cl\/en\/wp-json\/wp\/v2\/tags?post=58401"},{"taxonomy":"category_proveedor","embeddable":true,"href":"https:\/\/smartcherry.cl\/en\/wp-json\/wp\/v2\/category_proveedor?post=58401"},{"taxonomy":"pais","embeddable":true,"href":"https:\/\/smartcherry.cl\/en\/wp-json\/wp\/v2\/pais?post=58401"}],"curies":[{"name":"wp","href":"https:\/\/api.w.org\/{rel}","templated":true}]}}