{"id":58390,"date":"2026-09-03T09:02:02","date_gmt":"2026-09-03T13:02:02","guid":{"rendered":"https:\/\/smartcherry.cl\/?p=58390"},"modified":"2026-09-03T09:02:04","modified_gmt":"2026-09-03T13:02:04","slug":"el-nino-avanza-hacia-un-nivel-extraordinario-trayendo-en-septiembre-posibles-lluvias-en-zona-centro-sur","status":"publish","type":"post","link":"https:\/\/smartcherry.cl\/en\/clima\/el-nino-avanza-hacia-un-nivel-extraordinario-trayendo-en-septiembre-posibles-lluvias-en-zona-centro-sur\/","title":{"rendered":"El Ni\u00f1o avanza hacia un nivel extraordinario trayendo en septiembre posibles lluvias en zona centro-sur"},"content":{"rendered":"<p class=\"wp-block-paragraph\"><strong><em>El agroclimat\u00f3logo afirm\u00f3 que el evento c\u00e1lido present\u00f3 en agosto una magnitud nunca registrada durante el invierno y proyecta una nueva intensificaci\u00f3n durante los pr\u00f3ximos meses. En septiembre, el foco estar\u00e1 en temperaturas que podr\u00edan superar los 25\u00b0C y una eventual ventana de lluvias importantes entre el 14 y 21.<\/em><\/strong><\/p>\n\n\n\n<p class=\"wp-block-paragraph\">This agroclimatological report has two objectives:<\/p>\n\n\n\n<p class=\"wp-block-paragraph\">1.- Proyecciones, para septiembre de 2026, respecto de la evoluci\u00f3n del evento c\u00e1lido El Ni\u00f1o.<\/p>\n\n\n\n<p class=\"wp-block-paragraph\">2.- Ambientes agroclimatol\u00f3gicos que podr\u00edan caracterizar septiembre 2026, a la provincia de\u00a0Curic\u00f3.<\/p>\n\n\n\n<p class=\"wp-block-paragraph\"><strong><em>Proyecciones del evento c\u00e1lido El Ni\u00f1o durante agosto 2026<\/em><\/strong><\/p>\n\n\n\n<figure class=\"wp-block-image aligncenter size-full\"><img fetchpriority=\"high\" decoding=\"async\" width=\"765\" height=\"367\" src=\"https:\/\/smartcherry.cl\/wp-content\/uploads\/2026\/09\/FIGURA-1-2.png\" alt=\"\" class=\"wp-image-58392\" srcset=\"https:\/\/smartcherry.cl\/wp-content\/uploads\/2026\/09\/FIGURA-1-2.png 765w, https:\/\/smartcherry.cl\/wp-content\/uploads\/2026\/09\/FIGURA-1-2-300x144.png 300w, https:\/\/smartcherry.cl\/wp-content\/uploads\/2026\/09\/FIGURA-1-2-18x9.png 18w\" sizes=\"(max-width: 765px) 100vw, 765px\" \/><figcaption class=\"wp-element-caption\"><strong>Figure 1<\/strong><\/figcaption><\/figure>\n\n\n\n<p class=\"wp-block-paragraph\">La figura 1 destaca la evoluci\u00f3n que al mes de agosto esta indicando el actual evento c\u00e1lido El Ni\u00f1o. Se observa, en la l\u00ednea morada una temperatura, en el \u00e1rea 3.4 del oc\u00e9ano Pac\u00edfico ecuatorial central, de 29.5\u00b0 C. Comparada con los otros eventos, de categor\u00edas \u201cextraordinarios\u201d, este valor usualmente se alcanzaba durante noviembre o diciembre.<\/p>\n\n\n\n<p class=\"wp-block-paragraph\">En la evoluci\u00f3n del actual El Ni\u00f1o se est\u00e1 logrando en agosto. Restar\u00edan entre tres a cuatro meses para que esta \u00e1rea mar\u00edtima siga elevando su temperatura; probablemente logre umbrales de 29.8 o 29.9\u00b0 C hacia finales de a\u00f1o. Este calor adicional que est\u00e1 ingresando en la atm\u00f3sfera, puede generar algunos comportamientos pocos habituales tanto de lluvias como de temperaturas, durante septiembre y en la primavera en general.<\/p>\n\n\n\n<p class=\"wp-block-paragraph\">Como se observa en la figura 1 nunca un evento El Ni\u00f1o hab\u00eda alcanzado este grado de magnitud durante el invierno, lo cual explica las intensas lluvias, granizadas y nevadas registradas en Chile centro norte y sur durante julio y agosto.<\/p>\n\n\n\n<p class=\"wp-block-paragraph\">Sabemos que a partir de septiembre las etapas de floraci\u00f3n y maduraci\u00f3n de frutos entra en su fase cr\u00edtica. Es por lo anterior que resulta vital entender, y as\u00ed lo establecen todos los modelos meteorol\u00f3gicos y oceanogr\u00e1ficos europeos, que el actual evento c\u00e1lido El Ni\u00f1o ser\u00e1 el m\u00e1s intenso desde el inicio de los registros de temperatura superficial del mar, en 1950.<\/p>\n\n\n\n<p class=\"wp-block-paragraph\">Como esta situaci\u00f3n seguir\u00e1 evolucionando de \u201cfuerte\u201d en la actualidad a \u201cextraordinario\u201d en los cuatro meses siguientes (con cerca del 80% de probabilidades que as\u00ed sea), analizaremos los probables escenarios que septiembre podr\u00eda presentar.<\/p>\n\n\n\n<p class=\"wp-block-paragraph\"><strong><em>Proyecciones primera quincena septiembre 2026<\/em><\/strong><br>Analizando el modelo europeo ECMWF nos indica que en la quincena del 1 al 13 de septiembre, en la provincia de Curic\u00f3, prevalecer\u00e1n condiciones de cielos nublados a nubosidad parcial. Algunos d\u00edas incluso despejados. Las temperaturas m\u00ednimas podr\u00edan oscilar en rangos de 2\u00b0 a 7\u00b0 C durante las madrugadas. Las m\u00e1ximas se alternar\u00e1n entre 16\u00b0 C; 19\u00b0 C y 24\u00b0 C. Incluso durante el segundo fin se semana podr\u00edan superar los 25\u00b0 C. Lo anterior por el predominio de altas presiones.\u00a0<\/p>\n\n\n\n<p class=\"wp-block-paragraph\">En cuando a precipitaciones, existe una probabilidad de algunos chubascos para el d\u00eda 2 de septiembre, durante el d\u00eda, estimados en rangos de 1 a 2 mil\u00edmetros. El llamado es mantener la vigilancia, pero no se tratar\u00eda, de concretarse, de un evento de riesgo alto.<\/p>\n\n\n\n<p class=\"wp-block-paragraph\"><strong><em>Proyecciones segunda quincena septiembre 2026<\/em><\/strong><\/p>\n\n\n\n<figure class=\"wp-block-image aligncenter size-full\"><img decoding=\"async\" width=\"822\" height=\"518\" src=\"https:\/\/smartcherry.cl\/wp-content\/uploads\/2026\/09\/FIGURA-2-2.png\" alt=\"\" class=\"wp-image-58394\" srcset=\"https:\/\/smartcherry.cl\/wp-content\/uploads\/2026\/09\/FIGURA-2-2.png 822w, https:\/\/smartcherry.cl\/wp-content\/uploads\/2026\/09\/FIGURA-2-2-300x189.png 300w, https:\/\/smartcherry.cl\/wp-content\/uploads\/2026\/09\/FIGURA-2-2-768x484.png 768w, https:\/\/smartcherry.cl\/wp-content\/uploads\/2026\/09\/FIGURA-2-2-18x12.png 18w\" sizes=\"(max-width: 822px) 100vw, 822px\" \/><\/figure>\n\n\n\n<p class=\"wp-block-paragraph\">Seg\u00fan el modelo ECMWF entre el 14 al 21 de septiembre existe la probabilidad de precipitaciones de importancia. A\u00fan no se pueden estimar rangos ni intensidades, pero debieran producirse lluvias en la zona centro sur del pa\u00eds. Por lo anterior se recomienda estar atentos a las evoluciones meteorol\u00f3gicas en la tercera semana de septiembre.<\/p>\n\n\n\n<p class=\"wp-block-paragraph\">A medida que se acerque la fecha se\u00f1alada, se podr\u00e1 tener claridad sobre los montos y d\u00edas que podr\u00edan afectar a la Regi\u00f3n del Maule. Estar atentos a las alertas para mayores detalles sobre esta posibilidad.<\/p>","protected":false},"excerpt":{"rendered":"<p>Patricio Gonz\u00e1lez M.Sc. (Universidad de Chile) Dip. Agroclimatolog\u00eda Universidad de Israel.<\/p>","protected":false},"author":273,"featured_media":51549,"comment_status":"closed","ping_status":"open","sticky":false,"template":"","format":"standard","meta":{"_acf_changed":false,"inline_featured_image":false,"footnotes":""},"categories":[430,35],"tags":[1487,1881,2905],"category_proveedor":[],"pais":[],"class_list":["post-58390","post","type-post","status-publish","format-standard","has-post-thumbnail","hentry","category-clima","category-noticias","tag-patricio-gonzalez","tag-reporte-agroclimatico","tag-septiembre"],"acf":[],"yoast_head":"<!-- This site is optimized with the Yoast SEO Premium plugin v21.3 (Yoast SEO v28.3) - https:\/\/yoast.com\/product\/yoast-seo-premium-wordpress\/ -->\n<title>El Ni\u00f1o avanza hacia un nivel extraordinario trayendo en septiembre posibles lluvias en zona centro-sur - Smartcherry<\/title>\n<meta name=\"description\" content=\"El agroclimat\u00f3logo afirm\u00f3 que el evento c\u00e1lido present\u00f3 en agosto una magnitud nunca registrada durante el invierno y proyecta una nueva intensificaci\u00f3n durante los pr\u00f3ximos meses. En septiembre, el foco estar\u00e1 en temperaturas que podr\u00edan superar los 25\u00b0C y una eventual ventana de lluvias importantes entre el 14 y 21.\" \/>\n<meta name=\"robots\" content=\"index, follow, max-snippet:-1, max-image-preview:large, max-video-preview:-1\" \/>\n<link rel=\"canonical\" href=\"https:\/\/smartcherry.cl\/en\/clima\/el-nino-avanza-hacia-un-nivel-extraordinario-trayendo-en-septiembre-posibles-lluvias-en-zona-centro-sur\/\" \/>\n<meta property=\"og:locale\" content=\"en_US\" \/>\n<meta property=\"og:type\" content=\"article\" \/>\n<meta property=\"og:title\" content=\"El Ni\u00f1o avanza hacia un nivel extraordinario trayendo en septiembre posibles lluvias en zona centro-sur\" \/>\n<meta property=\"og:description\" content=\"El agroclimat\u00f3logo afirm\u00f3 que el evento c\u00e1lido present\u00f3 en agosto una magnitud nunca registrada durante el invierno y proyecta una nueva intensificaci\u00f3n durante los pr\u00f3ximos meses. En septiembre, el foco estar\u00e1 en temperaturas que podr\u00edan superar los 25\u00b0C y una eventual ventana de lluvias importantes entre el 14 y 21.\" \/>\n<meta property=\"og:url\" content=\"https:\/\/smartcherry.cl\/en\/clima\/el-nino-avanza-hacia-un-nivel-extraordinario-trayendo-en-septiembre-posibles-lluvias-en-zona-centro-sur\/\" \/>\n<meta property=\"og:site_name\" content=\"Smartcherry\" \/>\n<meta property=\"article:publisher\" content=\"https:\/\/web.facebook.com\/SmartCherry.cl\/\" \/>\n<meta property=\"article:published_time\" content=\"2026-09-03T13:02:02+00:00\" \/>\n<meta property=\"article:modified_time\" content=\"2026-09-03T13:02:04+00:00\" \/>\n<meta property=\"og:image\" content=\"https:\/\/smartcherry.cl\/wp-content\/uploads\/2025\/12\/Patricio-Gonzalez.jpg\" \/>\n\t<meta property=\"og:image:width\" content=\"1400\" \/>\n\t<meta property=\"og:image:height\" content=\"800\" \/>\n\t<meta property=\"og:image:type\" content=\"image\/jpeg\" \/>\n<meta name=\"author\" content=\"Beatriz Parra\" \/>\n<meta name=\"twitter:card\" content=\"summary_large_image\" \/>\n<meta name=\"twitter:creator\" content=\"@SmartCherry_cl\" \/>\n<meta name=\"twitter:site\" content=\"@SmartCherry_cl\" \/>\n<meta name=\"twitter:label1\" content=\"Written by\" \/>\n\t<meta name=\"twitter:data1\" content=\"Beatriz Parra\" \/>\n\t<meta name=\"twitter:label2\" content=\"Est. reading time\" \/>\n\t<meta name=\"twitter:data2\" content=\"4 minutes\" \/>\n<script type=\"application\/ld+json\" class=\"yoast-schema-graph\">{\"@context\":\"https:\\\/\\\/schema.org\",\"@graph\":[{\"@type\":\"Article\",\"@id\":\"https:\\\/\\\/smartcherry.cl\\\/clima\\\/el-nino-avanza-hacia-un-nivel-extraordinario-trayendo-en-septiembre-posibles-lluvias-en-zona-centro-sur\\\/#article\",\"isPartOf\":{\"@id\":\"https:\\\/\\\/smartcherry.cl\\\/clima\\\/el-nino-avanza-hacia-un-nivel-extraordinario-trayendo-en-septiembre-posibles-lluvias-en-zona-centro-sur\\\/\"},\"author\":{\"name\":\"Beatriz Parra\",\"@id\":\"https:\\\/\\\/smartcherry.cl\\\/#\\\/schema\\\/person\\\/604ed44370e96b081064b745ca461407\"},\"headline\":\"El Ni\u00f1o avanza hacia un nivel extraordinario trayendo en septiembre posibles lluvias en zona centro-sur\",\"datePublished\":\"2026-09-03T13:02:02+00:00\",\"dateModified\":\"2026-09-03T13:02:04+00:00\",\"mainEntityOfPage\":{\"@id\":\"https:\\\/\\\/smartcherry.cl\\\/clima\\\/el-nino-avanza-hacia-un-nivel-extraordinario-trayendo-en-septiembre-posibles-lluvias-en-zona-centro-sur\\\/\"},\"wordCount\":627,\"publisher\":{\"@id\":\"https:\\\/\\\/smartcherry.cl\\\/#organization\"},\"image\":{\"@id\":\"https:\\\/\\\/smartcherry.cl\\\/clima\\\/el-nino-avanza-hacia-un-nivel-extraordinario-trayendo-en-septiembre-posibles-lluvias-en-zona-centro-sur\\\/#primaryimage\"},\"thumbnailUrl\":\"https:\\\/\\\/smartcherry.cl\\\/wp-content\\\/uploads\\\/2025\\\/12\\\/Patricio-Gonzalez.jpg\",\"keywords\":[\"Patricio Gonz\u00e1lez\",\"reporte agroclim\u00e1tico\",\"Septiembre\"],\"articleSection\":[\"Clima\",\"Noticias\"],\"inLanguage\":\"en-US\"},{\"@type\":\"WebPage\",\"@id\":\"https:\\\/\\\/smartcherry.cl\\\/clima\\\/el-nino-avanza-hacia-un-nivel-extraordinario-trayendo-en-septiembre-posibles-lluvias-en-zona-centro-sur\\\/\",\"url\":\"https:\\\/\\\/smartcherry.cl\\\/clima\\\/el-nino-avanza-hacia-un-nivel-extraordinario-trayendo-en-septiembre-posibles-lluvias-en-zona-centro-sur\\\/\",\"name\":\"El Ni\u00f1o avanza hacia un nivel extraordinario trayendo en septiembre posibles lluvias en zona centro-sur - Smartcherry\",\"isPartOf\":{\"@id\":\"https:\\\/\\\/smartcherry.cl\\\/#website\"},\"primaryImageOfPage\":{\"@id\":\"https:\\\/\\\/smartcherry.cl\\\/clima\\\/el-nino-avanza-hacia-un-nivel-extraordinario-trayendo-en-septiembre-posibles-lluvias-en-zona-centro-sur\\\/#primaryimage\"},\"image\":{\"@id\":\"https:\\\/\\\/smartcherry.cl\\\/clima\\\/el-nino-avanza-hacia-un-nivel-extraordinario-trayendo-en-septiembre-posibles-lluvias-en-zona-centro-sur\\\/#primaryimage\"},\"thumbnailUrl\":\"https:\\\/\\\/smartcherry.cl\\\/wp-content\\\/uploads\\\/2025\\\/12\\\/Patricio-Gonzalez.jpg\",\"datePublished\":\"2026-09-03T13:02:02+00:00\",\"dateModified\":\"2026-09-03T13:02:04+00:00\",\"description\":\"El agroclimat\u00f3logo afirm\u00f3 que el evento c\u00e1lido present\u00f3 en agosto una magnitud nunca registrada durante el invierno y proyecta una nueva intensificaci\u00f3n durante los pr\u00f3ximos meses. En septiembre, el foco estar\u00e1 en temperaturas que podr\u00edan superar los 25\u00b0C y una eventual ventana de lluvias importantes entre el 14 y 21.\",\"breadcrumb\":{\"@id\":\"https:\\\/\\\/smartcherry.cl\\\/clima\\\/el-nino-avanza-hacia-un-nivel-extraordinario-trayendo-en-septiembre-posibles-lluvias-en-zona-centro-sur\\\/#breadcrumb\"},\"inLanguage\":\"en-US\",\"potentialAction\":[{\"@type\":\"ReadAction\",\"target\":[\"https:\\\/\\\/smartcherry.cl\\\/clima\\\/el-nino-avanza-hacia-un-nivel-extraordinario-trayendo-en-septiembre-posibles-lluvias-en-zona-centro-sur\\\/\"]}]},{\"@type\":\"ImageObject\",\"inLanguage\":\"en-US\",\"@id\":\"https:\\\/\\\/smartcherry.cl\\\/clima\\\/el-nino-avanza-hacia-un-nivel-extraordinario-trayendo-en-septiembre-posibles-lluvias-en-zona-centro-sur\\\/#primaryimage\",\"url\":\"https:\\\/\\\/smartcherry.cl\\\/wp-content\\\/uploads\\\/2025\\\/12\\\/Patricio-Gonzalez.jpg\",\"contentUrl\":\"https:\\\/\\\/smartcherry.cl\\\/wp-content\\\/uploads\\\/2025\\\/12\\\/Patricio-Gonzalez.jpg\",\"width\":1400,\"height\":800},{\"@type\":\"BreadcrumbList\",\"@id\":\"https:\\\/\\\/smartcherry.cl\\\/clima\\\/el-nino-avanza-hacia-un-nivel-extraordinario-trayendo-en-septiembre-posibles-lluvias-en-zona-centro-sur\\\/#breadcrumb\",\"itemListElement\":[{\"@type\":\"ListItem\",\"position\":1,\"name\":\"Home\",\"item\":\"https:\\\/\\\/smartcherry.cl\\\/\"},{\"@type\":\"ListItem\",\"position\":2,\"name\":\"Clima\",\"item\":\"https:\\\/\\\/smartcherry.cl\\\/category\\\/clima\\\/\"},{\"@type\":\"ListItem\",\"position\":3,\"name\":\"El Ni\u00f1o avanza hacia un nivel extraordinario trayendo en septiembre posibles lluvias en zona centro-sur\"}]},{\"@type\":\"WebSite\",\"@id\":\"https:\\\/\\\/smartcherry.cl\\\/#website\",\"url\":\"https:\\\/\\\/smartcherry.cl\\\/\",\"name\":\"Smartcherry\",\"description\":\"Sitio de Smartcherry\",\"publisher\":{\"@id\":\"https:\\\/\\\/smartcherry.cl\\\/#organization\"},\"potentialAction\":[{\"@type\":\"SearchAction\",\"target\":{\"@type\":\"EntryPoint\",\"urlTemplate\":\"https:\\\/\\\/smartcherry.cl\\\/?s={search_term_string}\"},\"query-input\":{\"@type\":\"PropertyValueSpecification\",\"valueRequired\":true,\"valueName\":\"search_term_string\"}}],\"inLanguage\":\"en-US\"},{\"@type\":\"Organization\",\"@id\":\"https:\\\/\\\/smartcherry.cl\\\/#organization\",\"name\":\"SmartCherry\",\"url\":\"https:\\\/\\\/smartcherry.cl\\\/\",\"logo\":{\"@type\":\"ImageObject\",\"inLanguage\":\"en-US\",\"@id\":\"https:\\\/\\\/smartcherry.cl\\\/#\\\/schema\\\/logo\\\/image\\\/\",\"url\":\"https:\\\/\\\/smartcherry.cl\\\/wp-content\\\/uploads\\\/2022\\\/02\\\/logo_smartcherry.png\",\"contentUrl\":\"https:\\\/\\\/smartcherry.cl\\\/wp-content\\\/uploads\\\/2022\\\/02\\\/logo_smartcherry.png\",\"width\":411,\"height\":84,\"caption\":\"SmartCherry\"},\"image\":{\"@id\":\"https:\\\/\\\/smartcherry.cl\\\/#\\\/schema\\\/logo\\\/image\\\/\"},\"sameAs\":[\"https:\\\/\\\/web.facebook.com\\\/SmartCherry.cl\\\/\",\"https:\\\/\\\/x.com\\\/SmartCherry_cl\",\"https:\\\/\\\/www.linkedin.com\\\/company\\\/smartcherry\\\/\",\"https:\\\/\\\/www.instagram.com\\\/smartcherry_cl\\\/\",\"https:\\\/\\\/www.youtube.com\\\/channel\\\/UCe007LfgFFnntDgCcqICbPQ\"]},{\"@type\":\"Person\",\"@id\":\"https:\\\/\\\/smartcherry.cl\\\/#\\\/schema\\\/person\\\/604ed44370e96b081064b745ca461407\",\"name\":\"Beatriz Parra\",\"image\":{\"@type\":\"ImageObject\",\"inLanguage\":\"en-US\",\"@id\":\"https:\\\/\\\/smartcherry.cl\\\/wp-content\\\/uploads\\\/2025\\\/01\\\/POST-96x96.png\",\"url\":\"https:\\\/\\\/smartcherry.cl\\\/wp-content\\\/uploads\\\/2025\\\/01\\\/POST-96x96.png\",\"contentUrl\":\"https:\\\/\\\/smartcherry.cl\\\/wp-content\\\/uploads\\\/2025\\\/01\\\/POST-96x96.png\",\"caption\":\"Beatriz Parra\"},\"url\":\"https:\\\/\\\/smartcherry.cl\\\/en\\\/author\\\/bparra\\\/\"}]}<\/script>\n<!-- \/ Yoast SEO Premium plugin. -->","yoast_head_json":{"title":"El Ni\u00f1o avanza hacia un nivel extraordinario trayendo en septiembre posibles lluvias en zona centro-sur - Smartcherry","description":"El agroclimat\u00f3logo afirm\u00f3 que el evento c\u00e1lido present\u00f3 en agosto una magnitud nunca registrada durante el invierno y proyecta una nueva intensificaci\u00f3n durante los pr\u00f3ximos meses. En septiembre, el foco estar\u00e1 en temperaturas que podr\u00edan superar los 25\u00b0C y una eventual ventana de lluvias importantes entre el 14 y 21.","robots":{"index":"index","follow":"follow","max-snippet":"max-snippet:-1","max-image-preview":"max-image-preview:large","max-video-preview":"max-video-preview:-1"},"canonical":"https:\/\/smartcherry.cl\/en\/clima\/el-nino-avanza-hacia-un-nivel-extraordinario-trayendo-en-septiembre-posibles-lluvias-en-zona-centro-sur\/","og_locale":"en_US","og_type":"article","og_title":"El Ni\u00f1o avanza hacia un nivel extraordinario trayendo en septiembre posibles lluvias en zona centro-sur","og_description":"El agroclimat\u00f3logo afirm\u00f3 que el evento c\u00e1lido present\u00f3 en agosto una magnitud nunca registrada durante el invierno y proyecta una nueva intensificaci\u00f3n durante los pr\u00f3ximos meses. En septiembre, el foco estar\u00e1 en temperaturas que podr\u00edan superar los 25\u00b0C y una eventual ventana de lluvias importantes entre el 14 y 21.","og_url":"https:\/\/smartcherry.cl\/en\/clima\/el-nino-avanza-hacia-un-nivel-extraordinario-trayendo-en-septiembre-posibles-lluvias-en-zona-centro-sur\/","og_site_name":"Smartcherry","article_publisher":"https:\/\/web.facebook.com\/SmartCherry.cl\/","article_published_time":"2026-09-03T13:02:02+00:00","article_modified_time":"2026-09-03T13:02:04+00:00","og_image":[{"width":1400,"height":800,"url":"https:\/\/smartcherry.cl\/wp-content\/uploads\/2025\/12\/Patricio-Gonzalez.jpg","type":"image\/jpeg"}],"author":"Beatriz Parra","twitter_card":"summary_large_image","twitter_creator":"@SmartCherry_cl","twitter_site":"@SmartCherry_cl","twitter_misc":{"Written by":"Beatriz Parra","Est. reading time":"4 minutes"},"schema":{"@context":"https:\/\/schema.org","@graph":[{"@type":"Article","@id":"https:\/\/smartcherry.cl\/clima\/el-nino-avanza-hacia-un-nivel-extraordinario-trayendo-en-septiembre-posibles-lluvias-en-zona-centro-sur\/#article","isPartOf":{"@id":"https:\/\/smartcherry.cl\/clima\/el-nino-avanza-hacia-un-nivel-extraordinario-trayendo-en-septiembre-posibles-lluvias-en-zona-centro-sur\/"},"author":{"name":"Beatriz Parra","@id":"https:\/\/smartcherry.cl\/#\/schema\/person\/604ed44370e96b081064b745ca461407"},"headline":"El Ni\u00f1o avanza hacia un nivel extraordinario trayendo en septiembre posibles lluvias en zona centro-sur","datePublished":"2026-09-03T13:02:02+00:00","dateModified":"2026-09-03T13:02:04+00:00","mainEntityOfPage":{"@id":"https:\/\/smartcherry.cl\/clima\/el-nino-avanza-hacia-un-nivel-extraordinario-trayendo-en-septiembre-posibles-lluvias-en-zona-centro-sur\/"},"wordCount":627,"publisher":{"@id":"https:\/\/smartcherry.cl\/#organization"},"image":{"@id":"https:\/\/smartcherry.cl\/clima\/el-nino-avanza-hacia-un-nivel-extraordinario-trayendo-en-septiembre-posibles-lluvias-en-zona-centro-sur\/#primaryimage"},"thumbnailUrl":"https:\/\/smartcherry.cl\/wp-content\/uploads\/2025\/12\/Patricio-Gonzalez.jpg","keywords":["Patricio Gonz\u00e1lez","reporte agroclim\u00e1tico","Septiembre"],"articleSection":["Clima","Noticias"],"inLanguage":"en-US"},{"@type":"WebPage","@id":"https:\/\/smartcherry.cl\/clima\/el-nino-avanza-hacia-un-nivel-extraordinario-trayendo-en-septiembre-posibles-lluvias-en-zona-centro-sur\/","url":"https:\/\/smartcherry.cl\/clima\/el-nino-avanza-hacia-un-nivel-extraordinario-trayendo-en-septiembre-posibles-lluvias-en-zona-centro-sur\/","name":"El Ni\u00f1o avanza hacia un nivel extraordinario trayendo en septiembre posibles lluvias en zona centro-sur - Smartcherry","isPartOf":{"@id":"https:\/\/smartcherry.cl\/#website"},"primaryImageOfPage":{"@id":"https:\/\/smartcherry.cl\/clima\/el-nino-avanza-hacia-un-nivel-extraordinario-trayendo-en-septiembre-posibles-lluvias-en-zona-centro-sur\/#primaryimage"},"image":{"@id":"https:\/\/smartcherry.cl\/clima\/el-nino-avanza-hacia-un-nivel-extraordinario-trayendo-en-septiembre-posibles-lluvias-en-zona-centro-sur\/#primaryimage"},"thumbnailUrl":"https:\/\/smartcherry.cl\/wp-content\/uploads\/2025\/12\/Patricio-Gonzalez.jpg","datePublished":"2026-09-03T13:02:02+00:00","dateModified":"2026-09-03T13:02:04+00:00","description":"El agroclimat\u00f3logo afirm\u00f3 que el evento c\u00e1lido present\u00f3 en agosto una magnitud nunca registrada durante el invierno y proyecta una nueva intensificaci\u00f3n durante los pr\u00f3ximos meses. En septiembre, el foco estar\u00e1 en temperaturas que podr\u00edan superar los 25\u00b0C y una eventual ventana de lluvias importantes entre el 14 y 21.","breadcrumb":{"@id":"https:\/\/smartcherry.cl\/clima\/el-nino-avanza-hacia-un-nivel-extraordinario-trayendo-en-septiembre-posibles-lluvias-en-zona-centro-sur\/#breadcrumb"},"inLanguage":"en-US","potentialAction":[{"@type":"ReadAction","target":["https:\/\/smartcherry.cl\/clima\/el-nino-avanza-hacia-un-nivel-extraordinario-trayendo-en-septiembre-posibles-lluvias-en-zona-centro-sur\/"]}]},{"@type":"ImageObject","inLanguage":"en-US","@id":"https:\/\/smartcherry.cl\/clima\/el-nino-avanza-hacia-un-nivel-extraordinario-trayendo-en-septiembre-posibles-lluvias-en-zona-centro-sur\/#primaryimage","url":"https:\/\/smartcherry.cl\/wp-content\/uploads\/2025\/12\/Patricio-Gonzalez.jpg","contentUrl":"https:\/\/smartcherry.cl\/wp-content\/uploads\/2025\/12\/Patricio-Gonzalez.jpg","width":1400,"height":800},{"@type":"BreadcrumbList","@id":"https:\/\/smartcherry.cl\/clima\/el-nino-avanza-hacia-un-nivel-extraordinario-trayendo-en-septiembre-posibles-lluvias-en-zona-centro-sur\/#breadcrumb","itemListElement":[{"@type":"ListItem","position":1,"name":"Home","item":"https:\/\/smartcherry.cl\/"},{"@type":"ListItem","position":2,"name":"Clima","item":"https:\/\/smartcherry.cl\/category\/clima\/"},{"@type":"ListItem","position":3,"name":"El Ni\u00f1o avanza hacia un nivel extraordinario trayendo en septiembre posibles lluvias en zona centro-sur"}]},{"@type":"WebSite","@id":"https:\/\/smartcherry.cl\/#website","url":"https:\/\/smartcherry.cl\/","name":"Smartcherry","description":"Smartcherry Site","publisher":{"@id":"https:\/\/smartcherry.cl\/#organization"},"potentialAction":[{"@type":"SearchAction","target":{"@type":"EntryPoint","urlTemplate":"https:\/\/smartcherry.cl\/?s={search_term_string}"},"query-input":{"@type":"PropertyValueSpecification","valueRequired":true,"valueName":"search_term_string"}}],"inLanguage":"en-US"},{"@type":"Organization","@id":"https:\/\/smartcherry.cl\/#organization","name":"SmartCherry","url":"https:\/\/smartcherry.cl\/","logo":{"@type":"ImageObject","inLanguage":"en-US","@id":"https:\/\/smartcherry.cl\/#\/schema\/logo\/image\/","url":"https:\/\/smartcherry.cl\/wp-content\/uploads\/2022\/02\/logo_smartcherry.png","contentUrl":"https:\/\/smartcherry.cl\/wp-content\/uploads\/2022\/02\/logo_smartcherry.png","width":411,"height":84,"caption":"SmartCherry"},"image":{"@id":"https:\/\/smartcherry.cl\/#\/schema\/logo\/image\/"},"sameAs":["https:\/\/web.facebook.com\/SmartCherry.cl\/","https:\/\/x.com\/SmartCherry_cl","https:\/\/www.linkedin.com\/company\/smartcherry\/","https:\/\/www.instagram.com\/smartcherry_cl\/","https:\/\/www.youtube.com\/channel\/UCe007LfgFFnntDgCcqICbPQ"]},{"@type":"Person","@id":"https:\/\/smartcherry.cl\/#\/schema\/person\/604ed44370e96b081064b745ca461407","name":"Beatriz Parra","image":{"@type":"ImageObject","inLanguage":"en-US","@id":"https:\/\/smartcherry.cl\/wp-content\/uploads\/2025\/01\/POST-96x96.png","url":"https:\/\/smartcherry.cl\/wp-content\/uploads\/2025\/01\/POST-96x96.png","contentUrl":"https:\/\/smartcherry.cl\/wp-content\/uploads\/2025\/01\/POST-96x96.png","caption":"Beatriz Parra"},"url":"https:\/\/smartcherry.cl\/en\/author\/bparra\/"}]}},"_links":{"self":[{"href":"https:\/\/smartcherry.cl\/en\/wp-json\/wp\/v2\/posts\/58390","targetHints":{"allow":["GET"]}}],"collection":[{"href":"https:\/\/smartcherry.cl\/en\/wp-json\/wp\/v2\/posts"}],"about":[{"href":"https:\/\/smartcherry.cl\/en\/wp-json\/wp\/v2\/types\/post"}],"author":[{"embeddable":true,"href":"https:\/\/smartcherry.cl\/en\/wp-json\/wp\/v2\/users\/273"}],"replies":[{"embeddable":true,"href":"https:\/\/smartcherry.cl\/en\/wp-json\/wp\/v2\/comments?post=58390"}],"version-history":[{"count":5,"href":"https:\/\/smartcherry.cl\/en\/wp-json\/wp\/v2\/posts\/58390\/revisions"}],"predecessor-version":[{"id":58397,"href":"https:\/\/smartcherry.cl\/en\/wp-json\/wp\/v2\/posts\/58390\/revisions\/58397"}],"wp:featuredmedia":[{"embeddable":true,"href":"https:\/\/smartcherry.cl\/en\/wp-json\/wp\/v2\/media\/51549"}],"wp:attachment":[{"href":"https:\/\/smartcherry.cl\/en\/wp-json\/wp\/v2\/media?parent=58390"}],"wp:term":[{"taxonomy":"category","embeddable":true,"href":"https:\/\/smartcherry.cl\/en\/wp-json\/wp\/v2\/categories?post=58390"},{"taxonomy":"post_tag","embeddable":true,"href":"https:\/\/smartcherry.cl\/en\/wp-json\/wp\/v2\/tags?post=58390"},{"taxonomy":"category_proveedor","embeddable":true,"href":"https:\/\/smartcherry.cl\/en\/wp-json\/wp\/v2\/category_proveedor?post=58390"},{"taxonomy":"pais","embeddable":true,"href":"https:\/\/smartcherry.cl\/en\/wp-json\/wp\/v2\/pais?post=58390"}],"curies":[{"name":"wp","href":"https:\/\/api.w.org\/{rel}","templated":true}]}}