{"id":58361,"date":"2026-09-02T10:02:12","date_gmt":"2026-09-02T14:02:12","guid":{"rendered":"https:\/\/smartcherry.cl\/?p=58361"},"modified":"2026-09-02T10:02:14","modified_gmt":"2026-09-02T14:02:14","slug":"nuevos-sistemas-frontales-podrian-llegar-a-la-zona-central-entre-el-14-y-21-de-septiembre","status":"publish","type":"post","link":"https:\/\/smartcherry.cl\/en\/noticias\/smartcherry-tv\/nuevos-sistemas-frontales-podrian-llegar-a-la-zona-central-entre-el-14-y-21-de-septiembre\/","title":{"rendered":"Nuevos sistemas frontales podr\u00edan llegar a la zona central entre el 14 y 21 de septiembre"},"content":{"rendered":"<p class=\"wp-block-paragraph\"><strong><em>Un septiembre con dos caras es el que proyecta el agroclimat\u00f3logo Patricio Gonz\u00e1lez para la zona central de Chile. Mientras los primeros 14 d\u00edas del mes estar\u00e1n dominados por condiciones primaverales, con tardes que podr\u00edan alcanzar hasta 24\u00b0C, los modelos europeos probabil\u00edsticos anticipan la posibilidad de sistemas frontales entre el 14 y el 21 de este mes.<\/em><\/strong><\/p>\n\n\n\n<p class=\"wp-block-paragraph\">La advertencia cobra especial relevancia para la fruticultura, considerando que los cerezos se encuentran en una etapa fenol\u00f3gica particularmente sensible, por lo que llam\u00f3 a tener mucha precauci\u00f3n por estos sistemas frontales ya que todav\u00eda no es posible determinar num\u00e9ricamente la magnitud de las eventuales precipitaciones, pero igualmente los modelos muestran se\u00f1ales de lluvias para la zona central.<\/p>\n\n\n\n<p class=\"wp-block-paragraph\">Durante la primera quincena, las temperaturas m\u00ednimas se ubicar\u00edan entre 2\u00b0C y 7\u00b0C, mientras que las m\u00e1ximas oscilar\u00edan generalmente entre 20\u00b0C y 21\u00b0C. Hacia el 11 y 12 de septiembre podr\u00edan alcanzar los 24\u00b0C. El \u00fanico evento de precipitaci\u00f3n previsto para los primeros d\u00edas corresponde a una baja probabilidad de chubascos en la zona de Curic\u00f3 durante el 2 de septiembre, con montos estimados de apenas 1 a 2 mil\u00edmetros.<\/p>\n\n\n\n<p class=\"wp-block-paragraph\">Todo esto ocurre bajo un escenario de El Ni\u00f1o que contin\u00faa sorprendiendo por su intensidad y velocidad de evoluci\u00f3n. El especialista destaca que el Pac\u00edfico Ecuatorial Central registra alrededor de 29,5\u00b0C en el \u00e1rea 3.4, una temperatura que en eventos extraordinarios como 1982, 1997 y 2015 se alcanzaba reci\u00e9n hacia noviembre o diciembre.<\/p>\n\n\n\n<p class=\"wp-block-paragraph\">Ac\u00e1 puedes visualizar el reporte completo.<\/p>\n\n\n\n<figure class=\"wp-block-embed is-type-video is-provider-youtube wp-block-embed-youtube wp-embed-aspect-4-3 wp-has-aspect-ratio\"><div class=\"wp-block-embed__wrapper\">\n<iframe title=\"Nuevos sistemas frontales podr\u00edan llegar a la zona central entre el 14 y 21 de septiembre\" width=\"800\" height=\"600\" src=\"https:\/\/www.youtube.com\/embed\/SIhDMn3Eh74?feature=oembed\" frameborder=\"0\" allow=\"accelerometer; autoplay; clipboard-write; encrypted-media; gyroscope; picture-in-picture; web-share\" referrerpolicy=\"strict-origin-when-cross-origin\" allowfullscreen><\/iframe>\n<\/div><\/figure>","protected":false},"excerpt":{"rendered":"<p>Te invitamos a revisar el informe agroclimatol\u00f3gico en video.<\/p>","protected":false},"author":273,"featured_media":58114,"comment_status":"closed","ping_status":"open","sticky":false,"template":"","format":"standard","meta":{"_acf_changed":false,"inline_featured_image":false,"footnotes":""},"categories":[3353,3577,3693,430],"tags":[1487,1881,2905],"category_proveedor":[],"pais":[],"class_list":["post-58361","post","type-post","status-publish","format-standard","has-post-thumbnail","hentry","category-smartcherry-tv","category-el-clima-en-smartcherry-tv","category-videos","category-clima","tag-patricio-gonzalez","tag-reporte-agroclimatico","tag-septiembre"],"acf":[],"yoast_head":"<!-- This site is optimized with the Yoast SEO Premium plugin v21.3 (Yoast SEO v28.3) - https:\/\/yoast.com\/product\/yoast-seo-premium-wordpress\/ -->\n<title>Nuevos sistemas frontales podr\u00edan llegar a la zona central entre el 14 y 21 de septiembre - Smartcherry<\/title>\n<meta name=\"description\" content=\"Un septiembre con dos caras es el que proyecta el agroclimat\u00f3logo Patricio Gonz\u00e1lez para la zona central de Chile. Mientras los primeros 14 d\u00edas del mes estar\u00e1n dominados por condiciones primaverales, con tardes que podr\u00edan alcanzar hasta 24\u00b0C, los modelos europeos probabil\u00edsticos anticipan la posibilidad de sistemas frontales entre el 14 y el 21 de este mes.\" \/>\n<meta name=\"robots\" content=\"index, follow, max-snippet:-1, max-image-preview:large, max-video-preview:-1\" \/>\n<link rel=\"canonical\" href=\"https:\/\/smartcherry.cl\/en\/noticias\/smartcherry-tv\/nuevos-sistemas-frontales-podrian-llegar-a-la-zona-central-entre-el-14-y-21-de-septiembre\/\" \/>\n<meta property=\"og:locale\" content=\"en_US\" \/>\n<meta property=\"og:type\" content=\"article\" \/>\n<meta property=\"og:title\" content=\"Nuevos sistemas frontales podr\u00edan llegar a la zona central entre el 14 y 21 de septiembre\" \/>\n<meta property=\"og:description\" content=\"Un septiembre con dos caras es el que proyecta el agroclimat\u00f3logo Patricio Gonz\u00e1lez para la zona central de Chile. Mientras los primeros 14 d\u00edas del mes estar\u00e1n dominados por condiciones primaverales, con tardes que podr\u00edan alcanzar hasta 24\u00b0C, los modelos europeos probabil\u00edsticos anticipan la posibilidad de sistemas frontales entre el 14 y el 21 de este mes.\" \/>\n<meta property=\"og:url\" content=\"https:\/\/smartcherry.cl\/en\/noticias\/smartcherry-tv\/nuevos-sistemas-frontales-podrian-llegar-a-la-zona-central-entre-el-14-y-21-de-septiembre\/\" \/>\n<meta property=\"og:site_name\" content=\"Smartcherry\" \/>\n<meta property=\"article:publisher\" content=\"https:\/\/web.facebook.com\/SmartCherry.cl\/\" \/>\n<meta property=\"article:published_time\" content=\"2026-09-02T14:02:12+00:00\" \/>\n<meta property=\"article:modified_time\" content=\"2026-09-02T14:02:14+00:00\" \/>\n<meta property=\"og:image\" content=\"https:\/\/smartcherry.cl\/wp-content\/uploads\/2026\/08\/huerto_invierno_lluvia_agua.jpeg\" \/>\n\t<meta property=\"og:image:width\" content=\"1184\" \/>\n\t<meta property=\"og:image:height\" content=\"896\" \/>\n\t<meta property=\"og:image:type\" content=\"image\/jpeg\" \/>\n<meta name=\"author\" content=\"Beatriz Parra\" \/>\n<meta name=\"twitter:card\" content=\"summary_large_image\" \/>\n<meta name=\"twitter:creator\" content=\"@SmartCherry_cl\" \/>\n<meta name=\"twitter:site\" content=\"@SmartCherry_cl\" \/>\n<meta name=\"twitter:label1\" content=\"Written by\" \/>\n\t<meta name=\"twitter:data1\" content=\"Beatriz Parra\" \/>\n\t<meta name=\"twitter:label2\" content=\"Est. reading time\" \/>\n\t<meta name=\"twitter:data2\" content=\"2 minutes\" \/>\n<script type=\"application\/ld+json\" class=\"yoast-schema-graph\">{\"@context\":\"https:\\\/\\\/schema.org\",\"@graph\":[{\"@type\":\"Article\",\"@id\":\"https:\\\/\\\/smartcherry.cl\\\/noticias\\\/smartcherry-tv\\\/nuevos-sistemas-frontales-podrian-llegar-a-la-zona-central-entre-el-14-y-21-de-septiembre\\\/#article\",\"isPartOf\":{\"@id\":\"https:\\\/\\\/smartcherry.cl\\\/noticias\\\/smartcherry-tv\\\/nuevos-sistemas-frontales-podrian-llegar-a-la-zona-central-entre-el-14-y-21-de-septiembre\\\/\"},\"author\":{\"name\":\"Beatriz Parra\",\"@id\":\"https:\\\/\\\/smartcherry.cl\\\/#\\\/schema\\\/person\\\/604ed44370e96b081064b745ca461407\"},\"headline\":\"Nuevos sistemas frontales podr\u00edan llegar a la zona central entre el 14 y 21 de septiembre\",\"datePublished\":\"2026-09-02T14:02:12+00:00\",\"dateModified\":\"2026-09-02T14:02:14+00:00\",\"mainEntityOfPage\":{\"@id\":\"https:\\\/\\\/smartcherry.cl\\\/noticias\\\/smartcherry-tv\\\/nuevos-sistemas-frontales-podrian-llegar-a-la-zona-central-entre-el-14-y-21-de-septiembre\\\/\"},\"wordCount\":276,\"publisher\":{\"@id\":\"https:\\\/\\\/smartcherry.cl\\\/#organization\"},\"image\":{\"@id\":\"https:\\\/\\\/smartcherry.cl\\\/noticias\\\/smartcherry-tv\\\/nuevos-sistemas-frontales-podrian-llegar-a-la-zona-central-entre-el-14-y-21-de-septiembre\\\/#primaryimage\"},\"thumbnailUrl\":\"https:\\\/\\\/smartcherry.cl\\\/wp-content\\\/uploads\\\/2026\\\/08\\\/huerto_invierno_lluvia_agua.jpeg\",\"keywords\":[\"Patricio Gonz\u00e1lez\",\"reporte agroclim\u00e1tico\",\"Septiembre\"],\"articleSection\":[\"Smartcherry TV\",\"El clima en Smartcherry TV\",\"Videos\",\"Clima\"],\"inLanguage\":\"en-US\"},{\"@type\":\"WebPage\",\"@id\":\"https:\\\/\\\/smartcherry.cl\\\/noticias\\\/smartcherry-tv\\\/nuevos-sistemas-frontales-podrian-llegar-a-la-zona-central-entre-el-14-y-21-de-septiembre\\\/\",\"url\":\"https:\\\/\\\/smartcherry.cl\\\/noticias\\\/smartcherry-tv\\\/nuevos-sistemas-frontales-podrian-llegar-a-la-zona-central-entre-el-14-y-21-de-septiembre\\\/\",\"name\":\"Nuevos sistemas frontales podr\u00edan llegar a la zona central entre el 14 y 21 de septiembre - Smartcherry\",\"isPartOf\":{\"@id\":\"https:\\\/\\\/smartcherry.cl\\\/#website\"},\"primaryImageOfPage\":{\"@id\":\"https:\\\/\\\/smartcherry.cl\\\/noticias\\\/smartcherry-tv\\\/nuevos-sistemas-frontales-podrian-llegar-a-la-zona-central-entre-el-14-y-21-de-septiembre\\\/#primaryimage\"},\"image\":{\"@id\":\"https:\\\/\\\/smartcherry.cl\\\/noticias\\\/smartcherry-tv\\\/nuevos-sistemas-frontales-podrian-llegar-a-la-zona-central-entre-el-14-y-21-de-septiembre\\\/#primaryimage\"},\"thumbnailUrl\":\"https:\\\/\\\/smartcherry.cl\\\/wp-content\\\/uploads\\\/2026\\\/08\\\/huerto_invierno_lluvia_agua.jpeg\",\"datePublished\":\"2026-09-02T14:02:12+00:00\",\"dateModified\":\"2026-09-02T14:02:14+00:00\",\"description\":\"Un septiembre con dos caras es el que proyecta el agroclimat\u00f3logo Patricio Gonz\u00e1lez para la zona central de Chile. Mientras los primeros 14 d\u00edas del mes estar\u00e1n dominados por condiciones primaverales, con tardes que podr\u00edan alcanzar hasta 24\u00b0C, los modelos europeos probabil\u00edsticos anticipan la posibilidad de sistemas frontales entre el 14 y el 21 de este mes.\",\"breadcrumb\":{\"@id\":\"https:\\\/\\\/smartcherry.cl\\\/noticias\\\/smartcherry-tv\\\/nuevos-sistemas-frontales-podrian-llegar-a-la-zona-central-entre-el-14-y-21-de-septiembre\\\/#breadcrumb\"},\"inLanguage\":\"en-US\",\"potentialAction\":[{\"@type\":\"ReadAction\",\"target\":[\"https:\\\/\\\/smartcherry.cl\\\/noticias\\\/smartcherry-tv\\\/nuevos-sistemas-frontales-podrian-llegar-a-la-zona-central-entre-el-14-y-21-de-septiembre\\\/\"]}]},{\"@type\":\"ImageObject\",\"inLanguage\":\"en-US\",\"@id\":\"https:\\\/\\\/smartcherry.cl\\\/noticias\\\/smartcherry-tv\\\/nuevos-sistemas-frontales-podrian-llegar-a-la-zona-central-entre-el-14-y-21-de-septiembre\\\/#primaryimage\",\"url\":\"https:\\\/\\\/smartcherry.cl\\\/wp-content\\\/uploads\\\/2026\\\/08\\\/huerto_invierno_lluvia_agua.jpeg\",\"contentUrl\":\"https:\\\/\\\/smartcherry.cl\\\/wp-content\\\/uploads\\\/2026\\\/08\\\/huerto_invierno_lluvia_agua.jpeg\",\"width\":1184,\"height\":896},{\"@type\":\"BreadcrumbList\",\"@id\":\"https:\\\/\\\/smartcherry.cl\\\/noticias\\\/smartcherry-tv\\\/nuevos-sistemas-frontales-podrian-llegar-a-la-zona-central-entre-el-14-y-21-de-septiembre\\\/#breadcrumb\",\"itemListElement\":[{\"@type\":\"ListItem\",\"position\":1,\"name\":\"Home\",\"item\":\"https:\\\/\\\/smartcherry.cl\\\/\"},{\"@type\":\"ListItem\",\"position\":2,\"name\":\"Noticias\",\"item\":\"https:\\\/\\\/smartcherry.cl\\\/category\\\/noticias\\\/\"},{\"@type\":\"ListItem\",\"position\":3,\"name\":\"Smartcherry TV\",\"item\":\"https:\\\/\\\/smartcherry.cl\\\/category\\\/noticias\\\/smartcherry-tv\\\/\"},{\"@type\":\"ListItem\",\"position\":4,\"name\":\"Nuevos sistemas frontales podr\u00edan llegar a la zona central entre el 14 y 21 de septiembre\"}]},{\"@type\":\"WebSite\",\"@id\":\"https:\\\/\\\/smartcherry.cl\\\/#website\",\"url\":\"https:\\\/\\\/smartcherry.cl\\\/\",\"name\":\"Smartcherry\",\"description\":\"Sitio de Smartcherry\",\"publisher\":{\"@id\":\"https:\\\/\\\/smartcherry.cl\\\/#organization\"},\"potentialAction\":[{\"@type\":\"SearchAction\",\"target\":{\"@type\":\"EntryPoint\",\"urlTemplate\":\"https:\\\/\\\/smartcherry.cl\\\/?s={search_term_string}\"},\"query-input\":{\"@type\":\"PropertyValueSpecification\",\"valueRequired\":true,\"valueName\":\"search_term_string\"}}],\"inLanguage\":\"en-US\"},{\"@type\":\"Organization\",\"@id\":\"https:\\\/\\\/smartcherry.cl\\\/#organization\",\"name\":\"SmartCherry\",\"url\":\"https:\\\/\\\/smartcherry.cl\\\/\",\"logo\":{\"@type\":\"ImageObject\",\"inLanguage\":\"en-US\",\"@id\":\"https:\\\/\\\/smartcherry.cl\\\/#\\\/schema\\\/logo\\\/image\\\/\",\"url\":\"https:\\\/\\\/smartcherry.cl\\\/wp-content\\\/uploads\\\/2022\\\/02\\\/logo_smartcherry.png\",\"contentUrl\":\"https:\\\/\\\/smartcherry.cl\\\/wp-content\\\/uploads\\\/2022\\\/02\\\/logo_smartcherry.png\",\"width\":411,\"height\":84,\"caption\":\"SmartCherry\"},\"image\":{\"@id\":\"https:\\\/\\\/smartcherry.cl\\\/#\\\/schema\\\/logo\\\/image\\\/\"},\"sameAs\":[\"https:\\\/\\\/web.facebook.com\\\/SmartCherry.cl\\\/\",\"https:\\\/\\\/x.com\\\/SmartCherry_cl\",\"https:\\\/\\\/www.linkedin.com\\\/company\\\/smartcherry\\\/\",\"https:\\\/\\\/www.instagram.com\\\/smartcherry_cl\\\/\",\"https:\\\/\\\/www.youtube.com\\\/channel\\\/UCe007LfgFFnntDgCcqICbPQ\"]},{\"@type\":\"Person\",\"@id\":\"https:\\\/\\\/smartcherry.cl\\\/#\\\/schema\\\/person\\\/604ed44370e96b081064b745ca461407\",\"name\":\"Beatriz Parra\",\"image\":{\"@type\":\"ImageObject\",\"inLanguage\":\"en-US\",\"@id\":\"https:\\\/\\\/smartcherry.cl\\\/wp-content\\\/uploads\\\/2025\\\/01\\\/POST-96x96.png\",\"url\":\"https:\\\/\\\/smartcherry.cl\\\/wp-content\\\/uploads\\\/2025\\\/01\\\/POST-96x96.png\",\"contentUrl\":\"https:\\\/\\\/smartcherry.cl\\\/wp-content\\\/uploads\\\/2025\\\/01\\\/POST-96x96.png\",\"caption\":\"Beatriz Parra\"},\"url\":\"https:\\\/\\\/smartcherry.cl\\\/en\\\/author\\\/bparra\\\/\"}]}<\/script>\n<!-- \/ Yoast SEO Premium plugin. -->","yoast_head_json":{"title":"Nuevos sistemas frontales podr\u00edan llegar a la zona central entre el 14 y 21 de septiembre - Smartcherry","description":"Un septiembre con dos caras es el que proyecta el agroclimat\u00f3logo Patricio Gonz\u00e1lez para la zona central de Chile. Mientras los primeros 14 d\u00edas del mes estar\u00e1n dominados por condiciones primaverales, con tardes que podr\u00edan alcanzar hasta 24\u00b0C, los modelos europeos probabil\u00edsticos anticipan la posibilidad de sistemas frontales entre el 14 y el 21 de este mes.","robots":{"index":"index","follow":"follow","max-snippet":"max-snippet:-1","max-image-preview":"max-image-preview:large","max-video-preview":"max-video-preview:-1"},"canonical":"https:\/\/smartcherry.cl\/en\/noticias\/smartcherry-tv\/nuevos-sistemas-frontales-podrian-llegar-a-la-zona-central-entre-el-14-y-21-de-septiembre\/","og_locale":"en_US","og_type":"article","og_title":"Nuevos sistemas frontales podr\u00edan llegar a la zona central entre el 14 y 21 de septiembre","og_description":"Un septiembre con dos caras es el que proyecta el agroclimat\u00f3logo Patricio Gonz\u00e1lez para la zona central de Chile. Mientras los primeros 14 d\u00edas del mes estar\u00e1n dominados por condiciones primaverales, con tardes que podr\u00edan alcanzar hasta 24\u00b0C, los modelos europeos probabil\u00edsticos anticipan la posibilidad de sistemas frontales entre el 14 y el 21 de este mes.","og_url":"https:\/\/smartcherry.cl\/en\/noticias\/smartcherry-tv\/nuevos-sistemas-frontales-podrian-llegar-a-la-zona-central-entre-el-14-y-21-de-septiembre\/","og_site_name":"Smartcherry","article_publisher":"https:\/\/web.facebook.com\/SmartCherry.cl\/","article_published_time":"2026-09-02T14:02:12+00:00","article_modified_time":"2026-09-02T14:02:14+00:00","og_image":[{"width":1184,"height":896,"url":"https:\/\/smartcherry.cl\/wp-content\/uploads\/2026\/08\/huerto_invierno_lluvia_agua.jpeg","type":"image\/jpeg"}],"author":"Beatriz Parra","twitter_card":"summary_large_image","twitter_creator":"@SmartCherry_cl","twitter_site":"@SmartCherry_cl","twitter_misc":{"Written by":"Beatriz Parra","Est. reading time":"2 minutes"},"schema":{"@context":"https:\/\/schema.org","@graph":[{"@type":"Article","@id":"https:\/\/smartcherry.cl\/noticias\/smartcherry-tv\/nuevos-sistemas-frontales-podrian-llegar-a-la-zona-central-entre-el-14-y-21-de-septiembre\/#article","isPartOf":{"@id":"https:\/\/smartcherry.cl\/noticias\/smartcherry-tv\/nuevos-sistemas-frontales-podrian-llegar-a-la-zona-central-entre-el-14-y-21-de-septiembre\/"},"author":{"name":"Beatriz Parra","@id":"https:\/\/smartcherry.cl\/#\/schema\/person\/604ed44370e96b081064b745ca461407"},"headline":"Nuevos sistemas frontales podr\u00edan llegar a la zona central entre el 14 y 21 de septiembre","datePublished":"2026-09-02T14:02:12+00:00","dateModified":"2026-09-02T14:02:14+00:00","mainEntityOfPage":{"@id":"https:\/\/smartcherry.cl\/noticias\/smartcherry-tv\/nuevos-sistemas-frontales-podrian-llegar-a-la-zona-central-entre-el-14-y-21-de-septiembre\/"},"wordCount":276,"publisher":{"@id":"https:\/\/smartcherry.cl\/#organization"},"image":{"@id":"https:\/\/smartcherry.cl\/noticias\/smartcherry-tv\/nuevos-sistemas-frontales-podrian-llegar-a-la-zona-central-entre-el-14-y-21-de-septiembre\/#primaryimage"},"thumbnailUrl":"https:\/\/smartcherry.cl\/wp-content\/uploads\/2026\/08\/huerto_invierno_lluvia_agua.jpeg","keywords":["Patricio Gonz\u00e1lez","reporte agroclim\u00e1tico","Septiembre"],"articleSection":["Smartcherry TV","El clima en Smartcherry TV","Videos","Clima"],"inLanguage":"en-US"},{"@type":"WebPage","@id":"https:\/\/smartcherry.cl\/noticias\/smartcherry-tv\/nuevos-sistemas-frontales-podrian-llegar-a-la-zona-central-entre-el-14-y-21-de-septiembre\/","url":"https:\/\/smartcherry.cl\/noticias\/smartcherry-tv\/nuevos-sistemas-frontales-podrian-llegar-a-la-zona-central-entre-el-14-y-21-de-septiembre\/","name":"Nuevos sistemas frontales podr\u00edan llegar a la zona central entre el 14 y 21 de septiembre - Smartcherry","isPartOf":{"@id":"https:\/\/smartcherry.cl\/#website"},"primaryImageOfPage":{"@id":"https:\/\/smartcherry.cl\/noticias\/smartcherry-tv\/nuevos-sistemas-frontales-podrian-llegar-a-la-zona-central-entre-el-14-y-21-de-septiembre\/#primaryimage"},"image":{"@id":"https:\/\/smartcherry.cl\/noticias\/smartcherry-tv\/nuevos-sistemas-frontales-podrian-llegar-a-la-zona-central-entre-el-14-y-21-de-septiembre\/#primaryimage"},"thumbnailUrl":"https:\/\/smartcherry.cl\/wp-content\/uploads\/2026\/08\/huerto_invierno_lluvia_agua.jpeg","datePublished":"2026-09-02T14:02:12+00:00","dateModified":"2026-09-02T14:02:14+00:00","description":"Un septiembre con dos caras es el que proyecta el agroclimat\u00f3logo Patricio Gonz\u00e1lez para la zona central de Chile. Mientras los primeros 14 d\u00edas del mes estar\u00e1n dominados por condiciones primaverales, con tardes que podr\u00edan alcanzar hasta 24\u00b0C, los modelos europeos probabil\u00edsticos anticipan la posibilidad de sistemas frontales entre el 14 y el 21 de este mes.","breadcrumb":{"@id":"https:\/\/smartcherry.cl\/noticias\/smartcherry-tv\/nuevos-sistemas-frontales-podrian-llegar-a-la-zona-central-entre-el-14-y-21-de-septiembre\/#breadcrumb"},"inLanguage":"en-US","potentialAction":[{"@type":"ReadAction","target":["https:\/\/smartcherry.cl\/noticias\/smartcherry-tv\/nuevos-sistemas-frontales-podrian-llegar-a-la-zona-central-entre-el-14-y-21-de-septiembre\/"]}]},{"@type":"ImageObject","inLanguage":"en-US","@id":"https:\/\/smartcherry.cl\/noticias\/smartcherry-tv\/nuevos-sistemas-frontales-podrian-llegar-a-la-zona-central-entre-el-14-y-21-de-septiembre\/#primaryimage","url":"https:\/\/smartcherry.cl\/wp-content\/uploads\/2026\/08\/huerto_invierno_lluvia_agua.jpeg","contentUrl":"https:\/\/smartcherry.cl\/wp-content\/uploads\/2026\/08\/huerto_invierno_lluvia_agua.jpeg","width":1184,"height":896},{"@type":"BreadcrumbList","@id":"https:\/\/smartcherry.cl\/noticias\/smartcherry-tv\/nuevos-sistemas-frontales-podrian-llegar-a-la-zona-central-entre-el-14-y-21-de-septiembre\/#breadcrumb","itemListElement":[{"@type":"ListItem","position":1,"name":"Home","item":"https:\/\/smartcherry.cl\/"},{"@type":"ListItem","position":2,"name":"Noticias","item":"https:\/\/smartcherry.cl\/category\/noticias\/"},{"@type":"ListItem","position":3,"name":"Smartcherry TV","item":"https:\/\/smartcherry.cl\/category\/noticias\/smartcherry-tv\/"},{"@type":"ListItem","position":4,"name":"Nuevos sistemas frontales podr\u00edan llegar a la zona central entre el 14 y 21 de septiembre"}]},{"@type":"WebSite","@id":"https:\/\/smartcherry.cl\/#website","url":"https:\/\/smartcherry.cl\/","name":"Smartcherry","description":"Smartcherry Site","publisher":{"@id":"https:\/\/smartcherry.cl\/#organization"},"potentialAction":[{"@type":"SearchAction","target":{"@type":"EntryPoint","urlTemplate":"https:\/\/smartcherry.cl\/?s={search_term_string}"},"query-input":{"@type":"PropertyValueSpecification","valueRequired":true,"valueName":"search_term_string"}}],"inLanguage":"en-US"},{"@type":"Organization","@id":"https:\/\/smartcherry.cl\/#organization","name":"SmartCherry","url":"https:\/\/smartcherry.cl\/","logo":{"@type":"ImageObject","inLanguage":"en-US","@id":"https:\/\/smartcherry.cl\/#\/schema\/logo\/image\/","url":"https:\/\/smartcherry.cl\/wp-content\/uploads\/2022\/02\/logo_smartcherry.png","contentUrl":"https:\/\/smartcherry.cl\/wp-content\/uploads\/2022\/02\/logo_smartcherry.png","width":411,"height":84,"caption":"SmartCherry"},"image":{"@id":"https:\/\/smartcherry.cl\/#\/schema\/logo\/image\/"},"sameAs":["https:\/\/web.facebook.com\/SmartCherry.cl\/","https:\/\/x.com\/SmartCherry_cl","https:\/\/www.linkedin.com\/company\/smartcherry\/","https:\/\/www.instagram.com\/smartcherry_cl\/","https:\/\/www.youtube.com\/channel\/UCe007LfgFFnntDgCcqICbPQ"]},{"@type":"Person","@id":"https:\/\/smartcherry.cl\/#\/schema\/person\/604ed44370e96b081064b745ca461407","name":"Beatriz Parra","image":{"@type":"ImageObject","inLanguage":"en-US","@id":"https:\/\/smartcherry.cl\/wp-content\/uploads\/2025\/01\/POST-96x96.png","url":"https:\/\/smartcherry.cl\/wp-content\/uploads\/2025\/01\/POST-96x96.png","contentUrl":"https:\/\/smartcherry.cl\/wp-content\/uploads\/2025\/01\/POST-96x96.png","caption":"Beatriz Parra"},"url":"https:\/\/smartcherry.cl\/en\/author\/bparra\/"}]}},"_links":{"self":[{"href":"https:\/\/smartcherry.cl\/en\/wp-json\/wp\/v2\/posts\/58361","targetHints":{"allow":["GET"]}}],"collection":[{"href":"https:\/\/smartcherry.cl\/en\/wp-json\/wp\/v2\/posts"}],"about":[{"href":"https:\/\/smartcherry.cl\/en\/wp-json\/wp\/v2\/types\/post"}],"author":[{"embeddable":true,"href":"https:\/\/smartcherry.cl\/en\/wp-json\/wp\/v2\/users\/273"}],"replies":[{"embeddable":true,"href":"https:\/\/smartcherry.cl\/en\/wp-json\/wp\/v2\/comments?post=58361"}],"version-history":[{"count":3,"href":"https:\/\/smartcherry.cl\/en\/wp-json\/wp\/v2\/posts\/58361\/revisions"}],"predecessor-version":[{"id":58364,"href":"https:\/\/smartcherry.cl\/en\/wp-json\/wp\/v2\/posts\/58361\/revisions\/58364"}],"wp:featuredmedia":[{"embeddable":true,"href":"https:\/\/smartcherry.cl\/en\/wp-json\/wp\/v2\/media\/58114"}],"wp:attachment":[{"href":"https:\/\/smartcherry.cl\/en\/wp-json\/wp\/v2\/media?parent=58361"}],"wp:term":[{"taxonomy":"category","embeddable":true,"href":"https:\/\/smartcherry.cl\/en\/wp-json\/wp\/v2\/categories?post=58361"},{"taxonomy":"post_tag","embeddable":true,"href":"https:\/\/smartcherry.cl\/en\/wp-json\/wp\/v2\/tags?post=58361"},{"taxonomy":"category_proveedor","embeddable":true,"href":"https:\/\/smartcherry.cl\/en\/wp-json\/wp\/v2\/category_proveedor?post=58361"},{"taxonomy":"pais","embeddable":true,"href":"https:\/\/smartcherry.cl\/en\/wp-json\/wp\/v2\/pais?post=58361"}],"curies":[{"name":"wp","href":"https:\/\/api.w.org\/{rel}","templated":true}]}}