{"id":58352,"date":"2026-09-01T12:48:30","date_gmt":"2026-09-01T16:48:30","guid":{"rendered":"https:\/\/smartcherry.cl\/?p=58352"},"modified":"2026-09-01T12:48:34","modified_gmt":"2026-09-01T16:48:34","slug":"el-nino-en-el-radar-que-podria-traer-esta-primavera-para-la-cereza-chilena","status":"publish","type":"post","link":"https:\/\/smartcherry.cl\/en\/bioestimulantes\/el-nino-en-el-radar-que-podria-traer-esta-primavera-para-la-cereza-chilena\/","title":{"rendered":"El Ni\u00f1o en el radar: \u00bfQu\u00e9 podr\u00eda traer esta primavera para la cereza chilena?"},"content":{"rendered":"<p class=\"wp-block-paragraph\">La primavera 2026 se perfila con un escenario de mayor riesgo clim\u00e1tico para las principales zonas productoras de cereza en Chile. Para el trimestre agosto-septiembre-octubre, la Direcci\u00f3n Meteorol\u00f3gica de Chile (DMC) proyecta precipitaciones sobre lo normal desde el sur de Atacama y Coquimbo hasta Los R\u00edos, con acumulados que podr\u00edan superar el percentil 66 de la climatolog\u00eda de referencia. Esta se\u00f1al incluye directamente a O\u2019Higgins, Maule, \u00d1uble y Biob\u00edo, donde se concentra una parte importante de la producci\u00f3n nacional.<sup>1<\/sup><\/p>\n\n\n\n<p class=\"wp-block-paragraph\">Si este escenario se concreta, la ocurrencia de lluvias, alta humedad y per\u00edodos de baja radiaci\u00f3n durante etapas cr\u00edticas como floraci\u00f3n, polinizaci\u00f3n, fecundaci\u00f3n y cuaja puede aumentar el riesgo productivo. Las precipitaciones durante floraci\u00f3n pueden limitar la actividad de los polinizadores y reducir las ventanas efectivas de polinizaci\u00f3n. A ello se suma el riesgo asociado a eventuales episodios de bajas temperaturas por d\u00edas nublados durante la floraci\u00f3n. En cerezo, condiciones fr\u00edas en este per\u00edodo pueden ralentizar la germinaci\u00f3n del polen y el crecimiento del tubo pol\u00ednico, retrasando la llegada de los gametos masculinos al \u00f3vulo y reduciendo las probabilidades de una fecundaci\u00f3n exitosa..<sup>2<\/sup><\/p>\n\n\n\n<p class=\"wp-block-paragraph\">Aqu\u00ed cobra especial importancia el per\u00edodo efectivo de polinizaci\u00f3n (PEP): la ventana real durante la cual una flor puede ser polinizada y fecundada con \u00e9xito. Este per\u00edodo depende, entre otros factores, de la receptividad del estigma, la velocidad de crecimiento del tubo pol\u00ednico y la longevidad del \u00f3vulo. En un estudio se analizo espec\u00edficamente este proceso en cerezos \u2018Kordia\u2019 y \u2018Regina\u2019 en la zona centro-sur de Chile, demostrando la relevancia de la sincronizaci\u00f3n entre polinizaci\u00f3n, crecimiento del tubo pol\u00ednico, viabilidad del \u00f3vulo y condiciones ambientales para lograr una adecuada cuaja.<sup>3<\/sup> En otras palabras, es una verdadera carrera contra el tiempo: cualquier condici\u00f3n que retrase la polinizaci\u00f3n o la fecundaci\u00f3n puede estrechar esta ventana y terminar comprometiendo el potencial productivo del huerto.<sup>2<\/sup><\/p>\n\n\n\n<p class=\"wp-block-paragraph\">Frente a este desaf\u00edo, Kelpak\u00ae ha demostrado ser una herramienta efectiva para favorecer la cuaja y retenci\u00f3n de frutos, temporada tras temporada y en distintas combinaciones de variedades y portainjertos. En un estudio realizado por AVIUM durante la temporada 2024\u20132025, en cerezos \u2018Santina\u2019 sobre \u2018Colt\u2019, evaluamos la posibilidad de flexibilizar el n\u00famero de aplicaciones sin perder el objetivo agron\u00f3mico de mejorar la cuaja y la retenci\u00f3n de frutos.<sup>4<\/sup><\/p>\n\n\n\n<p class=\"wp-block-paragraph\">Kelpak\u00ae se aplic\u00f3 a una concentraci\u00f3n de 0,5% en bot\u00f3n blanco (BBCH 57) y plena flor (BBCH 65). El programa de dos aplicaciones aument\u00f3 la cuaja inicial desde 32,0% en el control hasta 47,4% (+48%) y la cuaja final desde 27,9% hasta 44,1% (+58%). Al mismo tiempo, el aborto disminuy\u00f3 desde 12,6% hasta 7,9% (\u201337%), mostrando que el efecto no se limit\u00f3 a la cuaja inicial, sino que se mantuvo durante la retenci\u00f3n de frutos, tal y como se presente en el Cuadro 1.<sup>4<\/sup><\/p>\n\n\n\n<p class=\"wp-block-paragraph\">Cuadro 1. Efecto de Kelpak\u00ae sobre cuaja inicial, cuaja final y aborto de frutos.<\/p>\n\n\n\n<figure class=\"wp-block-image size-large\"><img fetchpriority=\"high\" decoding=\"async\" width=\"1024\" height=\"212\" src=\"https:\/\/smartcherry.cl\/wp-content\/uploads\/2026\/09\/Captura-de-pantalla-2026-09-01-a-las-12.41.45-p.m-1024x212.png\" alt=\"\" class=\"wp-image-58354\" srcset=\"https:\/\/smartcherry.cl\/wp-content\/uploads\/2026\/09\/Captura-de-pantalla-2026-09-01-a-las-12.41.45-p.m-1024x212.png 1024w, https:\/\/smartcherry.cl\/wp-content\/uploads\/2026\/09\/Captura-de-pantalla-2026-09-01-a-las-12.41.45-p.m-300x62.png 300w, https:\/\/smartcherry.cl\/wp-content\/uploads\/2026\/09\/Captura-de-pantalla-2026-09-01-a-las-12.41.45-p.m-768x159.png 768w, https:\/\/smartcherry.cl\/wp-content\/uploads\/2026\/09\/Captura-de-pantalla-2026-09-01-a-las-12.41.45-p.m-18x4.png 18w, https:\/\/smartcherry.cl\/wp-content\/uploads\/2026\/09\/Captura-de-pantalla-2026-09-01-a-las-12.41.45-p.m.png 1210w\" sizes=\"(max-width: 1024px) 100vw, 1024px\" \/><\/figure>\n\n\n\n<p class=\"wp-block-paragraph\">La respuesta tambi\u00e9n se reflej\u00f3 en la carga y productividad del \u00e1rbol. Al estandarizar la carga por \u00e1rea de secci\u00f3n transversal del tronco (ASTT), el tratamiento aument\u00f3 desde 9,32 hasta 16,15 frutos\/ASTT. Este mayor n\u00famero de frutos retenidos se tradujo finalmente en un 18% m\u00e1s de producci\u00f3n por \u00e1rbol respecto del control.<sup>4<\/sup><\/p>\n\n\n\n<p class=\"wp-block-paragraph\">En una temporada con mayor probabilidad de precipitaciones durante la primavera, las ventanas disponibles para entrar al huerto y realizar aplicaciones pueden reducirse considerablemente. En este contexto, concentrar el programa en momentos fenol\u00f3gicos estrat\u00e9gicos puede entregar mayor flexibilidad operacional al productor, manteniendo un efecto positivo sobre la cuaja y la retenci\u00f3n de frutos.<\/p>\n\n\n\n<p class=\"wp-block-paragraph\"><strong>Estrategia 3x<\/strong><\/p>\n\n\n\n<figure class=\"wp-block-image aligncenter size-full\"><img decoding=\"async\" width=\"709\" height=\"390\" src=\"https:\/\/smartcherry.cl\/wp-content\/uploads\/2026\/09\/image.jpeg\" alt=\"\" class=\"wp-image-58355\" srcset=\"https:\/\/smartcherry.cl\/wp-content\/uploads\/2026\/09\/image.jpeg 709w, https:\/\/smartcherry.cl\/wp-content\/uploads\/2026\/09\/image-300x165.jpeg 300w, https:\/\/smartcherry.cl\/wp-content\/uploads\/2026\/09\/image-18x10.jpeg 18w\" sizes=\"(max-width: 709px) 100vw, 709px\" \/><\/figure>\n\n\n\n<p class=\"wp-block-paragraph\"><strong>Estrategia 2x<\/strong><br><\/p>\n\n\n\n<figure class=\"wp-block-image aligncenter size-full\"><img decoding=\"async\" width=\"520\" height=\"390\" src=\"https:\/\/smartcherry.cl\/wp-content\/uploads\/2026\/09\/image-1.jpeg\" alt=\"\" class=\"wp-image-58356\" srcset=\"https:\/\/smartcherry.cl\/wp-content\/uploads\/2026\/09\/image-1.jpeg 520w, https:\/\/smartcherry.cl\/wp-content\/uploads\/2026\/09\/image-1-300x225.jpeg 300w, https:\/\/smartcherry.cl\/wp-content\/uploads\/2026\/09\/image-1-16x12.jpeg 16w\" sizes=\"(max-width: 520px) 100vw, 520px\" \/><\/figure>\n\n\n\n<p class=\"wp-block-paragraph\"><strong>Estrategia 1x<\/strong><br><\/p>\n\n\n\n<figure class=\"wp-block-image aligncenter size-full\"><img loading=\"lazy\" decoding=\"async\" width=\"292\" height=\"390\" src=\"https:\/\/smartcherry.cl\/wp-content\/uploads\/2026\/09\/image-2.jpeg\" alt=\"\" class=\"wp-image-58357\" srcset=\"https:\/\/smartcherry.cl\/wp-content\/uploads\/2026\/09\/image-2.jpeg 292w, https:\/\/smartcherry.cl\/wp-content\/uploads\/2026\/09\/image-2-225x300.jpeg 225w, https:\/\/smartcherry.cl\/wp-content\/uploads\/2026\/09\/image-2-9x12.jpeg 9w\" sizes=\"(max-width: 292px) 100vw, 292px\" \/><\/figure>\n\n\n\n<p class=\"wp-block-paragraph\">Kelpak\u00ae, con m\u00e1s de 15 a\u00f1os de respaldo en estudios de eficacia independientes en Chile, contin\u00faa demostrando su valor como herramienta para apoyar la productividad y condici\u00f3n del cerezo.<\/p>\n\n\n\n<p class=\"wp-block-paragraph\">Esta temporada, si El Ni\u00f1o toca la puerta, la anticipaci\u00f3n ser\u00e1 clave: protege las ventanas cr\u00edticas de floraci\u00f3n y fortalece tu estrategia de cuaja y retenci\u00f3n de fruta con Kelpak\u00ae.<\/p>\n\n\n\n<p class=\"wp-block-paragraph\"><strong>Fuentes<\/strong><\/p>\n\n\n\n<ul class=\"wp-block-list\">\n<li>Direcci\u00f3n Meteorol\u00f3gica de Chile (DMC). Bolet\u00edn de Tendencias Clim\u00e1ticas: Pron\u00f3stico Estacional para agosto-septiembre-octubre (ASO) 2026. Direcci\u00f3n Meteorol\u00f3gica de Chile, 2026.<\/li>\n<\/ul>\n\n\n\n<ul class=\"wp-block-list\">\n<li>Sagredo, K. \u201cC\u00f3mo mejorar la polinizaci\u00f3n y la cuaja en el cerezo: priorizar un enfoque hol\u00edstico desde la plantaci\u00f3n\u201d. Redagr\u00edcola, 27 de agosto de 2021.<\/li>\n<\/ul>\n\n\n\n<ul class=\"wp-block-list\">\n<li>Sagredo, K.X.; Cassasa, V.; Vera, R.; Carroza, I. \u201cPollination and fruit set for \u2018Kordia\u2019 and \u2018Regina\u2019 sweet cherry trees in the south of Chile\u201d. Acta Horticulturae 1161 (2017): 353\u2013360. DOI: 10.17660\/ActaHortic.2017.1161.57.<\/li>\n<\/ul>\n\n\n\n<ul class=\"wp-block-list\">\n<li>AVIUM. Ensayo de eficacia de Kelpak\u00ae en cerezo \u2018Santina\u2019\/\u2018Colt\u2019, temporada 2024\u20132025. Resultados t\u00e9cnicos proporcionados por Kelp Products.<\/li>\n<\/ul>\n\n\n\n<div class=\"wp-block-buttons is-content-justification-center is-layout-flex wp-container-core-buttons-is-layout-3e41869c wp-block-buttons-is-layout-flex\">\n<div class=\"wp-block-button\"><a class=\"wp-block-button__link has-white-color has-text-color has-link-color wp-element-button\" href=\"https:\/\/smartcherry.cl\/en\/proveedores\/bayer\/\">M\u00e1 sobre Bayer<\/a><\/div>\n<\/div>\n\n\n\n<p class=\"wp-block-paragraph\"><\/p>","protected":false},"excerpt":{"rendered":"<p>La primavera 2026 se perfila con un escenario de mayor riesgo clim\u00e1tico para las principales zonas productoras de cereza en Chile. Para el trimestre agosto-septiembre-octubre, la Direcci\u00f3n Meteorol\u00f3gica de Chile [&hellip;]<\/p>\n","protected":false},"author":274,"featured_media":58358,"comment_status":"closed","ping_status":"open","sticky":false,"template":"","format":"standard","meta":{"_acf_changed":false,"inline_featured_image":false,"footnotes":""},"categories":[4031],"tags":[108,186,1558],"category_proveedor":[],"pais":[],"class_list":["post-58352","post","type-post","status-publish","format-standard","has-post-thumbnail","hentry","category-bioestimulantes","tag-cerezas","tag-bayer","tag-not-prov"],"acf":[],"yoast_head":"<!-- This site is optimized with the Yoast SEO Premium plugin v21.3 (Yoast SEO v28.3) - https:\/\/yoast.com\/product\/yoast-seo-premium-wordpress\/ -->\n<title>El Ni\u00f1o en el radar: \u00bfQu\u00e9 podr\u00eda traer esta primavera para la cereza chilena? - Smartcherry<\/title>\n<meta name=\"robots\" content=\"index, follow, max-snippet:-1, max-image-preview:large, max-video-preview:-1\" \/>\n<link rel=\"canonical\" href=\"https:\/\/smartcherry.cl\/en\/bioestimulantes\/el-nino-en-el-radar-que-podria-traer-esta-primavera-para-la-cereza-chilena\/\" \/>\n<meta property=\"og:locale\" content=\"en_US\" \/>\n<meta property=\"og:type\" content=\"article\" \/>\n<meta property=\"og:title\" content=\"El Ni\u00f1o en el radar: \u00bfQu\u00e9 podr\u00eda traer esta primavera para la cereza chilena?\" \/>\n<meta property=\"og:description\" content=\"La primavera 2026 se perfila con un escenario de mayor riesgo clim\u00e1tico para las principales zonas productoras de cereza en Chile. Para el trimestre agosto-septiembre-octubre, la Direcci\u00f3n Meteorol\u00f3gica de Chile [&hellip;]\" \/>\n<meta property=\"og:url\" content=\"https:\/\/smartcherry.cl\/en\/bioestimulantes\/el-nino-en-el-radar-que-podria-traer-esta-primavera-para-la-cereza-chilena\/\" \/>\n<meta property=\"og:site_name\" content=\"Smartcherry\" \/>\n<meta property=\"article:publisher\" content=\"https:\/\/web.facebook.com\/SmartCherry.cl\/\" \/>\n<meta property=\"article:published_time\" content=\"2026-09-01T16:48:30+00:00\" \/>\n<meta property=\"article:modified_time\" content=\"2026-09-01T16:48:34+00:00\" \/>\n<meta property=\"og:image\" content=\"https:\/\/smartcherry.cl\/wp-content\/uploads\/2026\/09\/WhatsApp-Image-2026-08-26-at-18.55.49.jpeg\" \/>\n\t<meta property=\"og:image:width\" content=\"1080\" \/>\n\t<meta property=\"og:image:height\" content=\"1351\" \/>\n\t<meta property=\"og:image:type\" content=\"image\/jpeg\" \/>\n<meta name=\"author\" content=\"Jorge Rojas\" \/>\n<meta name=\"twitter:card\" content=\"summary_large_image\" \/>\n<meta name=\"twitter:creator\" content=\"@SmartCherry_cl\" \/>\n<meta name=\"twitter:site\" content=\"@SmartCherry_cl\" \/>\n<meta name=\"twitter:label1\" content=\"Written by\" \/>\n\t<meta name=\"twitter:data1\" content=\"Jorge Rojas\" \/>\n\t<meta name=\"twitter:label2\" content=\"Est. reading time\" \/>\n\t<meta name=\"twitter:data2\" content=\"5 minutes\" \/>\n<script type=\"application\/ld+json\" class=\"yoast-schema-graph\">{\"@context\":\"https:\\\/\\\/schema.org\",\"@graph\":[{\"@type\":\"Article\",\"@id\":\"https:\\\/\\\/smartcherry.cl\\\/bioestimulantes\\\/el-nino-en-el-radar-que-podria-traer-esta-primavera-para-la-cereza-chilena\\\/#article\",\"isPartOf\":{\"@id\":\"https:\\\/\\\/smartcherry.cl\\\/bioestimulantes\\\/el-nino-en-el-radar-que-podria-traer-esta-primavera-para-la-cereza-chilena\\\/\"},\"author\":{\"name\":\"Jorge Rojas\",\"@id\":\"https:\\\/\\\/smartcherry.cl\\\/#\\\/schema\\\/person\\\/9aa496f36d86127a7a264fba18e84d30\"},\"headline\":\"El Ni\u00f1o en el radar: \u00bfQu\u00e9 podr\u00eda traer esta primavera para la cereza chilena?\",\"datePublished\":\"2026-09-01T16:48:30+00:00\",\"dateModified\":\"2026-09-01T16:48:34+00:00\",\"mainEntityOfPage\":{\"@id\":\"https:\\\/\\\/smartcherry.cl\\\/bioestimulantes\\\/el-nino-en-el-radar-que-podria-traer-esta-primavera-para-la-cereza-chilena\\\/\"},\"wordCount\":800,\"publisher\":{\"@id\":\"https:\\\/\\\/smartcherry.cl\\\/#organization\"},\"image\":{\"@id\":\"https:\\\/\\\/smartcherry.cl\\\/bioestimulantes\\\/el-nino-en-el-radar-que-podria-traer-esta-primavera-para-la-cereza-chilena\\\/#primaryimage\"},\"thumbnailUrl\":\"https:\\\/\\\/smartcherry.cl\\\/wp-content\\\/uploads\\\/2026\\\/09\\\/WhatsApp-Image-2026-08-26-at-18.55.49.jpeg\",\"keywords\":[\"cerezas\",\"bayer\",\"not-prov\"],\"articleSection\":[\"Bioestimulantes\"],\"inLanguage\":\"en-US\"},{\"@type\":\"WebPage\",\"@id\":\"https:\\\/\\\/smartcherry.cl\\\/bioestimulantes\\\/el-nino-en-el-radar-que-podria-traer-esta-primavera-para-la-cereza-chilena\\\/\",\"url\":\"https:\\\/\\\/smartcherry.cl\\\/bioestimulantes\\\/el-nino-en-el-radar-que-podria-traer-esta-primavera-para-la-cereza-chilena\\\/\",\"name\":\"El Ni\u00f1o en el radar: \u00bfQu\u00e9 podr\u00eda traer esta primavera para la cereza chilena? - Smartcherry\",\"isPartOf\":{\"@id\":\"https:\\\/\\\/smartcherry.cl\\\/#website\"},\"primaryImageOfPage\":{\"@id\":\"https:\\\/\\\/smartcherry.cl\\\/bioestimulantes\\\/el-nino-en-el-radar-que-podria-traer-esta-primavera-para-la-cereza-chilena\\\/#primaryimage\"},\"image\":{\"@id\":\"https:\\\/\\\/smartcherry.cl\\\/bioestimulantes\\\/el-nino-en-el-radar-que-podria-traer-esta-primavera-para-la-cereza-chilena\\\/#primaryimage\"},\"thumbnailUrl\":\"https:\\\/\\\/smartcherry.cl\\\/wp-content\\\/uploads\\\/2026\\\/09\\\/WhatsApp-Image-2026-08-26-at-18.55.49.jpeg\",\"datePublished\":\"2026-09-01T16:48:30+00:00\",\"dateModified\":\"2026-09-01T16:48:34+00:00\",\"breadcrumb\":{\"@id\":\"https:\\\/\\\/smartcherry.cl\\\/bioestimulantes\\\/el-nino-en-el-radar-que-podria-traer-esta-primavera-para-la-cereza-chilena\\\/#breadcrumb\"},\"inLanguage\":\"en-US\",\"potentialAction\":[{\"@type\":\"ReadAction\",\"target\":[\"https:\\\/\\\/smartcherry.cl\\\/bioestimulantes\\\/el-nino-en-el-radar-que-podria-traer-esta-primavera-para-la-cereza-chilena\\\/\"]}]},{\"@type\":\"ImageObject\",\"inLanguage\":\"en-US\",\"@id\":\"https:\\\/\\\/smartcherry.cl\\\/bioestimulantes\\\/el-nino-en-el-radar-que-podria-traer-esta-primavera-para-la-cereza-chilena\\\/#primaryimage\",\"url\":\"https:\\\/\\\/smartcherry.cl\\\/wp-content\\\/uploads\\\/2026\\\/09\\\/WhatsApp-Image-2026-08-26-at-18.55.49.jpeg\",\"contentUrl\":\"https:\\\/\\\/smartcherry.cl\\\/wp-content\\\/uploads\\\/2026\\\/09\\\/WhatsApp-Image-2026-08-26-at-18.55.49.jpeg\",\"width\":1080,\"height\":1351},{\"@type\":\"BreadcrumbList\",\"@id\":\"https:\\\/\\\/smartcherry.cl\\\/bioestimulantes\\\/el-nino-en-el-radar-que-podria-traer-esta-primavera-para-la-cereza-chilena\\\/#breadcrumb\",\"itemListElement\":[{\"@type\":\"ListItem\",\"position\":1,\"name\":\"Home\",\"item\":\"https:\\\/\\\/smartcherry.cl\\\/\"},{\"@type\":\"ListItem\",\"position\":2,\"name\":\"Bioestimulantes\",\"item\":\"https:\\\/\\\/smartcherry.cl\\\/category\\\/bioestimulantes\\\/\"},{\"@type\":\"ListItem\",\"position\":3,\"name\":\"El Ni\u00f1o en el radar: \u00bfQu\u00e9 podr\u00eda traer esta primavera para la cereza chilena?\"}]},{\"@type\":\"WebSite\",\"@id\":\"https:\\\/\\\/smartcherry.cl\\\/#website\",\"url\":\"https:\\\/\\\/smartcherry.cl\\\/\",\"name\":\"Smartcherry\",\"description\":\"Sitio de Smartcherry\",\"publisher\":{\"@id\":\"https:\\\/\\\/smartcherry.cl\\\/#organization\"},\"potentialAction\":[{\"@type\":\"SearchAction\",\"target\":{\"@type\":\"EntryPoint\",\"urlTemplate\":\"https:\\\/\\\/smartcherry.cl\\\/?s={search_term_string}\"},\"query-input\":{\"@type\":\"PropertyValueSpecification\",\"valueRequired\":true,\"valueName\":\"search_term_string\"}}],\"inLanguage\":\"en-US\"},{\"@type\":\"Organization\",\"@id\":\"https:\\\/\\\/smartcherry.cl\\\/#organization\",\"name\":\"SmartCherry\",\"url\":\"https:\\\/\\\/smartcherry.cl\\\/\",\"logo\":{\"@type\":\"ImageObject\",\"inLanguage\":\"en-US\",\"@id\":\"https:\\\/\\\/smartcherry.cl\\\/#\\\/schema\\\/logo\\\/image\\\/\",\"url\":\"https:\\\/\\\/smartcherry.cl\\\/wp-content\\\/uploads\\\/2022\\\/02\\\/logo_smartcherry.png\",\"contentUrl\":\"https:\\\/\\\/smartcherry.cl\\\/wp-content\\\/uploads\\\/2022\\\/02\\\/logo_smartcherry.png\",\"width\":411,\"height\":84,\"caption\":\"SmartCherry\"},\"image\":{\"@id\":\"https:\\\/\\\/smartcherry.cl\\\/#\\\/schema\\\/logo\\\/image\\\/\"},\"sameAs\":[\"https:\\\/\\\/web.facebook.com\\\/SmartCherry.cl\\\/\",\"https:\\\/\\\/x.com\\\/SmartCherry_cl\",\"https:\\\/\\\/www.linkedin.com\\\/company\\\/smartcherry\\\/\",\"https:\\\/\\\/www.instagram.com\\\/smartcherry_cl\\\/\",\"https:\\\/\\\/www.youtube.com\\\/channel\\\/UCe007LfgFFnntDgCcqICbPQ\"]},{\"@type\":\"Person\",\"@id\":\"https:\\\/\\\/smartcherry.cl\\\/#\\\/schema\\\/person\\\/9aa496f36d86127a7a264fba18e84d30\",\"name\":\"Jorge Rojas\",\"image\":{\"@type\":\"ImageObject\",\"inLanguage\":\"en-US\",\"@id\":\"https:\\\/\\\/smartcherry.cl\\\/wp-content\\\/uploads\\\/2025\\\/04\\\/Imagen-de-WhatsApp-2025-04-10-a-las-12.35.04_f4896bb2-96x96.jpg\",\"url\":\"https:\\\/\\\/smartcherry.cl\\\/wp-content\\\/uploads\\\/2025\\\/04\\\/Imagen-de-WhatsApp-2025-04-10-a-las-12.35.04_f4896bb2-96x96.jpg\",\"contentUrl\":\"https:\\\/\\\/smartcherry.cl\\\/wp-content\\\/uploads\\\/2025\\\/04\\\/Imagen-de-WhatsApp-2025-04-10-a-las-12.35.04_f4896bb2-96x96.jpg\",\"caption\":\"Jorge Rojas\"},\"url\":\"https:\\\/\\\/smartcherry.cl\\\/en\\\/author\\\/jrojasmultiply-cl\\\/\"}]}<\/script>\n<!-- \/ Yoast SEO Premium plugin. -->","yoast_head_json":{"title":"El Ni\u00f1o en el radar: \u00bfQu\u00e9 podr\u00eda traer esta primavera para la cereza chilena? - Smartcherry","robots":{"index":"index","follow":"follow","max-snippet":"max-snippet:-1","max-image-preview":"max-image-preview:large","max-video-preview":"max-video-preview:-1"},"canonical":"https:\/\/smartcherry.cl\/en\/bioestimulantes\/el-nino-en-el-radar-que-podria-traer-esta-primavera-para-la-cereza-chilena\/","og_locale":"en_US","og_type":"article","og_title":"El Ni\u00f1o en el radar: \u00bfQu\u00e9 podr\u00eda traer esta primavera para la cereza chilena?","og_description":"La primavera 2026 se perfila con un escenario de mayor riesgo clim\u00e1tico para las principales zonas productoras de cereza en Chile. Para el trimestre agosto-septiembre-octubre, la Direcci\u00f3n Meteorol\u00f3gica de Chile [&hellip;]","og_url":"https:\/\/smartcherry.cl\/en\/bioestimulantes\/el-nino-en-el-radar-que-podria-traer-esta-primavera-para-la-cereza-chilena\/","og_site_name":"Smartcherry","article_publisher":"https:\/\/web.facebook.com\/SmartCherry.cl\/","article_published_time":"2026-09-01T16:48:30+00:00","article_modified_time":"2026-09-01T16:48:34+00:00","og_image":[{"width":1080,"height":1351,"url":"https:\/\/smartcherry.cl\/wp-content\/uploads\/2026\/09\/WhatsApp-Image-2026-08-26-at-18.55.49.jpeg","type":"image\/jpeg"}],"author":"Jorge Rojas","twitter_card":"summary_large_image","twitter_creator":"@SmartCherry_cl","twitter_site":"@SmartCherry_cl","twitter_misc":{"Written by":"Jorge Rojas","Est. reading time":"5 minutes"},"schema":{"@context":"https:\/\/schema.org","@graph":[{"@type":"Article","@id":"https:\/\/smartcherry.cl\/bioestimulantes\/el-nino-en-el-radar-que-podria-traer-esta-primavera-para-la-cereza-chilena\/#article","isPartOf":{"@id":"https:\/\/smartcherry.cl\/bioestimulantes\/el-nino-en-el-radar-que-podria-traer-esta-primavera-para-la-cereza-chilena\/"},"author":{"name":"Jorge Rojas","@id":"https:\/\/smartcherry.cl\/#\/schema\/person\/9aa496f36d86127a7a264fba18e84d30"},"headline":"El Ni\u00f1o en el radar: \u00bfQu\u00e9 podr\u00eda traer esta primavera para la cereza chilena?","datePublished":"2026-09-01T16:48:30+00:00","dateModified":"2026-09-01T16:48:34+00:00","mainEntityOfPage":{"@id":"https:\/\/smartcherry.cl\/bioestimulantes\/el-nino-en-el-radar-que-podria-traer-esta-primavera-para-la-cereza-chilena\/"},"wordCount":800,"publisher":{"@id":"https:\/\/smartcherry.cl\/#organization"},"image":{"@id":"https:\/\/smartcherry.cl\/bioestimulantes\/el-nino-en-el-radar-que-podria-traer-esta-primavera-para-la-cereza-chilena\/#primaryimage"},"thumbnailUrl":"https:\/\/smartcherry.cl\/wp-content\/uploads\/2026\/09\/WhatsApp-Image-2026-08-26-at-18.55.49.jpeg","keywords":["cerezas","bayer","not-prov"],"articleSection":["Bioestimulantes"],"inLanguage":"en-US"},{"@type":"WebPage","@id":"https:\/\/smartcherry.cl\/bioestimulantes\/el-nino-en-el-radar-que-podria-traer-esta-primavera-para-la-cereza-chilena\/","url":"https:\/\/smartcherry.cl\/bioestimulantes\/el-nino-en-el-radar-que-podria-traer-esta-primavera-para-la-cereza-chilena\/","name":"El Ni\u00f1o en el radar: \u00bfQu\u00e9 podr\u00eda traer esta primavera para la cereza chilena? - Smartcherry","isPartOf":{"@id":"https:\/\/smartcherry.cl\/#website"},"primaryImageOfPage":{"@id":"https:\/\/smartcherry.cl\/bioestimulantes\/el-nino-en-el-radar-que-podria-traer-esta-primavera-para-la-cereza-chilena\/#primaryimage"},"image":{"@id":"https:\/\/smartcherry.cl\/bioestimulantes\/el-nino-en-el-radar-que-podria-traer-esta-primavera-para-la-cereza-chilena\/#primaryimage"},"thumbnailUrl":"https:\/\/smartcherry.cl\/wp-content\/uploads\/2026\/09\/WhatsApp-Image-2026-08-26-at-18.55.49.jpeg","datePublished":"2026-09-01T16:48:30+00:00","dateModified":"2026-09-01T16:48:34+00:00","breadcrumb":{"@id":"https:\/\/smartcherry.cl\/bioestimulantes\/el-nino-en-el-radar-que-podria-traer-esta-primavera-para-la-cereza-chilena\/#breadcrumb"},"inLanguage":"en-US","potentialAction":[{"@type":"ReadAction","target":["https:\/\/smartcherry.cl\/bioestimulantes\/el-nino-en-el-radar-que-podria-traer-esta-primavera-para-la-cereza-chilena\/"]}]},{"@type":"ImageObject","inLanguage":"en-US","@id":"https:\/\/smartcherry.cl\/bioestimulantes\/el-nino-en-el-radar-que-podria-traer-esta-primavera-para-la-cereza-chilena\/#primaryimage","url":"https:\/\/smartcherry.cl\/wp-content\/uploads\/2026\/09\/WhatsApp-Image-2026-08-26-at-18.55.49.jpeg","contentUrl":"https:\/\/smartcherry.cl\/wp-content\/uploads\/2026\/09\/WhatsApp-Image-2026-08-26-at-18.55.49.jpeg","width":1080,"height":1351},{"@type":"BreadcrumbList","@id":"https:\/\/smartcherry.cl\/bioestimulantes\/el-nino-en-el-radar-que-podria-traer-esta-primavera-para-la-cereza-chilena\/#breadcrumb","itemListElement":[{"@type":"ListItem","position":1,"name":"Home","item":"https:\/\/smartcherry.cl\/"},{"@type":"ListItem","position":2,"name":"Bioestimulantes","item":"https:\/\/smartcherry.cl\/category\/bioestimulantes\/"},{"@type":"ListItem","position":3,"name":"El Ni\u00f1o en el radar: \u00bfQu\u00e9 podr\u00eda traer esta primavera para la cereza chilena?"}]},{"@type":"WebSite","@id":"https:\/\/smartcherry.cl\/#website","url":"https:\/\/smartcherry.cl\/","name":"Smartcherry","description":"Smartcherry Site","publisher":{"@id":"https:\/\/smartcherry.cl\/#organization"},"potentialAction":[{"@type":"SearchAction","target":{"@type":"EntryPoint","urlTemplate":"https:\/\/smartcherry.cl\/?s={search_term_string}"},"query-input":{"@type":"PropertyValueSpecification","valueRequired":true,"valueName":"search_term_string"}}],"inLanguage":"en-US"},{"@type":"Organization","@id":"https:\/\/smartcherry.cl\/#organization","name":"SmartCherry","url":"https:\/\/smartcherry.cl\/","logo":{"@type":"ImageObject","inLanguage":"en-US","@id":"https:\/\/smartcherry.cl\/#\/schema\/logo\/image\/","url":"https:\/\/smartcherry.cl\/wp-content\/uploads\/2022\/02\/logo_smartcherry.png","contentUrl":"https:\/\/smartcherry.cl\/wp-content\/uploads\/2022\/02\/logo_smartcherry.png","width":411,"height":84,"caption":"SmartCherry"},"image":{"@id":"https:\/\/smartcherry.cl\/#\/schema\/logo\/image\/"},"sameAs":["https:\/\/web.facebook.com\/SmartCherry.cl\/","https:\/\/x.com\/SmartCherry_cl","https:\/\/www.linkedin.com\/company\/smartcherry\/","https:\/\/www.instagram.com\/smartcherry_cl\/","https:\/\/www.youtube.com\/channel\/UCe007LfgFFnntDgCcqICbPQ"]},{"@type":"Person","@id":"https:\/\/smartcherry.cl\/#\/schema\/person\/9aa496f36d86127a7a264fba18e84d30","name":"Jorge Rojas","image":{"@type":"ImageObject","inLanguage":"en-US","@id":"https:\/\/smartcherry.cl\/wp-content\/uploads\/2025\/04\/Imagen-de-WhatsApp-2025-04-10-a-las-12.35.04_f4896bb2-96x96.jpg","url":"https:\/\/smartcherry.cl\/wp-content\/uploads\/2025\/04\/Imagen-de-WhatsApp-2025-04-10-a-las-12.35.04_f4896bb2-96x96.jpg","contentUrl":"https:\/\/smartcherry.cl\/wp-content\/uploads\/2025\/04\/Imagen-de-WhatsApp-2025-04-10-a-las-12.35.04_f4896bb2-96x96.jpg","caption":"Jorge Rojas"},"url":"https:\/\/smartcherry.cl\/en\/author\/jrojasmultiply-cl\/"}]}},"_links":{"self":[{"href":"https:\/\/smartcherry.cl\/en\/wp-json\/wp\/v2\/posts\/58352","targetHints":{"allow":["GET"]}}],"collection":[{"href":"https:\/\/smartcherry.cl\/en\/wp-json\/wp\/v2\/posts"}],"about":[{"href":"https:\/\/smartcherry.cl\/en\/wp-json\/wp\/v2\/types\/post"}],"author":[{"embeddable":true,"href":"https:\/\/smartcherry.cl\/en\/wp-json\/wp\/v2\/users\/274"}],"replies":[{"embeddable":true,"href":"https:\/\/smartcherry.cl\/en\/wp-json\/wp\/v2\/comments?post=58352"}],"version-history":[{"count":1,"href":"https:\/\/smartcherry.cl\/en\/wp-json\/wp\/v2\/posts\/58352\/revisions"}],"predecessor-version":[{"id":58359,"href":"https:\/\/smartcherry.cl\/en\/wp-json\/wp\/v2\/posts\/58352\/revisions\/58359"}],"wp:featuredmedia":[{"embeddable":true,"href":"https:\/\/smartcherry.cl\/en\/wp-json\/wp\/v2\/media\/58358"}],"wp:attachment":[{"href":"https:\/\/smartcherry.cl\/en\/wp-json\/wp\/v2\/media?parent=58352"}],"wp:term":[{"taxonomy":"category","embeddable":true,"href":"https:\/\/smartcherry.cl\/en\/wp-json\/wp\/v2\/categories?post=58352"},{"taxonomy":"post_tag","embeddable":true,"href":"https:\/\/smartcherry.cl\/en\/wp-json\/wp\/v2\/tags?post=58352"},{"taxonomy":"category_proveedor","embeddable":true,"href":"https:\/\/smartcherry.cl\/en\/wp-json\/wp\/v2\/category_proveedor?post=58352"},{"taxonomy":"pais","embeddable":true,"href":"https:\/\/smartcherry.cl\/en\/wp-json\/wp\/v2\/pais?post=58352"}],"curies":[{"name":"wp","href":"https:\/\/api.w.org\/{rel}","templated":true}]}}