{"id":58319,"date":"2026-09-01T07:53:07","date_gmt":"2026-09-01T11:53:07","guid":{"rendered":"https:\/\/smartcherry.cl\/?p=58319"},"modified":"2026-09-01T07:53:46","modified_gmt":"2026-09-01T11:53:46","slug":"cereza-temprana-de-ovalle-se-adelanta-hasta-10-dias-y-proyecta-cosechas-desde-la-primera-quincena-de-octubre","status":"publish","type":"post","link":"https:\/\/smartcherry.cl\/en\/smartcherry-interview\/cereza-temprana-de-ovalle-se-adelanta-hasta-10-dias-y-proyecta-cosechas-desde-la-primera-quincena-de-octubre\/","title":{"rendered":"Cereza de Ovalle se adelanta hasta 10 d\u00edas y proyecta cosechas desde la primera quincena de octubre"},"content":{"rendered":"<p class=\"wp-block-paragraph\"><strong><em>La temporada de cerezas tempranas comienza a tomar forma en Ovalle y las primeras se\u00f1ales apuntan a un escenario de mayor precocidad. As\u00ed lo advirti\u00f3 Jorge Astudillo, quien, tras participar en la quinta versi\u00f3n del Seminario Internacional de Cerezas Primores, entreg\u00f3 una actualizaci\u00f3n sobre el estado actual de la fruta y las expectativas para las pr\u00f3ximas semanas.<\/em><\/strong><\/p>\n\n\n\n<p class=\"wp-block-paragraph\">El dato que marca la pauta es el adelanto fenol\u00f3gico. Seg\u00fan el especialista, las variedades m\u00e1s tempranas ya presentan frutos de entre 4 y 5 mm, cuando de acuerdo con la fenolog\u00eda esperada deber\u00edan encontrarse reci\u00e9n en estados de fruto cuajado. Esto representa, en su evaluaci\u00f3n, un adelanto de entre una semana y 10 d\u00edas respecto de la temporada anterior. <em>\u00abEn comparaci\u00f3n a la temporada anterior, estamos entre una semana a 10 d\u00edas de adelantado\u201d<\/em>, se\u00f1al\u00f3 el asesor, quien proyecta que esta condici\u00f3n podr\u00eda traducirse en un inicio de temporada particularmente temprano.<\/p>\n\n\n\n<p class=\"wp-block-paragraph\">De mantenerse esta evoluci\u00f3n, las primeras novedades podr\u00edan aparecer durante los primeros d\u00edas de octubre. Astudillo estim\u00f3 que algunos sectores con producci\u00f3n bajo invernadero podr\u00edan comenzar a cosechar durante la primera semana de octubre o alrededor del 10 de ese mes, mientras que en los huertos a cielo abierto la ventana se situar\u00eda aproximadamente entre el 15 y 20 de octubre.<\/p>\n\n\n\n<p class=\"wp-block-paragraph\">La anticipaci\u00f3n fenol\u00f3gica se presenta en un escenario donde la industria de Ovalle busca aprovechar de mejor manera su principal ventaja competitiva: la posibilidad de llegar tempranamente a los mercados. Sin embargo, para Astudillo ser temprano ya no es suficiente. La zona debe ser capaz de aprovechar el potencial de cada huerto y ordenar sus salidas de fruta de acuerdo con variedades, condici\u00f3n, fecha de cosecha y posibilidades log\u00edsticas.<\/p>\n\n\n\n<p class=\"wp-block-paragraph\"><em>\u00abLa fruta realmente temprana, la ultra temprana, es la primera semana de la temporada, semana 41, semana 42\u00bb<\/em>, explic\u00f3, agregando que posteriormente cada productor debe evaluar si su fruta tiene las condiciones para viajar por v\u00eda a\u00e9rea o esperar para embarcar por v\u00eda mar\u00edtima.<\/p>\n\n\n\n<p class=\"wp-block-paragraph\">El escenario temprano tambi\u00e9n impone exigencias en materia de calidad. Astudillo enfatiza que la industria no puede volver a concentrar su atenci\u00f3n \u00fanicamente en el calibre, sino que debe abordar la calidad como un concepto integral, considerando s\u00f3lidos solubles, acidez, firmeza y color. <em>\u00abCalidad es algo integral\u00bb<\/em>, afirm\u00f3 el asesor, quien plante\u00f3 que para enfrentar los distintos mercados es necesario conocer sus requerimientos y entender que no toda la fruta puede tener necesariamente el mismo destino.<\/p>\n\n\n\n<p class=\"wp-block-paragraph\">Te invitamos a revisar la entrevista completa.<\/p>\n\n\n\n<figure class=\"wp-block-embed is-type-video is-provider-youtube wp-block-embed-youtube wp-embed-aspect-4-3 wp-has-aspect-ratio\"><div class=\"wp-block-embed__wrapper\">\n<iframe title=\"Cereza de Ovalle se adelanta hasta 10 d\u00edas y proyecta cosechas desde primera quincena de octubre\" width=\"800\" height=\"600\" src=\"https:\/\/www.youtube.com\/embed\/NYMyLCDmvno?feature=oembed\" frameborder=\"0\" allow=\"accelerometer; autoplay; clipboard-write; encrypted-media; gyroscope; picture-in-picture; web-share\" referrerpolicy=\"strict-origin-when-cross-origin\" allowfullscreen><\/iframe>\n<\/div><\/figure>","protected":false},"excerpt":{"rendered":"<p>El productor y asesor de cerezas tempranas Jorge Astudillo anticip\u00f3 una temporada m\u00e1s temprana para la zona, con frutos de 4 a 5 mm en las variedades m\u00e1s precoces y expectativas de iniciar las primeras cosechas desde comienzos de octubre en sectores con invernadero y entre el 15 y 20 de octubre a cielo abierto.<\/p>","protected":false},"author":273,"featured_media":58320,"comment_status":"closed","ping_status":"open","sticky":false,"template":"","format":"standard","meta":{"_acf_changed":false,"inline_featured_image":false,"footnotes":""},"categories":[3461,3693,448],"tags":[2077,2094,2122],"category_proveedor":[],"pais":[],"class_list":["post-58319","post","type-post","status-publish","format-standard","has-post-thumbnail","hentry","category-smartcherry-interview","category-videos","category-comercial","tag-ovalle","tag-jorge-astudillo","tag-seminario-primores"],"acf":[],"yoast_head":"<!-- This site is optimized with the Yoast SEO Premium plugin v21.3 (Yoast SEO v28.3) - https:\/\/yoast.com\/product\/yoast-seo-premium-wordpress\/ -->\n<title>Cereza de Ovalle se adelanta hasta 10 d\u00edas y proyecta cosechas desde la primera quincena de octubre - Smartcherry<\/title>\n<meta name=\"description\" content=\"La temporada de cerezas tempranas comienza a tomar forma en Ovalle y las primeras se\u00f1ales apuntan a un escenario de mayor precocidad. As\u00ed lo advirti\u00f3 Jorge Astudillo, quien, tras participar en la quinta versi\u00f3n del Seminario Internacional de Cerezas Primores, entreg\u00f3 una actualizaci\u00f3n sobre el estado actual de la fruta y las expectativas para las pr\u00f3ximas semanas.\" \/>\n<meta name=\"robots\" content=\"index, follow, max-snippet:-1, max-image-preview:large, max-video-preview:-1\" \/>\n<link rel=\"canonical\" href=\"https:\/\/smartcherry.cl\/en\/smartcherry-interview\/cereza-temprana-de-ovalle-se-adelanta-hasta-10-dias-y-proyecta-cosechas-desde-la-primera-quincena-de-octubre\/\" \/>\n<meta property=\"og:locale\" content=\"en_US\" \/>\n<meta property=\"og:type\" content=\"article\" \/>\n<meta property=\"og:title\" content=\"Cereza de Ovalle se adelanta hasta 10 d\u00edas y proyecta cosechas desde la primera quincena de octubre\" \/>\n<meta property=\"og:description\" content=\"La temporada de cerezas tempranas comienza a tomar forma en Ovalle y las primeras se\u00f1ales apuntan a un escenario de mayor precocidad. As\u00ed lo advirti\u00f3 Jorge Astudillo, quien, tras participar en la quinta versi\u00f3n del Seminario Internacional de Cerezas Primores, entreg\u00f3 una actualizaci\u00f3n sobre el estado actual de la fruta y las expectativas para las pr\u00f3ximas semanas.\" \/>\n<meta property=\"og:url\" content=\"https:\/\/smartcherry.cl\/en\/smartcherry-interview\/cereza-temprana-de-ovalle-se-adelanta-hasta-10-dias-y-proyecta-cosechas-desde-la-primera-quincena-de-octubre\/\" \/>\n<meta property=\"og:site_name\" content=\"Smartcherry\" \/>\n<meta property=\"article:publisher\" content=\"https:\/\/web.facebook.com\/SmartCherry.cl\/\" \/>\n<meta property=\"article:published_time\" content=\"2026-09-01T11:53:07+00:00\" \/>\n<meta property=\"article:modified_time\" content=\"2026-09-01T11:53:46+00:00\" \/>\n<meta property=\"og:image\" content=\"https:\/\/smartcherry.cl\/wp-content\/uploads\/2026\/08\/Huerto-Ovalle.jpg\" \/>\n\t<meta property=\"og:image:width\" content=\"1400\" \/>\n\t<meta property=\"og:image:height\" content=\"800\" \/>\n\t<meta property=\"og:image:type\" content=\"image\/jpeg\" \/>\n<meta name=\"author\" content=\"Beatriz Parra\" \/>\n<meta name=\"twitter:card\" content=\"summary_large_image\" \/>\n<meta name=\"twitter:creator\" content=\"@SmartCherry_cl\" \/>\n<meta name=\"twitter:site\" content=\"@SmartCherry_cl\" \/>\n<meta name=\"twitter:label1\" content=\"Written by\" \/>\n\t<meta name=\"twitter:data1\" content=\"Beatriz Parra\" \/>\n\t<meta name=\"twitter:label2\" content=\"Est. reading time\" \/>\n\t<meta name=\"twitter:data2\" content=\"3 minutes\" \/>\n<script type=\"application\/ld+json\" class=\"yoast-schema-graph\">{\"@context\":\"https:\\\/\\\/schema.org\",\"@graph\":[{\"@type\":\"Article\",\"@id\":\"https:\\\/\\\/smartcherry.cl\\\/smartcherry-interview\\\/cereza-temprana-de-ovalle-se-adelanta-hasta-10-dias-y-proyecta-cosechas-desde-la-primera-quincena-de-octubre\\\/#article\",\"isPartOf\":{\"@id\":\"https:\\\/\\\/smartcherry.cl\\\/smartcherry-interview\\\/cereza-temprana-de-ovalle-se-adelanta-hasta-10-dias-y-proyecta-cosechas-desde-la-primera-quincena-de-octubre\\\/\"},\"author\":{\"name\":\"Beatriz Parra\",\"@id\":\"https:\\\/\\\/smartcherry.cl\\\/#\\\/schema\\\/person\\\/604ed44370e96b081064b745ca461407\"},\"headline\":\"Cereza de Ovalle se adelanta hasta 10 d\u00edas y proyecta cosechas desde la primera quincena de octubre\",\"datePublished\":\"2026-09-01T11:53:07+00:00\",\"dateModified\":\"2026-09-01T11:53:46+00:00\",\"mainEntityOfPage\":{\"@id\":\"https:\\\/\\\/smartcherry.cl\\\/smartcherry-interview\\\/cereza-temprana-de-ovalle-se-adelanta-hasta-10-dias-y-proyecta-cosechas-desde-la-primera-quincena-de-octubre\\\/\"},\"wordCount\":452,\"publisher\":{\"@id\":\"https:\\\/\\\/smartcherry.cl\\\/#organization\"},\"image\":{\"@id\":\"https:\\\/\\\/smartcherry.cl\\\/smartcherry-interview\\\/cereza-temprana-de-ovalle-se-adelanta-hasta-10-dias-y-proyecta-cosechas-desde-la-primera-quincena-de-octubre\\\/#primaryimage\"},\"thumbnailUrl\":\"https:\\\/\\\/smartcherry.cl\\\/wp-content\\\/uploads\\\/2026\\\/08\\\/Huerto-Ovalle.jpg\",\"keywords\":[\"Ovalle\",\"Jorge Astudillo\",\"Seminario Primores\"],\"articleSection\":[\"Smartcherry Interview\",\"Videos\",\"Comercial\"],\"inLanguage\":\"en-US\"},{\"@type\":\"WebPage\",\"@id\":\"https:\\\/\\\/smartcherry.cl\\\/smartcherry-interview\\\/cereza-temprana-de-ovalle-se-adelanta-hasta-10-dias-y-proyecta-cosechas-desde-la-primera-quincena-de-octubre\\\/\",\"url\":\"https:\\\/\\\/smartcherry.cl\\\/smartcherry-interview\\\/cereza-temprana-de-ovalle-se-adelanta-hasta-10-dias-y-proyecta-cosechas-desde-la-primera-quincena-de-octubre\\\/\",\"name\":\"Cereza de Ovalle se adelanta hasta 10 d\u00edas y proyecta cosechas desde la primera quincena de octubre - Smartcherry\",\"isPartOf\":{\"@id\":\"https:\\\/\\\/smartcherry.cl\\\/#website\"},\"primaryImageOfPage\":{\"@id\":\"https:\\\/\\\/smartcherry.cl\\\/smartcherry-interview\\\/cereza-temprana-de-ovalle-se-adelanta-hasta-10-dias-y-proyecta-cosechas-desde-la-primera-quincena-de-octubre\\\/#primaryimage\"},\"image\":{\"@id\":\"https:\\\/\\\/smartcherry.cl\\\/smartcherry-interview\\\/cereza-temprana-de-ovalle-se-adelanta-hasta-10-dias-y-proyecta-cosechas-desde-la-primera-quincena-de-octubre\\\/#primaryimage\"},\"thumbnailUrl\":\"https:\\\/\\\/smartcherry.cl\\\/wp-content\\\/uploads\\\/2026\\\/08\\\/Huerto-Ovalle.jpg\",\"datePublished\":\"2026-09-01T11:53:07+00:00\",\"dateModified\":\"2026-09-01T11:53:46+00:00\",\"description\":\"La temporada de cerezas tempranas comienza a tomar forma en Ovalle y las primeras se\u00f1ales apuntan a un escenario de mayor precocidad. As\u00ed lo advirti\u00f3 Jorge Astudillo, quien, tras participar en la quinta versi\u00f3n del Seminario Internacional de Cerezas Primores, entreg\u00f3 una actualizaci\u00f3n sobre el estado actual de la fruta y las expectativas para las pr\u00f3ximas semanas.\",\"breadcrumb\":{\"@id\":\"https:\\\/\\\/smartcherry.cl\\\/smartcherry-interview\\\/cereza-temprana-de-ovalle-se-adelanta-hasta-10-dias-y-proyecta-cosechas-desde-la-primera-quincena-de-octubre\\\/#breadcrumb\"},\"inLanguage\":\"en-US\",\"potentialAction\":[{\"@type\":\"ReadAction\",\"target\":[\"https:\\\/\\\/smartcherry.cl\\\/smartcherry-interview\\\/cereza-temprana-de-ovalle-se-adelanta-hasta-10-dias-y-proyecta-cosechas-desde-la-primera-quincena-de-octubre\\\/\"]}]},{\"@type\":\"ImageObject\",\"inLanguage\":\"en-US\",\"@id\":\"https:\\\/\\\/smartcherry.cl\\\/smartcherry-interview\\\/cereza-temprana-de-ovalle-se-adelanta-hasta-10-dias-y-proyecta-cosechas-desde-la-primera-quincena-de-octubre\\\/#primaryimage\",\"url\":\"https:\\\/\\\/smartcherry.cl\\\/wp-content\\\/uploads\\\/2026\\\/08\\\/Huerto-Ovalle.jpg\",\"contentUrl\":\"https:\\\/\\\/smartcherry.cl\\\/wp-content\\\/uploads\\\/2026\\\/08\\\/Huerto-Ovalle.jpg\",\"width\":1400,\"height\":800},{\"@type\":\"BreadcrumbList\",\"@id\":\"https:\\\/\\\/smartcherry.cl\\\/smartcherry-interview\\\/cereza-temprana-de-ovalle-se-adelanta-hasta-10-dias-y-proyecta-cosechas-desde-la-primera-quincena-de-octubre\\\/#breadcrumb\",\"itemListElement\":[{\"@type\":\"ListItem\",\"position\":1,\"name\":\"Home\",\"item\":\"https:\\\/\\\/smartcherry.cl\\\/\"},{\"@type\":\"ListItem\",\"position\":2,\"name\":\"Smartcherry Interview\",\"item\":\"https:\\\/\\\/smartcherry.cl\\\/category\\\/smartcherry-interview\\\/\"},{\"@type\":\"ListItem\",\"position\":3,\"name\":\"Cereza de Ovalle se adelanta hasta 10 d\u00edas y proyecta cosechas desde la primera quincena de octubre\"}]},{\"@type\":\"WebSite\",\"@id\":\"https:\\\/\\\/smartcherry.cl\\\/#website\",\"url\":\"https:\\\/\\\/smartcherry.cl\\\/\",\"name\":\"Smartcherry\",\"description\":\"Sitio de Smartcherry\",\"publisher\":{\"@id\":\"https:\\\/\\\/smartcherry.cl\\\/#organization\"},\"potentialAction\":[{\"@type\":\"SearchAction\",\"target\":{\"@type\":\"EntryPoint\",\"urlTemplate\":\"https:\\\/\\\/smartcherry.cl\\\/?s={search_term_string}\"},\"query-input\":{\"@type\":\"PropertyValueSpecification\",\"valueRequired\":true,\"valueName\":\"search_term_string\"}}],\"inLanguage\":\"en-US\"},{\"@type\":\"Organization\",\"@id\":\"https:\\\/\\\/smartcherry.cl\\\/#organization\",\"name\":\"SmartCherry\",\"url\":\"https:\\\/\\\/smartcherry.cl\\\/\",\"logo\":{\"@type\":\"ImageObject\",\"inLanguage\":\"en-US\",\"@id\":\"https:\\\/\\\/smartcherry.cl\\\/#\\\/schema\\\/logo\\\/image\\\/\",\"url\":\"https:\\\/\\\/smartcherry.cl\\\/wp-content\\\/uploads\\\/2022\\\/02\\\/logo_smartcherry.png\",\"contentUrl\":\"https:\\\/\\\/smartcherry.cl\\\/wp-content\\\/uploads\\\/2022\\\/02\\\/logo_smartcherry.png\",\"width\":411,\"height\":84,\"caption\":\"SmartCherry\"},\"image\":{\"@id\":\"https:\\\/\\\/smartcherry.cl\\\/#\\\/schema\\\/logo\\\/image\\\/\"},\"sameAs\":[\"https:\\\/\\\/web.facebook.com\\\/SmartCherry.cl\\\/\",\"https:\\\/\\\/x.com\\\/SmartCherry_cl\",\"https:\\\/\\\/www.linkedin.com\\\/company\\\/smartcherry\\\/\",\"https:\\\/\\\/www.instagram.com\\\/smartcherry_cl\\\/\",\"https:\\\/\\\/www.youtube.com\\\/channel\\\/UCe007LfgFFnntDgCcqICbPQ\"]},{\"@type\":\"Person\",\"@id\":\"https:\\\/\\\/smartcherry.cl\\\/#\\\/schema\\\/person\\\/604ed44370e96b081064b745ca461407\",\"name\":\"Beatriz Parra\",\"image\":{\"@type\":\"ImageObject\",\"inLanguage\":\"en-US\",\"@id\":\"https:\\\/\\\/smartcherry.cl\\\/wp-content\\\/uploads\\\/2025\\\/01\\\/POST-96x96.png\",\"url\":\"https:\\\/\\\/smartcherry.cl\\\/wp-content\\\/uploads\\\/2025\\\/01\\\/POST-96x96.png\",\"contentUrl\":\"https:\\\/\\\/smartcherry.cl\\\/wp-content\\\/uploads\\\/2025\\\/01\\\/POST-96x96.png\",\"caption\":\"Beatriz Parra\"},\"url\":\"https:\\\/\\\/smartcherry.cl\\\/en\\\/author\\\/bparra\\\/\"}]}<\/script>\n<!-- \/ Yoast SEO Premium plugin. -->","yoast_head_json":{"title":"Cereza de Ovalle se adelanta hasta 10 d\u00edas y proyecta cosechas desde la primera quincena de octubre - Smartcherry","description":"La temporada de cerezas tempranas comienza a tomar forma en Ovalle y las primeras se\u00f1ales apuntan a un escenario de mayor precocidad. As\u00ed lo advirti\u00f3 Jorge Astudillo, quien, tras participar en la quinta versi\u00f3n del Seminario Internacional de Cerezas Primores, entreg\u00f3 una actualizaci\u00f3n sobre el estado actual de la fruta y las expectativas para las pr\u00f3ximas semanas.","robots":{"index":"index","follow":"follow","max-snippet":"max-snippet:-1","max-image-preview":"max-image-preview:large","max-video-preview":"max-video-preview:-1"},"canonical":"https:\/\/smartcherry.cl\/en\/smartcherry-interview\/cereza-temprana-de-ovalle-se-adelanta-hasta-10-dias-y-proyecta-cosechas-desde-la-primera-quincena-de-octubre\/","og_locale":"en_US","og_type":"article","og_title":"Cereza de Ovalle se adelanta hasta 10 d\u00edas y proyecta cosechas desde la primera quincena de octubre","og_description":"La temporada de cerezas tempranas comienza a tomar forma en Ovalle y las primeras se\u00f1ales apuntan a un escenario de mayor precocidad. As\u00ed lo advirti\u00f3 Jorge Astudillo, quien, tras participar en la quinta versi\u00f3n del Seminario Internacional de Cerezas Primores, entreg\u00f3 una actualizaci\u00f3n sobre el estado actual de la fruta y las expectativas para las pr\u00f3ximas semanas.","og_url":"https:\/\/smartcherry.cl\/en\/smartcherry-interview\/cereza-temprana-de-ovalle-se-adelanta-hasta-10-dias-y-proyecta-cosechas-desde-la-primera-quincena-de-octubre\/","og_site_name":"Smartcherry","article_publisher":"https:\/\/web.facebook.com\/SmartCherry.cl\/","article_published_time":"2026-09-01T11:53:07+00:00","article_modified_time":"2026-09-01T11:53:46+00:00","og_image":[{"width":1400,"height":800,"url":"https:\/\/smartcherry.cl\/wp-content\/uploads\/2026\/08\/Huerto-Ovalle.jpg","type":"image\/jpeg"}],"author":"Beatriz Parra","twitter_card":"summary_large_image","twitter_creator":"@SmartCherry_cl","twitter_site":"@SmartCherry_cl","twitter_misc":{"Written by":"Beatriz Parra","Est. reading time":"3 minutes"},"schema":{"@context":"https:\/\/schema.org","@graph":[{"@type":"Article","@id":"https:\/\/smartcherry.cl\/smartcherry-interview\/cereza-temprana-de-ovalle-se-adelanta-hasta-10-dias-y-proyecta-cosechas-desde-la-primera-quincena-de-octubre\/#article","isPartOf":{"@id":"https:\/\/smartcherry.cl\/smartcherry-interview\/cereza-temprana-de-ovalle-se-adelanta-hasta-10-dias-y-proyecta-cosechas-desde-la-primera-quincena-de-octubre\/"},"author":{"name":"Beatriz Parra","@id":"https:\/\/smartcherry.cl\/#\/schema\/person\/604ed44370e96b081064b745ca461407"},"headline":"Cereza de Ovalle se adelanta hasta 10 d\u00edas y proyecta cosechas desde la primera quincena de octubre","datePublished":"2026-09-01T11:53:07+00:00","dateModified":"2026-09-01T11:53:46+00:00","mainEntityOfPage":{"@id":"https:\/\/smartcherry.cl\/smartcherry-interview\/cereza-temprana-de-ovalle-se-adelanta-hasta-10-dias-y-proyecta-cosechas-desde-la-primera-quincena-de-octubre\/"},"wordCount":452,"publisher":{"@id":"https:\/\/smartcherry.cl\/#organization"},"image":{"@id":"https:\/\/smartcherry.cl\/smartcherry-interview\/cereza-temprana-de-ovalle-se-adelanta-hasta-10-dias-y-proyecta-cosechas-desde-la-primera-quincena-de-octubre\/#primaryimage"},"thumbnailUrl":"https:\/\/smartcherry.cl\/wp-content\/uploads\/2026\/08\/Huerto-Ovalle.jpg","keywords":["Ovalle","Jorge Astudillo","Seminario Primores"],"articleSection":["Smartcherry Interview","Videos","Comercial"],"inLanguage":"en-US"},{"@type":"WebPage","@id":"https:\/\/smartcherry.cl\/smartcherry-interview\/cereza-temprana-de-ovalle-se-adelanta-hasta-10-dias-y-proyecta-cosechas-desde-la-primera-quincena-de-octubre\/","url":"https:\/\/smartcherry.cl\/smartcherry-interview\/cereza-temprana-de-ovalle-se-adelanta-hasta-10-dias-y-proyecta-cosechas-desde-la-primera-quincena-de-octubre\/","name":"Cereza de Ovalle se adelanta hasta 10 d\u00edas y proyecta cosechas desde la primera quincena de octubre - Smartcherry","isPartOf":{"@id":"https:\/\/smartcherry.cl\/#website"},"primaryImageOfPage":{"@id":"https:\/\/smartcherry.cl\/smartcherry-interview\/cereza-temprana-de-ovalle-se-adelanta-hasta-10-dias-y-proyecta-cosechas-desde-la-primera-quincena-de-octubre\/#primaryimage"},"image":{"@id":"https:\/\/smartcherry.cl\/smartcherry-interview\/cereza-temprana-de-ovalle-se-adelanta-hasta-10-dias-y-proyecta-cosechas-desde-la-primera-quincena-de-octubre\/#primaryimage"},"thumbnailUrl":"https:\/\/smartcherry.cl\/wp-content\/uploads\/2026\/08\/Huerto-Ovalle.jpg","datePublished":"2026-09-01T11:53:07+00:00","dateModified":"2026-09-01T11:53:46+00:00","description":"La temporada de cerezas tempranas comienza a tomar forma en Ovalle y las primeras se\u00f1ales apuntan a un escenario de mayor precocidad. As\u00ed lo advirti\u00f3 Jorge Astudillo, quien, tras participar en la quinta versi\u00f3n del Seminario Internacional de Cerezas Primores, entreg\u00f3 una actualizaci\u00f3n sobre el estado actual de la fruta y las expectativas para las pr\u00f3ximas semanas.","breadcrumb":{"@id":"https:\/\/smartcherry.cl\/smartcherry-interview\/cereza-temprana-de-ovalle-se-adelanta-hasta-10-dias-y-proyecta-cosechas-desde-la-primera-quincena-de-octubre\/#breadcrumb"},"inLanguage":"en-US","potentialAction":[{"@type":"ReadAction","target":["https:\/\/smartcherry.cl\/smartcherry-interview\/cereza-temprana-de-ovalle-se-adelanta-hasta-10-dias-y-proyecta-cosechas-desde-la-primera-quincena-de-octubre\/"]}]},{"@type":"ImageObject","inLanguage":"en-US","@id":"https:\/\/smartcherry.cl\/smartcherry-interview\/cereza-temprana-de-ovalle-se-adelanta-hasta-10-dias-y-proyecta-cosechas-desde-la-primera-quincena-de-octubre\/#primaryimage","url":"https:\/\/smartcherry.cl\/wp-content\/uploads\/2026\/08\/Huerto-Ovalle.jpg","contentUrl":"https:\/\/smartcherry.cl\/wp-content\/uploads\/2026\/08\/Huerto-Ovalle.jpg","width":1400,"height":800},{"@type":"BreadcrumbList","@id":"https:\/\/smartcherry.cl\/smartcherry-interview\/cereza-temprana-de-ovalle-se-adelanta-hasta-10-dias-y-proyecta-cosechas-desde-la-primera-quincena-de-octubre\/#breadcrumb","itemListElement":[{"@type":"ListItem","position":1,"name":"Home","item":"https:\/\/smartcherry.cl\/"},{"@type":"ListItem","position":2,"name":"Smartcherry Interview","item":"https:\/\/smartcherry.cl\/category\/smartcherry-interview\/"},{"@type":"ListItem","position":3,"name":"Cereza de Ovalle se adelanta hasta 10 d\u00edas y proyecta cosechas desde la primera quincena de octubre"}]},{"@type":"WebSite","@id":"https:\/\/smartcherry.cl\/#website","url":"https:\/\/smartcherry.cl\/","name":"Smartcherry","description":"Smartcherry Site","publisher":{"@id":"https:\/\/smartcherry.cl\/#organization"},"potentialAction":[{"@type":"SearchAction","target":{"@type":"EntryPoint","urlTemplate":"https:\/\/smartcherry.cl\/?s={search_term_string}"},"query-input":{"@type":"PropertyValueSpecification","valueRequired":true,"valueName":"search_term_string"}}],"inLanguage":"en-US"},{"@type":"Organization","@id":"https:\/\/smartcherry.cl\/#organization","name":"SmartCherry","url":"https:\/\/smartcherry.cl\/","logo":{"@type":"ImageObject","inLanguage":"en-US","@id":"https:\/\/smartcherry.cl\/#\/schema\/logo\/image\/","url":"https:\/\/smartcherry.cl\/wp-content\/uploads\/2022\/02\/logo_smartcherry.png","contentUrl":"https:\/\/smartcherry.cl\/wp-content\/uploads\/2022\/02\/logo_smartcherry.png","width":411,"height":84,"caption":"SmartCherry"},"image":{"@id":"https:\/\/smartcherry.cl\/#\/schema\/logo\/image\/"},"sameAs":["https:\/\/web.facebook.com\/SmartCherry.cl\/","https:\/\/x.com\/SmartCherry_cl","https:\/\/www.linkedin.com\/company\/smartcherry\/","https:\/\/www.instagram.com\/smartcherry_cl\/","https:\/\/www.youtube.com\/channel\/UCe007LfgFFnntDgCcqICbPQ"]},{"@type":"Person","@id":"https:\/\/smartcherry.cl\/#\/schema\/person\/604ed44370e96b081064b745ca461407","name":"Beatriz Parra","image":{"@type":"ImageObject","inLanguage":"en-US","@id":"https:\/\/smartcherry.cl\/wp-content\/uploads\/2025\/01\/POST-96x96.png","url":"https:\/\/smartcherry.cl\/wp-content\/uploads\/2025\/01\/POST-96x96.png","contentUrl":"https:\/\/smartcherry.cl\/wp-content\/uploads\/2025\/01\/POST-96x96.png","caption":"Beatriz Parra"},"url":"https:\/\/smartcherry.cl\/en\/author\/bparra\/"}]}},"_links":{"self":[{"href":"https:\/\/smartcherry.cl\/en\/wp-json\/wp\/v2\/posts\/58319","targetHints":{"allow":["GET"]}}],"collection":[{"href":"https:\/\/smartcherry.cl\/en\/wp-json\/wp\/v2\/posts"}],"about":[{"href":"https:\/\/smartcherry.cl\/en\/wp-json\/wp\/v2\/types\/post"}],"author":[{"embeddable":true,"href":"https:\/\/smartcherry.cl\/en\/wp-json\/wp\/v2\/users\/273"}],"replies":[{"embeddable":true,"href":"https:\/\/smartcherry.cl\/en\/wp-json\/wp\/v2\/comments?post=58319"}],"version-history":[{"count":5,"href":"https:\/\/smartcherry.cl\/en\/wp-json\/wp\/v2\/posts\/58319\/revisions"}],"predecessor-version":[{"id":58325,"href":"https:\/\/smartcherry.cl\/en\/wp-json\/wp\/v2\/posts\/58319\/revisions\/58325"}],"wp:featuredmedia":[{"embeddable":true,"href":"https:\/\/smartcherry.cl\/en\/wp-json\/wp\/v2\/media\/58320"}],"wp:attachment":[{"href":"https:\/\/smartcherry.cl\/en\/wp-json\/wp\/v2\/media?parent=58319"}],"wp:term":[{"taxonomy":"category","embeddable":true,"href":"https:\/\/smartcherry.cl\/en\/wp-json\/wp\/v2\/categories?post=58319"},{"taxonomy":"post_tag","embeddable":true,"href":"https:\/\/smartcherry.cl\/en\/wp-json\/wp\/v2\/tags?post=58319"},{"taxonomy":"category_proveedor","embeddable":true,"href":"https:\/\/smartcherry.cl\/en\/wp-json\/wp\/v2\/category_proveedor?post=58319"},{"taxonomy":"pais","embeddable":true,"href":"https:\/\/smartcherry.cl\/en\/wp-json\/wp\/v2\/pais?post=58319"}],"curies":[{"name":"wp","href":"https:\/\/api.w.org\/{rel}","templated":true}]}}