{"id":55248,"date":"2026-04-29T10:47:14","date_gmt":"2026-04-29T14:47:14","guid":{"rendered":"https:\/\/smartcherry.cl\/?p=55248"},"modified":"2026-04-29T12:44:53","modified_gmt":"2026-04-29T16:44:53","slug":"plagas-en-cerezos-las-claves-del-control-invernal-que-definen-la-proxima-temporada","status":"publish","type":"post","link":"https:\/\/smartcherry.cl\/en\/opinion-expertos\/plagas-en-cerezos-las-claves-del-control-invernal-que-definen-la-proxima-temporada\/","title":{"rendered":"Plagas en cerezos: Las claves del control invernal que definen la pr\u00f3xima temporada"},"content":{"rendered":"<p><strong><em>El per\u00edodo invernal ofrece una ventana estrat\u00e9gica para el control de plagas en cerezos, siempre que se combine con un monitoreo riguroso. Seg\u00fan explica el ingeniero agr\u00f3nomo y socio fundador del Centro de Entomolog\u00eda Aplicada (BIOCEA), esta etapa permite actuar con mayor eficacia debido a la ausencia de follaje y a la posibilidad de utilizar productos que no siempre son viables en temporada productiva.<\/em><\/strong><\/p>\n\n\n\n<p>Entre las principales amenazas de plagas, \u00e9l destac\u00f3 la escama San Jos\u00e9 y la ara\u00f1ita roja europea, ambas capaces de sobrevivir en la planta durante el invierno. El especialista tambi\u00e9n mencion\u00f3 la relevancia de observar indicadores tempranos en terreno, como ramas debilitadas o la persistencia de hojas secas, signos que pueden anticipar problemas mayores.<\/p>\n\n\n\n<p><strong>\u00bfQu\u00e9 importancia tiene el monitoreo invernal en comparaci\u00f3n con la temporada productiva?<\/strong><br><em>Es absolutamente vital hacer un monitoreo no solamente invernal, sino que tambi\u00e9n durante todo el a\u00f1o, porque el monitoreo va a indicar la presencia no solamente de plagas, sino que tambi\u00e9n de enemigos naturales y por sobre todo va a indicar la eficacia que tienen los tratamientos que se hacen. Es sumamente importante saber realmente c\u00f3mo nos va, c\u00f3mo nos est\u00e1 yendo, qu\u00e9 es lo que tenemos que hacer y cu\u00e1les son los resultados. Una vez que uno detecta problemas, por ejemplo, en el caso de Escama San Jos\u00e9, es importante limitar su desarrollo y ojal\u00e1 disminuirlo a lo m\u00ednimo posible y tambi\u00e9n otras plagas que pueden presentarse especialmente en la \u00e9poca que se nos viene encima, que es la invernal. Ahora, \u00bfpor qu\u00e9 tambi\u00e9n es \u00fatil en esta \u00e9poca el control? Uno, porque no hay hojas y por lo tanto se accede m\u00e1s f\u00e1cilmente a la madera donde se ubican muchas plagas y el hecho de que no est\u00e9n las hojas permite que las aplicaciones sean mejores, cubren mejor la madera. Y segundo, porque en esta \u00e9poca se pueden usar productos que son un poco m\u00e1s complejos en la \u00e9poca en que hay follaje y eso tambi\u00e9n permite variar los productos de tal manera de manejar, por ejemplo, la resistencia o a controlar huevos, etc\u00e9tera. Es importante que las personas que se van a dedicar a monitorear tengan al menos un curso de plagas y sepan c\u00f3mo se monitorea.<\/em><\/p>\n\n\n\n<p><strong>\u00bfQu\u00e9 indicadores tempranos se deben estar observando en esta etapa de oto\u00f1o-invierno para anticipar brotes en primavera de plagas?<\/strong><br><em>Lo que hay que observar aqu\u00ed son, al menos, dos especies de plagas. Una es la escama San Jos\u00e9 y la segunda es la ara\u00f1ita roja europea Panonychus ulmi. Esas dos plagas permanecen en el invierno en la planta y tambi\u00e9n, ocasionalmente, hay eri\u00f3fidos que generan una coloraci\u00f3n plateada en la hoja las plantas que es poco frecuente, pero de todas maneras esa plaga sobrevive dentro de las yemas. Y en los tres casos funcionan bastante bien, por ejemplo, las aplicaciones invernales. Una vez que el \u00e1rbol ha perdido la hoja, se puede aplicar aceite paraf\u00ednico o aceite mineral. Se hacen aplicaciones de \u00e9ste u otros productos y eso controla las tres plagas. Ahora, si tenemos una infestaci\u00f3n m\u00e1s o menos intensa de cualquiera de estas plagas, especialmente la escama San Jos\u00e9, se recomiendan dos aplicaciones, no una sola, con una diferencia de unos 45 d\u00edas entre s\u00ed y eso controla mucho mejor la escama San Jos\u00e9 que una sola aplicaci\u00f3n y pueden ser dos de aceite o una aceite y de otro producto alternado con 45 d\u00edas de diferencia y esto es lo importante, tratando de calcular que la segunda aplicaci\u00f3n coincida con una semana antes que comience la brotaci\u00f3n. Entonces, hay que restar esos 45 d\u00edas para hacer la primera y despu\u00e9s la segunda, 45 d\u00edas despu\u00e9s, una semana antes de la brotaci\u00f3n porque los huevos de ara\u00f1ita roja en ese momento son mucho m\u00e1s sensibles al aceite. A diferencia de otras especies la ara\u00f1ita roja europea pasa el invierno como huevos, en cambio la ara\u00f1ita bimaculada lo hace en las malezas.&nbsp;&nbsp;<\/em><\/p>\n\n\n\n<p><em>Ahora, \u00bfc\u00f3mo detectamos que hay escama? Bueno, muchas veces cuando hay ataque intenso de escama, la gente lo reconoce porque la hay ramas del \u00e1rbol que mueren dado que la escama San Jos\u00e9 cuando se alimenta comienza a da\u00f1ar la ramilla, al inyectar una saliva en el tejido y esa saliva es fitot\u00f3xica, o sea, causa mortalidad donde est\u00e1 aliment\u00e1ndose. Entonces, esas ramas mueren. Otro s\u00edntoma muy cl\u00e1sico de la escama es que las hojas de esa ramilla donde est\u00e1 atacando se secan y en invierno no se caen y de lejos se ven \u00e1rboles que tienen hojas pegadas, el resto se cay\u00f3, pero esas que est\u00e1n pegadas en el \u00e1rbol muestran que ah\u00ed hay escama San Jos\u00e9. Las personas que monitorean deben observar los dardos, ramillas y&nbsp; fruta para detectar la presencia de la plaga.<\/em><\/p>\n\n\n\n<figure class=\"wp-block-image aligncenter size-large\"><img fetchpriority=\"high\" decoding=\"async\" width=\"1024\" height=\"585\" src=\"https:\/\/smartcherry.cl\/wp-content\/uploads\/2026\/04\/Aranita-roja-europea-1-1024x585.jpg\" alt=\"\" class=\"wp-image-55262\" srcset=\"https:\/\/smartcherry.cl\/wp-content\/uploads\/2026\/04\/Aranita-roja-europea-1-1024x585.jpg 1024w, https:\/\/smartcherry.cl\/wp-content\/uploads\/2026\/04\/Aranita-roja-europea-1-300x171.jpg 300w, https:\/\/smartcherry.cl\/wp-content\/uploads\/2026\/04\/Aranita-roja-europea-1-768x439.jpg 768w, https:\/\/smartcherry.cl\/wp-content\/uploads\/2026\/04\/Aranita-roja-europea-1-18x10.jpg 18w, https:\/\/smartcherry.cl\/wp-content\/uploads\/2026\/04\/Aranita-roja-europea-1.jpg 1400w\" sizes=\"(max-width: 1024px) 100vw, 1024px\" \/><figcaption class=\"wp-element-caption\"><strong>Ara\u00f1ita roja europea \u2013 Panonychus Ulmi. Imagen gentileza de Biocea.<\/strong><\/figcaption><\/figure>\n\n\n\n<p><strong>\u00bfEn qu\u00e9 estados biol\u00f3gicos pasan el invierno las plagas m\u00e1s relevantes del cerezo?<\/strong><br><em>En el caso de las escamas, tienen todos los estados durante todo el a\u00f1o. Es una mezcla de estados, no hay un orden muy preciso, salvo ahora en invierno que hay preferencia de un estado que se llama gorrita negra, que es el segundo estadio de la plaga. En este per\u00edodo son algo m\u00e1s frecuentes que las otros estados, por eso es necesario dos aplicaciones consecutivas en el invierno con 45 d\u00edas porque las hembras de la escama San Jos\u00e9 tienden a sobrevivir a las aplicaciones, pero cuando mueren al cumplir su ciclo y queda la descendencia, con la segunda aplicaci\u00f3n se controla esa descendencia. Por eso es necesario que sea 45 d\u00edas en esta \u00e9poca invernal, porque las hembras ya murieron. Por eso nos ha ido muy bien respetando esos 45 d\u00edas.<\/em><\/p>\n\n\n\n<p><strong>\u00bfQu\u00e9 recomendaciones le dar\u00edas a los productores de cerezos para preparar sus huertos antes de la primavera en este \u00e1mbito?<\/strong><br><em>Les dar\u00eda una recomendaci\u00f3n respecto de la Drosophila suzukii, la mosca de alas manchadas, y que se fijen en los alrededores, especialmente la mora. La mora que crece junto a los canales y otros ambientes, es un muy buen hu\u00e9sped&nbsp; de Drosophila suzukii. Por lo tanto, si se puede hacer control de la mora a trav\u00e9s de herbicidas o mec\u00e1nica para evitar que abunde, porque eso aumenta much\u00edsimo la poblaci\u00f3n. En general bajar la poblaci\u00f3n de esta plaga, que es muy complejo.&nbsp;<\/em><\/p>\n\n\n\n<p><em>Adicionalmente, el monitoreo es fundamental, tanto para determinar la abundancia de las plagas que est\u00e1n en el huerto, como tambi\u00e9n detectar si hay enemigos naturales que est\u00e1n funcionando y tambi\u00e9n para ver el efecto que tuvieron los tratamientos en general.&nbsp;<\/em><\/p>\n\n\n\n<p><em>Otro tema tambi\u00e9n muy importante, es la calidad de las aplicaciones. No me canso de repetirlo. Hay especialistas en la calibraci\u00f3n de los equipos que conocen muy bien los equipos y c\u00f3mo calibrarlos.&nbsp; Por ejemplo,&nbsp; las boquillas se van gastando y hay que cambiarlas cuando el caudal aumenta. A trav\u00e9s de las boquillas se impelen los plaguicidas hacia el \u00e1rbol, productos que normalmente revisten importantes recursos. Sin embargo, en muchos casos no se le pone atenci\u00f3n y las boquillas tienen un l\u00edmite de uso, incluso las que son de cer\u00e1mica y hay que medir su caudal para determinar si est\u00e1n gastadas. Se deben cambiar con un 10% m\u00e1s de caudal. Eso es muy importante.<\/em><\/p>","protected":false},"excerpt":{"rendered":"<p>A juicio del entom\u00f3logo Renato Ripa, aplicaciones oportunas, monitoreo constante y manejo del entorno son esenciales para reducir riesgos fitosanitarios en primavera.<\/p>","protected":false},"author":273,"featured_media":55249,"comment_status":"closed","ping_status":"open","sticky":false,"template":"","format":"standard","meta":{"_acf_changed":false,"inline_featured_image":false,"footnotes":""},"categories":[481,484,27],"tags":[4222,4223,4504],"category_proveedor":[],"pais":[],"class_list":["post-55248","post","type-post","status-publish","format-standard","has-post-thumbnail","hentry","category-monitoreo-de-plagas-y-enfermedades","category-planificacion-tareas","category-opinion-expertos","tag-biocea","tag-plagas-invernales","tag-renato-ripa"],"acf":[],"yoast_head":"<!-- This site is optimized with the Yoast SEO Premium plugin v21.3 (Yoast SEO v27.3) - https:\/\/yoast.com\/product\/yoast-seo-premium-wordpress\/ -->\n<title>Plagas en cerezos: Las claves del control invernal que definen la pr\u00f3xima temporada - Smartcherry<\/title>\n<meta name=\"description\" content=\"El per\u00edodo invernal ofrece una ventana estrat\u00e9gica para el control de plagas en cerezos, siempre que se combine con un monitoreo riguroso. Seg\u00fan explica el ingeniero agr\u00f3nomo y socio fundador del Centro de Entomolog\u00eda Aplicada (BIOCEA), esta etapa permite actuar con mayor eficacia debido a la ausencia de follaje y a la posibilidad de utilizar productos que no siempre son viables en temporada productiva.\" \/>\n<meta name=\"robots\" content=\"index, follow, max-snippet:-1, max-image-preview:large, max-video-preview:-1\" \/>\n<link rel=\"canonical\" href=\"https:\/\/smartcherry.cl\/en\/opinion-expertos\/plagas-en-cerezos-las-claves-del-control-invernal-que-definen-la-proxima-temporada\/\" \/>\n<meta property=\"og:locale\" content=\"en_US\" \/>\n<meta property=\"og:type\" content=\"article\" \/>\n<meta property=\"og:title\" content=\"Plagas en cerezos: Las claves del control invernal que definen la pr\u00f3xima temporada\" \/>\n<meta property=\"og:description\" content=\"El per\u00edodo invernal ofrece una ventana estrat\u00e9gica para el control de plagas en cerezos, siempre que se combine con un monitoreo riguroso. Seg\u00fan explica el ingeniero agr\u00f3nomo y socio fundador del Centro de Entomolog\u00eda Aplicada (BIOCEA), esta etapa permite actuar con mayor eficacia debido a la ausencia de follaje y a la posibilidad de utilizar productos que no siempre son viables en temporada productiva.\" \/>\n<meta property=\"og:url\" content=\"https:\/\/smartcherry.cl\/en\/opinion-expertos\/plagas-en-cerezos-las-claves-del-control-invernal-que-definen-la-proxima-temporada\/\" \/>\n<meta property=\"og:site_name\" content=\"Smartcherry\" \/>\n<meta property=\"article:publisher\" content=\"https:\/\/web.facebook.com\/SmartCherry.cl\/\" \/>\n<meta property=\"article:published_time\" content=\"2026-04-29T14:47:14+00:00\" \/>\n<meta property=\"article:modified_time\" content=\"2026-04-29T16:44:53+00:00\" \/>\n<meta property=\"og:image\" content=\"https:\/\/smartcherry.cl\/wp-content\/uploads\/2026\/04\/Renato-Ripa-Biocea.jpeg\" \/>\n\t<meta property=\"og:image:width\" content=\"1600\" \/>\n\t<meta property=\"og:image:height\" content=\"1066\" \/>\n\t<meta property=\"og:image:type\" content=\"image\/jpeg\" \/>\n<meta name=\"author\" content=\"Beatriz Parra\" \/>\n<meta name=\"twitter:card\" content=\"summary_large_image\" \/>\n<meta name=\"twitter:creator\" content=\"@SmartCherry_cl\" \/>\n<meta name=\"twitter:site\" content=\"@SmartCherry_cl\" \/>\n<meta name=\"twitter:label1\" content=\"Written by\" \/>\n\t<meta name=\"twitter:data1\" content=\"Beatriz Parra\" \/>\n\t<meta name=\"twitter:label2\" content=\"Est. reading time\" \/>\n\t<meta name=\"twitter:data2\" content=\"6 minutes\" \/>\n<script type=\"application\/ld+json\" class=\"yoast-schema-graph\">{\"@context\":\"https:\\\/\\\/schema.org\",\"@graph\":[{\"@type\":\"Article\",\"@id\":\"https:\\\/\\\/smartcherry.cl\\\/opinion-expertos\\\/plagas-en-cerezos-las-claves-del-control-invernal-que-definen-la-proxima-temporada\\\/#article\",\"isPartOf\":{\"@id\":\"https:\\\/\\\/smartcherry.cl\\\/opinion-expertos\\\/plagas-en-cerezos-las-claves-del-control-invernal-que-definen-la-proxima-temporada\\\/\"},\"author\":{\"name\":\"Beatriz Parra\",\"@id\":\"https:\\\/\\\/smartcherry.cl\\\/#\\\/schema\\\/person\\\/604ed44370e96b081064b745ca461407\"},\"headline\":\"Plagas en cerezos: Las claves del control invernal que definen la pr\u00f3xima temporada\",\"datePublished\":\"2026-04-29T14:47:14+00:00\",\"dateModified\":\"2026-04-29T16:44:53+00:00\",\"mainEntityOfPage\":{\"@id\":\"https:\\\/\\\/smartcherry.cl\\\/opinion-expertos\\\/plagas-en-cerezos-las-claves-del-control-invernal-que-definen-la-proxima-temporada\\\/\"},\"wordCount\":1299,\"publisher\":{\"@id\":\"https:\\\/\\\/smartcherry.cl\\\/#organization\"},\"image\":{\"@id\":\"https:\\\/\\\/smartcherry.cl\\\/opinion-expertos\\\/plagas-en-cerezos-las-claves-del-control-invernal-que-definen-la-proxima-temporada\\\/#primaryimage\"},\"thumbnailUrl\":\"https:\\\/\\\/smartcherry.cl\\\/wp-content\\\/uploads\\\/2026\\\/04\\\/Renato-Ripa-Biocea.jpeg\",\"keywords\":[\"Biocea\",\"plagas invernales\",\"Renato Ripa\"],\"articleSection\":[\"Monitoreo de plagas y enfermedades\",\"Planificaci\u00f3n - Tareas\",\"Opini\u00f3n de expertos\"],\"inLanguage\":\"en-US\"},{\"@type\":\"WebPage\",\"@id\":\"https:\\\/\\\/smartcherry.cl\\\/opinion-expertos\\\/plagas-en-cerezos-las-claves-del-control-invernal-que-definen-la-proxima-temporada\\\/\",\"url\":\"https:\\\/\\\/smartcherry.cl\\\/opinion-expertos\\\/plagas-en-cerezos-las-claves-del-control-invernal-que-definen-la-proxima-temporada\\\/\",\"name\":\"Plagas en cerezos: Las claves del control invernal que definen la pr\u00f3xima temporada - Smartcherry\",\"isPartOf\":{\"@id\":\"https:\\\/\\\/smartcherry.cl\\\/#website\"},\"primaryImageOfPage\":{\"@id\":\"https:\\\/\\\/smartcherry.cl\\\/opinion-expertos\\\/plagas-en-cerezos-las-claves-del-control-invernal-que-definen-la-proxima-temporada\\\/#primaryimage\"},\"image\":{\"@id\":\"https:\\\/\\\/smartcherry.cl\\\/opinion-expertos\\\/plagas-en-cerezos-las-claves-del-control-invernal-que-definen-la-proxima-temporada\\\/#primaryimage\"},\"thumbnailUrl\":\"https:\\\/\\\/smartcherry.cl\\\/wp-content\\\/uploads\\\/2026\\\/04\\\/Renato-Ripa-Biocea.jpeg\",\"datePublished\":\"2026-04-29T14:47:14+00:00\",\"dateModified\":\"2026-04-29T16:44:53+00:00\",\"description\":\"El per\u00edodo invernal ofrece una ventana estrat\u00e9gica para el control de plagas en cerezos, siempre que se combine con un monitoreo riguroso. Seg\u00fan explica el ingeniero agr\u00f3nomo y socio fundador del Centro de Entomolog\u00eda Aplicada (BIOCEA), esta etapa permite actuar con mayor eficacia debido a la ausencia de follaje y a la posibilidad de utilizar productos que no siempre son viables en temporada productiva.\",\"breadcrumb\":{\"@id\":\"https:\\\/\\\/smartcherry.cl\\\/opinion-expertos\\\/plagas-en-cerezos-las-claves-del-control-invernal-que-definen-la-proxima-temporada\\\/#breadcrumb\"},\"inLanguage\":\"en-US\",\"potentialAction\":[{\"@type\":\"ReadAction\",\"target\":[\"https:\\\/\\\/smartcherry.cl\\\/opinion-expertos\\\/plagas-en-cerezos-las-claves-del-control-invernal-que-definen-la-proxima-temporada\\\/\"]}]},{\"@type\":\"ImageObject\",\"inLanguage\":\"en-US\",\"@id\":\"https:\\\/\\\/smartcherry.cl\\\/opinion-expertos\\\/plagas-en-cerezos-las-claves-del-control-invernal-que-definen-la-proxima-temporada\\\/#primaryimage\",\"url\":\"https:\\\/\\\/smartcherry.cl\\\/wp-content\\\/uploads\\\/2026\\\/04\\\/Renato-Ripa-Biocea.jpeg\",\"contentUrl\":\"https:\\\/\\\/smartcherry.cl\\\/wp-content\\\/uploads\\\/2026\\\/04\\\/Renato-Ripa-Biocea.jpeg\",\"width\":1600,\"height\":1066},{\"@type\":\"BreadcrumbList\",\"@id\":\"https:\\\/\\\/smartcherry.cl\\\/opinion-expertos\\\/plagas-en-cerezos-las-claves-del-control-invernal-que-definen-la-proxima-temporada\\\/#breadcrumb\",\"itemListElement\":[{\"@type\":\"ListItem\",\"position\":1,\"name\":\"Home\",\"item\":\"https:\\\/\\\/smartcherry.cl\\\/\"},{\"@type\":\"ListItem\",\"position\":2,\"name\":\"Opini\u00f3n de expertos\",\"item\":\"https:\\\/\\\/smartcherry.cl\\\/category\\\/opinion-expertos\\\/\"},{\"@type\":\"ListItem\",\"position\":3,\"name\":\"Plagas en cerezos: Las claves del control invernal que definen la pr\u00f3xima temporada\"}]},{\"@type\":\"WebSite\",\"@id\":\"https:\\\/\\\/smartcherry.cl\\\/#website\",\"url\":\"https:\\\/\\\/smartcherry.cl\\\/\",\"name\":\"Smartcherry\",\"description\":\"Sitio de Smartcherry\",\"publisher\":{\"@id\":\"https:\\\/\\\/smartcherry.cl\\\/#organization\"},\"potentialAction\":[{\"@type\":\"SearchAction\",\"target\":{\"@type\":\"EntryPoint\",\"urlTemplate\":\"https:\\\/\\\/smartcherry.cl\\\/?s={search_term_string}\"},\"query-input\":{\"@type\":\"PropertyValueSpecification\",\"valueRequired\":true,\"valueName\":\"search_term_string\"}}],\"inLanguage\":\"en-US\"},{\"@type\":\"Organization\",\"@id\":\"https:\\\/\\\/smartcherry.cl\\\/#organization\",\"name\":\"SmartCherry\",\"url\":\"https:\\\/\\\/smartcherry.cl\\\/\",\"logo\":{\"@type\":\"ImageObject\",\"inLanguage\":\"en-US\",\"@id\":\"https:\\\/\\\/smartcherry.cl\\\/#\\\/schema\\\/logo\\\/image\\\/\",\"url\":\"https:\\\/\\\/smartcherry.cl\\\/wp-content\\\/uploads\\\/2022\\\/02\\\/logo_smartcherry.png\",\"contentUrl\":\"https:\\\/\\\/smartcherry.cl\\\/wp-content\\\/uploads\\\/2022\\\/02\\\/logo_smartcherry.png\",\"width\":411,\"height\":84,\"caption\":\"SmartCherry\"},\"image\":{\"@id\":\"https:\\\/\\\/smartcherry.cl\\\/#\\\/schema\\\/logo\\\/image\\\/\"},\"sameAs\":[\"https:\\\/\\\/web.facebook.com\\\/SmartCherry.cl\\\/\",\"https:\\\/\\\/x.com\\\/SmartCherry_cl\",\"https:\\\/\\\/www.linkedin.com\\\/company\\\/smartcherry\\\/\",\"https:\\\/\\\/www.instagram.com\\\/smartcherry_cl\\\/\",\"https:\\\/\\\/www.youtube.com\\\/channel\\\/UCe007LfgFFnntDgCcqICbPQ\"]},{\"@type\":\"Person\",\"@id\":\"https:\\\/\\\/smartcherry.cl\\\/#\\\/schema\\\/person\\\/604ed44370e96b081064b745ca461407\",\"name\":\"Beatriz Parra\",\"image\":{\"@type\":\"ImageObject\",\"inLanguage\":\"en-US\",\"@id\":\"https:\\\/\\\/smartcherry.cl\\\/wp-content\\\/uploads\\\/2025\\\/01\\\/POST-96x96.png\",\"url\":\"https:\\\/\\\/smartcherry.cl\\\/wp-content\\\/uploads\\\/2025\\\/01\\\/POST-96x96.png\",\"contentUrl\":\"https:\\\/\\\/smartcherry.cl\\\/wp-content\\\/uploads\\\/2025\\\/01\\\/POST-96x96.png\",\"caption\":\"Beatriz Parra\"},\"url\":\"https:\\\/\\\/smartcherry.cl\\\/en\\\/author\\\/bparra\\\/\"}]}<\/script>\n<!-- \/ Yoast SEO Premium plugin. -->","yoast_head_json":{"title":"Plagas en cerezos: Las claves del control invernal que definen la pr\u00f3xima temporada - Smartcherry","description":"El per\u00edodo invernal ofrece una ventana estrat\u00e9gica para el control de plagas en cerezos, siempre que se combine con un monitoreo riguroso. Seg\u00fan explica el ingeniero agr\u00f3nomo y socio fundador del Centro de Entomolog\u00eda Aplicada (BIOCEA), esta etapa permite actuar con mayor eficacia debido a la ausencia de follaje y a la posibilidad de utilizar productos que no siempre son viables en temporada productiva.","robots":{"index":"index","follow":"follow","max-snippet":"max-snippet:-1","max-image-preview":"max-image-preview:large","max-video-preview":"max-video-preview:-1"},"canonical":"https:\/\/smartcherry.cl\/en\/opinion-expertos\/plagas-en-cerezos-las-claves-del-control-invernal-que-definen-la-proxima-temporada\/","og_locale":"en_US","og_type":"article","og_title":"Plagas en cerezos: Las claves del control invernal que definen la pr\u00f3xima temporada","og_description":"El per\u00edodo invernal ofrece una ventana estrat\u00e9gica para el control de plagas en cerezos, siempre que se combine con un monitoreo riguroso. Seg\u00fan explica el ingeniero agr\u00f3nomo y socio fundador del Centro de Entomolog\u00eda Aplicada (BIOCEA), esta etapa permite actuar con mayor eficacia debido a la ausencia de follaje y a la posibilidad de utilizar productos que no siempre son viables en temporada productiva.","og_url":"https:\/\/smartcherry.cl\/en\/opinion-expertos\/plagas-en-cerezos-las-claves-del-control-invernal-que-definen-la-proxima-temporada\/","og_site_name":"Smartcherry","article_publisher":"https:\/\/web.facebook.com\/SmartCherry.cl\/","article_published_time":"2026-04-29T14:47:14+00:00","article_modified_time":"2026-04-29T16:44:53+00:00","og_image":[{"width":1600,"height":1066,"url":"https:\/\/smartcherry.cl\/wp-content\/uploads\/2026\/04\/Renato-Ripa-Biocea.jpeg","type":"image\/jpeg"}],"author":"Beatriz Parra","twitter_card":"summary_large_image","twitter_creator":"@SmartCherry_cl","twitter_site":"@SmartCherry_cl","twitter_misc":{"Written by":"Beatriz Parra","Est. reading time":"6 minutes"},"schema":{"@context":"https:\/\/schema.org","@graph":[{"@type":"Article","@id":"https:\/\/smartcherry.cl\/opinion-expertos\/plagas-en-cerezos-las-claves-del-control-invernal-que-definen-la-proxima-temporada\/#article","isPartOf":{"@id":"https:\/\/smartcherry.cl\/opinion-expertos\/plagas-en-cerezos-las-claves-del-control-invernal-que-definen-la-proxima-temporada\/"},"author":{"name":"Beatriz Parra","@id":"https:\/\/smartcherry.cl\/#\/schema\/person\/604ed44370e96b081064b745ca461407"},"headline":"Plagas en cerezos: Las claves del control invernal que definen la pr\u00f3xima temporada","datePublished":"2026-04-29T14:47:14+00:00","dateModified":"2026-04-29T16:44:53+00:00","mainEntityOfPage":{"@id":"https:\/\/smartcherry.cl\/opinion-expertos\/plagas-en-cerezos-las-claves-del-control-invernal-que-definen-la-proxima-temporada\/"},"wordCount":1299,"publisher":{"@id":"https:\/\/smartcherry.cl\/#organization"},"image":{"@id":"https:\/\/smartcherry.cl\/opinion-expertos\/plagas-en-cerezos-las-claves-del-control-invernal-que-definen-la-proxima-temporada\/#primaryimage"},"thumbnailUrl":"https:\/\/smartcherry.cl\/wp-content\/uploads\/2026\/04\/Renato-Ripa-Biocea.jpeg","keywords":["Biocea","plagas invernales","Renato Ripa"],"articleSection":["Monitoreo de plagas y enfermedades","Planificaci\u00f3n - Tareas","Opini\u00f3n de expertos"],"inLanguage":"en-US"},{"@type":"WebPage","@id":"https:\/\/smartcherry.cl\/opinion-expertos\/plagas-en-cerezos-las-claves-del-control-invernal-que-definen-la-proxima-temporada\/","url":"https:\/\/smartcherry.cl\/opinion-expertos\/plagas-en-cerezos-las-claves-del-control-invernal-que-definen-la-proxima-temporada\/","name":"Plagas en cerezos: Las claves del control invernal que definen la pr\u00f3xima temporada - Smartcherry","isPartOf":{"@id":"https:\/\/smartcherry.cl\/#website"},"primaryImageOfPage":{"@id":"https:\/\/smartcherry.cl\/opinion-expertos\/plagas-en-cerezos-las-claves-del-control-invernal-que-definen-la-proxima-temporada\/#primaryimage"},"image":{"@id":"https:\/\/smartcherry.cl\/opinion-expertos\/plagas-en-cerezos-las-claves-del-control-invernal-que-definen-la-proxima-temporada\/#primaryimage"},"thumbnailUrl":"https:\/\/smartcherry.cl\/wp-content\/uploads\/2026\/04\/Renato-Ripa-Biocea.jpeg","datePublished":"2026-04-29T14:47:14+00:00","dateModified":"2026-04-29T16:44:53+00:00","description":"El per\u00edodo invernal ofrece una ventana estrat\u00e9gica para el control de plagas en cerezos, siempre que se combine con un monitoreo riguroso. Seg\u00fan explica el ingeniero agr\u00f3nomo y socio fundador del Centro de Entomolog\u00eda Aplicada (BIOCEA), esta etapa permite actuar con mayor eficacia debido a la ausencia de follaje y a la posibilidad de utilizar productos que no siempre son viables en temporada productiva.","breadcrumb":{"@id":"https:\/\/smartcherry.cl\/opinion-expertos\/plagas-en-cerezos-las-claves-del-control-invernal-que-definen-la-proxima-temporada\/#breadcrumb"},"inLanguage":"en-US","potentialAction":[{"@type":"ReadAction","target":["https:\/\/smartcherry.cl\/opinion-expertos\/plagas-en-cerezos-las-claves-del-control-invernal-que-definen-la-proxima-temporada\/"]}]},{"@type":"ImageObject","inLanguage":"en-US","@id":"https:\/\/smartcherry.cl\/opinion-expertos\/plagas-en-cerezos-las-claves-del-control-invernal-que-definen-la-proxima-temporada\/#primaryimage","url":"https:\/\/smartcherry.cl\/wp-content\/uploads\/2026\/04\/Renato-Ripa-Biocea.jpeg","contentUrl":"https:\/\/smartcherry.cl\/wp-content\/uploads\/2026\/04\/Renato-Ripa-Biocea.jpeg","width":1600,"height":1066},{"@type":"BreadcrumbList","@id":"https:\/\/smartcherry.cl\/opinion-expertos\/plagas-en-cerezos-las-claves-del-control-invernal-que-definen-la-proxima-temporada\/#breadcrumb","itemListElement":[{"@type":"ListItem","position":1,"name":"Home","item":"https:\/\/smartcherry.cl\/"},{"@type":"ListItem","position":2,"name":"Opini\u00f3n de expertos","item":"https:\/\/smartcherry.cl\/category\/opinion-expertos\/"},{"@type":"ListItem","position":3,"name":"Plagas en cerezos: Las claves del control invernal que definen la pr\u00f3xima temporada"}]},{"@type":"WebSite","@id":"https:\/\/smartcherry.cl\/#website","url":"https:\/\/smartcherry.cl\/","name":"Smartcherry","description":"Smartcherry Site","publisher":{"@id":"https:\/\/smartcherry.cl\/#organization"},"potentialAction":[{"@type":"SearchAction","target":{"@type":"EntryPoint","urlTemplate":"https:\/\/smartcherry.cl\/?s={search_term_string}"},"query-input":{"@type":"PropertyValueSpecification","valueRequired":true,"valueName":"search_term_string"}}],"inLanguage":"en-US"},{"@type":"Organization","@id":"https:\/\/smartcherry.cl\/#organization","name":"SmartCherry","url":"https:\/\/smartcherry.cl\/","logo":{"@type":"ImageObject","inLanguage":"en-US","@id":"https:\/\/smartcherry.cl\/#\/schema\/logo\/image\/","url":"https:\/\/smartcherry.cl\/wp-content\/uploads\/2022\/02\/logo_smartcherry.png","contentUrl":"https:\/\/smartcherry.cl\/wp-content\/uploads\/2022\/02\/logo_smartcherry.png","width":411,"height":84,"caption":"SmartCherry"},"image":{"@id":"https:\/\/smartcherry.cl\/#\/schema\/logo\/image\/"},"sameAs":["https:\/\/web.facebook.com\/SmartCherry.cl\/","https:\/\/x.com\/SmartCherry_cl","https:\/\/www.linkedin.com\/company\/smartcherry\/","https:\/\/www.instagram.com\/smartcherry_cl\/","https:\/\/www.youtube.com\/channel\/UCe007LfgFFnntDgCcqICbPQ"]},{"@type":"Person","@id":"https:\/\/smartcherry.cl\/#\/schema\/person\/604ed44370e96b081064b745ca461407","name":"Beatriz Parra","image":{"@type":"ImageObject","inLanguage":"en-US","@id":"https:\/\/smartcherry.cl\/wp-content\/uploads\/2025\/01\/POST-96x96.png","url":"https:\/\/smartcherry.cl\/wp-content\/uploads\/2025\/01\/POST-96x96.png","contentUrl":"https:\/\/smartcherry.cl\/wp-content\/uploads\/2025\/01\/POST-96x96.png","caption":"Beatriz Parra"},"url":"https:\/\/smartcherry.cl\/en\/author\/bparra\/"}]}},"_links":{"self":[{"href":"https:\/\/smartcherry.cl\/en\/wp-json\/wp\/v2\/posts\/55248","targetHints":{"allow":["GET"]}}],"collection":[{"href":"https:\/\/smartcherry.cl\/en\/wp-json\/wp\/v2\/posts"}],"about":[{"href":"https:\/\/smartcherry.cl\/en\/wp-json\/wp\/v2\/types\/post"}],"author":[{"embeddable":true,"href":"https:\/\/smartcherry.cl\/en\/wp-json\/wp\/v2\/users\/273"}],"replies":[{"embeddable":true,"href":"https:\/\/smartcherry.cl\/en\/wp-json\/wp\/v2\/comments?post=55248"}],"version-history":[{"count":11,"href":"https:\/\/smartcherry.cl\/en\/wp-json\/wp\/v2\/posts\/55248\/revisions"}],"predecessor-version":[{"id":55266,"href":"https:\/\/smartcherry.cl\/en\/wp-json\/wp\/v2\/posts\/55248\/revisions\/55266"}],"wp:featuredmedia":[{"embeddable":true,"href":"https:\/\/smartcherry.cl\/en\/wp-json\/wp\/v2\/media\/55249"}],"wp:attachment":[{"href":"https:\/\/smartcherry.cl\/en\/wp-json\/wp\/v2\/media?parent=55248"}],"wp:term":[{"taxonomy":"category","embeddable":true,"href":"https:\/\/smartcherry.cl\/en\/wp-json\/wp\/v2\/categories?post=55248"},{"taxonomy":"post_tag","embeddable":true,"href":"https:\/\/smartcherry.cl\/en\/wp-json\/wp\/v2\/tags?post=55248"},{"taxonomy":"category_proveedor","embeddable":true,"href":"https:\/\/smartcherry.cl\/en\/wp-json\/wp\/v2\/category_proveedor?post=55248"},{"taxonomy":"pais","embeddable":true,"href":"https:\/\/smartcherry.cl\/en\/wp-json\/wp\/v2\/pais?post=55248"}],"curies":[{"name":"wp","href":"https:\/\/api.w.org\/{rel}","templated":true}]}}