{"id":55216,"date":"2026-04-27T11:06:16","date_gmt":"2026-04-27T15:06:16","guid":{"rendered":"https:\/\/smartcherry.cl\/?p=55216"},"modified":"2026-04-27T11:07:24","modified_gmt":"2026-04-27T15:07:24","slug":"empack-refuerza-su-presencia-estrategica-en-eventos-durante-los-proximos-meses","status":"publish","type":"post","link":"https:\/\/smartcherry.cl\/en\/postcosecha\/empack-refuerza-su-presencia-estrategica-en-eventos-durante-los-proximos-meses\/","title":{"rendered":"Empack refuerza su presencia estrat\u00e9gica en eventos durante los pr\u00f3ximos meses"},"content":{"rendered":"<p>A partir de abril, los eventos relacionados con el agro y la industria se posicionan como vitrinas esenciales para empresas que buscan mantener una relaci\u00f3n directa y constante con sus clientes, adem\u00e1s de comprender y anticipar sus necesidades.<\/p>\n\n\n\n<p>En ese contexto, Empack ya consolid\u00f3 tres importantes participaciones: Aquasur en marzo y Cherry Summit y Circle Pack, durante abril.<\/p>\n\n\n\n<p>Desde Empack se\u00f1alan que \u201cestos espacios son clave para mantenerse a la vanguardia de la industria, conocer tendencias globales en automatizaci\u00f3n y packaging, y fortalecer relaciones con clientes, partners y l\u00edderes del sector\u201d.<\/p>\n\n\n\n<p>El calendario de participaciones de Empack en este tipo de eventos continuar\u00e1 en mayo y junio, cuando la empresa est\u00e9 presente en Interpack (del 7 al 13 de mayo), instancia que cada tres a\u00f1os re\u00fane en D\u00fcsseldorf, Alemania, a representantes del sector del procesamiento y del envasado provenientes de todo el mundo.<\/p>\n\n\n\n<p>Por otra parte, el 17 de junio, Empack participar\u00e1 con parte de su equipo en CherryTech, evento que por cuarto a\u00f1o consecutivo se posiciona como el principal encuentro t\u00e9cnico del rubro cerecero, con una asistencia superior a las mil seiscientas personas.<\/p>\n\n\n\n<p>\u201cEste tipo de instancias permite identificar nuevas oportunidades de negocio, entender de primera fuente las necesidades del mercado y posicionar nuestra propuesta de valor en escenarios altamente especializados. Estar ah\u00ed no es opcional: es parte del compromiso de Empack con la innovaci\u00f3n, la calidad y el crecimiento sostenible\u201d, aseguran desde Empack.<\/p>\n\n\n\n<p><\/p>\n\n\n\n<figure class=\"wp-block-gallery has-nested-images columns-default is-cropped wp-block-gallery-1 is-layout-flex wp-block-gallery-is-layout-flex\">\n<figure class=\"wp-block-image size-large\"><img fetchpriority=\"high\" decoding=\"async\" width=\"1024\" height=\"768\" data-id=\"55218\" src=\"https:\/\/smartcherry.cl\/wp-content\/uploads\/2026\/04\/cherry-2-1024x768.jpg\" alt=\"\" class=\"wp-image-55218\" srcset=\"https:\/\/smartcherry.cl\/wp-content\/uploads\/2026\/04\/cherry-2-1024x768.jpg 1024w, https:\/\/smartcherry.cl\/wp-content\/uploads\/2026\/04\/cherry-2-300x225.jpg 300w, https:\/\/smartcherry.cl\/wp-content\/uploads\/2026\/04\/cherry-2-768x576.jpg 768w, https:\/\/smartcherry.cl\/wp-content\/uploads\/2026\/04\/cherry-2-16x12.jpg 16w, https:\/\/smartcherry.cl\/wp-content\/uploads\/2026\/04\/cherry-2.jpg 1280w\" sizes=\"(max-width: 1024px) 100vw, 1024px\" \/><\/figure>\n\n\n\n<figure class=\"wp-block-image size-large\"><img decoding=\"async\" width=\"819\" height=\"1024\" data-id=\"55221\" src=\"https:\/\/smartcherry.cl\/wp-content\/uploads\/2026\/04\/circlepack-1-819x1024.jpg\" alt=\"\" class=\"wp-image-55221\" srcset=\"https:\/\/smartcherry.cl\/wp-content\/uploads\/2026\/04\/circlepack-1-819x1024.jpg 819w, https:\/\/smartcherry.cl\/wp-content\/uploads\/2026\/04\/circlepack-1-240x300.jpg 240w, https:\/\/smartcherry.cl\/wp-content\/uploads\/2026\/04\/circlepack-1-768x960.jpg 768w, https:\/\/smartcherry.cl\/wp-content\/uploads\/2026\/04\/circlepack-1-10x12.jpg 10w, https:\/\/smartcherry.cl\/wp-content\/uploads\/2026\/04\/circlepack-1.jpg 1080w\" sizes=\"(max-width: 819px) 100vw, 819px\" \/><\/figure>\n\n\n\n<figure class=\"wp-block-image size-large\"><img decoding=\"async\" width=\"576\" height=\"1024\" data-id=\"55219\" src=\"https:\/\/smartcherry.cl\/wp-content\/uploads\/2026\/04\/WhatsApp-Image-2026-04-22-at-17.22.08-576x1024.jpeg\" alt=\"\" class=\"wp-image-55219\" srcset=\"https:\/\/smartcherry.cl\/wp-content\/uploads\/2026\/04\/WhatsApp-Image-2026-04-22-at-17.22.08-576x1024.jpeg 576w, https:\/\/smartcherry.cl\/wp-content\/uploads\/2026\/04\/WhatsApp-Image-2026-04-22-at-17.22.08-169x300.jpeg 169w, https:\/\/smartcherry.cl\/wp-content\/uploads\/2026\/04\/WhatsApp-Image-2026-04-22-at-17.22.08-7x12.jpeg 7w, https:\/\/smartcherry.cl\/wp-content\/uploads\/2026\/04\/WhatsApp-Image-2026-04-22-at-17.22.08.jpeg 720w\" sizes=\"(max-width: 576px) 100vw, 576px\" \/><\/figure>\n<\/figure>\n\n\n\n<figure class=\"wp-block-image size-large\"><img loading=\"lazy\" decoding=\"async\" width=\"1024\" height=\"768\" src=\"https:\/\/smartcherry.cl\/wp-content\/uploads\/2026\/04\/aquasur-1-1024x768.jpg\" alt=\"\" class=\"wp-image-55222\" srcset=\"https:\/\/smartcherry.cl\/wp-content\/uploads\/2026\/04\/aquasur-1-1024x768.jpg 1024w, https:\/\/smartcherry.cl\/wp-content\/uploads\/2026\/04\/aquasur-1-300x225.jpg 300w, https:\/\/smartcherry.cl\/wp-content\/uploads\/2026\/04\/aquasur-1-768x576.jpg 768w, https:\/\/smartcherry.cl\/wp-content\/uploads\/2026\/04\/aquasur-1-16x12.jpg 16w, https:\/\/smartcherry.cl\/wp-content\/uploads\/2026\/04\/aquasur-1.jpg 1280w\" sizes=\"(max-width: 1024px) 100vw, 1024px\" \/><\/figure>\n\n\n\n<div class=\"wp-block-buttons is-content-justification-center is-layout-flex wp-container-core-buttons-is-layout-a89b3969 wp-block-buttons-is-layout-flex\">\n<div class=\"wp-block-button\"><a class=\"wp-block-button__link has-white-color has-text-color has-link-color wp-element-button\" href=\"https:\/\/smartcherry.cl\/en\/proveedores\/empack\/\">More about Empack<\/a><\/div>\n<\/div>","protected":false},"excerpt":{"rendered":"<p>A partir de abril, los eventos relacionados con el agro y la industria se posicionan como vitrinas esenciales para empresas que buscan mantener una relaci\u00f3n directa y constante con sus [&hellip;]<\/p>\n","protected":false},"author":274,"featured_media":55217,"comment_status":"closed","ping_status":"open","sticky":false,"template":"","format":"standard","meta":{"_acf_changed":false,"inline_featured_image":false,"footnotes":""},"categories":[432,28],"tags":[108,178,2460,2901],"category_proveedor":[],"pais":[],"class_list":["post-55216","post","type-post","status-publish","format-standard","has-post-thumbnail","hentry","category-embalaje","category-postcosecha","tag-cerezas","tag-smartcherry","tag-eventos","tag-empack"],"acf":[],"yoast_head":"<!-- This site is optimized with the Yoast SEO Premium plugin v21.3 (Yoast SEO v27.3) - https:\/\/yoast.com\/product\/yoast-seo-premium-wordpress\/ -->\n<title>Empack refuerza su presencia estrat\u00e9gica en eventos durante los pr\u00f3ximos meses - Smartcherry<\/title>\n<meta name=\"robots\" content=\"index, follow, max-snippet:-1, max-image-preview:large, max-video-preview:-1\" \/>\n<link rel=\"canonical\" href=\"https:\/\/smartcherry.cl\/en\/postcosecha\/empack-refuerza-su-presencia-estrategica-en-eventos-durante-los-proximos-meses\/\" \/>\n<meta property=\"og:locale\" content=\"en_US\" \/>\n<meta property=\"og:type\" content=\"article\" \/>\n<meta property=\"og:title\" content=\"Empack refuerza su presencia estrat\u00e9gica en eventos durante los pr\u00f3ximos meses\" \/>\n<meta property=\"og:description\" content=\"A partir de abril, los eventos relacionados con el agro y la industria se posicionan como vitrinas esenciales para empresas que buscan mantener una relaci\u00f3n directa y constante con sus [&hellip;]\" \/>\n<meta property=\"og:url\" content=\"https:\/\/smartcherry.cl\/en\/postcosecha\/empack-refuerza-su-presencia-estrategica-en-eventos-durante-los-proximos-meses\/\" \/>\n<meta property=\"og:site_name\" content=\"Smartcherry\" \/>\n<meta property=\"article:publisher\" content=\"https:\/\/web.facebook.com\/SmartCherry.cl\/\" \/>\n<meta property=\"article:published_time\" content=\"2026-04-27T15:06:16+00:00\" \/>\n<meta property=\"article:modified_time\" content=\"2026-04-27T15:07:24+00:00\" \/>\n<meta property=\"og:image\" content=\"https:\/\/smartcherry.cl\/wp-content\/uploads\/2026\/04\/cherry-1.jpg\" \/>\n\t<meta property=\"og:image:width\" content=\"1280\" \/>\n\t<meta property=\"og:image:height\" content=\"960\" \/>\n\t<meta property=\"og:image:type\" content=\"image\/jpeg\" \/>\n<meta name=\"author\" content=\"Jorge Rojas\" \/>\n<meta name=\"twitter:card\" content=\"summary_large_image\" \/>\n<meta name=\"twitter:creator\" content=\"@SmartCherry_cl\" \/>\n<meta name=\"twitter:site\" content=\"@SmartCherry_cl\" \/>\n<meta name=\"twitter:label1\" content=\"Written by\" \/>\n\t<meta name=\"twitter:data1\" content=\"Jorge Rojas\" \/>\n\t<meta name=\"twitter:label2\" content=\"Est. reading time\" \/>\n\t<meta name=\"twitter:data2\" content=\"3 minutes\" \/>\n<script type=\"application\/ld+json\" class=\"yoast-schema-graph\">{\"@context\":\"https:\\\/\\\/schema.org\",\"@graph\":[{\"@type\":\"Article\",\"@id\":\"https:\\\/\\\/smartcherry.cl\\\/postcosecha\\\/empack-refuerza-su-presencia-estrategica-en-eventos-durante-los-proximos-meses\\\/#article\",\"isPartOf\":{\"@id\":\"https:\\\/\\\/smartcherry.cl\\\/postcosecha\\\/empack-refuerza-su-presencia-estrategica-en-eventos-durante-los-proximos-meses\\\/\"},\"author\":{\"name\":\"Jorge Rojas\",\"@id\":\"https:\\\/\\\/smartcherry.cl\\\/#\\\/schema\\\/person\\\/9aa496f36d86127a7a264fba18e84d30\"},\"headline\":\"Empack refuerza su presencia estrat\u00e9gica en eventos durante los pr\u00f3ximos meses\",\"datePublished\":\"2026-04-27T15:06:16+00:00\",\"dateModified\":\"2026-04-27T15:07:24+00:00\",\"mainEntityOfPage\":{\"@id\":\"https:\\\/\\\/smartcherry.cl\\\/postcosecha\\\/empack-refuerza-su-presencia-estrategica-en-eventos-durante-los-proximos-meses\\\/\"},\"wordCount\":260,\"publisher\":{\"@id\":\"https:\\\/\\\/smartcherry.cl\\\/#organization\"},\"image\":{\"@id\":\"https:\\\/\\\/smartcherry.cl\\\/postcosecha\\\/empack-refuerza-su-presencia-estrategica-en-eventos-durante-los-proximos-meses\\\/#primaryimage\"},\"thumbnailUrl\":\"https:\\\/\\\/smartcherry.cl\\\/wp-content\\\/uploads\\\/2026\\\/04\\\/cherry-1.jpg\",\"keywords\":[\"cerezas\",\"smartcherry\",\"Eventos\",\"Empack\"],\"articleSection\":[\"Embalaje\",\"Postcosecha\"],\"inLanguage\":\"en-US\"},{\"@type\":\"WebPage\",\"@id\":\"https:\\\/\\\/smartcherry.cl\\\/postcosecha\\\/empack-refuerza-su-presencia-estrategica-en-eventos-durante-los-proximos-meses\\\/\",\"url\":\"https:\\\/\\\/smartcherry.cl\\\/postcosecha\\\/empack-refuerza-su-presencia-estrategica-en-eventos-durante-los-proximos-meses\\\/\",\"name\":\"Empack refuerza su presencia estrat\u00e9gica en eventos durante los pr\u00f3ximos meses - Smartcherry\",\"isPartOf\":{\"@id\":\"https:\\\/\\\/smartcherry.cl\\\/#website\"},\"primaryImageOfPage\":{\"@id\":\"https:\\\/\\\/smartcherry.cl\\\/postcosecha\\\/empack-refuerza-su-presencia-estrategica-en-eventos-durante-los-proximos-meses\\\/#primaryimage\"},\"image\":{\"@id\":\"https:\\\/\\\/smartcherry.cl\\\/postcosecha\\\/empack-refuerza-su-presencia-estrategica-en-eventos-durante-los-proximos-meses\\\/#primaryimage\"},\"thumbnailUrl\":\"https:\\\/\\\/smartcherry.cl\\\/wp-content\\\/uploads\\\/2026\\\/04\\\/cherry-1.jpg\",\"datePublished\":\"2026-04-27T15:06:16+00:00\",\"dateModified\":\"2026-04-27T15:07:24+00:00\",\"breadcrumb\":{\"@id\":\"https:\\\/\\\/smartcherry.cl\\\/postcosecha\\\/empack-refuerza-su-presencia-estrategica-en-eventos-durante-los-proximos-meses\\\/#breadcrumb\"},\"inLanguage\":\"en-US\",\"potentialAction\":[{\"@type\":\"ReadAction\",\"target\":[\"https:\\\/\\\/smartcherry.cl\\\/postcosecha\\\/empack-refuerza-su-presencia-estrategica-en-eventos-durante-los-proximos-meses\\\/\"]}]},{\"@type\":\"ImageObject\",\"inLanguage\":\"en-US\",\"@id\":\"https:\\\/\\\/smartcherry.cl\\\/postcosecha\\\/empack-refuerza-su-presencia-estrategica-en-eventos-durante-los-proximos-meses\\\/#primaryimage\",\"url\":\"https:\\\/\\\/smartcherry.cl\\\/wp-content\\\/uploads\\\/2026\\\/04\\\/cherry-1.jpg\",\"contentUrl\":\"https:\\\/\\\/smartcherry.cl\\\/wp-content\\\/uploads\\\/2026\\\/04\\\/cherry-1.jpg\",\"width\":1280,\"height\":960},{\"@type\":\"BreadcrumbList\",\"@id\":\"https:\\\/\\\/smartcherry.cl\\\/postcosecha\\\/empack-refuerza-su-presencia-estrategica-en-eventos-durante-los-proximos-meses\\\/#breadcrumb\",\"itemListElement\":[{\"@type\":\"ListItem\",\"position\":1,\"name\":\"Home\",\"item\":\"https:\\\/\\\/smartcherry.cl\\\/\"},{\"@type\":\"ListItem\",\"position\":2,\"name\":\"Postcosecha\",\"item\":\"https:\\\/\\\/smartcherry.cl\\\/category\\\/postcosecha\\\/\"},{\"@type\":\"ListItem\",\"position\":3,\"name\":\"Empack refuerza su presencia estrat\u00e9gica en eventos durante los pr\u00f3ximos meses\"}]},{\"@type\":\"WebSite\",\"@id\":\"https:\\\/\\\/smartcherry.cl\\\/#website\",\"url\":\"https:\\\/\\\/smartcherry.cl\\\/\",\"name\":\"Smartcherry\",\"description\":\"Sitio de Smartcherry\",\"publisher\":{\"@id\":\"https:\\\/\\\/smartcherry.cl\\\/#organization\"},\"potentialAction\":[{\"@type\":\"SearchAction\",\"target\":{\"@type\":\"EntryPoint\",\"urlTemplate\":\"https:\\\/\\\/smartcherry.cl\\\/?s={search_term_string}\"},\"query-input\":{\"@type\":\"PropertyValueSpecification\",\"valueRequired\":true,\"valueName\":\"search_term_string\"}}],\"inLanguage\":\"en-US\"},{\"@type\":\"Organization\",\"@id\":\"https:\\\/\\\/smartcherry.cl\\\/#organization\",\"name\":\"SmartCherry\",\"url\":\"https:\\\/\\\/smartcherry.cl\\\/\",\"logo\":{\"@type\":\"ImageObject\",\"inLanguage\":\"en-US\",\"@id\":\"https:\\\/\\\/smartcherry.cl\\\/#\\\/schema\\\/logo\\\/image\\\/\",\"url\":\"https:\\\/\\\/smartcherry.cl\\\/wp-content\\\/uploads\\\/2022\\\/02\\\/logo_smartcherry.png\",\"contentUrl\":\"https:\\\/\\\/smartcherry.cl\\\/wp-content\\\/uploads\\\/2022\\\/02\\\/logo_smartcherry.png\",\"width\":411,\"height\":84,\"caption\":\"SmartCherry\"},\"image\":{\"@id\":\"https:\\\/\\\/smartcherry.cl\\\/#\\\/schema\\\/logo\\\/image\\\/\"},\"sameAs\":[\"https:\\\/\\\/web.facebook.com\\\/SmartCherry.cl\\\/\",\"https:\\\/\\\/x.com\\\/SmartCherry_cl\",\"https:\\\/\\\/www.linkedin.com\\\/company\\\/smartcherry\\\/\",\"https:\\\/\\\/www.instagram.com\\\/smartcherry_cl\\\/\",\"https:\\\/\\\/www.youtube.com\\\/channel\\\/UCe007LfgFFnntDgCcqICbPQ\"]},{\"@type\":\"Person\",\"@id\":\"https:\\\/\\\/smartcherry.cl\\\/#\\\/schema\\\/person\\\/9aa496f36d86127a7a264fba18e84d30\",\"name\":\"Jorge Rojas\",\"image\":{\"@type\":\"ImageObject\",\"inLanguage\":\"en-US\",\"@id\":\"https:\\\/\\\/smartcherry.cl\\\/wp-content\\\/uploads\\\/2025\\\/04\\\/Imagen-de-WhatsApp-2025-04-10-a-las-12.35.04_f4896bb2-96x96.jpg\",\"url\":\"https:\\\/\\\/smartcherry.cl\\\/wp-content\\\/uploads\\\/2025\\\/04\\\/Imagen-de-WhatsApp-2025-04-10-a-las-12.35.04_f4896bb2-96x96.jpg\",\"contentUrl\":\"https:\\\/\\\/smartcherry.cl\\\/wp-content\\\/uploads\\\/2025\\\/04\\\/Imagen-de-WhatsApp-2025-04-10-a-las-12.35.04_f4896bb2-96x96.jpg\",\"caption\":\"Jorge Rojas\"},\"url\":\"https:\\\/\\\/smartcherry.cl\\\/en\\\/author\\\/jrojasmultiply-cl\\\/\"}]}<\/script>\n<!-- \/ Yoast SEO Premium plugin. -->","yoast_head_json":{"title":"Empack refuerza su presencia estrat\u00e9gica en eventos durante los pr\u00f3ximos meses - Smartcherry","robots":{"index":"index","follow":"follow","max-snippet":"max-snippet:-1","max-image-preview":"max-image-preview:large","max-video-preview":"max-video-preview:-1"},"canonical":"https:\/\/smartcherry.cl\/en\/postcosecha\/empack-refuerza-su-presencia-estrategica-en-eventos-durante-los-proximos-meses\/","og_locale":"en_US","og_type":"article","og_title":"Empack refuerza su presencia estrat\u00e9gica en eventos durante los pr\u00f3ximos meses","og_description":"A partir de abril, los eventos relacionados con el agro y la industria se posicionan como vitrinas esenciales para empresas que buscan mantener una relaci\u00f3n directa y constante con sus [&hellip;]","og_url":"https:\/\/smartcherry.cl\/en\/postcosecha\/empack-refuerza-su-presencia-estrategica-en-eventos-durante-los-proximos-meses\/","og_site_name":"Smartcherry","article_publisher":"https:\/\/web.facebook.com\/SmartCherry.cl\/","article_published_time":"2026-04-27T15:06:16+00:00","article_modified_time":"2026-04-27T15:07:24+00:00","og_image":[{"width":1280,"height":960,"url":"https:\/\/smartcherry.cl\/wp-content\/uploads\/2026\/04\/cherry-1.jpg","type":"image\/jpeg"}],"author":"Jorge Rojas","twitter_card":"summary_large_image","twitter_creator":"@SmartCherry_cl","twitter_site":"@SmartCherry_cl","twitter_misc":{"Written by":"Jorge Rojas","Est. reading time":"3 minutes"},"schema":{"@context":"https:\/\/schema.org","@graph":[{"@type":"Article","@id":"https:\/\/smartcherry.cl\/postcosecha\/empack-refuerza-su-presencia-estrategica-en-eventos-durante-los-proximos-meses\/#article","isPartOf":{"@id":"https:\/\/smartcherry.cl\/postcosecha\/empack-refuerza-su-presencia-estrategica-en-eventos-durante-los-proximos-meses\/"},"author":{"name":"Jorge Rojas","@id":"https:\/\/smartcherry.cl\/#\/schema\/person\/9aa496f36d86127a7a264fba18e84d30"},"headline":"Empack refuerza su presencia estrat\u00e9gica en eventos durante los pr\u00f3ximos meses","datePublished":"2026-04-27T15:06:16+00:00","dateModified":"2026-04-27T15:07:24+00:00","mainEntityOfPage":{"@id":"https:\/\/smartcherry.cl\/postcosecha\/empack-refuerza-su-presencia-estrategica-en-eventos-durante-los-proximos-meses\/"},"wordCount":260,"publisher":{"@id":"https:\/\/smartcherry.cl\/#organization"},"image":{"@id":"https:\/\/smartcherry.cl\/postcosecha\/empack-refuerza-su-presencia-estrategica-en-eventos-durante-los-proximos-meses\/#primaryimage"},"thumbnailUrl":"https:\/\/smartcherry.cl\/wp-content\/uploads\/2026\/04\/cherry-1.jpg","keywords":["cerezas","smartcherry","Eventos","Empack"],"articleSection":["Embalaje","Postcosecha"],"inLanguage":"en-US"},{"@type":"WebPage","@id":"https:\/\/smartcherry.cl\/postcosecha\/empack-refuerza-su-presencia-estrategica-en-eventos-durante-los-proximos-meses\/","url":"https:\/\/smartcherry.cl\/postcosecha\/empack-refuerza-su-presencia-estrategica-en-eventos-durante-los-proximos-meses\/","name":"Empack refuerza su presencia estrat\u00e9gica en eventos durante los pr\u00f3ximos meses - Smartcherry","isPartOf":{"@id":"https:\/\/smartcherry.cl\/#website"},"primaryImageOfPage":{"@id":"https:\/\/smartcherry.cl\/postcosecha\/empack-refuerza-su-presencia-estrategica-en-eventos-durante-los-proximos-meses\/#primaryimage"},"image":{"@id":"https:\/\/smartcherry.cl\/postcosecha\/empack-refuerza-su-presencia-estrategica-en-eventos-durante-los-proximos-meses\/#primaryimage"},"thumbnailUrl":"https:\/\/smartcherry.cl\/wp-content\/uploads\/2026\/04\/cherry-1.jpg","datePublished":"2026-04-27T15:06:16+00:00","dateModified":"2026-04-27T15:07:24+00:00","breadcrumb":{"@id":"https:\/\/smartcherry.cl\/postcosecha\/empack-refuerza-su-presencia-estrategica-en-eventos-durante-los-proximos-meses\/#breadcrumb"},"inLanguage":"en-US","potentialAction":[{"@type":"ReadAction","target":["https:\/\/smartcherry.cl\/postcosecha\/empack-refuerza-su-presencia-estrategica-en-eventos-durante-los-proximos-meses\/"]}]},{"@type":"ImageObject","inLanguage":"en-US","@id":"https:\/\/smartcherry.cl\/postcosecha\/empack-refuerza-su-presencia-estrategica-en-eventos-durante-los-proximos-meses\/#primaryimage","url":"https:\/\/smartcherry.cl\/wp-content\/uploads\/2026\/04\/cherry-1.jpg","contentUrl":"https:\/\/smartcherry.cl\/wp-content\/uploads\/2026\/04\/cherry-1.jpg","width":1280,"height":960},{"@type":"BreadcrumbList","@id":"https:\/\/smartcherry.cl\/postcosecha\/empack-refuerza-su-presencia-estrategica-en-eventos-durante-los-proximos-meses\/#breadcrumb","itemListElement":[{"@type":"ListItem","position":1,"name":"Home","item":"https:\/\/smartcherry.cl\/"},{"@type":"ListItem","position":2,"name":"Postcosecha","item":"https:\/\/smartcherry.cl\/category\/postcosecha\/"},{"@type":"ListItem","position":3,"name":"Empack refuerza su presencia estrat\u00e9gica en eventos durante los pr\u00f3ximos meses"}]},{"@type":"WebSite","@id":"https:\/\/smartcherry.cl\/#website","url":"https:\/\/smartcherry.cl\/","name":"Smartcherry","description":"Smartcherry Site","publisher":{"@id":"https:\/\/smartcherry.cl\/#organization"},"potentialAction":[{"@type":"SearchAction","target":{"@type":"EntryPoint","urlTemplate":"https:\/\/smartcherry.cl\/?s={search_term_string}"},"query-input":{"@type":"PropertyValueSpecification","valueRequired":true,"valueName":"search_term_string"}}],"inLanguage":"en-US"},{"@type":"Organization","@id":"https:\/\/smartcherry.cl\/#organization","name":"SmartCherry","url":"https:\/\/smartcherry.cl\/","logo":{"@type":"ImageObject","inLanguage":"en-US","@id":"https:\/\/smartcherry.cl\/#\/schema\/logo\/image\/","url":"https:\/\/smartcherry.cl\/wp-content\/uploads\/2022\/02\/logo_smartcherry.png","contentUrl":"https:\/\/smartcherry.cl\/wp-content\/uploads\/2022\/02\/logo_smartcherry.png","width":411,"height":84,"caption":"SmartCherry"},"image":{"@id":"https:\/\/smartcherry.cl\/#\/schema\/logo\/image\/"},"sameAs":["https:\/\/web.facebook.com\/SmartCherry.cl\/","https:\/\/x.com\/SmartCherry_cl","https:\/\/www.linkedin.com\/company\/smartcherry\/","https:\/\/www.instagram.com\/smartcherry_cl\/","https:\/\/www.youtube.com\/channel\/UCe007LfgFFnntDgCcqICbPQ"]},{"@type":"Person","@id":"https:\/\/smartcherry.cl\/#\/schema\/person\/9aa496f36d86127a7a264fba18e84d30","name":"Jorge Rojas","image":{"@type":"ImageObject","inLanguage":"en-US","@id":"https:\/\/smartcherry.cl\/wp-content\/uploads\/2025\/04\/Imagen-de-WhatsApp-2025-04-10-a-las-12.35.04_f4896bb2-96x96.jpg","url":"https:\/\/smartcherry.cl\/wp-content\/uploads\/2025\/04\/Imagen-de-WhatsApp-2025-04-10-a-las-12.35.04_f4896bb2-96x96.jpg","contentUrl":"https:\/\/smartcherry.cl\/wp-content\/uploads\/2025\/04\/Imagen-de-WhatsApp-2025-04-10-a-las-12.35.04_f4896bb2-96x96.jpg","caption":"Jorge Rojas"},"url":"https:\/\/smartcherry.cl\/en\/author\/jrojasmultiply-cl\/"}]}},"_links":{"self":[{"href":"https:\/\/smartcherry.cl\/en\/wp-json\/wp\/v2\/posts\/55216","targetHints":{"allow":["GET"]}}],"collection":[{"href":"https:\/\/smartcherry.cl\/en\/wp-json\/wp\/v2\/posts"}],"about":[{"href":"https:\/\/smartcherry.cl\/en\/wp-json\/wp\/v2\/types\/post"}],"author":[{"embeddable":true,"href":"https:\/\/smartcherry.cl\/en\/wp-json\/wp\/v2\/users\/274"}],"replies":[{"embeddable":true,"href":"https:\/\/smartcherry.cl\/en\/wp-json\/wp\/v2\/comments?post=55216"}],"version-history":[{"count":3,"href":"https:\/\/smartcherry.cl\/en\/wp-json\/wp\/v2\/posts\/55216\/revisions"}],"predecessor-version":[{"id":55226,"href":"https:\/\/smartcherry.cl\/en\/wp-json\/wp\/v2\/posts\/55216\/revisions\/55226"}],"wp:featuredmedia":[{"embeddable":true,"href":"https:\/\/smartcherry.cl\/en\/wp-json\/wp\/v2\/media\/55217"}],"wp:attachment":[{"href":"https:\/\/smartcherry.cl\/en\/wp-json\/wp\/v2\/media?parent=55216"}],"wp:term":[{"taxonomy":"category","embeddable":true,"href":"https:\/\/smartcherry.cl\/en\/wp-json\/wp\/v2\/categories?post=55216"},{"taxonomy":"post_tag","embeddable":true,"href":"https:\/\/smartcherry.cl\/en\/wp-json\/wp\/v2\/tags?post=55216"},{"taxonomy":"category_proveedor","embeddable":true,"href":"https:\/\/smartcherry.cl\/en\/wp-json\/wp\/v2\/category_proveedor?post=55216"},{"taxonomy":"pais","embeddable":true,"href":"https:\/\/smartcherry.cl\/en\/wp-json\/wp\/v2\/pais?post=55216"}],"curies":[{"name":"wp","href":"https:\/\/api.w.org\/{rel}","templated":true}]}}