{"id":54067,"date":"2026-03-10T12:47:37","date_gmt":"2026-03-10T15:47:37","guid":{"rendered":"https:\/\/smartcherry.cl\/?p=54067"},"modified":"2026-03-10T14:27:20","modified_gmt":"2026-03-10T17:27:20","slug":"a-horas-del-cambio-de-gobierno-subsecretaria-de-la-subrei-claudia-sanhueza-realiza-balance-de-gestion-la-fruta-chilena-necesita-mas-mercados-mas-articulacion-y-una-defensa-comercial-perma","status":"publish","type":"post","link":"https:\/\/smartcherry.cl\/en\/noticias\/a-horas-del-cambio-de-gobierno-subsecretaria-de-la-subrei-claudia-sanhueza-realiza-balance-de-gestion-la-fruta-chilena-necesita-mas-mercados-mas-articulacion-y-una-defensa-comercial-perma\/","title":{"rendered":"Subsecretaria de la Subrei realiza balance de gesti\u00f3n: \u201cLa fruta chilena necesita m\u00e1s mercados, m\u00e1s articulaci\u00f3n y una defensa comercial permanente\u201d"},"content":{"rendered":"<p><strong><em>La autoridad pone el foco en una agenda donde la fruta aparece como un sector estrat\u00e9gico para la diversificaci\u00f3n exportadora de Chile, relevando hitos como el Systems Approach para la uva de mesa en Estados Unidos, el impulso a negociaciones con India y las conversaciones para ampliar la presencia chilena en Asia-Pac\u00edfico.<\/em><\/strong><\/p>\n\n\n\n<p>Pero junto con los avances en apertura y defensa de mercados, Sanhueza subraya un eje que atraviesa toda su gesti\u00f3n: La articulaci\u00f3n p\u00fablico-privada como condici\u00f3n indispensable para avanzar. Desde las Mesas Comex hasta el trabajo conjunto con Frutas de Chile, su balance muestra una pol\u00edtica comercial m\u00e1s coordinada con el sector productivo, los servicios del Estado y las regiones, en momentos en que la institucionalidad debe reaccionar con mayor rapidez frente a riesgos externos, exigencias regulatorias y decisiones que pueden golpear directamente a la agroexportaci\u00f3n.<\/p>\n\n\n\n<p>La conversaci\u00f3n abre espacio a ampliar lo que fue su gesti\u00f3n. Sanhueza releva la modernizaci\u00f3n de acuerdos comerciales, el di\u00e1logo con Europa y otros destinos en materias de sostenibilidad y debida diligencia, y una visi\u00f3n de pol\u00edtica comercial que busca hacer m\u00e1s inclusivo el comercio exterior chileno, incorporando nuevas empresas y m\u00e1s liderazgo femenino.<\/p>\n\n\n\n<p>As\u00ed, su paso por la Subrei no s\u00f3lo deja una agenda de negociaciones y protocolos, sino tambi\u00e9n una definici\u00f3n pol\u00edtica: Para Chile, fortalecer la fruta en los mercados internacionales exige trabajo t\u00e9cnico, visi\u00f3n estrat\u00e9gica y una alianza s\u00f3lida entre sector p\u00fablico y privado.<\/p>\n\n\n\n<figure class=\"wp-block-image aligncenter size-full\"><img fetchpriority=\"high\" decoding=\"async\" width=\"870\" height=\"687\" src=\"https:\/\/smartcherry.cl\/wp-content\/uploads\/2026\/03\/Claudia-Sanhueza.jpg\" alt=\"\" class=\"wp-image-54069\" srcset=\"https:\/\/smartcherry.cl\/wp-content\/uploads\/2026\/03\/Claudia-Sanhueza.jpg 870w, https:\/\/smartcherry.cl\/wp-content\/uploads\/2026\/03\/Claudia-Sanhueza-300x237.jpg 300w, https:\/\/smartcherry.cl\/wp-content\/uploads\/2026\/03\/Claudia-Sanhueza-768x606.jpg 768w, https:\/\/smartcherry.cl\/wp-content\/uploads\/2026\/03\/Claudia-Sanhueza-15x12.jpg 15w\" sizes=\"(max-width: 870px) 100vw, 870px\" \/><figcaption class=\"wp-element-caption\"><strong>Claudia Sanhueza, Subsecretaria de la Subrei.<\/strong><\/figcaption><\/figure>\n\n\n\n<p>&#8211; <strong>Al cerrar su per\u00edodo encabezando la Subrei \u00bfCu\u00e1les dir\u00eda que fueron los tres hitos m\u00e1s importantes para el sector frut\u00edcola de Chile en materia de apertura y defensa de mercados?<\/strong><br>En t\u00e9rminos generales, uno de los \u00e9nfasis importantes de nuestra gesti\u00f3n fue trabajar en una articulaci\u00f3n de la pol\u00edtica comercial con el desarrollo econ\u00f3mico nacional, en coordinaci\u00f3n con el sector privado, otros servicios del Estado y las regiones, a trav\u00e9s de las Mesas Comex. Aunque Chile tiene relativamente solucionadas las barreras arancelarias, por los acuerdos que ha firmado con diversos actores internacionales, todav\u00eda hay barreras no arancelarias. Y a eso nos hemos dedicado a trabajar.<\/p>\n\n\n\n<p>En ese sentido, uno de los principales hitos fue el acuerdo con Estados Unidos por la puesta en marcha del Systems Approach para la uva de mesa chilena, luego de 24 a\u00f1os de trabajo. Este protocolo permite a los exportadores de Atacama, Coquimbo y de parte de Valpara\u00edso alcanzar una posici\u00f3n competitiva frente a la creciente competencia de otros pa\u00edses del hemisferio sur que env\u00edan esta fruta al mercado estadounidense. Sabemos que en la actualidad su operaci\u00f3n est\u00e1 paralizada luego de un requerimiento judicial en Estados Unidos, pero confiamos en que se resuelva de la mejor manera para los intereses nacionales.<\/p>\n\n\n\n<p>A lo anterior se suma que hemos abierto negociaciones en este per\u00edodo para mercados muy apetecidos por los exportadores frut\u00edcolas, como lo es India, una potencia mundial de 1.400 millones de habitantes. Esperamos que estas conversaciones pronto lleguen a buen puerto.<\/p>\n\n\n\n<p>Tambi\u00e9n estamos en conversaciones para ingresar al Asociaci\u00f3n Econ\u00f3mica Integral Regional, que re\u00fane a pa\u00edses del Asia-Pac\u00edfico, incluyendo a Asean, China, Jap\u00f3n, Corea del Sur, Australia y Nueva Zelanda y que abarca a cerca de un tercio del PIB mundial y a un 30% de la poblaci\u00f3n global. De concretarse, ser\u00eda una muy buena noticia para el sector exportador.<\/p>\n\n\n\n<p><strong>&#8211; En su gesti\u00f3n se empuj\u00f3 con fuerza la agenda de modernizaci\u00f3n de acuerdos \u00bfCu\u00e1les destacar\u00eda en este proceso? \u00bfQu\u00e9 pas\u00f3 finalmente con el CEPA entre Chile e India, en qu\u00e9 etapa se encuentra?<\/strong><br>Durante la administraci\u00f3n del Presidente Gabriel Boric hemos modernizado importantes acuerdos comerciales. Entre ellos, se encuentran la modernizaci\u00f3n del Acuerdo de Asociaci\u00f3n con la Uni\u00f3n Europea, la firma del CEPA entre Chile y Emiratos \u00c1rabes Unidos, y un acuerdo de alcance parcial con Trinidad y Tobago. Adem\u00e1s, el a\u00f1o pasado se iniciaron negociaciones para alcanzar un CEPA con Filipinas.<\/p>\n\n\n\n<p>Del mismo modo, se actualiz\u00f3 el Acuerdo con la Asociaci\u00f3n Europea de Libre Comercio (EFTA) y el Tratado de Libre Comercio entre Chile y M\u00e9xico. Respecto de India, y como se\u00f1al\u00e9 anteriormente, las conversaciones para lograr un CEPA, han continuado de manera fruct\u00edfera, con el objetivo de que puedan llegar a un cierre positivo para los intereses de Chile.<\/p>\n\n\n\n<p>&#8211; <strong>Las mayores trabas para el sector muchas veces no son arancelarias, sin embargo, los aranceles de 10% de EE.UU. han puesto desaf\u00edos para el sector exportador chileno, especialmente las frutas frescas, cuyo principal mercado es el estadounidense en t\u00e9rminos de volumen. Usted encabez\u00f3 negociaciones al respecto. \u00bfC\u00f3mo avanzan las conversaciones? \u00bfCree que es posible volver a la estructura arancelaria que Chile pose\u00eda, de acuerdo al TLC con ese pa\u00eds?<\/strong><br>Hemos enfrentado esta compleja situaci\u00f3n con pragmatismo y tomando en cuenta los intereses de Chile. Por ahora, un poco m\u00e1s de la mitad de la canasta exportadora se encuentra con arancel cero, dado que son c\u00e1todos de cobre y productos que Estados Unidos ha decidido mantener en su arancel de Naci\u00f3n M\u00e1s Favorecida, que, en el caso de Chile, es cero. Nuestros equipos se han mantenido desplegados haciendo seguimiento a los desarrollos y actualizaciones, adem\u00e1s de estar abiertos al di\u00e1logo con las respectivas contrapartes de ese pa\u00eds, como lo son el USTR y el Departamento de Comercio.<\/p>\n\n\n\n<p>&#8211; <strong>\u00bfQu\u00e9 tan preparada queda la institucionalidad para reaccionar r\u00e1pido ante medidas que golpeen al sector agrofrut\u00edcola?<\/strong><br>La institucionalidad se ha ajustado y se ha fortalecido para enfrentar el escenario. Por una parte, desde la Subrei los equipos tienen reuniones mensuales con nuestras contrapartes en Estados Unidos, el USTR y Departamento de Comercio, y se encuentran en monitoreo constante. Esta experiencia tambi\u00e9n dej\u00f3 consolidado el Grupo P\u00fablico-Privado, instancia de coordinaci\u00f3n nacional creada en 2025 y en el que participan gremios del sector agroindustrial.<\/p>\n\n\n\n<p><strong>&#8211; Europa y otros destinos est\u00e1n elevando el est\u00e1ndar en sostenibilidad, debida diligencia y reporte. \u00bfQu\u00e9 tareas considera que quedan pendientes para que los exportadores frut\u00edcolas puedan cumplir sin perder competitividad ni quedar fuera de la cadena?<\/strong><br>En materia de sostenibilidad, con la entrada en vigor del Acuerdo Comercial Interino UE-Chile (ITA), logramos avanzar en uno de los compromisos ambientales m\u00e1s ambiciosos. Para ello, el primer paso que dimos fue la reuni\u00f3n del Subcomit\u00e9 de Comercio y Desarrollo Sostenible del ITA, en noviembre de 2025. Esa instancia sin duda es \u00fatil para los exportadores frut\u00edcolas, porque permite un di\u00e1logo director para las materias que le interesan al sector y que puede profundizar, ya que son temas de inter\u00e9s tanto de Chile como de la Uni\u00f3n Europea.<\/p>\n\n\n\n<p>Este mismo di\u00e1logo se ha tenido con los miembros del Tratado Integral y Progresista de Asociaci\u00f3n Transpac\u00edfico. En resumen, existen las instancias para dialogar sobre sostenibilidad que los exportadores frut\u00edcolas pueden aprovechar.<\/p>\n\n\n\n<p><strong>&#8211; Usted fue la primera mujer en liderar la Subrei. \u00bfC\u00f3mo definir\u00eda esta experiencia?\u00a0<\/strong><br>Ha sido un gran desaf\u00edo encabezar la Subsecretar\u00eda de Relaciones Econ\u00f3micas Internacionales en este per\u00edodo y estoy agradecida de la confianza del Presidente Gabriel Boric para liderarla. La pol\u00edtica comercial es clave para la econom\u00eda de nuestro pa\u00eds desde sus inicios, siempre muy vinculada a nuestros minerales cr\u00edticos. Sin embargo, otros sectores productivos, como, por ejemplo, el agr\u00edcola, son cada vez m\u00e1s importantes. Hoy d\u00eda, el desaf\u00edo es diversificar esa canasta exportadora y abrir oportunidades para nuevas empresas que quieran realizar env\u00edos al extranjero, muchas de ellas encabezadas por mujeres. De esta manera, hacer m\u00e1s inclusivo el comercio internacional.<\/p>\n\n\n\n<p>En ese sentido, hemos continuado con la incorporaci\u00f3n de manera progresiva de cap\u00edtulos de G\u00e9nero y Empoderamiento Econ\u00f3mico de las Mujeres en los Acuerdos Econ\u00f3micos Comerciales que Chile suscribe. Ya sumamos nueve cap\u00edtulos en acuerdos comerciales suscritos con Uruguay, Canad\u00e1, Argentina, Brasil, Ecuador, Paraguay, la Uni\u00f3n Europea, Singapur -a trav\u00e9s de la Alianza del Pac\u00edfico- y Emiratos \u00c1rabes Unidos. Todos ellos se encuentran en vigor.<\/p>\n\n\n\n<p>Adem\u00e1s, se encuentra en tramitaci\u00f3n legislativa el Protocolo que adiciona los cap\u00edtulos de G\u00e9nero y Comercio, y de Micro, Peque\u00f1as y Medianas Empresas al Tratado de Libre Comercio entre Chile y M\u00e9xico. Tambi\u00e9n, el a\u00f1o pasado fue suscrito el Protocolo de modernizaci\u00f3n y profundizaci\u00f3n del Acuerdo de Complementaci\u00f3n Econ\u00f3mica con Bolivia, que incorpora cap\u00edtulos sobre Comercio y G\u00e9nero, y sobre MiPyme&nbsp;y Cooperativas. En las negociaciones del CEPA con Filipinas e India tambi\u00e9n est\u00e1n contemplados cap\u00edtulos de g\u00e9nero.<\/p>\n\n\n\n<p><strong>Fountain:<\/strong> Frutas de Chile<\/p>","protected":false},"excerpt":{"rendered":"<p>Al cerrar su per\u00edodo al frente de la Subsecretar\u00eda de Relaciones Econ\u00f3micas Internacionales, Claudia Sanhueza deja una se\u00f1al clara para el sector frut\u00edcola chileno: La inserci\u00f3n internacional de la fruta no se juega s\u00f3lo en los aranceles, sino tambi\u00e9n en la capacidad del pa\u00eds para destrabar barreras no arancelarias, abrir nuevos mercados y responder con agilidad a un escenario global cada vez m\u00e1s exigente.<\/p>","protected":false},"author":273,"featured_media":54068,"comment_status":"closed","ping_status":"open","sticky":false,"template":"","format":"standard","meta":{"_acf_changed":false,"inline_featured_image":false,"footnotes":""},"categories":[35],"tags":[278,2819,4063,4471],"category_proveedor":[],"pais":[],"class_list":["post-54067","post","type-post","status-publish","format-standard","has-post-thumbnail","hentry","category-noticias","tag-exportaciones","tag-fruta-fresca","tag-subrei","tag-claudia-sanhueza"],"acf":[],"yoast_head":"<!-- This site is optimized with the Yoast SEO Premium plugin v21.3 (Yoast SEO v27.3) - https:\/\/yoast.com\/product\/yoast-seo-premium-wordpress\/ -->\n<title>Subsecretaria de la Subrei realiza balance de gesti\u00f3n: \u201cLa fruta chilena necesita m\u00e1s mercados, m\u00e1s articulaci\u00f3n y una defensa comercial permanente\u201d - Smartcherry<\/title>\n<meta name=\"description\" content=\"La autoridad pone el foco en una agenda donde la fruta aparece como un sector estrat\u00e9gico para la diversificaci\u00f3n exportadora de Chile, relevando hitos como el Systems Approach para la uva de mesa en Estados Unidos, el impulso a negociaciones con India y las conversaciones para ampliar la presencia chilena en Asia-Pac\u00edfico.\" \/>\n<meta name=\"robots\" content=\"index, follow, max-snippet:-1, max-image-preview:large, max-video-preview:-1\" \/>\n<link rel=\"canonical\" href=\"https:\/\/smartcherry.cl\/en\/noticias\/a-horas-del-cambio-de-gobierno-subsecretaria-de-la-subrei-claudia-sanhueza-realiza-balance-de-gestion-la-fruta-chilena-necesita-mas-mercados-mas-articulacion-y-una-defensa-comercial-perma\/\" \/>\n<meta property=\"og:locale\" content=\"en_US\" \/>\n<meta property=\"og:type\" content=\"article\" \/>\n<meta property=\"og:title\" content=\"Subsecretaria de la Subrei realiza balance de gesti\u00f3n: \u201cLa fruta chilena necesita m\u00e1s mercados, m\u00e1s articulaci\u00f3n y una defensa comercial permanente\u201d\" \/>\n<meta property=\"og:description\" content=\"La autoridad pone el foco en una agenda donde la fruta aparece como un sector estrat\u00e9gico para la diversificaci\u00f3n exportadora de Chile, relevando hitos como el Systems Approach para la uva de mesa en Estados Unidos, el impulso a negociaciones con India y las conversaciones para ampliar la presencia chilena en Asia-Pac\u00edfico.\" \/>\n<meta property=\"og:url\" content=\"https:\/\/smartcherry.cl\/en\/noticias\/a-horas-del-cambio-de-gobierno-subsecretaria-de-la-subrei-claudia-sanhueza-realiza-balance-de-gestion-la-fruta-chilena-necesita-mas-mercados-mas-articulacion-y-una-defensa-comercial-perma\/\" \/>\n<meta property=\"og:site_name\" content=\"Smartcherry\" \/>\n<meta property=\"article:publisher\" content=\"https:\/\/web.facebook.com\/SmartCherry.cl\/\" \/>\n<meta property=\"article:published_time\" content=\"2026-03-10T15:47:37+00:00\" \/>\n<meta property=\"article:modified_time\" content=\"2026-03-10T17:27:20+00:00\" \/>\n<meta property=\"og:image\" content=\"https:\/\/smartcherry.cl\/wp-content\/uploads\/2026\/03\/WhatsApp-Image-2026-03-10-at-10.53.42-AM.jpeg\" \/>\n\t<meta property=\"og:image:width\" content=\"1327\" \/>\n\t<meta property=\"og:image:height\" content=\"768\" \/>\n\t<meta property=\"og:image:type\" content=\"image\/jpeg\" \/>\n<meta name=\"author\" content=\"Beatriz Parra\" \/>\n<meta name=\"twitter:card\" content=\"summary_large_image\" \/>\n<meta name=\"twitter:creator\" content=\"@SmartCherry_cl\" \/>\n<meta name=\"twitter:site\" content=\"@SmartCherry_cl\" \/>\n<meta name=\"twitter:label1\" content=\"Written by\" \/>\n\t<meta name=\"twitter:data1\" content=\"Beatriz Parra\" \/>\n\t<meta name=\"twitter:label2\" content=\"Est. reading time\" \/>\n\t<meta name=\"twitter:data2\" content=\"7 minutes\" \/>\n<script type=\"application\/ld+json\" class=\"yoast-schema-graph\">{\"@context\":\"https:\\\/\\\/schema.org\",\"@graph\":[{\"@type\":\"Article\",\"@id\":\"https:\\\/\\\/smartcherry.cl\\\/noticias\\\/a-horas-del-cambio-de-gobierno-subsecretaria-de-la-subrei-claudia-sanhueza-realiza-balance-de-gestion-la-fruta-chilena-necesita-mas-mercados-mas-articulacion-y-una-defensa-comercial-perma\\\/#article\",\"isPartOf\":{\"@id\":\"https:\\\/\\\/smartcherry.cl\\\/noticias\\\/a-horas-del-cambio-de-gobierno-subsecretaria-de-la-subrei-claudia-sanhueza-realiza-balance-de-gestion-la-fruta-chilena-necesita-mas-mercados-mas-articulacion-y-una-defensa-comercial-perma\\\/\"},\"author\":{\"name\":\"Beatriz Parra\",\"@id\":\"https:\\\/\\\/smartcherry.cl\\\/#\\\/schema\\\/person\\\/604ed44370e96b081064b745ca461407\"},\"headline\":\"Subsecretaria de la Subrei realiza balance de gesti\u00f3n: \u201cLa fruta chilena necesita m\u00e1s mercados, m\u00e1s articulaci\u00f3n y una defensa comercial permanente\u201d\",\"datePublished\":\"2026-03-10T15:47:37+00:00\",\"dateModified\":\"2026-03-10T17:27:20+00:00\",\"mainEntityOfPage\":{\"@id\":\"https:\\\/\\\/smartcherry.cl\\\/noticias\\\/a-horas-del-cambio-de-gobierno-subsecretaria-de-la-subrei-claudia-sanhueza-realiza-balance-de-gestion-la-fruta-chilena-necesita-mas-mercados-mas-articulacion-y-una-defensa-comercial-perma\\\/\"},\"wordCount\":1533,\"publisher\":{\"@id\":\"https:\\\/\\\/smartcherry.cl\\\/#organization\"},\"image\":{\"@id\":\"https:\\\/\\\/smartcherry.cl\\\/noticias\\\/a-horas-del-cambio-de-gobierno-subsecretaria-de-la-subrei-claudia-sanhueza-realiza-balance-de-gestion-la-fruta-chilena-necesita-mas-mercados-mas-articulacion-y-una-defensa-comercial-perma\\\/#primaryimage\"},\"thumbnailUrl\":\"https:\\\/\\\/smartcherry.cl\\\/wp-content\\\/uploads\\\/2026\\\/03\\\/WhatsApp-Image-2026-03-10-at-10.53.42-AM.jpeg\",\"keywords\":[\"exportaciones\",\"Fruta fresca\",\"subrei\",\"Claudia Sanhueza\"],\"articleSection\":[\"Noticias\"],\"inLanguage\":\"en-US\"},{\"@type\":\"WebPage\",\"@id\":\"https:\\\/\\\/smartcherry.cl\\\/noticias\\\/a-horas-del-cambio-de-gobierno-subsecretaria-de-la-subrei-claudia-sanhueza-realiza-balance-de-gestion-la-fruta-chilena-necesita-mas-mercados-mas-articulacion-y-una-defensa-comercial-perma\\\/\",\"url\":\"https:\\\/\\\/smartcherry.cl\\\/noticias\\\/a-horas-del-cambio-de-gobierno-subsecretaria-de-la-subrei-claudia-sanhueza-realiza-balance-de-gestion-la-fruta-chilena-necesita-mas-mercados-mas-articulacion-y-una-defensa-comercial-perma\\\/\",\"name\":\"Subsecretaria de la Subrei realiza balance de gesti\u00f3n: \u201cLa fruta chilena necesita m\u00e1s mercados, m\u00e1s articulaci\u00f3n y una defensa comercial permanente\u201d - Smartcherry\",\"isPartOf\":{\"@id\":\"https:\\\/\\\/smartcherry.cl\\\/#website\"},\"primaryImageOfPage\":{\"@id\":\"https:\\\/\\\/smartcherry.cl\\\/noticias\\\/a-horas-del-cambio-de-gobierno-subsecretaria-de-la-subrei-claudia-sanhueza-realiza-balance-de-gestion-la-fruta-chilena-necesita-mas-mercados-mas-articulacion-y-una-defensa-comercial-perma\\\/#primaryimage\"},\"image\":{\"@id\":\"https:\\\/\\\/smartcherry.cl\\\/noticias\\\/a-horas-del-cambio-de-gobierno-subsecretaria-de-la-subrei-claudia-sanhueza-realiza-balance-de-gestion-la-fruta-chilena-necesita-mas-mercados-mas-articulacion-y-una-defensa-comercial-perma\\\/#primaryimage\"},\"thumbnailUrl\":\"https:\\\/\\\/smartcherry.cl\\\/wp-content\\\/uploads\\\/2026\\\/03\\\/WhatsApp-Image-2026-03-10-at-10.53.42-AM.jpeg\",\"datePublished\":\"2026-03-10T15:47:37+00:00\",\"dateModified\":\"2026-03-10T17:27:20+00:00\",\"description\":\"La autoridad pone el foco en una agenda donde la fruta aparece como un sector estrat\u00e9gico para la diversificaci\u00f3n exportadora de Chile, relevando hitos como el Systems Approach para la uva de mesa en Estados Unidos, el impulso a negociaciones con India y las conversaciones para ampliar la presencia chilena en Asia-Pac\u00edfico.\",\"breadcrumb\":{\"@id\":\"https:\\\/\\\/smartcherry.cl\\\/noticias\\\/a-horas-del-cambio-de-gobierno-subsecretaria-de-la-subrei-claudia-sanhueza-realiza-balance-de-gestion-la-fruta-chilena-necesita-mas-mercados-mas-articulacion-y-una-defensa-comercial-perma\\\/#breadcrumb\"},\"inLanguage\":\"en-US\",\"potentialAction\":[{\"@type\":\"ReadAction\",\"target\":[\"https:\\\/\\\/smartcherry.cl\\\/noticias\\\/a-horas-del-cambio-de-gobierno-subsecretaria-de-la-subrei-claudia-sanhueza-realiza-balance-de-gestion-la-fruta-chilena-necesita-mas-mercados-mas-articulacion-y-una-defensa-comercial-perma\\\/\"]}]},{\"@type\":\"ImageObject\",\"inLanguage\":\"en-US\",\"@id\":\"https:\\\/\\\/smartcherry.cl\\\/noticias\\\/a-horas-del-cambio-de-gobierno-subsecretaria-de-la-subrei-claudia-sanhueza-realiza-balance-de-gestion-la-fruta-chilena-necesita-mas-mercados-mas-articulacion-y-una-defensa-comercial-perma\\\/#primaryimage\",\"url\":\"https:\\\/\\\/smartcherry.cl\\\/wp-content\\\/uploads\\\/2026\\\/03\\\/WhatsApp-Image-2026-03-10-at-10.53.42-AM.jpeg\",\"contentUrl\":\"https:\\\/\\\/smartcherry.cl\\\/wp-content\\\/uploads\\\/2026\\\/03\\\/WhatsApp-Image-2026-03-10-at-10.53.42-AM.jpeg\",\"width\":1327,\"height\":768},{\"@type\":\"BreadcrumbList\",\"@id\":\"https:\\\/\\\/smartcherry.cl\\\/noticias\\\/a-horas-del-cambio-de-gobierno-subsecretaria-de-la-subrei-claudia-sanhueza-realiza-balance-de-gestion-la-fruta-chilena-necesita-mas-mercados-mas-articulacion-y-una-defensa-comercial-perma\\\/#breadcrumb\",\"itemListElement\":[{\"@type\":\"ListItem\",\"position\":1,\"name\":\"Home\",\"item\":\"https:\\\/\\\/smartcherry.cl\\\/\"},{\"@type\":\"ListItem\",\"position\":2,\"name\":\"Noticias\",\"item\":\"https:\\\/\\\/smartcherry.cl\\\/category\\\/noticias\\\/\"},{\"@type\":\"ListItem\",\"position\":3,\"name\":\"Subsecretaria de la Subrei realiza balance de gesti\u00f3n: \u201cLa fruta chilena necesita m\u00e1s mercados, m\u00e1s articulaci\u00f3n y una defensa comercial permanente\u201d\"}]},{\"@type\":\"WebSite\",\"@id\":\"https:\\\/\\\/smartcherry.cl\\\/#website\",\"url\":\"https:\\\/\\\/smartcherry.cl\\\/\",\"name\":\"Smartcherry\",\"description\":\"Sitio de Smartcherry\",\"publisher\":{\"@id\":\"https:\\\/\\\/smartcherry.cl\\\/#organization\"},\"potentialAction\":[{\"@type\":\"SearchAction\",\"target\":{\"@type\":\"EntryPoint\",\"urlTemplate\":\"https:\\\/\\\/smartcherry.cl\\\/?s={search_term_string}\"},\"query-input\":{\"@type\":\"PropertyValueSpecification\",\"valueRequired\":true,\"valueName\":\"search_term_string\"}}],\"inLanguage\":\"en-US\"},{\"@type\":\"Organization\",\"@id\":\"https:\\\/\\\/smartcherry.cl\\\/#organization\",\"name\":\"SmartCherry\",\"url\":\"https:\\\/\\\/smartcherry.cl\\\/\",\"logo\":{\"@type\":\"ImageObject\",\"inLanguage\":\"en-US\",\"@id\":\"https:\\\/\\\/smartcherry.cl\\\/#\\\/schema\\\/logo\\\/image\\\/\",\"url\":\"https:\\\/\\\/smartcherry.cl\\\/wp-content\\\/uploads\\\/2022\\\/02\\\/logo_smartcherry.png\",\"contentUrl\":\"https:\\\/\\\/smartcherry.cl\\\/wp-content\\\/uploads\\\/2022\\\/02\\\/logo_smartcherry.png\",\"width\":411,\"height\":84,\"caption\":\"SmartCherry\"},\"image\":{\"@id\":\"https:\\\/\\\/smartcherry.cl\\\/#\\\/schema\\\/logo\\\/image\\\/\"},\"sameAs\":[\"https:\\\/\\\/web.facebook.com\\\/SmartCherry.cl\\\/\",\"https:\\\/\\\/x.com\\\/SmartCherry_cl\",\"https:\\\/\\\/www.linkedin.com\\\/company\\\/smartcherry\\\/\",\"https:\\\/\\\/www.instagram.com\\\/smartcherry_cl\\\/\",\"https:\\\/\\\/www.youtube.com\\\/channel\\\/UCe007LfgFFnntDgCcqICbPQ\"]},{\"@type\":\"Person\",\"@id\":\"https:\\\/\\\/smartcherry.cl\\\/#\\\/schema\\\/person\\\/604ed44370e96b081064b745ca461407\",\"name\":\"Beatriz Parra\",\"image\":{\"@type\":\"ImageObject\",\"inLanguage\":\"en-US\",\"@id\":\"https:\\\/\\\/smartcherry.cl\\\/wp-content\\\/uploads\\\/2025\\\/01\\\/POST-96x96.png\",\"url\":\"https:\\\/\\\/smartcherry.cl\\\/wp-content\\\/uploads\\\/2025\\\/01\\\/POST-96x96.png\",\"contentUrl\":\"https:\\\/\\\/smartcherry.cl\\\/wp-content\\\/uploads\\\/2025\\\/01\\\/POST-96x96.png\",\"caption\":\"Beatriz Parra\"},\"url\":\"https:\\\/\\\/smartcherry.cl\\\/en\\\/author\\\/bparra\\\/\"}]}<\/script>\n<!-- \/ Yoast SEO Premium plugin. -->","yoast_head_json":{"title":"Subsecretaria de la Subrei realiza balance de gesti\u00f3n: \u201cLa fruta chilena necesita m\u00e1s mercados, m\u00e1s articulaci\u00f3n y una defensa comercial permanente\u201d - Smartcherry","description":"La autoridad pone el foco en una agenda donde la fruta aparece como un sector estrat\u00e9gico para la diversificaci\u00f3n exportadora de Chile, relevando hitos como el Systems Approach para la uva de mesa en Estados Unidos, el impulso a negociaciones con India y las conversaciones para ampliar la presencia chilena en Asia-Pac\u00edfico.","robots":{"index":"index","follow":"follow","max-snippet":"max-snippet:-1","max-image-preview":"max-image-preview:large","max-video-preview":"max-video-preview:-1"},"canonical":"https:\/\/smartcherry.cl\/en\/noticias\/a-horas-del-cambio-de-gobierno-subsecretaria-de-la-subrei-claudia-sanhueza-realiza-balance-de-gestion-la-fruta-chilena-necesita-mas-mercados-mas-articulacion-y-una-defensa-comercial-perma\/","og_locale":"en_US","og_type":"article","og_title":"Subsecretaria de la Subrei realiza balance de gesti\u00f3n: \u201cLa fruta chilena necesita m\u00e1s mercados, m\u00e1s articulaci\u00f3n y una defensa comercial permanente\u201d","og_description":"La autoridad pone el foco en una agenda donde la fruta aparece como un sector estrat\u00e9gico para la diversificaci\u00f3n exportadora de Chile, relevando hitos como el Systems Approach para la uva de mesa en Estados Unidos, el impulso a negociaciones con India y las conversaciones para ampliar la presencia chilena en Asia-Pac\u00edfico.","og_url":"https:\/\/smartcherry.cl\/en\/noticias\/a-horas-del-cambio-de-gobierno-subsecretaria-de-la-subrei-claudia-sanhueza-realiza-balance-de-gestion-la-fruta-chilena-necesita-mas-mercados-mas-articulacion-y-una-defensa-comercial-perma\/","og_site_name":"Smartcherry","article_publisher":"https:\/\/web.facebook.com\/SmartCherry.cl\/","article_published_time":"2026-03-10T15:47:37+00:00","article_modified_time":"2026-03-10T17:27:20+00:00","og_image":[{"width":1327,"height":768,"url":"https:\/\/smartcherry.cl\/wp-content\/uploads\/2026\/03\/WhatsApp-Image-2026-03-10-at-10.53.42-AM.jpeg","type":"image\/jpeg"}],"author":"Beatriz Parra","twitter_card":"summary_large_image","twitter_creator":"@SmartCherry_cl","twitter_site":"@SmartCherry_cl","twitter_misc":{"Written by":"Beatriz Parra","Est. reading time":"7 minutes"},"schema":{"@context":"https:\/\/schema.org","@graph":[{"@type":"Article","@id":"https:\/\/smartcherry.cl\/noticias\/a-horas-del-cambio-de-gobierno-subsecretaria-de-la-subrei-claudia-sanhueza-realiza-balance-de-gestion-la-fruta-chilena-necesita-mas-mercados-mas-articulacion-y-una-defensa-comercial-perma\/#article","isPartOf":{"@id":"https:\/\/smartcherry.cl\/noticias\/a-horas-del-cambio-de-gobierno-subsecretaria-de-la-subrei-claudia-sanhueza-realiza-balance-de-gestion-la-fruta-chilena-necesita-mas-mercados-mas-articulacion-y-una-defensa-comercial-perma\/"},"author":{"name":"Beatriz Parra","@id":"https:\/\/smartcherry.cl\/#\/schema\/person\/604ed44370e96b081064b745ca461407"},"headline":"Subsecretaria de la Subrei realiza balance de gesti\u00f3n: \u201cLa fruta chilena necesita m\u00e1s mercados, m\u00e1s articulaci\u00f3n y una defensa comercial permanente\u201d","datePublished":"2026-03-10T15:47:37+00:00","dateModified":"2026-03-10T17:27:20+00:00","mainEntityOfPage":{"@id":"https:\/\/smartcherry.cl\/noticias\/a-horas-del-cambio-de-gobierno-subsecretaria-de-la-subrei-claudia-sanhueza-realiza-balance-de-gestion-la-fruta-chilena-necesita-mas-mercados-mas-articulacion-y-una-defensa-comercial-perma\/"},"wordCount":1533,"publisher":{"@id":"https:\/\/smartcherry.cl\/#organization"},"image":{"@id":"https:\/\/smartcherry.cl\/noticias\/a-horas-del-cambio-de-gobierno-subsecretaria-de-la-subrei-claudia-sanhueza-realiza-balance-de-gestion-la-fruta-chilena-necesita-mas-mercados-mas-articulacion-y-una-defensa-comercial-perma\/#primaryimage"},"thumbnailUrl":"https:\/\/smartcherry.cl\/wp-content\/uploads\/2026\/03\/WhatsApp-Image-2026-03-10-at-10.53.42-AM.jpeg","keywords":["exportaciones","Fruta fresca","subrei","Claudia Sanhueza"],"articleSection":["Noticias"],"inLanguage":"en-US"},{"@type":"WebPage","@id":"https:\/\/smartcherry.cl\/noticias\/a-horas-del-cambio-de-gobierno-subsecretaria-de-la-subrei-claudia-sanhueza-realiza-balance-de-gestion-la-fruta-chilena-necesita-mas-mercados-mas-articulacion-y-una-defensa-comercial-perma\/","url":"https:\/\/smartcherry.cl\/noticias\/a-horas-del-cambio-de-gobierno-subsecretaria-de-la-subrei-claudia-sanhueza-realiza-balance-de-gestion-la-fruta-chilena-necesita-mas-mercados-mas-articulacion-y-una-defensa-comercial-perma\/","name":"Subsecretaria de la Subrei realiza balance de gesti\u00f3n: \u201cLa fruta chilena necesita m\u00e1s mercados, m\u00e1s articulaci\u00f3n y una defensa comercial permanente\u201d - Smartcherry","isPartOf":{"@id":"https:\/\/smartcherry.cl\/#website"},"primaryImageOfPage":{"@id":"https:\/\/smartcherry.cl\/noticias\/a-horas-del-cambio-de-gobierno-subsecretaria-de-la-subrei-claudia-sanhueza-realiza-balance-de-gestion-la-fruta-chilena-necesita-mas-mercados-mas-articulacion-y-una-defensa-comercial-perma\/#primaryimage"},"image":{"@id":"https:\/\/smartcherry.cl\/noticias\/a-horas-del-cambio-de-gobierno-subsecretaria-de-la-subrei-claudia-sanhueza-realiza-balance-de-gestion-la-fruta-chilena-necesita-mas-mercados-mas-articulacion-y-una-defensa-comercial-perma\/#primaryimage"},"thumbnailUrl":"https:\/\/smartcherry.cl\/wp-content\/uploads\/2026\/03\/WhatsApp-Image-2026-03-10-at-10.53.42-AM.jpeg","datePublished":"2026-03-10T15:47:37+00:00","dateModified":"2026-03-10T17:27:20+00:00","description":"La autoridad pone el foco en una agenda donde la fruta aparece como un sector estrat\u00e9gico para la diversificaci\u00f3n exportadora de Chile, relevando hitos como el Systems Approach para la uva de mesa en Estados Unidos, el impulso a negociaciones con India y las conversaciones para ampliar la presencia chilena en Asia-Pac\u00edfico.","breadcrumb":{"@id":"https:\/\/smartcherry.cl\/noticias\/a-horas-del-cambio-de-gobierno-subsecretaria-de-la-subrei-claudia-sanhueza-realiza-balance-de-gestion-la-fruta-chilena-necesita-mas-mercados-mas-articulacion-y-una-defensa-comercial-perma\/#breadcrumb"},"inLanguage":"en-US","potentialAction":[{"@type":"ReadAction","target":["https:\/\/smartcherry.cl\/noticias\/a-horas-del-cambio-de-gobierno-subsecretaria-de-la-subrei-claudia-sanhueza-realiza-balance-de-gestion-la-fruta-chilena-necesita-mas-mercados-mas-articulacion-y-una-defensa-comercial-perma\/"]}]},{"@type":"ImageObject","inLanguage":"en-US","@id":"https:\/\/smartcherry.cl\/noticias\/a-horas-del-cambio-de-gobierno-subsecretaria-de-la-subrei-claudia-sanhueza-realiza-balance-de-gestion-la-fruta-chilena-necesita-mas-mercados-mas-articulacion-y-una-defensa-comercial-perma\/#primaryimage","url":"https:\/\/smartcherry.cl\/wp-content\/uploads\/2026\/03\/WhatsApp-Image-2026-03-10-at-10.53.42-AM.jpeg","contentUrl":"https:\/\/smartcherry.cl\/wp-content\/uploads\/2026\/03\/WhatsApp-Image-2026-03-10-at-10.53.42-AM.jpeg","width":1327,"height":768},{"@type":"BreadcrumbList","@id":"https:\/\/smartcherry.cl\/noticias\/a-horas-del-cambio-de-gobierno-subsecretaria-de-la-subrei-claudia-sanhueza-realiza-balance-de-gestion-la-fruta-chilena-necesita-mas-mercados-mas-articulacion-y-una-defensa-comercial-perma\/#breadcrumb","itemListElement":[{"@type":"ListItem","position":1,"name":"Home","item":"https:\/\/smartcherry.cl\/"},{"@type":"ListItem","position":2,"name":"Noticias","item":"https:\/\/smartcherry.cl\/category\/noticias\/"},{"@type":"ListItem","position":3,"name":"Subsecretaria de la Subrei realiza balance de gesti\u00f3n: \u201cLa fruta chilena necesita m\u00e1s mercados, m\u00e1s articulaci\u00f3n y una defensa comercial permanente\u201d"}]},{"@type":"WebSite","@id":"https:\/\/smartcherry.cl\/#website","url":"https:\/\/smartcherry.cl\/","name":"Smartcherry","description":"Smartcherry Site","publisher":{"@id":"https:\/\/smartcherry.cl\/#organization"},"potentialAction":[{"@type":"SearchAction","target":{"@type":"EntryPoint","urlTemplate":"https:\/\/smartcherry.cl\/?s={search_term_string}"},"query-input":{"@type":"PropertyValueSpecification","valueRequired":true,"valueName":"search_term_string"}}],"inLanguage":"en-US"},{"@type":"Organization","@id":"https:\/\/smartcherry.cl\/#organization","name":"SmartCherry","url":"https:\/\/smartcherry.cl\/","logo":{"@type":"ImageObject","inLanguage":"en-US","@id":"https:\/\/smartcherry.cl\/#\/schema\/logo\/image\/","url":"https:\/\/smartcherry.cl\/wp-content\/uploads\/2022\/02\/logo_smartcherry.png","contentUrl":"https:\/\/smartcherry.cl\/wp-content\/uploads\/2022\/02\/logo_smartcherry.png","width":411,"height":84,"caption":"SmartCherry"},"image":{"@id":"https:\/\/smartcherry.cl\/#\/schema\/logo\/image\/"},"sameAs":["https:\/\/web.facebook.com\/SmartCherry.cl\/","https:\/\/x.com\/SmartCherry_cl","https:\/\/www.linkedin.com\/company\/smartcherry\/","https:\/\/www.instagram.com\/smartcherry_cl\/","https:\/\/www.youtube.com\/channel\/UCe007LfgFFnntDgCcqICbPQ"]},{"@type":"Person","@id":"https:\/\/smartcherry.cl\/#\/schema\/person\/604ed44370e96b081064b745ca461407","name":"Beatriz Parra","image":{"@type":"ImageObject","inLanguage":"en-US","@id":"https:\/\/smartcherry.cl\/wp-content\/uploads\/2025\/01\/POST-96x96.png","url":"https:\/\/smartcherry.cl\/wp-content\/uploads\/2025\/01\/POST-96x96.png","contentUrl":"https:\/\/smartcherry.cl\/wp-content\/uploads\/2025\/01\/POST-96x96.png","caption":"Beatriz Parra"},"url":"https:\/\/smartcherry.cl\/en\/author\/bparra\/"}]}},"_links":{"self":[{"href":"https:\/\/smartcherry.cl\/en\/wp-json\/wp\/v2\/posts\/54067","targetHints":{"allow":["GET"]}}],"collection":[{"href":"https:\/\/smartcherry.cl\/en\/wp-json\/wp\/v2\/posts"}],"about":[{"href":"https:\/\/smartcherry.cl\/en\/wp-json\/wp\/v2\/types\/post"}],"author":[{"embeddable":true,"href":"https:\/\/smartcherry.cl\/en\/wp-json\/wp\/v2\/users\/273"}],"replies":[{"embeddable":true,"href":"https:\/\/smartcherry.cl\/en\/wp-json\/wp\/v2\/comments?post=54067"}],"version-history":[{"count":10,"href":"https:\/\/smartcherry.cl\/en\/wp-json\/wp\/v2\/posts\/54067\/revisions"}],"predecessor-version":[{"id":54086,"href":"https:\/\/smartcherry.cl\/en\/wp-json\/wp\/v2\/posts\/54067\/revisions\/54086"}],"wp:featuredmedia":[{"embeddable":true,"href":"https:\/\/smartcherry.cl\/en\/wp-json\/wp\/v2\/media\/54068"}],"wp:attachment":[{"href":"https:\/\/smartcherry.cl\/en\/wp-json\/wp\/v2\/media?parent=54067"}],"wp:term":[{"taxonomy":"category","embeddable":true,"href":"https:\/\/smartcherry.cl\/en\/wp-json\/wp\/v2\/categories?post=54067"},{"taxonomy":"post_tag","embeddable":true,"href":"https:\/\/smartcherry.cl\/en\/wp-json\/wp\/v2\/tags?post=54067"},{"taxonomy":"category_proveedor","embeddable":true,"href":"https:\/\/smartcherry.cl\/en\/wp-json\/wp\/v2\/category_proveedor?post=54067"},{"taxonomy":"pais","embeddable":true,"href":"https:\/\/smartcherry.cl\/en\/wp-json\/wp\/v2\/pais?post=54067"}],"curies":[{"name":"wp","href":"https:\/\/api.w.org\/{rel}","templated":true}]}}