{"id":53925,"date":"2026-03-03T09:20:35","date_gmt":"2026-03-03T12:20:35","guid":{"rendered":"https:\/\/smartcherry.cl\/?p=53925"},"modified":"2026-03-03T09:21:49","modified_gmt":"2026-03-03T12:21:49","slug":"junto-con-finalizacion-de-fenomeno-la-nina-reporte-agroclimatico-marzo-marca-transicion-climatica","status":"publish","type":"post","link":"https:\/\/smartcherry.cl\/en\/clima\/junto-con-finalizacion-de-fenomeno-la-nina-reporte-agroclimatico-marzo-marca-transicion-climatica\/","title":{"rendered":"Reporte agroclim\u00e1tico de marzo marca transici\u00f3n clim\u00e1tica"},"content":{"rendered":"<p><strong><em>El agroclimat\u00f3logo Patricio Gonz\u00e1lez entreg\u00f3 las proyecciones para el mes de marzo, con una posible reactivaci\u00f3n de sistemas frontales a partir de la segunda quincena, y la recomendaci\u00f3n de monitorear posibles anomal\u00edas fitopat\u00f3genas debido al cambio brusco entre lluvias iniciales y posterior calor.<\/em><\/strong><\/p>\n\n\n\n<p>\u00a0<strong><em>El presente informe tiene dos objetivos:<\/em><\/strong><\/p>\n\n\n\n<p>1.- Proyecciones, para marzo de 2026, respecto a la evoluci\u00f3n del evento fr\u00edo La Ni\u00f1a.<\/p>\n\n\n\n<p>2.- Ambientes agroclimatol\u00f3gicos que podr\u00edan caracterizar a marzo 2026, a la provincia de\u00a0Curic\u00f3.<\/p>\n\n\n\n<p><strong><em>Proyecciones del evento fr\u00edo La Ni\u00f1a marzo 2026<\/em><\/strong><\/p>\n\n\n\n<figure class=\"wp-block-image aligncenter size-full\"><img fetchpriority=\"high\" decoding=\"async\" width=\"684\" height=\"402\" src=\"https:\/\/smartcherry.cl\/wp-content\/uploads\/2026\/03\/GRAFICO-1-1.png\" alt=\"\" class=\"wp-image-53926\" srcset=\"https:\/\/smartcherry.cl\/wp-content\/uploads\/2026\/03\/GRAFICO-1-1.png 684w, https:\/\/smartcherry.cl\/wp-content\/uploads\/2026\/03\/GRAFICO-1-1-300x176.png 300w, https:\/\/smartcherry.cl\/wp-content\/uploads\/2026\/03\/GRAFICO-1-1-18x12.png 18w\" sizes=\"(max-width: 684px) 100vw, 684px\" \/><\/figure>\n\n\n\n<p>Los modelos probabil\u00edsticos, indican que el evento fr\u00edo La Ni\u00f1a est\u00e1 en su fase de t\u00e9rmino. Lo anterior indica, con altas probabilidades, que en oto\u00f1o e invierno las condiciones sean de neutralidad (barras plomas) en el oc\u00e9ano Pac\u00edfico ecuatorial central. Las probabilidades oscilan entre el 75% al 90%.<\/p>\n\n\n\n<p>Las implicancias agroclimatol\u00f3gicas para la Regi\u00f3n del Maule se pueden resumir respecto a que son m\u00e1s propicias las condiciones para la llegada de sistemas frontales que aporten lluvias y nieve. Marzo se inici\u00f3 con precipitaciones importantes para el mes: 11.1 mil\u00edmetros. Una proyecci\u00f3n, hacia la segunda parte del a\u00f1o, indica la factibilidad de la llegada de un evento c\u00e1lido El Ni\u00f1o (barras rojas).<\/p>\n\n\n\n<p>Este fen\u00f3meno est\u00e1 asociado a lluvias intensas en cortos per\u00edodos de tiempo. Sin embargo, se deber\u00e1 seguir monitoreando su evoluci\u00f3n porque es posible que julio y agosto, de darse la presencia del evento c\u00e1lido El Ni\u00f1o, se observen incrementos en las lluvias y nieve, lo cual ser\u00eda positivo dadas las condiciones deficitarias de precipitaciones que estamos registrando producto del cambio clim\u00e1tico.<\/p>\n\n\n\n<p>\u00a0<strong><em>Proyecciones marzo 2026<\/em><\/strong><br>Las tendencias t\u00e9rmicas que se proyectan, en cuando a temperaturas m\u00e1ximas extremas, debieran ser inferiores a febrero. Los modelos estiman valores entre 28\u00b0 C a 32\u00b0 C. En cuanto a las m\u00ednimas, \u00e9stas debieran oscilar entre los 10\u00b0 C y los 12 o 13\u00b0 C. Lo anterior est\u00e1 en concordancia con el declive del verano. Adem\u00e1s, febrero fue un mes menos caluroso, en cuanto a temperaturas extremas, que su par de 2025.<\/p>\n\n\n\n<p>Una de las posibles causas pudiese ser la presencia del evento fr\u00edo La Ni\u00f1a que habr\u00eda influido en que, a pesar de las olas de calor que se registraron en febrero, la temperatura m\u00e1s alta de 2025 fue de 35.4\u00b0 C. En cambio, en 2026 el valor extremo descendi\u00f3 a 34.4\u00b0 C. Para marzo el umbral no debiera sobrepasar los 33\u00b0 C como extrema puntual.<\/p>\n\n\n\n<p>La presencia de un sistema frontal fr\u00edo d\u00e9bil inici\u00f3 marzo con lluvias que, en promedio en la regi\u00f3n del Maule, registr\u00f3 11.1 mil\u00edmetros. Sin embargo, las proyecciones hasta el d\u00eda 15 indican que volver\u00e1n las condiciones veraniegas moderadas: cielos despejados, vientos del sur, baja humedad relativa entre las 14:00 y las 18:00 horas y tasas de evapotranspiraci\u00f3n diarias que oscilar\u00edan entre los 60 a 70 metros c\u00fabicos por hect\u00e1reas.<\/p>\n\n\n\n<p>Lo anterior facilita el poder hacer cualquier actividad de campo que sea necesaria. Las precauciones hay que observarlas respecto a este cambio de humedad, por la lluvia del d\u00eda 2, y el calor que se producir\u00e1 en los d\u00edas posteriores; atentos a cualquier anomal\u00eda fitopat\u00f3gena que pudiera darse. Los modelos probabil\u00edsticos no estiman precipitaciones en los siguientes d\u00edas, con umbral hasta el 15 de marzo. Cualquier cambio que pudiese ocurrir, daremos las alertas necesarias.<\/p>\n\n\n\n<p>Finalmente, debemos recordar que marzo es un mes de transici\u00f3n desde el verano c\u00e1lido al oto\u00f1o m\u00e1s templado. Hay un reacomodo de los sistemas meteorol\u00f3gicos, sobre todo en la segunda quincena del mes, tanto en el declive de las temperaturas extremas, m\u00e1ximas y m\u00ednimas, como en el debilitamiento paulatino de las altas presiones. Esto \u00faltimo puede facilitar las llegadas de sistemas frontales. Situaciones imprevistas las estaremos monitoreando para informarles cualquier evento de cambio termo pluviom\u00e9trico extremo.<\/p>","protected":false},"excerpt":{"rendered":"<p>Patricio Gonz\u00e1lez M.Sc. (Universidad de Chile) Dip. Agroclimatolog\u00eda Universidad de Israel.<\/p>","protected":false},"author":273,"featured_media":51549,"comment_status":"closed","ping_status":"open","sticky":false,"template":"","format":"standard","meta":{"_acf_changed":false,"inline_featured_image":false,"footnotes":""},"categories":[430,35],"tags":[1487,1881,3971],"category_proveedor":[],"pais":[],"class_list":["post-53925","post","type-post","status-publish","format-standard","has-post-thumbnail","hentry","category-clima","category-noticias","tag-patricio-gonzalez","tag-reporte-agroclimatico","tag-marzo"],"acf":[],"yoast_head":"<!-- This site is optimized with the Yoast SEO Premium plugin v21.3 (Yoast SEO v27.3) - https:\/\/yoast.com\/product\/yoast-seo-premium-wordpress\/ -->\n<title>Reporte agroclim\u00e1tico de marzo marca transici\u00f3n clim\u00e1tica - Smartcherry<\/title>\n<meta name=\"description\" content=\"El agroclimat\u00f3logo Patricio Gonz\u00e1lez entreg\u00f3 las proyecciones para el mes de marzo, con una posible reactivaci\u00f3n de sistemas frontales a partir de la segunda quincena, y la recomendaci\u00f3n de monitorear posibles anomal\u00edas fitopat\u00f3genas debido al cambio brusco entre lluvias iniciales y posterior calor.\" \/>\n<meta name=\"robots\" content=\"index, follow, max-snippet:-1, max-image-preview:large, max-video-preview:-1\" \/>\n<link rel=\"canonical\" href=\"https:\/\/smartcherry.cl\/en\/clima\/junto-con-finalizacion-de-fenomeno-la-nina-reporte-agroclimatico-marzo-marca-transicion-climatica\/\" \/>\n<meta property=\"og:locale\" content=\"en_US\" \/>\n<meta property=\"og:type\" content=\"article\" \/>\n<meta property=\"og:title\" content=\"Reporte agroclim\u00e1tico de marzo marca transici\u00f3n clim\u00e1tica\" \/>\n<meta property=\"og:description\" content=\"El agroclimat\u00f3logo Patricio Gonz\u00e1lez entreg\u00f3 las proyecciones para el mes de marzo, con una posible reactivaci\u00f3n de sistemas frontales a partir de la segunda quincena, y la recomendaci\u00f3n de monitorear posibles anomal\u00edas fitopat\u00f3genas debido al cambio brusco entre lluvias iniciales y posterior calor.\" \/>\n<meta property=\"og:url\" content=\"https:\/\/smartcherry.cl\/en\/clima\/junto-con-finalizacion-de-fenomeno-la-nina-reporte-agroclimatico-marzo-marca-transicion-climatica\/\" \/>\n<meta property=\"og:site_name\" content=\"Smartcherry\" \/>\n<meta property=\"article:publisher\" content=\"https:\/\/web.facebook.com\/SmartCherry.cl\/\" \/>\n<meta property=\"article:published_time\" content=\"2026-03-03T12:20:35+00:00\" \/>\n<meta property=\"article:modified_time\" content=\"2026-03-03T12:21:49+00:00\" \/>\n<meta property=\"og:image\" content=\"https:\/\/smartcherry.cl\/wp-content\/uploads\/2025\/12\/Patricio-Gonzalez.jpg\" \/>\n\t<meta property=\"og:image:width\" content=\"1400\" \/>\n\t<meta property=\"og:image:height\" content=\"800\" \/>\n\t<meta property=\"og:image:type\" content=\"image\/jpeg\" \/>\n<meta name=\"author\" content=\"Beatriz Parra\" \/>\n<meta name=\"twitter:card\" content=\"summary_large_image\" \/>\n<meta name=\"twitter:creator\" content=\"@SmartCherry_cl\" \/>\n<meta name=\"twitter:site\" content=\"@SmartCherry_cl\" \/>\n<meta name=\"twitter:label1\" content=\"Written by\" \/>\n\t<meta name=\"twitter:data1\" content=\"Beatriz Parra\" \/>\n\t<meta name=\"twitter:label2\" content=\"Est. reading time\" \/>\n\t<meta name=\"twitter:data2\" content=\"4 minutes\" \/>\n<script type=\"application\/ld+json\" class=\"yoast-schema-graph\">{\"@context\":\"https:\\\/\\\/schema.org\",\"@graph\":[{\"@type\":\"Article\",\"@id\":\"https:\\\/\\\/smartcherry.cl\\\/clima\\\/junto-con-finalizacion-de-fenomeno-la-nina-reporte-agroclimatico-marzo-marca-transicion-climatica\\\/#article\",\"isPartOf\":{\"@id\":\"https:\\\/\\\/smartcherry.cl\\\/clima\\\/junto-con-finalizacion-de-fenomeno-la-nina-reporte-agroclimatico-marzo-marca-transicion-climatica\\\/\"},\"author\":{\"name\":\"Beatriz Parra\",\"@id\":\"https:\\\/\\\/smartcherry.cl\\\/#\\\/schema\\\/person\\\/604ed44370e96b081064b745ca461407\"},\"headline\":\"Reporte agroclim\u00e1tico de marzo marca transici\u00f3n clim\u00e1tica\",\"datePublished\":\"2026-03-03T12:20:35+00:00\",\"dateModified\":\"2026-03-03T12:21:49+00:00\",\"mainEntityOfPage\":{\"@id\":\"https:\\\/\\\/smartcherry.cl\\\/clima\\\/junto-con-finalizacion-de-fenomeno-la-nina-reporte-agroclimatico-marzo-marca-transicion-climatica\\\/\"},\"wordCount\":668,\"publisher\":{\"@id\":\"https:\\\/\\\/smartcherry.cl\\\/#organization\"},\"image\":{\"@id\":\"https:\\\/\\\/smartcherry.cl\\\/clima\\\/junto-con-finalizacion-de-fenomeno-la-nina-reporte-agroclimatico-marzo-marca-transicion-climatica\\\/#primaryimage\"},\"thumbnailUrl\":\"https:\\\/\\\/smartcherry.cl\\\/wp-content\\\/uploads\\\/2025\\\/12\\\/Patricio-Gonzalez.jpg\",\"keywords\":[\"Patricio Gonz\u00e1lez\",\"reporte agroclim\u00e1tico\",\"marzo\"],\"articleSection\":[\"Clima\",\"Noticias\"],\"inLanguage\":\"en-US\"},{\"@type\":\"WebPage\",\"@id\":\"https:\\\/\\\/smartcherry.cl\\\/clima\\\/junto-con-finalizacion-de-fenomeno-la-nina-reporte-agroclimatico-marzo-marca-transicion-climatica\\\/\",\"url\":\"https:\\\/\\\/smartcherry.cl\\\/clima\\\/junto-con-finalizacion-de-fenomeno-la-nina-reporte-agroclimatico-marzo-marca-transicion-climatica\\\/\",\"name\":\"Reporte agroclim\u00e1tico de marzo marca transici\u00f3n clim\u00e1tica - Smartcherry\",\"isPartOf\":{\"@id\":\"https:\\\/\\\/smartcherry.cl\\\/#website\"},\"primaryImageOfPage\":{\"@id\":\"https:\\\/\\\/smartcherry.cl\\\/clima\\\/junto-con-finalizacion-de-fenomeno-la-nina-reporte-agroclimatico-marzo-marca-transicion-climatica\\\/#primaryimage\"},\"image\":{\"@id\":\"https:\\\/\\\/smartcherry.cl\\\/clima\\\/junto-con-finalizacion-de-fenomeno-la-nina-reporte-agroclimatico-marzo-marca-transicion-climatica\\\/#primaryimage\"},\"thumbnailUrl\":\"https:\\\/\\\/smartcherry.cl\\\/wp-content\\\/uploads\\\/2025\\\/12\\\/Patricio-Gonzalez.jpg\",\"datePublished\":\"2026-03-03T12:20:35+00:00\",\"dateModified\":\"2026-03-03T12:21:49+00:00\",\"description\":\"El agroclimat\u00f3logo Patricio Gonz\u00e1lez entreg\u00f3 las proyecciones para el mes de marzo, con una posible reactivaci\u00f3n de sistemas frontales a partir de la segunda quincena, y la recomendaci\u00f3n de monitorear posibles anomal\u00edas fitopat\u00f3genas debido al cambio brusco entre lluvias iniciales y posterior calor.\",\"breadcrumb\":{\"@id\":\"https:\\\/\\\/smartcherry.cl\\\/clima\\\/junto-con-finalizacion-de-fenomeno-la-nina-reporte-agroclimatico-marzo-marca-transicion-climatica\\\/#breadcrumb\"},\"inLanguage\":\"en-US\",\"potentialAction\":[{\"@type\":\"ReadAction\",\"target\":[\"https:\\\/\\\/smartcherry.cl\\\/clima\\\/junto-con-finalizacion-de-fenomeno-la-nina-reporte-agroclimatico-marzo-marca-transicion-climatica\\\/\"]}]},{\"@type\":\"ImageObject\",\"inLanguage\":\"en-US\",\"@id\":\"https:\\\/\\\/smartcherry.cl\\\/clima\\\/junto-con-finalizacion-de-fenomeno-la-nina-reporte-agroclimatico-marzo-marca-transicion-climatica\\\/#primaryimage\",\"url\":\"https:\\\/\\\/smartcherry.cl\\\/wp-content\\\/uploads\\\/2025\\\/12\\\/Patricio-Gonzalez.jpg\",\"contentUrl\":\"https:\\\/\\\/smartcherry.cl\\\/wp-content\\\/uploads\\\/2025\\\/12\\\/Patricio-Gonzalez.jpg\",\"width\":1400,\"height\":800},{\"@type\":\"BreadcrumbList\",\"@id\":\"https:\\\/\\\/smartcherry.cl\\\/clima\\\/junto-con-finalizacion-de-fenomeno-la-nina-reporte-agroclimatico-marzo-marca-transicion-climatica\\\/#breadcrumb\",\"itemListElement\":[{\"@type\":\"ListItem\",\"position\":1,\"name\":\"Home\",\"item\":\"https:\\\/\\\/smartcherry.cl\\\/\"},{\"@type\":\"ListItem\",\"position\":2,\"name\":\"Clima\",\"item\":\"https:\\\/\\\/smartcherry.cl\\\/category\\\/clima\\\/\"},{\"@type\":\"ListItem\",\"position\":3,\"name\":\"Reporte agroclim\u00e1tico de marzo marca transici\u00f3n clim\u00e1tica\"}]},{\"@type\":\"WebSite\",\"@id\":\"https:\\\/\\\/smartcherry.cl\\\/#website\",\"url\":\"https:\\\/\\\/smartcherry.cl\\\/\",\"name\":\"Smartcherry\",\"description\":\"Sitio de Smartcherry\",\"publisher\":{\"@id\":\"https:\\\/\\\/smartcherry.cl\\\/#organization\"},\"potentialAction\":[{\"@type\":\"SearchAction\",\"target\":{\"@type\":\"EntryPoint\",\"urlTemplate\":\"https:\\\/\\\/smartcherry.cl\\\/?s={search_term_string}\"},\"query-input\":{\"@type\":\"PropertyValueSpecification\",\"valueRequired\":true,\"valueName\":\"search_term_string\"}}],\"inLanguage\":\"en-US\"},{\"@type\":\"Organization\",\"@id\":\"https:\\\/\\\/smartcherry.cl\\\/#organization\",\"name\":\"SmartCherry\",\"url\":\"https:\\\/\\\/smartcherry.cl\\\/\",\"logo\":{\"@type\":\"ImageObject\",\"inLanguage\":\"en-US\",\"@id\":\"https:\\\/\\\/smartcherry.cl\\\/#\\\/schema\\\/logo\\\/image\\\/\",\"url\":\"https:\\\/\\\/smartcherry.cl\\\/wp-content\\\/uploads\\\/2022\\\/02\\\/logo_smartcherry.png\",\"contentUrl\":\"https:\\\/\\\/smartcherry.cl\\\/wp-content\\\/uploads\\\/2022\\\/02\\\/logo_smartcherry.png\",\"width\":411,\"height\":84,\"caption\":\"SmartCherry\"},\"image\":{\"@id\":\"https:\\\/\\\/smartcherry.cl\\\/#\\\/schema\\\/logo\\\/image\\\/\"},\"sameAs\":[\"https:\\\/\\\/web.facebook.com\\\/SmartCherry.cl\\\/\",\"https:\\\/\\\/x.com\\\/SmartCherry_cl\",\"https:\\\/\\\/www.linkedin.com\\\/company\\\/smartcherry\\\/\",\"https:\\\/\\\/www.instagram.com\\\/smartcherry_cl\\\/\",\"https:\\\/\\\/www.youtube.com\\\/channel\\\/UCe007LfgFFnntDgCcqICbPQ\"]},{\"@type\":\"Person\",\"@id\":\"https:\\\/\\\/smartcherry.cl\\\/#\\\/schema\\\/person\\\/604ed44370e96b081064b745ca461407\",\"name\":\"Beatriz Parra\",\"image\":{\"@type\":\"ImageObject\",\"inLanguage\":\"en-US\",\"@id\":\"https:\\\/\\\/smartcherry.cl\\\/wp-content\\\/uploads\\\/2025\\\/01\\\/POST-96x96.png\",\"url\":\"https:\\\/\\\/smartcherry.cl\\\/wp-content\\\/uploads\\\/2025\\\/01\\\/POST-96x96.png\",\"contentUrl\":\"https:\\\/\\\/smartcherry.cl\\\/wp-content\\\/uploads\\\/2025\\\/01\\\/POST-96x96.png\",\"caption\":\"Beatriz Parra\"},\"url\":\"https:\\\/\\\/smartcherry.cl\\\/en\\\/author\\\/bparra\\\/\"}]}<\/script>\n<!-- \/ Yoast SEO Premium plugin. -->","yoast_head_json":{"title":"Reporte agroclim\u00e1tico de marzo marca transici\u00f3n clim\u00e1tica - Smartcherry","description":"El agroclimat\u00f3logo Patricio Gonz\u00e1lez entreg\u00f3 las proyecciones para el mes de marzo, con una posible reactivaci\u00f3n de sistemas frontales a partir de la segunda quincena, y la recomendaci\u00f3n de monitorear posibles anomal\u00edas fitopat\u00f3genas debido al cambio brusco entre lluvias iniciales y posterior calor.","robots":{"index":"index","follow":"follow","max-snippet":"max-snippet:-1","max-image-preview":"max-image-preview:large","max-video-preview":"max-video-preview:-1"},"canonical":"https:\/\/smartcherry.cl\/en\/clima\/junto-con-finalizacion-de-fenomeno-la-nina-reporte-agroclimatico-marzo-marca-transicion-climatica\/","og_locale":"en_US","og_type":"article","og_title":"Reporte agroclim\u00e1tico de marzo marca transici\u00f3n clim\u00e1tica","og_description":"El agroclimat\u00f3logo Patricio Gonz\u00e1lez entreg\u00f3 las proyecciones para el mes de marzo, con una posible reactivaci\u00f3n de sistemas frontales a partir de la segunda quincena, y la recomendaci\u00f3n de monitorear posibles anomal\u00edas fitopat\u00f3genas debido al cambio brusco entre lluvias iniciales y posterior calor.","og_url":"https:\/\/smartcherry.cl\/en\/clima\/junto-con-finalizacion-de-fenomeno-la-nina-reporte-agroclimatico-marzo-marca-transicion-climatica\/","og_site_name":"Smartcherry","article_publisher":"https:\/\/web.facebook.com\/SmartCherry.cl\/","article_published_time":"2026-03-03T12:20:35+00:00","article_modified_time":"2026-03-03T12:21:49+00:00","og_image":[{"width":1400,"height":800,"url":"https:\/\/smartcherry.cl\/wp-content\/uploads\/2025\/12\/Patricio-Gonzalez.jpg","type":"image\/jpeg"}],"author":"Beatriz Parra","twitter_card":"summary_large_image","twitter_creator":"@SmartCherry_cl","twitter_site":"@SmartCherry_cl","twitter_misc":{"Written by":"Beatriz Parra","Est. reading time":"4 minutes"},"schema":{"@context":"https:\/\/schema.org","@graph":[{"@type":"Article","@id":"https:\/\/smartcherry.cl\/clima\/junto-con-finalizacion-de-fenomeno-la-nina-reporte-agroclimatico-marzo-marca-transicion-climatica\/#article","isPartOf":{"@id":"https:\/\/smartcherry.cl\/clima\/junto-con-finalizacion-de-fenomeno-la-nina-reporte-agroclimatico-marzo-marca-transicion-climatica\/"},"author":{"name":"Beatriz Parra","@id":"https:\/\/smartcherry.cl\/#\/schema\/person\/604ed44370e96b081064b745ca461407"},"headline":"Reporte agroclim\u00e1tico de marzo marca transici\u00f3n clim\u00e1tica","datePublished":"2026-03-03T12:20:35+00:00","dateModified":"2026-03-03T12:21:49+00:00","mainEntityOfPage":{"@id":"https:\/\/smartcherry.cl\/clima\/junto-con-finalizacion-de-fenomeno-la-nina-reporte-agroclimatico-marzo-marca-transicion-climatica\/"},"wordCount":668,"publisher":{"@id":"https:\/\/smartcherry.cl\/#organization"},"image":{"@id":"https:\/\/smartcherry.cl\/clima\/junto-con-finalizacion-de-fenomeno-la-nina-reporte-agroclimatico-marzo-marca-transicion-climatica\/#primaryimage"},"thumbnailUrl":"https:\/\/smartcherry.cl\/wp-content\/uploads\/2025\/12\/Patricio-Gonzalez.jpg","keywords":["Patricio Gonz\u00e1lez","reporte agroclim\u00e1tico","marzo"],"articleSection":["Clima","Noticias"],"inLanguage":"en-US"},{"@type":"WebPage","@id":"https:\/\/smartcherry.cl\/clima\/junto-con-finalizacion-de-fenomeno-la-nina-reporte-agroclimatico-marzo-marca-transicion-climatica\/","url":"https:\/\/smartcherry.cl\/clima\/junto-con-finalizacion-de-fenomeno-la-nina-reporte-agroclimatico-marzo-marca-transicion-climatica\/","name":"Reporte agroclim\u00e1tico de marzo marca transici\u00f3n clim\u00e1tica - Smartcherry","isPartOf":{"@id":"https:\/\/smartcherry.cl\/#website"},"primaryImageOfPage":{"@id":"https:\/\/smartcherry.cl\/clima\/junto-con-finalizacion-de-fenomeno-la-nina-reporte-agroclimatico-marzo-marca-transicion-climatica\/#primaryimage"},"image":{"@id":"https:\/\/smartcherry.cl\/clima\/junto-con-finalizacion-de-fenomeno-la-nina-reporte-agroclimatico-marzo-marca-transicion-climatica\/#primaryimage"},"thumbnailUrl":"https:\/\/smartcherry.cl\/wp-content\/uploads\/2025\/12\/Patricio-Gonzalez.jpg","datePublished":"2026-03-03T12:20:35+00:00","dateModified":"2026-03-03T12:21:49+00:00","description":"El agroclimat\u00f3logo Patricio Gonz\u00e1lez entreg\u00f3 las proyecciones para el mes de marzo, con una posible reactivaci\u00f3n de sistemas frontales a partir de la segunda quincena, y la recomendaci\u00f3n de monitorear posibles anomal\u00edas fitopat\u00f3genas debido al cambio brusco entre lluvias iniciales y posterior calor.","breadcrumb":{"@id":"https:\/\/smartcherry.cl\/clima\/junto-con-finalizacion-de-fenomeno-la-nina-reporte-agroclimatico-marzo-marca-transicion-climatica\/#breadcrumb"},"inLanguage":"en-US","potentialAction":[{"@type":"ReadAction","target":["https:\/\/smartcherry.cl\/clima\/junto-con-finalizacion-de-fenomeno-la-nina-reporte-agroclimatico-marzo-marca-transicion-climatica\/"]}]},{"@type":"ImageObject","inLanguage":"en-US","@id":"https:\/\/smartcherry.cl\/clima\/junto-con-finalizacion-de-fenomeno-la-nina-reporte-agroclimatico-marzo-marca-transicion-climatica\/#primaryimage","url":"https:\/\/smartcherry.cl\/wp-content\/uploads\/2025\/12\/Patricio-Gonzalez.jpg","contentUrl":"https:\/\/smartcherry.cl\/wp-content\/uploads\/2025\/12\/Patricio-Gonzalez.jpg","width":1400,"height":800},{"@type":"BreadcrumbList","@id":"https:\/\/smartcherry.cl\/clima\/junto-con-finalizacion-de-fenomeno-la-nina-reporte-agroclimatico-marzo-marca-transicion-climatica\/#breadcrumb","itemListElement":[{"@type":"ListItem","position":1,"name":"Home","item":"https:\/\/smartcherry.cl\/"},{"@type":"ListItem","position":2,"name":"Clima","item":"https:\/\/smartcherry.cl\/category\/clima\/"},{"@type":"ListItem","position":3,"name":"Reporte agroclim\u00e1tico de marzo marca transici\u00f3n clim\u00e1tica"}]},{"@type":"WebSite","@id":"https:\/\/smartcherry.cl\/#website","url":"https:\/\/smartcherry.cl\/","name":"Smartcherry","description":"Smartcherry Site","publisher":{"@id":"https:\/\/smartcherry.cl\/#organization"},"potentialAction":[{"@type":"SearchAction","target":{"@type":"EntryPoint","urlTemplate":"https:\/\/smartcherry.cl\/?s={search_term_string}"},"query-input":{"@type":"PropertyValueSpecification","valueRequired":true,"valueName":"search_term_string"}}],"inLanguage":"en-US"},{"@type":"Organization","@id":"https:\/\/smartcherry.cl\/#organization","name":"SmartCherry","url":"https:\/\/smartcherry.cl\/","logo":{"@type":"ImageObject","inLanguage":"en-US","@id":"https:\/\/smartcherry.cl\/#\/schema\/logo\/image\/","url":"https:\/\/smartcherry.cl\/wp-content\/uploads\/2022\/02\/logo_smartcherry.png","contentUrl":"https:\/\/smartcherry.cl\/wp-content\/uploads\/2022\/02\/logo_smartcherry.png","width":411,"height":84,"caption":"SmartCherry"},"image":{"@id":"https:\/\/smartcherry.cl\/#\/schema\/logo\/image\/"},"sameAs":["https:\/\/web.facebook.com\/SmartCherry.cl\/","https:\/\/x.com\/SmartCherry_cl","https:\/\/www.linkedin.com\/company\/smartcherry\/","https:\/\/www.instagram.com\/smartcherry_cl\/","https:\/\/www.youtube.com\/channel\/UCe007LfgFFnntDgCcqICbPQ"]},{"@type":"Person","@id":"https:\/\/smartcherry.cl\/#\/schema\/person\/604ed44370e96b081064b745ca461407","name":"Beatriz Parra","image":{"@type":"ImageObject","inLanguage":"en-US","@id":"https:\/\/smartcherry.cl\/wp-content\/uploads\/2025\/01\/POST-96x96.png","url":"https:\/\/smartcherry.cl\/wp-content\/uploads\/2025\/01\/POST-96x96.png","contentUrl":"https:\/\/smartcherry.cl\/wp-content\/uploads\/2025\/01\/POST-96x96.png","caption":"Beatriz Parra"},"url":"https:\/\/smartcherry.cl\/en\/author\/bparra\/"}]}},"_links":{"self":[{"href":"https:\/\/smartcherry.cl\/en\/wp-json\/wp\/v2\/posts\/53925","targetHints":{"allow":["GET"]}}],"collection":[{"href":"https:\/\/smartcherry.cl\/en\/wp-json\/wp\/v2\/posts"}],"about":[{"href":"https:\/\/smartcherry.cl\/en\/wp-json\/wp\/v2\/types\/post"}],"author":[{"embeddable":true,"href":"https:\/\/smartcherry.cl\/en\/wp-json\/wp\/v2\/users\/273"}],"replies":[{"embeddable":true,"href":"https:\/\/smartcherry.cl\/en\/wp-json\/wp\/v2\/comments?post=53925"}],"version-history":[{"count":7,"href":"https:\/\/smartcherry.cl\/en\/wp-json\/wp\/v2\/posts\/53925\/revisions"}],"predecessor-version":[{"id":53933,"href":"https:\/\/smartcherry.cl\/en\/wp-json\/wp\/v2\/posts\/53925\/revisions\/53933"}],"wp:featuredmedia":[{"embeddable":true,"href":"https:\/\/smartcherry.cl\/en\/wp-json\/wp\/v2\/media\/51549"}],"wp:attachment":[{"href":"https:\/\/smartcherry.cl\/en\/wp-json\/wp\/v2\/media?parent=53925"}],"wp:term":[{"taxonomy":"category","embeddable":true,"href":"https:\/\/smartcherry.cl\/en\/wp-json\/wp\/v2\/categories?post=53925"},{"taxonomy":"post_tag","embeddable":true,"href":"https:\/\/smartcherry.cl\/en\/wp-json\/wp\/v2\/tags?post=53925"},{"taxonomy":"category_proveedor","embeddable":true,"href":"https:\/\/smartcherry.cl\/en\/wp-json\/wp\/v2\/category_proveedor?post=53925"},{"taxonomy":"pais","embeddable":true,"href":"https:\/\/smartcherry.cl\/en\/wp-json\/wp\/v2\/pais?post=53925"}],"curies":[{"name":"wp","href":"https:\/\/api.w.org\/{rel}","templated":true}]}}