{"id":53624,"date":"2026-02-20T12:23:34","date_gmt":"2026-02-20T15:23:34","guid":{"rendered":"https:\/\/smartcherry.cl\/?p=53624"},"modified":"2026-02-20T12:47:21","modified_gmt":"2026-02-20T15:47:21","slug":"escenario-productivo-de-la-cereza-se-redefine-tras-una-temporada-que-entra-en-una-fase-de-ajuste-y-estrategia","status":"publish","type":"post","link":"https:\/\/smartcherry.cl\/en\/noticias\/escenario-productivo-de-la-cereza-se-redefine-tras-una-temporada-que-entra-en-una-fase-de-ajuste-y-estrategia\/","title":{"rendered":"Escenario productivo de la cereza se redefine, tras una temporada que entra en una fase de ajuste y estrategia"},"content":{"rendered":"<p><strong><em>Smartcherry convers\u00f3 con los productores Mario Soza y Diego Romero, quienes realizaron un balance preliminar de esta temporada, caracterizada por contrastes productivos, variabilidad clim\u00e1tica, heterogeneidad en la condici\u00f3n de la fruta y la necesidad de ajustar programas seg\u00fan cada realidad para construir fruta consistente.<\/em><\/strong><\/p>\n\n\n\n<p>La industria chilena de la cereza entra en la recta final de la temporada 2025-2026 con un balance preliminar que mezcla cifras hist\u00f3ricas y se\u00f1ales de alerta estrat\u00e9gica. Seg\u00fan el Comit\u00e9 de Cerezas de Frutas de Chile, los env\u00edos alcanzaron 113,8 millones de cajas, superando la proyecci\u00f3n inicial de 110 millones y manteniendo a China como principal destino, con 98,9 millones de cajas. Sin embargo, su participaci\u00f3n retrocedi\u00f3 desde 92% a 87%, una variaci\u00f3n que el gremio interpreta como avance en la diversificaci\u00f3n de mercados, pero que tambi\u00e9n refleja un escenario m\u00e1s exigente en el gigante asi\u00e1tico.<\/p>\n\n\n\n<p><strong>Decisiones que perjudicaron la calidad y condici\u00f3n del fruto rojo<br><\/strong>La temporada estuvo cruzada por un menor poder adquisitivo en el pa\u00eds asi\u00e1tico, en un contexto econ\u00f3mico interno m\u00e1s complejo. Si bien antes del A\u00f1o Nuevo Chino se observ\u00f3 un leve repunte en los precios \u2014especialmente en calibres grandes\u2014, \u00e9ste fue insuficiente para compensar la presi\u00f3n generada por el alto volumen disponible y una festividad m\u00e1s tard\u00eda.<\/p>\n\n\n\n<p>El adelanto de la cosecha en cerca de diez d\u00edas concentr\u00f3 una gran oferta en las primeras semanas de embarque, extendiendo adem\u00e1s la ventana comercial entre el 15 de octubre y el 15 de febrero. En ese escenario, algunas decisiones comerciales \u2014como postergar ventas para esperar mejores precios\u2014 implicaron riesgos que terminaron afectando condici\u00f3n y percepci\u00f3n de calidad.<\/p>\n\n\n\n<figure class=\"wp-block-image alignleft size-large is-resized\"><img fetchpriority=\"high\" decoding=\"async\" width=\"1024\" height=\"999\" src=\"https:\/\/smartcherry.cl\/wp-content\/uploads\/2026\/02\/Mario-Soza2-1-1024x999.jpg\" alt=\"\" class=\"wp-image-53669\" style=\"aspect-ratio:1.0250529727034774;width:341px;height:auto\" srcset=\"https:\/\/smartcherry.cl\/wp-content\/uploads\/2026\/02\/Mario-Soza2-1-1024x999.jpg 1024w, https:\/\/smartcherry.cl\/wp-content\/uploads\/2026\/02\/Mario-Soza2-1-300x293.jpg 300w, https:\/\/smartcherry.cl\/wp-content\/uploads\/2026\/02\/Mario-Soza2-1-768x749.jpg 768w, https:\/\/smartcherry.cl\/wp-content\/uploads\/2026\/02\/Mario-Soza2-1-12x12.jpg 12w, https:\/\/smartcherry.cl\/wp-content\/uploads\/2026\/02\/Mario-Soza2-1-24x24.jpg 24w, https:\/\/smartcherry.cl\/wp-content\/uploads\/2026\/02\/Mario-Soza2-1-48x48.jpg 48w, https:\/\/smartcherry.cl\/wp-content\/uploads\/2026\/02\/Mario-Soza2-1.jpg 1197w\" sizes=\"(max-width: 1024px) 100vw, 1024px\" \/><figcaption class=\"wp-element-caption\"><strong>Mario Soza.<\/strong><\/figcaption><\/figure>\n\n\n\n<p><strong>Golpe clim\u00e1tico y contrastes productivos<br><\/strong>Para Mario Soza, Gerente Agr\u00edcola de Agr\u00edcola Geoagro, la campa\u00f1a estuvo marcada por la helada de fines de agosto, con fuerte impacto desde Rancagua al norte y epicentro en Codegua, con p\u00e9rdidas que redujeron la cuaja en zonas afectadas, llevando producciones de apenas 2.500 a 3.500 kg\/ha en algunos huertos.<\/p>\n\n\n\n<p>Parad\u00f3jicamente, la menor carga permiti\u00f3 mejorar calibres. <em>\u00abEl porcentaje de fruta sobre 2J fue 15% superior al de la temporada anterior. En contraste, zonas al sur mostraron incrementos productivos de hasta 16%\u00bb<\/em>, afirm\u00f3 Mario, configurando un mapa de rendimientos muy dispar.<\/p>\n\n\n\n<p>Por su parte, Diego Romero, Gerente General de la Agr\u00edcola El \u00c1lamo, sostuvo que la lluvia de octubre <em>\u00abgener\u00f3 p\u00e9rdida de viabilidad en el polen, afectando la cuaja y sobre todo en pasmas ya que si bien se ve\u00eda todo adecuado en fruta cuajada, finalmente perdimos kilos igual. Creo que la variabilidad clim\u00e1tica est\u00e1 jugando un rol que se debe considerar al definir estrategias de producci\u00f3n\u00bb<\/em>.<\/p>\n\n\n\n<figure class=\"wp-block-image alignright size-large is-resized\"><img decoding=\"async\" width=\"1024\" height=\"986\" src=\"https:\/\/smartcherry.cl\/wp-content\/uploads\/2026\/02\/Diego-Romero2-1024x986.jpg\" alt=\"\" class=\"wp-image-53672\" style=\"width:362px;height:auto\" srcset=\"https:\/\/smartcherry.cl\/wp-content\/uploads\/2026\/02\/Diego-Romero2-1024x986.jpg 1024w, https:\/\/smartcherry.cl\/wp-content\/uploads\/2026\/02\/Diego-Romero2-300x289.jpg 300w, https:\/\/smartcherry.cl\/wp-content\/uploads\/2026\/02\/Diego-Romero2-768x740.jpg 768w, https:\/\/smartcherry.cl\/wp-content\/uploads\/2026\/02\/Diego-Romero2-12x12.jpg 12w, https:\/\/smartcherry.cl\/wp-content\/uploads\/2026\/02\/Diego-Romero2-24x24.jpg 24w, https:\/\/smartcherry.cl\/wp-content\/uploads\/2026\/02\/Diego-Romero2.jpg 1200w\" sizes=\"(max-width: 1024px) 100vw, 1024px\" \/><figcaption class=\"wp-element-caption\"><strong>Diego Romero.<\/strong><\/figcaption><\/figure>\n\n\n\n<p><strong>Ajustes y aprendizaje<br><\/strong>Frente a este escenario, Mario Soza afirm\u00f3 que <em>\u00aben los huertos de alta producci\u00f3n, la regulaci\u00f3n de carga temprana (raleo chino) fue clave. Sin eso, los calibres hubieran sido un desastre. Tambi\u00e9n hicimos ajustes en podas precosecha, que nos ayudaron mucho a mejorar la firmeza, calibre y condici\u00f3n de la fruta\u00bb<\/em>.<\/p>\n\n\n\n<p>En tanto, Diego Romero puso \u00e9nfasis en la nutrici\u00f3n que, a su juicio, <em>\u00abes un factor clave. Es fundamental poder ajustar programas seg\u00fan cada realidad para construir fruta consistente y con buenas piernas. La regulaci\u00f3n de carga es un tema primordial tambi\u00e9n, pero que adem\u00e1s se cruza con una arista m\u00e1s comercial. Bajo el contexto actual, se debe trabajar fuertemente en optimizar costos y lograr KPI&#8217;s bien definidos\u00bb<\/em>.<\/p>\n\n\n\n<p>Con dos temporadas consecutivas complejas, la industria enfrenta ahora el proceso de liquidaciones y evaluaci\u00f3n final. Desde el Comit\u00e9 de Cerezas subrayan que la coordinaci\u00f3n sectorial y el control de costos ser\u00e1n determinantes para sostener competitividad en un escenario donde China sigue siendo estrat\u00e9gico, pero ya no incuestionable.<\/p>\n\n\n\n<p>En s\u00edntesis, la temporada 2025\u20132026 confirm\u00f3 que el clima seguir\u00e1 marcando el ritmo del negocio cerecero. La diferencia, coinciden ambos productores, estar\u00e1 en la capacidad de anticipaci\u00f3n, precisi\u00f3n t\u00e9cnica y eficiencia operativa dentro del huerto.<\/p>","protected":false},"excerpt":{"rendered":"<p>Con env\u00edos que superaron las 113 millones de cajas, pero una participaci\u00f3n en China que cay\u00f3 del 92% al 87%, junto con otros factores como menor consumo, la actual campa\u00f1a comienza una fase marcada por la adaptaci\u00f3n a una nueva realidad comercial, donde el negocio est\u00e1 cambiando y quienes deseen permanecer en \u00e9l, deben sumarse a ese cambio.<\/p>","protected":false},"author":273,"featured_media":53665,"comment_status":"closed","ping_status":"open","sticky":false,"template":"","format":"standard","meta":{"_acf_changed":false,"inline_featured_image":false,"footnotes":""},"categories":[437,35],"tags":[4071,4104,4462],"category_proveedor":[],"pais":[],"class_list":["post-53624","post","type-post","status-publish","format-standard","has-post-thumbnail","hentry","category-industria","category-noticias","tag-diego-romero","tag-temporada-2025-2026","tag-mario-soza"],"acf":[],"yoast_head":"<!-- This site is optimized with the Yoast SEO Premium plugin v21.3 (Yoast SEO v27.3) - https:\/\/yoast.com\/product\/yoast-seo-premium-wordpress\/ -->\n<title>Escenario productivo de la cereza se redefine, tras una temporada que entra en una fase de ajuste y estrategia - Smartcherry<\/title>\n<meta name=\"description\" content=\"Smartcherry convers\u00f3 con los productores Mario Soza y Diego Romero, quienes realizaron un balance preliminar de esta temporada, caracterizada por contrastes productivos, variabilidad clim\u00e1tica, heterogeneidad en la condici\u00f3n de la fruta y la necesidad de ajustar programas seg\u00fan cada realidad para construir fruta consistente.\" \/>\n<meta name=\"robots\" content=\"index, follow, max-snippet:-1, max-image-preview:large, max-video-preview:-1\" \/>\n<link rel=\"canonical\" href=\"https:\/\/smartcherry.cl\/en\/noticias\/escenario-productivo-de-la-cereza-se-redefine-tras-una-temporada-que-entra-en-una-fase-de-ajuste-y-estrategia\/\" \/>\n<meta property=\"og:locale\" content=\"en_US\" \/>\n<meta property=\"og:type\" content=\"article\" \/>\n<meta property=\"og:title\" content=\"Escenario productivo de la cereza se redefine, tras una temporada que entra en una fase de ajuste y estrategia\" \/>\n<meta property=\"og:description\" content=\"Smartcherry convers\u00f3 con los productores Mario Soza y Diego Romero, quienes realizaron un balance preliminar de esta temporada, caracterizada por contrastes productivos, variabilidad clim\u00e1tica, heterogeneidad en la condici\u00f3n de la fruta y la necesidad de ajustar programas seg\u00fan cada realidad para construir fruta consistente.\" \/>\n<meta property=\"og:url\" content=\"https:\/\/smartcherry.cl\/en\/noticias\/escenario-productivo-de-la-cereza-se-redefine-tras-una-temporada-que-entra-en-una-fase-de-ajuste-y-estrategia\/\" \/>\n<meta property=\"og:site_name\" content=\"Smartcherry\" \/>\n<meta property=\"article:publisher\" content=\"https:\/\/web.facebook.com\/SmartCherry.cl\/\" \/>\n<meta property=\"article:published_time\" content=\"2026-02-20T15:23:34+00:00\" \/>\n<meta property=\"article:modified_time\" content=\"2026-02-20T15:47:21+00:00\" \/>\n<meta property=\"og:image\" content=\"https:\/\/smartcherry.cl\/wp-content\/uploads\/2026\/02\/Foto-nota-productores_20Feb.jpg\" \/>\n\t<meta property=\"og:image:width\" content=\"1400\" \/>\n\t<meta property=\"og:image:height\" content=\"800\" \/>\n\t<meta property=\"og:image:type\" content=\"image\/jpeg\" \/>\n<meta name=\"author\" content=\"Beatriz Parra\" \/>\n<meta name=\"twitter:card\" content=\"summary_large_image\" \/>\n<meta name=\"twitter:creator\" content=\"@SmartCherry_cl\" \/>\n<meta name=\"twitter:site\" content=\"@SmartCherry_cl\" \/>\n<meta name=\"twitter:label1\" content=\"Written by\" \/>\n\t<meta name=\"twitter:data1\" content=\"Beatriz Parra\" \/>\n\t<meta name=\"twitter:label2\" content=\"Est. reading time\" \/>\n\t<meta name=\"twitter:data2\" content=\"4 minutes\" \/>\n<script type=\"application\/ld+json\" class=\"yoast-schema-graph\">{\"@context\":\"https:\\\/\\\/schema.org\",\"@graph\":[{\"@type\":\"Article\",\"@id\":\"https:\\\/\\\/smartcherry.cl\\\/noticias\\\/escenario-productivo-de-la-cereza-se-redefine-tras-una-temporada-que-entra-en-una-fase-de-ajuste-y-estrategia\\\/#article\",\"isPartOf\":{\"@id\":\"https:\\\/\\\/smartcherry.cl\\\/noticias\\\/escenario-productivo-de-la-cereza-se-redefine-tras-una-temporada-que-entra-en-una-fase-de-ajuste-y-estrategia\\\/\"},\"author\":{\"name\":\"Beatriz Parra\",\"@id\":\"https:\\\/\\\/smartcherry.cl\\\/#\\\/schema\\\/person\\\/604ed44370e96b081064b745ca461407\"},\"headline\":\"Escenario productivo de la cereza se redefine, tras una temporada que entra en una fase de ajuste y estrategia\",\"datePublished\":\"2026-02-20T15:23:34+00:00\",\"dateModified\":\"2026-02-20T15:47:21+00:00\",\"mainEntityOfPage\":{\"@id\":\"https:\\\/\\\/smartcherry.cl\\\/noticias\\\/escenario-productivo-de-la-cereza-se-redefine-tras-una-temporada-que-entra-en-una-fase-de-ajuste-y-estrategia\\\/\"},\"wordCount\":703,\"publisher\":{\"@id\":\"https:\\\/\\\/smartcherry.cl\\\/#organization\"},\"image\":{\"@id\":\"https:\\\/\\\/smartcherry.cl\\\/noticias\\\/escenario-productivo-de-la-cereza-se-redefine-tras-una-temporada-que-entra-en-una-fase-de-ajuste-y-estrategia\\\/#primaryimage\"},\"thumbnailUrl\":\"https:\\\/\\\/smartcherry.cl\\\/wp-content\\\/uploads\\\/2026\\\/02\\\/Foto-nota-productores_20Feb.jpg\",\"keywords\":[\"diego romero\",\"temporada 2025-2026\",\"Mario Soza\"],\"articleSection\":[\"La industria\",\"Noticias\"],\"inLanguage\":\"en-US\"},{\"@type\":\"WebPage\",\"@id\":\"https:\\\/\\\/smartcherry.cl\\\/noticias\\\/escenario-productivo-de-la-cereza-se-redefine-tras-una-temporada-que-entra-en-una-fase-de-ajuste-y-estrategia\\\/\",\"url\":\"https:\\\/\\\/smartcherry.cl\\\/noticias\\\/escenario-productivo-de-la-cereza-se-redefine-tras-una-temporada-que-entra-en-una-fase-de-ajuste-y-estrategia\\\/\",\"name\":\"Escenario productivo de la cereza se redefine, tras una temporada que entra en una fase de ajuste y estrategia - Smartcherry\",\"isPartOf\":{\"@id\":\"https:\\\/\\\/smartcherry.cl\\\/#website\"},\"primaryImageOfPage\":{\"@id\":\"https:\\\/\\\/smartcherry.cl\\\/noticias\\\/escenario-productivo-de-la-cereza-se-redefine-tras-una-temporada-que-entra-en-una-fase-de-ajuste-y-estrategia\\\/#primaryimage\"},\"image\":{\"@id\":\"https:\\\/\\\/smartcherry.cl\\\/noticias\\\/escenario-productivo-de-la-cereza-se-redefine-tras-una-temporada-que-entra-en-una-fase-de-ajuste-y-estrategia\\\/#primaryimage\"},\"thumbnailUrl\":\"https:\\\/\\\/smartcherry.cl\\\/wp-content\\\/uploads\\\/2026\\\/02\\\/Foto-nota-productores_20Feb.jpg\",\"datePublished\":\"2026-02-20T15:23:34+00:00\",\"dateModified\":\"2026-02-20T15:47:21+00:00\",\"description\":\"Smartcherry convers\u00f3 con los productores Mario Soza y Diego Romero, quienes realizaron un balance preliminar de esta temporada, caracterizada por contrastes productivos, variabilidad clim\u00e1tica, heterogeneidad en la condici\u00f3n de la fruta y la necesidad de ajustar programas seg\u00fan cada realidad para construir fruta consistente.\",\"breadcrumb\":{\"@id\":\"https:\\\/\\\/smartcherry.cl\\\/noticias\\\/escenario-productivo-de-la-cereza-se-redefine-tras-una-temporada-que-entra-en-una-fase-de-ajuste-y-estrategia\\\/#breadcrumb\"},\"inLanguage\":\"en-US\",\"potentialAction\":[{\"@type\":\"ReadAction\",\"target\":[\"https:\\\/\\\/smartcherry.cl\\\/noticias\\\/escenario-productivo-de-la-cereza-se-redefine-tras-una-temporada-que-entra-en-una-fase-de-ajuste-y-estrategia\\\/\"]}]},{\"@type\":\"ImageObject\",\"inLanguage\":\"en-US\",\"@id\":\"https:\\\/\\\/smartcherry.cl\\\/noticias\\\/escenario-productivo-de-la-cereza-se-redefine-tras-una-temporada-que-entra-en-una-fase-de-ajuste-y-estrategia\\\/#primaryimage\",\"url\":\"https:\\\/\\\/smartcherry.cl\\\/wp-content\\\/uploads\\\/2026\\\/02\\\/Foto-nota-productores_20Feb.jpg\",\"contentUrl\":\"https:\\\/\\\/smartcherry.cl\\\/wp-content\\\/uploads\\\/2026\\\/02\\\/Foto-nota-productores_20Feb.jpg\",\"width\":1400,\"height\":800},{\"@type\":\"BreadcrumbList\",\"@id\":\"https:\\\/\\\/smartcherry.cl\\\/noticias\\\/escenario-productivo-de-la-cereza-se-redefine-tras-una-temporada-que-entra-en-una-fase-de-ajuste-y-estrategia\\\/#breadcrumb\",\"itemListElement\":[{\"@type\":\"ListItem\",\"position\":1,\"name\":\"Home\",\"item\":\"https:\\\/\\\/smartcherry.cl\\\/\"},{\"@type\":\"ListItem\",\"position\":2,\"name\":\"Noticias\",\"item\":\"https:\\\/\\\/smartcherry.cl\\\/category\\\/noticias\\\/\"},{\"@type\":\"ListItem\",\"position\":3,\"name\":\"Escenario productivo de la cereza se redefine, tras una temporada que entra en una fase de ajuste y estrategia\"}]},{\"@type\":\"WebSite\",\"@id\":\"https:\\\/\\\/smartcherry.cl\\\/#website\",\"url\":\"https:\\\/\\\/smartcherry.cl\\\/\",\"name\":\"Smartcherry\",\"description\":\"Sitio de Smartcherry\",\"publisher\":{\"@id\":\"https:\\\/\\\/smartcherry.cl\\\/#organization\"},\"potentialAction\":[{\"@type\":\"SearchAction\",\"target\":{\"@type\":\"EntryPoint\",\"urlTemplate\":\"https:\\\/\\\/smartcherry.cl\\\/?s={search_term_string}\"},\"query-input\":{\"@type\":\"PropertyValueSpecification\",\"valueRequired\":true,\"valueName\":\"search_term_string\"}}],\"inLanguage\":\"en-US\"},{\"@type\":\"Organization\",\"@id\":\"https:\\\/\\\/smartcherry.cl\\\/#organization\",\"name\":\"SmartCherry\",\"url\":\"https:\\\/\\\/smartcherry.cl\\\/\",\"logo\":{\"@type\":\"ImageObject\",\"inLanguage\":\"en-US\",\"@id\":\"https:\\\/\\\/smartcherry.cl\\\/#\\\/schema\\\/logo\\\/image\\\/\",\"url\":\"https:\\\/\\\/smartcherry.cl\\\/wp-content\\\/uploads\\\/2022\\\/02\\\/logo_smartcherry.png\",\"contentUrl\":\"https:\\\/\\\/smartcherry.cl\\\/wp-content\\\/uploads\\\/2022\\\/02\\\/logo_smartcherry.png\",\"width\":411,\"height\":84,\"caption\":\"SmartCherry\"},\"image\":{\"@id\":\"https:\\\/\\\/smartcherry.cl\\\/#\\\/schema\\\/logo\\\/image\\\/\"},\"sameAs\":[\"https:\\\/\\\/web.facebook.com\\\/SmartCherry.cl\\\/\",\"https:\\\/\\\/x.com\\\/SmartCherry_cl\",\"https:\\\/\\\/www.linkedin.com\\\/company\\\/smartcherry\\\/\",\"https:\\\/\\\/www.instagram.com\\\/smartcherry_cl\\\/\",\"https:\\\/\\\/www.youtube.com\\\/channel\\\/UCe007LfgFFnntDgCcqICbPQ\"]},{\"@type\":\"Person\",\"@id\":\"https:\\\/\\\/smartcherry.cl\\\/#\\\/schema\\\/person\\\/604ed44370e96b081064b745ca461407\",\"name\":\"Beatriz Parra\",\"image\":{\"@type\":\"ImageObject\",\"inLanguage\":\"en-US\",\"@id\":\"https:\\\/\\\/smartcherry.cl\\\/wp-content\\\/uploads\\\/2025\\\/01\\\/POST-96x96.png\",\"url\":\"https:\\\/\\\/smartcherry.cl\\\/wp-content\\\/uploads\\\/2025\\\/01\\\/POST-96x96.png\",\"contentUrl\":\"https:\\\/\\\/smartcherry.cl\\\/wp-content\\\/uploads\\\/2025\\\/01\\\/POST-96x96.png\",\"caption\":\"Beatriz Parra\"},\"url\":\"https:\\\/\\\/smartcherry.cl\\\/en\\\/author\\\/bparra\\\/\"}]}<\/script>\n<!-- \/ Yoast SEO Premium plugin. -->","yoast_head_json":{"title":"Escenario productivo de la cereza se redefine, tras una temporada que entra en una fase de ajuste y estrategia - Smartcherry","description":"Smartcherry convers\u00f3 con los productores Mario Soza y Diego Romero, quienes realizaron un balance preliminar de esta temporada, caracterizada por contrastes productivos, variabilidad clim\u00e1tica, heterogeneidad en la condici\u00f3n de la fruta y la necesidad de ajustar programas seg\u00fan cada realidad para construir fruta consistente.","robots":{"index":"index","follow":"follow","max-snippet":"max-snippet:-1","max-image-preview":"max-image-preview:large","max-video-preview":"max-video-preview:-1"},"canonical":"https:\/\/smartcherry.cl\/en\/noticias\/escenario-productivo-de-la-cereza-se-redefine-tras-una-temporada-que-entra-en-una-fase-de-ajuste-y-estrategia\/","og_locale":"en_US","og_type":"article","og_title":"Escenario productivo de la cereza se redefine, tras una temporada que entra en una fase de ajuste y estrategia","og_description":"Smartcherry convers\u00f3 con los productores Mario Soza y Diego Romero, quienes realizaron un balance preliminar de esta temporada, caracterizada por contrastes productivos, variabilidad clim\u00e1tica, heterogeneidad en la condici\u00f3n de la fruta y la necesidad de ajustar programas seg\u00fan cada realidad para construir fruta consistente.","og_url":"https:\/\/smartcherry.cl\/en\/noticias\/escenario-productivo-de-la-cereza-se-redefine-tras-una-temporada-que-entra-en-una-fase-de-ajuste-y-estrategia\/","og_site_name":"Smartcherry","article_publisher":"https:\/\/web.facebook.com\/SmartCherry.cl\/","article_published_time":"2026-02-20T15:23:34+00:00","article_modified_time":"2026-02-20T15:47:21+00:00","og_image":[{"width":1400,"height":800,"url":"https:\/\/smartcherry.cl\/wp-content\/uploads\/2026\/02\/Foto-nota-productores_20Feb.jpg","type":"image\/jpeg"}],"author":"Beatriz Parra","twitter_card":"summary_large_image","twitter_creator":"@SmartCherry_cl","twitter_site":"@SmartCherry_cl","twitter_misc":{"Written by":"Beatriz Parra","Est. reading time":"4 minutes"},"schema":{"@context":"https:\/\/schema.org","@graph":[{"@type":"Article","@id":"https:\/\/smartcherry.cl\/noticias\/escenario-productivo-de-la-cereza-se-redefine-tras-una-temporada-que-entra-en-una-fase-de-ajuste-y-estrategia\/#article","isPartOf":{"@id":"https:\/\/smartcherry.cl\/noticias\/escenario-productivo-de-la-cereza-se-redefine-tras-una-temporada-que-entra-en-una-fase-de-ajuste-y-estrategia\/"},"author":{"name":"Beatriz Parra","@id":"https:\/\/smartcherry.cl\/#\/schema\/person\/604ed44370e96b081064b745ca461407"},"headline":"Escenario productivo de la cereza se redefine, tras una temporada que entra en una fase de ajuste y estrategia","datePublished":"2026-02-20T15:23:34+00:00","dateModified":"2026-02-20T15:47:21+00:00","mainEntityOfPage":{"@id":"https:\/\/smartcherry.cl\/noticias\/escenario-productivo-de-la-cereza-se-redefine-tras-una-temporada-que-entra-en-una-fase-de-ajuste-y-estrategia\/"},"wordCount":703,"publisher":{"@id":"https:\/\/smartcherry.cl\/#organization"},"image":{"@id":"https:\/\/smartcherry.cl\/noticias\/escenario-productivo-de-la-cereza-se-redefine-tras-una-temporada-que-entra-en-una-fase-de-ajuste-y-estrategia\/#primaryimage"},"thumbnailUrl":"https:\/\/smartcherry.cl\/wp-content\/uploads\/2026\/02\/Foto-nota-productores_20Feb.jpg","keywords":["diego romero","temporada 2025-2026","Mario Soza"],"articleSection":["La industria","Noticias"],"inLanguage":"en-US"},{"@type":"WebPage","@id":"https:\/\/smartcherry.cl\/noticias\/escenario-productivo-de-la-cereza-se-redefine-tras-una-temporada-que-entra-en-una-fase-de-ajuste-y-estrategia\/","url":"https:\/\/smartcherry.cl\/noticias\/escenario-productivo-de-la-cereza-se-redefine-tras-una-temporada-que-entra-en-una-fase-de-ajuste-y-estrategia\/","name":"Escenario productivo de la cereza se redefine, tras una temporada que entra en una fase de ajuste y estrategia - Smartcherry","isPartOf":{"@id":"https:\/\/smartcherry.cl\/#website"},"primaryImageOfPage":{"@id":"https:\/\/smartcherry.cl\/noticias\/escenario-productivo-de-la-cereza-se-redefine-tras-una-temporada-que-entra-en-una-fase-de-ajuste-y-estrategia\/#primaryimage"},"image":{"@id":"https:\/\/smartcherry.cl\/noticias\/escenario-productivo-de-la-cereza-se-redefine-tras-una-temporada-que-entra-en-una-fase-de-ajuste-y-estrategia\/#primaryimage"},"thumbnailUrl":"https:\/\/smartcherry.cl\/wp-content\/uploads\/2026\/02\/Foto-nota-productores_20Feb.jpg","datePublished":"2026-02-20T15:23:34+00:00","dateModified":"2026-02-20T15:47:21+00:00","description":"Smartcherry convers\u00f3 con los productores Mario Soza y Diego Romero, quienes realizaron un balance preliminar de esta temporada, caracterizada por contrastes productivos, variabilidad clim\u00e1tica, heterogeneidad en la condici\u00f3n de la fruta y la necesidad de ajustar programas seg\u00fan cada realidad para construir fruta consistente.","breadcrumb":{"@id":"https:\/\/smartcherry.cl\/noticias\/escenario-productivo-de-la-cereza-se-redefine-tras-una-temporada-que-entra-en-una-fase-de-ajuste-y-estrategia\/#breadcrumb"},"inLanguage":"en-US","potentialAction":[{"@type":"ReadAction","target":["https:\/\/smartcherry.cl\/noticias\/escenario-productivo-de-la-cereza-se-redefine-tras-una-temporada-que-entra-en-una-fase-de-ajuste-y-estrategia\/"]}]},{"@type":"ImageObject","inLanguage":"en-US","@id":"https:\/\/smartcherry.cl\/noticias\/escenario-productivo-de-la-cereza-se-redefine-tras-una-temporada-que-entra-en-una-fase-de-ajuste-y-estrategia\/#primaryimage","url":"https:\/\/smartcherry.cl\/wp-content\/uploads\/2026\/02\/Foto-nota-productores_20Feb.jpg","contentUrl":"https:\/\/smartcherry.cl\/wp-content\/uploads\/2026\/02\/Foto-nota-productores_20Feb.jpg","width":1400,"height":800},{"@type":"BreadcrumbList","@id":"https:\/\/smartcherry.cl\/noticias\/escenario-productivo-de-la-cereza-se-redefine-tras-una-temporada-que-entra-en-una-fase-de-ajuste-y-estrategia\/#breadcrumb","itemListElement":[{"@type":"ListItem","position":1,"name":"Home","item":"https:\/\/smartcherry.cl\/"},{"@type":"ListItem","position":2,"name":"Noticias","item":"https:\/\/smartcherry.cl\/category\/noticias\/"},{"@type":"ListItem","position":3,"name":"Escenario productivo de la cereza se redefine, tras una temporada que entra en una fase de ajuste y estrategia"}]},{"@type":"WebSite","@id":"https:\/\/smartcherry.cl\/#website","url":"https:\/\/smartcherry.cl\/","name":"Smartcherry","description":"Smartcherry Site","publisher":{"@id":"https:\/\/smartcherry.cl\/#organization"},"potentialAction":[{"@type":"SearchAction","target":{"@type":"EntryPoint","urlTemplate":"https:\/\/smartcherry.cl\/?s={search_term_string}"},"query-input":{"@type":"PropertyValueSpecification","valueRequired":true,"valueName":"search_term_string"}}],"inLanguage":"en-US"},{"@type":"Organization","@id":"https:\/\/smartcherry.cl\/#organization","name":"SmartCherry","url":"https:\/\/smartcherry.cl\/","logo":{"@type":"ImageObject","inLanguage":"en-US","@id":"https:\/\/smartcherry.cl\/#\/schema\/logo\/image\/","url":"https:\/\/smartcherry.cl\/wp-content\/uploads\/2022\/02\/logo_smartcherry.png","contentUrl":"https:\/\/smartcherry.cl\/wp-content\/uploads\/2022\/02\/logo_smartcherry.png","width":411,"height":84,"caption":"SmartCherry"},"image":{"@id":"https:\/\/smartcherry.cl\/#\/schema\/logo\/image\/"},"sameAs":["https:\/\/web.facebook.com\/SmartCherry.cl\/","https:\/\/x.com\/SmartCherry_cl","https:\/\/www.linkedin.com\/company\/smartcherry\/","https:\/\/www.instagram.com\/smartcherry_cl\/","https:\/\/www.youtube.com\/channel\/UCe007LfgFFnntDgCcqICbPQ"]},{"@type":"Person","@id":"https:\/\/smartcherry.cl\/#\/schema\/person\/604ed44370e96b081064b745ca461407","name":"Beatriz Parra","image":{"@type":"ImageObject","inLanguage":"en-US","@id":"https:\/\/smartcherry.cl\/wp-content\/uploads\/2025\/01\/POST-96x96.png","url":"https:\/\/smartcherry.cl\/wp-content\/uploads\/2025\/01\/POST-96x96.png","contentUrl":"https:\/\/smartcherry.cl\/wp-content\/uploads\/2025\/01\/POST-96x96.png","caption":"Beatriz Parra"},"url":"https:\/\/smartcherry.cl\/en\/author\/bparra\/"}]}},"_links":{"self":[{"href":"https:\/\/smartcherry.cl\/en\/wp-json\/wp\/v2\/posts\/53624","targetHints":{"allow":["GET"]}}],"collection":[{"href":"https:\/\/smartcherry.cl\/en\/wp-json\/wp\/v2\/posts"}],"about":[{"href":"https:\/\/smartcherry.cl\/en\/wp-json\/wp\/v2\/types\/post"}],"author":[{"embeddable":true,"href":"https:\/\/smartcherry.cl\/en\/wp-json\/wp\/v2\/users\/273"}],"replies":[{"embeddable":true,"href":"https:\/\/smartcherry.cl\/en\/wp-json\/wp\/v2\/comments?post=53624"}],"version-history":[{"count":9,"href":"https:\/\/smartcherry.cl\/en\/wp-json\/wp\/v2\/posts\/53624\/revisions"}],"predecessor-version":[{"id":53680,"href":"https:\/\/smartcherry.cl\/en\/wp-json\/wp\/v2\/posts\/53624\/revisions\/53680"}],"wp:featuredmedia":[{"embeddable":true,"href":"https:\/\/smartcherry.cl\/en\/wp-json\/wp\/v2\/media\/53665"}],"wp:attachment":[{"href":"https:\/\/smartcherry.cl\/en\/wp-json\/wp\/v2\/media?parent=53624"}],"wp:term":[{"taxonomy":"category","embeddable":true,"href":"https:\/\/smartcherry.cl\/en\/wp-json\/wp\/v2\/categories?post=53624"},{"taxonomy":"post_tag","embeddable":true,"href":"https:\/\/smartcherry.cl\/en\/wp-json\/wp\/v2\/tags?post=53624"},{"taxonomy":"category_proveedor","embeddable":true,"href":"https:\/\/smartcherry.cl\/en\/wp-json\/wp\/v2\/category_proveedor?post=53624"},{"taxonomy":"pais","embeddable":true,"href":"https:\/\/smartcherry.cl\/en\/wp-json\/wp\/v2\/pais?post=53624"}],"curies":[{"name":"wp","href":"https:\/\/api.w.org\/{rel}","templated":true}]}}