{"id":52754,"date":"2026-01-21T12:01:10","date_gmt":"2026-01-21T15:01:10","guid":{"rendered":"https:\/\/smartcherry.cl\/?p=52754"},"modified":"2026-01-21T12:04:18","modified_gmt":"2026-01-21T15:04:18","slug":"jaime-campos-sera-el-nuevo-ministro-de-agricultura","status":"publish","type":"post","link":"https:\/\/smartcherry.cl\/en\/noticias\/jaime-campos-sera-el-nuevo-ministro-de-agricultura\/","title":{"rendered":"Jaime Campos ser\u00e1 el nuevo ministro de Agricultura"},"content":{"rendered":"<p><strong><em>El ex diputado del Partido Radical naci\u00f3 en Constituci\u00f3n en 1953, estudi\u00f3 en la Facultad de Derecho de la Universidad de Concepci\u00f3n y obtuvo el grado de Licenciado en Ciencias Jur\u00eddicas y Sociales. Adem\u00e1s, cuenta con una extensa trayectoria en el servicio p\u00fablico.<\/em><\/strong><\/p>\n\n\n\n<p>En una declaraci\u00f3n emitida por la Sociedad Nacional de Agricultura (SNA) valoraron positivamente su nombramiento, destacando su carrera intachable y su conocimiento del sector agr\u00edcola, respaldado por los seis a\u00f1os en que lider\u00f3 esa cartera.<\/p>\n\n\n\n<p><em>\u00abAs\u00ed como siempre hemos respaldado a los ministros de Agricultura, Jaime Campos cuenta con todo nuestro apoyo para asumir este nuevo desaf\u00edo. Tiene una amplia trayectoria pol\u00edtica, fue ministro en dos oportunidades -una de ellas de Agricultura- y conoce profundamente nuestro sector\u00bb<\/em>, manifest\u00f3 el presidente de la SNA, Antonio Walker.<\/p>\n\n\n\n<p>Y agreg\u00f3: <em>\u00abLa agricultura enfrenta hoy grandes desaf\u00edos en infraestructura h\u00eddrica, competitividad, apertura a nuevos mercados y seguridad rural, y estamos seguros de que su experiencia y compromiso con el pa\u00eds contribuir\u00e1n a impulsar mejores pol\u00edticas p\u00fablicas para el desarrollo de nuestro sector\u00bb<\/em>.<\/p>\n\n\n\n<p><strong>Photo:<\/strong> Gentileza de lanacion.cl<\/p>","protected":false},"excerpt":{"rendered":"<p>El abogado de 72 a\u00f1os fue ministro de esa cartera durante el gobierno de Ricardo Lagos (2000\u20132006) y, posteriormente, ocup\u00f3 el cargo de ministro de Justicia en el segundo mandato de Michelle Bachelet (2016\u20132018).<\/p>","protected":false},"author":273,"featured_media":52757,"comment_status":"closed","ping_status":"open","sticky":false,"template":"","format":"standard","meta":{"_acf_changed":false,"inline_featured_image":false,"footnotes":""},"categories":[35],"tags":[2125,4437],"category_proveedor":[],"pais":[],"class_list":["post-52754","post","type-post","status-publish","format-standard","has-post-thumbnail","hentry","category-noticias","tag-ministro-agricultura","tag-antonio-campos"],"acf":[],"yoast_head":"<!-- This site is optimized with the Yoast SEO Premium plugin v21.3 (Yoast SEO v27.3) - https:\/\/yoast.com\/product\/yoast-seo-premium-wordpress\/ -->\n<title>Jaime Campos ser\u00e1 el nuevo ministro de Agricultura - Smartcherry<\/title>\n<meta name=\"description\" content=\"El ex diputado del Partido Radical naci\u00f3 en Constituci\u00f3n en 1953, estudi\u00f3 en la Facultad de Derecho de la Universidad de Concepci\u00f3n y obtuvo el grado de Licenciado en Ciencias Jur\u00eddicas y Sociales. Adem\u00e1s, cuenta con una amplia trayectoria en el servicio p\u00fablico.\" \/>\n<meta name=\"robots\" content=\"index, follow, max-snippet:-1, max-image-preview:large, max-video-preview:-1\" \/>\n<link rel=\"canonical\" href=\"https:\/\/smartcherry.cl\/en\/noticias\/jaime-campos-sera-el-nuevo-ministro-de-agricultura\/\" \/>\n<meta property=\"og:locale\" content=\"en_US\" \/>\n<meta property=\"og:type\" content=\"article\" \/>\n<meta property=\"og:title\" content=\"Jaime Campos ser\u00e1 el nuevo ministro de Agricultura\" \/>\n<meta property=\"og:description\" content=\"El ex diputado del Partido Radical naci\u00f3 en Constituci\u00f3n en 1953, estudi\u00f3 en la Facultad de Derecho de la Universidad de Concepci\u00f3n y obtuvo el grado de Licenciado en Ciencias Jur\u00eddicas y Sociales. Adem\u00e1s, cuenta con una amplia trayectoria en el servicio p\u00fablico.\" \/>\n<meta property=\"og:url\" content=\"https:\/\/smartcherry.cl\/en\/noticias\/jaime-campos-sera-el-nuevo-ministro-de-agricultura\/\" \/>\n<meta property=\"og:site_name\" content=\"Smartcherry\" \/>\n<meta property=\"article:publisher\" content=\"https:\/\/web.facebook.com\/SmartCherry.cl\/\" \/>\n<meta property=\"article:published_time\" content=\"2026-01-21T15:01:10+00:00\" \/>\n<meta property=\"article:modified_time\" content=\"2026-01-21T15:04:18+00:00\" \/>\n<meta property=\"og:image\" content=\"https:\/\/smartcherry.cl\/wp-content\/uploads\/2026\/01\/Campos.jpg\" \/>\n\t<meta property=\"og:image:width\" content=\"1125\" \/>\n\t<meta property=\"og:image:height\" content=\"751\" \/>\n\t<meta property=\"og:image:type\" content=\"image\/jpeg\" \/>\n<meta name=\"author\" content=\"Beatriz Parra\" \/>\n<meta name=\"twitter:card\" content=\"summary_large_image\" \/>\n<meta name=\"twitter:creator\" content=\"@SmartCherry_cl\" \/>\n<meta name=\"twitter:site\" content=\"@SmartCherry_cl\" \/>\n<meta name=\"twitter:label1\" content=\"Written by\" \/>\n\t<meta name=\"twitter:data1\" content=\"Beatriz Parra\" \/>\n\t<meta name=\"twitter:label2\" content=\"Est. reading time\" \/>\n\t<meta name=\"twitter:data2\" content=\"2 minutes\" \/>\n<script type=\"application\/ld+json\" class=\"yoast-schema-graph\">{\"@context\":\"https:\\\/\\\/schema.org\",\"@graph\":[{\"@type\":\"Article\",\"@id\":\"https:\\\/\\\/smartcherry.cl\\\/noticias\\\/jaime-campos-sera-el-nuevo-ministro-de-agricultura\\\/#article\",\"isPartOf\":{\"@id\":\"https:\\\/\\\/smartcherry.cl\\\/noticias\\\/jaime-campos-sera-el-nuevo-ministro-de-agricultura\\\/\"},\"author\":{\"name\":\"Beatriz Parra\",\"@id\":\"https:\\\/\\\/smartcherry.cl\\\/#\\\/schema\\\/person\\\/604ed44370e96b081064b745ca461407\"},\"headline\":\"Jaime Campos ser\u00e1 el nuevo ministro de Agricultura\",\"datePublished\":\"2026-01-21T15:01:10+00:00\",\"dateModified\":\"2026-01-21T15:04:18+00:00\",\"mainEntityOfPage\":{\"@id\":\"https:\\\/\\\/smartcherry.cl\\\/noticias\\\/jaime-campos-sera-el-nuevo-ministro-de-agricultura\\\/\"},\"wordCount\":199,\"publisher\":{\"@id\":\"https:\\\/\\\/smartcherry.cl\\\/#organization\"},\"image\":{\"@id\":\"https:\\\/\\\/smartcherry.cl\\\/noticias\\\/jaime-campos-sera-el-nuevo-ministro-de-agricultura\\\/#primaryimage\"},\"thumbnailUrl\":\"https:\\\/\\\/smartcherry.cl\\\/wp-content\\\/uploads\\\/2026\\\/01\\\/Campos.jpg\",\"keywords\":[\"Ministro Agricultura\",\"Antonio Campos\"],\"articleSection\":[\"Noticias\"],\"inLanguage\":\"en-US\"},{\"@type\":\"WebPage\",\"@id\":\"https:\\\/\\\/smartcherry.cl\\\/noticias\\\/jaime-campos-sera-el-nuevo-ministro-de-agricultura\\\/\",\"url\":\"https:\\\/\\\/smartcherry.cl\\\/noticias\\\/jaime-campos-sera-el-nuevo-ministro-de-agricultura\\\/\",\"name\":\"Jaime Campos ser\u00e1 el nuevo ministro de Agricultura - Smartcherry\",\"isPartOf\":{\"@id\":\"https:\\\/\\\/smartcherry.cl\\\/#website\"},\"primaryImageOfPage\":{\"@id\":\"https:\\\/\\\/smartcherry.cl\\\/noticias\\\/jaime-campos-sera-el-nuevo-ministro-de-agricultura\\\/#primaryimage\"},\"image\":{\"@id\":\"https:\\\/\\\/smartcherry.cl\\\/noticias\\\/jaime-campos-sera-el-nuevo-ministro-de-agricultura\\\/#primaryimage\"},\"thumbnailUrl\":\"https:\\\/\\\/smartcherry.cl\\\/wp-content\\\/uploads\\\/2026\\\/01\\\/Campos.jpg\",\"datePublished\":\"2026-01-21T15:01:10+00:00\",\"dateModified\":\"2026-01-21T15:04:18+00:00\",\"description\":\"El ex diputado del Partido Radical naci\u00f3 en Constituci\u00f3n en 1953, estudi\u00f3 en la Facultad de Derecho de la Universidad de Concepci\u00f3n y obtuvo el grado de Licenciado en Ciencias Jur\u00eddicas y Sociales. Adem\u00e1s, cuenta con una amplia trayectoria en el servicio p\u00fablico.\",\"breadcrumb\":{\"@id\":\"https:\\\/\\\/smartcherry.cl\\\/noticias\\\/jaime-campos-sera-el-nuevo-ministro-de-agricultura\\\/#breadcrumb\"},\"inLanguage\":\"en-US\",\"potentialAction\":[{\"@type\":\"ReadAction\",\"target\":[\"https:\\\/\\\/smartcherry.cl\\\/noticias\\\/jaime-campos-sera-el-nuevo-ministro-de-agricultura\\\/\"]}]},{\"@type\":\"ImageObject\",\"inLanguage\":\"en-US\",\"@id\":\"https:\\\/\\\/smartcherry.cl\\\/noticias\\\/jaime-campos-sera-el-nuevo-ministro-de-agricultura\\\/#primaryimage\",\"url\":\"https:\\\/\\\/smartcherry.cl\\\/wp-content\\\/uploads\\\/2026\\\/01\\\/Campos.jpg\",\"contentUrl\":\"https:\\\/\\\/smartcherry.cl\\\/wp-content\\\/uploads\\\/2026\\\/01\\\/Campos.jpg\",\"width\":1125,\"height\":751},{\"@type\":\"BreadcrumbList\",\"@id\":\"https:\\\/\\\/smartcherry.cl\\\/noticias\\\/jaime-campos-sera-el-nuevo-ministro-de-agricultura\\\/#breadcrumb\",\"itemListElement\":[{\"@type\":\"ListItem\",\"position\":1,\"name\":\"Home\",\"item\":\"https:\\\/\\\/smartcherry.cl\\\/\"},{\"@type\":\"ListItem\",\"position\":2,\"name\":\"Noticias\",\"item\":\"https:\\\/\\\/smartcherry.cl\\\/category\\\/noticias\\\/\"},{\"@type\":\"ListItem\",\"position\":3,\"name\":\"Jaime Campos ser\u00e1 el nuevo ministro de Agricultura\"}]},{\"@type\":\"WebSite\",\"@id\":\"https:\\\/\\\/smartcherry.cl\\\/#website\",\"url\":\"https:\\\/\\\/smartcherry.cl\\\/\",\"name\":\"Smartcherry\",\"description\":\"Sitio de Smartcherry\",\"publisher\":{\"@id\":\"https:\\\/\\\/smartcherry.cl\\\/#organization\"},\"potentialAction\":[{\"@type\":\"SearchAction\",\"target\":{\"@type\":\"EntryPoint\",\"urlTemplate\":\"https:\\\/\\\/smartcherry.cl\\\/?s={search_term_string}\"},\"query-input\":{\"@type\":\"PropertyValueSpecification\",\"valueRequired\":true,\"valueName\":\"search_term_string\"}}],\"inLanguage\":\"en-US\"},{\"@type\":\"Organization\",\"@id\":\"https:\\\/\\\/smartcherry.cl\\\/#organization\",\"name\":\"SmartCherry\",\"url\":\"https:\\\/\\\/smartcherry.cl\\\/\",\"logo\":{\"@type\":\"ImageObject\",\"inLanguage\":\"en-US\",\"@id\":\"https:\\\/\\\/smartcherry.cl\\\/#\\\/schema\\\/logo\\\/image\\\/\",\"url\":\"https:\\\/\\\/smartcherry.cl\\\/wp-content\\\/uploads\\\/2022\\\/02\\\/logo_smartcherry.png\",\"contentUrl\":\"https:\\\/\\\/smartcherry.cl\\\/wp-content\\\/uploads\\\/2022\\\/02\\\/logo_smartcherry.png\",\"width\":411,\"height\":84,\"caption\":\"SmartCherry\"},\"image\":{\"@id\":\"https:\\\/\\\/smartcherry.cl\\\/#\\\/schema\\\/logo\\\/image\\\/\"},\"sameAs\":[\"https:\\\/\\\/web.facebook.com\\\/SmartCherry.cl\\\/\",\"https:\\\/\\\/x.com\\\/SmartCherry_cl\",\"https:\\\/\\\/www.linkedin.com\\\/company\\\/smartcherry\\\/\",\"https:\\\/\\\/www.instagram.com\\\/smartcherry_cl\\\/\",\"https:\\\/\\\/www.youtube.com\\\/channel\\\/UCe007LfgFFnntDgCcqICbPQ\"]},{\"@type\":\"Person\",\"@id\":\"https:\\\/\\\/smartcherry.cl\\\/#\\\/schema\\\/person\\\/604ed44370e96b081064b745ca461407\",\"name\":\"Beatriz Parra\",\"image\":{\"@type\":\"ImageObject\",\"inLanguage\":\"en-US\",\"@id\":\"https:\\\/\\\/smartcherry.cl\\\/wp-content\\\/uploads\\\/2025\\\/01\\\/POST-96x96.png\",\"url\":\"https:\\\/\\\/smartcherry.cl\\\/wp-content\\\/uploads\\\/2025\\\/01\\\/POST-96x96.png\",\"contentUrl\":\"https:\\\/\\\/smartcherry.cl\\\/wp-content\\\/uploads\\\/2025\\\/01\\\/POST-96x96.png\",\"caption\":\"Beatriz Parra\"},\"url\":\"https:\\\/\\\/smartcherry.cl\\\/en\\\/author\\\/bparra\\\/\"}]}<\/script>\n<!-- \/ Yoast SEO Premium plugin. -->","yoast_head_json":{"title":"Jaime Campos ser\u00e1 el nuevo ministro de Agricultura - Smartcherry","description":"El ex diputado del Partido Radical naci\u00f3 en Constituci\u00f3n en 1953, estudi\u00f3 en la Facultad de Derecho de la Universidad de Concepci\u00f3n y obtuvo el grado de Licenciado en Ciencias Jur\u00eddicas y Sociales. Adem\u00e1s, cuenta con una amplia trayectoria en el servicio p\u00fablico.","robots":{"index":"index","follow":"follow","max-snippet":"max-snippet:-1","max-image-preview":"max-image-preview:large","max-video-preview":"max-video-preview:-1"},"canonical":"https:\/\/smartcherry.cl\/en\/noticias\/jaime-campos-sera-el-nuevo-ministro-de-agricultura\/","og_locale":"en_US","og_type":"article","og_title":"Jaime Campos ser\u00e1 el nuevo ministro de Agricultura","og_description":"El ex diputado del Partido Radical naci\u00f3 en Constituci\u00f3n en 1953, estudi\u00f3 en la Facultad de Derecho de la Universidad de Concepci\u00f3n y obtuvo el grado de Licenciado en Ciencias Jur\u00eddicas y Sociales. Adem\u00e1s, cuenta con una amplia trayectoria en el servicio p\u00fablico.","og_url":"https:\/\/smartcherry.cl\/en\/noticias\/jaime-campos-sera-el-nuevo-ministro-de-agricultura\/","og_site_name":"Smartcherry","article_publisher":"https:\/\/web.facebook.com\/SmartCherry.cl\/","article_published_time":"2026-01-21T15:01:10+00:00","article_modified_time":"2026-01-21T15:04:18+00:00","og_image":[{"width":1125,"height":751,"url":"https:\/\/smartcherry.cl\/wp-content\/uploads\/2026\/01\/Campos.jpg","type":"image\/jpeg"}],"author":"Beatriz Parra","twitter_card":"summary_large_image","twitter_creator":"@SmartCherry_cl","twitter_site":"@SmartCherry_cl","twitter_misc":{"Written by":"Beatriz Parra","Est. reading time":"2 minutes"},"schema":{"@context":"https:\/\/schema.org","@graph":[{"@type":"Article","@id":"https:\/\/smartcherry.cl\/noticias\/jaime-campos-sera-el-nuevo-ministro-de-agricultura\/#article","isPartOf":{"@id":"https:\/\/smartcherry.cl\/noticias\/jaime-campos-sera-el-nuevo-ministro-de-agricultura\/"},"author":{"name":"Beatriz Parra","@id":"https:\/\/smartcherry.cl\/#\/schema\/person\/604ed44370e96b081064b745ca461407"},"headline":"Jaime Campos ser\u00e1 el nuevo ministro de Agricultura","datePublished":"2026-01-21T15:01:10+00:00","dateModified":"2026-01-21T15:04:18+00:00","mainEntityOfPage":{"@id":"https:\/\/smartcherry.cl\/noticias\/jaime-campos-sera-el-nuevo-ministro-de-agricultura\/"},"wordCount":199,"publisher":{"@id":"https:\/\/smartcherry.cl\/#organization"},"image":{"@id":"https:\/\/smartcherry.cl\/noticias\/jaime-campos-sera-el-nuevo-ministro-de-agricultura\/#primaryimage"},"thumbnailUrl":"https:\/\/smartcherry.cl\/wp-content\/uploads\/2026\/01\/Campos.jpg","keywords":["Ministro Agricultura","Antonio Campos"],"articleSection":["Noticias"],"inLanguage":"en-US"},{"@type":"WebPage","@id":"https:\/\/smartcherry.cl\/noticias\/jaime-campos-sera-el-nuevo-ministro-de-agricultura\/","url":"https:\/\/smartcherry.cl\/noticias\/jaime-campos-sera-el-nuevo-ministro-de-agricultura\/","name":"Jaime Campos ser\u00e1 el nuevo ministro de Agricultura - Smartcherry","isPartOf":{"@id":"https:\/\/smartcherry.cl\/#website"},"primaryImageOfPage":{"@id":"https:\/\/smartcherry.cl\/noticias\/jaime-campos-sera-el-nuevo-ministro-de-agricultura\/#primaryimage"},"image":{"@id":"https:\/\/smartcherry.cl\/noticias\/jaime-campos-sera-el-nuevo-ministro-de-agricultura\/#primaryimage"},"thumbnailUrl":"https:\/\/smartcherry.cl\/wp-content\/uploads\/2026\/01\/Campos.jpg","datePublished":"2026-01-21T15:01:10+00:00","dateModified":"2026-01-21T15:04:18+00:00","description":"El ex diputado del Partido Radical naci\u00f3 en Constituci\u00f3n en 1953, estudi\u00f3 en la Facultad de Derecho de la Universidad de Concepci\u00f3n y obtuvo el grado de Licenciado en Ciencias Jur\u00eddicas y Sociales. Adem\u00e1s, cuenta con una amplia trayectoria en el servicio p\u00fablico.","breadcrumb":{"@id":"https:\/\/smartcherry.cl\/noticias\/jaime-campos-sera-el-nuevo-ministro-de-agricultura\/#breadcrumb"},"inLanguage":"en-US","potentialAction":[{"@type":"ReadAction","target":["https:\/\/smartcherry.cl\/noticias\/jaime-campos-sera-el-nuevo-ministro-de-agricultura\/"]}]},{"@type":"ImageObject","inLanguage":"en-US","@id":"https:\/\/smartcherry.cl\/noticias\/jaime-campos-sera-el-nuevo-ministro-de-agricultura\/#primaryimage","url":"https:\/\/smartcherry.cl\/wp-content\/uploads\/2026\/01\/Campos.jpg","contentUrl":"https:\/\/smartcherry.cl\/wp-content\/uploads\/2026\/01\/Campos.jpg","width":1125,"height":751},{"@type":"BreadcrumbList","@id":"https:\/\/smartcherry.cl\/noticias\/jaime-campos-sera-el-nuevo-ministro-de-agricultura\/#breadcrumb","itemListElement":[{"@type":"ListItem","position":1,"name":"Home","item":"https:\/\/smartcherry.cl\/"},{"@type":"ListItem","position":2,"name":"Noticias","item":"https:\/\/smartcherry.cl\/category\/noticias\/"},{"@type":"ListItem","position":3,"name":"Jaime Campos ser\u00e1 el nuevo ministro de Agricultura"}]},{"@type":"WebSite","@id":"https:\/\/smartcherry.cl\/#website","url":"https:\/\/smartcherry.cl\/","name":"Smartcherry","description":"Smartcherry Site","publisher":{"@id":"https:\/\/smartcherry.cl\/#organization"},"potentialAction":[{"@type":"SearchAction","target":{"@type":"EntryPoint","urlTemplate":"https:\/\/smartcherry.cl\/?s={search_term_string}"},"query-input":{"@type":"PropertyValueSpecification","valueRequired":true,"valueName":"search_term_string"}}],"inLanguage":"en-US"},{"@type":"Organization","@id":"https:\/\/smartcherry.cl\/#organization","name":"SmartCherry","url":"https:\/\/smartcherry.cl\/","logo":{"@type":"ImageObject","inLanguage":"en-US","@id":"https:\/\/smartcherry.cl\/#\/schema\/logo\/image\/","url":"https:\/\/smartcherry.cl\/wp-content\/uploads\/2022\/02\/logo_smartcherry.png","contentUrl":"https:\/\/smartcherry.cl\/wp-content\/uploads\/2022\/02\/logo_smartcherry.png","width":411,"height":84,"caption":"SmartCherry"},"image":{"@id":"https:\/\/smartcherry.cl\/#\/schema\/logo\/image\/"},"sameAs":["https:\/\/web.facebook.com\/SmartCherry.cl\/","https:\/\/x.com\/SmartCherry_cl","https:\/\/www.linkedin.com\/company\/smartcherry\/","https:\/\/www.instagram.com\/smartcherry_cl\/","https:\/\/www.youtube.com\/channel\/UCe007LfgFFnntDgCcqICbPQ"]},{"@type":"Person","@id":"https:\/\/smartcherry.cl\/#\/schema\/person\/604ed44370e96b081064b745ca461407","name":"Beatriz Parra","image":{"@type":"ImageObject","inLanguage":"en-US","@id":"https:\/\/smartcherry.cl\/wp-content\/uploads\/2025\/01\/POST-96x96.png","url":"https:\/\/smartcherry.cl\/wp-content\/uploads\/2025\/01\/POST-96x96.png","contentUrl":"https:\/\/smartcherry.cl\/wp-content\/uploads\/2025\/01\/POST-96x96.png","caption":"Beatriz Parra"},"url":"https:\/\/smartcherry.cl\/en\/author\/bparra\/"}]}},"_links":{"self":[{"href":"https:\/\/smartcherry.cl\/en\/wp-json\/wp\/v2\/posts\/52754","targetHints":{"allow":["GET"]}}],"collection":[{"href":"https:\/\/smartcherry.cl\/en\/wp-json\/wp\/v2\/posts"}],"about":[{"href":"https:\/\/smartcherry.cl\/en\/wp-json\/wp\/v2\/types\/post"}],"author":[{"embeddable":true,"href":"https:\/\/smartcherry.cl\/en\/wp-json\/wp\/v2\/users\/273"}],"replies":[{"embeddable":true,"href":"https:\/\/smartcherry.cl\/en\/wp-json\/wp\/v2\/comments?post=52754"}],"version-history":[{"count":5,"href":"https:\/\/smartcherry.cl\/en\/wp-json\/wp\/v2\/posts\/52754\/revisions"}],"predecessor-version":[{"id":52763,"href":"https:\/\/smartcherry.cl\/en\/wp-json\/wp\/v2\/posts\/52754\/revisions\/52763"}],"wp:featuredmedia":[{"embeddable":true,"href":"https:\/\/smartcherry.cl\/en\/wp-json\/wp\/v2\/media\/52757"}],"wp:attachment":[{"href":"https:\/\/smartcherry.cl\/en\/wp-json\/wp\/v2\/media?parent=52754"}],"wp:term":[{"taxonomy":"category","embeddable":true,"href":"https:\/\/smartcherry.cl\/en\/wp-json\/wp\/v2\/categories?post=52754"},{"taxonomy":"post_tag","embeddable":true,"href":"https:\/\/smartcherry.cl\/en\/wp-json\/wp\/v2\/tags?post=52754"},{"taxonomy":"category_proveedor","embeddable":true,"href":"https:\/\/smartcherry.cl\/en\/wp-json\/wp\/v2\/category_proveedor?post=52754"},{"taxonomy":"pais","embeddable":true,"href":"https:\/\/smartcherry.cl\/en\/wp-json\/wp\/v2\/pais?post=52754"}],"curies":[{"name":"wp","href":"https:\/\/api.w.org\/{rel}","templated":true}]}}