{"id":52403,"date":"2026-01-06T09:35:45","date_gmt":"2026-01-06T12:35:45","guid":{"rendered":"https:\/\/smartcherry.cl\/?p=52403"},"modified":"2026-01-06T09:35:46","modified_gmt":"2026-01-06T12:35:46","slug":"reporte-agroclimatologico-de-enero-la-nina-retrocede-pero-calor-extremo-y-sequia-seguiran-marcando-el-2026","status":"publish","type":"post","link":"https:\/\/smartcherry.cl\/en\/clima\/reporte-agroclimatologico-de-enero-la-nina-retrocede-pero-calor-extremo-y-sequia-seguiran-marcando-el-2026\/","title":{"rendered":"Reporte agroclimatol\u00f3gico de enero: La Ni\u00f1a retrocede, pero calor extremo y sequ\u00eda seguir\u00e1n marcando el 2026"},"content":{"rendered":"<p><strong><em>En el informe encontrar\u00e1n las proyecciones realizadas por el agroclimatol\u00f3logo Patricio Gonz\u00e1lez, quien se\u00f1ala que La Ni\u00f1a contin\u00faa en fase d\u00e9bil y comenzar\u00eda a desaparecer durante el verano, dando paso a un escenario clim\u00e1tico neutral en 2026. Sin embargo, el calor extremo, el d\u00e9ficit de lluvias y el estr\u00e9s h\u00eddrico mantienen en alerta a la zona central.<\/em><\/strong><\/p>\n\n\n\n<p><strong><em>El presente documento tiene dos objetivos:<\/em><\/strong><br>1.- Proyecciones, para enero de 2026, respecto a la evoluci\u00f3n del evento fr\u00edo La Ni\u00f1a.<\/p>\n\n\n\n<p>2.- Ambientes agroclimatol\u00f3gicos que podr\u00edan caracterizar a enero 2026, a la provincia de&nbsp;Curic\u00f3.<\/p>\n\n\n\n<p><strong><em>Proyecciones del evento fr\u00edo La Ni\u00f1a enero 2026<\/em><\/strong><\/p>\n\n\n\n<figure class=\"wp-block-image aligncenter size-large\"><img fetchpriority=\"high\" decoding=\"async\" width=\"1024\" height=\"573\" src=\"https:\/\/smartcherry.cl\/wp-content\/uploads\/2026\/01\/FIGURA-1-3-1024x573.png\" alt=\"\" class=\"wp-image-52406\" srcset=\"https:\/\/smartcherry.cl\/wp-content\/uploads\/2026\/01\/FIGURA-1-3-1024x573.png 1024w, https:\/\/smartcherry.cl\/wp-content\/uploads\/2026\/01\/FIGURA-1-3-300x168.png 300w, https:\/\/smartcherry.cl\/wp-content\/uploads\/2026\/01\/FIGURA-1-3-768x430.png 768w, https:\/\/smartcherry.cl\/wp-content\/uploads\/2026\/01\/FIGURA-1-3-18x10.png 18w, https:\/\/smartcherry.cl\/wp-content\/uploads\/2026\/01\/FIGURA-1-3.png 1201w\" sizes=\"(max-width: 1024px) 100vw, 1024px\" \/><\/figure>\n\n\n\n<p>El evento fr\u00edo La Ni\u00f1a contin\u00faa desarroll\u00e1ndose, en categor\u00eda&nbsp; d\u00e9bil. La temperatura superficial del mar (TSM) del Oc\u00e9ano Pac\u00edfico ecuatorial central se ha mantenido en diciembre en torno a un valor entre -0.5\u00b0 C a -0.7\u00b0 C.<\/p>\n\n\n\n<p>El gr\u00e1fico, publicado por la Agencia Nacional para los Oc\u00e9anos y Atm\u00f3sfera (NOAA), proyecta que este evento fr\u00edo se va ir debilitando durante el verano lo cual, progresivamente, dar\u00eda paso a una situaci\u00f3n neutral sin la presencia de ninguno de los dos eventos (El Ni\u00f1o o La Ni\u00f1a). Incluso, en el promedio m\u00f3vil enero, febrero y marzo, la probabilidad que La Ni\u00f1a est\u00e9 presente es s\u00f3lo de un 31%. Sin embargo la neutralidad sube a casi un 70%.<\/p>\n\n\n\n<p>Estas tendencias indican que, probablemente durante el oto\u00f1o-invierno 2026, no estaremos bajo la influencia de ninguno de los dos eventos. Lo anterior proyecta un escenario nivo-pluviom\u00e9trico que estar\u00eda bajo condiciones de un clima \u201cnormal\u201d, s\u00f3lo influenciado por el cambio clim\u00e1tico el cual ha sido responsable, en gran parte, de la mega sequ\u00eda que est\u00e1 afectando a la zona central desde el 2007. En 2025 Curic\u00f3 sum\u00f3 s\u00f3lo 472.6 mil\u00edmetros de lluvia; lo normal son 596.0 mil\u00edmetros, por lo que termin\u00f3 con un d\u00e9ficit de 123.4 mil\u00edmetros, que equivalen al 20.7%.<\/p>\n\n\n\n<p>Una de las caracter\u00edsticas de diciembre ha sido el calor. Curic\u00f3 registr\u00f3 una ola de calor durante diciembre, con una temperatura m\u00e1xima extrema de 36.3\u00b0 C. La acumulaci\u00f3n de Grados-d\u00eda (base 10\u00b0 C) fue de 362.3 Grados-d\u00eda mensual. La suma de la temporada (septiembre-diciembre) es de 871.4 GDA.<\/p>\n\n\n\n<p><strong><em>Proyecciones enero 2026<\/em><\/strong><\/p>\n\n\n\n<figure class=\"wp-block-image aligncenter size-large\"><img decoding=\"async\" width=\"1024\" height=\"732\" src=\"https:\/\/smartcherry.cl\/wp-content\/uploads\/2026\/01\/FIGURA-2-2-1024x732.png\" alt=\"\" class=\"wp-image-52408\" srcset=\"https:\/\/smartcherry.cl\/wp-content\/uploads\/2026\/01\/FIGURA-2-2-1024x732.png 1024w, https:\/\/smartcherry.cl\/wp-content\/uploads\/2026\/01\/FIGURA-2-2-300x214.png 300w, https:\/\/smartcherry.cl\/wp-content\/uploads\/2026\/01\/FIGURA-2-2-768x549.png 768w, https:\/\/smartcherry.cl\/wp-content\/uploads\/2026\/01\/FIGURA-2-2-18x12.png 18w, https:\/\/smartcherry.cl\/wp-content\/uploads\/2026\/01\/FIGURA-2-2.png 1350w\" sizes=\"(max-width: 1024px) 100vw, 1024px\" \/><figcaption class=\"wp-element-caption\"><strong><em>Figura 2. Proyecci\u00f3n probabil\u00edstica de temperaturas m\u00e1ximas extremas. Regi\u00f3n del Maule, enero 2026<\/em><\/strong>.<\/figcaption><\/figure>\n\n\n\n<p>La figura 2 muestra que temperaturas m\u00e1ximas extremas podr\u00edan registrarse en algunas ciudades de la Regi\u00f3n del Maule, durante enero de 2026. Estas m\u00e1ximas extremas se registrar\u00edan, a lo menos, durante dos a tres d\u00edas durante el mes, asociadas a olas de calor (temperaturas m\u00e1ximas extremas iguales o superiores a 33\u00b0 C por tres o m\u00e1s d\u00edas seguidos).<\/p>\n\n\n\n<p>Este calor generar\u00eda un efecto de escala: altas temperaturas diarias + humedades relativas bajas (15 al 20%) + altas tasas de evapotranspiraci\u00f3n (80 a 90 m3\/hect\u00e1reas\/d\u00eda) + cielos despejados + radiaci\u00f3n fotosint\u00e9tica alta = estr\u00e9s t\u00e9rmico e h\u00eddrico en frutales y alto riesgo de incendios forestales intensos y extensos.<\/p>\n\n\n\n<p>Por lo anterior se recomienda hacer uso muy racional del agua de riego; cuidar y mantener adecuadamente la infraestructura\u00a0 para evitar p\u00e9rdidas en su transmisi\u00f3n del r\u00edo al predio.<\/p>","protected":false},"excerpt":{"rendered":"<p>Patricio Gonz\u00e1lez M.Sc. (Universidad de Chile) Dip. Agroclimatolog\u00eda Universidad de Israel.<\/p>","protected":false},"author":273,"featured_media":52404,"comment_status":"closed","ping_status":"open","sticky":false,"template":"","format":"standard","meta":{"_acf_changed":false,"inline_featured_image":false,"footnotes":""},"categories":[430,35],"tags":[1487,1881,3927],"category_proveedor":[],"pais":[],"class_list":["post-52403","post","type-post","status-publish","format-standard","has-post-thumbnail","hentry","category-clima","category-noticias","tag-patricio-gonzalez","tag-reporte-agroclimatico","tag-enero"],"acf":[],"yoast_head":"<!-- This site is optimized with the Yoast SEO Premium plugin v21.3 (Yoast SEO v27.3) - https:\/\/yoast.com\/product\/yoast-seo-premium-wordpress\/ -->\n<title>Reporte agroclimatol\u00f3gico de enero: La Ni\u00f1a retrocede, pero calor extremo y sequ\u00eda seguir\u00e1n marcando el 2026 - Smartcherry<\/title>\n<meta name=\"description\" content=\"En el informe encontrar\u00e1n las proyecciones realizadas por el agroclimatol\u00f3logo Patricio Gonz\u00e1lez, quien se\u00f1ala que La Ni\u00f1a contin\u00faa en fase d\u00e9bil y comenzar\u00eda a desaparecer durante el verano, dando paso a un escenario clim\u00e1tico neutral en 2026. Sin embargo, el calor extremo, el d\u00e9ficit de lluvias y el estr\u00e9s h\u00eddrico mantienen en alerta a la zona central.\" \/>\n<meta name=\"robots\" content=\"index, follow, max-snippet:-1, max-image-preview:large, max-video-preview:-1\" \/>\n<link rel=\"canonical\" href=\"https:\/\/smartcherry.cl\/en\/clima\/reporte-agroclimatologico-de-enero-la-nina-retrocede-pero-calor-extremo-y-sequia-seguiran-marcando-el-2026\/\" \/>\n<meta property=\"og:locale\" content=\"en_US\" \/>\n<meta property=\"og:type\" content=\"article\" \/>\n<meta property=\"og:title\" content=\"Reporte agroclimatol\u00f3gico de enero: La Ni\u00f1a retrocede, pero calor extremo y sequ\u00eda seguir\u00e1n marcando el 2026\" \/>\n<meta property=\"og:description\" content=\"En el informe encontrar\u00e1n las proyecciones realizadas por el agroclimatol\u00f3logo Patricio Gonz\u00e1lez, quien se\u00f1ala que La Ni\u00f1a contin\u00faa en fase d\u00e9bil y comenzar\u00eda a desaparecer durante el verano, dando paso a un escenario clim\u00e1tico neutral en 2026. Sin embargo, el calor extremo, el d\u00e9ficit de lluvias y el estr\u00e9s h\u00eddrico mantienen en alerta a la zona central.\" \/>\n<meta property=\"og:url\" content=\"https:\/\/smartcherry.cl\/en\/clima\/reporte-agroclimatologico-de-enero-la-nina-retrocede-pero-calor-extremo-y-sequia-seguiran-marcando-el-2026\/\" \/>\n<meta property=\"og:site_name\" content=\"Smartcherry\" \/>\n<meta property=\"article:publisher\" content=\"https:\/\/web.facebook.com\/SmartCherry.cl\/\" \/>\n<meta property=\"article:published_time\" content=\"2026-01-06T12:35:45+00:00\" \/>\n<meta property=\"article:modified_time\" content=\"2026-01-06T12:35:46+00:00\" \/>\n<meta property=\"og:image\" content=\"https:\/\/smartcherry.cl\/wp-content\/uploads\/2026\/01\/Patricio-Gonzalez-2.jpg\" \/>\n\t<meta property=\"og:image:width\" content=\"1400\" \/>\n\t<meta property=\"og:image:height\" content=\"800\" \/>\n\t<meta property=\"og:image:type\" content=\"image\/jpeg\" \/>\n<meta name=\"author\" content=\"Beatriz Parra\" \/>\n<meta name=\"twitter:card\" content=\"summary_large_image\" \/>\n<meta name=\"twitter:creator\" content=\"@SmartCherry_cl\" \/>\n<meta name=\"twitter:site\" content=\"@SmartCherry_cl\" \/>\n<meta name=\"twitter:label1\" content=\"Written by\" \/>\n\t<meta name=\"twitter:data1\" content=\"Beatriz Parra\" \/>\n\t<meta name=\"twitter:label2\" content=\"Est. reading time\" \/>\n\t<meta name=\"twitter:data2\" content=\"3 minutes\" \/>\n<script type=\"application\/ld+json\" class=\"yoast-schema-graph\">{\"@context\":\"https:\\\/\\\/schema.org\",\"@graph\":[{\"@type\":\"Article\",\"@id\":\"https:\\\/\\\/smartcherry.cl\\\/clima\\\/reporte-agroclimatologico-de-enero-la-nina-retrocede-pero-calor-extremo-y-sequia-seguiran-marcando-el-2026\\\/#article\",\"isPartOf\":{\"@id\":\"https:\\\/\\\/smartcherry.cl\\\/clima\\\/reporte-agroclimatologico-de-enero-la-nina-retrocede-pero-calor-extremo-y-sequia-seguiran-marcando-el-2026\\\/\"},\"author\":{\"name\":\"Beatriz Parra\",\"@id\":\"https:\\\/\\\/smartcherry.cl\\\/#\\\/schema\\\/person\\\/604ed44370e96b081064b745ca461407\"},\"headline\":\"Reporte agroclimatol\u00f3gico de enero: La Ni\u00f1a retrocede, pero calor extremo y sequ\u00eda seguir\u00e1n marcando el 2026\",\"datePublished\":\"2026-01-06T12:35:45+00:00\",\"dateModified\":\"2026-01-06T12:35:46+00:00\",\"mainEntityOfPage\":{\"@id\":\"https:\\\/\\\/smartcherry.cl\\\/clima\\\/reporte-agroclimatologico-de-enero-la-nina-retrocede-pero-calor-extremo-y-sequia-seguiran-marcando-el-2026\\\/\"},\"wordCount\":575,\"publisher\":{\"@id\":\"https:\\\/\\\/smartcherry.cl\\\/#organization\"},\"image\":{\"@id\":\"https:\\\/\\\/smartcherry.cl\\\/clima\\\/reporte-agroclimatologico-de-enero-la-nina-retrocede-pero-calor-extremo-y-sequia-seguiran-marcando-el-2026\\\/#primaryimage\"},\"thumbnailUrl\":\"https:\\\/\\\/smartcherry.cl\\\/wp-content\\\/uploads\\\/2026\\\/01\\\/Patricio-Gonzalez-2.jpg\",\"keywords\":[\"Patricio Gonz\u00e1lez\",\"reporte agroclim\u00e1tico\",\"enero\"],\"articleSection\":[\"Clima\",\"Noticias\"],\"inLanguage\":\"en-US\"},{\"@type\":\"WebPage\",\"@id\":\"https:\\\/\\\/smartcherry.cl\\\/clima\\\/reporte-agroclimatologico-de-enero-la-nina-retrocede-pero-calor-extremo-y-sequia-seguiran-marcando-el-2026\\\/\",\"url\":\"https:\\\/\\\/smartcherry.cl\\\/clima\\\/reporte-agroclimatologico-de-enero-la-nina-retrocede-pero-calor-extremo-y-sequia-seguiran-marcando-el-2026\\\/\",\"name\":\"Reporte agroclimatol\u00f3gico de enero: La Ni\u00f1a retrocede, pero calor extremo y sequ\u00eda seguir\u00e1n marcando el 2026 - Smartcherry\",\"isPartOf\":{\"@id\":\"https:\\\/\\\/smartcherry.cl\\\/#website\"},\"primaryImageOfPage\":{\"@id\":\"https:\\\/\\\/smartcherry.cl\\\/clima\\\/reporte-agroclimatologico-de-enero-la-nina-retrocede-pero-calor-extremo-y-sequia-seguiran-marcando-el-2026\\\/#primaryimage\"},\"image\":{\"@id\":\"https:\\\/\\\/smartcherry.cl\\\/clima\\\/reporte-agroclimatologico-de-enero-la-nina-retrocede-pero-calor-extremo-y-sequia-seguiran-marcando-el-2026\\\/#primaryimage\"},\"thumbnailUrl\":\"https:\\\/\\\/smartcherry.cl\\\/wp-content\\\/uploads\\\/2026\\\/01\\\/Patricio-Gonzalez-2.jpg\",\"datePublished\":\"2026-01-06T12:35:45+00:00\",\"dateModified\":\"2026-01-06T12:35:46+00:00\",\"description\":\"En el informe encontrar\u00e1n las proyecciones realizadas por el agroclimatol\u00f3logo Patricio Gonz\u00e1lez, quien se\u00f1ala que La Ni\u00f1a contin\u00faa en fase d\u00e9bil y comenzar\u00eda a desaparecer durante el verano, dando paso a un escenario clim\u00e1tico neutral en 2026. Sin embargo, el calor extremo, el d\u00e9ficit de lluvias y el estr\u00e9s h\u00eddrico mantienen en alerta a la zona central.\",\"breadcrumb\":{\"@id\":\"https:\\\/\\\/smartcherry.cl\\\/clima\\\/reporte-agroclimatologico-de-enero-la-nina-retrocede-pero-calor-extremo-y-sequia-seguiran-marcando-el-2026\\\/#breadcrumb\"},\"inLanguage\":\"en-US\",\"potentialAction\":[{\"@type\":\"ReadAction\",\"target\":[\"https:\\\/\\\/smartcherry.cl\\\/clima\\\/reporte-agroclimatologico-de-enero-la-nina-retrocede-pero-calor-extremo-y-sequia-seguiran-marcando-el-2026\\\/\"]}]},{\"@type\":\"ImageObject\",\"inLanguage\":\"en-US\",\"@id\":\"https:\\\/\\\/smartcherry.cl\\\/clima\\\/reporte-agroclimatologico-de-enero-la-nina-retrocede-pero-calor-extremo-y-sequia-seguiran-marcando-el-2026\\\/#primaryimage\",\"url\":\"https:\\\/\\\/smartcherry.cl\\\/wp-content\\\/uploads\\\/2026\\\/01\\\/Patricio-Gonzalez-2.jpg\",\"contentUrl\":\"https:\\\/\\\/smartcherry.cl\\\/wp-content\\\/uploads\\\/2026\\\/01\\\/Patricio-Gonzalez-2.jpg\",\"width\":1400,\"height\":800},{\"@type\":\"BreadcrumbList\",\"@id\":\"https:\\\/\\\/smartcherry.cl\\\/clima\\\/reporte-agroclimatologico-de-enero-la-nina-retrocede-pero-calor-extremo-y-sequia-seguiran-marcando-el-2026\\\/#breadcrumb\",\"itemListElement\":[{\"@type\":\"ListItem\",\"position\":1,\"name\":\"Home\",\"item\":\"https:\\\/\\\/smartcherry.cl\\\/\"},{\"@type\":\"ListItem\",\"position\":2,\"name\":\"Clima\",\"item\":\"https:\\\/\\\/smartcherry.cl\\\/category\\\/clima\\\/\"},{\"@type\":\"ListItem\",\"position\":3,\"name\":\"Reporte agroclimatol\u00f3gico de enero: La Ni\u00f1a retrocede, pero calor extremo y sequ\u00eda seguir\u00e1n marcando el 2026\"}]},{\"@type\":\"WebSite\",\"@id\":\"https:\\\/\\\/smartcherry.cl\\\/#website\",\"url\":\"https:\\\/\\\/smartcherry.cl\\\/\",\"name\":\"Smartcherry\",\"description\":\"Sitio de Smartcherry\",\"publisher\":{\"@id\":\"https:\\\/\\\/smartcherry.cl\\\/#organization\"},\"potentialAction\":[{\"@type\":\"SearchAction\",\"target\":{\"@type\":\"EntryPoint\",\"urlTemplate\":\"https:\\\/\\\/smartcherry.cl\\\/?s={search_term_string}\"},\"query-input\":{\"@type\":\"PropertyValueSpecification\",\"valueRequired\":true,\"valueName\":\"search_term_string\"}}],\"inLanguage\":\"en-US\"},{\"@type\":\"Organization\",\"@id\":\"https:\\\/\\\/smartcherry.cl\\\/#organization\",\"name\":\"SmartCherry\",\"url\":\"https:\\\/\\\/smartcherry.cl\\\/\",\"logo\":{\"@type\":\"ImageObject\",\"inLanguage\":\"en-US\",\"@id\":\"https:\\\/\\\/smartcherry.cl\\\/#\\\/schema\\\/logo\\\/image\\\/\",\"url\":\"https:\\\/\\\/smartcherry.cl\\\/wp-content\\\/uploads\\\/2022\\\/02\\\/logo_smartcherry.png\",\"contentUrl\":\"https:\\\/\\\/smartcherry.cl\\\/wp-content\\\/uploads\\\/2022\\\/02\\\/logo_smartcherry.png\",\"width\":411,\"height\":84,\"caption\":\"SmartCherry\"},\"image\":{\"@id\":\"https:\\\/\\\/smartcherry.cl\\\/#\\\/schema\\\/logo\\\/image\\\/\"},\"sameAs\":[\"https:\\\/\\\/web.facebook.com\\\/SmartCherry.cl\\\/\",\"https:\\\/\\\/x.com\\\/SmartCherry_cl\",\"https:\\\/\\\/www.linkedin.com\\\/company\\\/smartcherry\\\/\",\"https:\\\/\\\/www.instagram.com\\\/smartcherry_cl\\\/\",\"https:\\\/\\\/www.youtube.com\\\/channel\\\/UCe007LfgFFnntDgCcqICbPQ\"]},{\"@type\":\"Person\",\"@id\":\"https:\\\/\\\/smartcherry.cl\\\/#\\\/schema\\\/person\\\/604ed44370e96b081064b745ca461407\",\"name\":\"Beatriz Parra\",\"image\":{\"@type\":\"ImageObject\",\"inLanguage\":\"en-US\",\"@id\":\"https:\\\/\\\/smartcherry.cl\\\/wp-content\\\/uploads\\\/2025\\\/01\\\/POST-96x96.png\",\"url\":\"https:\\\/\\\/smartcherry.cl\\\/wp-content\\\/uploads\\\/2025\\\/01\\\/POST-96x96.png\",\"contentUrl\":\"https:\\\/\\\/smartcherry.cl\\\/wp-content\\\/uploads\\\/2025\\\/01\\\/POST-96x96.png\",\"caption\":\"Beatriz Parra\"},\"url\":\"https:\\\/\\\/smartcherry.cl\\\/en\\\/author\\\/bparra\\\/\"}]}<\/script>\n<!-- \/ Yoast SEO Premium plugin. -->","yoast_head_json":{"title":"Reporte agroclimatol\u00f3gico de enero: La Ni\u00f1a retrocede, pero calor extremo y sequ\u00eda seguir\u00e1n marcando el 2026 - Smartcherry","description":"En el informe encontrar\u00e1n las proyecciones realizadas por el agroclimatol\u00f3logo Patricio Gonz\u00e1lez, quien se\u00f1ala que La Ni\u00f1a contin\u00faa en fase d\u00e9bil y comenzar\u00eda a desaparecer durante el verano, dando paso a un escenario clim\u00e1tico neutral en 2026. Sin embargo, el calor extremo, el d\u00e9ficit de lluvias y el estr\u00e9s h\u00eddrico mantienen en alerta a la zona central.","robots":{"index":"index","follow":"follow","max-snippet":"max-snippet:-1","max-image-preview":"max-image-preview:large","max-video-preview":"max-video-preview:-1"},"canonical":"https:\/\/smartcherry.cl\/en\/clima\/reporte-agroclimatologico-de-enero-la-nina-retrocede-pero-calor-extremo-y-sequia-seguiran-marcando-el-2026\/","og_locale":"en_US","og_type":"article","og_title":"Reporte agroclimatol\u00f3gico de enero: La Ni\u00f1a retrocede, pero calor extremo y sequ\u00eda seguir\u00e1n marcando el 2026","og_description":"En el informe encontrar\u00e1n las proyecciones realizadas por el agroclimatol\u00f3logo Patricio Gonz\u00e1lez, quien se\u00f1ala que La Ni\u00f1a contin\u00faa en fase d\u00e9bil y comenzar\u00eda a desaparecer durante el verano, dando paso a un escenario clim\u00e1tico neutral en 2026. Sin embargo, el calor extremo, el d\u00e9ficit de lluvias y el estr\u00e9s h\u00eddrico mantienen en alerta a la zona central.","og_url":"https:\/\/smartcherry.cl\/en\/clima\/reporte-agroclimatologico-de-enero-la-nina-retrocede-pero-calor-extremo-y-sequia-seguiran-marcando-el-2026\/","og_site_name":"Smartcherry","article_publisher":"https:\/\/web.facebook.com\/SmartCherry.cl\/","article_published_time":"2026-01-06T12:35:45+00:00","article_modified_time":"2026-01-06T12:35:46+00:00","og_image":[{"width":1400,"height":800,"url":"https:\/\/smartcherry.cl\/wp-content\/uploads\/2026\/01\/Patricio-Gonzalez-2.jpg","type":"image\/jpeg"}],"author":"Beatriz Parra","twitter_card":"summary_large_image","twitter_creator":"@SmartCherry_cl","twitter_site":"@SmartCherry_cl","twitter_misc":{"Written by":"Beatriz Parra","Est. reading time":"3 minutes"},"schema":{"@context":"https:\/\/schema.org","@graph":[{"@type":"Article","@id":"https:\/\/smartcherry.cl\/clima\/reporte-agroclimatologico-de-enero-la-nina-retrocede-pero-calor-extremo-y-sequia-seguiran-marcando-el-2026\/#article","isPartOf":{"@id":"https:\/\/smartcherry.cl\/clima\/reporte-agroclimatologico-de-enero-la-nina-retrocede-pero-calor-extremo-y-sequia-seguiran-marcando-el-2026\/"},"author":{"name":"Beatriz Parra","@id":"https:\/\/smartcherry.cl\/#\/schema\/person\/604ed44370e96b081064b745ca461407"},"headline":"Reporte agroclimatol\u00f3gico de enero: La Ni\u00f1a retrocede, pero calor extremo y sequ\u00eda seguir\u00e1n marcando el 2026","datePublished":"2026-01-06T12:35:45+00:00","dateModified":"2026-01-06T12:35:46+00:00","mainEntityOfPage":{"@id":"https:\/\/smartcherry.cl\/clima\/reporte-agroclimatologico-de-enero-la-nina-retrocede-pero-calor-extremo-y-sequia-seguiran-marcando-el-2026\/"},"wordCount":575,"publisher":{"@id":"https:\/\/smartcherry.cl\/#organization"},"image":{"@id":"https:\/\/smartcherry.cl\/clima\/reporte-agroclimatologico-de-enero-la-nina-retrocede-pero-calor-extremo-y-sequia-seguiran-marcando-el-2026\/#primaryimage"},"thumbnailUrl":"https:\/\/smartcherry.cl\/wp-content\/uploads\/2026\/01\/Patricio-Gonzalez-2.jpg","keywords":["Patricio Gonz\u00e1lez","reporte agroclim\u00e1tico","enero"],"articleSection":["Clima","Noticias"],"inLanguage":"en-US"},{"@type":"WebPage","@id":"https:\/\/smartcherry.cl\/clima\/reporte-agroclimatologico-de-enero-la-nina-retrocede-pero-calor-extremo-y-sequia-seguiran-marcando-el-2026\/","url":"https:\/\/smartcherry.cl\/clima\/reporte-agroclimatologico-de-enero-la-nina-retrocede-pero-calor-extremo-y-sequia-seguiran-marcando-el-2026\/","name":"Reporte agroclimatol\u00f3gico de enero: La Ni\u00f1a retrocede, pero calor extremo y sequ\u00eda seguir\u00e1n marcando el 2026 - Smartcherry","isPartOf":{"@id":"https:\/\/smartcherry.cl\/#website"},"primaryImageOfPage":{"@id":"https:\/\/smartcherry.cl\/clima\/reporte-agroclimatologico-de-enero-la-nina-retrocede-pero-calor-extremo-y-sequia-seguiran-marcando-el-2026\/#primaryimage"},"image":{"@id":"https:\/\/smartcherry.cl\/clima\/reporte-agroclimatologico-de-enero-la-nina-retrocede-pero-calor-extremo-y-sequia-seguiran-marcando-el-2026\/#primaryimage"},"thumbnailUrl":"https:\/\/smartcherry.cl\/wp-content\/uploads\/2026\/01\/Patricio-Gonzalez-2.jpg","datePublished":"2026-01-06T12:35:45+00:00","dateModified":"2026-01-06T12:35:46+00:00","description":"En el informe encontrar\u00e1n las proyecciones realizadas por el agroclimatol\u00f3logo Patricio Gonz\u00e1lez, quien se\u00f1ala que La Ni\u00f1a contin\u00faa en fase d\u00e9bil y comenzar\u00eda a desaparecer durante el verano, dando paso a un escenario clim\u00e1tico neutral en 2026. Sin embargo, el calor extremo, el d\u00e9ficit de lluvias y el estr\u00e9s h\u00eddrico mantienen en alerta a la zona central.","breadcrumb":{"@id":"https:\/\/smartcherry.cl\/clima\/reporte-agroclimatologico-de-enero-la-nina-retrocede-pero-calor-extremo-y-sequia-seguiran-marcando-el-2026\/#breadcrumb"},"inLanguage":"en-US","potentialAction":[{"@type":"ReadAction","target":["https:\/\/smartcherry.cl\/clima\/reporte-agroclimatologico-de-enero-la-nina-retrocede-pero-calor-extremo-y-sequia-seguiran-marcando-el-2026\/"]}]},{"@type":"ImageObject","inLanguage":"en-US","@id":"https:\/\/smartcherry.cl\/clima\/reporte-agroclimatologico-de-enero-la-nina-retrocede-pero-calor-extremo-y-sequia-seguiran-marcando-el-2026\/#primaryimage","url":"https:\/\/smartcherry.cl\/wp-content\/uploads\/2026\/01\/Patricio-Gonzalez-2.jpg","contentUrl":"https:\/\/smartcherry.cl\/wp-content\/uploads\/2026\/01\/Patricio-Gonzalez-2.jpg","width":1400,"height":800},{"@type":"BreadcrumbList","@id":"https:\/\/smartcherry.cl\/clima\/reporte-agroclimatologico-de-enero-la-nina-retrocede-pero-calor-extremo-y-sequia-seguiran-marcando-el-2026\/#breadcrumb","itemListElement":[{"@type":"ListItem","position":1,"name":"Home","item":"https:\/\/smartcherry.cl\/"},{"@type":"ListItem","position":2,"name":"Clima","item":"https:\/\/smartcherry.cl\/category\/clima\/"},{"@type":"ListItem","position":3,"name":"Reporte agroclimatol\u00f3gico de enero: La Ni\u00f1a retrocede, pero calor extremo y sequ\u00eda seguir\u00e1n marcando el 2026"}]},{"@type":"WebSite","@id":"https:\/\/smartcherry.cl\/#website","url":"https:\/\/smartcherry.cl\/","name":"Smartcherry","description":"Smartcherry Site","publisher":{"@id":"https:\/\/smartcherry.cl\/#organization"},"potentialAction":[{"@type":"SearchAction","target":{"@type":"EntryPoint","urlTemplate":"https:\/\/smartcherry.cl\/?s={search_term_string}"},"query-input":{"@type":"PropertyValueSpecification","valueRequired":true,"valueName":"search_term_string"}}],"inLanguage":"en-US"},{"@type":"Organization","@id":"https:\/\/smartcherry.cl\/#organization","name":"SmartCherry","url":"https:\/\/smartcherry.cl\/","logo":{"@type":"ImageObject","inLanguage":"en-US","@id":"https:\/\/smartcherry.cl\/#\/schema\/logo\/image\/","url":"https:\/\/smartcherry.cl\/wp-content\/uploads\/2022\/02\/logo_smartcherry.png","contentUrl":"https:\/\/smartcherry.cl\/wp-content\/uploads\/2022\/02\/logo_smartcherry.png","width":411,"height":84,"caption":"SmartCherry"},"image":{"@id":"https:\/\/smartcherry.cl\/#\/schema\/logo\/image\/"},"sameAs":["https:\/\/web.facebook.com\/SmartCherry.cl\/","https:\/\/x.com\/SmartCherry_cl","https:\/\/www.linkedin.com\/company\/smartcherry\/","https:\/\/www.instagram.com\/smartcherry_cl\/","https:\/\/www.youtube.com\/channel\/UCe007LfgFFnntDgCcqICbPQ"]},{"@type":"Person","@id":"https:\/\/smartcherry.cl\/#\/schema\/person\/604ed44370e96b081064b745ca461407","name":"Beatriz Parra","image":{"@type":"ImageObject","inLanguage":"en-US","@id":"https:\/\/smartcherry.cl\/wp-content\/uploads\/2025\/01\/POST-96x96.png","url":"https:\/\/smartcherry.cl\/wp-content\/uploads\/2025\/01\/POST-96x96.png","contentUrl":"https:\/\/smartcherry.cl\/wp-content\/uploads\/2025\/01\/POST-96x96.png","caption":"Beatriz Parra"},"url":"https:\/\/smartcherry.cl\/en\/author\/bparra\/"}]}},"_links":{"self":[{"href":"https:\/\/smartcherry.cl\/en\/wp-json\/wp\/v2\/posts\/52403","targetHints":{"allow":["GET"]}}],"collection":[{"href":"https:\/\/smartcherry.cl\/en\/wp-json\/wp\/v2\/posts"}],"about":[{"href":"https:\/\/smartcherry.cl\/en\/wp-json\/wp\/v2\/types\/post"}],"author":[{"embeddable":true,"href":"https:\/\/smartcherry.cl\/en\/wp-json\/wp\/v2\/users\/273"}],"replies":[{"embeddable":true,"href":"https:\/\/smartcherry.cl\/en\/wp-json\/wp\/v2\/comments?post=52403"}],"version-history":[{"count":5,"href":"https:\/\/smartcherry.cl\/en\/wp-json\/wp\/v2\/posts\/52403\/revisions"}],"predecessor-version":[{"id":52411,"href":"https:\/\/smartcherry.cl\/en\/wp-json\/wp\/v2\/posts\/52403\/revisions\/52411"}],"wp:featuredmedia":[{"embeddable":true,"href":"https:\/\/smartcherry.cl\/en\/wp-json\/wp\/v2\/media\/52404"}],"wp:attachment":[{"href":"https:\/\/smartcherry.cl\/en\/wp-json\/wp\/v2\/media?parent=52403"}],"wp:term":[{"taxonomy":"category","embeddable":true,"href":"https:\/\/smartcherry.cl\/en\/wp-json\/wp\/v2\/categories?post=52403"},{"taxonomy":"post_tag","embeddable":true,"href":"https:\/\/smartcherry.cl\/en\/wp-json\/wp\/v2\/tags?post=52403"},{"taxonomy":"category_proveedor","embeddable":true,"href":"https:\/\/smartcherry.cl\/en\/wp-json\/wp\/v2\/category_proveedor?post=52403"},{"taxonomy":"pais","embeddable":true,"href":"https:\/\/smartcherry.cl\/en\/wp-json\/wp\/v2\/pais?post=52403"}],"curies":[{"name":"wp","href":"https:\/\/api.w.org\/{rel}","templated":true}]}}