{"id":52386,"date":"2026-01-05T11:26:28","date_gmt":"2026-01-05T14:26:28","guid":{"rendered":"https:\/\/smartcherry.cl\/?p=52386"},"modified":"2026-01-05T11:26:30","modified_gmt":"2026-01-05T14:26:30","slug":"el-verano-como-punto-de-partida-para-una-mejor-temporada-de-cerezas","status":"publish","type":"post","link":"https:\/\/smartcherry.cl\/en\/postcosecha\/el-verano-como-punto-de-partida-para-una-mejor-temporada-de-cerezas\/","title":{"rendered":"El verano como punto de partida para una mejor temporada de cerezas"},"content":{"rendered":"<p>El per\u00edodo estival representa una etapa clave para el manejo del cerezo, puesto que no solo es un momento de alta exigencia por las temperaturas, si no que tambi\u00e9n ofrece la oportunidad de fortalecer al \u00e1rbol y dejarlo mejor preparado para el ciclo productivo de la siguiente temporada.<\/p>\n\n\n\n<p>La Estrategia de Reservas de Verano de UPL apunta a que los frutales mantengan su eficiencia fisiol\u00f3gica incluso bajo condiciones de calor y estr\u00e9s ambiental.<\/p>\n\n\n\n<figure class=\"wp-block-image size-large\"><img fetchpriority=\"high\" decoding=\"async\" width=\"681\" height=\"1024\" src=\"https:\/\/smartcherry.cl\/wp-content\/uploads\/2026\/01\/Estrategia-reservas-de-verano-vertical-681x1024.png\" alt=\"\" class=\"wp-image-52388\" srcset=\"https:\/\/smartcherry.cl\/wp-content\/uploads\/2026\/01\/Estrategia-reservas-de-verano-vertical-681x1024.png 681w, https:\/\/smartcherry.cl\/wp-content\/uploads\/2026\/01\/Estrategia-reservas-de-verano-vertical-200x300.png 200w, https:\/\/smartcherry.cl\/wp-content\/uploads\/2026\/01\/Estrategia-reservas-de-verano-vertical-768x1154.png 768w, https:\/\/smartcherry.cl\/wp-content\/uploads\/2026\/01\/Estrategia-reservas-de-verano-vertical-1022x1536.png 1022w, https:\/\/smartcherry.cl\/wp-content\/uploads\/2026\/01\/Estrategia-reservas-de-verano-vertical-1363x2048.png 1363w, https:\/\/smartcherry.cl\/wp-content\/uploads\/2026\/01\/Estrategia-reservas-de-verano-vertical-8x12.png 8w, https:\/\/smartcherry.cl\/wp-content\/uploads\/2026\/01\/Estrategia-reservas-de-verano-vertical-scaled.png 1703w\" sizes=\"(max-width: 681px) 100vw, 681px\" \/><\/figure>\n\n\n\n<p>\u2022\u2060 \u2060Pilatus\u00ae\ufe0f &#8211; Enraizante: primero activamos el motor del \u00e1rbol, sus ra\u00edces, para impulsar nuevas reservas y equilibrar la relaci\u00f3n copa\/ra\u00edz.<br>\u2022\u2060 \u2060Optimat\u00ae\ufe0f &#8211; Antiestres: luego ayudamos a la planta a sobrellevar el estr\u00e9s t\u00e9rmico y ambiental, manteniendo su rendimiento cuando m\u00e1s lo necesita.<br>\u2022\u2060 \u2060Acramite\u00ae\ufe0f, Kanemite\u00ae\ufe0f y Springer\u00ae\ufe0f &#8211; Acaricidas: finalmente aseguramos un huerto limpio y libre de \u00e1caros.<\/p>\n\n\n\n<p>El resultado es un huerto m\u00e1s equilibrado, con \u00e1rboles funcionales y estables, capaces de enfrentar la pr\u00f3xima temporada con mejores condiciones productivas. Este verano, m\u00e1s que proteger los cerezos, el objetivo es potenciar su desempe\u00f1o futuro, con el respaldo t\u00e9cnico y las soluciones que UPL pone al servicio del campo.<\/p>\n\n\n\n<div class=\"wp-block-buttons is-content-justification-center is-layout-flex wp-container-core-buttons-is-layout-a89b3969 wp-block-buttons-is-layout-flex\">\n<div class=\"wp-block-button\"><a class=\"wp-block-button__link wp-element-button\" href=\"https:\/\/smartcherry.cl\/en\/proveedores\/UPL\/\">More about UPL<\/a><\/div>\n<\/div>\n\n\n\n<p><\/p>","protected":false},"excerpt":{"rendered":"<p>El per\u00edodo estival representa una etapa clave para el manejo del cerezo, puesto que no solo es un momento de alta exigencia por las temperaturas, si no que tambi\u00e9n ofrece [&hellip;]<\/p>\n","protected":false},"author":274,"featured_media":52387,"comment_status":"closed","ping_status":"open","sticky":false,"template":"","format":"standard","meta":{"_acf_changed":false,"inline_featured_image":false,"footnotes":""},"categories":[28],"tags":[178,219],"category_proveedor":[],"pais":[],"class_list":["post-52386","post","type-post","status-publish","format-standard","has-post-thumbnail","hentry","category-postcosecha","tag-smartcherry","tag-upl"],"acf":[],"yoast_head":"<!-- This site is optimized with the Yoast SEO Premium plugin v21.3 (Yoast SEO v27.3) - https:\/\/yoast.com\/product\/yoast-seo-premium-wordpress\/ -->\n<title>El verano como punto de partida para una mejor temporada de cerezas - Smartcherry<\/title>\n<meta name=\"robots\" content=\"index, follow, max-snippet:-1, max-image-preview:large, max-video-preview:-1\" \/>\n<link rel=\"canonical\" href=\"https:\/\/smartcherry.cl\/en\/postcosecha\/el-verano-como-punto-de-partida-para-una-mejor-temporada-de-cerezas\/\" \/>\n<meta property=\"og:locale\" content=\"en_US\" \/>\n<meta property=\"og:type\" content=\"article\" \/>\n<meta property=\"og:title\" content=\"El verano como punto de partida para una mejor temporada de cerezas\" \/>\n<meta property=\"og:description\" content=\"El per\u00edodo estival representa una etapa clave para el manejo del cerezo, puesto que no solo es un momento de alta exigencia por las temperaturas, si no que tambi\u00e9n ofrece [&hellip;]\" \/>\n<meta property=\"og:url\" content=\"https:\/\/smartcherry.cl\/en\/postcosecha\/el-verano-como-punto-de-partida-para-una-mejor-temporada-de-cerezas\/\" \/>\n<meta property=\"og:site_name\" content=\"Smartcherry\" \/>\n<meta property=\"article:publisher\" content=\"https:\/\/web.facebook.com\/SmartCherry.cl\/\" \/>\n<meta property=\"article:published_time\" content=\"2026-01-05T14:26:28+00:00\" \/>\n<meta property=\"article:modified_time\" content=\"2026-01-05T14:26:30+00:00\" \/>\n<meta property=\"og:image\" content=\"https:\/\/smartcherry.cl\/wp-content\/uploads\/2026\/01\/Estrategia-Reservas-de-verano-scaled.png\" \/>\n\t<meta property=\"og:image:width\" content=\"2560\" \/>\n\t<meta property=\"og:image:height\" content=\"1440\" \/>\n\t<meta property=\"og:image:type\" content=\"image\/png\" \/>\n<meta name=\"author\" content=\"Jorge Rojas\" \/>\n<meta name=\"twitter:card\" content=\"summary_large_image\" \/>\n<meta name=\"twitter:creator\" content=\"@SmartCherry_cl\" \/>\n<meta name=\"twitter:site\" content=\"@SmartCherry_cl\" \/>\n<meta name=\"twitter:label1\" content=\"Written by\" \/>\n\t<meta name=\"twitter:data1\" content=\"Jorge Rojas\" \/>\n\t<meta name=\"twitter:label2\" content=\"Est. reading time\" \/>\n\t<meta name=\"twitter:data2\" content=\"2 minutes\" \/>\n<script type=\"application\/ld+json\" class=\"yoast-schema-graph\">{\"@context\":\"https:\\\/\\\/schema.org\",\"@graph\":[{\"@type\":\"Article\",\"@id\":\"https:\\\/\\\/smartcherry.cl\\\/postcosecha\\\/el-verano-como-punto-de-partida-para-una-mejor-temporada-de-cerezas\\\/#article\",\"isPartOf\":{\"@id\":\"https:\\\/\\\/smartcherry.cl\\\/postcosecha\\\/el-verano-como-punto-de-partida-para-una-mejor-temporada-de-cerezas\\\/\"},\"author\":{\"name\":\"Jorge Rojas\",\"@id\":\"https:\\\/\\\/smartcherry.cl\\\/#\\\/schema\\\/person\\\/9aa496f36d86127a7a264fba18e84d30\"},\"headline\":\"El verano como punto de partida para una mejor temporada de cerezas\",\"datePublished\":\"2026-01-05T14:26:28+00:00\",\"dateModified\":\"2026-01-05T14:26:30+00:00\",\"mainEntityOfPage\":{\"@id\":\"https:\\\/\\\/smartcherry.cl\\\/postcosecha\\\/el-verano-como-punto-de-partida-para-una-mejor-temporada-de-cerezas\\\/\"},\"wordCount\":212,\"publisher\":{\"@id\":\"https:\\\/\\\/smartcherry.cl\\\/#organization\"},\"image\":{\"@id\":\"https:\\\/\\\/smartcherry.cl\\\/postcosecha\\\/el-verano-como-punto-de-partida-para-una-mejor-temporada-de-cerezas\\\/#primaryimage\"},\"thumbnailUrl\":\"https:\\\/\\\/smartcherry.cl\\\/wp-content\\\/uploads\\\/2026\\\/01\\\/Estrategia-Reservas-de-verano-scaled.png\",\"keywords\":[\"smartcherry\",\"UPL\"],\"articleSection\":[\"Postcosecha\"],\"inLanguage\":\"en-US\"},{\"@type\":\"WebPage\",\"@id\":\"https:\\\/\\\/smartcherry.cl\\\/postcosecha\\\/el-verano-como-punto-de-partida-para-una-mejor-temporada-de-cerezas\\\/\",\"url\":\"https:\\\/\\\/smartcherry.cl\\\/postcosecha\\\/el-verano-como-punto-de-partida-para-una-mejor-temporada-de-cerezas\\\/\",\"name\":\"El verano como punto de partida para una mejor temporada de cerezas - Smartcherry\",\"isPartOf\":{\"@id\":\"https:\\\/\\\/smartcherry.cl\\\/#website\"},\"primaryImageOfPage\":{\"@id\":\"https:\\\/\\\/smartcherry.cl\\\/postcosecha\\\/el-verano-como-punto-de-partida-para-una-mejor-temporada-de-cerezas\\\/#primaryimage\"},\"image\":{\"@id\":\"https:\\\/\\\/smartcherry.cl\\\/postcosecha\\\/el-verano-como-punto-de-partida-para-una-mejor-temporada-de-cerezas\\\/#primaryimage\"},\"thumbnailUrl\":\"https:\\\/\\\/smartcherry.cl\\\/wp-content\\\/uploads\\\/2026\\\/01\\\/Estrategia-Reservas-de-verano-scaled.png\",\"datePublished\":\"2026-01-05T14:26:28+00:00\",\"dateModified\":\"2026-01-05T14:26:30+00:00\",\"breadcrumb\":{\"@id\":\"https:\\\/\\\/smartcherry.cl\\\/postcosecha\\\/el-verano-como-punto-de-partida-para-una-mejor-temporada-de-cerezas\\\/#breadcrumb\"},\"inLanguage\":\"en-US\",\"potentialAction\":[{\"@type\":\"ReadAction\",\"target\":[\"https:\\\/\\\/smartcherry.cl\\\/postcosecha\\\/el-verano-como-punto-de-partida-para-una-mejor-temporada-de-cerezas\\\/\"]}]},{\"@type\":\"ImageObject\",\"inLanguage\":\"en-US\",\"@id\":\"https:\\\/\\\/smartcherry.cl\\\/postcosecha\\\/el-verano-como-punto-de-partida-para-una-mejor-temporada-de-cerezas\\\/#primaryimage\",\"url\":\"https:\\\/\\\/smartcherry.cl\\\/wp-content\\\/uploads\\\/2026\\\/01\\\/Estrategia-Reservas-de-verano-scaled.png\",\"contentUrl\":\"https:\\\/\\\/smartcherry.cl\\\/wp-content\\\/uploads\\\/2026\\\/01\\\/Estrategia-Reservas-de-verano-scaled.png\",\"width\":2560,\"height\":1440},{\"@type\":\"BreadcrumbList\",\"@id\":\"https:\\\/\\\/smartcherry.cl\\\/postcosecha\\\/el-verano-como-punto-de-partida-para-una-mejor-temporada-de-cerezas\\\/#breadcrumb\",\"itemListElement\":[{\"@type\":\"ListItem\",\"position\":1,\"name\":\"Home\",\"item\":\"https:\\\/\\\/smartcherry.cl\\\/\"},{\"@type\":\"ListItem\",\"position\":2,\"name\":\"Postcosecha\",\"item\":\"https:\\\/\\\/smartcherry.cl\\\/category\\\/postcosecha\\\/\"},{\"@type\":\"ListItem\",\"position\":3,\"name\":\"El verano como punto de partida para una mejor temporada de cerezas\"}]},{\"@type\":\"WebSite\",\"@id\":\"https:\\\/\\\/smartcherry.cl\\\/#website\",\"url\":\"https:\\\/\\\/smartcherry.cl\\\/\",\"name\":\"Smartcherry\",\"description\":\"Sitio de Smartcherry\",\"publisher\":{\"@id\":\"https:\\\/\\\/smartcherry.cl\\\/#organization\"},\"potentialAction\":[{\"@type\":\"SearchAction\",\"target\":{\"@type\":\"EntryPoint\",\"urlTemplate\":\"https:\\\/\\\/smartcherry.cl\\\/?s={search_term_string}\"},\"query-input\":{\"@type\":\"PropertyValueSpecification\",\"valueRequired\":true,\"valueName\":\"search_term_string\"}}],\"inLanguage\":\"en-US\"},{\"@type\":\"Organization\",\"@id\":\"https:\\\/\\\/smartcherry.cl\\\/#organization\",\"name\":\"SmartCherry\",\"url\":\"https:\\\/\\\/smartcherry.cl\\\/\",\"logo\":{\"@type\":\"ImageObject\",\"inLanguage\":\"en-US\",\"@id\":\"https:\\\/\\\/smartcherry.cl\\\/#\\\/schema\\\/logo\\\/image\\\/\",\"url\":\"https:\\\/\\\/smartcherry.cl\\\/wp-content\\\/uploads\\\/2022\\\/02\\\/logo_smartcherry.png\",\"contentUrl\":\"https:\\\/\\\/smartcherry.cl\\\/wp-content\\\/uploads\\\/2022\\\/02\\\/logo_smartcherry.png\",\"width\":411,\"height\":84,\"caption\":\"SmartCherry\"},\"image\":{\"@id\":\"https:\\\/\\\/smartcherry.cl\\\/#\\\/schema\\\/logo\\\/image\\\/\"},\"sameAs\":[\"https:\\\/\\\/web.facebook.com\\\/SmartCherry.cl\\\/\",\"https:\\\/\\\/x.com\\\/SmartCherry_cl\",\"https:\\\/\\\/www.linkedin.com\\\/company\\\/smartcherry\\\/\",\"https:\\\/\\\/www.instagram.com\\\/smartcherry_cl\\\/\",\"https:\\\/\\\/www.youtube.com\\\/channel\\\/UCe007LfgFFnntDgCcqICbPQ\"]},{\"@type\":\"Person\",\"@id\":\"https:\\\/\\\/smartcherry.cl\\\/#\\\/schema\\\/person\\\/9aa496f36d86127a7a264fba18e84d30\",\"name\":\"Jorge Rojas\",\"image\":{\"@type\":\"ImageObject\",\"inLanguage\":\"en-US\",\"@id\":\"https:\\\/\\\/smartcherry.cl\\\/wp-content\\\/uploads\\\/2025\\\/04\\\/Imagen-de-WhatsApp-2025-04-10-a-las-12.35.04_f4896bb2-96x96.jpg\",\"url\":\"https:\\\/\\\/smartcherry.cl\\\/wp-content\\\/uploads\\\/2025\\\/04\\\/Imagen-de-WhatsApp-2025-04-10-a-las-12.35.04_f4896bb2-96x96.jpg\",\"contentUrl\":\"https:\\\/\\\/smartcherry.cl\\\/wp-content\\\/uploads\\\/2025\\\/04\\\/Imagen-de-WhatsApp-2025-04-10-a-las-12.35.04_f4896bb2-96x96.jpg\",\"caption\":\"Jorge Rojas\"},\"url\":\"https:\\\/\\\/smartcherry.cl\\\/en\\\/author\\\/jrojasmultiply-cl\\\/\"}]}<\/script>\n<!-- \/ Yoast SEO Premium plugin. -->","yoast_head_json":{"title":"El verano como punto de partida para una mejor temporada de cerezas - Smartcherry","robots":{"index":"index","follow":"follow","max-snippet":"max-snippet:-1","max-image-preview":"max-image-preview:large","max-video-preview":"max-video-preview:-1"},"canonical":"https:\/\/smartcherry.cl\/en\/postcosecha\/el-verano-como-punto-de-partida-para-una-mejor-temporada-de-cerezas\/","og_locale":"en_US","og_type":"article","og_title":"El verano como punto de partida para una mejor temporada de cerezas","og_description":"El per\u00edodo estival representa una etapa clave para el manejo del cerezo, puesto que no solo es un momento de alta exigencia por las temperaturas, si no que tambi\u00e9n ofrece [&hellip;]","og_url":"https:\/\/smartcherry.cl\/en\/postcosecha\/el-verano-como-punto-de-partida-para-una-mejor-temporada-de-cerezas\/","og_site_name":"Smartcherry","article_publisher":"https:\/\/web.facebook.com\/SmartCherry.cl\/","article_published_time":"2026-01-05T14:26:28+00:00","article_modified_time":"2026-01-05T14:26:30+00:00","og_image":[{"width":2560,"height":1440,"url":"https:\/\/smartcherry.cl\/wp-content\/uploads\/2026\/01\/Estrategia-Reservas-de-verano-scaled.png","type":"image\/png"}],"author":"Jorge Rojas","twitter_card":"summary_large_image","twitter_creator":"@SmartCherry_cl","twitter_site":"@SmartCherry_cl","twitter_misc":{"Written by":"Jorge Rojas","Est. reading time":"2 minutes"},"schema":{"@context":"https:\/\/schema.org","@graph":[{"@type":"Article","@id":"https:\/\/smartcherry.cl\/postcosecha\/el-verano-como-punto-de-partida-para-una-mejor-temporada-de-cerezas\/#article","isPartOf":{"@id":"https:\/\/smartcherry.cl\/postcosecha\/el-verano-como-punto-de-partida-para-una-mejor-temporada-de-cerezas\/"},"author":{"name":"Jorge Rojas","@id":"https:\/\/smartcherry.cl\/#\/schema\/person\/9aa496f36d86127a7a264fba18e84d30"},"headline":"El verano como punto de partida para una mejor temporada de cerezas","datePublished":"2026-01-05T14:26:28+00:00","dateModified":"2026-01-05T14:26:30+00:00","mainEntityOfPage":{"@id":"https:\/\/smartcherry.cl\/postcosecha\/el-verano-como-punto-de-partida-para-una-mejor-temporada-de-cerezas\/"},"wordCount":212,"publisher":{"@id":"https:\/\/smartcherry.cl\/#organization"},"image":{"@id":"https:\/\/smartcherry.cl\/postcosecha\/el-verano-como-punto-de-partida-para-una-mejor-temporada-de-cerezas\/#primaryimage"},"thumbnailUrl":"https:\/\/smartcherry.cl\/wp-content\/uploads\/2026\/01\/Estrategia-Reservas-de-verano-scaled.png","keywords":["smartcherry","UPL"],"articleSection":["Postcosecha"],"inLanguage":"en-US"},{"@type":"WebPage","@id":"https:\/\/smartcherry.cl\/postcosecha\/el-verano-como-punto-de-partida-para-una-mejor-temporada-de-cerezas\/","url":"https:\/\/smartcherry.cl\/postcosecha\/el-verano-como-punto-de-partida-para-una-mejor-temporada-de-cerezas\/","name":"El verano como punto de partida para una mejor temporada de cerezas - Smartcherry","isPartOf":{"@id":"https:\/\/smartcherry.cl\/#website"},"primaryImageOfPage":{"@id":"https:\/\/smartcherry.cl\/postcosecha\/el-verano-como-punto-de-partida-para-una-mejor-temporada-de-cerezas\/#primaryimage"},"image":{"@id":"https:\/\/smartcherry.cl\/postcosecha\/el-verano-como-punto-de-partida-para-una-mejor-temporada-de-cerezas\/#primaryimage"},"thumbnailUrl":"https:\/\/smartcherry.cl\/wp-content\/uploads\/2026\/01\/Estrategia-Reservas-de-verano-scaled.png","datePublished":"2026-01-05T14:26:28+00:00","dateModified":"2026-01-05T14:26:30+00:00","breadcrumb":{"@id":"https:\/\/smartcherry.cl\/postcosecha\/el-verano-como-punto-de-partida-para-una-mejor-temporada-de-cerezas\/#breadcrumb"},"inLanguage":"en-US","potentialAction":[{"@type":"ReadAction","target":["https:\/\/smartcherry.cl\/postcosecha\/el-verano-como-punto-de-partida-para-una-mejor-temporada-de-cerezas\/"]}]},{"@type":"ImageObject","inLanguage":"en-US","@id":"https:\/\/smartcherry.cl\/postcosecha\/el-verano-como-punto-de-partida-para-una-mejor-temporada-de-cerezas\/#primaryimage","url":"https:\/\/smartcherry.cl\/wp-content\/uploads\/2026\/01\/Estrategia-Reservas-de-verano-scaled.png","contentUrl":"https:\/\/smartcherry.cl\/wp-content\/uploads\/2026\/01\/Estrategia-Reservas-de-verano-scaled.png","width":2560,"height":1440},{"@type":"BreadcrumbList","@id":"https:\/\/smartcherry.cl\/postcosecha\/el-verano-como-punto-de-partida-para-una-mejor-temporada-de-cerezas\/#breadcrumb","itemListElement":[{"@type":"ListItem","position":1,"name":"Home","item":"https:\/\/smartcherry.cl\/"},{"@type":"ListItem","position":2,"name":"Postcosecha","item":"https:\/\/smartcherry.cl\/category\/postcosecha\/"},{"@type":"ListItem","position":3,"name":"El verano como punto de partida para una mejor temporada de cerezas"}]},{"@type":"WebSite","@id":"https:\/\/smartcherry.cl\/#website","url":"https:\/\/smartcherry.cl\/","name":"Smartcherry","description":"Smartcherry Site","publisher":{"@id":"https:\/\/smartcherry.cl\/#organization"},"potentialAction":[{"@type":"SearchAction","target":{"@type":"EntryPoint","urlTemplate":"https:\/\/smartcherry.cl\/?s={search_term_string}"},"query-input":{"@type":"PropertyValueSpecification","valueRequired":true,"valueName":"search_term_string"}}],"inLanguage":"en-US"},{"@type":"Organization","@id":"https:\/\/smartcherry.cl\/#organization","name":"SmartCherry","url":"https:\/\/smartcherry.cl\/","logo":{"@type":"ImageObject","inLanguage":"en-US","@id":"https:\/\/smartcherry.cl\/#\/schema\/logo\/image\/","url":"https:\/\/smartcherry.cl\/wp-content\/uploads\/2022\/02\/logo_smartcherry.png","contentUrl":"https:\/\/smartcherry.cl\/wp-content\/uploads\/2022\/02\/logo_smartcherry.png","width":411,"height":84,"caption":"SmartCherry"},"image":{"@id":"https:\/\/smartcherry.cl\/#\/schema\/logo\/image\/"},"sameAs":["https:\/\/web.facebook.com\/SmartCherry.cl\/","https:\/\/x.com\/SmartCherry_cl","https:\/\/www.linkedin.com\/company\/smartcherry\/","https:\/\/www.instagram.com\/smartcherry_cl\/","https:\/\/www.youtube.com\/channel\/UCe007LfgFFnntDgCcqICbPQ"]},{"@type":"Person","@id":"https:\/\/smartcherry.cl\/#\/schema\/person\/9aa496f36d86127a7a264fba18e84d30","name":"Jorge Rojas","image":{"@type":"ImageObject","inLanguage":"en-US","@id":"https:\/\/smartcherry.cl\/wp-content\/uploads\/2025\/04\/Imagen-de-WhatsApp-2025-04-10-a-las-12.35.04_f4896bb2-96x96.jpg","url":"https:\/\/smartcherry.cl\/wp-content\/uploads\/2025\/04\/Imagen-de-WhatsApp-2025-04-10-a-las-12.35.04_f4896bb2-96x96.jpg","contentUrl":"https:\/\/smartcherry.cl\/wp-content\/uploads\/2025\/04\/Imagen-de-WhatsApp-2025-04-10-a-las-12.35.04_f4896bb2-96x96.jpg","caption":"Jorge Rojas"},"url":"https:\/\/smartcherry.cl\/en\/author\/jrojasmultiply-cl\/"}]}},"_links":{"self":[{"href":"https:\/\/smartcherry.cl\/en\/wp-json\/wp\/v2\/posts\/52386","targetHints":{"allow":["GET"]}}],"collection":[{"href":"https:\/\/smartcherry.cl\/en\/wp-json\/wp\/v2\/posts"}],"about":[{"href":"https:\/\/smartcherry.cl\/en\/wp-json\/wp\/v2\/types\/post"}],"author":[{"embeddable":true,"href":"https:\/\/smartcherry.cl\/en\/wp-json\/wp\/v2\/users\/274"}],"replies":[{"embeddable":true,"href":"https:\/\/smartcherry.cl\/en\/wp-json\/wp\/v2\/comments?post=52386"}],"version-history":[{"count":1,"href":"https:\/\/smartcherry.cl\/en\/wp-json\/wp\/v2\/posts\/52386\/revisions"}],"predecessor-version":[{"id":52389,"href":"https:\/\/smartcherry.cl\/en\/wp-json\/wp\/v2\/posts\/52386\/revisions\/52389"}],"wp:featuredmedia":[{"embeddable":true,"href":"https:\/\/smartcherry.cl\/en\/wp-json\/wp\/v2\/media\/52387"}],"wp:attachment":[{"href":"https:\/\/smartcherry.cl\/en\/wp-json\/wp\/v2\/media?parent=52386"}],"wp:term":[{"taxonomy":"category","embeddable":true,"href":"https:\/\/smartcherry.cl\/en\/wp-json\/wp\/v2\/categories?post=52386"},{"taxonomy":"post_tag","embeddable":true,"href":"https:\/\/smartcherry.cl\/en\/wp-json\/wp\/v2\/tags?post=52386"},{"taxonomy":"category_proveedor","embeddable":true,"href":"https:\/\/smartcherry.cl\/en\/wp-json\/wp\/v2\/category_proveedor?post=52386"},{"taxonomy":"pais","embeddable":true,"href":"https:\/\/smartcherry.cl\/en\/wp-json\/wp\/v2\/pais?post=52386"}],"curies":[{"name":"wp","href":"https:\/\/api.w.org\/{rel}","templated":true}]}}