{"id":52379,"date":"2026-01-05T11:27:00","date_gmt":"2026-01-05T14:27:00","guid":{"rendered":"https:\/\/smartcherry.cl\/?p=52379"},"modified":"2026-01-05T11:27:02","modified_gmt":"2026-01-05T14:27:02","slug":"olas-de-calor-podrian-agudizarse-durante-enero","status":"publish","type":"post","link":"https:\/\/smartcherry.cl\/en\/el-clima-en-smartcherry-tv\/olas-de-calor-podrian-agudizarse-durante-enero\/","title":{"rendered":"Olas de calor podr\u00edan agudizarse durante enero"},"content":{"rendered":"<p><strong><em>El agroclimatol\u00f3logo Patricio Gonz\u00e1lez dio su pron\u00f3stico del mes en curso, donde resalt\u00f3 que el evento de La Ni\u00f1a est\u00e1 en su fase m\u00e1s d\u00e9bil, desapareciendo durante el verano de 2026, y que por otro lado se vaticinan al menos dos a tres olas de calor en enero, con m\u00e1ximas que superar\u00edan los 33\u00b0.<\/em><\/strong><\/p>\n\n\n\n<p>Debido a ello, el acad\u00e9mico llam\u00f3 nuevamente a tener precauci\u00f3n con el uso del recurso h\u00eddrico, a ra\u00edz del efecto escala generado por el calor, donde la humedad relativa es baja, causando altas tasas de evotranspiraci\u00f3n -entre 80 a 90 metros c\u00fabicos por hect\u00e1rea- y con el correspondiente efecto de estr\u00e9s h\u00eddrico y t\u00e9rmico en los huertos.<\/p>\n\n\n\n<figure class=\"wp-block-embed is-type-video is-provider-youtube wp-block-embed-youtube wp-embed-aspect-4-3 wp-has-aspect-ratio\"><div class=\"wp-block-embed__wrapper\">\n<iframe title=\"Olas de calor podr\u00edan agudizarse durante enero\" width=\"800\" height=\"600\" src=\"https:\/\/www.youtube.com\/embed\/eoK_RgCvK9Y?feature=oembed\" frameborder=\"0\" allow=\"accelerometer; autoplay; clipboard-write; encrypted-media; gyroscope; picture-in-picture; web-share\" referrerpolicy=\"strict-origin-when-cross-origin\" allowfullscreen><\/iframe>\n<\/div><\/figure>","protected":false},"excerpt":{"rendered":"<p>Revisa ac\u00e1 el informe agroclimatol\u00f3gico en video.<\/p>","protected":false},"author":273,"featured_media":52380,"comment_status":"closed","ping_status":"open","sticky":false,"template":"","format":"standard","meta":{"_acf_changed":false,"inline_featured_image":false,"footnotes":""},"categories":[3353,3577,3693,430],"tags":[1487,1881,3927],"category_proveedor":[],"pais":[],"class_list":["post-52379","post","type-post","status-publish","format-standard","has-post-thumbnail","hentry","category-smartcherry-tv","category-el-clima-en-smartcherry-tv","category-videos","category-clima","tag-patricio-gonzalez","tag-reporte-agroclimatico","tag-enero"],"acf":[],"yoast_head":"<!-- This site is optimized with the Yoast SEO Premium plugin v21.3 (Yoast SEO v27.3) - https:\/\/yoast.com\/product\/yoast-seo-premium-wordpress\/ -->\n<title>Olas de calor podr\u00edan agudizarse durante enero - Smartcherry<\/title>\n<meta name=\"description\" content=\"El agroclimatol\u00f3logo Patricio Gonz\u00e1lez dio su pron\u00f3stico del mes en curso, donde resalt\u00f3 que el evento de La Ni\u00f1a est\u00e1 en su fase m\u00e1s d\u00e9bil, desapareciendo durante el verano de 2026, y que por otro lado se vaticinan al menos dos a tres olas de calor en enero, con m\u00e1ximas que superen los 33\u00b0.\" \/>\n<meta name=\"robots\" content=\"index, follow, max-snippet:-1, max-image-preview:large, max-video-preview:-1\" \/>\n<link rel=\"canonical\" href=\"https:\/\/smartcherry.cl\/en\/el-clima-en-smartcherry-tv\/olas-de-calor-podrian-agudizarse-durante-enero\/\" \/>\n<meta property=\"og:locale\" content=\"en_US\" \/>\n<meta property=\"og:type\" content=\"article\" \/>\n<meta property=\"og:title\" content=\"Olas de calor podr\u00edan agudizarse durante enero\" \/>\n<meta property=\"og:description\" content=\"El agroclimatol\u00f3logo Patricio Gonz\u00e1lez dio su pron\u00f3stico del mes en curso, donde resalt\u00f3 que el evento de La Ni\u00f1a est\u00e1 en su fase m\u00e1s d\u00e9bil, desapareciendo durante el verano de 2026, y que por otro lado se vaticinan al menos dos a tres olas de calor en enero, con m\u00e1ximas que superen los 33\u00b0.\" \/>\n<meta property=\"og:url\" content=\"https:\/\/smartcherry.cl\/en\/el-clima-en-smartcherry-tv\/olas-de-calor-podrian-agudizarse-durante-enero\/\" \/>\n<meta property=\"og:site_name\" content=\"Smartcherry\" \/>\n<meta property=\"article:publisher\" content=\"https:\/\/web.facebook.com\/SmartCherry.cl\/\" \/>\n<meta property=\"article:published_time\" content=\"2026-01-05T14:27:00+00:00\" \/>\n<meta property=\"article:modified_time\" content=\"2026-01-05T14:27:02+00:00\" \/>\n<meta property=\"og:image\" content=\"https:\/\/smartcherry.cl\/wp-content\/uploads\/2026\/01\/Huerto-verano-2.jpg\" \/>\n\t<meta property=\"og:image:width\" content=\"1400\" \/>\n\t<meta property=\"og:image:height\" content=\"800\" \/>\n\t<meta property=\"og:image:type\" content=\"image\/jpeg\" \/>\n<meta name=\"author\" content=\"Beatriz Parra\" \/>\n<meta name=\"twitter:card\" content=\"summary_large_image\" \/>\n<meta name=\"twitter:creator\" content=\"@SmartCherry_cl\" \/>\n<meta name=\"twitter:site\" content=\"@SmartCherry_cl\" \/>\n<meta name=\"twitter:label1\" content=\"Written by\" \/>\n\t<meta name=\"twitter:data1\" content=\"Beatriz Parra\" \/>\n\t<meta name=\"twitter:label2\" content=\"Est. reading time\" \/>\n\t<meta name=\"twitter:data2\" content=\"1 minute\" \/>\n<script type=\"application\/ld+json\" class=\"yoast-schema-graph\">{\"@context\":\"https:\\\/\\\/schema.org\",\"@graph\":[{\"@type\":\"Article\",\"@id\":\"https:\\\/\\\/smartcherry.cl\\\/el-clima-en-smartcherry-tv\\\/olas-de-calor-podrian-agudizarse-durante-enero\\\/#article\",\"isPartOf\":{\"@id\":\"https:\\\/\\\/smartcherry.cl\\\/el-clima-en-smartcherry-tv\\\/olas-de-calor-podrian-agudizarse-durante-enero\\\/\"},\"author\":{\"name\":\"Beatriz Parra\",\"@id\":\"https:\\\/\\\/smartcherry.cl\\\/#\\\/schema\\\/person\\\/604ed44370e96b081064b745ca461407\"},\"headline\":\"Olas de calor podr\u00edan agudizarse durante enero\",\"datePublished\":\"2026-01-05T14:27:00+00:00\",\"dateModified\":\"2026-01-05T14:27:02+00:00\",\"mainEntityOfPage\":{\"@id\":\"https:\\\/\\\/smartcherry.cl\\\/el-clima-en-smartcherry-tv\\\/olas-de-calor-podrian-agudizarse-durante-enero\\\/\"},\"wordCount\":139,\"publisher\":{\"@id\":\"https:\\\/\\\/smartcherry.cl\\\/#organization\"},\"image\":{\"@id\":\"https:\\\/\\\/smartcherry.cl\\\/el-clima-en-smartcherry-tv\\\/olas-de-calor-podrian-agudizarse-durante-enero\\\/#primaryimage\"},\"thumbnailUrl\":\"https:\\\/\\\/smartcherry.cl\\\/wp-content\\\/uploads\\\/2026\\\/01\\\/Huerto-verano-2.jpg\",\"keywords\":[\"Patricio Gonz\u00e1lez\",\"reporte agroclim\u00e1tico\",\"enero\"],\"articleSection\":[\"Smartcherry TV\",\"El clima en Smartcherry TV\",\"Videos\",\"Clima\"],\"inLanguage\":\"en-US\"},{\"@type\":\"WebPage\",\"@id\":\"https:\\\/\\\/smartcherry.cl\\\/el-clima-en-smartcherry-tv\\\/olas-de-calor-podrian-agudizarse-durante-enero\\\/\",\"url\":\"https:\\\/\\\/smartcherry.cl\\\/el-clima-en-smartcherry-tv\\\/olas-de-calor-podrian-agudizarse-durante-enero\\\/\",\"name\":\"Olas de calor podr\u00edan agudizarse durante enero - Smartcherry\",\"isPartOf\":{\"@id\":\"https:\\\/\\\/smartcherry.cl\\\/#website\"},\"primaryImageOfPage\":{\"@id\":\"https:\\\/\\\/smartcherry.cl\\\/el-clima-en-smartcherry-tv\\\/olas-de-calor-podrian-agudizarse-durante-enero\\\/#primaryimage\"},\"image\":{\"@id\":\"https:\\\/\\\/smartcherry.cl\\\/el-clima-en-smartcherry-tv\\\/olas-de-calor-podrian-agudizarse-durante-enero\\\/#primaryimage\"},\"thumbnailUrl\":\"https:\\\/\\\/smartcherry.cl\\\/wp-content\\\/uploads\\\/2026\\\/01\\\/Huerto-verano-2.jpg\",\"datePublished\":\"2026-01-05T14:27:00+00:00\",\"dateModified\":\"2026-01-05T14:27:02+00:00\",\"description\":\"El agroclimatol\u00f3logo Patricio Gonz\u00e1lez dio su pron\u00f3stico del mes en curso, donde resalt\u00f3 que el evento de La Ni\u00f1a est\u00e1 en su fase m\u00e1s d\u00e9bil, desapareciendo durante el verano de 2026, y que por otro lado se vaticinan al menos dos a tres olas de calor en enero, con m\u00e1ximas que superen los 33\u00b0.\",\"breadcrumb\":{\"@id\":\"https:\\\/\\\/smartcherry.cl\\\/el-clima-en-smartcherry-tv\\\/olas-de-calor-podrian-agudizarse-durante-enero\\\/#breadcrumb\"},\"inLanguage\":\"en-US\",\"potentialAction\":[{\"@type\":\"ReadAction\",\"target\":[\"https:\\\/\\\/smartcherry.cl\\\/el-clima-en-smartcherry-tv\\\/olas-de-calor-podrian-agudizarse-durante-enero\\\/\"]}]},{\"@type\":\"ImageObject\",\"inLanguage\":\"en-US\",\"@id\":\"https:\\\/\\\/smartcherry.cl\\\/el-clima-en-smartcherry-tv\\\/olas-de-calor-podrian-agudizarse-durante-enero\\\/#primaryimage\",\"url\":\"https:\\\/\\\/smartcherry.cl\\\/wp-content\\\/uploads\\\/2026\\\/01\\\/Huerto-verano-2.jpg\",\"contentUrl\":\"https:\\\/\\\/smartcherry.cl\\\/wp-content\\\/uploads\\\/2026\\\/01\\\/Huerto-verano-2.jpg\",\"width\":1400,\"height\":800},{\"@type\":\"BreadcrumbList\",\"@id\":\"https:\\\/\\\/smartcherry.cl\\\/el-clima-en-smartcherry-tv\\\/olas-de-calor-podrian-agudizarse-durante-enero\\\/#breadcrumb\",\"itemListElement\":[{\"@type\":\"ListItem\",\"position\":1,\"name\":\"Home\",\"item\":\"https:\\\/\\\/smartcherry.cl\\\/\"},{\"@type\":\"ListItem\",\"position\":2,\"name\":\"El clima en Smartcherry TV\",\"item\":\"https:\\\/\\\/smartcherry.cl\\\/category\\\/el-clima-en-smartcherry-tv\\\/\"},{\"@type\":\"ListItem\",\"position\":3,\"name\":\"Olas de calor podr\u00edan agudizarse durante enero\"}]},{\"@type\":\"WebSite\",\"@id\":\"https:\\\/\\\/smartcherry.cl\\\/#website\",\"url\":\"https:\\\/\\\/smartcherry.cl\\\/\",\"name\":\"Smartcherry\",\"description\":\"Sitio de Smartcherry\",\"publisher\":{\"@id\":\"https:\\\/\\\/smartcherry.cl\\\/#organization\"},\"potentialAction\":[{\"@type\":\"SearchAction\",\"target\":{\"@type\":\"EntryPoint\",\"urlTemplate\":\"https:\\\/\\\/smartcherry.cl\\\/?s={search_term_string}\"},\"query-input\":{\"@type\":\"PropertyValueSpecification\",\"valueRequired\":true,\"valueName\":\"search_term_string\"}}],\"inLanguage\":\"en-US\"},{\"@type\":\"Organization\",\"@id\":\"https:\\\/\\\/smartcherry.cl\\\/#organization\",\"name\":\"SmartCherry\",\"url\":\"https:\\\/\\\/smartcherry.cl\\\/\",\"logo\":{\"@type\":\"ImageObject\",\"inLanguage\":\"en-US\",\"@id\":\"https:\\\/\\\/smartcherry.cl\\\/#\\\/schema\\\/logo\\\/image\\\/\",\"url\":\"https:\\\/\\\/smartcherry.cl\\\/wp-content\\\/uploads\\\/2022\\\/02\\\/logo_smartcherry.png\",\"contentUrl\":\"https:\\\/\\\/smartcherry.cl\\\/wp-content\\\/uploads\\\/2022\\\/02\\\/logo_smartcherry.png\",\"width\":411,\"height\":84,\"caption\":\"SmartCherry\"},\"image\":{\"@id\":\"https:\\\/\\\/smartcherry.cl\\\/#\\\/schema\\\/logo\\\/image\\\/\"},\"sameAs\":[\"https:\\\/\\\/web.facebook.com\\\/SmartCherry.cl\\\/\",\"https:\\\/\\\/x.com\\\/SmartCherry_cl\",\"https:\\\/\\\/www.linkedin.com\\\/company\\\/smartcherry\\\/\",\"https:\\\/\\\/www.instagram.com\\\/smartcherry_cl\\\/\",\"https:\\\/\\\/www.youtube.com\\\/channel\\\/UCe007LfgFFnntDgCcqICbPQ\"]},{\"@type\":\"Person\",\"@id\":\"https:\\\/\\\/smartcherry.cl\\\/#\\\/schema\\\/person\\\/604ed44370e96b081064b745ca461407\",\"name\":\"Beatriz Parra\",\"image\":{\"@type\":\"ImageObject\",\"inLanguage\":\"en-US\",\"@id\":\"https:\\\/\\\/smartcherry.cl\\\/wp-content\\\/uploads\\\/2025\\\/01\\\/POST-96x96.png\",\"url\":\"https:\\\/\\\/smartcherry.cl\\\/wp-content\\\/uploads\\\/2025\\\/01\\\/POST-96x96.png\",\"contentUrl\":\"https:\\\/\\\/smartcherry.cl\\\/wp-content\\\/uploads\\\/2025\\\/01\\\/POST-96x96.png\",\"caption\":\"Beatriz Parra\"},\"url\":\"https:\\\/\\\/smartcherry.cl\\\/en\\\/author\\\/bparra\\\/\"}]}<\/script>\n<!-- \/ Yoast SEO Premium plugin. -->","yoast_head_json":{"title":"Olas de calor podr\u00edan agudizarse durante enero - Smartcherry","description":"El agroclimatol\u00f3logo Patricio Gonz\u00e1lez dio su pron\u00f3stico del mes en curso, donde resalt\u00f3 que el evento de La Ni\u00f1a est\u00e1 en su fase m\u00e1s d\u00e9bil, desapareciendo durante el verano de 2026, y que por otro lado se vaticinan al menos dos a tres olas de calor en enero, con m\u00e1ximas que superen los 33\u00b0.","robots":{"index":"index","follow":"follow","max-snippet":"max-snippet:-1","max-image-preview":"max-image-preview:large","max-video-preview":"max-video-preview:-1"},"canonical":"https:\/\/smartcherry.cl\/en\/el-clima-en-smartcherry-tv\/olas-de-calor-podrian-agudizarse-durante-enero\/","og_locale":"en_US","og_type":"article","og_title":"Olas de calor podr\u00edan agudizarse durante enero","og_description":"El agroclimatol\u00f3logo Patricio Gonz\u00e1lez dio su pron\u00f3stico del mes en curso, donde resalt\u00f3 que el evento de La Ni\u00f1a est\u00e1 en su fase m\u00e1s d\u00e9bil, desapareciendo durante el verano de 2026, y que por otro lado se vaticinan al menos dos a tres olas de calor en enero, con m\u00e1ximas que superen los 33\u00b0.","og_url":"https:\/\/smartcherry.cl\/en\/el-clima-en-smartcherry-tv\/olas-de-calor-podrian-agudizarse-durante-enero\/","og_site_name":"Smartcherry","article_publisher":"https:\/\/web.facebook.com\/SmartCherry.cl\/","article_published_time":"2026-01-05T14:27:00+00:00","article_modified_time":"2026-01-05T14:27:02+00:00","og_image":[{"width":1400,"height":800,"url":"https:\/\/smartcherry.cl\/wp-content\/uploads\/2026\/01\/Huerto-verano-2.jpg","type":"image\/jpeg"}],"author":"Beatriz Parra","twitter_card":"summary_large_image","twitter_creator":"@SmartCherry_cl","twitter_site":"@SmartCherry_cl","twitter_misc":{"Written by":"Beatriz Parra","Est. reading time":"1 minute"},"schema":{"@context":"https:\/\/schema.org","@graph":[{"@type":"Article","@id":"https:\/\/smartcherry.cl\/el-clima-en-smartcherry-tv\/olas-de-calor-podrian-agudizarse-durante-enero\/#article","isPartOf":{"@id":"https:\/\/smartcherry.cl\/el-clima-en-smartcherry-tv\/olas-de-calor-podrian-agudizarse-durante-enero\/"},"author":{"name":"Beatriz Parra","@id":"https:\/\/smartcherry.cl\/#\/schema\/person\/604ed44370e96b081064b745ca461407"},"headline":"Olas de calor podr\u00edan agudizarse durante enero","datePublished":"2026-01-05T14:27:00+00:00","dateModified":"2026-01-05T14:27:02+00:00","mainEntityOfPage":{"@id":"https:\/\/smartcherry.cl\/el-clima-en-smartcherry-tv\/olas-de-calor-podrian-agudizarse-durante-enero\/"},"wordCount":139,"publisher":{"@id":"https:\/\/smartcherry.cl\/#organization"},"image":{"@id":"https:\/\/smartcherry.cl\/el-clima-en-smartcherry-tv\/olas-de-calor-podrian-agudizarse-durante-enero\/#primaryimage"},"thumbnailUrl":"https:\/\/smartcherry.cl\/wp-content\/uploads\/2026\/01\/Huerto-verano-2.jpg","keywords":["Patricio Gonz\u00e1lez","reporte agroclim\u00e1tico","enero"],"articleSection":["Smartcherry TV","El clima en Smartcherry TV","Videos","Clima"],"inLanguage":"en-US"},{"@type":"WebPage","@id":"https:\/\/smartcherry.cl\/el-clima-en-smartcherry-tv\/olas-de-calor-podrian-agudizarse-durante-enero\/","url":"https:\/\/smartcherry.cl\/el-clima-en-smartcherry-tv\/olas-de-calor-podrian-agudizarse-durante-enero\/","name":"Olas de calor podr\u00edan agudizarse durante enero - Smartcherry","isPartOf":{"@id":"https:\/\/smartcherry.cl\/#website"},"primaryImageOfPage":{"@id":"https:\/\/smartcherry.cl\/el-clima-en-smartcherry-tv\/olas-de-calor-podrian-agudizarse-durante-enero\/#primaryimage"},"image":{"@id":"https:\/\/smartcherry.cl\/el-clima-en-smartcherry-tv\/olas-de-calor-podrian-agudizarse-durante-enero\/#primaryimage"},"thumbnailUrl":"https:\/\/smartcherry.cl\/wp-content\/uploads\/2026\/01\/Huerto-verano-2.jpg","datePublished":"2026-01-05T14:27:00+00:00","dateModified":"2026-01-05T14:27:02+00:00","description":"El agroclimatol\u00f3logo Patricio Gonz\u00e1lez dio su pron\u00f3stico del mes en curso, donde resalt\u00f3 que el evento de La Ni\u00f1a est\u00e1 en su fase m\u00e1s d\u00e9bil, desapareciendo durante el verano de 2026, y que por otro lado se vaticinan al menos dos a tres olas de calor en enero, con m\u00e1ximas que superen los 33\u00b0.","breadcrumb":{"@id":"https:\/\/smartcherry.cl\/el-clima-en-smartcherry-tv\/olas-de-calor-podrian-agudizarse-durante-enero\/#breadcrumb"},"inLanguage":"en-US","potentialAction":[{"@type":"ReadAction","target":["https:\/\/smartcherry.cl\/el-clima-en-smartcherry-tv\/olas-de-calor-podrian-agudizarse-durante-enero\/"]}]},{"@type":"ImageObject","inLanguage":"en-US","@id":"https:\/\/smartcherry.cl\/el-clima-en-smartcherry-tv\/olas-de-calor-podrian-agudizarse-durante-enero\/#primaryimage","url":"https:\/\/smartcherry.cl\/wp-content\/uploads\/2026\/01\/Huerto-verano-2.jpg","contentUrl":"https:\/\/smartcherry.cl\/wp-content\/uploads\/2026\/01\/Huerto-verano-2.jpg","width":1400,"height":800},{"@type":"BreadcrumbList","@id":"https:\/\/smartcherry.cl\/el-clima-en-smartcherry-tv\/olas-de-calor-podrian-agudizarse-durante-enero\/#breadcrumb","itemListElement":[{"@type":"ListItem","position":1,"name":"Home","item":"https:\/\/smartcherry.cl\/"},{"@type":"ListItem","position":2,"name":"El clima en Smartcherry TV","item":"https:\/\/smartcherry.cl\/category\/el-clima-en-smartcherry-tv\/"},{"@type":"ListItem","position":3,"name":"Olas de calor podr\u00edan agudizarse durante enero"}]},{"@type":"WebSite","@id":"https:\/\/smartcherry.cl\/#website","url":"https:\/\/smartcherry.cl\/","name":"Smartcherry","description":"Smartcherry Site","publisher":{"@id":"https:\/\/smartcherry.cl\/#organization"},"potentialAction":[{"@type":"SearchAction","target":{"@type":"EntryPoint","urlTemplate":"https:\/\/smartcherry.cl\/?s={search_term_string}"},"query-input":{"@type":"PropertyValueSpecification","valueRequired":true,"valueName":"search_term_string"}}],"inLanguage":"en-US"},{"@type":"Organization","@id":"https:\/\/smartcherry.cl\/#organization","name":"SmartCherry","url":"https:\/\/smartcherry.cl\/","logo":{"@type":"ImageObject","inLanguage":"en-US","@id":"https:\/\/smartcherry.cl\/#\/schema\/logo\/image\/","url":"https:\/\/smartcherry.cl\/wp-content\/uploads\/2022\/02\/logo_smartcherry.png","contentUrl":"https:\/\/smartcherry.cl\/wp-content\/uploads\/2022\/02\/logo_smartcherry.png","width":411,"height":84,"caption":"SmartCherry"},"image":{"@id":"https:\/\/smartcherry.cl\/#\/schema\/logo\/image\/"},"sameAs":["https:\/\/web.facebook.com\/SmartCherry.cl\/","https:\/\/x.com\/SmartCherry_cl","https:\/\/www.linkedin.com\/company\/smartcherry\/","https:\/\/www.instagram.com\/smartcherry_cl\/","https:\/\/www.youtube.com\/channel\/UCe007LfgFFnntDgCcqICbPQ"]},{"@type":"Person","@id":"https:\/\/smartcherry.cl\/#\/schema\/person\/604ed44370e96b081064b745ca461407","name":"Beatriz Parra","image":{"@type":"ImageObject","inLanguage":"en-US","@id":"https:\/\/smartcherry.cl\/wp-content\/uploads\/2025\/01\/POST-96x96.png","url":"https:\/\/smartcherry.cl\/wp-content\/uploads\/2025\/01\/POST-96x96.png","contentUrl":"https:\/\/smartcherry.cl\/wp-content\/uploads\/2025\/01\/POST-96x96.png","caption":"Beatriz Parra"},"url":"https:\/\/smartcherry.cl\/en\/author\/bparra\/"}]}},"_links":{"self":[{"href":"https:\/\/smartcherry.cl\/en\/wp-json\/wp\/v2\/posts\/52379","targetHints":{"allow":["GET"]}}],"collection":[{"href":"https:\/\/smartcherry.cl\/en\/wp-json\/wp\/v2\/posts"}],"about":[{"href":"https:\/\/smartcherry.cl\/en\/wp-json\/wp\/v2\/types\/post"}],"author":[{"embeddable":true,"href":"https:\/\/smartcherry.cl\/en\/wp-json\/wp\/v2\/users\/273"}],"replies":[{"embeddable":true,"href":"https:\/\/smartcherry.cl\/en\/wp-json\/wp\/v2\/comments?post=52379"}],"version-history":[{"count":4,"href":"https:\/\/smartcherry.cl\/en\/wp-json\/wp\/v2\/posts\/52379\/revisions"}],"predecessor-version":[{"id":52384,"href":"https:\/\/smartcherry.cl\/en\/wp-json\/wp\/v2\/posts\/52379\/revisions\/52384"}],"wp:featuredmedia":[{"embeddable":true,"href":"https:\/\/smartcherry.cl\/en\/wp-json\/wp\/v2\/media\/52380"}],"wp:attachment":[{"href":"https:\/\/smartcherry.cl\/en\/wp-json\/wp\/v2\/media?parent=52379"}],"wp:term":[{"taxonomy":"category","embeddable":true,"href":"https:\/\/smartcherry.cl\/en\/wp-json\/wp\/v2\/categories?post=52379"},{"taxonomy":"post_tag","embeddable":true,"href":"https:\/\/smartcherry.cl\/en\/wp-json\/wp\/v2\/tags?post=52379"},{"taxonomy":"category_proveedor","embeddable":true,"href":"https:\/\/smartcherry.cl\/en\/wp-json\/wp\/v2\/category_proveedor?post=52379"},{"taxonomy":"pais","embeddable":true,"href":"https:\/\/smartcherry.cl\/en\/wp-json\/wp\/v2\/pais?post=52379"}],"curies":[{"name":"wp","href":"https:\/\/api.w.org\/{rel}","templated":true}]}}