{"id":51546,"date":"2025-12-03T11:14:36","date_gmt":"2025-12-03T15:14:36","guid":{"rendered":"https:\/\/smartcherry.cl\/?p=51546"},"modified":"2025-12-03T11:14:39","modified_gmt":"2025-12-03T15:14:39","slug":"reporte-agroclimatologico-de-diciembre-aconseja-resolver-ecuacion-de-escasez-de-lluvias-v-s-estres-termico-e-hidrico-con-manejo-adecuado-de-riego","status":"publish","type":"post","link":"https:\/\/smartcherry.cl\/en\/clima\/reporte-agroclimatologico-de-diciembre-aconseja-resolver-ecuacion-de-escasez-de-lluvias-v-s-estres-termico-e-hidrico-con-manejo-adecuado-de-riego\/","title":{"rendered":"Reporte agroclimatol\u00f3gico de diciembre aconseja resolver ecuaci\u00f3n de escasez de lluvias v\/s estr\u00e9s t\u00e9rmico e h\u00eddrico con manejo adecuado de riego"},"content":{"rendered":"<p><strong><em>En el informe encontrar\u00e1n las proyecciones realizadas por el agroclimatol\u00f3logo Patricio Gonz\u00e1lez, quien indica que las altas temperaturas anunciadas para la primera quincena de diciembre debieran tener un impacto en la evapotranspiraci\u00f3n de los cultivos de la zona central del pa\u00eds.<\/em><\/strong><\/p>\n\n\n\n<p>1.- Proyecciones, para diciembre de 2025, respecto a la evoluci\u00f3n del evento fr\u00edo La Ni\u00f1a.<\/p>\n\n\n\n<p>2.- Ambientes agroclimatol\u00f3gicos que podr\u00edan caracterizar a diciembre 2025, a la provincia de\u00a0Curic\u00f3.<\/p>\n\n\n\n<p><strong><em>Proyecciones del evento fr\u00edo La Ni\u00f1a diciembre 2025 (Figura 1)<\/em><\/strong><\/p>\n\n\n\n<figure class=\"wp-block-image aligncenter size-large\"><img fetchpriority=\"high\" decoding=\"async\" width=\"1024\" height=\"567\" src=\"https:\/\/smartcherry.cl\/wp-content\/uploads\/2025\/12\/FIGURA-1-2-1024x567.png\" alt=\"\" class=\"wp-image-51547\" srcset=\"https:\/\/smartcherry.cl\/wp-content\/uploads\/2025\/12\/FIGURA-1-2-1024x567.png 1024w, https:\/\/smartcherry.cl\/wp-content\/uploads\/2025\/12\/FIGURA-1-2-300x166.png 300w, https:\/\/smartcherry.cl\/wp-content\/uploads\/2025\/12\/FIGURA-1-2-768x425.png 768w, https:\/\/smartcherry.cl\/wp-content\/uploads\/2025\/12\/FIGURA-1-2-18x10.png 18w, https:\/\/smartcherry.cl\/wp-content\/uploads\/2025\/12\/FIGURA-1-2.png 1179w\" sizes=\"(max-width: 1024px) 100vw, 1024px\" \/><\/figure>\n\n\n\n<p>El evento fr\u00edo La Ni\u00f1a ya est\u00e1 presente y afectando al clima primaveral de la Regi\u00f3n del Maule. La temperatura superficial del mar (TSM) del oc\u00e9ano Pac\u00edfico ecuatorial central ha descendido de un valor de -0.5\u00b0 C en octubre a -0.8\u00b0 C durante noviembre.<\/p>\n\n\n\n<p>La figura 1, publicada por la Agencia Nacional para los Oc\u00e9anos y Atm\u00f3sfera (NOAA), proyecta una probabilidad sobre el 70% que se extienda hasta diciembre y un 58% que siga hasta febrero del 2026, inclusive que abarque parte del pr\u00f3ximo oto\u00f1o.<\/p>\n\n\n\n<p>El evento fr\u00edo La Ni\u00f1a no ha logrado alterar, en noviembre,&nbsp; aquellas variables importantes para la fruticultura como son las temperaturas: Curic\u00f3 registr\u00f3 una ola de calor en noviembre, la cual se extendi\u00f3 del 21 al 23 del mes. La temperatura m\u00e1s alta alcanzada durante este fen\u00f3meno fue de 34\u00b0 C (d\u00eda 22). A lo anterior debemos agregar que hubo 21 d\u00edas de calor (temperaturas m\u00e1ximas diarias iguales o superiores a 25\u00b0 C). Adem\u00e1s de 18 d\u00edas con temperaturas m\u00ednimas iguales o superiores a los 10\u00b0 C.<\/p>\n\n\n\n<p>Finalmente, los grados d\u00edas (base 10\u00b0 C) suman 509.1 GDA entre septiembre y noviembre. Como el evento fr\u00edo La Ni\u00f1a se asocia a bloqueos de lluvia, Curic\u00f3 no tuvo eventos generalizados de riesgo de lluvias que hayan podido ocasionar da\u00f1os a las frutas.<\/p>\n\n\n\n<p>Al 30 de noviembre Curic\u00f3 acumula 491.3 mil\u00edmetros de lluvia. El a\u00f1o 2024, a la fecha, era de 589.4 mil\u00edmetros. Lo anterior indica que hay 98.1 mil\u00edmetros menos que el a\u00f1o pasado. Y, adem\u00e1s, le est\u00e1n faltando 104.7 mil\u00edmetros para terminar el 2025 como normal, lo cual es muy dif\u00edcil que suceda en un ambiente La Ni\u00f1a.<\/p>\n\n\n\n<p><strong><em>Proyecciones diciembre 2025<\/em><\/strong><\/p>\n\n\n\n<figure class=\"wp-block-image aligncenter size-large\"><img decoding=\"async\" width=\"823\" height=\"1024\" src=\"https:\/\/smartcherry.cl\/wp-content\/uploads\/2025\/12\/FIGURA-2-1-823x1024.png\" alt=\"\" class=\"wp-image-51548\" srcset=\"https:\/\/smartcherry.cl\/wp-content\/uploads\/2025\/12\/FIGURA-2-1-823x1024.png 823w, https:\/\/smartcherry.cl\/wp-content\/uploads\/2025\/12\/FIGURA-2-1-241x300.png 241w, https:\/\/smartcherry.cl\/wp-content\/uploads\/2025\/12\/FIGURA-2-1-768x956.png 768w, https:\/\/smartcherry.cl\/wp-content\/uploads\/2025\/12\/FIGURA-2-1-10x12.png 10w, https:\/\/smartcherry.cl\/wp-content\/uploads\/2025\/12\/FIGURA-2-1.png 901w\" sizes=\"(max-width: 823px) 100vw, 823px\" \/><\/figure>\n\n\n\n<p>La figura 2 muestra tradicionalmente el \u00e1rea m\u00e1s c\u00e1lida veraniega que se ubica entre Valpara\u00edso y Los \u00c1ngeles. Diciembre es considerado el primer mes de verano clim\u00e1tico, especialmente desde el punto de vista t\u00e9rmico.<\/p>\n\n\n\n<p>Es esperable a lo menos 15 d\u00edas con temperaturas m\u00e1ximas diarias iguales o superiores a 30\u00b0 C; adem\u00e1s de extremas de 35\u00b0 C a lo menos durante uno o dos d\u00edas. Sumado a per\u00edodos preferentemente despejados, lo que favorecer\u00eda el aporte de radiaci\u00f3n de onda corta fotosint\u00e9ticamente positiva. Lo anterior debiera tener un impacto en la evapotranspiraci\u00f3n: valores entre 80 a 90 m3\/hect\u00e1reas diarios.<\/p>\n\n\n\n<p>Finalmente, se recomienda tener especial cuidado con el riego: la ecuaci\u00f3n de escasez de lluvias versus estr\u00e9s t\u00e9rmico e h\u00eddrico, por las altas temperaturas diarias proyectadas, se deber\u00e1 resolver con el uso adecuado de tecnolog\u00edas de riego tecnificado y vigilancia predial. Como ya lo expresamos en boletines anteriores, se estima un aporte escaso de nieve a las cuencas en los tres meses de verano, muy por debajo de lo normal.<\/p>","protected":false},"excerpt":{"rendered":"<p>Patricio Gonz\u00e1lez M.Sc. (Universidad de Chile) Dip. Agroclimatolog\u00eda Universidad de Israel.<\/p>","protected":false},"author":273,"featured_media":51549,"comment_status":"closed","ping_status":"open","sticky":false,"template":"","format":"standard","meta":{"_acf_changed":false,"inline_featured_image":false,"footnotes":""},"categories":[430,35],"tags":[1487,1881,3879],"category_proveedor":[],"pais":[],"class_list":["post-51546","post","type-post","status-publish","format-standard","has-post-thumbnail","hentry","category-clima","category-noticias","tag-patricio-gonzalez","tag-reporte-agroclimatico","tag-diciembre"],"acf":[],"yoast_head":"<!-- This site is optimized with the Yoast SEO Premium plugin v21.3 (Yoast SEO v27.3) - https:\/\/yoast.com\/product\/yoast-seo-premium-wordpress\/ -->\n<title>Reporte agroclimatol\u00f3gico de diciembre aconseja resolver ecuaci\u00f3n de escasez de lluvias v\/s estr\u00e9s t\u00e9rmico e h\u00eddrico con manejo adecuado de riego - Smartcherry<\/title>\n<meta name=\"description\" content=\"En el informe encontrar\u00e1n las proyecciones realizadas por el agroclimatol\u00f3logo Patricio Gonz\u00e1lez, quien indica que las altas temperaturas anunciadas para la primera quincena de diciembre debieran tener un impacto en la evapotranspiraci\u00f3n de los cultivos de la zona central del pa\u00eds.\" \/>\n<meta name=\"robots\" content=\"index, follow, max-snippet:-1, max-image-preview:large, max-video-preview:-1\" \/>\n<link rel=\"canonical\" href=\"https:\/\/smartcherry.cl\/en\/clima\/reporte-agroclimatologico-de-diciembre-aconseja-resolver-ecuacion-de-escasez-de-lluvias-v-s-estres-termico-e-hidrico-con-manejo-adecuado-de-riego\/\" \/>\n<meta property=\"og:locale\" content=\"en_US\" \/>\n<meta property=\"og:type\" content=\"article\" \/>\n<meta property=\"og:title\" content=\"Reporte agroclimatol\u00f3gico de diciembre aconseja resolver ecuaci\u00f3n de escasez de lluvias v\/s estr\u00e9s t\u00e9rmico e h\u00eddrico con manejo adecuado de riego\" \/>\n<meta property=\"og:description\" content=\"En el informe encontrar\u00e1n las proyecciones realizadas por el agroclimatol\u00f3logo Patricio Gonz\u00e1lez, quien indica que las altas temperaturas anunciadas para la primera quincena de diciembre debieran tener un impacto en la evapotranspiraci\u00f3n de los cultivos de la zona central del pa\u00eds.\" \/>\n<meta property=\"og:url\" content=\"https:\/\/smartcherry.cl\/en\/clima\/reporte-agroclimatologico-de-diciembre-aconseja-resolver-ecuacion-de-escasez-de-lluvias-v-s-estres-termico-e-hidrico-con-manejo-adecuado-de-riego\/\" \/>\n<meta property=\"og:site_name\" content=\"Smartcherry\" \/>\n<meta property=\"article:publisher\" content=\"https:\/\/web.facebook.com\/SmartCherry.cl\/\" \/>\n<meta property=\"article:published_time\" content=\"2025-12-03T15:14:36+00:00\" \/>\n<meta property=\"article:modified_time\" content=\"2025-12-03T15:14:39+00:00\" \/>\n<meta property=\"og:image\" content=\"https:\/\/smartcherry.cl\/wp-content\/uploads\/2025\/12\/Patricio-Gonzalez.jpg\" \/>\n\t<meta property=\"og:image:width\" content=\"1400\" \/>\n\t<meta property=\"og:image:height\" content=\"800\" \/>\n\t<meta property=\"og:image:type\" content=\"image\/jpeg\" \/>\n<meta name=\"author\" content=\"Beatriz Parra\" \/>\n<meta name=\"twitter:card\" content=\"summary_large_image\" \/>\n<meta name=\"twitter:creator\" content=\"@SmartCherry_cl\" \/>\n<meta name=\"twitter:site\" content=\"@SmartCherry_cl\" \/>\n<meta name=\"twitter:label1\" content=\"Written by\" \/>\n\t<meta name=\"twitter:data1\" content=\"Beatriz Parra\" \/>\n\t<meta name=\"twitter:label2\" content=\"Est. reading time\" \/>\n\t<meta name=\"twitter:data2\" content=\"3 minutes\" \/>\n<script type=\"application\/ld+json\" class=\"yoast-schema-graph\">{\"@context\":\"https:\\\/\\\/schema.org\",\"@graph\":[{\"@type\":\"Article\",\"@id\":\"https:\\\/\\\/smartcherry.cl\\\/clima\\\/reporte-agroclimatologico-de-diciembre-aconseja-resolver-ecuacion-de-escasez-de-lluvias-v-s-estres-termico-e-hidrico-con-manejo-adecuado-de-riego\\\/#article\",\"isPartOf\":{\"@id\":\"https:\\\/\\\/smartcherry.cl\\\/clima\\\/reporte-agroclimatologico-de-diciembre-aconseja-resolver-ecuacion-de-escasez-de-lluvias-v-s-estres-termico-e-hidrico-con-manejo-adecuado-de-riego\\\/\"},\"author\":{\"name\":\"Beatriz Parra\",\"@id\":\"https:\\\/\\\/smartcherry.cl\\\/#\\\/schema\\\/person\\\/604ed44370e96b081064b745ca461407\"},\"headline\":\"Reporte agroclimatol\u00f3gico de diciembre aconseja resolver ecuaci\u00f3n de escasez de lluvias v\\\/s estr\u00e9s t\u00e9rmico e h\u00eddrico con manejo adecuado de riego\",\"datePublished\":\"2025-12-03T15:14:36+00:00\",\"dateModified\":\"2025-12-03T15:14:39+00:00\",\"mainEntityOfPage\":{\"@id\":\"https:\\\/\\\/smartcherry.cl\\\/clima\\\/reporte-agroclimatologico-de-diciembre-aconseja-resolver-ecuacion-de-escasez-de-lluvias-v-s-estres-termico-e-hidrico-con-manejo-adecuado-de-riego\\\/\"},\"wordCount\":585,\"publisher\":{\"@id\":\"https:\\\/\\\/smartcherry.cl\\\/#organization\"},\"image\":{\"@id\":\"https:\\\/\\\/smartcherry.cl\\\/clima\\\/reporte-agroclimatologico-de-diciembre-aconseja-resolver-ecuacion-de-escasez-de-lluvias-v-s-estres-termico-e-hidrico-con-manejo-adecuado-de-riego\\\/#primaryimage\"},\"thumbnailUrl\":\"https:\\\/\\\/smartcherry.cl\\\/wp-content\\\/uploads\\\/2025\\\/12\\\/Patricio-Gonzalez.jpg\",\"keywords\":[\"Patricio Gonz\u00e1lez\",\"reporte agroclim\u00e1tico\",\"diciembre\"],\"articleSection\":[\"Clima\",\"Noticias\"],\"inLanguage\":\"en-US\"},{\"@type\":\"WebPage\",\"@id\":\"https:\\\/\\\/smartcherry.cl\\\/clima\\\/reporte-agroclimatologico-de-diciembre-aconseja-resolver-ecuacion-de-escasez-de-lluvias-v-s-estres-termico-e-hidrico-con-manejo-adecuado-de-riego\\\/\",\"url\":\"https:\\\/\\\/smartcherry.cl\\\/clima\\\/reporte-agroclimatologico-de-diciembre-aconseja-resolver-ecuacion-de-escasez-de-lluvias-v-s-estres-termico-e-hidrico-con-manejo-adecuado-de-riego\\\/\",\"name\":\"Reporte agroclimatol\u00f3gico de diciembre aconseja resolver ecuaci\u00f3n de escasez de lluvias v\\\/s estr\u00e9s t\u00e9rmico e h\u00eddrico con manejo adecuado de riego - Smartcherry\",\"isPartOf\":{\"@id\":\"https:\\\/\\\/smartcherry.cl\\\/#website\"},\"primaryImageOfPage\":{\"@id\":\"https:\\\/\\\/smartcherry.cl\\\/clima\\\/reporte-agroclimatologico-de-diciembre-aconseja-resolver-ecuacion-de-escasez-de-lluvias-v-s-estres-termico-e-hidrico-con-manejo-adecuado-de-riego\\\/#primaryimage\"},\"image\":{\"@id\":\"https:\\\/\\\/smartcherry.cl\\\/clima\\\/reporte-agroclimatologico-de-diciembre-aconseja-resolver-ecuacion-de-escasez-de-lluvias-v-s-estres-termico-e-hidrico-con-manejo-adecuado-de-riego\\\/#primaryimage\"},\"thumbnailUrl\":\"https:\\\/\\\/smartcherry.cl\\\/wp-content\\\/uploads\\\/2025\\\/12\\\/Patricio-Gonzalez.jpg\",\"datePublished\":\"2025-12-03T15:14:36+00:00\",\"dateModified\":\"2025-12-03T15:14:39+00:00\",\"description\":\"En el informe encontrar\u00e1n las proyecciones realizadas por el agroclimatol\u00f3logo Patricio Gonz\u00e1lez, quien indica que las altas temperaturas anunciadas para la primera quincena de diciembre debieran tener un impacto en la evapotranspiraci\u00f3n de los cultivos de la zona central del pa\u00eds.\",\"breadcrumb\":{\"@id\":\"https:\\\/\\\/smartcherry.cl\\\/clima\\\/reporte-agroclimatologico-de-diciembre-aconseja-resolver-ecuacion-de-escasez-de-lluvias-v-s-estres-termico-e-hidrico-con-manejo-adecuado-de-riego\\\/#breadcrumb\"},\"inLanguage\":\"en-US\",\"potentialAction\":[{\"@type\":\"ReadAction\",\"target\":[\"https:\\\/\\\/smartcherry.cl\\\/clima\\\/reporte-agroclimatologico-de-diciembre-aconseja-resolver-ecuacion-de-escasez-de-lluvias-v-s-estres-termico-e-hidrico-con-manejo-adecuado-de-riego\\\/\"]}]},{\"@type\":\"ImageObject\",\"inLanguage\":\"en-US\",\"@id\":\"https:\\\/\\\/smartcherry.cl\\\/clima\\\/reporte-agroclimatologico-de-diciembre-aconseja-resolver-ecuacion-de-escasez-de-lluvias-v-s-estres-termico-e-hidrico-con-manejo-adecuado-de-riego\\\/#primaryimage\",\"url\":\"https:\\\/\\\/smartcherry.cl\\\/wp-content\\\/uploads\\\/2025\\\/12\\\/Patricio-Gonzalez.jpg\",\"contentUrl\":\"https:\\\/\\\/smartcherry.cl\\\/wp-content\\\/uploads\\\/2025\\\/12\\\/Patricio-Gonzalez.jpg\",\"width\":1400,\"height\":800},{\"@type\":\"BreadcrumbList\",\"@id\":\"https:\\\/\\\/smartcherry.cl\\\/clima\\\/reporte-agroclimatologico-de-diciembre-aconseja-resolver-ecuacion-de-escasez-de-lluvias-v-s-estres-termico-e-hidrico-con-manejo-adecuado-de-riego\\\/#breadcrumb\",\"itemListElement\":[{\"@type\":\"ListItem\",\"position\":1,\"name\":\"Home\",\"item\":\"https:\\\/\\\/smartcherry.cl\\\/\"},{\"@type\":\"ListItem\",\"position\":2,\"name\":\"Clima\",\"item\":\"https:\\\/\\\/smartcherry.cl\\\/category\\\/clima\\\/\"},{\"@type\":\"ListItem\",\"position\":3,\"name\":\"Reporte agroclimatol\u00f3gico de diciembre aconseja resolver ecuaci\u00f3n de escasez de lluvias v\\\/s estr\u00e9s t\u00e9rmico e h\u00eddrico con manejo adecuado de riego\"}]},{\"@type\":\"WebSite\",\"@id\":\"https:\\\/\\\/smartcherry.cl\\\/#website\",\"url\":\"https:\\\/\\\/smartcherry.cl\\\/\",\"name\":\"Smartcherry\",\"description\":\"Sitio de Smartcherry\",\"publisher\":{\"@id\":\"https:\\\/\\\/smartcherry.cl\\\/#organization\"},\"potentialAction\":[{\"@type\":\"SearchAction\",\"target\":{\"@type\":\"EntryPoint\",\"urlTemplate\":\"https:\\\/\\\/smartcherry.cl\\\/?s={search_term_string}\"},\"query-input\":{\"@type\":\"PropertyValueSpecification\",\"valueRequired\":true,\"valueName\":\"search_term_string\"}}],\"inLanguage\":\"en-US\"},{\"@type\":\"Organization\",\"@id\":\"https:\\\/\\\/smartcherry.cl\\\/#organization\",\"name\":\"SmartCherry\",\"url\":\"https:\\\/\\\/smartcherry.cl\\\/\",\"logo\":{\"@type\":\"ImageObject\",\"inLanguage\":\"en-US\",\"@id\":\"https:\\\/\\\/smartcherry.cl\\\/#\\\/schema\\\/logo\\\/image\\\/\",\"url\":\"https:\\\/\\\/smartcherry.cl\\\/wp-content\\\/uploads\\\/2022\\\/02\\\/logo_smartcherry.png\",\"contentUrl\":\"https:\\\/\\\/smartcherry.cl\\\/wp-content\\\/uploads\\\/2022\\\/02\\\/logo_smartcherry.png\",\"width\":411,\"height\":84,\"caption\":\"SmartCherry\"},\"image\":{\"@id\":\"https:\\\/\\\/smartcherry.cl\\\/#\\\/schema\\\/logo\\\/image\\\/\"},\"sameAs\":[\"https:\\\/\\\/web.facebook.com\\\/SmartCherry.cl\\\/\",\"https:\\\/\\\/x.com\\\/SmartCherry_cl\",\"https:\\\/\\\/www.linkedin.com\\\/company\\\/smartcherry\\\/\",\"https:\\\/\\\/www.instagram.com\\\/smartcherry_cl\\\/\",\"https:\\\/\\\/www.youtube.com\\\/channel\\\/UCe007LfgFFnntDgCcqICbPQ\"]},{\"@type\":\"Person\",\"@id\":\"https:\\\/\\\/smartcherry.cl\\\/#\\\/schema\\\/person\\\/604ed44370e96b081064b745ca461407\",\"name\":\"Beatriz Parra\",\"image\":{\"@type\":\"ImageObject\",\"inLanguage\":\"en-US\",\"@id\":\"https:\\\/\\\/smartcherry.cl\\\/wp-content\\\/uploads\\\/2025\\\/01\\\/POST-96x96.png\",\"url\":\"https:\\\/\\\/smartcherry.cl\\\/wp-content\\\/uploads\\\/2025\\\/01\\\/POST-96x96.png\",\"contentUrl\":\"https:\\\/\\\/smartcherry.cl\\\/wp-content\\\/uploads\\\/2025\\\/01\\\/POST-96x96.png\",\"caption\":\"Beatriz Parra\"},\"url\":\"https:\\\/\\\/smartcherry.cl\\\/en\\\/author\\\/bparra\\\/\"}]}<\/script>\n<!-- \/ Yoast SEO Premium plugin. -->","yoast_head_json":{"title":"Reporte agroclimatol\u00f3gico de diciembre aconseja resolver ecuaci\u00f3n de escasez de lluvias v\/s estr\u00e9s t\u00e9rmico e h\u00eddrico con manejo adecuado de riego - Smartcherry","description":"En el informe encontrar\u00e1n las proyecciones realizadas por el agroclimatol\u00f3logo Patricio Gonz\u00e1lez, quien indica que las altas temperaturas anunciadas para la primera quincena de diciembre debieran tener un impacto en la evapotranspiraci\u00f3n de los cultivos de la zona central del pa\u00eds.","robots":{"index":"index","follow":"follow","max-snippet":"max-snippet:-1","max-image-preview":"max-image-preview:large","max-video-preview":"max-video-preview:-1"},"canonical":"https:\/\/smartcherry.cl\/en\/clima\/reporte-agroclimatologico-de-diciembre-aconseja-resolver-ecuacion-de-escasez-de-lluvias-v-s-estres-termico-e-hidrico-con-manejo-adecuado-de-riego\/","og_locale":"en_US","og_type":"article","og_title":"Reporte agroclimatol\u00f3gico de diciembre aconseja resolver ecuaci\u00f3n de escasez de lluvias v\/s estr\u00e9s t\u00e9rmico e h\u00eddrico con manejo adecuado de riego","og_description":"En el informe encontrar\u00e1n las proyecciones realizadas por el agroclimatol\u00f3logo Patricio Gonz\u00e1lez, quien indica que las altas temperaturas anunciadas para la primera quincena de diciembre debieran tener un impacto en la evapotranspiraci\u00f3n de los cultivos de la zona central del pa\u00eds.","og_url":"https:\/\/smartcherry.cl\/en\/clima\/reporte-agroclimatologico-de-diciembre-aconseja-resolver-ecuacion-de-escasez-de-lluvias-v-s-estres-termico-e-hidrico-con-manejo-adecuado-de-riego\/","og_site_name":"Smartcherry","article_publisher":"https:\/\/web.facebook.com\/SmartCherry.cl\/","article_published_time":"2025-12-03T15:14:36+00:00","article_modified_time":"2025-12-03T15:14:39+00:00","og_image":[{"width":1400,"height":800,"url":"https:\/\/smartcherry.cl\/wp-content\/uploads\/2025\/12\/Patricio-Gonzalez.jpg","type":"image\/jpeg"}],"author":"Beatriz Parra","twitter_card":"summary_large_image","twitter_creator":"@SmartCherry_cl","twitter_site":"@SmartCherry_cl","twitter_misc":{"Written by":"Beatriz Parra","Est. reading time":"3 minutes"},"schema":{"@context":"https:\/\/schema.org","@graph":[{"@type":"Article","@id":"https:\/\/smartcherry.cl\/clima\/reporte-agroclimatologico-de-diciembre-aconseja-resolver-ecuacion-de-escasez-de-lluvias-v-s-estres-termico-e-hidrico-con-manejo-adecuado-de-riego\/#article","isPartOf":{"@id":"https:\/\/smartcherry.cl\/clima\/reporte-agroclimatologico-de-diciembre-aconseja-resolver-ecuacion-de-escasez-de-lluvias-v-s-estres-termico-e-hidrico-con-manejo-adecuado-de-riego\/"},"author":{"name":"Beatriz Parra","@id":"https:\/\/smartcherry.cl\/#\/schema\/person\/604ed44370e96b081064b745ca461407"},"headline":"Reporte agroclimatol\u00f3gico de diciembre aconseja resolver ecuaci\u00f3n de escasez de lluvias v\/s estr\u00e9s t\u00e9rmico e h\u00eddrico con manejo adecuado de riego","datePublished":"2025-12-03T15:14:36+00:00","dateModified":"2025-12-03T15:14:39+00:00","mainEntityOfPage":{"@id":"https:\/\/smartcherry.cl\/clima\/reporte-agroclimatologico-de-diciembre-aconseja-resolver-ecuacion-de-escasez-de-lluvias-v-s-estres-termico-e-hidrico-con-manejo-adecuado-de-riego\/"},"wordCount":585,"publisher":{"@id":"https:\/\/smartcherry.cl\/#organization"},"image":{"@id":"https:\/\/smartcherry.cl\/clima\/reporte-agroclimatologico-de-diciembre-aconseja-resolver-ecuacion-de-escasez-de-lluvias-v-s-estres-termico-e-hidrico-con-manejo-adecuado-de-riego\/#primaryimage"},"thumbnailUrl":"https:\/\/smartcherry.cl\/wp-content\/uploads\/2025\/12\/Patricio-Gonzalez.jpg","keywords":["Patricio Gonz\u00e1lez","reporte agroclim\u00e1tico","diciembre"],"articleSection":["Clima","Noticias"],"inLanguage":"en-US"},{"@type":"WebPage","@id":"https:\/\/smartcherry.cl\/clima\/reporte-agroclimatologico-de-diciembre-aconseja-resolver-ecuacion-de-escasez-de-lluvias-v-s-estres-termico-e-hidrico-con-manejo-adecuado-de-riego\/","url":"https:\/\/smartcherry.cl\/clima\/reporte-agroclimatologico-de-diciembre-aconseja-resolver-ecuacion-de-escasez-de-lluvias-v-s-estres-termico-e-hidrico-con-manejo-adecuado-de-riego\/","name":"Reporte agroclimatol\u00f3gico de diciembre aconseja resolver ecuaci\u00f3n de escasez de lluvias v\/s estr\u00e9s t\u00e9rmico e h\u00eddrico con manejo adecuado de riego - Smartcherry","isPartOf":{"@id":"https:\/\/smartcherry.cl\/#website"},"primaryImageOfPage":{"@id":"https:\/\/smartcherry.cl\/clima\/reporte-agroclimatologico-de-diciembre-aconseja-resolver-ecuacion-de-escasez-de-lluvias-v-s-estres-termico-e-hidrico-con-manejo-adecuado-de-riego\/#primaryimage"},"image":{"@id":"https:\/\/smartcherry.cl\/clima\/reporte-agroclimatologico-de-diciembre-aconseja-resolver-ecuacion-de-escasez-de-lluvias-v-s-estres-termico-e-hidrico-con-manejo-adecuado-de-riego\/#primaryimage"},"thumbnailUrl":"https:\/\/smartcherry.cl\/wp-content\/uploads\/2025\/12\/Patricio-Gonzalez.jpg","datePublished":"2025-12-03T15:14:36+00:00","dateModified":"2025-12-03T15:14:39+00:00","description":"En el informe encontrar\u00e1n las proyecciones realizadas por el agroclimatol\u00f3logo Patricio Gonz\u00e1lez, quien indica que las altas temperaturas anunciadas para la primera quincena de diciembre debieran tener un impacto en la evapotranspiraci\u00f3n de los cultivos de la zona central del pa\u00eds.","breadcrumb":{"@id":"https:\/\/smartcherry.cl\/clima\/reporte-agroclimatologico-de-diciembre-aconseja-resolver-ecuacion-de-escasez-de-lluvias-v-s-estres-termico-e-hidrico-con-manejo-adecuado-de-riego\/#breadcrumb"},"inLanguage":"en-US","potentialAction":[{"@type":"ReadAction","target":["https:\/\/smartcherry.cl\/clima\/reporte-agroclimatologico-de-diciembre-aconseja-resolver-ecuacion-de-escasez-de-lluvias-v-s-estres-termico-e-hidrico-con-manejo-adecuado-de-riego\/"]}]},{"@type":"ImageObject","inLanguage":"en-US","@id":"https:\/\/smartcherry.cl\/clima\/reporte-agroclimatologico-de-diciembre-aconseja-resolver-ecuacion-de-escasez-de-lluvias-v-s-estres-termico-e-hidrico-con-manejo-adecuado-de-riego\/#primaryimage","url":"https:\/\/smartcherry.cl\/wp-content\/uploads\/2025\/12\/Patricio-Gonzalez.jpg","contentUrl":"https:\/\/smartcherry.cl\/wp-content\/uploads\/2025\/12\/Patricio-Gonzalez.jpg","width":1400,"height":800},{"@type":"BreadcrumbList","@id":"https:\/\/smartcherry.cl\/clima\/reporte-agroclimatologico-de-diciembre-aconseja-resolver-ecuacion-de-escasez-de-lluvias-v-s-estres-termico-e-hidrico-con-manejo-adecuado-de-riego\/#breadcrumb","itemListElement":[{"@type":"ListItem","position":1,"name":"Home","item":"https:\/\/smartcherry.cl\/"},{"@type":"ListItem","position":2,"name":"Clima","item":"https:\/\/smartcherry.cl\/category\/clima\/"},{"@type":"ListItem","position":3,"name":"Reporte agroclimatol\u00f3gico de diciembre aconseja resolver ecuaci\u00f3n de escasez de lluvias v\/s estr\u00e9s t\u00e9rmico e h\u00eddrico con manejo adecuado de riego"}]},{"@type":"WebSite","@id":"https:\/\/smartcherry.cl\/#website","url":"https:\/\/smartcherry.cl\/","name":"Smartcherry","description":"Smartcherry Site","publisher":{"@id":"https:\/\/smartcherry.cl\/#organization"},"potentialAction":[{"@type":"SearchAction","target":{"@type":"EntryPoint","urlTemplate":"https:\/\/smartcherry.cl\/?s={search_term_string}"},"query-input":{"@type":"PropertyValueSpecification","valueRequired":true,"valueName":"search_term_string"}}],"inLanguage":"en-US"},{"@type":"Organization","@id":"https:\/\/smartcherry.cl\/#organization","name":"SmartCherry","url":"https:\/\/smartcherry.cl\/","logo":{"@type":"ImageObject","inLanguage":"en-US","@id":"https:\/\/smartcherry.cl\/#\/schema\/logo\/image\/","url":"https:\/\/smartcherry.cl\/wp-content\/uploads\/2022\/02\/logo_smartcherry.png","contentUrl":"https:\/\/smartcherry.cl\/wp-content\/uploads\/2022\/02\/logo_smartcherry.png","width":411,"height":84,"caption":"SmartCherry"},"image":{"@id":"https:\/\/smartcherry.cl\/#\/schema\/logo\/image\/"},"sameAs":["https:\/\/web.facebook.com\/SmartCherry.cl\/","https:\/\/x.com\/SmartCherry_cl","https:\/\/www.linkedin.com\/company\/smartcherry\/","https:\/\/www.instagram.com\/smartcherry_cl\/","https:\/\/www.youtube.com\/channel\/UCe007LfgFFnntDgCcqICbPQ"]},{"@type":"Person","@id":"https:\/\/smartcherry.cl\/#\/schema\/person\/604ed44370e96b081064b745ca461407","name":"Beatriz Parra","image":{"@type":"ImageObject","inLanguage":"en-US","@id":"https:\/\/smartcherry.cl\/wp-content\/uploads\/2025\/01\/POST-96x96.png","url":"https:\/\/smartcherry.cl\/wp-content\/uploads\/2025\/01\/POST-96x96.png","contentUrl":"https:\/\/smartcherry.cl\/wp-content\/uploads\/2025\/01\/POST-96x96.png","caption":"Beatriz Parra"},"url":"https:\/\/smartcherry.cl\/en\/author\/bparra\/"}]}},"_links":{"self":[{"href":"https:\/\/smartcherry.cl\/en\/wp-json\/wp\/v2\/posts\/51546","targetHints":{"allow":["GET"]}}],"collection":[{"href":"https:\/\/smartcherry.cl\/en\/wp-json\/wp\/v2\/posts"}],"about":[{"href":"https:\/\/smartcherry.cl\/en\/wp-json\/wp\/v2\/types\/post"}],"author":[{"embeddable":true,"href":"https:\/\/smartcherry.cl\/en\/wp-json\/wp\/v2\/users\/273"}],"replies":[{"embeddable":true,"href":"https:\/\/smartcherry.cl\/en\/wp-json\/wp\/v2\/comments?post=51546"}],"version-history":[{"count":1,"href":"https:\/\/smartcherry.cl\/en\/wp-json\/wp\/v2\/posts\/51546\/revisions"}],"predecessor-version":[{"id":51550,"href":"https:\/\/smartcherry.cl\/en\/wp-json\/wp\/v2\/posts\/51546\/revisions\/51550"}],"wp:featuredmedia":[{"embeddable":true,"href":"https:\/\/smartcherry.cl\/en\/wp-json\/wp\/v2\/media\/51549"}],"wp:attachment":[{"href":"https:\/\/smartcherry.cl\/en\/wp-json\/wp\/v2\/media?parent=51546"}],"wp:term":[{"taxonomy":"category","embeddable":true,"href":"https:\/\/smartcherry.cl\/en\/wp-json\/wp\/v2\/categories?post=51546"},{"taxonomy":"post_tag","embeddable":true,"href":"https:\/\/smartcherry.cl\/en\/wp-json\/wp\/v2\/tags?post=51546"},{"taxonomy":"category_proveedor","embeddable":true,"href":"https:\/\/smartcherry.cl\/en\/wp-json\/wp\/v2\/category_proveedor?post=51546"},{"taxonomy":"pais","embeddable":true,"href":"https:\/\/smartcherry.cl\/en\/wp-json\/wp\/v2\/pais?post=51546"}],"curies":[{"name":"wp","href":"https:\/\/api.w.org\/{rel}","templated":true}]}}