{"id":51531,"date":"2025-12-03T09:49:15","date_gmt":"2025-12-03T13:49:15","guid":{"rendered":"https:\/\/smartcherry.cl\/?p=51531"},"modified":"2025-12-03T09:49:16","modified_gmt":"2025-12-03T13:49:16","slug":"revisa-el-ultimo-reporte-fenologico-de-la-temporada-2025-2026","status":"publish","type":"post","link":"https:\/\/smartcherry.cl\/en\/clima\/estados-fenologicos\/revisa-el-ultimo-reporte-fenologico-de-la-temporada-2025-2026\/","title":{"rendered":"Revisa el \u00faltimo Reporte Fenol\u00f3gico de la temporada 2025-2026"},"content":{"rendered":"\t\t<div data-elementor-type=\"wp-post\" data-elementor-id=\"51531\" class=\"elementor elementor-51531\" data-elementor-post-type=\"post\">\n\t\t\t\t\t\t<section class=\"elementor-section elementor-top-section elementor-element elementor-element-3eaf6420 elementor-section-boxed elementor-section-height-default elementor-section-height-default\" data-id=\"3eaf6420\" data-element_type=\"section\" data-e-type=\"section\" data-settings=\"{&quot;ekit_has_onepagescroll_dot&quot;:&quot;yes&quot;}\">\n\t\t\t\t\t\t<div class=\"elementor-container elementor-column-gap-default\">\n\t\t\t\t\t<div class=\"elementor-column elementor-col-100 elementor-top-column elementor-element elementor-element-53d927ba\" data-id=\"53d927ba\" data-element_type=\"column\" data-e-type=\"column\">\n\t\t\t<div class=\"elementor-widget-wrap elementor-element-populated\">\n\t\t\t\t\t\t<div class=\"elementor-element elementor-element-63263b3f elementor-widget elementor-widget-text-editor\" data-id=\"63263b3f\" data-element_type=\"widget\" data-e-type=\"widget\" data-settings=\"{&quot;ekit_we_effect_on&quot;:&quot;none&quot;}\" data-widget_type=\"text-editor.default\">\n\t\t\t\t<div class=\"elementor-widget-container\">\n\t\t\t\t\t\t\t\t\t\n<p><strong><em>Te compartimos un nuevo bolet\u00edn preparado por el equipo Avium, donde podr\u00e1s revisar la fenolog\u00eda por zona y variedad, adem\u00e1s de importantes datos agroclimatol\u00f3gicos y otros antecedentes en cuanto a variedades, carga frutal y consejos para un buen manejo en los huertos.<\/em><\/strong><\/p>\n\n\n\n<p>El documento muestra que hasta la semana 48 se registr\u00f3 una disminuci\u00f3n significativa de las temperaturas, condici\u00f3n que redujo la acumulaci\u00f3n t\u00e9rmica durante la maduraci\u00f3n de la cereza. Este menor aporte de grados d\u00eda ha generado, en algunos campos, retrasos respecto de los pron\u00f3sticos de cosecha definidos d\u00edas atr\u00e1s, escenario donde resulta clave mantener un estricto monitoreo de los \u00edndices de color y del contenido de s\u00f3lidos solubles (\u00b0Brix), que contin\u00faan siendo los indicadores m\u00e1s confiables para definir el inicio \u00f3ptimo de cosecha.<\/p>\n\n\n\n<p>Consulta esta actualizaci\u00f3n para mantenerte al d\u00eda con la evoluci\u00f3n fenol\u00f3gica y las condiciones clim\u00e1ticas de la temporada.<\/p>\n\n\n\n<p>Para acceder al reporte, te invitamos a completar el formulario.<\/p>\n\t\t\t\t\t\t\t\t<\/div>\n\t\t\t\t<\/div>\n\t\t\t\t\t<\/div>\n\t\t<\/div>\n\t\t\t\t\t<\/div>\n\t\t<\/section>\n\t\t\t\t<section class=\"elementor-section elementor-top-section elementor-element elementor-element-d4c84d5 elementor-section-boxed elementor-section-height-default elementor-section-height-default\" data-id=\"d4c84d5\" data-element_type=\"section\" data-e-type=\"section\" data-settings=\"{&quot;ekit_has_onepagescroll_dot&quot;:&quot;yes&quot;}\">\n\t\t\t\t\t\t<div class=\"elementor-container elementor-column-gap-default\">\n\t\t\t\t\t<div class=\"elementor-column elementor-col-100 elementor-top-column elementor-element elementor-element-dc65748\" data-id=\"dc65748\" data-element_type=\"column\" data-e-type=\"column\">\n\t\t\t<div class=\"elementor-widget-wrap elementor-element-populated\">\n\t\t\t\t\t\t<div class=\"elementor-element elementor-element-5a4d58a elementor-button-align-stretch elementor-widget elementor-widget-form\" data-id=\"5a4d58a\" data-element_type=\"widget\" data-e-type=\"widget\" data-settings=\"{&quot;step_next_label&quot;:&quot;Siguiente&quot;,&quot;step_previous_label&quot;:&quot;Anterior&quot;,&quot;button_width&quot;:&quot;100&quot;,&quot;step_type&quot;:&quot;number_text&quot;,&quot;step_icon_shape&quot;:&quot;circle&quot;,&quot;ekit_we_effect_on&quot;:&quot;none&quot;}\" data-widget_type=\"form.default\">\n\t\t\t\t<div class=\"elementor-widget-container\">\n\t\t\t\t\t\t\t<form class=\"elementor-form\" method=\"post\" name=\"Nuevo formulario\" aria-label=\"Nuevo formulario\">\n\t\t\t<input type=\"hidden\" name=\"post_id\" value=\"51531\"\/>\n\t\t\t<input type=\"hidden\" name=\"form_id\" value=\"5a4d58a\"\/>\n\t\t\t<input type=\"hidden\" name=\"referer_title\" value=\"Revisa el \u00faltimo Reporte Fenol\u00f3gico de la temporada 2025-2026 - Smartcherry\" \/>\n\n\t\t\t\t\t\t\t<input type=\"hidden\" name=\"queried_id\" value=\"51531\"\/>\n\t\t\t\n\t\t\t<div class=\"elementor-form-fields-wrapper elementor-labels-\">\n\t\t\t\t\t\t\t\t<div class=\"elementor-field-type-text elementor-field-group elementor-column elementor-field-group-name elementor-col-100 elementor-field-required\">\n\t\t\t\t\t\t\t\t\t\t\t\t<label for=\"form-field-name\" class=\"elementor-field-label elementor-screen-only\">\n\t\t\t\t\t\t\t\tNombre\t\t\t\t\t\t\t<\/label>\n\t\t\t\t\t\t\t\t\t\t\t\t\t\t<input size=\"1\" type=\"text\" name=\"form_fields[name]\" id=\"form-field-name\" class=\"elementor-field elementor-size-md  elementor-field-textual\" placeholder=\"Nombre\" required=\"required\">\n\t\t\t\t\t\t\t\t\t\t\t<\/div>\n\t\t\t\t\t\t\t\t<div class=\"elementor-field-type-email elementor-field-group elementor-column elementor-field-group-email elementor-col-100 elementor-field-required\">\n\t\t\t\t\t\t\t\t\t\t\t\t<label for=\"form-field-email\" class=\"elementor-field-label elementor-screen-only\">\n\t\t\t\t\t\t\t\tCorreo electr\u00f3nico\t\t\t\t\t\t\t<\/label>\n\t\t\t\t\t\t\t\t\t\t\t\t\t\t<input size=\"1\" type=\"email\" name=\"form_fields[email]\" id=\"form-field-email\" class=\"elementor-field elementor-size-md  elementor-field-textual\" placeholder=\"Correo electr\u00f3nico\" required=\"required\">\n\t\t\t\t\t\t\t\t\t\t\t<\/div>\n\t\t\t\t\t\t\t\t<div class=\"elementor-field-group elementor-column elementor-field-type-submit elementor-col-100 e-form__buttons\">\n\t\t\t\t\t<button class=\"elementor-button elementor-size-lg\" type=\"submit\" id=\"boton-reporte\">\n\t\t\t\t\t\t<span class=\"elementor-button-content-wrapper\">\n\t\t\t\t\t\t\t\t\t\t\t\t\t\t\t<span class=\"elementor-button-icon\">\n\t\t\t\t\t\t\t\t\t<i aria-hidden=\"true\" class=\"fas fa-file-download\"><\/i>\t\t\t\t\t\t\t\t\t\t\t\t\t\t\t\t\t<\/span>\n\t\t\t\t\t\t\t\t\t\t\t\t\t\t\t\t\t\t\t\t\t\t<span class=\"elementor-button-text\">Descargar<\/span>\n\t\t\t\t\t\t\t\t\t\t\t\t\t<\/span>\n\t\t\t\t\t<\/button>\n\t\t\t\t<\/div>\n\t\t\t<\/div>\n\t\t<\/form>\n\t\t\t\t\t\t<\/div>\n\t\t\t\t<\/div>\n\t\t\t\t\t<\/div>\n\t\t<\/div>\n\t\t\t\t\t<\/div>\n\t\t<\/section>\n\t\t\t\t<\/div>\n\t\t","protected":false},"excerpt":{"rendered":"<p>Revisa una nueva actualizaci\u00f3n del reporte, correspondiente a la semana 48.<\/p>","protected":false},"author":273,"featured_media":51533,"comment_status":"closed","ping_status":"open","sticky":false,"template":"","format":"standard","meta":{"_acf_changed":false,"inline_featured_image":false,"footnotes":""},"categories":[241,430],"tags":[120,276,372,4104],"category_proveedor":[],"pais":[],"class_list":["post-51531","post","type-post","status-publish","format-standard","has-post-thumbnail","hentry","category-estados-fenologicos","category-clima","tag-avium","tag-reporte-fenologico","tag-semana-48","tag-temporada-2025-2026"],"acf":[],"yoast_head":"<!-- This site is optimized with the Yoast SEO Premium plugin v21.3 (Yoast SEO v27.3) - https:\/\/yoast.com\/product\/yoast-seo-premium-wordpress\/ -->\n<title>Revisa el \u00faltimo Reporte Fenol\u00f3gico de la temporada 2025-2026 - Smartcherry<\/title>\n<meta name=\"description\" content=\"Te compartimos un nuevo bolet\u00edn preparado por el equipo Avium, donde podr\u00e1s revisar la fenolog\u00eda por zona y variedad, adem\u00e1s de importantes datos agroclimatol\u00f3gicos y otros antecedentes en cuanto a variedades, carga frutal y consejos para un buen manejo en los huertos.\" \/>\n<meta name=\"robots\" content=\"index, follow, max-snippet:-1, max-image-preview:large, max-video-preview:-1\" \/>\n<link rel=\"canonical\" href=\"https:\/\/smartcherry.cl\/en\/clima\/estados-fenologicos\/revisa-el-ultimo-reporte-fenologico-de-la-temporada-2025-2026\/\" \/>\n<meta property=\"og:locale\" content=\"en_US\" \/>\n<meta property=\"og:type\" content=\"article\" \/>\n<meta property=\"og:title\" content=\"Revisa el \u00faltimo Reporte Fenol\u00f3gico de la temporada 2025-2026\" \/>\n<meta property=\"og:description\" content=\"Te compartimos un nuevo bolet\u00edn preparado por el equipo Avium, donde podr\u00e1s revisar la fenolog\u00eda por zona y variedad, adem\u00e1s de importantes datos agroclimatol\u00f3gicos y otros antecedentes en cuanto a variedades, carga frutal y consejos para un buen manejo en los huertos.\" \/>\n<meta property=\"og:url\" content=\"https:\/\/smartcherry.cl\/en\/clima\/estados-fenologicos\/revisa-el-ultimo-reporte-fenologico-de-la-temporada-2025-2026\/\" \/>\n<meta property=\"og:site_name\" content=\"Smartcherry\" \/>\n<meta property=\"article:publisher\" content=\"https:\/\/web.facebook.com\/SmartCherry.cl\/\" \/>\n<meta property=\"article:published_time\" content=\"2025-12-03T13:49:15+00:00\" \/>\n<meta property=\"article:modified_time\" content=\"2025-12-03T13:49:16+00:00\" \/>\n<meta property=\"og:image\" content=\"https:\/\/smartcherry.cl\/wp-content\/uploads\/2025\/12\/Reporte-fenologico_variedades.jpeg\" \/>\n\t<meta property=\"og:image:width\" content=\"1200\" \/>\n\t<meta property=\"og:image:height\" content=\"600\" \/>\n\t<meta property=\"og:image:type\" content=\"image\/jpeg\" \/>\n<meta name=\"author\" content=\"Beatriz Parra\" \/>\n<meta name=\"twitter:card\" content=\"summary_large_image\" \/>\n<meta name=\"twitter:creator\" content=\"@SmartCherry_cl\" \/>\n<meta name=\"twitter:site\" content=\"@SmartCherry_cl\" \/>\n<meta name=\"twitter:label1\" content=\"Written by\" \/>\n\t<meta name=\"twitter:data1\" content=\"Beatriz Parra\" \/>\n\t<meta name=\"twitter:label2\" content=\"Est. reading time\" \/>\n\t<meta name=\"twitter:data2\" content=\"1 minute\" \/>\n<script type=\"application\/ld+json\" class=\"yoast-schema-graph\">{\"@context\":\"https:\\\/\\\/schema.org\",\"@graph\":[{\"@type\":\"Article\",\"@id\":\"https:\\\/\\\/smartcherry.cl\\\/clima\\\/estados-fenologicos\\\/revisa-el-ultimo-reporte-fenologico-de-la-temporada-2025-2026\\\/#article\",\"isPartOf\":{\"@id\":\"https:\\\/\\\/smartcherry.cl\\\/clima\\\/estados-fenologicos\\\/revisa-el-ultimo-reporte-fenologico-de-la-temporada-2025-2026\\\/\"},\"author\":{\"name\":\"Beatriz Parra\",\"@id\":\"https:\\\/\\\/smartcherry.cl\\\/#\\\/schema\\\/person\\\/604ed44370e96b081064b745ca461407\"},\"headline\":\"Revisa el \u00faltimo Reporte Fenol\u00f3gico de la temporada 2025-2026\",\"datePublished\":\"2025-12-03T13:49:15+00:00\",\"dateModified\":\"2025-12-03T13:49:16+00:00\",\"mainEntityOfPage\":{\"@id\":\"https:\\\/\\\/smartcherry.cl\\\/clima\\\/estados-fenologicos\\\/revisa-el-ultimo-reporte-fenologico-de-la-temporada-2025-2026\\\/\"},\"wordCount\":184,\"publisher\":{\"@id\":\"https:\\\/\\\/smartcherry.cl\\\/#organization\"},\"image\":{\"@id\":\"https:\\\/\\\/smartcherry.cl\\\/clima\\\/estados-fenologicos\\\/revisa-el-ultimo-reporte-fenologico-de-la-temporada-2025-2026\\\/#primaryimage\"},\"thumbnailUrl\":\"https:\\\/\\\/smartcherry.cl\\\/wp-content\\\/uploads\\\/2025\\\/12\\\/Reporte-fenologico_variedades.jpeg\",\"keywords\":[\"Avium\",\"reporte fenol\u00f3gico\",\"semana 48\",\"temporada 2025-2026\"],\"articleSection\":[\"Estados fenol\u00f3gicos\",\"Clima\"],\"inLanguage\":\"en-US\"},{\"@type\":\"WebPage\",\"@id\":\"https:\\\/\\\/smartcherry.cl\\\/clima\\\/estados-fenologicos\\\/revisa-el-ultimo-reporte-fenologico-de-la-temporada-2025-2026\\\/\",\"url\":\"https:\\\/\\\/smartcherry.cl\\\/clima\\\/estados-fenologicos\\\/revisa-el-ultimo-reporte-fenologico-de-la-temporada-2025-2026\\\/\",\"name\":\"Revisa el \u00faltimo Reporte Fenol\u00f3gico de la temporada 2025-2026 - Smartcherry\",\"isPartOf\":{\"@id\":\"https:\\\/\\\/smartcherry.cl\\\/#website\"},\"primaryImageOfPage\":{\"@id\":\"https:\\\/\\\/smartcherry.cl\\\/clima\\\/estados-fenologicos\\\/revisa-el-ultimo-reporte-fenologico-de-la-temporada-2025-2026\\\/#primaryimage\"},\"image\":{\"@id\":\"https:\\\/\\\/smartcherry.cl\\\/clima\\\/estados-fenologicos\\\/revisa-el-ultimo-reporte-fenologico-de-la-temporada-2025-2026\\\/#primaryimage\"},\"thumbnailUrl\":\"https:\\\/\\\/smartcherry.cl\\\/wp-content\\\/uploads\\\/2025\\\/12\\\/Reporte-fenologico_variedades.jpeg\",\"datePublished\":\"2025-12-03T13:49:15+00:00\",\"dateModified\":\"2025-12-03T13:49:16+00:00\",\"description\":\"Te compartimos un nuevo bolet\u00edn preparado por el equipo Avium, donde podr\u00e1s revisar la fenolog\u00eda por zona y variedad, adem\u00e1s de importantes datos agroclimatol\u00f3gicos y otros antecedentes en cuanto a variedades, carga frutal y consejos para un buen manejo en los huertos.\",\"breadcrumb\":{\"@id\":\"https:\\\/\\\/smartcherry.cl\\\/clima\\\/estados-fenologicos\\\/revisa-el-ultimo-reporte-fenologico-de-la-temporada-2025-2026\\\/#breadcrumb\"},\"inLanguage\":\"en-US\",\"potentialAction\":[{\"@type\":\"ReadAction\",\"target\":[\"https:\\\/\\\/smartcherry.cl\\\/clima\\\/estados-fenologicos\\\/revisa-el-ultimo-reporte-fenologico-de-la-temporada-2025-2026\\\/\"]}]},{\"@type\":\"ImageObject\",\"inLanguage\":\"en-US\",\"@id\":\"https:\\\/\\\/smartcherry.cl\\\/clima\\\/estados-fenologicos\\\/revisa-el-ultimo-reporte-fenologico-de-la-temporada-2025-2026\\\/#primaryimage\",\"url\":\"https:\\\/\\\/smartcherry.cl\\\/wp-content\\\/uploads\\\/2025\\\/12\\\/Reporte-fenologico_variedades.jpeg\",\"contentUrl\":\"https:\\\/\\\/smartcherry.cl\\\/wp-content\\\/uploads\\\/2025\\\/12\\\/Reporte-fenologico_variedades.jpeg\",\"width\":1200,\"height\":600},{\"@type\":\"BreadcrumbList\",\"@id\":\"https:\\\/\\\/smartcherry.cl\\\/clima\\\/estados-fenologicos\\\/revisa-el-ultimo-reporte-fenologico-de-la-temporada-2025-2026\\\/#breadcrumb\",\"itemListElement\":[{\"@type\":\"ListItem\",\"position\":1,\"name\":\"Home\",\"item\":\"https:\\\/\\\/smartcherry.cl\\\/\"},{\"@type\":\"ListItem\",\"position\":2,\"name\":\"Clima\",\"item\":\"https:\\\/\\\/smartcherry.cl\\\/category\\\/clima\\\/\"},{\"@type\":\"ListItem\",\"position\":3,\"name\":\"Estados fenol\u00f3gicos\",\"item\":\"https:\\\/\\\/smartcherry.cl\\\/category\\\/clima\\\/estados-fenologicos\\\/\"},{\"@type\":\"ListItem\",\"position\":4,\"name\":\"Revisa el \u00faltimo Reporte Fenol\u00f3gico de la temporada 2025-2026\"}]},{\"@type\":\"WebSite\",\"@id\":\"https:\\\/\\\/smartcherry.cl\\\/#website\",\"url\":\"https:\\\/\\\/smartcherry.cl\\\/\",\"name\":\"Smartcherry\",\"description\":\"Sitio de Smartcherry\",\"publisher\":{\"@id\":\"https:\\\/\\\/smartcherry.cl\\\/#organization\"},\"potentialAction\":[{\"@type\":\"SearchAction\",\"target\":{\"@type\":\"EntryPoint\",\"urlTemplate\":\"https:\\\/\\\/smartcherry.cl\\\/?s={search_term_string}\"},\"query-input\":{\"@type\":\"PropertyValueSpecification\",\"valueRequired\":true,\"valueName\":\"search_term_string\"}}],\"inLanguage\":\"en-US\"},{\"@type\":\"Organization\",\"@id\":\"https:\\\/\\\/smartcherry.cl\\\/#organization\",\"name\":\"SmartCherry\",\"url\":\"https:\\\/\\\/smartcherry.cl\\\/\",\"logo\":{\"@type\":\"ImageObject\",\"inLanguage\":\"en-US\",\"@id\":\"https:\\\/\\\/smartcherry.cl\\\/#\\\/schema\\\/logo\\\/image\\\/\",\"url\":\"https:\\\/\\\/smartcherry.cl\\\/wp-content\\\/uploads\\\/2022\\\/02\\\/logo_smartcherry.png\",\"contentUrl\":\"https:\\\/\\\/smartcherry.cl\\\/wp-content\\\/uploads\\\/2022\\\/02\\\/logo_smartcherry.png\",\"width\":411,\"height\":84,\"caption\":\"SmartCherry\"},\"image\":{\"@id\":\"https:\\\/\\\/smartcherry.cl\\\/#\\\/schema\\\/logo\\\/image\\\/\"},\"sameAs\":[\"https:\\\/\\\/web.facebook.com\\\/SmartCherry.cl\\\/\",\"https:\\\/\\\/x.com\\\/SmartCherry_cl\",\"https:\\\/\\\/www.linkedin.com\\\/company\\\/smartcherry\\\/\",\"https:\\\/\\\/www.instagram.com\\\/smartcherry_cl\\\/\",\"https:\\\/\\\/www.youtube.com\\\/channel\\\/UCe007LfgFFnntDgCcqICbPQ\"]},{\"@type\":\"Person\",\"@id\":\"https:\\\/\\\/smartcherry.cl\\\/#\\\/schema\\\/person\\\/604ed44370e96b081064b745ca461407\",\"name\":\"Beatriz Parra\",\"image\":{\"@type\":\"ImageObject\",\"inLanguage\":\"en-US\",\"@id\":\"https:\\\/\\\/smartcherry.cl\\\/wp-content\\\/uploads\\\/2025\\\/01\\\/POST-96x96.png\",\"url\":\"https:\\\/\\\/smartcherry.cl\\\/wp-content\\\/uploads\\\/2025\\\/01\\\/POST-96x96.png\",\"contentUrl\":\"https:\\\/\\\/smartcherry.cl\\\/wp-content\\\/uploads\\\/2025\\\/01\\\/POST-96x96.png\",\"caption\":\"Beatriz Parra\"},\"url\":\"https:\\\/\\\/smartcherry.cl\\\/en\\\/author\\\/bparra\\\/\"}]}<\/script>\n<!-- \/ Yoast SEO Premium plugin. -->","yoast_head_json":{"title":"Revisa el \u00faltimo Reporte Fenol\u00f3gico de la temporada 2025-2026 - Smartcherry","description":"Te compartimos un nuevo bolet\u00edn preparado por el equipo Avium, donde podr\u00e1s revisar la fenolog\u00eda por zona y variedad, adem\u00e1s de importantes datos agroclimatol\u00f3gicos y otros antecedentes en cuanto a variedades, carga frutal y consejos para un buen manejo en los huertos.","robots":{"index":"index","follow":"follow","max-snippet":"max-snippet:-1","max-image-preview":"max-image-preview:large","max-video-preview":"max-video-preview:-1"},"canonical":"https:\/\/smartcherry.cl\/en\/clima\/estados-fenologicos\/revisa-el-ultimo-reporte-fenologico-de-la-temporada-2025-2026\/","og_locale":"en_US","og_type":"article","og_title":"Revisa el \u00faltimo Reporte Fenol\u00f3gico de la temporada 2025-2026","og_description":"Te compartimos un nuevo bolet\u00edn preparado por el equipo Avium, donde podr\u00e1s revisar la fenolog\u00eda por zona y variedad, adem\u00e1s de importantes datos agroclimatol\u00f3gicos y otros antecedentes en cuanto a variedades, carga frutal y consejos para un buen manejo en los huertos.","og_url":"https:\/\/smartcherry.cl\/en\/clima\/estados-fenologicos\/revisa-el-ultimo-reporte-fenologico-de-la-temporada-2025-2026\/","og_site_name":"Smartcherry","article_publisher":"https:\/\/web.facebook.com\/SmartCherry.cl\/","article_published_time":"2025-12-03T13:49:15+00:00","article_modified_time":"2025-12-03T13:49:16+00:00","og_image":[{"width":1200,"height":600,"url":"https:\/\/smartcherry.cl\/wp-content\/uploads\/2025\/12\/Reporte-fenologico_variedades.jpeg","type":"image\/jpeg"}],"author":"Beatriz Parra","twitter_card":"summary_large_image","twitter_creator":"@SmartCherry_cl","twitter_site":"@SmartCherry_cl","twitter_misc":{"Written by":"Beatriz Parra","Est. reading time":"1 minute"},"schema":{"@context":"https:\/\/schema.org","@graph":[{"@type":"Article","@id":"https:\/\/smartcherry.cl\/clima\/estados-fenologicos\/revisa-el-ultimo-reporte-fenologico-de-la-temporada-2025-2026\/#article","isPartOf":{"@id":"https:\/\/smartcherry.cl\/clima\/estados-fenologicos\/revisa-el-ultimo-reporte-fenologico-de-la-temporada-2025-2026\/"},"author":{"name":"Beatriz Parra","@id":"https:\/\/smartcherry.cl\/#\/schema\/person\/604ed44370e96b081064b745ca461407"},"headline":"Revisa el \u00faltimo Reporte Fenol\u00f3gico de la temporada 2025-2026","datePublished":"2025-12-03T13:49:15+00:00","dateModified":"2025-12-03T13:49:16+00:00","mainEntityOfPage":{"@id":"https:\/\/smartcherry.cl\/clima\/estados-fenologicos\/revisa-el-ultimo-reporte-fenologico-de-la-temporada-2025-2026\/"},"wordCount":184,"publisher":{"@id":"https:\/\/smartcherry.cl\/#organization"},"image":{"@id":"https:\/\/smartcherry.cl\/clima\/estados-fenologicos\/revisa-el-ultimo-reporte-fenologico-de-la-temporada-2025-2026\/#primaryimage"},"thumbnailUrl":"https:\/\/smartcherry.cl\/wp-content\/uploads\/2025\/12\/Reporte-fenologico_variedades.jpeg","keywords":["Avium","reporte fenol\u00f3gico","semana 48","temporada 2025-2026"],"articleSection":["Estados fenol\u00f3gicos","Clima"],"inLanguage":"en-US"},{"@type":"WebPage","@id":"https:\/\/smartcherry.cl\/clima\/estados-fenologicos\/revisa-el-ultimo-reporte-fenologico-de-la-temporada-2025-2026\/","url":"https:\/\/smartcherry.cl\/clima\/estados-fenologicos\/revisa-el-ultimo-reporte-fenologico-de-la-temporada-2025-2026\/","name":"Revisa el \u00faltimo Reporte Fenol\u00f3gico de la temporada 2025-2026 - Smartcherry","isPartOf":{"@id":"https:\/\/smartcherry.cl\/#website"},"primaryImageOfPage":{"@id":"https:\/\/smartcherry.cl\/clima\/estados-fenologicos\/revisa-el-ultimo-reporte-fenologico-de-la-temporada-2025-2026\/#primaryimage"},"image":{"@id":"https:\/\/smartcherry.cl\/clima\/estados-fenologicos\/revisa-el-ultimo-reporte-fenologico-de-la-temporada-2025-2026\/#primaryimage"},"thumbnailUrl":"https:\/\/smartcherry.cl\/wp-content\/uploads\/2025\/12\/Reporte-fenologico_variedades.jpeg","datePublished":"2025-12-03T13:49:15+00:00","dateModified":"2025-12-03T13:49:16+00:00","description":"Te compartimos un nuevo bolet\u00edn preparado por el equipo Avium, donde podr\u00e1s revisar la fenolog\u00eda por zona y variedad, adem\u00e1s de importantes datos agroclimatol\u00f3gicos y otros antecedentes en cuanto a variedades, carga frutal y consejos para un buen manejo en los huertos.","breadcrumb":{"@id":"https:\/\/smartcherry.cl\/clima\/estados-fenologicos\/revisa-el-ultimo-reporte-fenologico-de-la-temporada-2025-2026\/#breadcrumb"},"inLanguage":"en-US","potentialAction":[{"@type":"ReadAction","target":["https:\/\/smartcherry.cl\/clima\/estados-fenologicos\/revisa-el-ultimo-reporte-fenologico-de-la-temporada-2025-2026\/"]}]},{"@type":"ImageObject","inLanguage":"en-US","@id":"https:\/\/smartcherry.cl\/clima\/estados-fenologicos\/revisa-el-ultimo-reporte-fenologico-de-la-temporada-2025-2026\/#primaryimage","url":"https:\/\/smartcherry.cl\/wp-content\/uploads\/2025\/12\/Reporte-fenologico_variedades.jpeg","contentUrl":"https:\/\/smartcherry.cl\/wp-content\/uploads\/2025\/12\/Reporte-fenologico_variedades.jpeg","width":1200,"height":600},{"@type":"BreadcrumbList","@id":"https:\/\/smartcherry.cl\/clima\/estados-fenologicos\/revisa-el-ultimo-reporte-fenologico-de-la-temporada-2025-2026\/#breadcrumb","itemListElement":[{"@type":"ListItem","position":1,"name":"Home","item":"https:\/\/smartcherry.cl\/"},{"@type":"ListItem","position":2,"name":"Clima","item":"https:\/\/smartcherry.cl\/category\/clima\/"},{"@type":"ListItem","position":3,"name":"Estados fenol\u00f3gicos","item":"https:\/\/smartcherry.cl\/category\/clima\/estados-fenologicos\/"},{"@type":"ListItem","position":4,"name":"Revisa el \u00faltimo Reporte Fenol\u00f3gico de la temporada 2025-2026"}]},{"@type":"WebSite","@id":"https:\/\/smartcherry.cl\/#website","url":"https:\/\/smartcherry.cl\/","name":"Smartcherry","description":"Smartcherry Site","publisher":{"@id":"https:\/\/smartcherry.cl\/#organization"},"potentialAction":[{"@type":"SearchAction","target":{"@type":"EntryPoint","urlTemplate":"https:\/\/smartcherry.cl\/?s={search_term_string}"},"query-input":{"@type":"PropertyValueSpecification","valueRequired":true,"valueName":"search_term_string"}}],"inLanguage":"en-US"},{"@type":"Organization","@id":"https:\/\/smartcherry.cl\/#organization","name":"SmartCherry","url":"https:\/\/smartcherry.cl\/","logo":{"@type":"ImageObject","inLanguage":"en-US","@id":"https:\/\/smartcherry.cl\/#\/schema\/logo\/image\/","url":"https:\/\/smartcherry.cl\/wp-content\/uploads\/2022\/02\/logo_smartcherry.png","contentUrl":"https:\/\/smartcherry.cl\/wp-content\/uploads\/2022\/02\/logo_smartcherry.png","width":411,"height":84,"caption":"SmartCherry"},"image":{"@id":"https:\/\/smartcherry.cl\/#\/schema\/logo\/image\/"},"sameAs":["https:\/\/web.facebook.com\/SmartCherry.cl\/","https:\/\/x.com\/SmartCherry_cl","https:\/\/www.linkedin.com\/company\/smartcherry\/","https:\/\/www.instagram.com\/smartcherry_cl\/","https:\/\/www.youtube.com\/channel\/UCe007LfgFFnntDgCcqICbPQ"]},{"@type":"Person","@id":"https:\/\/smartcherry.cl\/#\/schema\/person\/604ed44370e96b081064b745ca461407","name":"Beatriz Parra","image":{"@type":"ImageObject","inLanguage":"en-US","@id":"https:\/\/smartcherry.cl\/wp-content\/uploads\/2025\/01\/POST-96x96.png","url":"https:\/\/smartcherry.cl\/wp-content\/uploads\/2025\/01\/POST-96x96.png","contentUrl":"https:\/\/smartcherry.cl\/wp-content\/uploads\/2025\/01\/POST-96x96.png","caption":"Beatriz Parra"},"url":"https:\/\/smartcherry.cl\/en\/author\/bparra\/"}]}},"_links":{"self":[{"href":"https:\/\/smartcherry.cl\/en\/wp-json\/wp\/v2\/posts\/51531","targetHints":{"allow":["GET"]}}],"collection":[{"href":"https:\/\/smartcherry.cl\/en\/wp-json\/wp\/v2\/posts"}],"about":[{"href":"https:\/\/smartcherry.cl\/en\/wp-json\/wp\/v2\/types\/post"}],"author":[{"embeddable":true,"href":"https:\/\/smartcherry.cl\/en\/wp-json\/wp\/v2\/users\/273"}],"replies":[{"embeddable":true,"href":"https:\/\/smartcherry.cl\/en\/wp-json\/wp\/v2\/comments?post=51531"}],"version-history":[{"count":7,"href":"https:\/\/smartcherry.cl\/en\/wp-json\/wp\/v2\/posts\/51531\/revisions"}],"predecessor-version":[{"id":51542,"href":"https:\/\/smartcherry.cl\/en\/wp-json\/wp\/v2\/posts\/51531\/revisions\/51542"}],"wp:featuredmedia":[{"embeddable":true,"href":"https:\/\/smartcherry.cl\/en\/wp-json\/wp\/v2\/media\/51533"}],"wp:attachment":[{"href":"https:\/\/smartcherry.cl\/en\/wp-json\/wp\/v2\/media?parent=51531"}],"wp:term":[{"taxonomy":"category","embeddable":true,"href":"https:\/\/smartcherry.cl\/en\/wp-json\/wp\/v2\/categories?post=51531"},{"taxonomy":"post_tag","embeddable":true,"href":"https:\/\/smartcherry.cl\/en\/wp-json\/wp\/v2\/tags?post=51531"},{"taxonomy":"category_proveedor","embeddable":true,"href":"https:\/\/smartcherry.cl\/en\/wp-json\/wp\/v2\/category_proveedor?post=51531"},{"taxonomy":"pais","embeddable":true,"href":"https:\/\/smartcherry.cl\/en\/wp-json\/wp\/v2\/pais?post=51531"}],"curies":[{"name":"wp","href":"https:\/\/api.w.org\/{rel}","templated":true}]}}