{"id":49190,"date":"2025-09-16T07:49:15","date_gmt":"2025-09-16T11:49:15","guid":{"rendered":"https:\/\/smartcherry.cl\/?p=49190"},"modified":"2025-09-16T07:49:16","modified_gmt":"2025-09-16T11:49:16","slug":"san-jorge-packaging-refuerza-su-compromiso-con-la-educacion-y-la-innovacion-en-el-liceo-agricola-de-molina","status":"publish","type":"post","link":"https:\/\/smartcherry.cl\/en\/noticias\/san-jorge-packaging-refuerza-su-compromiso-con-la-educacion-y-la-innovacion-en-el-liceo-agricola-de-molina\/","title":{"rendered":"San Jorge Packaging refuerza su compromiso con la educaci\u00f3n y la innovaci\u00f3n en el Liceo Agr\u00edcola de Molina"},"content":{"rendered":"<p class=\"wp-block-paragraph\">Hace algunos d\u00edas, <strong>San Jorge Packaging<\/strong> realiz\u00f3 una jornada de <strong>Vinculaci\u00f3n con el Medio<\/strong> dirigida a los estudiantes de los tres cuartos medios del <strong>Liceo Agr\u00edcola de Molina<\/strong>, con el objetivo de acercarlos a las tecnolog\u00edas m\u00e1s innovadoras en la industria del embalaje para frutas frescas.<\/p>\n\n\n\n<p class=\"wp-block-paragraph\">La actividad consisti\u00f3 en <strong>tres charlas impartidas por el equipo de Post Venta Gases<\/strong>, a cargo de <strong>Tania Vallejos y Andr\u00e9s Marchant<\/strong>, quienes explicaron conceptos clave sobre <strong>packaging<\/strong>, sustentabilidad y la tecnolog\u00eda <strong>MAP (Modified Atmosphere Packaging)<\/strong> aplicada en el envase <strong>Freshfresh<\/strong>, soluci\u00f3n que permite mantener la fruta en \u00f3ptimas condiciones durante su transporte y exportaci\u00f3n.<\/p>\n\n\n\n<p class=\"wp-block-paragraph\">Durante las charlas, los estudiantes demostraron un alto nivel de inter\u00e9s, realizando preguntas sobre temas como el cuidado del medio ambiente, la gesti\u00f3n de pl\u00e1sticos y las posibles alternativas ante futuros cambios normativos. Uno de los momentos m\u00e1s llamativos fue la presentaci\u00f3n de im\u00e1genes reales del estado de la fruta al llegar a destino, lo que dej\u00f3 en evidencia la relevancia del embalaje para garantizar la calidad del producto final.<\/p>\n\n\n\n<figure class=\"wp-block-image size-large\"><img fetchpriority=\"high\" decoding=\"async\" width=\"1024\" height=\"768\" src=\"https:\/\/smartcherry.cl\/wp-content\/uploads\/2025\/09\/Escuela-Agricola-de-Molina-10-1-1024x768.jpg\" alt=\"\" class=\"wp-image-49192\" srcset=\"https:\/\/smartcherry.cl\/wp-content\/uploads\/2025\/09\/Escuela-Agricola-de-Molina-10-1-1024x768.jpg 1024w, https:\/\/smartcherry.cl\/wp-content\/uploads\/2025\/09\/Escuela-Agricola-de-Molina-10-1-300x225.jpg 300w, https:\/\/smartcherry.cl\/wp-content\/uploads\/2025\/09\/Escuela-Agricola-de-Molina-10-1-768x576.jpg 768w, https:\/\/smartcherry.cl\/wp-content\/uploads\/2025\/09\/Escuela-Agricola-de-Molina-10-1-16x12.jpg 16w, https:\/\/smartcherry.cl\/wp-content\/uploads\/2025\/09\/Escuela-Agricola-de-Molina-10-1.jpg 1280w\" sizes=\"(max-width: 1024px) 100vw, 1024px\" \/><\/figure>\n\n\n\n<p class=\"wp-block-paragraph\"><strong>APOYANDO EL FUTURO DEL AGRO CHILENO<\/strong><\/p>\n\n\n\n<p class=\"wp-block-paragraph\"><strong>\u201cSon muy creativos, se interesaron mucho en el cuidado del medio ambiente, y tambi\u00e9n hicieron preguntas muy buenas\u201d,<\/strong> coment\u00f3 un integrante del equipo de San Jorge Packaging respecto a los alumnos que asistieron a las charlas.<\/p>\n\n\n\n<p class=\"wp-block-paragraph\">Por su parte, la organizadora de la actividad destac\u00f3 el impacto positivo de la iniciativa:<\/p>\n\n\n\n<p class=\"wp-block-paragraph\"><strong>\u201cEl equipo de San Jorge Packaging fue muy din\u00e1mico, logrando captar la atenci\u00f3n e inter\u00e9s de los alumnos. Las autoridades del liceo tambi\u00e9n estaban entusiasmadas con esta conexi\u00f3n, pensando en los desaf\u00edos que nos prepara la temporada y en c\u00f3mo debemos prepararnos\u201d<\/strong>, he noted.<\/p>\n\n\n\n<p class=\"wp-block-paragraph\">Esta experiencia refuerza el compromiso de <strong>San Jorge Packaging<\/strong> con la <strong>educaci\u00f3n, la innovaci\u00f3n y la sostenibilidad<\/strong>, conectando a las futuras generaciones con las soluciones que transforman la industria agr\u00edcola y contribuyen a un manejo m\u00e1s eficiente y responsable de los recursos.<\/p>\n\n\n\n<div class=\"wp-block-buttons is-content-justification-center is-layout-flex wp-container-core-buttons-is-layout-3e41869c wp-block-buttons-is-layout-flex\">\n<div class=\"wp-block-button\"><a class=\"wp-block-button__link has-white-color has-text-color has-link-color wp-element-button\" href=\"https:\/\/smartcherry.cl\/en\/proveedores\/san-jorge-packaging\/\">More about San Jorge Packaging<\/a><\/div>\n<\/div>\n\n\n\n<p class=\"wp-block-paragraph\"><\/p>","protected":false},"excerpt":{"rendered":"<p>Hace algunos d\u00edas, San Jorge Packaging realiz\u00f3 una jornada de Vinculaci\u00f3n con el Medio dirigida a los estudiantes de los tres cuartos medios del Liceo Agr\u00edcola de Molina, con el [&hellip;]<\/p>\n","protected":false},"author":274,"featured_media":49191,"comment_status":"closed","ping_status":"open","sticky":false,"template":"","format":"standard","meta":{"_acf_changed":false,"inline_featured_image":false,"footnotes":""},"categories":[35],"tags":[108,178,1558,3447],"category_proveedor":[],"pais":[],"class_list":["post-49190","post","type-post","status-publish","format-standard","has-post-thumbnail","hentry","category-noticias","tag-cerezas","tag-smartcherry","tag-not-prov","tag-san-jorge-packaging"],"acf":[],"yoast_head":"<!-- This site is optimized with the Yoast SEO Premium plugin v21.3 (Yoast SEO v28.3) - https:\/\/yoast.com\/product\/yoast-seo-premium-wordpress\/ -->\n<title>San Jorge Packaging refuerza su compromiso con la educaci\u00f3n y la innovaci\u00f3n en el Liceo Agr\u00edcola de Molina - Smartcherry<\/title>\n<meta name=\"robots\" content=\"index, follow, max-snippet:-1, max-image-preview:large, max-video-preview:-1\" \/>\n<link rel=\"canonical\" href=\"https:\/\/smartcherry.cl\/en\/noticias\/san-jorge-packaging-refuerza-su-compromiso-con-la-educacion-y-la-innovacion-en-el-liceo-agricola-de-molina\/\" \/>\n<meta property=\"og:locale\" content=\"en_US\" \/>\n<meta property=\"og:type\" content=\"article\" \/>\n<meta property=\"og:title\" content=\"San Jorge Packaging refuerza su compromiso con la educaci\u00f3n y la innovaci\u00f3n en el Liceo Agr\u00edcola de Molina\" \/>\n<meta property=\"og:description\" content=\"Hace algunos d\u00edas, San Jorge Packaging realiz\u00f3 una jornada de Vinculaci\u00f3n con el Medio dirigida a los estudiantes de los tres cuartos medios del Liceo Agr\u00edcola de Molina, con el [&hellip;]\" \/>\n<meta property=\"og:url\" content=\"https:\/\/smartcherry.cl\/en\/noticias\/san-jorge-packaging-refuerza-su-compromiso-con-la-educacion-y-la-innovacion-en-el-liceo-agricola-de-molina\/\" \/>\n<meta property=\"og:site_name\" content=\"Smartcherry\" \/>\n<meta property=\"article:publisher\" content=\"https:\/\/web.facebook.com\/SmartCherry.cl\/\" \/>\n<meta property=\"article:published_time\" content=\"2025-09-16T11:49:15+00:00\" \/>\n<meta property=\"article:modified_time\" content=\"2025-09-16T11:49:16+00:00\" \/>\n<meta property=\"og:image\" content=\"https:\/\/smartcherry.cl\/wp-content\/uploads\/2025\/09\/Escuela-Agricola-de-Molina-4-1.jpg\" \/>\n\t<meta property=\"og:image:width\" content=\"1280\" \/>\n\t<meta property=\"og:image:height\" content=\"960\" \/>\n\t<meta property=\"og:image:type\" content=\"image\/jpeg\" \/>\n<meta name=\"author\" content=\"Jorge Rojas\" \/>\n<meta name=\"twitter:card\" content=\"summary_large_image\" \/>\n<meta name=\"twitter:creator\" content=\"@SmartCherry_cl\" \/>\n<meta name=\"twitter:site\" content=\"@SmartCherry_cl\" \/>\n<meta name=\"twitter:label1\" content=\"Written by\" \/>\n\t<meta name=\"twitter:data1\" content=\"Jorge Rojas\" \/>\n\t<meta name=\"twitter:label2\" content=\"Est. reading time\" \/>\n\t<meta name=\"twitter:data2\" content=\"2 minutes\" \/>\n<script type=\"application\/ld+json\" class=\"yoast-schema-graph\">{\"@context\":\"https:\\\/\\\/schema.org\",\"@graph\":[{\"@type\":\"Article\",\"@id\":\"https:\\\/\\\/smartcherry.cl\\\/noticias\\\/san-jorge-packaging-refuerza-su-compromiso-con-la-educacion-y-la-innovacion-en-el-liceo-agricola-de-molina\\\/#article\",\"isPartOf\":{\"@id\":\"https:\\\/\\\/smartcherry.cl\\\/noticias\\\/san-jorge-packaging-refuerza-su-compromiso-con-la-educacion-y-la-innovacion-en-el-liceo-agricola-de-molina\\\/\"},\"author\":{\"name\":\"Jorge Rojas\",\"@id\":\"https:\\\/\\\/smartcherry.cl\\\/#\\\/schema\\\/person\\\/9aa496f36d86127a7a264fba18e84d30\"},\"headline\":\"San Jorge Packaging refuerza su compromiso con la educaci\u00f3n y la innovaci\u00f3n en el Liceo Agr\u00edcola de Molina\",\"datePublished\":\"2025-09-16T11:49:15+00:00\",\"dateModified\":\"2025-09-16T11:49:16+00:00\",\"mainEntityOfPage\":{\"@id\":\"https:\\\/\\\/smartcherry.cl\\\/noticias\\\/san-jorge-packaging-refuerza-su-compromiso-con-la-educacion-y-la-innovacion-en-el-liceo-agricola-de-molina\\\/\"},\"wordCount\":368,\"publisher\":{\"@id\":\"https:\\\/\\\/smartcherry.cl\\\/#organization\"},\"image\":{\"@id\":\"https:\\\/\\\/smartcherry.cl\\\/noticias\\\/san-jorge-packaging-refuerza-su-compromiso-con-la-educacion-y-la-innovacion-en-el-liceo-agricola-de-molina\\\/#primaryimage\"},\"thumbnailUrl\":\"https:\\\/\\\/smartcherry.cl\\\/wp-content\\\/uploads\\\/2025\\\/09\\\/Escuela-Agricola-de-Molina-4-1.jpg\",\"keywords\":[\"cerezas\",\"smartcherry\",\"not-prov\",\"San Jorge Packaging\"],\"articleSection\":[\"Noticias\"],\"inLanguage\":\"en-US\"},{\"@type\":\"WebPage\",\"@id\":\"https:\\\/\\\/smartcherry.cl\\\/noticias\\\/san-jorge-packaging-refuerza-su-compromiso-con-la-educacion-y-la-innovacion-en-el-liceo-agricola-de-molina\\\/\",\"url\":\"https:\\\/\\\/smartcherry.cl\\\/noticias\\\/san-jorge-packaging-refuerza-su-compromiso-con-la-educacion-y-la-innovacion-en-el-liceo-agricola-de-molina\\\/\",\"name\":\"San Jorge Packaging refuerza su compromiso con la educaci\u00f3n y la innovaci\u00f3n en el Liceo Agr\u00edcola de Molina - Smartcherry\",\"isPartOf\":{\"@id\":\"https:\\\/\\\/smartcherry.cl\\\/#website\"},\"primaryImageOfPage\":{\"@id\":\"https:\\\/\\\/smartcherry.cl\\\/noticias\\\/san-jorge-packaging-refuerza-su-compromiso-con-la-educacion-y-la-innovacion-en-el-liceo-agricola-de-molina\\\/#primaryimage\"},\"image\":{\"@id\":\"https:\\\/\\\/smartcherry.cl\\\/noticias\\\/san-jorge-packaging-refuerza-su-compromiso-con-la-educacion-y-la-innovacion-en-el-liceo-agricola-de-molina\\\/#primaryimage\"},\"thumbnailUrl\":\"https:\\\/\\\/smartcherry.cl\\\/wp-content\\\/uploads\\\/2025\\\/09\\\/Escuela-Agricola-de-Molina-4-1.jpg\",\"datePublished\":\"2025-09-16T11:49:15+00:00\",\"dateModified\":\"2025-09-16T11:49:16+00:00\",\"breadcrumb\":{\"@id\":\"https:\\\/\\\/smartcherry.cl\\\/noticias\\\/san-jorge-packaging-refuerza-su-compromiso-con-la-educacion-y-la-innovacion-en-el-liceo-agricola-de-molina\\\/#breadcrumb\"},\"inLanguage\":\"en-US\",\"potentialAction\":[{\"@type\":\"ReadAction\",\"target\":[\"https:\\\/\\\/smartcherry.cl\\\/noticias\\\/san-jorge-packaging-refuerza-su-compromiso-con-la-educacion-y-la-innovacion-en-el-liceo-agricola-de-molina\\\/\"]}]},{\"@type\":\"ImageObject\",\"inLanguage\":\"en-US\",\"@id\":\"https:\\\/\\\/smartcherry.cl\\\/noticias\\\/san-jorge-packaging-refuerza-su-compromiso-con-la-educacion-y-la-innovacion-en-el-liceo-agricola-de-molina\\\/#primaryimage\",\"url\":\"https:\\\/\\\/smartcherry.cl\\\/wp-content\\\/uploads\\\/2025\\\/09\\\/Escuela-Agricola-de-Molina-4-1.jpg\",\"contentUrl\":\"https:\\\/\\\/smartcherry.cl\\\/wp-content\\\/uploads\\\/2025\\\/09\\\/Escuela-Agricola-de-Molina-4-1.jpg\",\"width\":1280,\"height\":960},{\"@type\":\"BreadcrumbList\",\"@id\":\"https:\\\/\\\/smartcherry.cl\\\/noticias\\\/san-jorge-packaging-refuerza-su-compromiso-con-la-educacion-y-la-innovacion-en-el-liceo-agricola-de-molina\\\/#breadcrumb\",\"itemListElement\":[{\"@type\":\"ListItem\",\"position\":1,\"name\":\"Home\",\"item\":\"https:\\\/\\\/smartcherry.cl\\\/\"},{\"@type\":\"ListItem\",\"position\":2,\"name\":\"Noticias\",\"item\":\"https:\\\/\\\/smartcherry.cl\\\/category\\\/noticias\\\/\"},{\"@type\":\"ListItem\",\"position\":3,\"name\":\"San Jorge Packaging refuerza su compromiso con la educaci\u00f3n y la innovaci\u00f3n en el Liceo Agr\u00edcola de Molina\"}]},{\"@type\":\"WebSite\",\"@id\":\"https:\\\/\\\/smartcherry.cl\\\/#website\",\"url\":\"https:\\\/\\\/smartcherry.cl\\\/\",\"name\":\"Smartcherry\",\"description\":\"Sitio de Smartcherry\",\"publisher\":{\"@id\":\"https:\\\/\\\/smartcherry.cl\\\/#organization\"},\"potentialAction\":[{\"@type\":\"SearchAction\",\"target\":{\"@type\":\"EntryPoint\",\"urlTemplate\":\"https:\\\/\\\/smartcherry.cl\\\/?s={search_term_string}\"},\"query-input\":{\"@type\":\"PropertyValueSpecification\",\"valueRequired\":true,\"valueName\":\"search_term_string\"}}],\"inLanguage\":\"en-US\"},{\"@type\":\"Organization\",\"@id\":\"https:\\\/\\\/smartcherry.cl\\\/#organization\",\"name\":\"SmartCherry\",\"url\":\"https:\\\/\\\/smartcherry.cl\\\/\",\"logo\":{\"@type\":\"ImageObject\",\"inLanguage\":\"en-US\",\"@id\":\"https:\\\/\\\/smartcherry.cl\\\/#\\\/schema\\\/logo\\\/image\\\/\",\"url\":\"https:\\\/\\\/smartcherry.cl\\\/wp-content\\\/uploads\\\/2022\\\/02\\\/logo_smartcherry.png\",\"contentUrl\":\"https:\\\/\\\/smartcherry.cl\\\/wp-content\\\/uploads\\\/2022\\\/02\\\/logo_smartcherry.png\",\"width\":411,\"height\":84,\"caption\":\"SmartCherry\"},\"image\":{\"@id\":\"https:\\\/\\\/smartcherry.cl\\\/#\\\/schema\\\/logo\\\/image\\\/\"},\"sameAs\":[\"https:\\\/\\\/web.facebook.com\\\/SmartCherry.cl\\\/\",\"https:\\\/\\\/x.com\\\/SmartCherry_cl\",\"https:\\\/\\\/www.linkedin.com\\\/company\\\/smartcherry\\\/\",\"https:\\\/\\\/www.instagram.com\\\/smartcherry_cl\\\/\",\"https:\\\/\\\/www.youtube.com\\\/channel\\\/UCe007LfgFFnntDgCcqICbPQ\"]},{\"@type\":\"Person\",\"@id\":\"https:\\\/\\\/smartcherry.cl\\\/#\\\/schema\\\/person\\\/9aa496f36d86127a7a264fba18e84d30\",\"name\":\"Jorge Rojas\",\"image\":{\"@type\":\"ImageObject\",\"inLanguage\":\"en-US\",\"@id\":\"https:\\\/\\\/smartcherry.cl\\\/wp-content\\\/uploads\\\/2025\\\/04\\\/Imagen-de-WhatsApp-2025-04-10-a-las-12.35.04_f4896bb2-96x96.jpg\",\"url\":\"https:\\\/\\\/smartcherry.cl\\\/wp-content\\\/uploads\\\/2025\\\/04\\\/Imagen-de-WhatsApp-2025-04-10-a-las-12.35.04_f4896bb2-96x96.jpg\",\"contentUrl\":\"https:\\\/\\\/smartcherry.cl\\\/wp-content\\\/uploads\\\/2025\\\/04\\\/Imagen-de-WhatsApp-2025-04-10-a-las-12.35.04_f4896bb2-96x96.jpg\",\"caption\":\"Jorge Rojas\"},\"url\":\"https:\\\/\\\/smartcherry.cl\\\/en\\\/author\\\/jrojasmultiply-cl\\\/\"}]}<\/script>\n<!-- \/ Yoast SEO Premium plugin. -->","yoast_head_json":{"title":"San Jorge Packaging refuerza su compromiso con la educaci\u00f3n y la innovaci\u00f3n en el Liceo Agr\u00edcola de Molina - Smartcherry","robots":{"index":"index","follow":"follow","max-snippet":"max-snippet:-1","max-image-preview":"max-image-preview:large","max-video-preview":"max-video-preview:-1"},"canonical":"https:\/\/smartcherry.cl\/en\/noticias\/san-jorge-packaging-refuerza-su-compromiso-con-la-educacion-y-la-innovacion-en-el-liceo-agricola-de-molina\/","og_locale":"en_US","og_type":"article","og_title":"San Jorge Packaging refuerza su compromiso con la educaci\u00f3n y la innovaci\u00f3n en el Liceo Agr\u00edcola de Molina","og_description":"Hace algunos d\u00edas, San Jorge Packaging realiz\u00f3 una jornada de Vinculaci\u00f3n con el Medio dirigida a los estudiantes de los tres cuartos medios del Liceo Agr\u00edcola de Molina, con el [&hellip;]","og_url":"https:\/\/smartcherry.cl\/en\/noticias\/san-jorge-packaging-refuerza-su-compromiso-con-la-educacion-y-la-innovacion-en-el-liceo-agricola-de-molina\/","og_site_name":"Smartcherry","article_publisher":"https:\/\/web.facebook.com\/SmartCherry.cl\/","article_published_time":"2025-09-16T11:49:15+00:00","article_modified_time":"2025-09-16T11:49:16+00:00","og_image":[{"width":1280,"height":960,"url":"https:\/\/smartcherry.cl\/wp-content\/uploads\/2025\/09\/Escuela-Agricola-de-Molina-4-1.jpg","type":"image\/jpeg"}],"author":"Jorge Rojas","twitter_card":"summary_large_image","twitter_creator":"@SmartCherry_cl","twitter_site":"@SmartCherry_cl","twitter_misc":{"Written by":"Jorge Rojas","Est. reading time":"2 minutes"},"schema":{"@context":"https:\/\/schema.org","@graph":[{"@type":"Article","@id":"https:\/\/smartcherry.cl\/noticias\/san-jorge-packaging-refuerza-su-compromiso-con-la-educacion-y-la-innovacion-en-el-liceo-agricola-de-molina\/#article","isPartOf":{"@id":"https:\/\/smartcherry.cl\/noticias\/san-jorge-packaging-refuerza-su-compromiso-con-la-educacion-y-la-innovacion-en-el-liceo-agricola-de-molina\/"},"author":{"name":"Jorge Rojas","@id":"https:\/\/smartcherry.cl\/#\/schema\/person\/9aa496f36d86127a7a264fba18e84d30"},"headline":"San Jorge Packaging refuerza su compromiso con la educaci\u00f3n y la innovaci\u00f3n en el Liceo Agr\u00edcola de Molina","datePublished":"2025-09-16T11:49:15+00:00","dateModified":"2025-09-16T11:49:16+00:00","mainEntityOfPage":{"@id":"https:\/\/smartcherry.cl\/noticias\/san-jorge-packaging-refuerza-su-compromiso-con-la-educacion-y-la-innovacion-en-el-liceo-agricola-de-molina\/"},"wordCount":368,"publisher":{"@id":"https:\/\/smartcherry.cl\/#organization"},"image":{"@id":"https:\/\/smartcherry.cl\/noticias\/san-jorge-packaging-refuerza-su-compromiso-con-la-educacion-y-la-innovacion-en-el-liceo-agricola-de-molina\/#primaryimage"},"thumbnailUrl":"https:\/\/smartcherry.cl\/wp-content\/uploads\/2025\/09\/Escuela-Agricola-de-Molina-4-1.jpg","keywords":["cerezas","smartcherry","not-prov","San Jorge Packaging"],"articleSection":["Noticias"],"inLanguage":"en-US"},{"@type":"WebPage","@id":"https:\/\/smartcherry.cl\/noticias\/san-jorge-packaging-refuerza-su-compromiso-con-la-educacion-y-la-innovacion-en-el-liceo-agricola-de-molina\/","url":"https:\/\/smartcherry.cl\/noticias\/san-jorge-packaging-refuerza-su-compromiso-con-la-educacion-y-la-innovacion-en-el-liceo-agricola-de-molina\/","name":"San Jorge Packaging refuerza su compromiso con la educaci\u00f3n y la innovaci\u00f3n en el Liceo Agr\u00edcola de Molina - Smartcherry","isPartOf":{"@id":"https:\/\/smartcherry.cl\/#website"},"primaryImageOfPage":{"@id":"https:\/\/smartcherry.cl\/noticias\/san-jorge-packaging-refuerza-su-compromiso-con-la-educacion-y-la-innovacion-en-el-liceo-agricola-de-molina\/#primaryimage"},"image":{"@id":"https:\/\/smartcherry.cl\/noticias\/san-jorge-packaging-refuerza-su-compromiso-con-la-educacion-y-la-innovacion-en-el-liceo-agricola-de-molina\/#primaryimage"},"thumbnailUrl":"https:\/\/smartcherry.cl\/wp-content\/uploads\/2025\/09\/Escuela-Agricola-de-Molina-4-1.jpg","datePublished":"2025-09-16T11:49:15+00:00","dateModified":"2025-09-16T11:49:16+00:00","breadcrumb":{"@id":"https:\/\/smartcherry.cl\/noticias\/san-jorge-packaging-refuerza-su-compromiso-con-la-educacion-y-la-innovacion-en-el-liceo-agricola-de-molina\/#breadcrumb"},"inLanguage":"en-US","potentialAction":[{"@type":"ReadAction","target":["https:\/\/smartcherry.cl\/noticias\/san-jorge-packaging-refuerza-su-compromiso-con-la-educacion-y-la-innovacion-en-el-liceo-agricola-de-molina\/"]}]},{"@type":"ImageObject","inLanguage":"en-US","@id":"https:\/\/smartcherry.cl\/noticias\/san-jorge-packaging-refuerza-su-compromiso-con-la-educacion-y-la-innovacion-en-el-liceo-agricola-de-molina\/#primaryimage","url":"https:\/\/smartcherry.cl\/wp-content\/uploads\/2025\/09\/Escuela-Agricola-de-Molina-4-1.jpg","contentUrl":"https:\/\/smartcherry.cl\/wp-content\/uploads\/2025\/09\/Escuela-Agricola-de-Molina-4-1.jpg","width":1280,"height":960},{"@type":"BreadcrumbList","@id":"https:\/\/smartcherry.cl\/noticias\/san-jorge-packaging-refuerza-su-compromiso-con-la-educacion-y-la-innovacion-en-el-liceo-agricola-de-molina\/#breadcrumb","itemListElement":[{"@type":"ListItem","position":1,"name":"Home","item":"https:\/\/smartcherry.cl\/"},{"@type":"ListItem","position":2,"name":"Noticias","item":"https:\/\/smartcherry.cl\/category\/noticias\/"},{"@type":"ListItem","position":3,"name":"San Jorge Packaging refuerza su compromiso con la educaci\u00f3n y la innovaci\u00f3n en el Liceo Agr\u00edcola de Molina"}]},{"@type":"WebSite","@id":"https:\/\/smartcherry.cl\/#website","url":"https:\/\/smartcherry.cl\/","name":"Smartcherry","description":"Smartcherry Site","publisher":{"@id":"https:\/\/smartcherry.cl\/#organization"},"potentialAction":[{"@type":"SearchAction","target":{"@type":"EntryPoint","urlTemplate":"https:\/\/smartcherry.cl\/?s={search_term_string}"},"query-input":{"@type":"PropertyValueSpecification","valueRequired":true,"valueName":"search_term_string"}}],"inLanguage":"en-US"},{"@type":"Organization","@id":"https:\/\/smartcherry.cl\/#organization","name":"SmartCherry","url":"https:\/\/smartcherry.cl\/","logo":{"@type":"ImageObject","inLanguage":"en-US","@id":"https:\/\/smartcherry.cl\/#\/schema\/logo\/image\/","url":"https:\/\/smartcherry.cl\/wp-content\/uploads\/2022\/02\/logo_smartcherry.png","contentUrl":"https:\/\/smartcherry.cl\/wp-content\/uploads\/2022\/02\/logo_smartcherry.png","width":411,"height":84,"caption":"SmartCherry"},"image":{"@id":"https:\/\/smartcherry.cl\/#\/schema\/logo\/image\/"},"sameAs":["https:\/\/web.facebook.com\/SmartCherry.cl\/","https:\/\/x.com\/SmartCherry_cl","https:\/\/www.linkedin.com\/company\/smartcherry\/","https:\/\/www.instagram.com\/smartcherry_cl\/","https:\/\/www.youtube.com\/channel\/UCe007LfgFFnntDgCcqICbPQ"]},{"@type":"Person","@id":"https:\/\/smartcherry.cl\/#\/schema\/person\/9aa496f36d86127a7a264fba18e84d30","name":"Jorge Rojas","image":{"@type":"ImageObject","inLanguage":"en-US","@id":"https:\/\/smartcherry.cl\/wp-content\/uploads\/2025\/04\/Imagen-de-WhatsApp-2025-04-10-a-las-12.35.04_f4896bb2-96x96.jpg","url":"https:\/\/smartcherry.cl\/wp-content\/uploads\/2025\/04\/Imagen-de-WhatsApp-2025-04-10-a-las-12.35.04_f4896bb2-96x96.jpg","contentUrl":"https:\/\/smartcherry.cl\/wp-content\/uploads\/2025\/04\/Imagen-de-WhatsApp-2025-04-10-a-las-12.35.04_f4896bb2-96x96.jpg","caption":"Jorge Rojas"},"url":"https:\/\/smartcherry.cl\/en\/author\/jrojasmultiply-cl\/"}]}},"_links":{"self":[{"href":"https:\/\/smartcherry.cl\/en\/wp-json\/wp\/v2\/posts\/49190","targetHints":{"allow":["GET"]}}],"collection":[{"href":"https:\/\/smartcherry.cl\/en\/wp-json\/wp\/v2\/posts"}],"about":[{"href":"https:\/\/smartcherry.cl\/en\/wp-json\/wp\/v2\/types\/post"}],"author":[{"embeddable":true,"href":"https:\/\/smartcherry.cl\/en\/wp-json\/wp\/v2\/users\/274"}],"replies":[{"embeddable":true,"href":"https:\/\/smartcherry.cl\/en\/wp-json\/wp\/v2\/comments?post=49190"}],"version-history":[{"count":1,"href":"https:\/\/smartcherry.cl\/en\/wp-json\/wp\/v2\/posts\/49190\/revisions"}],"predecessor-version":[{"id":49193,"href":"https:\/\/smartcherry.cl\/en\/wp-json\/wp\/v2\/posts\/49190\/revisions\/49193"}],"wp:featuredmedia":[{"embeddable":true,"href":"https:\/\/smartcherry.cl\/en\/wp-json\/wp\/v2\/media\/49191"}],"wp:attachment":[{"href":"https:\/\/smartcherry.cl\/en\/wp-json\/wp\/v2\/media?parent=49190"}],"wp:term":[{"taxonomy":"category","embeddable":true,"href":"https:\/\/smartcherry.cl\/en\/wp-json\/wp\/v2\/categories?post=49190"},{"taxonomy":"post_tag","embeddable":true,"href":"https:\/\/smartcherry.cl\/en\/wp-json\/wp\/v2\/tags?post=49190"},{"taxonomy":"category_proveedor","embeddable":true,"href":"https:\/\/smartcherry.cl\/en\/wp-json\/wp\/v2\/category_proveedor?post=49190"},{"taxonomy":"pais","embeddable":true,"href":"https:\/\/smartcherry.cl\/en\/wp-json\/wp\/v2\/pais?post=49190"}],"curies":[{"name":"wp","href":"https:\/\/api.w.org\/{rel}","templated":true}]}}