{"id":48866,"date":"2025-09-02T10:17:26","date_gmt":"2025-09-02T14:17:26","guid":{"rendered":"https:\/\/smartcherry.cl\/?p=48866"},"modified":"2025-09-02T10:21:55","modified_gmt":"2025-09-02T14:21:55","slug":"carlos-tapia-nunca-ha-sido-negociable-la-condicion-y-calidad-de-fruta","status":"publish","type":"post","link":"https:\/\/smartcherry.cl\/en\/smartcherry-interview\/carlos-tapia-nunca-ha-sido-negociable-la-condicion-y-calidad-de-fruta\/","title":{"rendered":"Carlos Tapia: \u00abNunca ha sido negociable la condici\u00f3n y calidad de fruta\u00bb"},"content":{"rendered":"<p class=\"wp-block-paragraph\"><strong><em>En un an\u00e1lisis en torno a c\u00f3mo va la campa\u00f1a 2025-2026, Carlos Tapia habl\u00f3 que, preliminarmente, en las microzonas de la zona central se observa un adelanto fenol\u00f3gico relacionado con la medici\u00f3n de temperatura, grados d\u00edas, que se espera no genere grandes da\u00f1os en la fruta.<\/em><\/strong><\/p>\n\n\n\n<p class=\"wp-block-paragraph\">A partir de ello, la preocupaci\u00f3n est\u00e1 en c\u00f3mo evoluciona dicha fenolog\u00eda y c\u00f3mo esto lo van acompa\u00f1ando con protecci\u00f3n fitosanitaria y apoyo nutricional y de reguladores de crecimiento, pensando en lograr siempre el potencial productivo, sobre todo en un a\u00f1o como ahora donde m\u00e1s que nunca se debe trabajar en pos de generar la mejor condici\u00f3n y calibre posibles, factores que a juicio del Director T\u00e9cnico de Avium no son negociables.<\/p>\n\n\n\n<figure class=\"wp-block-embed is-type-video is-provider-youtube wp-block-embed-youtube wp-embed-aspect-16-9 wp-has-aspect-ratio\"><div class=\"wp-block-embed__wrapper\">\n<iframe title=\"Carlos Tapia: &quot;Nunca ha sido negociable la condici\u00f3n y calidad de fruta&quot;\" width=\"800\" height=\"450\" src=\"https:\/\/www.youtube.com\/embed\/cWeMFNYZ0dg?feature=oembed\" frameborder=\"0\" allow=\"accelerometer; autoplay; clipboard-write; encrypted-media; gyroscope; picture-in-picture; web-share\" referrerpolicy=\"strict-origin-when-cross-origin\" allowfullscreen><\/iframe>\n<\/div><\/figure>","protected":false},"excerpt":{"rendered":"<p>El asesor especialista en producci\u00f3n de cerezas y Director T\u00e9cnico de Avium habl\u00f3 sobre los aspectos que m\u00e1s preocupan hoy en esta fase de la temporada, en cuanto a manejos, para llegar a la mayor cantidad de kilos por hect\u00e1rea con la mejor condici\u00f3n.<\/p>","protected":false},"author":273,"featured_media":47043,"comment_status":"closed","ping_status":"open","sticky":false,"template":"","format":"standard","meta":{"_acf_changed":false,"inline_featured_image":false,"footnotes":""},"categories":[3353,3461,3693],"tags":[120,222,245,271],"category_proveedor":[],"pais":[],"class_list":["post-48866","post","type-post","status-publish","format-standard","has-post-thumbnail","hentry","category-smartcherry-tv","category-smartcherry-interview","category-videos","tag-avium","tag-carlos-tapia","tag-fenologia","tag-calidad-de-fruta"],"acf":[],"yoast_head":"<!-- This site is optimized with the Yoast SEO Premium plugin v21.3 (Yoast SEO v28.3) - https:\/\/yoast.com\/product\/yoast-seo-premium-wordpress\/ -->\n<title>Carlos Tapia: &quot;Nunca ha sido negociable la condici\u00f3n y calidad de fruta&quot; - Smartcherry<\/title>\n<meta name=\"description\" content=\"En un an\u00e1lisis en torno a c\u00f3mo va la campa\u00f1a 2025-2026, Carlos Tapia habl\u00f3 que, preliminarmente, en las microzonas de la zona central se observa un adelanto fenol\u00f3gico relacionado con la medici\u00f3n de temperatura, grados d\u00edas, que se espera no genere grandes da\u00f1os en la fruta.\" \/>\n<meta name=\"robots\" content=\"index, follow, max-snippet:-1, max-image-preview:large, max-video-preview:-1\" \/>\n<link rel=\"canonical\" href=\"https:\/\/smartcherry.cl\/en\/smartcherry-interview\/carlos-tapia-nunca-ha-sido-negociable-la-condicion-y-calidad-de-fruta\/\" \/>\n<meta property=\"og:locale\" content=\"en_US\" \/>\n<meta property=\"og:type\" content=\"article\" \/>\n<meta property=\"og:title\" content=\"Carlos Tapia: &quot;Nunca ha sido negociable la condici\u00f3n y calidad de fruta&quot;\" \/>\n<meta property=\"og:description\" content=\"En un an\u00e1lisis en torno a c\u00f3mo va la campa\u00f1a 2025-2026, Carlos Tapia habl\u00f3 que, preliminarmente, en las microzonas de la zona central se observa un adelanto fenol\u00f3gico relacionado con la medici\u00f3n de temperatura, grados d\u00edas, que se espera no genere grandes da\u00f1os en la fruta.\" \/>\n<meta property=\"og:url\" content=\"https:\/\/smartcherry.cl\/en\/smartcherry-interview\/carlos-tapia-nunca-ha-sido-negociable-la-condicion-y-calidad-de-fruta\/\" \/>\n<meta property=\"og:site_name\" content=\"Smartcherry\" \/>\n<meta property=\"article:publisher\" content=\"https:\/\/web.facebook.com\/SmartCherry.cl\/\" \/>\n<meta property=\"article:published_time\" content=\"2025-09-02T14:17:26+00:00\" \/>\n<meta property=\"article:modified_time\" content=\"2025-09-02T14:21:55+00:00\" \/>\n<meta property=\"og:image\" content=\"https:\/\/smartcherry.cl\/wp-content\/uploads\/2025\/06\/Carlos-Tapia_Cherrytech-2025-2.jpg\" \/>\n\t<meta property=\"og:image:width\" content=\"1400\" \/>\n\t<meta property=\"og:image:height\" content=\"800\" \/>\n\t<meta property=\"og:image:type\" content=\"image\/jpeg\" \/>\n<meta name=\"author\" content=\"Beatriz Parra\" \/>\n<meta name=\"twitter:card\" content=\"summary_large_image\" \/>\n<meta name=\"twitter:creator\" content=\"@SmartCherry_cl\" \/>\n<meta name=\"twitter:site\" content=\"@SmartCherry_cl\" \/>\n<meta name=\"twitter:label1\" content=\"Written by\" \/>\n\t<meta name=\"twitter:data1\" content=\"Beatriz Parra\" \/>\n\t<meta name=\"twitter:label2\" content=\"Est. reading time\" \/>\n\t<meta name=\"twitter:data2\" content=\"1 minute\" \/>\n<script type=\"application\/ld+json\" class=\"yoast-schema-graph\">{\"@context\":\"https:\\\/\\\/schema.org\",\"@graph\":[{\"@type\":\"Article\",\"@id\":\"https:\\\/\\\/smartcherry.cl\\\/smartcherry-interview\\\/carlos-tapia-nunca-ha-sido-negociable-la-condicion-y-calidad-de-fruta\\\/#article\",\"isPartOf\":{\"@id\":\"https:\\\/\\\/smartcherry.cl\\\/smartcherry-interview\\\/carlos-tapia-nunca-ha-sido-negociable-la-condicion-y-calidad-de-fruta\\\/\"},\"author\":{\"name\":\"Beatriz Parra\",\"@id\":\"https:\\\/\\\/smartcherry.cl\\\/#\\\/schema\\\/person\\\/604ed44370e96b081064b745ca461407\"},\"headline\":\"Carlos Tapia: \u00abNunca ha sido negociable la condici\u00f3n y calidad de fruta\u00bb\",\"datePublished\":\"2025-09-02T14:17:26+00:00\",\"dateModified\":\"2025-09-02T14:21:55+00:00\",\"mainEntityOfPage\":{\"@id\":\"https:\\\/\\\/smartcherry.cl\\\/smartcherry-interview\\\/carlos-tapia-nunca-ha-sido-negociable-la-condicion-y-calidad-de-fruta\\\/\"},\"wordCount\":156,\"publisher\":{\"@id\":\"https:\\\/\\\/smartcherry.cl\\\/#organization\"},\"image\":{\"@id\":\"https:\\\/\\\/smartcherry.cl\\\/smartcherry-interview\\\/carlos-tapia-nunca-ha-sido-negociable-la-condicion-y-calidad-de-fruta\\\/#primaryimage\"},\"thumbnailUrl\":\"https:\\\/\\\/smartcherry.cl\\\/wp-content\\\/uploads\\\/2025\\\/06\\\/Carlos-Tapia_Cherrytech-2025-2.jpg\",\"keywords\":[\"Avium\",\"Carlos Tapia\",\"fenolog\u00eda\",\"calidad de fruta\"],\"articleSection\":[\"Smartcherry TV\",\"Smartcherry Interview\",\"Videos\"],\"inLanguage\":\"en-US\"},{\"@type\":\"WebPage\",\"@id\":\"https:\\\/\\\/smartcherry.cl\\\/smartcherry-interview\\\/carlos-tapia-nunca-ha-sido-negociable-la-condicion-y-calidad-de-fruta\\\/\",\"url\":\"https:\\\/\\\/smartcherry.cl\\\/smartcherry-interview\\\/carlos-tapia-nunca-ha-sido-negociable-la-condicion-y-calidad-de-fruta\\\/\",\"name\":\"Carlos Tapia: \\\"Nunca ha sido negociable la condici\u00f3n y calidad de fruta\\\" - Smartcherry\",\"isPartOf\":{\"@id\":\"https:\\\/\\\/smartcherry.cl\\\/#website\"},\"primaryImageOfPage\":{\"@id\":\"https:\\\/\\\/smartcherry.cl\\\/smartcherry-interview\\\/carlos-tapia-nunca-ha-sido-negociable-la-condicion-y-calidad-de-fruta\\\/#primaryimage\"},\"image\":{\"@id\":\"https:\\\/\\\/smartcherry.cl\\\/smartcherry-interview\\\/carlos-tapia-nunca-ha-sido-negociable-la-condicion-y-calidad-de-fruta\\\/#primaryimage\"},\"thumbnailUrl\":\"https:\\\/\\\/smartcherry.cl\\\/wp-content\\\/uploads\\\/2025\\\/06\\\/Carlos-Tapia_Cherrytech-2025-2.jpg\",\"datePublished\":\"2025-09-02T14:17:26+00:00\",\"dateModified\":\"2025-09-02T14:21:55+00:00\",\"description\":\"En un an\u00e1lisis en torno a c\u00f3mo va la campa\u00f1a 2025-2026, Carlos Tapia habl\u00f3 que, preliminarmente, en las microzonas de la zona central se observa un adelanto fenol\u00f3gico relacionado con la medici\u00f3n de temperatura, grados d\u00edas, que se espera no genere grandes da\u00f1os en la fruta.\",\"breadcrumb\":{\"@id\":\"https:\\\/\\\/smartcherry.cl\\\/smartcherry-interview\\\/carlos-tapia-nunca-ha-sido-negociable-la-condicion-y-calidad-de-fruta\\\/#breadcrumb\"},\"inLanguage\":\"en-US\",\"potentialAction\":[{\"@type\":\"ReadAction\",\"target\":[\"https:\\\/\\\/smartcherry.cl\\\/smartcherry-interview\\\/carlos-tapia-nunca-ha-sido-negociable-la-condicion-y-calidad-de-fruta\\\/\"]}]},{\"@type\":\"ImageObject\",\"inLanguage\":\"en-US\",\"@id\":\"https:\\\/\\\/smartcherry.cl\\\/smartcherry-interview\\\/carlos-tapia-nunca-ha-sido-negociable-la-condicion-y-calidad-de-fruta\\\/#primaryimage\",\"url\":\"https:\\\/\\\/smartcherry.cl\\\/wp-content\\\/uploads\\\/2025\\\/06\\\/Carlos-Tapia_Cherrytech-2025-2.jpg\",\"contentUrl\":\"https:\\\/\\\/smartcherry.cl\\\/wp-content\\\/uploads\\\/2025\\\/06\\\/Carlos-Tapia_Cherrytech-2025-2.jpg\",\"width\":1400,\"height\":800},{\"@type\":\"BreadcrumbList\",\"@id\":\"https:\\\/\\\/smartcherry.cl\\\/smartcherry-interview\\\/carlos-tapia-nunca-ha-sido-negociable-la-condicion-y-calidad-de-fruta\\\/#breadcrumb\",\"itemListElement\":[{\"@type\":\"ListItem\",\"position\":1,\"name\":\"Home\",\"item\":\"https:\\\/\\\/smartcherry.cl\\\/\"},{\"@type\":\"ListItem\",\"position\":2,\"name\":\"Smartcherry Interview\",\"item\":\"https:\\\/\\\/smartcherry.cl\\\/category\\\/smartcherry-interview\\\/\"},{\"@type\":\"ListItem\",\"position\":3,\"name\":\"Carlos Tapia: \u00abNunca ha sido negociable la condici\u00f3n y calidad de fruta\u00bb\"}]},{\"@type\":\"WebSite\",\"@id\":\"https:\\\/\\\/smartcherry.cl\\\/#website\",\"url\":\"https:\\\/\\\/smartcherry.cl\\\/\",\"name\":\"Smartcherry\",\"description\":\"Sitio de Smartcherry\",\"publisher\":{\"@id\":\"https:\\\/\\\/smartcherry.cl\\\/#organization\"},\"potentialAction\":[{\"@type\":\"SearchAction\",\"target\":{\"@type\":\"EntryPoint\",\"urlTemplate\":\"https:\\\/\\\/smartcherry.cl\\\/?s={search_term_string}\"},\"query-input\":{\"@type\":\"PropertyValueSpecification\",\"valueRequired\":true,\"valueName\":\"search_term_string\"}}],\"inLanguage\":\"en-US\"},{\"@type\":\"Organization\",\"@id\":\"https:\\\/\\\/smartcherry.cl\\\/#organization\",\"name\":\"SmartCherry\",\"url\":\"https:\\\/\\\/smartcherry.cl\\\/\",\"logo\":{\"@type\":\"ImageObject\",\"inLanguage\":\"en-US\",\"@id\":\"https:\\\/\\\/smartcherry.cl\\\/#\\\/schema\\\/logo\\\/image\\\/\",\"url\":\"https:\\\/\\\/smartcherry.cl\\\/wp-content\\\/uploads\\\/2022\\\/02\\\/logo_smartcherry.png\",\"contentUrl\":\"https:\\\/\\\/smartcherry.cl\\\/wp-content\\\/uploads\\\/2022\\\/02\\\/logo_smartcherry.png\",\"width\":411,\"height\":84,\"caption\":\"SmartCherry\"},\"image\":{\"@id\":\"https:\\\/\\\/smartcherry.cl\\\/#\\\/schema\\\/logo\\\/image\\\/\"},\"sameAs\":[\"https:\\\/\\\/web.facebook.com\\\/SmartCherry.cl\\\/\",\"https:\\\/\\\/x.com\\\/SmartCherry_cl\",\"https:\\\/\\\/www.linkedin.com\\\/company\\\/smartcherry\\\/\",\"https:\\\/\\\/www.instagram.com\\\/smartcherry_cl\\\/\",\"https:\\\/\\\/www.youtube.com\\\/channel\\\/UCe007LfgFFnntDgCcqICbPQ\"]},{\"@type\":\"Person\",\"@id\":\"https:\\\/\\\/smartcherry.cl\\\/#\\\/schema\\\/person\\\/604ed44370e96b081064b745ca461407\",\"name\":\"Beatriz Parra\",\"image\":{\"@type\":\"ImageObject\",\"inLanguage\":\"en-US\",\"@id\":\"https:\\\/\\\/smartcherry.cl\\\/wp-content\\\/uploads\\\/2025\\\/01\\\/POST-96x96.png\",\"url\":\"https:\\\/\\\/smartcherry.cl\\\/wp-content\\\/uploads\\\/2025\\\/01\\\/POST-96x96.png\",\"contentUrl\":\"https:\\\/\\\/smartcherry.cl\\\/wp-content\\\/uploads\\\/2025\\\/01\\\/POST-96x96.png\",\"caption\":\"Beatriz Parra\"},\"url\":\"https:\\\/\\\/smartcherry.cl\\\/en\\\/author\\\/bparra\\\/\"}]}<\/script>\n<!-- \/ Yoast SEO Premium plugin. -->","yoast_head_json":{"title":"Carlos Tapia: \"Nunca ha sido negociable la condici\u00f3n y calidad de fruta\" - Smartcherry","description":"En un an\u00e1lisis en torno a c\u00f3mo va la campa\u00f1a 2025-2026, Carlos Tapia habl\u00f3 que, preliminarmente, en las microzonas de la zona central se observa un adelanto fenol\u00f3gico relacionado con la medici\u00f3n de temperatura, grados d\u00edas, que se espera no genere grandes da\u00f1os en la fruta.","robots":{"index":"index","follow":"follow","max-snippet":"max-snippet:-1","max-image-preview":"max-image-preview:large","max-video-preview":"max-video-preview:-1"},"canonical":"https:\/\/smartcherry.cl\/en\/smartcherry-interview\/carlos-tapia-nunca-ha-sido-negociable-la-condicion-y-calidad-de-fruta\/","og_locale":"en_US","og_type":"article","og_title":"Carlos Tapia: \"Nunca ha sido negociable la condici\u00f3n y calidad de fruta\"","og_description":"En un an\u00e1lisis en torno a c\u00f3mo va la campa\u00f1a 2025-2026, Carlos Tapia habl\u00f3 que, preliminarmente, en las microzonas de la zona central se observa un adelanto fenol\u00f3gico relacionado con la medici\u00f3n de temperatura, grados d\u00edas, que se espera no genere grandes da\u00f1os en la fruta.","og_url":"https:\/\/smartcherry.cl\/en\/smartcherry-interview\/carlos-tapia-nunca-ha-sido-negociable-la-condicion-y-calidad-de-fruta\/","og_site_name":"Smartcherry","article_publisher":"https:\/\/web.facebook.com\/SmartCherry.cl\/","article_published_time":"2025-09-02T14:17:26+00:00","article_modified_time":"2025-09-02T14:21:55+00:00","og_image":[{"width":1400,"height":800,"url":"https:\/\/smartcherry.cl\/wp-content\/uploads\/2025\/06\/Carlos-Tapia_Cherrytech-2025-2.jpg","type":"image\/jpeg"}],"author":"Beatriz Parra","twitter_card":"summary_large_image","twitter_creator":"@SmartCherry_cl","twitter_site":"@SmartCherry_cl","twitter_misc":{"Written by":"Beatriz Parra","Est. reading time":"1 minute"},"schema":{"@context":"https:\/\/schema.org","@graph":[{"@type":"Article","@id":"https:\/\/smartcherry.cl\/smartcherry-interview\/carlos-tapia-nunca-ha-sido-negociable-la-condicion-y-calidad-de-fruta\/#article","isPartOf":{"@id":"https:\/\/smartcherry.cl\/smartcherry-interview\/carlos-tapia-nunca-ha-sido-negociable-la-condicion-y-calidad-de-fruta\/"},"author":{"name":"Beatriz Parra","@id":"https:\/\/smartcherry.cl\/#\/schema\/person\/604ed44370e96b081064b745ca461407"},"headline":"Carlos Tapia: \u00abNunca ha sido negociable la condici\u00f3n y calidad de fruta\u00bb","datePublished":"2025-09-02T14:17:26+00:00","dateModified":"2025-09-02T14:21:55+00:00","mainEntityOfPage":{"@id":"https:\/\/smartcherry.cl\/smartcherry-interview\/carlos-tapia-nunca-ha-sido-negociable-la-condicion-y-calidad-de-fruta\/"},"wordCount":156,"publisher":{"@id":"https:\/\/smartcherry.cl\/#organization"},"image":{"@id":"https:\/\/smartcherry.cl\/smartcherry-interview\/carlos-tapia-nunca-ha-sido-negociable-la-condicion-y-calidad-de-fruta\/#primaryimage"},"thumbnailUrl":"https:\/\/smartcherry.cl\/wp-content\/uploads\/2025\/06\/Carlos-Tapia_Cherrytech-2025-2.jpg","keywords":["Avium","Carlos Tapia","fenolog\u00eda","calidad de fruta"],"articleSection":["Smartcherry TV","Smartcherry Interview","Videos"],"inLanguage":"en-US"},{"@type":"WebPage","@id":"https:\/\/smartcherry.cl\/smartcherry-interview\/carlos-tapia-nunca-ha-sido-negociable-la-condicion-y-calidad-de-fruta\/","url":"https:\/\/smartcherry.cl\/smartcherry-interview\/carlos-tapia-nunca-ha-sido-negociable-la-condicion-y-calidad-de-fruta\/","name":"Carlos Tapia: \"Nunca ha sido negociable la condici\u00f3n y calidad de fruta\" - Smartcherry","isPartOf":{"@id":"https:\/\/smartcherry.cl\/#website"},"primaryImageOfPage":{"@id":"https:\/\/smartcherry.cl\/smartcherry-interview\/carlos-tapia-nunca-ha-sido-negociable-la-condicion-y-calidad-de-fruta\/#primaryimage"},"image":{"@id":"https:\/\/smartcherry.cl\/smartcherry-interview\/carlos-tapia-nunca-ha-sido-negociable-la-condicion-y-calidad-de-fruta\/#primaryimage"},"thumbnailUrl":"https:\/\/smartcherry.cl\/wp-content\/uploads\/2025\/06\/Carlos-Tapia_Cherrytech-2025-2.jpg","datePublished":"2025-09-02T14:17:26+00:00","dateModified":"2025-09-02T14:21:55+00:00","description":"En un an\u00e1lisis en torno a c\u00f3mo va la campa\u00f1a 2025-2026, Carlos Tapia habl\u00f3 que, preliminarmente, en las microzonas de la zona central se observa un adelanto fenol\u00f3gico relacionado con la medici\u00f3n de temperatura, grados d\u00edas, que se espera no genere grandes da\u00f1os en la fruta.","breadcrumb":{"@id":"https:\/\/smartcherry.cl\/smartcherry-interview\/carlos-tapia-nunca-ha-sido-negociable-la-condicion-y-calidad-de-fruta\/#breadcrumb"},"inLanguage":"en-US","potentialAction":[{"@type":"ReadAction","target":["https:\/\/smartcherry.cl\/smartcherry-interview\/carlos-tapia-nunca-ha-sido-negociable-la-condicion-y-calidad-de-fruta\/"]}]},{"@type":"ImageObject","inLanguage":"en-US","@id":"https:\/\/smartcherry.cl\/smartcherry-interview\/carlos-tapia-nunca-ha-sido-negociable-la-condicion-y-calidad-de-fruta\/#primaryimage","url":"https:\/\/smartcherry.cl\/wp-content\/uploads\/2025\/06\/Carlos-Tapia_Cherrytech-2025-2.jpg","contentUrl":"https:\/\/smartcherry.cl\/wp-content\/uploads\/2025\/06\/Carlos-Tapia_Cherrytech-2025-2.jpg","width":1400,"height":800},{"@type":"BreadcrumbList","@id":"https:\/\/smartcherry.cl\/smartcherry-interview\/carlos-tapia-nunca-ha-sido-negociable-la-condicion-y-calidad-de-fruta\/#breadcrumb","itemListElement":[{"@type":"ListItem","position":1,"name":"Home","item":"https:\/\/smartcherry.cl\/"},{"@type":"ListItem","position":2,"name":"Smartcherry Interview","item":"https:\/\/smartcherry.cl\/category\/smartcherry-interview\/"},{"@type":"ListItem","position":3,"name":"Carlos Tapia: \u00abNunca ha sido negociable la condici\u00f3n y calidad de fruta\u00bb"}]},{"@type":"WebSite","@id":"https:\/\/smartcherry.cl\/#website","url":"https:\/\/smartcherry.cl\/","name":"Smartcherry","description":"Smartcherry Site","publisher":{"@id":"https:\/\/smartcherry.cl\/#organization"},"potentialAction":[{"@type":"SearchAction","target":{"@type":"EntryPoint","urlTemplate":"https:\/\/smartcherry.cl\/?s={search_term_string}"},"query-input":{"@type":"PropertyValueSpecification","valueRequired":true,"valueName":"search_term_string"}}],"inLanguage":"en-US"},{"@type":"Organization","@id":"https:\/\/smartcherry.cl\/#organization","name":"SmartCherry","url":"https:\/\/smartcherry.cl\/","logo":{"@type":"ImageObject","inLanguage":"en-US","@id":"https:\/\/smartcherry.cl\/#\/schema\/logo\/image\/","url":"https:\/\/smartcherry.cl\/wp-content\/uploads\/2022\/02\/logo_smartcherry.png","contentUrl":"https:\/\/smartcherry.cl\/wp-content\/uploads\/2022\/02\/logo_smartcherry.png","width":411,"height":84,"caption":"SmartCherry"},"image":{"@id":"https:\/\/smartcherry.cl\/#\/schema\/logo\/image\/"},"sameAs":["https:\/\/web.facebook.com\/SmartCherry.cl\/","https:\/\/x.com\/SmartCherry_cl","https:\/\/www.linkedin.com\/company\/smartcherry\/","https:\/\/www.instagram.com\/smartcherry_cl\/","https:\/\/www.youtube.com\/channel\/UCe007LfgFFnntDgCcqICbPQ"]},{"@type":"Person","@id":"https:\/\/smartcherry.cl\/#\/schema\/person\/604ed44370e96b081064b745ca461407","name":"Beatriz Parra","image":{"@type":"ImageObject","inLanguage":"en-US","@id":"https:\/\/smartcherry.cl\/wp-content\/uploads\/2025\/01\/POST-96x96.png","url":"https:\/\/smartcherry.cl\/wp-content\/uploads\/2025\/01\/POST-96x96.png","contentUrl":"https:\/\/smartcherry.cl\/wp-content\/uploads\/2025\/01\/POST-96x96.png","caption":"Beatriz Parra"},"url":"https:\/\/smartcherry.cl\/en\/author\/bparra\/"}]}},"_links":{"self":[{"href":"https:\/\/smartcherry.cl\/en\/wp-json\/wp\/v2\/posts\/48866","targetHints":{"allow":["GET"]}}],"collection":[{"href":"https:\/\/smartcherry.cl\/en\/wp-json\/wp\/v2\/posts"}],"about":[{"href":"https:\/\/smartcherry.cl\/en\/wp-json\/wp\/v2\/types\/post"}],"author":[{"embeddable":true,"href":"https:\/\/smartcherry.cl\/en\/wp-json\/wp\/v2\/users\/273"}],"replies":[{"embeddable":true,"href":"https:\/\/smartcherry.cl\/en\/wp-json\/wp\/v2\/comments?post=48866"}],"version-history":[{"count":4,"href":"https:\/\/smartcherry.cl\/en\/wp-json\/wp\/v2\/posts\/48866\/revisions"}],"predecessor-version":[{"id":48876,"href":"https:\/\/smartcherry.cl\/en\/wp-json\/wp\/v2\/posts\/48866\/revisions\/48876"}],"wp:featuredmedia":[{"embeddable":true,"href":"https:\/\/smartcherry.cl\/en\/wp-json\/wp\/v2\/media\/47043"}],"wp:attachment":[{"href":"https:\/\/smartcherry.cl\/en\/wp-json\/wp\/v2\/media?parent=48866"}],"wp:term":[{"taxonomy":"category","embeddable":true,"href":"https:\/\/smartcherry.cl\/en\/wp-json\/wp\/v2\/categories?post=48866"},{"taxonomy":"post_tag","embeddable":true,"href":"https:\/\/smartcherry.cl\/en\/wp-json\/wp\/v2\/tags?post=48866"},{"taxonomy":"category_proveedor","embeddable":true,"href":"https:\/\/smartcherry.cl\/en\/wp-json\/wp\/v2\/category_proveedor?post=48866"},{"taxonomy":"pais","embeddable":true,"href":"https:\/\/smartcherry.cl\/en\/wp-json\/wp\/v2\/pais?post=48866"}],"curies":[{"name":"wp","href":"https:\/\/api.w.org\/{rel}","templated":true}]}}