{"id":48608,"date":"2025-08-22T16:46:08","date_gmt":"2025-08-22T20:46:08","guid":{"rendered":"https:\/\/smartcherry.cl\/?p=48608"},"modified":"2025-08-22T16:46:09","modified_gmt":"2025-08-22T20:46:09","slug":"ivan-marambio-y-nombramiento-de-ministra-de-agricultura-es-una-buena-senal-que-asuma-como-ministra-una-autoridad-con-experiencia","status":"publish","type":"post","link":"https:\/\/smartcherry.cl\/en\/noticias\/ivan-marambio-y-nombramiento-de-ministra-de-agricultura-es-una-buena-senal-que-asuma-como-ministra-una-autoridad-con-experiencia\/","title":{"rendered":"Iv\u00e1n Marambio y nombramiento de ministra de agricultura: \u00abEs una buena se\u00f1al que asuma como ministra una autoridad con experiencia\u00bb"},"content":{"rendered":"<p><strong><em>En el caso espec\u00edfico de esta cartera, el presidente de Frutas de Chile, Iv\u00e1n Marambio, se\u00f1al\u00f3: \u00abEs una buena se\u00f1al que asuma como ministra una autoridad con experiencia, que conoce los equipos, los temas, la institucionalidad, y que ha trabajado de manera colaborativa con el sector privado desde la subsecretar\u00eda\u00bb.<\/em><\/strong><\/p>\n\n\n\n<p>He added: <em>\u00abSu nombramiento permite dar continuidad a la agenda agroexportadora y a los procesos en curso, evitando retrocesos en materias cr\u00edticas como la apertura de mercados, el fortalecimiento sanitario y la coordinaci\u00f3n p\u00fablico-privada\u00bb<\/em>.<\/p>\n\n\n\n<p>Asimismo, Marambio dijo que desde Frutas de Chile reconocen y agradecen la labor del exministro, Esteban Valenzuela: <em>\u00abAgradecemos al ex ministro Valenzuela por su permanente compromiso y apertura al di\u00e1logo, especialmente en la agenda agroexportadora, de competitividad del sector y la agricultura familiar campesina\u00bb<\/em>.<\/p>\n\n\n\n<p><strong>Temas en los que seguir avanzando<br><\/strong>En cuanto a las materias de inter\u00e9s para el sector de la fruta, el l\u00edder gremial indic\u00f3 que entre los proyectos que quedaron pendientes y que se ven\u00edan trabajando con el ministro Valenzuela y <em>\u00abque tenemos la convicci\u00f3n que continuar\u00e1n bajo el liderazgo de la ministra Fern\u00e1ndez\u00bb<\/em>, se encuentran:<\/p>\n\n\n\n<p>El fortalecer el Servicio Agr\u00edcola y Ganadero (SAG), clave para resguardar la sanidad e inocuidad de nuestras exportaciones y dar garant\u00edas a los mercados internacionales.<\/p>\n\n\n\n<p>El abrir y profundizar mercados como Marruecos y el sudeste asi\u00e1tico, adem\u00e1s de avanzar en temas puntuales fitosanitarios con socios estrat\u00e9gicos como China, Corea, India, Estados Unidos y M\u00e9xico.<\/p>\n\n\n\n<p>Combatir el contrabando de frutas y vegetales, a trav\u00e9s de proyectos que buscan endurecer las penas y dar mayor protecci\u00f3n a nuestra producci\u00f3n local y a la competitividad del sector.<\/p>\n\n\n\n<p>Finalmente, el presidente de Frutas de Chile indic\u00f3 que <em>\u00abcomo segunda actividad exportadora m\u00e1s relevante del pa\u00eds, despu\u00e9s del cobre, reiteramos nuestro compromiso con la colaboraci\u00f3n t\u00e9cnica y el di\u00e1logo para seguir llevando fruta de calidad al mundo, resguardando la fitosanidad, la inocuidad y el empleo en los territorios\u00bb<\/em>.<\/p>","protected":false},"excerpt":{"rendered":"<p>Tras la salida de Esteban Valenzuela, Ignacia Fern\u00e1ndez asumi\u00f3 como ministra de Agricultura.<\/p>","protected":false},"author":273,"featured_media":43729,"comment_status":"closed","ping_status":"open","sticky":false,"template":"","format":"standard","meta":{"_acf_changed":false,"inline_featured_image":false,"footnotes":""},"categories":[35],"tags":[1748],"category_proveedor":[],"pais":[],"class_list":["post-48608","post","type-post","status-publish","format-standard","has-post-thumbnail","hentry","category-noticias","tag-ivan-marambio"],"acf":[],"yoast_head":"<!-- This site is optimized with the Yoast SEO Premium plugin v21.3 (Yoast SEO v27.3) - https:\/\/yoast.com\/product\/yoast-seo-premium-wordpress\/ -->\n<title>Iv\u00e1n Marambio y nombramiento de ministra de agricultura: &quot;Es una buena se\u00f1al que asuma como ministra una autoridad con experiencia&quot; - Smartcherry<\/title>\n<meta name=\"description\" content=\"En el caso espec\u00edfico de esta cartera, el presidente de Frutas de Chile, Iv\u00e1n Marambio, se\u00f1al\u00f3: &quot;Es una buena se\u00f1al que asuma como ministra una autoridad con experiencia, que conoce los equipos, los temas, la institucionalidad, y que ha trabajado de manera colaborativa con el sector privado desde la subsecretar\u00eda&quot;.\" \/>\n<meta name=\"robots\" content=\"index, follow, max-snippet:-1, max-image-preview:large, max-video-preview:-1\" \/>\n<link rel=\"canonical\" href=\"https:\/\/smartcherry.cl\/en\/noticias\/ivan-marambio-y-nombramiento-de-ministra-de-agricultura-es-una-buena-senal-que-asuma-como-ministra-una-autoridad-con-experiencia\/\" \/>\n<meta property=\"og:locale\" content=\"en_US\" \/>\n<meta property=\"og:type\" content=\"article\" \/>\n<meta property=\"og:title\" content=\"Iv\u00e1n Marambio y nombramiento de ministra de agricultura: &quot;Es una buena se\u00f1al que asuma como ministra una autoridad con experiencia&quot;\" \/>\n<meta property=\"og:description\" content=\"En el caso espec\u00edfico de esta cartera, el presidente de Frutas de Chile, Iv\u00e1n Marambio, se\u00f1al\u00f3: &quot;Es una buena se\u00f1al que asuma como ministra una autoridad con experiencia, que conoce los equipos, los temas, la institucionalidad, y que ha trabajado de manera colaborativa con el sector privado desde la subsecretar\u00eda&quot;.\" \/>\n<meta property=\"og:url\" content=\"https:\/\/smartcherry.cl\/en\/noticias\/ivan-marambio-y-nombramiento-de-ministra-de-agricultura-es-una-buena-senal-que-asuma-como-ministra-una-autoridad-con-experiencia\/\" \/>\n<meta property=\"og:site_name\" content=\"Smartcherry\" \/>\n<meta property=\"article:publisher\" content=\"https:\/\/web.facebook.com\/SmartCherry.cl\/\" \/>\n<meta property=\"article:published_time\" content=\"2025-08-22T20:46:08+00:00\" \/>\n<meta property=\"article:modified_time\" content=\"2025-08-22T20:46:09+00:00\" \/>\n<meta property=\"og:image\" content=\"https:\/\/smartcherry.cl\/wp-content\/uploads\/2025\/02\/Ivan-Marambio_frutas-de-chile.jpg\" \/>\n\t<meta property=\"og:image:width\" content=\"1400\" \/>\n\t<meta property=\"og:image:height\" content=\"800\" \/>\n\t<meta property=\"og:image:type\" content=\"image\/jpeg\" \/>\n<meta name=\"author\" content=\"Beatriz Parra\" \/>\n<meta name=\"twitter:card\" content=\"summary_large_image\" \/>\n<meta name=\"twitter:creator\" content=\"@SmartCherry_cl\" \/>\n<meta name=\"twitter:site\" content=\"@SmartCherry_cl\" \/>\n<meta name=\"twitter:label1\" content=\"Written by\" \/>\n\t<meta name=\"twitter:data1\" content=\"Beatriz Parra\" \/>\n\t<meta name=\"twitter:label2\" content=\"Est. reading time\" \/>\n\t<meta name=\"twitter:data2\" content=\"2 minutes\" \/>\n<script type=\"application\/ld+json\" class=\"yoast-schema-graph\">{\"@context\":\"https:\\\/\\\/schema.org\",\"@graph\":[{\"@type\":\"Article\",\"@id\":\"https:\\\/\\\/smartcherry.cl\\\/noticias\\\/ivan-marambio-y-nombramiento-de-ministra-de-agricultura-es-una-buena-senal-que-asuma-como-ministra-una-autoridad-con-experiencia\\\/#article\",\"isPartOf\":{\"@id\":\"https:\\\/\\\/smartcherry.cl\\\/noticias\\\/ivan-marambio-y-nombramiento-de-ministra-de-agricultura-es-una-buena-senal-que-asuma-como-ministra-una-autoridad-con-experiencia\\\/\"},\"author\":{\"name\":\"Beatriz Parra\",\"@id\":\"https:\\\/\\\/smartcherry.cl\\\/#\\\/schema\\\/person\\\/604ed44370e96b081064b745ca461407\"},\"headline\":\"Iv\u00e1n Marambio y nombramiento de ministra de agricultura: \u00abEs una buena se\u00f1al que asuma como ministra una autoridad con experiencia\u00bb\",\"datePublished\":\"2025-08-22T20:46:08+00:00\",\"dateModified\":\"2025-08-22T20:46:09+00:00\",\"mainEntityOfPage\":{\"@id\":\"https:\\\/\\\/smartcherry.cl\\\/noticias\\\/ivan-marambio-y-nombramiento-de-ministra-de-agricultura-es-una-buena-senal-que-asuma-como-ministra-una-autoridad-con-experiencia\\\/\"},\"wordCount\":367,\"publisher\":{\"@id\":\"https:\\\/\\\/smartcherry.cl\\\/#organization\"},\"image\":{\"@id\":\"https:\\\/\\\/smartcherry.cl\\\/noticias\\\/ivan-marambio-y-nombramiento-de-ministra-de-agricultura-es-una-buena-senal-que-asuma-como-ministra-una-autoridad-con-experiencia\\\/#primaryimage\"},\"thumbnailUrl\":\"https:\\\/\\\/smartcherry.cl\\\/wp-content\\\/uploads\\\/2025\\\/02\\\/Ivan-Marambio_frutas-de-chile.jpg\",\"keywords\":[\"Iv\u00e1n Marambio\"],\"articleSection\":[\"Noticias\"],\"inLanguage\":\"en-US\"},{\"@type\":\"WebPage\",\"@id\":\"https:\\\/\\\/smartcherry.cl\\\/noticias\\\/ivan-marambio-y-nombramiento-de-ministra-de-agricultura-es-una-buena-senal-que-asuma-como-ministra-una-autoridad-con-experiencia\\\/\",\"url\":\"https:\\\/\\\/smartcherry.cl\\\/noticias\\\/ivan-marambio-y-nombramiento-de-ministra-de-agricultura-es-una-buena-senal-que-asuma-como-ministra-una-autoridad-con-experiencia\\\/\",\"name\":\"Iv\u00e1n Marambio y nombramiento de ministra de agricultura: \\\"Es una buena se\u00f1al que asuma como ministra una autoridad con experiencia\\\" - Smartcherry\",\"isPartOf\":{\"@id\":\"https:\\\/\\\/smartcherry.cl\\\/#website\"},\"primaryImageOfPage\":{\"@id\":\"https:\\\/\\\/smartcherry.cl\\\/noticias\\\/ivan-marambio-y-nombramiento-de-ministra-de-agricultura-es-una-buena-senal-que-asuma-como-ministra-una-autoridad-con-experiencia\\\/#primaryimage\"},\"image\":{\"@id\":\"https:\\\/\\\/smartcherry.cl\\\/noticias\\\/ivan-marambio-y-nombramiento-de-ministra-de-agricultura-es-una-buena-senal-que-asuma-como-ministra-una-autoridad-con-experiencia\\\/#primaryimage\"},\"thumbnailUrl\":\"https:\\\/\\\/smartcherry.cl\\\/wp-content\\\/uploads\\\/2025\\\/02\\\/Ivan-Marambio_frutas-de-chile.jpg\",\"datePublished\":\"2025-08-22T20:46:08+00:00\",\"dateModified\":\"2025-08-22T20:46:09+00:00\",\"description\":\"En el caso espec\u00edfico de esta cartera, el presidente de Frutas de Chile, Iv\u00e1n Marambio, se\u00f1al\u00f3: \\\"Es una buena se\u00f1al que asuma como ministra una autoridad con experiencia, que conoce los equipos, los temas, la institucionalidad, y que ha trabajado de manera colaborativa con el sector privado desde la subsecretar\u00eda\\\".\",\"breadcrumb\":{\"@id\":\"https:\\\/\\\/smartcherry.cl\\\/noticias\\\/ivan-marambio-y-nombramiento-de-ministra-de-agricultura-es-una-buena-senal-que-asuma-como-ministra-una-autoridad-con-experiencia\\\/#breadcrumb\"},\"inLanguage\":\"en-US\",\"potentialAction\":[{\"@type\":\"ReadAction\",\"target\":[\"https:\\\/\\\/smartcherry.cl\\\/noticias\\\/ivan-marambio-y-nombramiento-de-ministra-de-agricultura-es-una-buena-senal-que-asuma-como-ministra-una-autoridad-con-experiencia\\\/\"]}]},{\"@type\":\"ImageObject\",\"inLanguage\":\"en-US\",\"@id\":\"https:\\\/\\\/smartcherry.cl\\\/noticias\\\/ivan-marambio-y-nombramiento-de-ministra-de-agricultura-es-una-buena-senal-que-asuma-como-ministra-una-autoridad-con-experiencia\\\/#primaryimage\",\"url\":\"https:\\\/\\\/smartcherry.cl\\\/wp-content\\\/uploads\\\/2025\\\/02\\\/Ivan-Marambio_frutas-de-chile.jpg\",\"contentUrl\":\"https:\\\/\\\/smartcherry.cl\\\/wp-content\\\/uploads\\\/2025\\\/02\\\/Ivan-Marambio_frutas-de-chile.jpg\",\"width\":1400,\"height\":800},{\"@type\":\"BreadcrumbList\",\"@id\":\"https:\\\/\\\/smartcherry.cl\\\/noticias\\\/ivan-marambio-y-nombramiento-de-ministra-de-agricultura-es-una-buena-senal-que-asuma-como-ministra-una-autoridad-con-experiencia\\\/#breadcrumb\",\"itemListElement\":[{\"@type\":\"ListItem\",\"position\":1,\"name\":\"Home\",\"item\":\"https:\\\/\\\/smartcherry.cl\\\/\"},{\"@type\":\"ListItem\",\"position\":2,\"name\":\"Noticias\",\"item\":\"https:\\\/\\\/smartcherry.cl\\\/category\\\/noticias\\\/\"},{\"@type\":\"ListItem\",\"position\":3,\"name\":\"Iv\u00e1n Marambio y nombramiento de ministra de agricultura: \u00abEs una buena se\u00f1al que asuma como ministra una autoridad con experiencia\u00bb\"}]},{\"@type\":\"WebSite\",\"@id\":\"https:\\\/\\\/smartcherry.cl\\\/#website\",\"url\":\"https:\\\/\\\/smartcherry.cl\\\/\",\"name\":\"Smartcherry\",\"description\":\"Sitio de Smartcherry\",\"publisher\":{\"@id\":\"https:\\\/\\\/smartcherry.cl\\\/#organization\"},\"potentialAction\":[{\"@type\":\"SearchAction\",\"target\":{\"@type\":\"EntryPoint\",\"urlTemplate\":\"https:\\\/\\\/smartcherry.cl\\\/?s={search_term_string}\"},\"query-input\":{\"@type\":\"PropertyValueSpecification\",\"valueRequired\":true,\"valueName\":\"search_term_string\"}}],\"inLanguage\":\"en-US\"},{\"@type\":\"Organization\",\"@id\":\"https:\\\/\\\/smartcherry.cl\\\/#organization\",\"name\":\"SmartCherry\",\"url\":\"https:\\\/\\\/smartcherry.cl\\\/\",\"logo\":{\"@type\":\"ImageObject\",\"inLanguage\":\"en-US\",\"@id\":\"https:\\\/\\\/smartcherry.cl\\\/#\\\/schema\\\/logo\\\/image\\\/\",\"url\":\"https:\\\/\\\/smartcherry.cl\\\/wp-content\\\/uploads\\\/2022\\\/02\\\/logo_smartcherry.png\",\"contentUrl\":\"https:\\\/\\\/smartcherry.cl\\\/wp-content\\\/uploads\\\/2022\\\/02\\\/logo_smartcherry.png\",\"width\":411,\"height\":84,\"caption\":\"SmartCherry\"},\"image\":{\"@id\":\"https:\\\/\\\/smartcherry.cl\\\/#\\\/schema\\\/logo\\\/image\\\/\"},\"sameAs\":[\"https:\\\/\\\/web.facebook.com\\\/SmartCherry.cl\\\/\",\"https:\\\/\\\/x.com\\\/SmartCherry_cl\",\"https:\\\/\\\/www.linkedin.com\\\/company\\\/smartcherry\\\/\",\"https:\\\/\\\/www.instagram.com\\\/smartcherry_cl\\\/\",\"https:\\\/\\\/www.youtube.com\\\/channel\\\/UCe007LfgFFnntDgCcqICbPQ\"]},{\"@type\":\"Person\",\"@id\":\"https:\\\/\\\/smartcherry.cl\\\/#\\\/schema\\\/person\\\/604ed44370e96b081064b745ca461407\",\"name\":\"Beatriz Parra\",\"image\":{\"@type\":\"ImageObject\",\"inLanguage\":\"en-US\",\"@id\":\"https:\\\/\\\/smartcherry.cl\\\/wp-content\\\/uploads\\\/2025\\\/01\\\/POST-96x96.png\",\"url\":\"https:\\\/\\\/smartcherry.cl\\\/wp-content\\\/uploads\\\/2025\\\/01\\\/POST-96x96.png\",\"contentUrl\":\"https:\\\/\\\/smartcherry.cl\\\/wp-content\\\/uploads\\\/2025\\\/01\\\/POST-96x96.png\",\"caption\":\"Beatriz Parra\"},\"url\":\"https:\\\/\\\/smartcherry.cl\\\/en\\\/author\\\/bparra\\\/\"}]}<\/script>\n<!-- \/ Yoast SEO Premium plugin. -->","yoast_head_json":{"title":"Iv\u00e1n Marambio y nombramiento de ministra de agricultura: \"Es una buena se\u00f1al que asuma como ministra una autoridad con experiencia\" - Smartcherry","description":"En el caso espec\u00edfico de esta cartera, el presidente de Frutas de Chile, Iv\u00e1n Marambio, se\u00f1al\u00f3: \"Es una buena se\u00f1al que asuma como ministra una autoridad con experiencia, que conoce los equipos, los temas, la institucionalidad, y que ha trabajado de manera colaborativa con el sector privado desde la subsecretar\u00eda\".","robots":{"index":"index","follow":"follow","max-snippet":"max-snippet:-1","max-image-preview":"max-image-preview:large","max-video-preview":"max-video-preview:-1"},"canonical":"https:\/\/smartcherry.cl\/en\/noticias\/ivan-marambio-y-nombramiento-de-ministra-de-agricultura-es-una-buena-senal-que-asuma-como-ministra-una-autoridad-con-experiencia\/","og_locale":"en_US","og_type":"article","og_title":"Iv\u00e1n Marambio y nombramiento de ministra de agricultura: \"Es una buena se\u00f1al que asuma como ministra una autoridad con experiencia\"","og_description":"En el caso espec\u00edfico de esta cartera, el presidente de Frutas de Chile, Iv\u00e1n Marambio, se\u00f1al\u00f3: \"Es una buena se\u00f1al que asuma como ministra una autoridad con experiencia, que conoce los equipos, los temas, la institucionalidad, y que ha trabajado de manera colaborativa con el sector privado desde la subsecretar\u00eda\".","og_url":"https:\/\/smartcherry.cl\/en\/noticias\/ivan-marambio-y-nombramiento-de-ministra-de-agricultura-es-una-buena-senal-que-asuma-como-ministra-una-autoridad-con-experiencia\/","og_site_name":"Smartcherry","article_publisher":"https:\/\/web.facebook.com\/SmartCherry.cl\/","article_published_time":"2025-08-22T20:46:08+00:00","article_modified_time":"2025-08-22T20:46:09+00:00","og_image":[{"width":1400,"height":800,"url":"https:\/\/smartcherry.cl\/wp-content\/uploads\/2025\/02\/Ivan-Marambio_frutas-de-chile.jpg","type":"image\/jpeg"}],"author":"Beatriz Parra","twitter_card":"summary_large_image","twitter_creator":"@SmartCherry_cl","twitter_site":"@SmartCherry_cl","twitter_misc":{"Written by":"Beatriz Parra","Est. reading time":"2 minutes"},"schema":{"@context":"https:\/\/schema.org","@graph":[{"@type":"Article","@id":"https:\/\/smartcherry.cl\/noticias\/ivan-marambio-y-nombramiento-de-ministra-de-agricultura-es-una-buena-senal-que-asuma-como-ministra-una-autoridad-con-experiencia\/#article","isPartOf":{"@id":"https:\/\/smartcherry.cl\/noticias\/ivan-marambio-y-nombramiento-de-ministra-de-agricultura-es-una-buena-senal-que-asuma-como-ministra-una-autoridad-con-experiencia\/"},"author":{"name":"Beatriz Parra","@id":"https:\/\/smartcherry.cl\/#\/schema\/person\/604ed44370e96b081064b745ca461407"},"headline":"Iv\u00e1n Marambio y nombramiento de ministra de agricultura: \u00abEs una buena se\u00f1al que asuma como ministra una autoridad con experiencia\u00bb","datePublished":"2025-08-22T20:46:08+00:00","dateModified":"2025-08-22T20:46:09+00:00","mainEntityOfPage":{"@id":"https:\/\/smartcherry.cl\/noticias\/ivan-marambio-y-nombramiento-de-ministra-de-agricultura-es-una-buena-senal-que-asuma-como-ministra-una-autoridad-con-experiencia\/"},"wordCount":367,"publisher":{"@id":"https:\/\/smartcherry.cl\/#organization"},"image":{"@id":"https:\/\/smartcherry.cl\/noticias\/ivan-marambio-y-nombramiento-de-ministra-de-agricultura-es-una-buena-senal-que-asuma-como-ministra-una-autoridad-con-experiencia\/#primaryimage"},"thumbnailUrl":"https:\/\/smartcherry.cl\/wp-content\/uploads\/2025\/02\/Ivan-Marambio_frutas-de-chile.jpg","keywords":["Iv\u00e1n Marambio"],"articleSection":["Noticias"],"inLanguage":"en-US"},{"@type":"WebPage","@id":"https:\/\/smartcherry.cl\/noticias\/ivan-marambio-y-nombramiento-de-ministra-de-agricultura-es-una-buena-senal-que-asuma-como-ministra-una-autoridad-con-experiencia\/","url":"https:\/\/smartcherry.cl\/noticias\/ivan-marambio-y-nombramiento-de-ministra-de-agricultura-es-una-buena-senal-que-asuma-como-ministra-una-autoridad-con-experiencia\/","name":"Iv\u00e1n Marambio y nombramiento de ministra de agricultura: \"Es una buena se\u00f1al que asuma como ministra una autoridad con experiencia\" - Smartcherry","isPartOf":{"@id":"https:\/\/smartcherry.cl\/#website"},"primaryImageOfPage":{"@id":"https:\/\/smartcherry.cl\/noticias\/ivan-marambio-y-nombramiento-de-ministra-de-agricultura-es-una-buena-senal-que-asuma-como-ministra-una-autoridad-con-experiencia\/#primaryimage"},"image":{"@id":"https:\/\/smartcherry.cl\/noticias\/ivan-marambio-y-nombramiento-de-ministra-de-agricultura-es-una-buena-senal-que-asuma-como-ministra-una-autoridad-con-experiencia\/#primaryimage"},"thumbnailUrl":"https:\/\/smartcherry.cl\/wp-content\/uploads\/2025\/02\/Ivan-Marambio_frutas-de-chile.jpg","datePublished":"2025-08-22T20:46:08+00:00","dateModified":"2025-08-22T20:46:09+00:00","description":"En el caso espec\u00edfico de esta cartera, el presidente de Frutas de Chile, Iv\u00e1n Marambio, se\u00f1al\u00f3: \"Es una buena se\u00f1al que asuma como ministra una autoridad con experiencia, que conoce los equipos, los temas, la institucionalidad, y que ha trabajado de manera colaborativa con el sector privado desde la subsecretar\u00eda\".","breadcrumb":{"@id":"https:\/\/smartcherry.cl\/noticias\/ivan-marambio-y-nombramiento-de-ministra-de-agricultura-es-una-buena-senal-que-asuma-como-ministra-una-autoridad-con-experiencia\/#breadcrumb"},"inLanguage":"en-US","potentialAction":[{"@type":"ReadAction","target":["https:\/\/smartcherry.cl\/noticias\/ivan-marambio-y-nombramiento-de-ministra-de-agricultura-es-una-buena-senal-que-asuma-como-ministra-una-autoridad-con-experiencia\/"]}]},{"@type":"ImageObject","inLanguage":"en-US","@id":"https:\/\/smartcherry.cl\/noticias\/ivan-marambio-y-nombramiento-de-ministra-de-agricultura-es-una-buena-senal-que-asuma-como-ministra-una-autoridad-con-experiencia\/#primaryimage","url":"https:\/\/smartcherry.cl\/wp-content\/uploads\/2025\/02\/Ivan-Marambio_frutas-de-chile.jpg","contentUrl":"https:\/\/smartcherry.cl\/wp-content\/uploads\/2025\/02\/Ivan-Marambio_frutas-de-chile.jpg","width":1400,"height":800},{"@type":"BreadcrumbList","@id":"https:\/\/smartcherry.cl\/noticias\/ivan-marambio-y-nombramiento-de-ministra-de-agricultura-es-una-buena-senal-que-asuma-como-ministra-una-autoridad-con-experiencia\/#breadcrumb","itemListElement":[{"@type":"ListItem","position":1,"name":"Home","item":"https:\/\/smartcherry.cl\/"},{"@type":"ListItem","position":2,"name":"Noticias","item":"https:\/\/smartcherry.cl\/category\/noticias\/"},{"@type":"ListItem","position":3,"name":"Iv\u00e1n Marambio y nombramiento de ministra de agricultura: \u00abEs una buena se\u00f1al que asuma como ministra una autoridad con experiencia\u00bb"}]},{"@type":"WebSite","@id":"https:\/\/smartcherry.cl\/#website","url":"https:\/\/smartcherry.cl\/","name":"Smartcherry","description":"Smartcherry Site","publisher":{"@id":"https:\/\/smartcherry.cl\/#organization"},"potentialAction":[{"@type":"SearchAction","target":{"@type":"EntryPoint","urlTemplate":"https:\/\/smartcherry.cl\/?s={search_term_string}"},"query-input":{"@type":"PropertyValueSpecification","valueRequired":true,"valueName":"search_term_string"}}],"inLanguage":"en-US"},{"@type":"Organization","@id":"https:\/\/smartcherry.cl\/#organization","name":"SmartCherry","url":"https:\/\/smartcherry.cl\/","logo":{"@type":"ImageObject","inLanguage":"en-US","@id":"https:\/\/smartcherry.cl\/#\/schema\/logo\/image\/","url":"https:\/\/smartcherry.cl\/wp-content\/uploads\/2022\/02\/logo_smartcherry.png","contentUrl":"https:\/\/smartcherry.cl\/wp-content\/uploads\/2022\/02\/logo_smartcherry.png","width":411,"height":84,"caption":"SmartCherry"},"image":{"@id":"https:\/\/smartcherry.cl\/#\/schema\/logo\/image\/"},"sameAs":["https:\/\/web.facebook.com\/SmartCherry.cl\/","https:\/\/x.com\/SmartCherry_cl","https:\/\/www.linkedin.com\/company\/smartcherry\/","https:\/\/www.instagram.com\/smartcherry_cl\/","https:\/\/www.youtube.com\/channel\/UCe007LfgFFnntDgCcqICbPQ"]},{"@type":"Person","@id":"https:\/\/smartcherry.cl\/#\/schema\/person\/604ed44370e96b081064b745ca461407","name":"Beatriz Parra","image":{"@type":"ImageObject","inLanguage":"en-US","@id":"https:\/\/smartcherry.cl\/wp-content\/uploads\/2025\/01\/POST-96x96.png","url":"https:\/\/smartcherry.cl\/wp-content\/uploads\/2025\/01\/POST-96x96.png","contentUrl":"https:\/\/smartcherry.cl\/wp-content\/uploads\/2025\/01\/POST-96x96.png","caption":"Beatriz Parra"},"url":"https:\/\/smartcherry.cl\/en\/author\/bparra\/"}]}},"_links":{"self":[{"href":"https:\/\/smartcherry.cl\/en\/wp-json\/wp\/v2\/posts\/48608","targetHints":{"allow":["GET"]}}],"collection":[{"href":"https:\/\/smartcherry.cl\/en\/wp-json\/wp\/v2\/posts"}],"about":[{"href":"https:\/\/smartcherry.cl\/en\/wp-json\/wp\/v2\/types\/post"}],"author":[{"embeddable":true,"href":"https:\/\/smartcherry.cl\/en\/wp-json\/wp\/v2\/users\/273"}],"replies":[{"embeddable":true,"href":"https:\/\/smartcherry.cl\/en\/wp-json\/wp\/v2\/comments?post=48608"}],"version-history":[{"count":1,"href":"https:\/\/smartcherry.cl\/en\/wp-json\/wp\/v2\/posts\/48608\/revisions"}],"predecessor-version":[{"id":48609,"href":"https:\/\/smartcherry.cl\/en\/wp-json\/wp\/v2\/posts\/48608\/revisions\/48609"}],"wp:featuredmedia":[{"embeddable":true,"href":"https:\/\/smartcherry.cl\/en\/wp-json\/wp\/v2\/media\/43729"}],"wp:attachment":[{"href":"https:\/\/smartcherry.cl\/en\/wp-json\/wp\/v2\/media?parent=48608"}],"wp:term":[{"taxonomy":"category","embeddable":true,"href":"https:\/\/smartcherry.cl\/en\/wp-json\/wp\/v2\/categories?post=48608"},{"taxonomy":"post_tag","embeddable":true,"href":"https:\/\/smartcherry.cl\/en\/wp-json\/wp\/v2\/tags?post=48608"},{"taxonomy":"category_proveedor","embeddable":true,"href":"https:\/\/smartcherry.cl\/en\/wp-json\/wp\/v2\/category_proveedor?post=48608"},{"taxonomy":"pais","embeddable":true,"href":"https:\/\/smartcherry.cl\/en\/wp-json\/wp\/v2\/pais?post=48608"}],"curies":[{"name":"wp","href":"https:\/\/api.w.org\/{rel}","templated":true}]}}