{"id":48604,"date":"2025-08-22T11:47:19","date_gmt":"2025-08-22T15:47:19","guid":{"rendered":"https:\/\/smartcherry.cl\/?p=48604"},"modified":"2025-08-22T11:47:20","modified_gmt":"2025-08-22T15:47:20","slug":"nueva-ministra-de-agricultura-comprometio-continuar-el-impulso-a-proyectos-clave-para-el-agro","status":"publish","type":"post","link":"https:\/\/smartcherry.cl\/en\/noticias\/nueva-ministra-de-agricultura-comprometio-continuar-el-impulso-a-proyectos-clave-para-el-agro\/","title":{"rendered":"Nueva ministra de Agricultura comprometi\u00f3 continuar el impulso a proyectos clave para el agro"},"content":{"rendered":"<p><strong><em>Su nombramiento reafirma el compromiso del Gobierno con el fortalecimiento del desarrollo sustentable del sector agr\u00edcola, el trabajo en los territorios, la promoci\u00f3n de la innovaci\u00f3n y la seguridad alimentaria del pa\u00eds.<\/em><\/strong><\/p>\n\n\n\n<p>La ministra Fern\u00e1ndez agradeci\u00f3 la confianza del Mandatario y se\u00f1al\u00f3 que su gesti\u00f3n estar\u00e1 orientada a dar continuidad a las iniciativas en curso: <em>\u00abHay varios proyectos de ley relevantes del ministerio, en distintas etapas de avance, que tenemos la responsabilidad de sacar adelante, como la ley de suelo, la ley de prevenci\u00f3n de incendios forestales y el proyecto de fomento forestal sustentable y bosques mixtos\u00bb<\/em>, afirm\u00f3.<\/p>\n\n\n\n<p>Asimismo, destac\u00f3 que se aproxima una nueva temporada agr\u00edcola, lo que implica importantes desaf\u00edos para el sector: <em>\u00abEsto impacta directamente al mundo agroexportador y a la agenda exportadora, pero tambi\u00e9n al trabajo conjunto con campesinos, campesinas y la agricultura familiar campesina, junto al INDAP\u00bb<\/em>, he added.<\/p>\n\n\n\n<p>Fern\u00e1ndez tambi\u00e9n subray\u00f3 la importancia de la creaci\u00f3n del Servicio Nacional Forestal (SERNAFOR), que reemplazar\u00e1 a CONAF, y de reforzar las acciones preventivas frente a la temporada de mayor ocurrencia de incendios forestales: \u201cEstos desaf\u00edos exigen el m\u00e1ximo compromiso y coordinaci\u00f3n de todos los equipos del ministerio para sacarlos adelante\u201d, se\u00f1al\u00f3.<\/p>\n\n\n\n<p><strong>Biograf\u00eda<br><\/strong>Mar\u00eda Ignacia Fern\u00e1ndez es soci\u00f3loga de la Pontificia Universidad Cat\u00f3lica de Chile, m\u00e1ster en Ciencia Pol\u00edtica por la Universidad de Chile y doctora en Sociolog\u00eda por la Universidad de Barcelona.<\/p>\n\n\n\n<p>Se ha desempe\u00f1ado como asistente de investigaci\u00f3n en la Corporaci\u00f3n de Estudios para Latinoam\u00e9rica (CIEPLAN) y en Asesor\u00edas para el Desarrollo. Durante el primer gobierno de la Presidenta Michelle Bachelet fue jefa de la Divisi\u00f3n de Pol\u00edticas y Estudios de la SUBDERE, liderando el proceso de instalaci\u00f3n de las regiones de Los R\u00edos y Arica y Parinacota, y promoviendo las primeras estrategias regionales de desarrollo.<\/p>\n\n\n\n<p>Adem\u00e1s, fue asesora de la Direcci\u00f3n de Presupuestos del Ministerio de Hacienda y jefa de la Divisi\u00f3n de Pol\u00edticas y Estudios de la SUBDERE, as\u00ed como integrante de la Comisi\u00f3n Asesora Presidencial para la Descentralizaci\u00f3n y el Desarrollo, entre otros cargos.<\/p>\n\n\n\n<p>Es autora de m\u00e1s de 20 publicaciones sobre desarrollo territorial rural, gesti\u00f3n local y protecci\u00f3n social, y acad\u00e9mica del Mag\u00edster en Gesti\u00f3n y Pol\u00edticas P\u00fablicas del Departamento de Ingenier\u00eda Industrial de la Facultad de Ciencias F\u00edsicas y Matem\u00e1ticas de la Universidad de Chile.<\/p>","protected":false},"excerpt":{"rendered":"<p>El Presidente de la Rep\u00fablica, Gabriel Boric, design\u00f3 a Mar\u00eda Ignacia Fern\u00e1ndez como nueva ministra de Agricultura de Chile.<\/p>","protected":false},"author":273,"featured_media":48605,"comment_status":"closed","ping_status":"open","sticky":false,"template":"","format":"standard","meta":{"_acf_changed":false,"inline_featured_image":false,"footnotes":""},"categories":[35],"tags":[293,4257],"category_proveedor":[],"pais":[],"class_list":["post-48604","post","type-post","status-publish","format-standard","has-post-thumbnail","hentry","category-noticias","tag-ministra-agricultura","tag-maria-ignacia-fernandez"],"acf":[],"yoast_head":"<!-- This site is optimized with the Yoast SEO Premium plugin v21.3 (Yoast SEO v27.3) - https:\/\/yoast.com\/product\/yoast-seo-premium-wordpress\/ -->\n<title>Nueva ministra de Agricultura comprometi\u00f3 continuar el impulso a proyectos clave para el agro - Smartcherry<\/title>\n<meta name=\"description\" content=\"Su nombramiento reafirma el compromiso del Gobierno con el fortalecimiento del desarrollo sustentable del sector agr\u00edcola, el trabajo en los territorios, la promoci\u00f3n de la innovaci\u00f3n y la seguridad alimentaria del pa\u00eds.\" \/>\n<meta name=\"robots\" content=\"index, follow, max-snippet:-1, max-image-preview:large, max-video-preview:-1\" \/>\n<link rel=\"canonical\" href=\"https:\/\/smartcherry.cl\/en\/noticias\/nueva-ministra-de-agricultura-comprometio-continuar-el-impulso-a-proyectos-clave-para-el-agro\/\" \/>\n<meta property=\"og:locale\" content=\"en_US\" \/>\n<meta property=\"og:type\" content=\"article\" \/>\n<meta property=\"og:title\" content=\"Nueva ministra de Agricultura comprometi\u00f3 continuar el impulso a proyectos clave para el agro\" \/>\n<meta property=\"og:description\" content=\"Su nombramiento reafirma el compromiso del Gobierno con el fortalecimiento del desarrollo sustentable del sector agr\u00edcola, el trabajo en los territorios, la promoci\u00f3n de la innovaci\u00f3n y la seguridad alimentaria del pa\u00eds.\" \/>\n<meta property=\"og:url\" content=\"https:\/\/smartcherry.cl\/en\/noticias\/nueva-ministra-de-agricultura-comprometio-continuar-el-impulso-a-proyectos-clave-para-el-agro\/\" \/>\n<meta property=\"og:site_name\" content=\"Smartcherry\" \/>\n<meta property=\"article:publisher\" content=\"https:\/\/web.facebook.com\/SmartCherry.cl\/\" \/>\n<meta property=\"article:published_time\" content=\"2025-08-22T15:47:19+00:00\" \/>\n<meta property=\"article:modified_time\" content=\"2025-08-22T15:47:20+00:00\" \/>\n<meta property=\"og:image\" content=\"https:\/\/smartcherry.cl\/wp-content\/uploads\/2025\/08\/Maria-Ignacia-Fernandez.jpg\" \/>\n\t<meta property=\"og:image:width\" content=\"1200\" \/>\n\t<meta property=\"og:image:height\" content=\"719\" \/>\n\t<meta property=\"og:image:type\" content=\"image\/jpeg\" \/>\n<meta name=\"author\" content=\"Beatriz Parra\" \/>\n<meta name=\"twitter:card\" content=\"summary_large_image\" \/>\n<meta name=\"twitter:creator\" content=\"@SmartCherry_cl\" \/>\n<meta name=\"twitter:site\" content=\"@SmartCherry_cl\" \/>\n<meta name=\"twitter:label1\" content=\"Written by\" \/>\n\t<meta name=\"twitter:data1\" content=\"Beatriz Parra\" \/>\n\t<meta name=\"twitter:label2\" content=\"Est. reading time\" \/>\n\t<meta name=\"twitter:data2\" content=\"2 minutes\" \/>\n<script type=\"application\/ld+json\" class=\"yoast-schema-graph\">{\"@context\":\"https:\\\/\\\/schema.org\",\"@graph\":[{\"@type\":\"Article\",\"@id\":\"https:\\\/\\\/smartcherry.cl\\\/noticias\\\/nueva-ministra-de-agricultura-comprometio-continuar-el-impulso-a-proyectos-clave-para-el-agro\\\/#article\",\"isPartOf\":{\"@id\":\"https:\\\/\\\/smartcherry.cl\\\/noticias\\\/nueva-ministra-de-agricultura-comprometio-continuar-el-impulso-a-proyectos-clave-para-el-agro\\\/\"},\"author\":{\"name\":\"Beatriz Parra\",\"@id\":\"https:\\\/\\\/smartcherry.cl\\\/#\\\/schema\\\/person\\\/604ed44370e96b081064b745ca461407\"},\"headline\":\"Nueva ministra de Agricultura comprometi\u00f3 continuar el impulso a proyectos clave para el agro\",\"datePublished\":\"2025-08-22T15:47:19+00:00\",\"dateModified\":\"2025-08-22T15:47:20+00:00\",\"mainEntityOfPage\":{\"@id\":\"https:\\\/\\\/smartcherry.cl\\\/noticias\\\/nueva-ministra-de-agricultura-comprometio-continuar-el-impulso-a-proyectos-clave-para-el-agro\\\/\"},\"wordCount\":439,\"publisher\":{\"@id\":\"https:\\\/\\\/smartcherry.cl\\\/#organization\"},\"image\":{\"@id\":\"https:\\\/\\\/smartcherry.cl\\\/noticias\\\/nueva-ministra-de-agricultura-comprometio-continuar-el-impulso-a-proyectos-clave-para-el-agro\\\/#primaryimage\"},\"thumbnailUrl\":\"https:\\\/\\\/smartcherry.cl\\\/wp-content\\\/uploads\\\/2025\\\/08\\\/Maria-Ignacia-Fernandez.jpg\",\"keywords\":[\"Ministra Agricultura\",\"mar\u00eda ignacia fern\u00e1ndez\"],\"articleSection\":[\"Noticias\"],\"inLanguage\":\"en-US\"},{\"@type\":\"WebPage\",\"@id\":\"https:\\\/\\\/smartcherry.cl\\\/noticias\\\/nueva-ministra-de-agricultura-comprometio-continuar-el-impulso-a-proyectos-clave-para-el-agro\\\/\",\"url\":\"https:\\\/\\\/smartcherry.cl\\\/noticias\\\/nueva-ministra-de-agricultura-comprometio-continuar-el-impulso-a-proyectos-clave-para-el-agro\\\/\",\"name\":\"Nueva ministra de Agricultura comprometi\u00f3 continuar el impulso a proyectos clave para el agro - Smartcherry\",\"isPartOf\":{\"@id\":\"https:\\\/\\\/smartcherry.cl\\\/#website\"},\"primaryImageOfPage\":{\"@id\":\"https:\\\/\\\/smartcherry.cl\\\/noticias\\\/nueva-ministra-de-agricultura-comprometio-continuar-el-impulso-a-proyectos-clave-para-el-agro\\\/#primaryimage\"},\"image\":{\"@id\":\"https:\\\/\\\/smartcherry.cl\\\/noticias\\\/nueva-ministra-de-agricultura-comprometio-continuar-el-impulso-a-proyectos-clave-para-el-agro\\\/#primaryimage\"},\"thumbnailUrl\":\"https:\\\/\\\/smartcherry.cl\\\/wp-content\\\/uploads\\\/2025\\\/08\\\/Maria-Ignacia-Fernandez.jpg\",\"datePublished\":\"2025-08-22T15:47:19+00:00\",\"dateModified\":\"2025-08-22T15:47:20+00:00\",\"description\":\"Su nombramiento reafirma el compromiso del Gobierno con el fortalecimiento del desarrollo sustentable del sector agr\u00edcola, el trabajo en los territorios, la promoci\u00f3n de la innovaci\u00f3n y la seguridad alimentaria del pa\u00eds.\",\"breadcrumb\":{\"@id\":\"https:\\\/\\\/smartcherry.cl\\\/noticias\\\/nueva-ministra-de-agricultura-comprometio-continuar-el-impulso-a-proyectos-clave-para-el-agro\\\/#breadcrumb\"},\"inLanguage\":\"en-US\",\"potentialAction\":[{\"@type\":\"ReadAction\",\"target\":[\"https:\\\/\\\/smartcherry.cl\\\/noticias\\\/nueva-ministra-de-agricultura-comprometio-continuar-el-impulso-a-proyectos-clave-para-el-agro\\\/\"]}]},{\"@type\":\"ImageObject\",\"inLanguage\":\"en-US\",\"@id\":\"https:\\\/\\\/smartcherry.cl\\\/noticias\\\/nueva-ministra-de-agricultura-comprometio-continuar-el-impulso-a-proyectos-clave-para-el-agro\\\/#primaryimage\",\"url\":\"https:\\\/\\\/smartcherry.cl\\\/wp-content\\\/uploads\\\/2025\\\/08\\\/Maria-Ignacia-Fernandez.jpg\",\"contentUrl\":\"https:\\\/\\\/smartcherry.cl\\\/wp-content\\\/uploads\\\/2025\\\/08\\\/Maria-Ignacia-Fernandez.jpg\",\"width\":1200,\"height\":719},{\"@type\":\"BreadcrumbList\",\"@id\":\"https:\\\/\\\/smartcherry.cl\\\/noticias\\\/nueva-ministra-de-agricultura-comprometio-continuar-el-impulso-a-proyectos-clave-para-el-agro\\\/#breadcrumb\",\"itemListElement\":[{\"@type\":\"ListItem\",\"position\":1,\"name\":\"Home\",\"item\":\"https:\\\/\\\/smartcherry.cl\\\/\"},{\"@type\":\"ListItem\",\"position\":2,\"name\":\"Noticias\",\"item\":\"https:\\\/\\\/smartcherry.cl\\\/category\\\/noticias\\\/\"},{\"@type\":\"ListItem\",\"position\":3,\"name\":\"Nueva ministra de Agricultura comprometi\u00f3 continuar el impulso a proyectos clave para el agro\"}]},{\"@type\":\"WebSite\",\"@id\":\"https:\\\/\\\/smartcherry.cl\\\/#website\",\"url\":\"https:\\\/\\\/smartcherry.cl\\\/\",\"name\":\"Smartcherry\",\"description\":\"Sitio de Smartcherry\",\"publisher\":{\"@id\":\"https:\\\/\\\/smartcherry.cl\\\/#organization\"},\"potentialAction\":[{\"@type\":\"SearchAction\",\"target\":{\"@type\":\"EntryPoint\",\"urlTemplate\":\"https:\\\/\\\/smartcherry.cl\\\/?s={search_term_string}\"},\"query-input\":{\"@type\":\"PropertyValueSpecification\",\"valueRequired\":true,\"valueName\":\"search_term_string\"}}],\"inLanguage\":\"en-US\"},{\"@type\":\"Organization\",\"@id\":\"https:\\\/\\\/smartcherry.cl\\\/#organization\",\"name\":\"SmartCherry\",\"url\":\"https:\\\/\\\/smartcherry.cl\\\/\",\"logo\":{\"@type\":\"ImageObject\",\"inLanguage\":\"en-US\",\"@id\":\"https:\\\/\\\/smartcherry.cl\\\/#\\\/schema\\\/logo\\\/image\\\/\",\"url\":\"https:\\\/\\\/smartcherry.cl\\\/wp-content\\\/uploads\\\/2022\\\/02\\\/logo_smartcherry.png\",\"contentUrl\":\"https:\\\/\\\/smartcherry.cl\\\/wp-content\\\/uploads\\\/2022\\\/02\\\/logo_smartcherry.png\",\"width\":411,\"height\":84,\"caption\":\"SmartCherry\"},\"image\":{\"@id\":\"https:\\\/\\\/smartcherry.cl\\\/#\\\/schema\\\/logo\\\/image\\\/\"},\"sameAs\":[\"https:\\\/\\\/web.facebook.com\\\/SmartCherry.cl\\\/\",\"https:\\\/\\\/x.com\\\/SmartCherry_cl\",\"https:\\\/\\\/www.linkedin.com\\\/company\\\/smartcherry\\\/\",\"https:\\\/\\\/www.instagram.com\\\/smartcherry_cl\\\/\",\"https:\\\/\\\/www.youtube.com\\\/channel\\\/UCe007LfgFFnntDgCcqICbPQ\"]},{\"@type\":\"Person\",\"@id\":\"https:\\\/\\\/smartcherry.cl\\\/#\\\/schema\\\/person\\\/604ed44370e96b081064b745ca461407\",\"name\":\"Beatriz Parra\",\"image\":{\"@type\":\"ImageObject\",\"inLanguage\":\"en-US\",\"@id\":\"https:\\\/\\\/smartcherry.cl\\\/wp-content\\\/uploads\\\/2025\\\/01\\\/POST-96x96.png\",\"url\":\"https:\\\/\\\/smartcherry.cl\\\/wp-content\\\/uploads\\\/2025\\\/01\\\/POST-96x96.png\",\"contentUrl\":\"https:\\\/\\\/smartcherry.cl\\\/wp-content\\\/uploads\\\/2025\\\/01\\\/POST-96x96.png\",\"caption\":\"Beatriz Parra\"},\"url\":\"https:\\\/\\\/smartcherry.cl\\\/en\\\/author\\\/bparra\\\/\"}]}<\/script>\n<!-- \/ Yoast SEO Premium plugin. -->","yoast_head_json":{"title":"Nueva ministra de Agricultura comprometi\u00f3 continuar el impulso a proyectos clave para el agro - Smartcherry","description":"Su nombramiento reafirma el compromiso del Gobierno con el fortalecimiento del desarrollo sustentable del sector agr\u00edcola, el trabajo en los territorios, la promoci\u00f3n de la innovaci\u00f3n y la seguridad alimentaria del pa\u00eds.","robots":{"index":"index","follow":"follow","max-snippet":"max-snippet:-1","max-image-preview":"max-image-preview:large","max-video-preview":"max-video-preview:-1"},"canonical":"https:\/\/smartcherry.cl\/en\/noticias\/nueva-ministra-de-agricultura-comprometio-continuar-el-impulso-a-proyectos-clave-para-el-agro\/","og_locale":"en_US","og_type":"article","og_title":"Nueva ministra de Agricultura comprometi\u00f3 continuar el impulso a proyectos clave para el agro","og_description":"Su nombramiento reafirma el compromiso del Gobierno con el fortalecimiento del desarrollo sustentable del sector agr\u00edcola, el trabajo en los territorios, la promoci\u00f3n de la innovaci\u00f3n y la seguridad alimentaria del pa\u00eds.","og_url":"https:\/\/smartcherry.cl\/en\/noticias\/nueva-ministra-de-agricultura-comprometio-continuar-el-impulso-a-proyectos-clave-para-el-agro\/","og_site_name":"Smartcherry","article_publisher":"https:\/\/web.facebook.com\/SmartCherry.cl\/","article_published_time":"2025-08-22T15:47:19+00:00","article_modified_time":"2025-08-22T15:47:20+00:00","og_image":[{"width":1200,"height":719,"url":"https:\/\/smartcherry.cl\/wp-content\/uploads\/2025\/08\/Maria-Ignacia-Fernandez.jpg","type":"image\/jpeg"}],"author":"Beatriz Parra","twitter_card":"summary_large_image","twitter_creator":"@SmartCherry_cl","twitter_site":"@SmartCherry_cl","twitter_misc":{"Written by":"Beatriz Parra","Est. reading time":"2 minutes"},"schema":{"@context":"https:\/\/schema.org","@graph":[{"@type":"Article","@id":"https:\/\/smartcherry.cl\/noticias\/nueva-ministra-de-agricultura-comprometio-continuar-el-impulso-a-proyectos-clave-para-el-agro\/#article","isPartOf":{"@id":"https:\/\/smartcherry.cl\/noticias\/nueva-ministra-de-agricultura-comprometio-continuar-el-impulso-a-proyectos-clave-para-el-agro\/"},"author":{"name":"Beatriz Parra","@id":"https:\/\/smartcherry.cl\/#\/schema\/person\/604ed44370e96b081064b745ca461407"},"headline":"Nueva ministra de Agricultura comprometi\u00f3 continuar el impulso a proyectos clave para el agro","datePublished":"2025-08-22T15:47:19+00:00","dateModified":"2025-08-22T15:47:20+00:00","mainEntityOfPage":{"@id":"https:\/\/smartcherry.cl\/noticias\/nueva-ministra-de-agricultura-comprometio-continuar-el-impulso-a-proyectos-clave-para-el-agro\/"},"wordCount":439,"publisher":{"@id":"https:\/\/smartcherry.cl\/#organization"},"image":{"@id":"https:\/\/smartcherry.cl\/noticias\/nueva-ministra-de-agricultura-comprometio-continuar-el-impulso-a-proyectos-clave-para-el-agro\/#primaryimage"},"thumbnailUrl":"https:\/\/smartcherry.cl\/wp-content\/uploads\/2025\/08\/Maria-Ignacia-Fernandez.jpg","keywords":["Ministra Agricultura","mar\u00eda ignacia fern\u00e1ndez"],"articleSection":["Noticias"],"inLanguage":"en-US"},{"@type":"WebPage","@id":"https:\/\/smartcherry.cl\/noticias\/nueva-ministra-de-agricultura-comprometio-continuar-el-impulso-a-proyectos-clave-para-el-agro\/","url":"https:\/\/smartcherry.cl\/noticias\/nueva-ministra-de-agricultura-comprometio-continuar-el-impulso-a-proyectos-clave-para-el-agro\/","name":"Nueva ministra de Agricultura comprometi\u00f3 continuar el impulso a proyectos clave para el agro - Smartcherry","isPartOf":{"@id":"https:\/\/smartcherry.cl\/#website"},"primaryImageOfPage":{"@id":"https:\/\/smartcherry.cl\/noticias\/nueva-ministra-de-agricultura-comprometio-continuar-el-impulso-a-proyectos-clave-para-el-agro\/#primaryimage"},"image":{"@id":"https:\/\/smartcherry.cl\/noticias\/nueva-ministra-de-agricultura-comprometio-continuar-el-impulso-a-proyectos-clave-para-el-agro\/#primaryimage"},"thumbnailUrl":"https:\/\/smartcherry.cl\/wp-content\/uploads\/2025\/08\/Maria-Ignacia-Fernandez.jpg","datePublished":"2025-08-22T15:47:19+00:00","dateModified":"2025-08-22T15:47:20+00:00","description":"Su nombramiento reafirma el compromiso del Gobierno con el fortalecimiento del desarrollo sustentable del sector agr\u00edcola, el trabajo en los territorios, la promoci\u00f3n de la innovaci\u00f3n y la seguridad alimentaria del pa\u00eds.","breadcrumb":{"@id":"https:\/\/smartcherry.cl\/noticias\/nueva-ministra-de-agricultura-comprometio-continuar-el-impulso-a-proyectos-clave-para-el-agro\/#breadcrumb"},"inLanguage":"en-US","potentialAction":[{"@type":"ReadAction","target":["https:\/\/smartcherry.cl\/noticias\/nueva-ministra-de-agricultura-comprometio-continuar-el-impulso-a-proyectos-clave-para-el-agro\/"]}]},{"@type":"ImageObject","inLanguage":"en-US","@id":"https:\/\/smartcherry.cl\/noticias\/nueva-ministra-de-agricultura-comprometio-continuar-el-impulso-a-proyectos-clave-para-el-agro\/#primaryimage","url":"https:\/\/smartcherry.cl\/wp-content\/uploads\/2025\/08\/Maria-Ignacia-Fernandez.jpg","contentUrl":"https:\/\/smartcherry.cl\/wp-content\/uploads\/2025\/08\/Maria-Ignacia-Fernandez.jpg","width":1200,"height":719},{"@type":"BreadcrumbList","@id":"https:\/\/smartcherry.cl\/noticias\/nueva-ministra-de-agricultura-comprometio-continuar-el-impulso-a-proyectos-clave-para-el-agro\/#breadcrumb","itemListElement":[{"@type":"ListItem","position":1,"name":"Home","item":"https:\/\/smartcherry.cl\/"},{"@type":"ListItem","position":2,"name":"Noticias","item":"https:\/\/smartcherry.cl\/category\/noticias\/"},{"@type":"ListItem","position":3,"name":"Nueva ministra de Agricultura comprometi\u00f3 continuar el impulso a proyectos clave para el agro"}]},{"@type":"WebSite","@id":"https:\/\/smartcherry.cl\/#website","url":"https:\/\/smartcherry.cl\/","name":"Smartcherry","description":"Smartcherry Site","publisher":{"@id":"https:\/\/smartcherry.cl\/#organization"},"potentialAction":[{"@type":"SearchAction","target":{"@type":"EntryPoint","urlTemplate":"https:\/\/smartcherry.cl\/?s={search_term_string}"},"query-input":{"@type":"PropertyValueSpecification","valueRequired":true,"valueName":"search_term_string"}}],"inLanguage":"en-US"},{"@type":"Organization","@id":"https:\/\/smartcherry.cl\/#organization","name":"SmartCherry","url":"https:\/\/smartcherry.cl\/","logo":{"@type":"ImageObject","inLanguage":"en-US","@id":"https:\/\/smartcherry.cl\/#\/schema\/logo\/image\/","url":"https:\/\/smartcherry.cl\/wp-content\/uploads\/2022\/02\/logo_smartcherry.png","contentUrl":"https:\/\/smartcherry.cl\/wp-content\/uploads\/2022\/02\/logo_smartcherry.png","width":411,"height":84,"caption":"SmartCherry"},"image":{"@id":"https:\/\/smartcherry.cl\/#\/schema\/logo\/image\/"},"sameAs":["https:\/\/web.facebook.com\/SmartCherry.cl\/","https:\/\/x.com\/SmartCherry_cl","https:\/\/www.linkedin.com\/company\/smartcherry\/","https:\/\/www.instagram.com\/smartcherry_cl\/","https:\/\/www.youtube.com\/channel\/UCe007LfgFFnntDgCcqICbPQ"]},{"@type":"Person","@id":"https:\/\/smartcherry.cl\/#\/schema\/person\/604ed44370e96b081064b745ca461407","name":"Beatriz Parra","image":{"@type":"ImageObject","inLanguage":"en-US","@id":"https:\/\/smartcherry.cl\/wp-content\/uploads\/2025\/01\/POST-96x96.png","url":"https:\/\/smartcherry.cl\/wp-content\/uploads\/2025\/01\/POST-96x96.png","contentUrl":"https:\/\/smartcherry.cl\/wp-content\/uploads\/2025\/01\/POST-96x96.png","caption":"Beatriz Parra"},"url":"https:\/\/smartcherry.cl\/en\/author\/bparra\/"}]}},"_links":{"self":[{"href":"https:\/\/smartcherry.cl\/en\/wp-json\/wp\/v2\/posts\/48604","targetHints":{"allow":["GET"]}}],"collection":[{"href":"https:\/\/smartcherry.cl\/en\/wp-json\/wp\/v2\/posts"}],"about":[{"href":"https:\/\/smartcherry.cl\/en\/wp-json\/wp\/v2\/types\/post"}],"author":[{"embeddable":true,"href":"https:\/\/smartcherry.cl\/en\/wp-json\/wp\/v2\/users\/273"}],"replies":[{"embeddable":true,"href":"https:\/\/smartcherry.cl\/en\/wp-json\/wp\/v2\/comments?post=48604"}],"version-history":[{"count":2,"href":"https:\/\/smartcherry.cl\/en\/wp-json\/wp\/v2\/posts\/48604\/revisions"}],"predecessor-version":[{"id":48607,"href":"https:\/\/smartcherry.cl\/en\/wp-json\/wp\/v2\/posts\/48604\/revisions\/48607"}],"wp:featuredmedia":[{"embeddable":true,"href":"https:\/\/smartcherry.cl\/en\/wp-json\/wp\/v2\/media\/48605"}],"wp:attachment":[{"href":"https:\/\/smartcherry.cl\/en\/wp-json\/wp\/v2\/media?parent=48604"}],"wp:term":[{"taxonomy":"category","embeddable":true,"href":"https:\/\/smartcherry.cl\/en\/wp-json\/wp\/v2\/categories?post=48604"},{"taxonomy":"post_tag","embeddable":true,"href":"https:\/\/smartcherry.cl\/en\/wp-json\/wp\/v2\/tags?post=48604"},{"taxonomy":"category_proveedor","embeddable":true,"href":"https:\/\/smartcherry.cl\/en\/wp-json\/wp\/v2\/category_proveedor?post=48604"},{"taxonomy":"pais","embeddable":true,"href":"https:\/\/smartcherry.cl\/en\/wp-json\/wp\/v2\/pais?post=48604"}],"curies":[{"name":"wp","href":"https:\/\/api.w.org\/{rel}","templated":true}]}}