{"id":48551,"date":"2025-08-21T14:15:46","date_gmt":"2025-08-21T18:15:46","guid":{"rendered":"https:\/\/smartcherry.cl\/?p=48551"},"modified":"2025-08-21T14:16:05","modified_gmt":"2025-08-21T18:16:05","slug":"antonio-walker-sobre-nueva-temporada-tenemos-que-estar-unidos","status":"publish","type":"post","link":"https:\/\/smartcherry.cl\/en\/comercial\/antonio-walker-sobre-nueva-temporada-tenemos-que-estar-unidos\/","title":{"rendered":"Antonio Walker sobre nueva temporada: \u00abTenemos que estar unidos\u00bb"},"content":{"rendered":"<p class=\"wp-block-paragraph\"><strong><em>Esto debido a una divisi\u00f3n en la industria por la estrategia para enfrentar la campa\u00f1a 2025-2026, con el fin de evitar repetir la sobreoferta en China que provoc\u00f3 un derrumbe de precios en el pasado ciclo, considerado el peor en la historia de este fruto, considerado el tercer mayor producto de exportaci\u00f3n de Chile.<\/em><\/strong><\/p>\n\n\n\n<p class=\"wp-block-paragraph\">Las diferencias entre gremios sobre c\u00f3mo enfrentar la nueva temporada han tensionado un escenario ya complejo. En medio de este debate, el presidente de la Sociedad Nacional de Agricultura (SNA), Antonio Walker, inst\u00f3 a \u00abdejar la pelea chica\u00bb y enfocarse en la unidad. La disputa se origin\u00f3 por una carta compromiso impulsada por el Comit\u00e9 de Cerezas de Frutas de Chile junto a la SNA y Fedefruta, que buscaba establecer lineamientos para exportar a China fruta de mayor tama\u00f1o y calidad, dejando fuera calibres y categor\u00edas menores.<\/p>\n\n\n\n<p class=\"wp-block-paragraph\">La medida buscaba evitar la sobreoferta que provoc\u00f3 una ca\u00edda del 33% en los precios en China durante la \u00faltima temporada, con p\u00e9rdidas millonarias para productores y exportadores. Sin embargo, reparos legales vinculados a la libre competencia y acusaciones de un eventual \u00ababuso\u00bb de los grandes actores frenaron la iniciativa.<\/p>\n\n\n\n<p class=\"wp-block-paragraph\">El Comit\u00e9 comunic\u00f3 a sus socios que la carta quedaba sin efecto, generando molestia en parte del sector. \u00abCreo que la forma y el respeto siempre hay que tenerlos presentes y hay que cuidarlos. M\u00e1s a\u00fan, cuando somos una industria que si no es capaz de actuar conjunto, unida y con transparencia, lo \u00fanico que hacemos es regalarles la cancha a nuestros competidores directos\u00bb, advirti\u00f3 d\u00edas atr\u00e1s V\u00edctor Cat\u00e1n, presidente de Fedefruta, reflejando la tensi\u00f3n entre los gremios.<\/p>\n\n\n\n<p class=\"wp-block-paragraph\"><strong>La trama de la discordia<br><\/strong>Frente a estas diferencias, Walker explic\u00f3 el punto de fricci\u00f3n: <em>\u00abNosotros creemos que eliminar dos calibres y una calidad no afecta la libre competencia. Y ah\u00ed hay abogados que han echo ver el punto &#8216;ojo con afectar la libre competencia&#8217;. Yo dir\u00eda que esa es la diferencia\u00bb<\/em>. A su juicio, el sistema chileno no ofrece riesgo en esta materia: <em>\u00abNosotros creemos que en Chile el sistema exportador es un ejemplo de libre competencia. Si Chile tiene m\u00e1s de 500 exportadoras. Tiene 28 mil productores de frutas, de todos los tama\u00f1os\u00bb<\/em>.<\/p>\n\n\n\n<figure class=\"wp-block-image alignright size-large is-resized\"><img fetchpriority=\"high\" decoding=\"async\" width=\"1024\" height=\"682\" src=\"https:\/\/smartcherry.cl\/wp-content\/uploads\/2025\/08\/F3-1024x682.jpeg\" alt=\"\" class=\"wp-image-48553\" style=\"width:445px;height:auto\" srcset=\"https:\/\/smartcherry.cl\/wp-content\/uploads\/2025\/08\/F3-1024x682.jpeg 1024w, https:\/\/smartcherry.cl\/wp-content\/uploads\/2025\/08\/F3-300x200.jpeg 300w, https:\/\/smartcherry.cl\/wp-content\/uploads\/2025\/08\/F3-768x512.jpeg 768w, https:\/\/smartcherry.cl\/wp-content\/uploads\/2025\/08\/F3-18x12.jpeg 18w, https:\/\/smartcherry.cl\/wp-content\/uploads\/2025\/08\/F3.jpeg 1280w\" sizes=\"(max-width: 1024px) 100vw, 1024px\" \/><figcaption class=\"wp-element-caption\">Antonio Walker<\/figcaption><\/figure>\n\n\n\n<p class=\"wp-block-paragraph\">Para el presidente de la SNA, el foco debe estar en responder a un consumidor cada vez m\u00e1s exigente. Y en esa l\u00ednea, enfatiz\u00f3 que <em>\u00abnecesitamos llegar con un producto muy fresco, de muy buen sabor, de muy buen aspecto y tambi\u00e9n de muy buenas condiciones y para eso tenemos que estar los tres gremios unidos\u00bb<\/em>.<\/p>\n\n\n\n<p class=\"wp-block-paragraph\"><em>\u00abNo hay una crisis entre los tres gremios, no hay un quiebre\u00bb<\/em>, sino que <em>\u00abhay una visi\u00f3n distinta de c\u00f3mo lograr este producto de alt\u00edsima calidad\u00bb<\/em>, recalc\u00f3.<\/p>\n\n\n\n<p class=\"wp-block-paragraph\"><strong>Unidad ante la temporada que viene<br><\/strong>Walker sostuvo que el trabajo conjunto es clave para enfrentar la temporada y record\u00f3 que el negocio es estrat\u00e9gico para el pa\u00eds. <em>\u00abTenemos que estar muy unidos para enfrentar la temporada que viene en un producto que exporta US$3.500 millones, que genera 350.000 empleos, que es el tercer producto en la exportaci\u00f3n de Chile. Entonces, la unidad gremial es fundamental para enfrentar la pr\u00f3xima temporada\u00bb<\/em>, acot\u00f3.<\/p>\n\n\n\n<p class=\"wp-block-paragraph\">Respecto al objetivo del acuerdo frustrado, reiter\u00f3 que <em>\u00abeliminar dos calibres y una categor\u00eda dado a que queremos aspirar a un producto de alt\u00edsima calidad y condici\u00f3n. Ese es el objetivo, tener un producto de alt\u00edsima calidad y condici\u00f3n en un producto que tiene alto precio dado a la connotaci\u00f3n que tiene la cereza en China\u00bb<\/em>. Para Walker, m\u00e1s que una imposici\u00f3n, se trata de una recomendaci\u00f3n voluntaria.<\/p>\n\n\n\n<p class=\"wp-block-paragraph\"><em>\u00abYo creo que hay que restringir de todas maneras dos calibres. Hay que restringir la categor\u00eda 2 y no es m\u00e1s que eso. Es que en Chile por fin tengamos una norma de exportaci\u00f3n que sea voluntaria a cumplirla y el llamado que yo hago a la industria es a cumplir la recomendaci\u00f3n que nosotros estamos haciendo\u00bb<\/em>, insisti\u00f3.<\/p>\n\n\n\n<p class=\"wp-block-paragraph\">El dirigente gremial tambi\u00e9n apunt\u00f3 al rol articulador del Comit\u00e9 de la Cereza y explic\u00f3 que \u00ab<em>tiene un rol fundamental que jugar, porque es el ente coordinador, el que hace la promoci\u00f3n, el que orienta a la industria. Y yo desde la SNA lo digo: tenemos que fortalecer el Comit\u00e9 de la Cereza\u00bb<\/em>.<\/p>\n\n\n\n<p class=\"wp-block-paragraph\">Mirando la temporada 2025-2026, Walker se\u00f1al\u00f3 que existen condiciones m\u00e1s favorables que el a\u00f1o pasado. No obstante, remarc\u00f3 que <em>\u00abpara que no ocurra lo que ocurri\u00f3 el a\u00f1o pasado, donde m\u00e1s afectados fueron los productores por el retorno que tuvieron, es que necesitamos un producto de alt\u00edsima calidad y condici\u00f3n\u00bb<\/em>.<\/p>\n\n\n\n<p class=\"wp-block-paragraph\">En esa l\u00ednea, record\u00f3 que la campa\u00f1a previa estuvo marcada por un incremento del 52% en el volumen de env\u00edos, lo que desbord\u00f3 al mercado y a la log\u00edstica. <em>\u00abLleg\u00f3 un producto bastante heterog\u00e9neo\u00bb<\/em>, sostuvo.<\/p>\n\n\n\n<p class=\"wp-block-paragraph\">Este a\u00f1o, en cambio, el escenario ser\u00eda distinto. Seg\u00fan asever\u00f3 Walker, <em>\u00abel aumento de este a\u00f1o es m\u00ednimo, si es que lo hay\u00bb<\/em>. En ese sentido, asegur\u00f3 que hay un mercado y una log\u00edstica <em>\u00abmucho m\u00e1s preparada\u00bb. \u00abEstamos con la actitud de diversificar mercado\u00bb<\/em>, asever\u00f3.<\/p>\n\n\n\n<p class=\"wp-block-paragraph\">De todas formas, Walker insisti\u00f3 en que la clave est\u00e1 en la coordinaci\u00f3n gremial. <em>\u00abQueremos un producto de alt\u00edsima calidad, lo vamos a lograr con la unidad, el mercado est\u00e1 m\u00e1s exigente, el consumidor est\u00e1 m\u00e1s exigente y tenemos que lograr ese objetivo, dejar la pelea chica, la diferencia, que la podemos haber tenido. Estoy convencido que la cereza tiene mucho futuro. \u00bfDe qui\u00e9n depende? De nosotros\u00bb<\/em>, he concluded.<\/p>\n\n\n\n<p class=\"wp-block-paragraph\"><strong>Fuente<\/strong>: Emol.com &#8211; https:\/\/www.emol.com\/noticias\/Economia\/2025\/08\/21\/1175640\/sna-llamado-unidas-cerezas.html<\/p>","protected":false},"excerpt":{"rendered":"<p>El llamado se realiz\u00f3 en el marco del momento que atraviesa el sector agr\u00edcola chileno en la antesala de una nueva temporada de cerezas.<\/p>","protected":false},"author":273,"featured_media":44645,"comment_status":"closed","ping_status":"open","sticky":false,"template":"","format":"standard","meta":{"_acf_changed":false,"inline_featured_image":false,"footnotes":""},"categories":[448,35],"tags":[1901,2242,4104],"category_proveedor":[],"pais":[],"class_list":["post-48551","post","type-post","status-publish","format-standard","has-post-thumbnail","hentry","category-comercial","category-noticias","tag-antonio-walker","tag-sna","tag-temporada-2025-2026"],"acf":[],"yoast_head":"<!-- This site is optimized with the Yoast SEO Premium plugin v21.3 (Yoast SEO v28.3) - https:\/\/yoast.com\/product\/yoast-seo-premium-wordpress\/ -->\n<title>Antonio Walker sobre nueva temporada: &quot;Tenemos que estar unidos&quot; - Smartcherry<\/title>\n<meta name=\"description\" content=\"Esto debido a una divisi\u00f3n en la industria por la estrategia para enfrentar la campa\u00f1a 2025-2026, con el fin de evitar repetir la sobreoferta en China que provoc\u00f3 un derrumbe de precios en el pasado ciclo, considerado el peor en la historia de este fruto, considerado el tercer mayor producto de exportaci\u00f3n de Chile.\" \/>\n<meta name=\"robots\" content=\"index, follow, max-snippet:-1, max-image-preview:large, max-video-preview:-1\" \/>\n<link rel=\"canonical\" href=\"https:\/\/smartcherry.cl\/en\/comercial\/antonio-walker-sobre-nueva-temporada-tenemos-que-estar-unidos\/\" \/>\n<meta property=\"og:locale\" content=\"en_US\" \/>\n<meta property=\"og:type\" content=\"article\" \/>\n<meta property=\"og:title\" content=\"Antonio Walker sobre nueva temporada: &quot;Tenemos que estar unidos&quot;\" \/>\n<meta property=\"og:description\" content=\"Esto debido a una divisi\u00f3n en la industria por la estrategia para enfrentar la campa\u00f1a 2025-2026, con el fin de evitar repetir la sobreoferta en China que provoc\u00f3 un derrumbe de precios en el pasado ciclo, considerado el peor en la historia de este fruto, considerado el tercer mayor producto de exportaci\u00f3n de Chile.\" \/>\n<meta property=\"og:url\" content=\"https:\/\/smartcherry.cl\/en\/comercial\/antonio-walker-sobre-nueva-temporada-tenemos-que-estar-unidos\/\" \/>\n<meta property=\"og:site_name\" content=\"Smartcherry\" \/>\n<meta property=\"article:publisher\" content=\"https:\/\/web.facebook.com\/SmartCherry.cl\/\" \/>\n<meta property=\"article:published_time\" content=\"2025-08-21T18:15:46+00:00\" \/>\n<meta property=\"article:modified_time\" content=\"2025-08-21T18:16:05+00:00\" \/>\n<meta property=\"og:image\" content=\"https:\/\/smartcherry.cl\/wp-content\/uploads\/2025\/03\/Cereza_lapins-2.jpg\" \/>\n\t<meta property=\"og:image:width\" content=\"1400\" \/>\n\t<meta property=\"og:image:height\" content=\"800\" \/>\n\t<meta property=\"og:image:type\" content=\"image\/jpeg\" \/>\n<meta name=\"author\" content=\"Beatriz Parra\" \/>\n<meta name=\"twitter:card\" content=\"summary_large_image\" \/>\n<meta name=\"twitter:creator\" content=\"@SmartCherry_cl\" \/>\n<meta name=\"twitter:site\" content=\"@SmartCherry_cl\" \/>\n<meta name=\"twitter:label1\" content=\"Written by\" \/>\n\t<meta name=\"twitter:data1\" content=\"Beatriz Parra\" \/>\n\t<meta name=\"twitter:label2\" content=\"Est. reading time\" \/>\n\t<meta name=\"twitter:data2\" content=\"5 minutes\" \/>\n<script type=\"application\/ld+json\" class=\"yoast-schema-graph\">{\"@context\":\"https:\\\/\\\/schema.org\",\"@graph\":[{\"@type\":\"Article\",\"@id\":\"https:\\\/\\\/smartcherry.cl\\\/comercial\\\/antonio-walker-sobre-nueva-temporada-tenemos-que-estar-unidos\\\/#article\",\"isPartOf\":{\"@id\":\"https:\\\/\\\/smartcherry.cl\\\/comercial\\\/antonio-walker-sobre-nueva-temporada-tenemos-que-estar-unidos\\\/\"},\"author\":{\"name\":\"Beatriz Parra\",\"@id\":\"https:\\\/\\\/smartcherry.cl\\\/#\\\/schema\\\/person\\\/604ed44370e96b081064b745ca461407\"},\"headline\":\"Antonio Walker sobre nueva temporada: \u00abTenemos que estar unidos\u00bb\",\"datePublished\":\"2025-08-21T18:15:46+00:00\",\"dateModified\":\"2025-08-21T18:16:05+00:00\",\"mainEntityOfPage\":{\"@id\":\"https:\\\/\\\/smartcherry.cl\\\/comercial\\\/antonio-walker-sobre-nueva-temporada-tenemos-que-estar-unidos\\\/\"},\"wordCount\":981,\"publisher\":{\"@id\":\"https:\\\/\\\/smartcherry.cl\\\/#organization\"},\"image\":{\"@id\":\"https:\\\/\\\/smartcherry.cl\\\/comercial\\\/antonio-walker-sobre-nueva-temporada-tenemos-que-estar-unidos\\\/#primaryimage\"},\"thumbnailUrl\":\"https:\\\/\\\/smartcherry.cl\\\/wp-content\\\/uploads\\\/2025\\\/03\\\/Cereza_lapins-2.jpg\",\"keywords\":[\"Antonio Walker\",\"sna\",\"temporada 2025-2026\"],\"articleSection\":[\"Comercial\",\"Noticias\"],\"inLanguage\":\"en-US\"},{\"@type\":\"WebPage\",\"@id\":\"https:\\\/\\\/smartcherry.cl\\\/comercial\\\/antonio-walker-sobre-nueva-temporada-tenemos-que-estar-unidos\\\/\",\"url\":\"https:\\\/\\\/smartcherry.cl\\\/comercial\\\/antonio-walker-sobre-nueva-temporada-tenemos-que-estar-unidos\\\/\",\"name\":\"Antonio Walker sobre nueva temporada: \\\"Tenemos que estar unidos\\\" - Smartcherry\",\"isPartOf\":{\"@id\":\"https:\\\/\\\/smartcherry.cl\\\/#website\"},\"primaryImageOfPage\":{\"@id\":\"https:\\\/\\\/smartcherry.cl\\\/comercial\\\/antonio-walker-sobre-nueva-temporada-tenemos-que-estar-unidos\\\/#primaryimage\"},\"image\":{\"@id\":\"https:\\\/\\\/smartcherry.cl\\\/comercial\\\/antonio-walker-sobre-nueva-temporada-tenemos-que-estar-unidos\\\/#primaryimage\"},\"thumbnailUrl\":\"https:\\\/\\\/smartcherry.cl\\\/wp-content\\\/uploads\\\/2025\\\/03\\\/Cereza_lapins-2.jpg\",\"datePublished\":\"2025-08-21T18:15:46+00:00\",\"dateModified\":\"2025-08-21T18:16:05+00:00\",\"description\":\"Esto debido a una divisi\u00f3n en la industria por la estrategia para enfrentar la campa\u00f1a 2025-2026, con el fin de evitar repetir la sobreoferta en China que provoc\u00f3 un derrumbe de precios en el pasado ciclo, considerado el peor en la historia de este fruto, considerado el tercer mayor producto de exportaci\u00f3n de Chile.\",\"breadcrumb\":{\"@id\":\"https:\\\/\\\/smartcherry.cl\\\/comercial\\\/antonio-walker-sobre-nueva-temporada-tenemos-que-estar-unidos\\\/#breadcrumb\"},\"inLanguage\":\"en-US\",\"potentialAction\":[{\"@type\":\"ReadAction\",\"target\":[\"https:\\\/\\\/smartcherry.cl\\\/comercial\\\/antonio-walker-sobre-nueva-temporada-tenemos-que-estar-unidos\\\/\"]}]},{\"@type\":\"ImageObject\",\"inLanguage\":\"en-US\",\"@id\":\"https:\\\/\\\/smartcherry.cl\\\/comercial\\\/antonio-walker-sobre-nueva-temporada-tenemos-que-estar-unidos\\\/#primaryimage\",\"url\":\"https:\\\/\\\/smartcherry.cl\\\/wp-content\\\/uploads\\\/2025\\\/03\\\/Cereza_lapins-2.jpg\",\"contentUrl\":\"https:\\\/\\\/smartcherry.cl\\\/wp-content\\\/uploads\\\/2025\\\/03\\\/Cereza_lapins-2.jpg\",\"width\":1400,\"height\":800},{\"@type\":\"BreadcrumbList\",\"@id\":\"https:\\\/\\\/smartcherry.cl\\\/comercial\\\/antonio-walker-sobre-nueva-temporada-tenemos-que-estar-unidos\\\/#breadcrumb\",\"itemListElement\":[{\"@type\":\"ListItem\",\"position\":1,\"name\":\"Home\",\"item\":\"https:\\\/\\\/smartcherry.cl\\\/\"},{\"@type\":\"ListItem\",\"position\":2,\"name\":\"Comercial\",\"item\":\"https:\\\/\\\/smartcherry.cl\\\/category\\\/comercial\\\/\"},{\"@type\":\"ListItem\",\"position\":3,\"name\":\"Antonio Walker sobre nueva temporada: \u00abTenemos que estar unidos\u00bb\"}]},{\"@type\":\"WebSite\",\"@id\":\"https:\\\/\\\/smartcherry.cl\\\/#website\",\"url\":\"https:\\\/\\\/smartcherry.cl\\\/\",\"name\":\"Smartcherry\",\"description\":\"Sitio de Smartcherry\",\"publisher\":{\"@id\":\"https:\\\/\\\/smartcherry.cl\\\/#organization\"},\"potentialAction\":[{\"@type\":\"SearchAction\",\"target\":{\"@type\":\"EntryPoint\",\"urlTemplate\":\"https:\\\/\\\/smartcherry.cl\\\/?s={search_term_string}\"},\"query-input\":{\"@type\":\"PropertyValueSpecification\",\"valueRequired\":true,\"valueName\":\"search_term_string\"}}],\"inLanguage\":\"en-US\"},{\"@type\":\"Organization\",\"@id\":\"https:\\\/\\\/smartcherry.cl\\\/#organization\",\"name\":\"SmartCherry\",\"url\":\"https:\\\/\\\/smartcherry.cl\\\/\",\"logo\":{\"@type\":\"ImageObject\",\"inLanguage\":\"en-US\",\"@id\":\"https:\\\/\\\/smartcherry.cl\\\/#\\\/schema\\\/logo\\\/image\\\/\",\"url\":\"https:\\\/\\\/smartcherry.cl\\\/wp-content\\\/uploads\\\/2022\\\/02\\\/logo_smartcherry.png\",\"contentUrl\":\"https:\\\/\\\/smartcherry.cl\\\/wp-content\\\/uploads\\\/2022\\\/02\\\/logo_smartcherry.png\",\"width\":411,\"height\":84,\"caption\":\"SmartCherry\"},\"image\":{\"@id\":\"https:\\\/\\\/smartcherry.cl\\\/#\\\/schema\\\/logo\\\/image\\\/\"},\"sameAs\":[\"https:\\\/\\\/web.facebook.com\\\/SmartCherry.cl\\\/\",\"https:\\\/\\\/x.com\\\/SmartCherry_cl\",\"https:\\\/\\\/www.linkedin.com\\\/company\\\/smartcherry\\\/\",\"https:\\\/\\\/www.instagram.com\\\/smartcherry_cl\\\/\",\"https:\\\/\\\/www.youtube.com\\\/channel\\\/UCe007LfgFFnntDgCcqICbPQ\"]},{\"@type\":\"Person\",\"@id\":\"https:\\\/\\\/smartcherry.cl\\\/#\\\/schema\\\/person\\\/604ed44370e96b081064b745ca461407\",\"name\":\"Beatriz Parra\",\"image\":{\"@type\":\"ImageObject\",\"inLanguage\":\"en-US\",\"@id\":\"https:\\\/\\\/smartcherry.cl\\\/wp-content\\\/uploads\\\/2025\\\/01\\\/POST-96x96.png\",\"url\":\"https:\\\/\\\/smartcherry.cl\\\/wp-content\\\/uploads\\\/2025\\\/01\\\/POST-96x96.png\",\"contentUrl\":\"https:\\\/\\\/smartcherry.cl\\\/wp-content\\\/uploads\\\/2025\\\/01\\\/POST-96x96.png\",\"caption\":\"Beatriz Parra\"},\"url\":\"https:\\\/\\\/smartcherry.cl\\\/en\\\/author\\\/bparra\\\/\"}]}<\/script>\n<!-- \/ Yoast SEO Premium plugin. -->","yoast_head_json":{"title":"Antonio Walker sobre nueva temporada: \"Tenemos que estar unidos\" - Smartcherry","description":"Esto debido a una divisi\u00f3n en la industria por la estrategia para enfrentar la campa\u00f1a 2025-2026, con el fin de evitar repetir la sobreoferta en China que provoc\u00f3 un derrumbe de precios en el pasado ciclo, considerado el peor en la historia de este fruto, considerado el tercer mayor producto de exportaci\u00f3n de Chile.","robots":{"index":"index","follow":"follow","max-snippet":"max-snippet:-1","max-image-preview":"max-image-preview:large","max-video-preview":"max-video-preview:-1"},"canonical":"https:\/\/smartcherry.cl\/en\/comercial\/antonio-walker-sobre-nueva-temporada-tenemos-que-estar-unidos\/","og_locale":"en_US","og_type":"article","og_title":"Antonio Walker sobre nueva temporada: \"Tenemos que estar unidos\"","og_description":"Esto debido a una divisi\u00f3n en la industria por la estrategia para enfrentar la campa\u00f1a 2025-2026, con el fin de evitar repetir la sobreoferta en China que provoc\u00f3 un derrumbe de precios en el pasado ciclo, considerado el peor en la historia de este fruto, considerado el tercer mayor producto de exportaci\u00f3n de Chile.","og_url":"https:\/\/smartcherry.cl\/en\/comercial\/antonio-walker-sobre-nueva-temporada-tenemos-que-estar-unidos\/","og_site_name":"Smartcherry","article_publisher":"https:\/\/web.facebook.com\/SmartCherry.cl\/","article_published_time":"2025-08-21T18:15:46+00:00","article_modified_time":"2025-08-21T18:16:05+00:00","og_image":[{"width":1400,"height":800,"url":"https:\/\/smartcherry.cl\/wp-content\/uploads\/2025\/03\/Cereza_lapins-2.jpg","type":"image\/jpeg"}],"author":"Beatriz Parra","twitter_card":"summary_large_image","twitter_creator":"@SmartCherry_cl","twitter_site":"@SmartCherry_cl","twitter_misc":{"Written by":"Beatriz Parra","Est. reading time":"5 minutes"},"schema":{"@context":"https:\/\/schema.org","@graph":[{"@type":"Article","@id":"https:\/\/smartcherry.cl\/comercial\/antonio-walker-sobre-nueva-temporada-tenemos-que-estar-unidos\/#article","isPartOf":{"@id":"https:\/\/smartcherry.cl\/comercial\/antonio-walker-sobre-nueva-temporada-tenemos-que-estar-unidos\/"},"author":{"name":"Beatriz Parra","@id":"https:\/\/smartcherry.cl\/#\/schema\/person\/604ed44370e96b081064b745ca461407"},"headline":"Antonio Walker sobre nueva temporada: \u00abTenemos que estar unidos\u00bb","datePublished":"2025-08-21T18:15:46+00:00","dateModified":"2025-08-21T18:16:05+00:00","mainEntityOfPage":{"@id":"https:\/\/smartcherry.cl\/comercial\/antonio-walker-sobre-nueva-temporada-tenemos-que-estar-unidos\/"},"wordCount":981,"publisher":{"@id":"https:\/\/smartcherry.cl\/#organization"},"image":{"@id":"https:\/\/smartcherry.cl\/comercial\/antonio-walker-sobre-nueva-temporada-tenemos-que-estar-unidos\/#primaryimage"},"thumbnailUrl":"https:\/\/smartcherry.cl\/wp-content\/uploads\/2025\/03\/Cereza_lapins-2.jpg","keywords":["Antonio Walker","sna","temporada 2025-2026"],"articleSection":["Comercial","Noticias"],"inLanguage":"en-US"},{"@type":"WebPage","@id":"https:\/\/smartcherry.cl\/comercial\/antonio-walker-sobre-nueva-temporada-tenemos-que-estar-unidos\/","url":"https:\/\/smartcherry.cl\/comercial\/antonio-walker-sobre-nueva-temporada-tenemos-que-estar-unidos\/","name":"Antonio Walker sobre nueva temporada: \"Tenemos que estar unidos\" - Smartcherry","isPartOf":{"@id":"https:\/\/smartcherry.cl\/#website"},"primaryImageOfPage":{"@id":"https:\/\/smartcherry.cl\/comercial\/antonio-walker-sobre-nueva-temporada-tenemos-que-estar-unidos\/#primaryimage"},"image":{"@id":"https:\/\/smartcherry.cl\/comercial\/antonio-walker-sobre-nueva-temporada-tenemos-que-estar-unidos\/#primaryimage"},"thumbnailUrl":"https:\/\/smartcherry.cl\/wp-content\/uploads\/2025\/03\/Cereza_lapins-2.jpg","datePublished":"2025-08-21T18:15:46+00:00","dateModified":"2025-08-21T18:16:05+00:00","description":"Esto debido a una divisi\u00f3n en la industria por la estrategia para enfrentar la campa\u00f1a 2025-2026, con el fin de evitar repetir la sobreoferta en China que provoc\u00f3 un derrumbe de precios en el pasado ciclo, considerado el peor en la historia de este fruto, considerado el tercer mayor producto de exportaci\u00f3n de Chile.","breadcrumb":{"@id":"https:\/\/smartcherry.cl\/comercial\/antonio-walker-sobre-nueva-temporada-tenemos-que-estar-unidos\/#breadcrumb"},"inLanguage":"en-US","potentialAction":[{"@type":"ReadAction","target":["https:\/\/smartcherry.cl\/comercial\/antonio-walker-sobre-nueva-temporada-tenemos-que-estar-unidos\/"]}]},{"@type":"ImageObject","inLanguage":"en-US","@id":"https:\/\/smartcherry.cl\/comercial\/antonio-walker-sobre-nueva-temporada-tenemos-que-estar-unidos\/#primaryimage","url":"https:\/\/smartcherry.cl\/wp-content\/uploads\/2025\/03\/Cereza_lapins-2.jpg","contentUrl":"https:\/\/smartcherry.cl\/wp-content\/uploads\/2025\/03\/Cereza_lapins-2.jpg","width":1400,"height":800},{"@type":"BreadcrumbList","@id":"https:\/\/smartcherry.cl\/comercial\/antonio-walker-sobre-nueva-temporada-tenemos-que-estar-unidos\/#breadcrumb","itemListElement":[{"@type":"ListItem","position":1,"name":"Home","item":"https:\/\/smartcherry.cl\/"},{"@type":"ListItem","position":2,"name":"Comercial","item":"https:\/\/smartcherry.cl\/category\/comercial\/"},{"@type":"ListItem","position":3,"name":"Antonio Walker sobre nueva temporada: \u00abTenemos que estar unidos\u00bb"}]},{"@type":"WebSite","@id":"https:\/\/smartcherry.cl\/#website","url":"https:\/\/smartcherry.cl\/","name":"Smartcherry","description":"Smartcherry Site","publisher":{"@id":"https:\/\/smartcherry.cl\/#organization"},"potentialAction":[{"@type":"SearchAction","target":{"@type":"EntryPoint","urlTemplate":"https:\/\/smartcherry.cl\/?s={search_term_string}"},"query-input":{"@type":"PropertyValueSpecification","valueRequired":true,"valueName":"search_term_string"}}],"inLanguage":"en-US"},{"@type":"Organization","@id":"https:\/\/smartcherry.cl\/#organization","name":"SmartCherry","url":"https:\/\/smartcherry.cl\/","logo":{"@type":"ImageObject","inLanguage":"en-US","@id":"https:\/\/smartcherry.cl\/#\/schema\/logo\/image\/","url":"https:\/\/smartcherry.cl\/wp-content\/uploads\/2022\/02\/logo_smartcherry.png","contentUrl":"https:\/\/smartcherry.cl\/wp-content\/uploads\/2022\/02\/logo_smartcherry.png","width":411,"height":84,"caption":"SmartCherry"},"image":{"@id":"https:\/\/smartcherry.cl\/#\/schema\/logo\/image\/"},"sameAs":["https:\/\/web.facebook.com\/SmartCherry.cl\/","https:\/\/x.com\/SmartCherry_cl","https:\/\/www.linkedin.com\/company\/smartcherry\/","https:\/\/www.instagram.com\/smartcherry_cl\/","https:\/\/www.youtube.com\/channel\/UCe007LfgFFnntDgCcqICbPQ"]},{"@type":"Person","@id":"https:\/\/smartcherry.cl\/#\/schema\/person\/604ed44370e96b081064b745ca461407","name":"Beatriz Parra","image":{"@type":"ImageObject","inLanguage":"en-US","@id":"https:\/\/smartcherry.cl\/wp-content\/uploads\/2025\/01\/POST-96x96.png","url":"https:\/\/smartcherry.cl\/wp-content\/uploads\/2025\/01\/POST-96x96.png","contentUrl":"https:\/\/smartcherry.cl\/wp-content\/uploads\/2025\/01\/POST-96x96.png","caption":"Beatriz Parra"},"url":"https:\/\/smartcherry.cl\/en\/author\/bparra\/"}]}},"_links":{"self":[{"href":"https:\/\/smartcherry.cl\/en\/wp-json\/wp\/v2\/posts\/48551","targetHints":{"allow":["GET"]}}],"collection":[{"href":"https:\/\/smartcherry.cl\/en\/wp-json\/wp\/v2\/posts"}],"about":[{"href":"https:\/\/smartcherry.cl\/en\/wp-json\/wp\/v2\/types\/post"}],"author":[{"embeddable":true,"href":"https:\/\/smartcherry.cl\/en\/wp-json\/wp\/v2\/users\/273"}],"replies":[{"embeddable":true,"href":"https:\/\/smartcherry.cl\/en\/wp-json\/wp\/v2\/comments?post=48551"}],"version-history":[{"count":2,"href":"https:\/\/smartcherry.cl\/en\/wp-json\/wp\/v2\/posts\/48551\/revisions"}],"predecessor-version":[{"id":48554,"href":"https:\/\/smartcherry.cl\/en\/wp-json\/wp\/v2\/posts\/48551\/revisions\/48554"}],"wp:featuredmedia":[{"embeddable":true,"href":"https:\/\/smartcherry.cl\/en\/wp-json\/wp\/v2\/media\/44645"}],"wp:attachment":[{"href":"https:\/\/smartcherry.cl\/en\/wp-json\/wp\/v2\/media?parent=48551"}],"wp:term":[{"taxonomy":"category","embeddable":true,"href":"https:\/\/smartcherry.cl\/en\/wp-json\/wp\/v2\/categories?post=48551"},{"taxonomy":"post_tag","embeddable":true,"href":"https:\/\/smartcherry.cl\/en\/wp-json\/wp\/v2\/tags?post=48551"},{"taxonomy":"category_proveedor","embeddable":true,"href":"https:\/\/smartcherry.cl\/en\/wp-json\/wp\/v2\/category_proveedor?post=48551"},{"taxonomy":"pais","embeddable":true,"href":"https:\/\/smartcherry.cl\/en\/wp-json\/wp\/v2\/pais?post=48551"}],"curies":[{"name":"wp","href":"https:\/\/api.w.org\/{rel}","templated":true}]}}