{"id":48281,"date":"2025-08-08T17:44:29","date_gmt":"2025-08-08T21:44:29","guid":{"rendered":"https:\/\/smartcherry.cl\/?p=48281"},"modified":"2025-08-08T17:44:30","modified_gmt":"2025-08-08T21:44:30","slug":"cerezas-en-movimiento-martinez-y-valdivieso-impulsa-el-conocimiento-y-la-calidad-desde-la-raiz","status":"publish","type":"post","link":"https:\/\/smartcherry.cl\/en\/noticias\/cerezas-en-movimiento-martinez-y-valdivieso-impulsa-el-conocimiento-y-la-calidad-desde-la-raiz\/","title":{"rendered":"Cerezas en Movimiento: Mart\u00ednez y Valdivieso impulsa el conocimiento y la calidad desde la ra\u00edz"},"content":{"rendered":"<p>En el marco de la iniciativa \u201cCerezas en Movimiento\u201d, Mart\u00ednez y Valdivieso reuni\u00f3 a m\u00e1s de un centenar de productores, asesores y actores clave del rubro para compartir experiencias y estrategias que impactan directamente en la calidad de la cereza chilena, la fruta estrella de las exportaciones.<\/p>\n\n\n\n<p>En la jornada tambi\u00e9n participaron destacados proveedores del rubro agr\u00edcola, quienes presentaron sus soluciones y tecnolog\u00edas para potenciar la producci\u00f3n de cerezas. Entre ellos estuvieron <strong>Agroadvance, <strong>Agrisciences<\/strong>,<\/strong> <strong>BASF, Bayer, Chemie, Corteva, Gowan, Kerley, Patbio, Point, Rovensa, Total y UPL<\/strong>,  empresas que, con su experiencia y respaldo, aportan innovaci\u00f3n, insumos de alta calidad y asesor\u00eda t\u00e9cnica clave para enfrentar de mejor manera los desaf\u00edos de cada temporada.<\/p>\n\n\n\n<p>La actividad, realizada en el Club de Campo San Fernando, llev\u00f3 por nombre \u201cFruta de calidad: comencemos por el suelo\u201d y puso el foco en c\u00f3mo la salud y el manejo del suelo son determinantes para obtener cerezas de excelencia, competitivas en los mercados internacionales.<\/p>\n\n\n\n<p>La jornada cont\u00f3 con la participaci\u00f3n de reconocidos especialistas como Camila Morales, Bi\u00f3loga de la Universidad de Antofagasta y doctora en Ciencias con menci\u00f3n en Microbiolog\u00eda de la Universidad de Chile, y Jos\u00e9 Ignacio Covarrubias, Ingeniero Agr\u00f3nomo por la Facultad de Ciencias Agron\u00f3micas de la misma casa de estudios.<\/p>\n\n\n\n<p>\u201cMuchas veces los laboratorios nos quedamos ah\u00ed en lo que es las cuatro paredes, entonces poder difundir lo que nosotros hacemos, los tipos de t\u00e9cnicas que hoy existen para hacer estudios innovadores, son de vital importancia (\u2026) es importante poder llegar a los agricultores\u201d, destac\u00f3 Morales, subrayando la necesidad de llevar la ciencia al campo.<\/p>\n\n\n\n<figure class=\"wp-block-embed is-type-video is-provider-youtube wp-block-embed-youtube wp-embed-aspect-16-9 wp-has-aspect-ratio\"><div class=\"wp-block-embed__wrapper\">\n<iframe title=\"Camila Miranda evento MyV\" width=\"800\" height=\"450\" src=\"https:\/\/www.youtube.com\/embed\/U3zyYn8uSzc?feature=oembed\" frameborder=\"0\" allow=\"accelerometer; autoplay; clipboard-write; encrypted-media; gyroscope; picture-in-picture; web-share\" referrerpolicy=\"strict-origin-when-cross-origin\" allowfullscreen><\/iframe>\n<\/div><\/figure>\n\n\n\n<p>Por su parte, Covarrubias profundiz\u00f3 en las estrategias de manejo de fertilizaci\u00f3n con calcio y potasio al suelo, esenciales para optimizar la acumulaci\u00f3n de calcio en los frutos y mejorar la eficiencia de la fertilizaci\u00f3n pot\u00e1sica: \u201cEse es el motivo de este evento y estuvimos conversando sobre estrategias para poder optimizar la acumulaci\u00f3n de calcio en los frutos y promover una mayor eficiencia en la fertilizaci\u00f3n pot\u00e1sica\u201d, explic\u00f3.<\/p>\n\n\n\n<figure class=\"wp-block-embed is-type-video is-provider-youtube wp-block-embed-youtube wp-embed-aspect-16-9 wp-has-aspect-ratio\"><div class=\"wp-block-embed__wrapper\">\n<iframe title=\"Jos\u00e9 Ignacio Covarrubias - Evento MyV\" width=\"800\" height=\"450\" src=\"https:\/\/www.youtube.com\/embed\/MFx2V78mDnM?feature=oembed\" frameborder=\"0\" allow=\"accelerometer; autoplay; clipboard-write; encrypted-media; gyroscope; picture-in-picture; web-share\" referrerpolicy=\"strict-origin-when-cross-origin\" allowfullscreen><\/iframe>\n<\/div><\/figure>\n\n\n\n<p><strong>El cerezo, protagonista indiscutido<\/strong><\/p>\n\n\n\n<p>Para Mart\u00ednez y Valdivieso, el cerezo no solo es un cultivo importante: es la principal especie de exportaci\u00f3n por volumen en Chile. As\u00ed lo reafirm\u00f3 Alfonso Besa, Gerente de Marketing de la compa\u00f1\u00eda:<br>\u201cHacemos estas actividades en cereza, porque ha sido una temporada muy movida y nos interesa que a todos nos vaya bien y por eso aportamos desde nuestra vereda con lo que sabemos hacer, con los insumos, con mucho apoyo t\u00e9cnico y aqu\u00ed nos juntamos con agricultores amigos de la cereza para eso, para acompa\u00f1arnos y empezar esta temporada con m\u00e1s conocimiento\u201d.<\/p>\n\n\n\n<figure class=\"wp-block-embed is-type-video is-provider-youtube wp-block-embed-youtube wp-embed-aspect-16-9 wp-has-aspect-ratio\"><div class=\"wp-block-embed__wrapper\">\n<iframe title=\"Alfondo Besa - Gerente de Marketing MYV\" width=\"800\" height=\"450\" src=\"https:\/\/www.youtube.com\/embed\/05gUc8IKLAc?feature=oembed\" frameborder=\"0\" allow=\"accelerometer; autoplay; clipboard-write; encrypted-media; gyroscope; picture-in-picture; web-share\" referrerpolicy=\"strict-origin-when-cross-origin\" allowfullscreen><\/iframe>\n<\/div><\/figure>\n\n\n\n<p>Con eventos como este, Mart\u00ednez y Valdivieso no solo reafirma su compromiso con el sector, sino que tambi\u00e9n fortalece la alianza entre tecnolog\u00eda, conocimiento y productores, impulsando la competitividad de la cereza chilena en el mundo.<\/p>\n\n\n\n<div class=\"wp-block-buttons is-content-justification-center is-layout-flex wp-container-core-buttons-is-layout-a89b3969 wp-block-buttons-is-layout-flex\">\n<div class=\"wp-block-button\"><a class=\"wp-block-button__link has-white-color has-text-color has-link-color wp-element-button\" href=\"https:\/\/smartcherry.cl\/en\/proveedores\/myv\/\">More about Martinez and Valdivieso<\/a><\/div>\n<\/div>","protected":false},"excerpt":{"rendered":"<p>En el marco de la iniciativa \u201cCerezas en Movimiento\u201d, Mart\u00ednez y Valdivieso reuni\u00f3 a m\u00e1s de un centenar de productores, asesores y actores clave del rubro para compartir experiencias y [&hellip;]<\/p>\n","protected":false},"author":274,"featured_media":48286,"comment_status":"closed","ping_status":"open","sticky":false,"template":"","format":"standard","meta":{"_acf_changed":false,"inline_featured_image":false,"footnotes":""},"categories":[2631,35],"tags":[1558,2049,108,178],"category_proveedor":[],"pais":[],"class_list":["post-48281","post","type-post","status-publish","format-standard","has-post-thumbnail","hentry","category-eventos","category-noticias","tag-not-prov","tag-myv","tag-cerezas","tag-smartcherry"],"acf":[],"yoast_head":"<!-- This site is optimized with the Yoast SEO Premium plugin v21.3 (Yoast SEO v27.3) - https:\/\/yoast.com\/product\/yoast-seo-premium-wordpress\/ -->\n<title>Cerezas en Movimiento: Mart\u00ednez y Valdivieso impulsa el conocimiento y la calidad desde la ra\u00edz - Smartcherry<\/title>\n<meta name=\"robots\" content=\"index, follow, max-snippet:-1, max-image-preview:large, max-video-preview:-1\" \/>\n<link rel=\"canonical\" href=\"https:\/\/smartcherry.cl\/en\/noticias\/cerezas-en-movimiento-martinez-y-valdivieso-impulsa-el-conocimiento-y-la-calidad-desde-la-raiz\/\" \/>\n<meta property=\"og:locale\" content=\"en_US\" \/>\n<meta property=\"og:type\" content=\"article\" \/>\n<meta property=\"og:title\" content=\"Cerezas en Movimiento: Mart\u00ednez y Valdivieso impulsa el conocimiento y la calidad desde la ra\u00edz\" \/>\n<meta property=\"og:description\" content=\"En el marco de la iniciativa \u201cCerezas en Movimiento\u201d, Mart\u00ednez y Valdivieso reuni\u00f3 a m\u00e1s de un centenar de productores, asesores y actores clave del rubro para compartir experiencias y [&hellip;]\" \/>\n<meta property=\"og:url\" content=\"https:\/\/smartcherry.cl\/en\/noticias\/cerezas-en-movimiento-martinez-y-valdivieso-impulsa-el-conocimiento-y-la-calidad-desde-la-raiz\/\" \/>\n<meta property=\"og:site_name\" content=\"Smartcherry\" \/>\n<meta property=\"article:publisher\" content=\"https:\/\/web.facebook.com\/SmartCherry.cl\/\" \/>\n<meta property=\"article:published_time\" content=\"2025-08-08T21:44:29+00:00\" \/>\n<meta property=\"article:modified_time\" content=\"2025-08-08T21:44:30+00:00\" \/>\n<meta name=\"author\" content=\"Jorge Rojas\" \/>\n<meta name=\"twitter:card\" content=\"summary_large_image\" \/>\n<meta name=\"twitter:creator\" content=\"@SmartCherry_cl\" \/>\n<meta name=\"twitter:site\" content=\"@SmartCherry_cl\" \/>\n<meta name=\"twitter:label1\" content=\"Written by\" \/>\n\t<meta name=\"twitter:data1\" content=\"Jorge Rojas\" \/>\n\t<meta name=\"twitter:label2\" content=\"Est. reading time\" \/>\n\t<meta name=\"twitter:data2\" content=\"3 minutes\" \/>\n<script type=\"application\/ld+json\" class=\"yoast-schema-graph\">{\"@context\":\"https:\\\/\\\/schema.org\",\"@graph\":[{\"@type\":\"Article\",\"@id\":\"https:\\\/\\\/smartcherry.cl\\\/noticias\\\/cerezas-en-movimiento-martinez-y-valdivieso-impulsa-el-conocimiento-y-la-calidad-desde-la-raiz\\\/#article\",\"isPartOf\":{\"@id\":\"https:\\\/\\\/smartcherry.cl\\\/noticias\\\/cerezas-en-movimiento-martinez-y-valdivieso-impulsa-el-conocimiento-y-la-calidad-desde-la-raiz\\\/\"},\"author\":{\"name\":\"Jorge Rojas\",\"@id\":\"https:\\\/\\\/smartcherry.cl\\\/#\\\/schema\\\/person\\\/9aa496f36d86127a7a264fba18e84d30\"},\"headline\":\"Cerezas en Movimiento: Mart\u00ednez y Valdivieso impulsa el conocimiento y la calidad desde la ra\u00edz\",\"datePublished\":\"2025-08-08T21:44:29+00:00\",\"dateModified\":\"2025-08-08T21:44:30+00:00\",\"mainEntityOfPage\":{\"@id\":\"https:\\\/\\\/smartcherry.cl\\\/noticias\\\/cerezas-en-movimiento-martinez-y-valdivieso-impulsa-el-conocimiento-y-la-calidad-desde-la-raiz\\\/\"},\"wordCount\":538,\"publisher\":{\"@id\":\"https:\\\/\\\/smartcherry.cl\\\/#organization\"},\"image\":{\"@id\":\"https:\\\/\\\/smartcherry.cl\\\/noticias\\\/cerezas-en-movimiento-martinez-y-valdivieso-impulsa-el-conocimiento-y-la-calidad-desde-la-raiz\\\/#primaryimage\"},\"thumbnailUrl\":\"https:\\\/\\\/smartcherry.cl\\\/wp-content\\\/uploads\\\/2025\\\/08\\\/IMG_8143-2-scaled.jpg\",\"keywords\":[\"not-prov\",\"MYV\",\"cerezas\",\"smartcherry\"],\"articleSection\":[\"Eventos\",\"Noticias\"],\"inLanguage\":\"en-US\"},{\"@type\":\"WebPage\",\"@id\":\"https:\\\/\\\/smartcherry.cl\\\/noticias\\\/cerezas-en-movimiento-martinez-y-valdivieso-impulsa-el-conocimiento-y-la-calidad-desde-la-raiz\\\/\",\"url\":\"https:\\\/\\\/smartcherry.cl\\\/noticias\\\/cerezas-en-movimiento-martinez-y-valdivieso-impulsa-el-conocimiento-y-la-calidad-desde-la-raiz\\\/\",\"name\":\"Cerezas en Movimiento: Mart\u00ednez y Valdivieso impulsa el conocimiento y la calidad desde la ra\u00edz - Smartcherry\",\"isPartOf\":{\"@id\":\"https:\\\/\\\/smartcherry.cl\\\/#website\"},\"primaryImageOfPage\":{\"@id\":\"https:\\\/\\\/smartcherry.cl\\\/noticias\\\/cerezas-en-movimiento-martinez-y-valdivieso-impulsa-el-conocimiento-y-la-calidad-desde-la-raiz\\\/#primaryimage\"},\"image\":{\"@id\":\"https:\\\/\\\/smartcherry.cl\\\/noticias\\\/cerezas-en-movimiento-martinez-y-valdivieso-impulsa-el-conocimiento-y-la-calidad-desde-la-raiz\\\/#primaryimage\"},\"thumbnailUrl\":\"https:\\\/\\\/smartcherry.cl\\\/wp-content\\\/uploads\\\/2025\\\/08\\\/IMG_8143-2-scaled.jpg\",\"datePublished\":\"2025-08-08T21:44:29+00:00\",\"dateModified\":\"2025-08-08T21:44:30+00:00\",\"breadcrumb\":{\"@id\":\"https:\\\/\\\/smartcherry.cl\\\/noticias\\\/cerezas-en-movimiento-martinez-y-valdivieso-impulsa-el-conocimiento-y-la-calidad-desde-la-raiz\\\/#breadcrumb\"},\"inLanguage\":\"en-US\",\"potentialAction\":[{\"@type\":\"ReadAction\",\"target\":[\"https:\\\/\\\/smartcherry.cl\\\/noticias\\\/cerezas-en-movimiento-martinez-y-valdivieso-impulsa-el-conocimiento-y-la-calidad-desde-la-raiz\\\/\"]}]},{\"@type\":\"ImageObject\",\"inLanguage\":\"en-US\",\"@id\":\"https:\\\/\\\/smartcherry.cl\\\/noticias\\\/cerezas-en-movimiento-martinez-y-valdivieso-impulsa-el-conocimiento-y-la-calidad-desde-la-raiz\\\/#primaryimage\",\"url\":\"https:\\\/\\\/smartcherry.cl\\\/wp-content\\\/uploads\\\/2025\\\/08\\\/IMG_8143-2-scaled.jpg\",\"contentUrl\":\"https:\\\/\\\/smartcherry.cl\\\/wp-content\\\/uploads\\\/2025\\\/08\\\/IMG_8143-2-scaled.jpg\",\"width\":2560,\"height\":1920},{\"@type\":\"BreadcrumbList\",\"@id\":\"https:\\\/\\\/smartcherry.cl\\\/noticias\\\/cerezas-en-movimiento-martinez-y-valdivieso-impulsa-el-conocimiento-y-la-calidad-desde-la-raiz\\\/#breadcrumb\",\"itemListElement\":[{\"@type\":\"ListItem\",\"position\":1,\"name\":\"Home\",\"item\":\"https:\\\/\\\/smartcherry.cl\\\/\"},{\"@type\":\"ListItem\",\"position\":2,\"name\":\"Noticias\",\"item\":\"https:\\\/\\\/smartcherry.cl\\\/category\\\/noticias\\\/\"},{\"@type\":\"ListItem\",\"position\":3,\"name\":\"Cerezas en Movimiento: Mart\u00ednez y Valdivieso impulsa el conocimiento y la calidad desde la ra\u00edz\"}]},{\"@type\":\"WebSite\",\"@id\":\"https:\\\/\\\/smartcherry.cl\\\/#website\",\"url\":\"https:\\\/\\\/smartcherry.cl\\\/\",\"name\":\"Smartcherry\",\"description\":\"Sitio de Smartcherry\",\"publisher\":{\"@id\":\"https:\\\/\\\/smartcherry.cl\\\/#organization\"},\"potentialAction\":[{\"@type\":\"SearchAction\",\"target\":{\"@type\":\"EntryPoint\",\"urlTemplate\":\"https:\\\/\\\/smartcherry.cl\\\/?s={search_term_string}\"},\"query-input\":{\"@type\":\"PropertyValueSpecification\",\"valueRequired\":true,\"valueName\":\"search_term_string\"}}],\"inLanguage\":\"en-US\"},{\"@type\":\"Organization\",\"@id\":\"https:\\\/\\\/smartcherry.cl\\\/#organization\",\"name\":\"SmartCherry\",\"url\":\"https:\\\/\\\/smartcherry.cl\\\/\",\"logo\":{\"@type\":\"ImageObject\",\"inLanguage\":\"en-US\",\"@id\":\"https:\\\/\\\/smartcherry.cl\\\/#\\\/schema\\\/logo\\\/image\\\/\",\"url\":\"https:\\\/\\\/smartcherry.cl\\\/wp-content\\\/uploads\\\/2022\\\/02\\\/logo_smartcherry.png\",\"contentUrl\":\"https:\\\/\\\/smartcherry.cl\\\/wp-content\\\/uploads\\\/2022\\\/02\\\/logo_smartcherry.png\",\"width\":411,\"height\":84,\"caption\":\"SmartCherry\"},\"image\":{\"@id\":\"https:\\\/\\\/smartcherry.cl\\\/#\\\/schema\\\/logo\\\/image\\\/\"},\"sameAs\":[\"https:\\\/\\\/web.facebook.com\\\/SmartCherry.cl\\\/\",\"https:\\\/\\\/x.com\\\/SmartCherry_cl\",\"https:\\\/\\\/www.linkedin.com\\\/company\\\/smartcherry\\\/\",\"https:\\\/\\\/www.instagram.com\\\/smartcherry_cl\\\/\",\"https:\\\/\\\/www.youtube.com\\\/channel\\\/UCe007LfgFFnntDgCcqICbPQ\"]},{\"@type\":\"Person\",\"@id\":\"https:\\\/\\\/smartcherry.cl\\\/#\\\/schema\\\/person\\\/9aa496f36d86127a7a264fba18e84d30\",\"name\":\"Jorge Rojas\",\"image\":{\"@type\":\"ImageObject\",\"inLanguage\":\"en-US\",\"@id\":\"https:\\\/\\\/smartcherry.cl\\\/wp-content\\\/uploads\\\/2025\\\/04\\\/Imagen-de-WhatsApp-2025-04-10-a-las-12.35.04_f4896bb2-96x96.jpg\",\"url\":\"https:\\\/\\\/smartcherry.cl\\\/wp-content\\\/uploads\\\/2025\\\/04\\\/Imagen-de-WhatsApp-2025-04-10-a-las-12.35.04_f4896bb2-96x96.jpg\",\"contentUrl\":\"https:\\\/\\\/smartcherry.cl\\\/wp-content\\\/uploads\\\/2025\\\/04\\\/Imagen-de-WhatsApp-2025-04-10-a-las-12.35.04_f4896bb2-96x96.jpg\",\"caption\":\"Jorge Rojas\"},\"url\":\"https:\\\/\\\/smartcherry.cl\\\/en\\\/author\\\/jrojasmultiply-cl\\\/\"}]}<\/script>\n<!-- \/ Yoast SEO Premium plugin. -->","yoast_head_json":{"title":"Cerezas en Movimiento: Mart\u00ednez y Valdivieso impulsa el conocimiento y la calidad desde la ra\u00edz - Smartcherry","robots":{"index":"index","follow":"follow","max-snippet":"max-snippet:-1","max-image-preview":"max-image-preview:large","max-video-preview":"max-video-preview:-1"},"canonical":"https:\/\/smartcherry.cl\/en\/noticias\/cerezas-en-movimiento-martinez-y-valdivieso-impulsa-el-conocimiento-y-la-calidad-desde-la-raiz\/","og_locale":"en_US","og_type":"article","og_title":"Cerezas en Movimiento: Mart\u00ednez y Valdivieso impulsa el conocimiento y la calidad desde la ra\u00edz","og_description":"En el marco de la iniciativa \u201cCerezas en Movimiento\u201d, Mart\u00ednez y Valdivieso reuni\u00f3 a m\u00e1s de un centenar de productores, asesores y actores clave del rubro para compartir experiencias y [&hellip;]","og_url":"https:\/\/smartcherry.cl\/en\/noticias\/cerezas-en-movimiento-martinez-y-valdivieso-impulsa-el-conocimiento-y-la-calidad-desde-la-raiz\/","og_site_name":"Smartcherry","article_publisher":"https:\/\/web.facebook.com\/SmartCherry.cl\/","article_published_time":"2025-08-08T21:44:29+00:00","article_modified_time":"2025-08-08T21:44:30+00:00","author":"Jorge Rojas","twitter_card":"summary_large_image","twitter_creator":"@SmartCherry_cl","twitter_site":"@SmartCherry_cl","twitter_misc":{"Written by":"Jorge Rojas","Est. reading time":"3 minutes"},"schema":{"@context":"https:\/\/schema.org","@graph":[{"@type":"Article","@id":"https:\/\/smartcherry.cl\/noticias\/cerezas-en-movimiento-martinez-y-valdivieso-impulsa-el-conocimiento-y-la-calidad-desde-la-raiz\/#article","isPartOf":{"@id":"https:\/\/smartcherry.cl\/noticias\/cerezas-en-movimiento-martinez-y-valdivieso-impulsa-el-conocimiento-y-la-calidad-desde-la-raiz\/"},"author":{"name":"Jorge Rojas","@id":"https:\/\/smartcherry.cl\/#\/schema\/person\/9aa496f36d86127a7a264fba18e84d30"},"headline":"Cerezas en Movimiento: Mart\u00ednez y Valdivieso impulsa el conocimiento y la calidad desde la ra\u00edz","datePublished":"2025-08-08T21:44:29+00:00","dateModified":"2025-08-08T21:44:30+00:00","mainEntityOfPage":{"@id":"https:\/\/smartcherry.cl\/noticias\/cerezas-en-movimiento-martinez-y-valdivieso-impulsa-el-conocimiento-y-la-calidad-desde-la-raiz\/"},"wordCount":538,"publisher":{"@id":"https:\/\/smartcherry.cl\/#organization"},"image":{"@id":"https:\/\/smartcherry.cl\/noticias\/cerezas-en-movimiento-martinez-y-valdivieso-impulsa-el-conocimiento-y-la-calidad-desde-la-raiz\/#primaryimage"},"thumbnailUrl":"https:\/\/smartcherry.cl\/wp-content\/uploads\/2025\/08\/IMG_8143-2-scaled.jpg","keywords":["not-prov","MYV","cerezas","smartcherry"],"articleSection":["Eventos","Noticias"],"inLanguage":"en-US"},{"@type":"WebPage","@id":"https:\/\/smartcherry.cl\/noticias\/cerezas-en-movimiento-martinez-y-valdivieso-impulsa-el-conocimiento-y-la-calidad-desde-la-raiz\/","url":"https:\/\/smartcherry.cl\/noticias\/cerezas-en-movimiento-martinez-y-valdivieso-impulsa-el-conocimiento-y-la-calidad-desde-la-raiz\/","name":"Cerezas en Movimiento: Mart\u00ednez y Valdivieso impulsa el conocimiento y la calidad desde la ra\u00edz - Smartcherry","isPartOf":{"@id":"https:\/\/smartcherry.cl\/#website"},"primaryImageOfPage":{"@id":"https:\/\/smartcherry.cl\/noticias\/cerezas-en-movimiento-martinez-y-valdivieso-impulsa-el-conocimiento-y-la-calidad-desde-la-raiz\/#primaryimage"},"image":{"@id":"https:\/\/smartcherry.cl\/noticias\/cerezas-en-movimiento-martinez-y-valdivieso-impulsa-el-conocimiento-y-la-calidad-desde-la-raiz\/#primaryimage"},"thumbnailUrl":"https:\/\/smartcherry.cl\/wp-content\/uploads\/2025\/08\/IMG_8143-2-scaled.jpg","datePublished":"2025-08-08T21:44:29+00:00","dateModified":"2025-08-08T21:44:30+00:00","breadcrumb":{"@id":"https:\/\/smartcherry.cl\/noticias\/cerezas-en-movimiento-martinez-y-valdivieso-impulsa-el-conocimiento-y-la-calidad-desde-la-raiz\/#breadcrumb"},"inLanguage":"en-US","potentialAction":[{"@type":"ReadAction","target":["https:\/\/smartcherry.cl\/noticias\/cerezas-en-movimiento-martinez-y-valdivieso-impulsa-el-conocimiento-y-la-calidad-desde-la-raiz\/"]}]},{"@type":"ImageObject","inLanguage":"en-US","@id":"https:\/\/smartcherry.cl\/noticias\/cerezas-en-movimiento-martinez-y-valdivieso-impulsa-el-conocimiento-y-la-calidad-desde-la-raiz\/#primaryimage","url":"https:\/\/smartcherry.cl\/wp-content\/uploads\/2025\/08\/IMG_8143-2-scaled.jpg","contentUrl":"https:\/\/smartcherry.cl\/wp-content\/uploads\/2025\/08\/IMG_8143-2-scaled.jpg","width":2560,"height":1920},{"@type":"BreadcrumbList","@id":"https:\/\/smartcherry.cl\/noticias\/cerezas-en-movimiento-martinez-y-valdivieso-impulsa-el-conocimiento-y-la-calidad-desde-la-raiz\/#breadcrumb","itemListElement":[{"@type":"ListItem","position":1,"name":"Home","item":"https:\/\/smartcherry.cl\/"},{"@type":"ListItem","position":2,"name":"Noticias","item":"https:\/\/smartcherry.cl\/category\/noticias\/"},{"@type":"ListItem","position":3,"name":"Cerezas en Movimiento: Mart\u00ednez y Valdivieso impulsa el conocimiento y la calidad desde la ra\u00edz"}]},{"@type":"WebSite","@id":"https:\/\/smartcherry.cl\/#website","url":"https:\/\/smartcherry.cl\/","name":"Smartcherry","description":"Smartcherry Site","publisher":{"@id":"https:\/\/smartcherry.cl\/#organization"},"potentialAction":[{"@type":"SearchAction","target":{"@type":"EntryPoint","urlTemplate":"https:\/\/smartcherry.cl\/?s={search_term_string}"},"query-input":{"@type":"PropertyValueSpecification","valueRequired":true,"valueName":"search_term_string"}}],"inLanguage":"en-US"},{"@type":"Organization","@id":"https:\/\/smartcherry.cl\/#organization","name":"SmartCherry","url":"https:\/\/smartcherry.cl\/","logo":{"@type":"ImageObject","inLanguage":"en-US","@id":"https:\/\/smartcherry.cl\/#\/schema\/logo\/image\/","url":"https:\/\/smartcherry.cl\/wp-content\/uploads\/2022\/02\/logo_smartcherry.png","contentUrl":"https:\/\/smartcherry.cl\/wp-content\/uploads\/2022\/02\/logo_smartcherry.png","width":411,"height":84,"caption":"SmartCherry"},"image":{"@id":"https:\/\/smartcherry.cl\/#\/schema\/logo\/image\/"},"sameAs":["https:\/\/web.facebook.com\/SmartCherry.cl\/","https:\/\/x.com\/SmartCherry_cl","https:\/\/www.linkedin.com\/company\/smartcherry\/","https:\/\/www.instagram.com\/smartcherry_cl\/","https:\/\/www.youtube.com\/channel\/UCe007LfgFFnntDgCcqICbPQ"]},{"@type":"Person","@id":"https:\/\/smartcherry.cl\/#\/schema\/person\/9aa496f36d86127a7a264fba18e84d30","name":"Jorge Rojas","image":{"@type":"ImageObject","inLanguage":"en-US","@id":"https:\/\/smartcherry.cl\/wp-content\/uploads\/2025\/04\/Imagen-de-WhatsApp-2025-04-10-a-las-12.35.04_f4896bb2-96x96.jpg","url":"https:\/\/smartcherry.cl\/wp-content\/uploads\/2025\/04\/Imagen-de-WhatsApp-2025-04-10-a-las-12.35.04_f4896bb2-96x96.jpg","contentUrl":"https:\/\/smartcherry.cl\/wp-content\/uploads\/2025\/04\/Imagen-de-WhatsApp-2025-04-10-a-las-12.35.04_f4896bb2-96x96.jpg","caption":"Jorge Rojas"},"url":"https:\/\/smartcherry.cl\/en\/author\/jrojasmultiply-cl\/"}]}},"_links":{"self":[{"href":"https:\/\/smartcherry.cl\/en\/wp-json\/wp\/v2\/posts\/48281","targetHints":{"allow":["GET"]}}],"collection":[{"href":"https:\/\/smartcherry.cl\/en\/wp-json\/wp\/v2\/posts"}],"about":[{"href":"https:\/\/smartcherry.cl\/en\/wp-json\/wp\/v2\/types\/post"}],"author":[{"embeddable":true,"href":"https:\/\/smartcherry.cl\/en\/wp-json\/wp\/v2\/users\/274"}],"replies":[{"embeddable":true,"href":"https:\/\/smartcherry.cl\/en\/wp-json\/wp\/v2\/comments?post=48281"}],"version-history":[{"count":1,"href":"https:\/\/smartcherry.cl\/en\/wp-json\/wp\/v2\/posts\/48281\/revisions"}],"predecessor-version":[{"id":48287,"href":"https:\/\/smartcherry.cl\/en\/wp-json\/wp\/v2\/posts\/48281\/revisions\/48287"}],"wp:featuredmedia":[{"embeddable":true,"href":"https:\/\/smartcherry.cl\/en\/wp-json\/wp\/v2\/media\/48286"}],"wp:attachment":[{"href":"https:\/\/smartcherry.cl\/en\/wp-json\/wp\/v2\/media?parent=48281"}],"wp:term":[{"taxonomy":"category","embeddable":true,"href":"https:\/\/smartcherry.cl\/en\/wp-json\/wp\/v2\/categories?post=48281"},{"taxonomy":"post_tag","embeddable":true,"href":"https:\/\/smartcherry.cl\/en\/wp-json\/wp\/v2\/tags?post=48281"},{"taxonomy":"category_proveedor","embeddable":true,"href":"https:\/\/smartcherry.cl\/en\/wp-json\/wp\/v2\/category_proveedor?post=48281"},{"taxonomy":"pais","embeddable":true,"href":"https:\/\/smartcherry.cl\/en\/wp-json\/wp\/v2\/pais?post=48281"}],"curies":[{"name":"wp","href":"https:\/\/api.w.org\/{rel}","templated":true}]}}