{"id":47729,"date":"2025-07-15T16:36:38","date_gmt":"2025-07-15T20:36:38","guid":{"rendered":"https:\/\/smartcherry.cl\/?p=47729"},"modified":"2025-07-15T16:36:39","modified_gmt":"2025-07-15T20:36:39","slug":"expoagryd-en-terreno-la-serena-puso-foco-en-soluciones-para-enfrentar-escasez-hidrica-en-la-region-de-coquimbo","status":"publish","type":"post","link":"https:\/\/smartcherry.cl\/en\/noticias\/expoagryd-en-terreno-la-serena-puso-foco-en-soluciones-para-enfrentar-escasez-hidrica-en-la-region-de-coquimbo\/","title":{"rendered":"ExpoAgryd en Terreno La Serena puso foco en soluciones para enfrentar escasez h\u00eddrica en la Regi\u00f3n de Coquimbo\u00a0"},"content":{"rendered":"<p><strong><em>La ciudad de La Serena fue escenario la semana pasada de ExpoAgryd en Terreno, un evento organizado por la Asociaci\u00f3n Gremial de Riego y Drenaje (AGRYD), con el apoyo de ProChile.<\/em><\/strong><\/p>\n\n\n\n<p>La jornada reuni\u00f3 a representantes del sector agr\u00edcola, expertos t\u00e9cnicos y autoridades para analizar la realidad h\u00eddrica de la zona, presentar soluciones y definir estrategias que permitan una gesti\u00f3n m\u00e1s eficiente del agua y un impulso a las exportaciones.<\/p>\n\n\n\n<p>La regi\u00f3n, que enfrenta una sequ\u00eda prolongada, ha visto sus embalses operar muy por debajo de su capacidad. El embalse La Paloma, por ejemplo, se encuentra al 7% de su volumen, y otros est\u00e1n bajo el 20%. Esta situaci\u00f3n, expuesta por Alex Cort\u00e9s, gerente de la Junta de Vigilancia del R\u00edo Elqui, subraya la urgencia de adoptar medidas concretas.<\/p>\n\n\n\n<p><strong>Medidas de adaptaci\u00f3n y avances en la gesti\u00f3n del agua<br><\/strong>Frente a este escenario, agricultores y juntas de vigilancia est\u00e1n implementando diversas medidas de adaptaci\u00f3n. Cort\u00e9s inform\u00f3 que el 95% de las acciones de agua del R\u00edo Elqui est\u00e1n controladas mediante telemetr\u00eda, con compuertas autom\u00e1ticas, y control a distancia. Adem\u00e1s, la tecnificaci\u00f3n del riego en frutales en la regi\u00f3n alcanza el 85%.<\/p>\n\n\n\n<p>Gustavo Ricke, gerente general de Agr\u00edcola El Cerrito, comparti\u00f3 la experiencia de su campo en el Valle del Elqui. La empresa ha invertido en equipos de riego (caudal\u00edmetros, v\u00e1lvulas, filtros y sistemas de inyecci\u00f3n de fertilizantes), as\u00ed como en hardware y software para monitoreo y control remoto.<\/p>\n\n\n\n<p>A pesar de depender exclusivamente de aguas superficiales, lograron un \u00abbalance h\u00eddrico positivo\u00bb la \u00faltima temporada, con un super\u00e1vit superior a los 500.000 metros c\u00fabicos de agua, gracias a la tecnificaci\u00f3n y al monitoreo constante. <em>\u00abSabemos exactamente, hasta el mil\u00edmetro, cu\u00e1nto gastamos en cada uno de nuestros cuarteles\u00bb<\/em>, afirm\u00f3 Ricke.<\/p>\n\n\n\n<p>V\u00edctor Mu\u00f1oz, gerente de PER Fruticultura Sustentable Coquimbo, propuso una metodolog\u00eda de c\u00e1lculo que introduce el concepto de \u00abproductividad econ\u00f3mica del agua\u00bb como m\u00e9trica clave para el sector. Seg\u00fan sus datos, cultivos como el limonero y el cerezo presentan la mejor rentabilidad por metro c\u00fabico de agua en la regi\u00f3n. A\u00f1adi\u00f3 que, aunque la superficie frut\u00edcola ha sufrido ajustes, hoy presenta una mayor diversificaci\u00f3n.<\/p>\n\n\n\n<p><strong>Regulaci\u00f3n y agua: El llamado a una pol\u00edtica de Estado<br><\/strong>El panel \u00abAgua y Regulaci\u00f3n: Construyendo Caminos para una Gesti\u00f3n Eficiente\u00bb abord\u00f3 tanto los avances como las trabas actuales.<\/p>\n\n\n\n<p>En el debate, Alejandra Mar\u00edn, gerente de la Sociedad Agr\u00edcola del Norte, enfatiz\u00f3 que la clave para avanzar en eficiencia es la inversi\u00f3n, tanto en grandes obras como en la tecnificaci\u00f3n de cada predio. Sin embargo, se\u00f1al\u00f3 que esto no siempre es factible para los peque\u00f1os agricultores, quienes, pese a contar con los beneficios de la Ley de Riego, enfrentan obst\u00e1culos incluso para inscribir correctamente sus derechos de agua.<\/p>\n\n\n\n<p>Jos\u00e9 Miguel Mor\u00e1n, gerente general de AGRYD, coincidi\u00f3 en que la agricultura ha avanzado en el diagn\u00f3stico, pero a\u00fan muestra rezagos en la ejecuci\u00f3n. Si bien existe conciencia institucional sobre los desaf\u00edos, persisten trabas burocr\u00e1ticas, superposici\u00f3n normativa y una d\u00e9bil articulaci\u00f3n entre agencias p\u00fablicas, lo que ralentiza la implementaci\u00f3n de soluciones en terreno.<\/p>\n\n\n\n<p>Adem\u00e1s, hizo un llamado a agilizar la Ley de Riego, para que contemple con m\u00e1s fuerza las inversiones para la renovaci\u00f3n de los sistemas de riego existentes.<\/p>\n\n\n\n<p>En esa l\u00ednea, el abogado Sebasti\u00e1n Leiva advirti\u00f3 que los cambios de punto de captaci\u00f3n de derechos de aprovechamiento de aguas pueden tardar entre dos y tres a\u00f1os, afectando la legalidad del uso.<\/p>\n\n\n\n<p>Francisco Meza, investigador de INIA Intihuasi, subray\u00f3 que la disminuci\u00f3n de la disponibilidad de agua dulce avanza m\u00e1s r\u00e1pido que la capacidad de respuesta actual, por lo que llam\u00f3 a \u00abreducir la demanda\u00bb del recurso.<\/p>\n\n\n\n<p>Hubo consenso entre los panelistas en torno a la necesidad de establecer una pol\u00edtica de Estado del agua, basada en criterios t\u00e9cnicos y no sujeta a los vaivenes de cada administraci\u00f3n.<\/p>\n\n\n\n<p><strong>Llevando la tecnolog\u00eda del agua a las regiones<br><\/strong>Desde el a\u00f1o 2022, AGRYD organiza ExpoAgryd en Santiago. Este a\u00f1o, sin embargo, el gremio decidi\u00f3 descentralizar la actividad y llevar el conocimiento y las tecnolog\u00edas para optimizar el uso del agua hacia las regiones agr\u00edcolas.<\/p>\n\n\n\n<p>La cita en La Serena fue la primera de una serie de encuentros regionales, que combinan un seminario t\u00e9cnico con una exhibici\u00f3n de productos y servicios especializados en riego. El pr\u00f3ximo evento se realizar\u00e1 en Curic\u00f3, el 6 de noviembre.<\/p>","protected":false},"excerpt":{"rendered":"<p>El encuentro mostr\u00f3 c\u00f3mo agricultores y autoridades de la regi\u00f3n est\u00e1n abriendo camino mediante el uso de tecnolog\u00edas y especies m\u00e1s adaptadas a la escasez h\u00eddrica.<\/p>","protected":false},"author":273,"featured_media":47730,"comment_status":"closed","ping_status":"open","sticky":false,"template":"","format":"standard","meta":{"_acf_changed":false,"inline_featured_image":false,"footnotes":""},"categories":[35],"tags":[128,2069,3029,4129],"category_proveedor":[],"pais":[],"class_list":["post-47729","post","type-post","status-publish","format-standard","has-post-thumbnail","hentry","category-noticias","tag-riego","tag-crisis-hidrica","tag-expoagryd","tag-la-serena"],"acf":[],"yoast_head":"<!-- This site is optimized with the Yoast SEO Premium plugin v21.3 (Yoast SEO v27.3) - https:\/\/yoast.com\/product\/yoast-seo-premium-wordpress\/ -->\n<title>ExpoAgryd en Terreno La Serena puso foco en soluciones para enfrentar escasez h\u00eddrica en la Regi\u00f3n de Coquimbo\u00a0 - Smartcherry<\/title>\n<meta name=\"description\" content=\"La ciudad de La Serena fue escenario la semana pasada de ExpoAgryd en Terreno, un evento organizado por la Asociaci\u00f3n Gremial de Riego y Drenaje (AGRYD), con el apoyo de ProChile.\" \/>\n<meta name=\"robots\" content=\"index, follow, max-snippet:-1, max-image-preview:large, max-video-preview:-1\" \/>\n<link rel=\"canonical\" href=\"https:\/\/smartcherry.cl\/en\/noticias\/expoagryd-en-terreno-la-serena-puso-foco-en-soluciones-para-enfrentar-escasez-hidrica-en-la-region-de-coquimbo\/\" \/>\n<meta property=\"og:locale\" content=\"en_US\" \/>\n<meta property=\"og:type\" content=\"article\" \/>\n<meta property=\"og:title\" content=\"ExpoAgryd en Terreno La Serena puso foco en soluciones para enfrentar escasez h\u00eddrica en la Regi\u00f3n de Coquimbo\u00a0\" \/>\n<meta property=\"og:description\" content=\"La ciudad de La Serena fue escenario la semana pasada de ExpoAgryd en Terreno, un evento organizado por la Asociaci\u00f3n Gremial de Riego y Drenaje (AGRYD), con el apoyo de ProChile.\" \/>\n<meta property=\"og:url\" content=\"https:\/\/smartcherry.cl\/en\/noticias\/expoagryd-en-terreno-la-serena-puso-foco-en-soluciones-para-enfrentar-escasez-hidrica-en-la-region-de-coquimbo\/\" \/>\n<meta property=\"og:site_name\" content=\"Smartcherry\" \/>\n<meta property=\"article:publisher\" content=\"https:\/\/web.facebook.com\/SmartCherry.cl\/\" \/>\n<meta property=\"article:published_time\" content=\"2025-07-15T20:36:38+00:00\" \/>\n<meta property=\"article:modified_time\" content=\"2025-07-15T20:36:39+00:00\" \/>\n<meta property=\"og:image\" content=\"https:\/\/smartcherry.cl\/wp-content\/uploads\/2025\/07\/ExpoAgryd-2025_La-Serena.jpg\" \/>\n\t<meta property=\"og:image:width\" content=\"1400\" \/>\n\t<meta property=\"og:image:height\" content=\"800\" \/>\n\t<meta property=\"og:image:type\" content=\"image\/jpeg\" \/>\n<meta name=\"author\" content=\"Beatriz Parra\" \/>\n<meta name=\"twitter:card\" content=\"summary_large_image\" \/>\n<meta name=\"twitter:creator\" content=\"@SmartCherry_cl\" \/>\n<meta name=\"twitter:site\" content=\"@SmartCherry_cl\" \/>\n<meta name=\"twitter:label1\" content=\"Written by\" \/>\n\t<meta name=\"twitter:data1\" content=\"Beatriz Parra\" \/>\n\t<meta name=\"twitter:label2\" content=\"Est. reading time\" \/>\n\t<meta name=\"twitter:data2\" content=\"4 minutes\" \/>\n<script type=\"application\/ld+json\" class=\"yoast-schema-graph\">{\"@context\":\"https:\\\/\\\/schema.org\",\"@graph\":[{\"@type\":\"Article\",\"@id\":\"https:\\\/\\\/smartcherry.cl\\\/noticias\\\/expoagryd-en-terreno-la-serena-puso-foco-en-soluciones-para-enfrentar-escasez-hidrica-en-la-region-de-coquimbo\\\/#article\",\"isPartOf\":{\"@id\":\"https:\\\/\\\/smartcherry.cl\\\/noticias\\\/expoagryd-en-terreno-la-serena-puso-foco-en-soluciones-para-enfrentar-escasez-hidrica-en-la-region-de-coquimbo\\\/\"},\"author\":{\"name\":\"Beatriz Parra\",\"@id\":\"https:\\\/\\\/smartcherry.cl\\\/#\\\/schema\\\/person\\\/604ed44370e96b081064b745ca461407\"},\"headline\":\"ExpoAgryd en Terreno La Serena puso foco en soluciones para enfrentar escasez h\u00eddrica en la Regi\u00f3n de Coquimbo\u00a0\",\"datePublished\":\"2025-07-15T20:36:38+00:00\",\"dateModified\":\"2025-07-15T20:36:39+00:00\",\"mainEntityOfPage\":{\"@id\":\"https:\\\/\\\/smartcherry.cl\\\/noticias\\\/expoagryd-en-terreno-la-serena-puso-foco-en-soluciones-para-enfrentar-escasez-hidrica-en-la-region-de-coquimbo\\\/\"},\"wordCount\":815,\"publisher\":{\"@id\":\"https:\\\/\\\/smartcherry.cl\\\/#organization\"},\"image\":{\"@id\":\"https:\\\/\\\/smartcherry.cl\\\/noticias\\\/expoagryd-en-terreno-la-serena-puso-foco-en-soluciones-para-enfrentar-escasez-hidrica-en-la-region-de-coquimbo\\\/#primaryimage\"},\"thumbnailUrl\":\"https:\\\/\\\/smartcherry.cl\\\/wp-content\\\/uploads\\\/2025\\\/07\\\/ExpoAgryd-2025_La-Serena.jpg\",\"keywords\":[\"riego\",\"crisis h\u00eddrica\",\"ExpoAgryd\",\"La Serena\"],\"articleSection\":[\"Noticias\"],\"inLanguage\":\"en-US\"},{\"@type\":\"WebPage\",\"@id\":\"https:\\\/\\\/smartcherry.cl\\\/noticias\\\/expoagryd-en-terreno-la-serena-puso-foco-en-soluciones-para-enfrentar-escasez-hidrica-en-la-region-de-coquimbo\\\/\",\"url\":\"https:\\\/\\\/smartcherry.cl\\\/noticias\\\/expoagryd-en-terreno-la-serena-puso-foco-en-soluciones-para-enfrentar-escasez-hidrica-en-la-region-de-coquimbo\\\/\",\"name\":\"ExpoAgryd en Terreno La Serena puso foco en soluciones para enfrentar escasez h\u00eddrica en la Regi\u00f3n de Coquimbo\u00a0 - Smartcherry\",\"isPartOf\":{\"@id\":\"https:\\\/\\\/smartcherry.cl\\\/#website\"},\"primaryImageOfPage\":{\"@id\":\"https:\\\/\\\/smartcherry.cl\\\/noticias\\\/expoagryd-en-terreno-la-serena-puso-foco-en-soluciones-para-enfrentar-escasez-hidrica-en-la-region-de-coquimbo\\\/#primaryimage\"},\"image\":{\"@id\":\"https:\\\/\\\/smartcherry.cl\\\/noticias\\\/expoagryd-en-terreno-la-serena-puso-foco-en-soluciones-para-enfrentar-escasez-hidrica-en-la-region-de-coquimbo\\\/#primaryimage\"},\"thumbnailUrl\":\"https:\\\/\\\/smartcherry.cl\\\/wp-content\\\/uploads\\\/2025\\\/07\\\/ExpoAgryd-2025_La-Serena.jpg\",\"datePublished\":\"2025-07-15T20:36:38+00:00\",\"dateModified\":\"2025-07-15T20:36:39+00:00\",\"description\":\"La ciudad de La Serena fue escenario la semana pasada de ExpoAgryd en Terreno, un evento organizado por la Asociaci\u00f3n Gremial de Riego y Drenaje (AGRYD), con el apoyo de ProChile.\",\"breadcrumb\":{\"@id\":\"https:\\\/\\\/smartcherry.cl\\\/noticias\\\/expoagryd-en-terreno-la-serena-puso-foco-en-soluciones-para-enfrentar-escasez-hidrica-en-la-region-de-coquimbo\\\/#breadcrumb\"},\"inLanguage\":\"en-US\",\"potentialAction\":[{\"@type\":\"ReadAction\",\"target\":[\"https:\\\/\\\/smartcherry.cl\\\/noticias\\\/expoagryd-en-terreno-la-serena-puso-foco-en-soluciones-para-enfrentar-escasez-hidrica-en-la-region-de-coquimbo\\\/\"]}]},{\"@type\":\"ImageObject\",\"inLanguage\":\"en-US\",\"@id\":\"https:\\\/\\\/smartcherry.cl\\\/noticias\\\/expoagryd-en-terreno-la-serena-puso-foco-en-soluciones-para-enfrentar-escasez-hidrica-en-la-region-de-coquimbo\\\/#primaryimage\",\"url\":\"https:\\\/\\\/smartcherry.cl\\\/wp-content\\\/uploads\\\/2025\\\/07\\\/ExpoAgryd-2025_La-Serena.jpg\",\"contentUrl\":\"https:\\\/\\\/smartcherry.cl\\\/wp-content\\\/uploads\\\/2025\\\/07\\\/ExpoAgryd-2025_La-Serena.jpg\",\"width\":1400,\"height\":800},{\"@type\":\"BreadcrumbList\",\"@id\":\"https:\\\/\\\/smartcherry.cl\\\/noticias\\\/expoagryd-en-terreno-la-serena-puso-foco-en-soluciones-para-enfrentar-escasez-hidrica-en-la-region-de-coquimbo\\\/#breadcrumb\",\"itemListElement\":[{\"@type\":\"ListItem\",\"position\":1,\"name\":\"Home\",\"item\":\"https:\\\/\\\/smartcherry.cl\\\/\"},{\"@type\":\"ListItem\",\"position\":2,\"name\":\"Noticias\",\"item\":\"https:\\\/\\\/smartcherry.cl\\\/category\\\/noticias\\\/\"},{\"@type\":\"ListItem\",\"position\":3,\"name\":\"ExpoAgryd en Terreno La Serena puso foco en soluciones para enfrentar escasez h\u00eddrica en la Regi\u00f3n de Coquimbo\u00a0\"}]},{\"@type\":\"WebSite\",\"@id\":\"https:\\\/\\\/smartcherry.cl\\\/#website\",\"url\":\"https:\\\/\\\/smartcherry.cl\\\/\",\"name\":\"Smartcherry\",\"description\":\"Sitio de Smartcherry\",\"publisher\":{\"@id\":\"https:\\\/\\\/smartcherry.cl\\\/#organization\"},\"potentialAction\":[{\"@type\":\"SearchAction\",\"target\":{\"@type\":\"EntryPoint\",\"urlTemplate\":\"https:\\\/\\\/smartcherry.cl\\\/?s={search_term_string}\"},\"query-input\":{\"@type\":\"PropertyValueSpecification\",\"valueRequired\":true,\"valueName\":\"search_term_string\"}}],\"inLanguage\":\"en-US\"},{\"@type\":\"Organization\",\"@id\":\"https:\\\/\\\/smartcherry.cl\\\/#organization\",\"name\":\"SmartCherry\",\"url\":\"https:\\\/\\\/smartcherry.cl\\\/\",\"logo\":{\"@type\":\"ImageObject\",\"inLanguage\":\"en-US\",\"@id\":\"https:\\\/\\\/smartcherry.cl\\\/#\\\/schema\\\/logo\\\/image\\\/\",\"url\":\"https:\\\/\\\/smartcherry.cl\\\/wp-content\\\/uploads\\\/2022\\\/02\\\/logo_smartcherry.png\",\"contentUrl\":\"https:\\\/\\\/smartcherry.cl\\\/wp-content\\\/uploads\\\/2022\\\/02\\\/logo_smartcherry.png\",\"width\":411,\"height\":84,\"caption\":\"SmartCherry\"},\"image\":{\"@id\":\"https:\\\/\\\/smartcherry.cl\\\/#\\\/schema\\\/logo\\\/image\\\/\"},\"sameAs\":[\"https:\\\/\\\/web.facebook.com\\\/SmartCherry.cl\\\/\",\"https:\\\/\\\/x.com\\\/SmartCherry_cl\",\"https:\\\/\\\/www.linkedin.com\\\/company\\\/smartcherry\\\/\",\"https:\\\/\\\/www.instagram.com\\\/smartcherry_cl\\\/\",\"https:\\\/\\\/www.youtube.com\\\/channel\\\/UCe007LfgFFnntDgCcqICbPQ\"]},{\"@type\":\"Person\",\"@id\":\"https:\\\/\\\/smartcherry.cl\\\/#\\\/schema\\\/person\\\/604ed44370e96b081064b745ca461407\",\"name\":\"Beatriz Parra\",\"image\":{\"@type\":\"ImageObject\",\"inLanguage\":\"en-US\",\"@id\":\"https:\\\/\\\/smartcherry.cl\\\/wp-content\\\/uploads\\\/2025\\\/01\\\/POST-96x96.png\",\"url\":\"https:\\\/\\\/smartcherry.cl\\\/wp-content\\\/uploads\\\/2025\\\/01\\\/POST-96x96.png\",\"contentUrl\":\"https:\\\/\\\/smartcherry.cl\\\/wp-content\\\/uploads\\\/2025\\\/01\\\/POST-96x96.png\",\"caption\":\"Beatriz Parra\"},\"url\":\"https:\\\/\\\/smartcherry.cl\\\/en\\\/author\\\/bparra\\\/\"}]}<\/script>\n<!-- \/ Yoast SEO Premium plugin. -->","yoast_head_json":{"title":"ExpoAgryd en Terreno La Serena puso foco en soluciones para enfrentar escasez h\u00eddrica en la Regi\u00f3n de Coquimbo\u00a0 - Smartcherry","description":"La ciudad de La Serena fue escenario la semana pasada de ExpoAgryd en Terreno, un evento organizado por la Asociaci\u00f3n Gremial de Riego y Drenaje (AGRYD), con el apoyo de ProChile.","robots":{"index":"index","follow":"follow","max-snippet":"max-snippet:-1","max-image-preview":"max-image-preview:large","max-video-preview":"max-video-preview:-1"},"canonical":"https:\/\/smartcherry.cl\/en\/noticias\/expoagryd-en-terreno-la-serena-puso-foco-en-soluciones-para-enfrentar-escasez-hidrica-en-la-region-de-coquimbo\/","og_locale":"en_US","og_type":"article","og_title":"ExpoAgryd en Terreno La Serena puso foco en soluciones para enfrentar escasez h\u00eddrica en la Regi\u00f3n de Coquimbo\u00a0","og_description":"La ciudad de La Serena fue escenario la semana pasada de ExpoAgryd en Terreno, un evento organizado por la Asociaci\u00f3n Gremial de Riego y Drenaje (AGRYD), con el apoyo de ProChile.","og_url":"https:\/\/smartcherry.cl\/en\/noticias\/expoagryd-en-terreno-la-serena-puso-foco-en-soluciones-para-enfrentar-escasez-hidrica-en-la-region-de-coquimbo\/","og_site_name":"Smartcherry","article_publisher":"https:\/\/web.facebook.com\/SmartCherry.cl\/","article_published_time":"2025-07-15T20:36:38+00:00","article_modified_time":"2025-07-15T20:36:39+00:00","og_image":[{"width":1400,"height":800,"url":"https:\/\/smartcherry.cl\/wp-content\/uploads\/2025\/07\/ExpoAgryd-2025_La-Serena.jpg","type":"image\/jpeg"}],"author":"Beatriz Parra","twitter_card":"summary_large_image","twitter_creator":"@SmartCherry_cl","twitter_site":"@SmartCherry_cl","twitter_misc":{"Written by":"Beatriz Parra","Est. reading time":"4 minutes"},"schema":{"@context":"https:\/\/schema.org","@graph":[{"@type":"Article","@id":"https:\/\/smartcherry.cl\/noticias\/expoagryd-en-terreno-la-serena-puso-foco-en-soluciones-para-enfrentar-escasez-hidrica-en-la-region-de-coquimbo\/#article","isPartOf":{"@id":"https:\/\/smartcherry.cl\/noticias\/expoagryd-en-terreno-la-serena-puso-foco-en-soluciones-para-enfrentar-escasez-hidrica-en-la-region-de-coquimbo\/"},"author":{"name":"Beatriz Parra","@id":"https:\/\/smartcherry.cl\/#\/schema\/person\/604ed44370e96b081064b745ca461407"},"headline":"ExpoAgryd en Terreno La Serena puso foco en soluciones para enfrentar escasez h\u00eddrica en la Regi\u00f3n de Coquimbo\u00a0","datePublished":"2025-07-15T20:36:38+00:00","dateModified":"2025-07-15T20:36:39+00:00","mainEntityOfPage":{"@id":"https:\/\/smartcherry.cl\/noticias\/expoagryd-en-terreno-la-serena-puso-foco-en-soluciones-para-enfrentar-escasez-hidrica-en-la-region-de-coquimbo\/"},"wordCount":815,"publisher":{"@id":"https:\/\/smartcherry.cl\/#organization"},"image":{"@id":"https:\/\/smartcherry.cl\/noticias\/expoagryd-en-terreno-la-serena-puso-foco-en-soluciones-para-enfrentar-escasez-hidrica-en-la-region-de-coquimbo\/#primaryimage"},"thumbnailUrl":"https:\/\/smartcherry.cl\/wp-content\/uploads\/2025\/07\/ExpoAgryd-2025_La-Serena.jpg","keywords":["riego","crisis h\u00eddrica","ExpoAgryd","La Serena"],"articleSection":["Noticias"],"inLanguage":"en-US"},{"@type":"WebPage","@id":"https:\/\/smartcherry.cl\/noticias\/expoagryd-en-terreno-la-serena-puso-foco-en-soluciones-para-enfrentar-escasez-hidrica-en-la-region-de-coquimbo\/","url":"https:\/\/smartcherry.cl\/noticias\/expoagryd-en-terreno-la-serena-puso-foco-en-soluciones-para-enfrentar-escasez-hidrica-en-la-region-de-coquimbo\/","name":"ExpoAgryd en Terreno La Serena puso foco en soluciones para enfrentar escasez h\u00eddrica en la Regi\u00f3n de Coquimbo\u00a0 - Smartcherry","isPartOf":{"@id":"https:\/\/smartcherry.cl\/#website"},"primaryImageOfPage":{"@id":"https:\/\/smartcherry.cl\/noticias\/expoagryd-en-terreno-la-serena-puso-foco-en-soluciones-para-enfrentar-escasez-hidrica-en-la-region-de-coquimbo\/#primaryimage"},"image":{"@id":"https:\/\/smartcherry.cl\/noticias\/expoagryd-en-terreno-la-serena-puso-foco-en-soluciones-para-enfrentar-escasez-hidrica-en-la-region-de-coquimbo\/#primaryimage"},"thumbnailUrl":"https:\/\/smartcherry.cl\/wp-content\/uploads\/2025\/07\/ExpoAgryd-2025_La-Serena.jpg","datePublished":"2025-07-15T20:36:38+00:00","dateModified":"2025-07-15T20:36:39+00:00","description":"La ciudad de La Serena fue escenario la semana pasada de ExpoAgryd en Terreno, un evento organizado por la Asociaci\u00f3n Gremial de Riego y Drenaje (AGRYD), con el apoyo de ProChile.","breadcrumb":{"@id":"https:\/\/smartcherry.cl\/noticias\/expoagryd-en-terreno-la-serena-puso-foco-en-soluciones-para-enfrentar-escasez-hidrica-en-la-region-de-coquimbo\/#breadcrumb"},"inLanguage":"en-US","potentialAction":[{"@type":"ReadAction","target":["https:\/\/smartcherry.cl\/noticias\/expoagryd-en-terreno-la-serena-puso-foco-en-soluciones-para-enfrentar-escasez-hidrica-en-la-region-de-coquimbo\/"]}]},{"@type":"ImageObject","inLanguage":"en-US","@id":"https:\/\/smartcherry.cl\/noticias\/expoagryd-en-terreno-la-serena-puso-foco-en-soluciones-para-enfrentar-escasez-hidrica-en-la-region-de-coquimbo\/#primaryimage","url":"https:\/\/smartcherry.cl\/wp-content\/uploads\/2025\/07\/ExpoAgryd-2025_La-Serena.jpg","contentUrl":"https:\/\/smartcherry.cl\/wp-content\/uploads\/2025\/07\/ExpoAgryd-2025_La-Serena.jpg","width":1400,"height":800},{"@type":"BreadcrumbList","@id":"https:\/\/smartcherry.cl\/noticias\/expoagryd-en-terreno-la-serena-puso-foco-en-soluciones-para-enfrentar-escasez-hidrica-en-la-region-de-coquimbo\/#breadcrumb","itemListElement":[{"@type":"ListItem","position":1,"name":"Home","item":"https:\/\/smartcherry.cl\/"},{"@type":"ListItem","position":2,"name":"Noticias","item":"https:\/\/smartcherry.cl\/category\/noticias\/"},{"@type":"ListItem","position":3,"name":"ExpoAgryd en Terreno La Serena puso foco en soluciones para enfrentar escasez h\u00eddrica en la Regi\u00f3n de Coquimbo\u00a0"}]},{"@type":"WebSite","@id":"https:\/\/smartcherry.cl\/#website","url":"https:\/\/smartcherry.cl\/","name":"Smartcherry","description":"Smartcherry Site","publisher":{"@id":"https:\/\/smartcherry.cl\/#organization"},"potentialAction":[{"@type":"SearchAction","target":{"@type":"EntryPoint","urlTemplate":"https:\/\/smartcherry.cl\/?s={search_term_string}"},"query-input":{"@type":"PropertyValueSpecification","valueRequired":true,"valueName":"search_term_string"}}],"inLanguage":"en-US"},{"@type":"Organization","@id":"https:\/\/smartcherry.cl\/#organization","name":"SmartCherry","url":"https:\/\/smartcherry.cl\/","logo":{"@type":"ImageObject","inLanguage":"en-US","@id":"https:\/\/smartcherry.cl\/#\/schema\/logo\/image\/","url":"https:\/\/smartcherry.cl\/wp-content\/uploads\/2022\/02\/logo_smartcherry.png","contentUrl":"https:\/\/smartcherry.cl\/wp-content\/uploads\/2022\/02\/logo_smartcherry.png","width":411,"height":84,"caption":"SmartCherry"},"image":{"@id":"https:\/\/smartcherry.cl\/#\/schema\/logo\/image\/"},"sameAs":["https:\/\/web.facebook.com\/SmartCherry.cl\/","https:\/\/x.com\/SmartCherry_cl","https:\/\/www.linkedin.com\/company\/smartcherry\/","https:\/\/www.instagram.com\/smartcherry_cl\/","https:\/\/www.youtube.com\/channel\/UCe007LfgFFnntDgCcqICbPQ"]},{"@type":"Person","@id":"https:\/\/smartcherry.cl\/#\/schema\/person\/604ed44370e96b081064b745ca461407","name":"Beatriz Parra","image":{"@type":"ImageObject","inLanguage":"en-US","@id":"https:\/\/smartcherry.cl\/wp-content\/uploads\/2025\/01\/POST-96x96.png","url":"https:\/\/smartcherry.cl\/wp-content\/uploads\/2025\/01\/POST-96x96.png","contentUrl":"https:\/\/smartcherry.cl\/wp-content\/uploads\/2025\/01\/POST-96x96.png","caption":"Beatriz Parra"},"url":"https:\/\/smartcherry.cl\/en\/author\/bparra\/"}]}},"_links":{"self":[{"href":"https:\/\/smartcherry.cl\/en\/wp-json\/wp\/v2\/posts\/47729","targetHints":{"allow":["GET"]}}],"collection":[{"href":"https:\/\/smartcherry.cl\/en\/wp-json\/wp\/v2\/posts"}],"about":[{"href":"https:\/\/smartcherry.cl\/en\/wp-json\/wp\/v2\/types\/post"}],"author":[{"embeddable":true,"href":"https:\/\/smartcherry.cl\/en\/wp-json\/wp\/v2\/users\/273"}],"replies":[{"embeddable":true,"href":"https:\/\/smartcherry.cl\/en\/wp-json\/wp\/v2\/comments?post=47729"}],"version-history":[{"count":1,"href":"https:\/\/smartcherry.cl\/en\/wp-json\/wp\/v2\/posts\/47729\/revisions"}],"predecessor-version":[{"id":47731,"href":"https:\/\/smartcherry.cl\/en\/wp-json\/wp\/v2\/posts\/47729\/revisions\/47731"}],"wp:featuredmedia":[{"embeddable":true,"href":"https:\/\/smartcherry.cl\/en\/wp-json\/wp\/v2\/media\/47730"}],"wp:attachment":[{"href":"https:\/\/smartcherry.cl\/en\/wp-json\/wp\/v2\/media?parent=47729"}],"wp:term":[{"taxonomy":"category","embeddable":true,"href":"https:\/\/smartcherry.cl\/en\/wp-json\/wp\/v2\/categories?post=47729"},{"taxonomy":"post_tag","embeddable":true,"href":"https:\/\/smartcherry.cl\/en\/wp-json\/wp\/v2\/tags?post=47729"},{"taxonomy":"category_proveedor","embeddable":true,"href":"https:\/\/smartcherry.cl\/en\/wp-json\/wp\/v2\/category_proveedor?post=47729"},{"taxonomy":"pais","embeddable":true,"href":"https:\/\/smartcherry.cl\/en\/wp-json\/wp\/v2\/pais?post=47729"}],"curies":[{"name":"wp","href":"https:\/\/api.w.org\/{rel}","templated":true}]}}