{"id":47715,"date":"2025-07-15T14:59:10","date_gmt":"2025-07-15T18:59:10","guid":{"rendered":"https:\/\/smartcherry.cl\/?p=47715"},"modified":"2025-07-15T14:59:11","modified_gmt":"2025-07-15T18:59:11","slug":"alerta-agroclimatica-por-heladas-en-la-zona-central","status":"publish","type":"post","link":"https:\/\/smartcherry.cl\/en\/el-clima-en-smartcherry-tv\/alerta-agroclimatica-por-heladas-en-la-zona-central\/","title":{"rendered":"Alerta agroclim\u00e1tica por heladas en la zona central"},"content":{"rendered":"<p><strong><em>El agroclimatol\u00f3logo Patricio Gonz\u00e1lez entreg\u00f3 detalles sobre una masa de aire polar que llegar\u00e1 a la zona central del pa\u00eds, extendi\u00e9ndose hasta el jueves 17 de julio, y que podr\u00eda generar temperaturas de hasta 4 grados bajo cero.<\/em><\/strong><\/p>\n\n\n\n<p>Dichas condiciones se producir\u00e1n tanto en la precordillera como en el valle central, por lo que hizo un llamado a los agricultores a tomar todos los resguardos frente a posibles da\u00f1os en los frutales.<\/p>\n\n\n\n<figure class=\"wp-block-embed is-type-video is-provider-youtube wp-block-embed-youtube wp-embed-aspect-16-9 wp-has-aspect-ratio\"><div class=\"wp-block-embed__wrapper\">\n<iframe title=\"Alerta agroclim\u00e1tica por heladas en la zona central\" width=\"800\" height=\"450\" src=\"https:\/\/www.youtube.com\/embed\/9v2A6cPcU20?feature=oembed\" frameborder=\"0\" allow=\"accelerometer; autoplay; clipboard-write; encrypted-media; gyroscope; picture-in-picture; web-share\" referrerpolicy=\"strict-origin-when-cross-origin\" allowfullscreen><\/iframe>\n<\/div><\/figure>","protected":false},"excerpt":{"rendered":"<p>Este fen\u00f3meno se extender\u00e1 entre el mi\u00e9rcoles 16 y el jueves 17 de julio.<\/p>","protected":false},"author":273,"featured_media":47718,"comment_status":"closed","ping_status":"open","sticky":false,"template":"","format":"standard","meta":{"_acf_changed":false,"inline_featured_image":false,"footnotes":""},"categories":[3577,3353,430],"tags":[4142,1487,1790],"category_proveedor":[],"pais":[],"class_list":["post-47715","post","type-post","status-publish","format-standard","has-post-thumbnail","hentry","category-el-clima-en-smartcherry-tv","category-smartcherry-tv","category-clima","tag-alerta-agroclimatica","tag-patricio-gonzalez","tag-heladas"],"acf":[],"yoast_head":"<!-- This site is optimized with the Yoast SEO Premium plugin v21.3 (Yoast SEO v27.3) - https:\/\/yoast.com\/product\/yoast-seo-premium-wordpress\/ -->\n<title>Alerta agroclim\u00e1tica por heladas en la zona central - Smartcherry<\/title>\n<meta name=\"description\" content=\"El agroclimatol\u00f3logo Patricio Gonz\u00e1lez entreg\u00f3 detalles sobre una masa de aire polar que llegar\u00e1 a la zona central del pa\u00eds, extendi\u00e9ndose hasta el jueves 17 de julio, y que podr\u00eda generar temperaturas de hasta 4 grados bajo cero.\" \/>\n<meta name=\"robots\" content=\"index, follow, max-snippet:-1, max-image-preview:large, max-video-preview:-1\" \/>\n<link rel=\"canonical\" href=\"https:\/\/smartcherry.cl\/en\/el-clima-en-smartcherry-tv\/alerta-agroclimatica-por-heladas-en-la-zona-central\/\" \/>\n<meta property=\"og:locale\" content=\"en_US\" \/>\n<meta property=\"og:type\" content=\"article\" \/>\n<meta property=\"og:title\" content=\"Alerta agroclim\u00e1tica por heladas en la zona central\" \/>\n<meta property=\"og:description\" content=\"El agroclimatol\u00f3logo Patricio Gonz\u00e1lez entreg\u00f3 detalles sobre una masa de aire polar que llegar\u00e1 a la zona central del pa\u00eds, extendi\u00e9ndose hasta el jueves 17 de julio, y que podr\u00eda generar temperaturas de hasta 4 grados bajo cero.\" \/>\n<meta property=\"og:url\" content=\"https:\/\/smartcherry.cl\/en\/el-clima-en-smartcherry-tv\/alerta-agroclimatica-por-heladas-en-la-zona-central\/\" \/>\n<meta property=\"og:site_name\" content=\"Smartcherry\" \/>\n<meta property=\"article:publisher\" content=\"https:\/\/web.facebook.com\/SmartCherry.cl\/\" \/>\n<meta property=\"article:published_time\" content=\"2025-07-15T18:59:10+00:00\" \/>\n<meta property=\"article:modified_time\" content=\"2025-07-15T18:59:11+00:00\" \/>\n<meta property=\"og:image\" content=\"https:\/\/smartcherry.cl\/wp-content\/uploads\/2025\/07\/Heladas.jpg\" \/>\n\t<meta property=\"og:image:width\" content=\"1400\" \/>\n\t<meta property=\"og:image:height\" content=\"800\" \/>\n\t<meta property=\"og:image:type\" content=\"image\/jpeg\" \/>\n<meta name=\"author\" content=\"Beatriz Parra\" \/>\n<meta name=\"twitter:card\" content=\"summary_large_image\" \/>\n<meta name=\"twitter:creator\" content=\"@SmartCherry_cl\" \/>\n<meta name=\"twitter:site\" content=\"@SmartCherry_cl\" \/>\n<meta name=\"twitter:label1\" content=\"Written by\" \/>\n\t<meta name=\"twitter:data1\" content=\"Beatriz Parra\" \/>\n\t<meta name=\"twitter:label2\" content=\"Est. reading time\" \/>\n\t<meta name=\"twitter:data2\" content=\"1 minute\" \/>\n<script type=\"application\/ld+json\" class=\"yoast-schema-graph\">{\"@context\":\"https:\\\/\\\/schema.org\",\"@graph\":[{\"@type\":\"Article\",\"@id\":\"https:\\\/\\\/smartcherry.cl\\\/el-clima-en-smartcherry-tv\\\/alerta-agroclimatica-por-heladas-en-la-zona-central\\\/#article\",\"isPartOf\":{\"@id\":\"https:\\\/\\\/smartcherry.cl\\\/el-clima-en-smartcherry-tv\\\/alerta-agroclimatica-por-heladas-en-la-zona-central\\\/\"},\"author\":{\"name\":\"Beatriz Parra\",\"@id\":\"https:\\\/\\\/smartcherry.cl\\\/#\\\/schema\\\/person\\\/604ed44370e96b081064b745ca461407\"},\"headline\":\"Alerta agroclim\u00e1tica por heladas en la zona central\",\"datePublished\":\"2025-07-15T18:59:10+00:00\",\"dateModified\":\"2025-07-15T18:59:11+00:00\",\"mainEntityOfPage\":{\"@id\":\"https:\\\/\\\/smartcherry.cl\\\/el-clima-en-smartcherry-tv\\\/alerta-agroclimatica-por-heladas-en-la-zona-central\\\/\"},\"wordCount\":92,\"publisher\":{\"@id\":\"https:\\\/\\\/smartcherry.cl\\\/#organization\"},\"image\":{\"@id\":\"https:\\\/\\\/smartcherry.cl\\\/el-clima-en-smartcherry-tv\\\/alerta-agroclimatica-por-heladas-en-la-zona-central\\\/#primaryimage\"},\"thumbnailUrl\":\"https:\\\/\\\/smartcherry.cl\\\/wp-content\\\/uploads\\\/2025\\\/07\\\/Heladas.jpg\",\"keywords\":[\"alerta agroclim\u00e1tica\",\"Patricio Gonz\u00e1lez\",\"heladas\"],\"articleSection\":[\"El clima en Smartcherry TV\",\"Smartcherry TV\",\"Clima\"],\"inLanguage\":\"en-US\"},{\"@type\":\"WebPage\",\"@id\":\"https:\\\/\\\/smartcherry.cl\\\/el-clima-en-smartcherry-tv\\\/alerta-agroclimatica-por-heladas-en-la-zona-central\\\/\",\"url\":\"https:\\\/\\\/smartcherry.cl\\\/el-clima-en-smartcherry-tv\\\/alerta-agroclimatica-por-heladas-en-la-zona-central\\\/\",\"name\":\"Alerta agroclim\u00e1tica por heladas en la zona central - Smartcherry\",\"isPartOf\":{\"@id\":\"https:\\\/\\\/smartcherry.cl\\\/#website\"},\"primaryImageOfPage\":{\"@id\":\"https:\\\/\\\/smartcherry.cl\\\/el-clima-en-smartcherry-tv\\\/alerta-agroclimatica-por-heladas-en-la-zona-central\\\/#primaryimage\"},\"image\":{\"@id\":\"https:\\\/\\\/smartcherry.cl\\\/el-clima-en-smartcherry-tv\\\/alerta-agroclimatica-por-heladas-en-la-zona-central\\\/#primaryimage\"},\"thumbnailUrl\":\"https:\\\/\\\/smartcherry.cl\\\/wp-content\\\/uploads\\\/2025\\\/07\\\/Heladas.jpg\",\"datePublished\":\"2025-07-15T18:59:10+00:00\",\"dateModified\":\"2025-07-15T18:59:11+00:00\",\"description\":\"El agroclimatol\u00f3logo Patricio Gonz\u00e1lez entreg\u00f3 detalles sobre una masa de aire polar que llegar\u00e1 a la zona central del pa\u00eds, extendi\u00e9ndose hasta el jueves 17 de julio, y que podr\u00eda generar temperaturas de hasta 4 grados bajo cero.\",\"breadcrumb\":{\"@id\":\"https:\\\/\\\/smartcherry.cl\\\/el-clima-en-smartcherry-tv\\\/alerta-agroclimatica-por-heladas-en-la-zona-central\\\/#breadcrumb\"},\"inLanguage\":\"en-US\",\"potentialAction\":[{\"@type\":\"ReadAction\",\"target\":[\"https:\\\/\\\/smartcherry.cl\\\/el-clima-en-smartcherry-tv\\\/alerta-agroclimatica-por-heladas-en-la-zona-central\\\/\"]}]},{\"@type\":\"ImageObject\",\"inLanguage\":\"en-US\",\"@id\":\"https:\\\/\\\/smartcherry.cl\\\/el-clima-en-smartcherry-tv\\\/alerta-agroclimatica-por-heladas-en-la-zona-central\\\/#primaryimage\",\"url\":\"https:\\\/\\\/smartcherry.cl\\\/wp-content\\\/uploads\\\/2025\\\/07\\\/Heladas.jpg\",\"contentUrl\":\"https:\\\/\\\/smartcherry.cl\\\/wp-content\\\/uploads\\\/2025\\\/07\\\/Heladas.jpg\",\"width\":1400,\"height\":800},{\"@type\":\"BreadcrumbList\",\"@id\":\"https:\\\/\\\/smartcherry.cl\\\/el-clima-en-smartcherry-tv\\\/alerta-agroclimatica-por-heladas-en-la-zona-central\\\/#breadcrumb\",\"itemListElement\":[{\"@type\":\"ListItem\",\"position\":1,\"name\":\"Home\",\"item\":\"https:\\\/\\\/smartcherry.cl\\\/\"},{\"@type\":\"ListItem\",\"position\":2,\"name\":\"El clima en Smartcherry TV\",\"item\":\"https:\\\/\\\/smartcherry.cl\\\/category\\\/el-clima-en-smartcherry-tv\\\/\"},{\"@type\":\"ListItem\",\"position\":3,\"name\":\"Alerta agroclim\u00e1tica por heladas en la zona central\"}]},{\"@type\":\"WebSite\",\"@id\":\"https:\\\/\\\/smartcherry.cl\\\/#website\",\"url\":\"https:\\\/\\\/smartcherry.cl\\\/\",\"name\":\"Smartcherry\",\"description\":\"Sitio de Smartcherry\",\"publisher\":{\"@id\":\"https:\\\/\\\/smartcherry.cl\\\/#organization\"},\"potentialAction\":[{\"@type\":\"SearchAction\",\"target\":{\"@type\":\"EntryPoint\",\"urlTemplate\":\"https:\\\/\\\/smartcherry.cl\\\/?s={search_term_string}\"},\"query-input\":{\"@type\":\"PropertyValueSpecification\",\"valueRequired\":true,\"valueName\":\"search_term_string\"}}],\"inLanguage\":\"en-US\"},{\"@type\":\"Organization\",\"@id\":\"https:\\\/\\\/smartcherry.cl\\\/#organization\",\"name\":\"SmartCherry\",\"url\":\"https:\\\/\\\/smartcherry.cl\\\/\",\"logo\":{\"@type\":\"ImageObject\",\"inLanguage\":\"en-US\",\"@id\":\"https:\\\/\\\/smartcherry.cl\\\/#\\\/schema\\\/logo\\\/image\\\/\",\"url\":\"https:\\\/\\\/smartcherry.cl\\\/wp-content\\\/uploads\\\/2022\\\/02\\\/logo_smartcherry.png\",\"contentUrl\":\"https:\\\/\\\/smartcherry.cl\\\/wp-content\\\/uploads\\\/2022\\\/02\\\/logo_smartcherry.png\",\"width\":411,\"height\":84,\"caption\":\"SmartCherry\"},\"image\":{\"@id\":\"https:\\\/\\\/smartcherry.cl\\\/#\\\/schema\\\/logo\\\/image\\\/\"},\"sameAs\":[\"https:\\\/\\\/web.facebook.com\\\/SmartCherry.cl\\\/\",\"https:\\\/\\\/x.com\\\/SmartCherry_cl\",\"https:\\\/\\\/www.linkedin.com\\\/company\\\/smartcherry\\\/\",\"https:\\\/\\\/www.instagram.com\\\/smartcherry_cl\\\/\",\"https:\\\/\\\/www.youtube.com\\\/channel\\\/UCe007LfgFFnntDgCcqICbPQ\"]},{\"@type\":\"Person\",\"@id\":\"https:\\\/\\\/smartcherry.cl\\\/#\\\/schema\\\/person\\\/604ed44370e96b081064b745ca461407\",\"name\":\"Beatriz Parra\",\"image\":{\"@type\":\"ImageObject\",\"inLanguage\":\"en-US\",\"@id\":\"https:\\\/\\\/smartcherry.cl\\\/wp-content\\\/uploads\\\/2025\\\/01\\\/POST-96x96.png\",\"url\":\"https:\\\/\\\/smartcherry.cl\\\/wp-content\\\/uploads\\\/2025\\\/01\\\/POST-96x96.png\",\"contentUrl\":\"https:\\\/\\\/smartcherry.cl\\\/wp-content\\\/uploads\\\/2025\\\/01\\\/POST-96x96.png\",\"caption\":\"Beatriz Parra\"},\"url\":\"https:\\\/\\\/smartcherry.cl\\\/en\\\/author\\\/bparra\\\/\"}]}<\/script>\n<!-- \/ Yoast SEO Premium plugin. -->","yoast_head_json":{"title":"Alerta agroclim\u00e1tica por heladas en la zona central - Smartcherry","description":"El agroclimatol\u00f3logo Patricio Gonz\u00e1lez entreg\u00f3 detalles sobre una masa de aire polar que llegar\u00e1 a la zona central del pa\u00eds, extendi\u00e9ndose hasta el jueves 17 de julio, y que podr\u00eda generar temperaturas de hasta 4 grados bajo cero.","robots":{"index":"index","follow":"follow","max-snippet":"max-snippet:-1","max-image-preview":"max-image-preview:large","max-video-preview":"max-video-preview:-1"},"canonical":"https:\/\/smartcherry.cl\/en\/el-clima-en-smartcherry-tv\/alerta-agroclimatica-por-heladas-en-la-zona-central\/","og_locale":"en_US","og_type":"article","og_title":"Alerta agroclim\u00e1tica por heladas en la zona central","og_description":"El agroclimatol\u00f3logo Patricio Gonz\u00e1lez entreg\u00f3 detalles sobre una masa de aire polar que llegar\u00e1 a la zona central del pa\u00eds, extendi\u00e9ndose hasta el jueves 17 de julio, y que podr\u00eda generar temperaturas de hasta 4 grados bajo cero.","og_url":"https:\/\/smartcherry.cl\/en\/el-clima-en-smartcherry-tv\/alerta-agroclimatica-por-heladas-en-la-zona-central\/","og_site_name":"Smartcherry","article_publisher":"https:\/\/web.facebook.com\/SmartCherry.cl\/","article_published_time":"2025-07-15T18:59:10+00:00","article_modified_time":"2025-07-15T18:59:11+00:00","og_image":[{"width":1400,"height":800,"url":"https:\/\/smartcherry.cl\/wp-content\/uploads\/2025\/07\/Heladas.jpg","type":"image\/jpeg"}],"author":"Beatriz Parra","twitter_card":"summary_large_image","twitter_creator":"@SmartCherry_cl","twitter_site":"@SmartCherry_cl","twitter_misc":{"Written by":"Beatriz Parra","Est. reading time":"1 minute"},"schema":{"@context":"https:\/\/schema.org","@graph":[{"@type":"Article","@id":"https:\/\/smartcherry.cl\/el-clima-en-smartcherry-tv\/alerta-agroclimatica-por-heladas-en-la-zona-central\/#article","isPartOf":{"@id":"https:\/\/smartcherry.cl\/el-clima-en-smartcherry-tv\/alerta-agroclimatica-por-heladas-en-la-zona-central\/"},"author":{"name":"Beatriz Parra","@id":"https:\/\/smartcherry.cl\/#\/schema\/person\/604ed44370e96b081064b745ca461407"},"headline":"Alerta agroclim\u00e1tica por heladas en la zona central","datePublished":"2025-07-15T18:59:10+00:00","dateModified":"2025-07-15T18:59:11+00:00","mainEntityOfPage":{"@id":"https:\/\/smartcherry.cl\/el-clima-en-smartcherry-tv\/alerta-agroclimatica-por-heladas-en-la-zona-central\/"},"wordCount":92,"publisher":{"@id":"https:\/\/smartcherry.cl\/#organization"},"image":{"@id":"https:\/\/smartcherry.cl\/el-clima-en-smartcherry-tv\/alerta-agroclimatica-por-heladas-en-la-zona-central\/#primaryimage"},"thumbnailUrl":"https:\/\/smartcherry.cl\/wp-content\/uploads\/2025\/07\/Heladas.jpg","keywords":["alerta agroclim\u00e1tica","Patricio Gonz\u00e1lez","heladas"],"articleSection":["El clima en Smartcherry TV","Smartcherry TV","Clima"],"inLanguage":"en-US"},{"@type":"WebPage","@id":"https:\/\/smartcherry.cl\/el-clima-en-smartcherry-tv\/alerta-agroclimatica-por-heladas-en-la-zona-central\/","url":"https:\/\/smartcherry.cl\/el-clima-en-smartcherry-tv\/alerta-agroclimatica-por-heladas-en-la-zona-central\/","name":"Alerta agroclim\u00e1tica por heladas en la zona central - Smartcherry","isPartOf":{"@id":"https:\/\/smartcherry.cl\/#website"},"primaryImageOfPage":{"@id":"https:\/\/smartcherry.cl\/el-clima-en-smartcherry-tv\/alerta-agroclimatica-por-heladas-en-la-zona-central\/#primaryimage"},"image":{"@id":"https:\/\/smartcherry.cl\/el-clima-en-smartcherry-tv\/alerta-agroclimatica-por-heladas-en-la-zona-central\/#primaryimage"},"thumbnailUrl":"https:\/\/smartcherry.cl\/wp-content\/uploads\/2025\/07\/Heladas.jpg","datePublished":"2025-07-15T18:59:10+00:00","dateModified":"2025-07-15T18:59:11+00:00","description":"El agroclimatol\u00f3logo Patricio Gonz\u00e1lez entreg\u00f3 detalles sobre una masa de aire polar que llegar\u00e1 a la zona central del pa\u00eds, extendi\u00e9ndose hasta el jueves 17 de julio, y que podr\u00eda generar temperaturas de hasta 4 grados bajo cero.","breadcrumb":{"@id":"https:\/\/smartcherry.cl\/el-clima-en-smartcherry-tv\/alerta-agroclimatica-por-heladas-en-la-zona-central\/#breadcrumb"},"inLanguage":"en-US","potentialAction":[{"@type":"ReadAction","target":["https:\/\/smartcherry.cl\/el-clima-en-smartcherry-tv\/alerta-agroclimatica-por-heladas-en-la-zona-central\/"]}]},{"@type":"ImageObject","inLanguage":"en-US","@id":"https:\/\/smartcherry.cl\/el-clima-en-smartcherry-tv\/alerta-agroclimatica-por-heladas-en-la-zona-central\/#primaryimage","url":"https:\/\/smartcherry.cl\/wp-content\/uploads\/2025\/07\/Heladas.jpg","contentUrl":"https:\/\/smartcherry.cl\/wp-content\/uploads\/2025\/07\/Heladas.jpg","width":1400,"height":800},{"@type":"BreadcrumbList","@id":"https:\/\/smartcherry.cl\/el-clima-en-smartcherry-tv\/alerta-agroclimatica-por-heladas-en-la-zona-central\/#breadcrumb","itemListElement":[{"@type":"ListItem","position":1,"name":"Home","item":"https:\/\/smartcherry.cl\/"},{"@type":"ListItem","position":2,"name":"El clima en Smartcherry TV","item":"https:\/\/smartcherry.cl\/category\/el-clima-en-smartcherry-tv\/"},{"@type":"ListItem","position":3,"name":"Alerta agroclim\u00e1tica por heladas en la zona central"}]},{"@type":"WebSite","@id":"https:\/\/smartcherry.cl\/#website","url":"https:\/\/smartcherry.cl\/","name":"Smartcherry","description":"Smartcherry Site","publisher":{"@id":"https:\/\/smartcherry.cl\/#organization"},"potentialAction":[{"@type":"SearchAction","target":{"@type":"EntryPoint","urlTemplate":"https:\/\/smartcherry.cl\/?s={search_term_string}"},"query-input":{"@type":"PropertyValueSpecification","valueRequired":true,"valueName":"search_term_string"}}],"inLanguage":"en-US"},{"@type":"Organization","@id":"https:\/\/smartcherry.cl\/#organization","name":"SmartCherry","url":"https:\/\/smartcherry.cl\/","logo":{"@type":"ImageObject","inLanguage":"en-US","@id":"https:\/\/smartcherry.cl\/#\/schema\/logo\/image\/","url":"https:\/\/smartcherry.cl\/wp-content\/uploads\/2022\/02\/logo_smartcherry.png","contentUrl":"https:\/\/smartcherry.cl\/wp-content\/uploads\/2022\/02\/logo_smartcherry.png","width":411,"height":84,"caption":"SmartCherry"},"image":{"@id":"https:\/\/smartcherry.cl\/#\/schema\/logo\/image\/"},"sameAs":["https:\/\/web.facebook.com\/SmartCherry.cl\/","https:\/\/x.com\/SmartCherry_cl","https:\/\/www.linkedin.com\/company\/smartcherry\/","https:\/\/www.instagram.com\/smartcherry_cl\/","https:\/\/www.youtube.com\/channel\/UCe007LfgFFnntDgCcqICbPQ"]},{"@type":"Person","@id":"https:\/\/smartcherry.cl\/#\/schema\/person\/604ed44370e96b081064b745ca461407","name":"Beatriz Parra","image":{"@type":"ImageObject","inLanguage":"en-US","@id":"https:\/\/smartcherry.cl\/wp-content\/uploads\/2025\/01\/POST-96x96.png","url":"https:\/\/smartcherry.cl\/wp-content\/uploads\/2025\/01\/POST-96x96.png","contentUrl":"https:\/\/smartcherry.cl\/wp-content\/uploads\/2025\/01\/POST-96x96.png","caption":"Beatriz Parra"},"url":"https:\/\/smartcherry.cl\/en\/author\/bparra\/"}]}},"_links":{"self":[{"href":"https:\/\/smartcherry.cl\/en\/wp-json\/wp\/v2\/posts\/47715","targetHints":{"allow":["GET"]}}],"collection":[{"href":"https:\/\/smartcherry.cl\/en\/wp-json\/wp\/v2\/posts"}],"about":[{"href":"https:\/\/smartcherry.cl\/en\/wp-json\/wp\/v2\/types\/post"}],"author":[{"embeddable":true,"href":"https:\/\/smartcherry.cl\/en\/wp-json\/wp\/v2\/users\/273"}],"replies":[{"embeddable":true,"href":"https:\/\/smartcherry.cl\/en\/wp-json\/wp\/v2\/comments?post=47715"}],"version-history":[{"count":1,"href":"https:\/\/smartcherry.cl\/en\/wp-json\/wp\/v2\/posts\/47715\/revisions"}],"predecessor-version":[{"id":47720,"href":"https:\/\/smartcherry.cl\/en\/wp-json\/wp\/v2\/posts\/47715\/revisions\/47720"}],"wp:featuredmedia":[{"embeddable":true,"href":"https:\/\/smartcherry.cl\/en\/wp-json\/wp\/v2\/media\/47718"}],"wp:attachment":[{"href":"https:\/\/smartcherry.cl\/en\/wp-json\/wp\/v2\/media?parent=47715"}],"wp:term":[{"taxonomy":"category","embeddable":true,"href":"https:\/\/smartcherry.cl\/en\/wp-json\/wp\/v2\/categories?post=47715"},{"taxonomy":"post_tag","embeddable":true,"href":"https:\/\/smartcherry.cl\/en\/wp-json\/wp\/v2\/tags?post=47715"},{"taxonomy":"category_proveedor","embeddable":true,"href":"https:\/\/smartcherry.cl\/en\/wp-json\/wp\/v2\/category_proveedor?post=47715"},{"taxonomy":"pais","embeddable":true,"href":"https:\/\/smartcherry.cl\/en\/wp-json\/wp\/v2\/pais?post=47715"}],"curies":[{"name":"wp","href":"https:\/\/api.w.org\/{rel}","templated":true}]}}