{"id":47688,"date":"2025-07-15T09:15:38","date_gmt":"2025-07-15T13:15:38","guid":{"rendered":"https:\/\/smartcherry.cl\/?p=47688"},"modified":"2025-07-15T09:15:39","modified_gmt":"2025-07-15T13:15:39","slug":"pronto-nuevo-reportaje-en-smartcherry-tv-horas-de-frio-en-la-mira-factor-esencial-en-la-produccion-de-cerezas","status":"publish","type":"post","link":"https:\/\/smartcherry.cl\/en\/reportajes-en-smartcherry-tv\/pronto-nuevo-reportaje-en-smartcherry-tv-horas-de-frio-en-la-mira-factor-esencial-en-la-produccion-de-cerezas\/","title":{"rendered":"Pronto nuevo reportaje en Smartcherry TV: \u00abHoras de fr\u00edo en la mira: Factor esencial en la producci\u00f3n de cerezas\u00bb"},"content":{"rendered":"<p><strong><em>En la cuenta regresiva est\u00e1 el cuarto cap\u00edtulo de la tercera temporada de Reportajes por Smartcherry TV, que ahondar\u00e1 en la acumulaci\u00f3n de horas fr\u00edo, su relevancia e impacto en la cadena productiva del cerezo.<\/em><\/strong><\/p>\n\n\n\n<p><em>\u00abEl per\u00edodo de acumulaci\u00f3n de horas de fr\u00edo es un per\u00edodo muy importante en el ciclo del cultivo del cerezo. El objetivo de esta acumulaci\u00f3n de fr\u00edo se da en funci\u00f3n de tener un requerimiento m\u00ednimo ecol\u00f3gico para poder disponibilizar las reservas que se van a utilizar en todos los procesos fisiol\u00f3gicos y metab\u00f3licos desde el rompimiento de las br\u00e1cteas, o la yema hinchada hasta la fructificaci\u00f3n\u00bb<\/em>, manifest\u00f3 Carlos Tapia, asesor especialista en producci\u00f3n de cerezas y Director T\u00e9cnico de Avium.<\/p>\n\n\n\n<p>\u00c9l, junto a otros especialistas, analizar\u00e1n este factor que es crucial para el buen desarrollo del fruto, tanto en cantidad como en calidad.<\/p>\n\n\n\n<p>No te pierdas este nuevo estreno en Smartcherry TV, el <strong>jueves 24 de julio a las 21.30 horas<\/strong>, que traer\u00e1 grandes sorpresas.<\/p>\n\n\n\n<p>Este espacio estar\u00e1 auspiciado por UPL, InnPack, Corteva y Chemie.<\/p>","protected":false},"excerpt":{"rendered":"<p>Estreno pr\u00f3ximo jueves 24 de julio.<\/p>","protected":false},"author":273,"featured_media":47689,"comment_status":"closed","ping_status":"open","sticky":false,"template":"","format":"standard","meta":{"_acf_changed":false,"inline_featured_image":false,"footnotes":""},"categories":[3353,3523,35],"tags":[194,222,264,3346],"category_proveedor":[],"pais":[],"class_list":["post-47688","post","type-post","status-publish","format-standard","has-post-thumbnail","hentry","category-smartcherry-tv","category-reportajes-en-smartcherry-tv","category-noticias","tag-horas-frio","tag-carlos-tapia","tag-cerezo","tag-reportaje"],"acf":[],"yoast_head":"<!-- This site is optimized with the Yoast SEO Premium plugin v21.3 (Yoast SEO v27.3) - https:\/\/yoast.com\/product\/yoast-seo-premium-wordpress\/ -->\n<title>Pronto nuevo reportaje en Smartcherry TV: &quot;Horas de fr\u00edo en la mira: Factor esencial en la producci\u00f3n de cerezas&quot; - Smartcherry<\/title>\n<meta name=\"description\" content=\"En la cuenta regresiva est\u00e1 el cuarto cap\u00edtulo de la tercera temporada de Reportajes por Smartcherry TV, que ahondar\u00e1 en la acumulaci\u00f3n de horas fr\u00edo, su relevancia e impacto en la cadena productiva del cerezo.\" \/>\n<meta name=\"robots\" content=\"index, follow, max-snippet:-1, max-image-preview:large, max-video-preview:-1\" \/>\n<link rel=\"canonical\" href=\"https:\/\/smartcherry.cl\/en\/reportajes-en-smartcherry-tv\/pronto-nuevo-reportaje-en-smartcherry-tv-horas-de-frio-en-la-mira-factor-esencial-en-la-produccion-de-cerezas\/\" \/>\n<meta property=\"og:locale\" content=\"en_US\" \/>\n<meta property=\"og:type\" content=\"article\" \/>\n<meta property=\"og:title\" content=\"Pronto nuevo reportaje en Smartcherry TV: &quot;Horas de fr\u00edo en la mira: Factor esencial en la producci\u00f3n de cerezas&quot;\" \/>\n<meta property=\"og:description\" content=\"En la cuenta regresiva est\u00e1 el cuarto cap\u00edtulo de la tercera temporada de Reportajes por Smartcherry TV, que ahondar\u00e1 en la acumulaci\u00f3n de horas fr\u00edo, su relevancia e impacto en la cadena productiva del cerezo.\" \/>\n<meta property=\"og:url\" content=\"https:\/\/smartcherry.cl\/en\/reportajes-en-smartcherry-tv\/pronto-nuevo-reportaje-en-smartcherry-tv-horas-de-frio-en-la-mira-factor-esencial-en-la-produccion-de-cerezas\/\" \/>\n<meta property=\"og:site_name\" content=\"Smartcherry\" \/>\n<meta property=\"article:publisher\" content=\"https:\/\/web.facebook.com\/SmartCherry.cl\/\" \/>\n<meta property=\"article:published_time\" content=\"2025-07-15T13:15:38+00:00\" \/>\n<meta property=\"article:modified_time\" content=\"2025-07-15T13:15:39+00:00\" \/>\n<meta property=\"og:image\" content=\"https:\/\/smartcherry.cl\/wp-content\/uploads\/2025\/07\/Carlos-Tapia-2.jpg\" \/>\n\t<meta property=\"og:image:width\" content=\"1400\" \/>\n\t<meta property=\"og:image:height\" content=\"800\" \/>\n\t<meta property=\"og:image:type\" content=\"image\/jpeg\" \/>\n<meta name=\"author\" content=\"Beatriz Parra\" \/>\n<meta name=\"twitter:card\" content=\"summary_large_image\" \/>\n<meta name=\"twitter:creator\" content=\"@SmartCherry_cl\" \/>\n<meta name=\"twitter:site\" content=\"@SmartCherry_cl\" \/>\n<meta name=\"twitter:label1\" content=\"Written by\" \/>\n\t<meta name=\"twitter:data1\" content=\"Beatriz Parra\" \/>\n\t<meta name=\"twitter:label2\" content=\"Est. reading time\" \/>\n\t<meta name=\"twitter:data2\" content=\"1 minute\" \/>\n<script type=\"application\/ld+json\" class=\"yoast-schema-graph\">{\"@context\":\"https:\\\/\\\/schema.org\",\"@graph\":[{\"@type\":\"Article\",\"@id\":\"https:\\\/\\\/smartcherry.cl\\\/reportajes-en-smartcherry-tv\\\/pronto-nuevo-reportaje-en-smartcherry-tv-horas-de-frio-en-la-mira-factor-esencial-en-la-produccion-de-cerezas\\\/#article\",\"isPartOf\":{\"@id\":\"https:\\\/\\\/smartcherry.cl\\\/reportajes-en-smartcherry-tv\\\/pronto-nuevo-reportaje-en-smartcherry-tv-horas-de-frio-en-la-mira-factor-esencial-en-la-produccion-de-cerezas\\\/\"},\"author\":{\"name\":\"Beatriz Parra\",\"@id\":\"https:\\\/\\\/smartcherry.cl\\\/#\\\/schema\\\/person\\\/604ed44370e96b081064b745ca461407\"},\"headline\":\"Pronto nuevo reportaje en Smartcherry TV: \u00abHoras de fr\u00edo en la mira: Factor esencial en la producci\u00f3n de cerezas\u00bb\",\"datePublished\":\"2025-07-15T13:15:38+00:00\",\"dateModified\":\"2025-07-15T13:15:39+00:00\",\"mainEntityOfPage\":{\"@id\":\"https:\\\/\\\/smartcherry.cl\\\/reportajes-en-smartcherry-tv\\\/pronto-nuevo-reportaje-en-smartcherry-tv-horas-de-frio-en-la-mira-factor-esencial-en-la-produccion-de-cerezas\\\/\"},\"wordCount\":209,\"publisher\":{\"@id\":\"https:\\\/\\\/smartcherry.cl\\\/#organization\"},\"image\":{\"@id\":\"https:\\\/\\\/smartcherry.cl\\\/reportajes-en-smartcherry-tv\\\/pronto-nuevo-reportaje-en-smartcherry-tv-horas-de-frio-en-la-mira-factor-esencial-en-la-produccion-de-cerezas\\\/#primaryimage\"},\"thumbnailUrl\":\"https:\\\/\\\/smartcherry.cl\\\/wp-content\\\/uploads\\\/2025\\\/07\\\/Carlos-Tapia-2.jpg\",\"keywords\":[\"horas fr\u00edo\",\"Carlos Tapia\",\"cerezo\",\"reportaje\"],\"articleSection\":[\"Smartcherry TV\",\"Reportajes en Smartcherry TV\",\"Noticias\"],\"inLanguage\":\"en-US\"},{\"@type\":\"WebPage\",\"@id\":\"https:\\\/\\\/smartcherry.cl\\\/reportajes-en-smartcherry-tv\\\/pronto-nuevo-reportaje-en-smartcherry-tv-horas-de-frio-en-la-mira-factor-esencial-en-la-produccion-de-cerezas\\\/\",\"url\":\"https:\\\/\\\/smartcherry.cl\\\/reportajes-en-smartcherry-tv\\\/pronto-nuevo-reportaje-en-smartcherry-tv-horas-de-frio-en-la-mira-factor-esencial-en-la-produccion-de-cerezas\\\/\",\"name\":\"Pronto nuevo reportaje en Smartcherry TV: \\\"Horas de fr\u00edo en la mira: Factor esencial en la producci\u00f3n de cerezas\\\" - Smartcherry\",\"isPartOf\":{\"@id\":\"https:\\\/\\\/smartcherry.cl\\\/#website\"},\"primaryImageOfPage\":{\"@id\":\"https:\\\/\\\/smartcherry.cl\\\/reportajes-en-smartcherry-tv\\\/pronto-nuevo-reportaje-en-smartcherry-tv-horas-de-frio-en-la-mira-factor-esencial-en-la-produccion-de-cerezas\\\/#primaryimage\"},\"image\":{\"@id\":\"https:\\\/\\\/smartcherry.cl\\\/reportajes-en-smartcherry-tv\\\/pronto-nuevo-reportaje-en-smartcherry-tv-horas-de-frio-en-la-mira-factor-esencial-en-la-produccion-de-cerezas\\\/#primaryimage\"},\"thumbnailUrl\":\"https:\\\/\\\/smartcherry.cl\\\/wp-content\\\/uploads\\\/2025\\\/07\\\/Carlos-Tapia-2.jpg\",\"datePublished\":\"2025-07-15T13:15:38+00:00\",\"dateModified\":\"2025-07-15T13:15:39+00:00\",\"description\":\"En la cuenta regresiva est\u00e1 el cuarto cap\u00edtulo de la tercera temporada de Reportajes por Smartcherry TV, que ahondar\u00e1 en la acumulaci\u00f3n de horas fr\u00edo, su relevancia e impacto en la cadena productiva del cerezo.\",\"breadcrumb\":{\"@id\":\"https:\\\/\\\/smartcherry.cl\\\/reportajes-en-smartcherry-tv\\\/pronto-nuevo-reportaje-en-smartcherry-tv-horas-de-frio-en-la-mira-factor-esencial-en-la-produccion-de-cerezas\\\/#breadcrumb\"},\"inLanguage\":\"en-US\",\"potentialAction\":[{\"@type\":\"ReadAction\",\"target\":[\"https:\\\/\\\/smartcherry.cl\\\/reportajes-en-smartcherry-tv\\\/pronto-nuevo-reportaje-en-smartcherry-tv-horas-de-frio-en-la-mira-factor-esencial-en-la-produccion-de-cerezas\\\/\"]}]},{\"@type\":\"ImageObject\",\"inLanguage\":\"en-US\",\"@id\":\"https:\\\/\\\/smartcherry.cl\\\/reportajes-en-smartcherry-tv\\\/pronto-nuevo-reportaje-en-smartcherry-tv-horas-de-frio-en-la-mira-factor-esencial-en-la-produccion-de-cerezas\\\/#primaryimage\",\"url\":\"https:\\\/\\\/smartcherry.cl\\\/wp-content\\\/uploads\\\/2025\\\/07\\\/Carlos-Tapia-2.jpg\",\"contentUrl\":\"https:\\\/\\\/smartcherry.cl\\\/wp-content\\\/uploads\\\/2025\\\/07\\\/Carlos-Tapia-2.jpg\",\"width\":1400,\"height\":800},{\"@type\":\"BreadcrumbList\",\"@id\":\"https:\\\/\\\/smartcherry.cl\\\/reportajes-en-smartcherry-tv\\\/pronto-nuevo-reportaje-en-smartcherry-tv-horas-de-frio-en-la-mira-factor-esencial-en-la-produccion-de-cerezas\\\/#breadcrumb\",\"itemListElement\":[{\"@type\":\"ListItem\",\"position\":1,\"name\":\"Home\",\"item\":\"https:\\\/\\\/smartcherry.cl\\\/\"},{\"@type\":\"ListItem\",\"position\":2,\"name\":\"Reportajes en Smartcherry TV\",\"item\":\"https:\\\/\\\/smartcherry.cl\\\/category\\\/reportajes-en-smartcherry-tv\\\/\"},{\"@type\":\"ListItem\",\"position\":3,\"name\":\"Pronto nuevo reportaje en Smartcherry TV: \u00abHoras de fr\u00edo en la mira: Factor esencial en la producci\u00f3n de cerezas\u00bb\"}]},{\"@type\":\"WebSite\",\"@id\":\"https:\\\/\\\/smartcherry.cl\\\/#website\",\"url\":\"https:\\\/\\\/smartcherry.cl\\\/\",\"name\":\"Smartcherry\",\"description\":\"Sitio de Smartcherry\",\"publisher\":{\"@id\":\"https:\\\/\\\/smartcherry.cl\\\/#organization\"},\"potentialAction\":[{\"@type\":\"SearchAction\",\"target\":{\"@type\":\"EntryPoint\",\"urlTemplate\":\"https:\\\/\\\/smartcherry.cl\\\/?s={search_term_string}\"},\"query-input\":{\"@type\":\"PropertyValueSpecification\",\"valueRequired\":true,\"valueName\":\"search_term_string\"}}],\"inLanguage\":\"en-US\"},{\"@type\":\"Organization\",\"@id\":\"https:\\\/\\\/smartcherry.cl\\\/#organization\",\"name\":\"SmartCherry\",\"url\":\"https:\\\/\\\/smartcherry.cl\\\/\",\"logo\":{\"@type\":\"ImageObject\",\"inLanguage\":\"en-US\",\"@id\":\"https:\\\/\\\/smartcherry.cl\\\/#\\\/schema\\\/logo\\\/image\\\/\",\"url\":\"https:\\\/\\\/smartcherry.cl\\\/wp-content\\\/uploads\\\/2022\\\/02\\\/logo_smartcherry.png\",\"contentUrl\":\"https:\\\/\\\/smartcherry.cl\\\/wp-content\\\/uploads\\\/2022\\\/02\\\/logo_smartcherry.png\",\"width\":411,\"height\":84,\"caption\":\"SmartCherry\"},\"image\":{\"@id\":\"https:\\\/\\\/smartcherry.cl\\\/#\\\/schema\\\/logo\\\/image\\\/\"},\"sameAs\":[\"https:\\\/\\\/web.facebook.com\\\/SmartCherry.cl\\\/\",\"https:\\\/\\\/x.com\\\/SmartCherry_cl\",\"https:\\\/\\\/www.linkedin.com\\\/company\\\/smartcherry\\\/\",\"https:\\\/\\\/www.instagram.com\\\/smartcherry_cl\\\/\",\"https:\\\/\\\/www.youtube.com\\\/channel\\\/UCe007LfgFFnntDgCcqICbPQ\"]},{\"@type\":\"Person\",\"@id\":\"https:\\\/\\\/smartcherry.cl\\\/#\\\/schema\\\/person\\\/604ed44370e96b081064b745ca461407\",\"name\":\"Beatriz Parra\",\"image\":{\"@type\":\"ImageObject\",\"inLanguage\":\"en-US\",\"@id\":\"https:\\\/\\\/smartcherry.cl\\\/wp-content\\\/uploads\\\/2025\\\/01\\\/POST-96x96.png\",\"url\":\"https:\\\/\\\/smartcherry.cl\\\/wp-content\\\/uploads\\\/2025\\\/01\\\/POST-96x96.png\",\"contentUrl\":\"https:\\\/\\\/smartcherry.cl\\\/wp-content\\\/uploads\\\/2025\\\/01\\\/POST-96x96.png\",\"caption\":\"Beatriz Parra\"},\"url\":\"https:\\\/\\\/smartcherry.cl\\\/en\\\/author\\\/bparra\\\/\"}]}<\/script>\n<!-- \/ Yoast SEO Premium plugin. -->","yoast_head_json":{"title":"Pronto nuevo reportaje en Smartcherry TV: \"Horas de fr\u00edo en la mira: Factor esencial en la producci\u00f3n de cerezas\" - Smartcherry","description":"En la cuenta regresiva est\u00e1 el cuarto cap\u00edtulo de la tercera temporada de Reportajes por Smartcherry TV, que ahondar\u00e1 en la acumulaci\u00f3n de horas fr\u00edo, su relevancia e impacto en la cadena productiva del cerezo.","robots":{"index":"index","follow":"follow","max-snippet":"max-snippet:-1","max-image-preview":"max-image-preview:large","max-video-preview":"max-video-preview:-1"},"canonical":"https:\/\/smartcherry.cl\/en\/reportajes-en-smartcherry-tv\/pronto-nuevo-reportaje-en-smartcherry-tv-horas-de-frio-en-la-mira-factor-esencial-en-la-produccion-de-cerezas\/","og_locale":"en_US","og_type":"article","og_title":"Pronto nuevo reportaje en Smartcherry TV: \"Horas de fr\u00edo en la mira: Factor esencial en la producci\u00f3n de cerezas\"","og_description":"En la cuenta regresiva est\u00e1 el cuarto cap\u00edtulo de la tercera temporada de Reportajes por Smartcherry TV, que ahondar\u00e1 en la acumulaci\u00f3n de horas fr\u00edo, su relevancia e impacto en la cadena productiva del cerezo.","og_url":"https:\/\/smartcherry.cl\/en\/reportajes-en-smartcherry-tv\/pronto-nuevo-reportaje-en-smartcherry-tv-horas-de-frio-en-la-mira-factor-esencial-en-la-produccion-de-cerezas\/","og_site_name":"Smartcherry","article_publisher":"https:\/\/web.facebook.com\/SmartCherry.cl\/","article_published_time":"2025-07-15T13:15:38+00:00","article_modified_time":"2025-07-15T13:15:39+00:00","og_image":[{"width":1400,"height":800,"url":"https:\/\/smartcherry.cl\/wp-content\/uploads\/2025\/07\/Carlos-Tapia-2.jpg","type":"image\/jpeg"}],"author":"Beatriz Parra","twitter_card":"summary_large_image","twitter_creator":"@SmartCherry_cl","twitter_site":"@SmartCherry_cl","twitter_misc":{"Written by":"Beatriz Parra","Est. reading time":"1 minute"},"schema":{"@context":"https:\/\/schema.org","@graph":[{"@type":"Article","@id":"https:\/\/smartcherry.cl\/reportajes-en-smartcherry-tv\/pronto-nuevo-reportaje-en-smartcherry-tv-horas-de-frio-en-la-mira-factor-esencial-en-la-produccion-de-cerezas\/#article","isPartOf":{"@id":"https:\/\/smartcherry.cl\/reportajes-en-smartcherry-tv\/pronto-nuevo-reportaje-en-smartcherry-tv-horas-de-frio-en-la-mira-factor-esencial-en-la-produccion-de-cerezas\/"},"author":{"name":"Beatriz Parra","@id":"https:\/\/smartcherry.cl\/#\/schema\/person\/604ed44370e96b081064b745ca461407"},"headline":"Pronto nuevo reportaje en Smartcherry TV: \u00abHoras de fr\u00edo en la mira: Factor esencial en la producci\u00f3n de cerezas\u00bb","datePublished":"2025-07-15T13:15:38+00:00","dateModified":"2025-07-15T13:15:39+00:00","mainEntityOfPage":{"@id":"https:\/\/smartcherry.cl\/reportajes-en-smartcherry-tv\/pronto-nuevo-reportaje-en-smartcherry-tv-horas-de-frio-en-la-mira-factor-esencial-en-la-produccion-de-cerezas\/"},"wordCount":209,"publisher":{"@id":"https:\/\/smartcherry.cl\/#organization"},"image":{"@id":"https:\/\/smartcherry.cl\/reportajes-en-smartcherry-tv\/pronto-nuevo-reportaje-en-smartcherry-tv-horas-de-frio-en-la-mira-factor-esencial-en-la-produccion-de-cerezas\/#primaryimage"},"thumbnailUrl":"https:\/\/smartcherry.cl\/wp-content\/uploads\/2025\/07\/Carlos-Tapia-2.jpg","keywords":["horas fr\u00edo","Carlos Tapia","cerezo","reportaje"],"articleSection":["Smartcherry TV","Reportajes en Smartcherry TV","Noticias"],"inLanguage":"en-US"},{"@type":"WebPage","@id":"https:\/\/smartcherry.cl\/reportajes-en-smartcherry-tv\/pronto-nuevo-reportaje-en-smartcherry-tv-horas-de-frio-en-la-mira-factor-esencial-en-la-produccion-de-cerezas\/","url":"https:\/\/smartcherry.cl\/reportajes-en-smartcherry-tv\/pronto-nuevo-reportaje-en-smartcherry-tv-horas-de-frio-en-la-mira-factor-esencial-en-la-produccion-de-cerezas\/","name":"Pronto nuevo reportaje en Smartcherry TV: \"Horas de fr\u00edo en la mira: Factor esencial en la producci\u00f3n de cerezas\" - Smartcherry","isPartOf":{"@id":"https:\/\/smartcherry.cl\/#website"},"primaryImageOfPage":{"@id":"https:\/\/smartcherry.cl\/reportajes-en-smartcherry-tv\/pronto-nuevo-reportaje-en-smartcherry-tv-horas-de-frio-en-la-mira-factor-esencial-en-la-produccion-de-cerezas\/#primaryimage"},"image":{"@id":"https:\/\/smartcherry.cl\/reportajes-en-smartcherry-tv\/pronto-nuevo-reportaje-en-smartcherry-tv-horas-de-frio-en-la-mira-factor-esencial-en-la-produccion-de-cerezas\/#primaryimage"},"thumbnailUrl":"https:\/\/smartcherry.cl\/wp-content\/uploads\/2025\/07\/Carlos-Tapia-2.jpg","datePublished":"2025-07-15T13:15:38+00:00","dateModified":"2025-07-15T13:15:39+00:00","description":"En la cuenta regresiva est\u00e1 el cuarto cap\u00edtulo de la tercera temporada de Reportajes por Smartcherry TV, que ahondar\u00e1 en la acumulaci\u00f3n de horas fr\u00edo, su relevancia e impacto en la cadena productiva del cerezo.","breadcrumb":{"@id":"https:\/\/smartcherry.cl\/reportajes-en-smartcherry-tv\/pronto-nuevo-reportaje-en-smartcherry-tv-horas-de-frio-en-la-mira-factor-esencial-en-la-produccion-de-cerezas\/#breadcrumb"},"inLanguage":"en-US","potentialAction":[{"@type":"ReadAction","target":["https:\/\/smartcherry.cl\/reportajes-en-smartcherry-tv\/pronto-nuevo-reportaje-en-smartcherry-tv-horas-de-frio-en-la-mira-factor-esencial-en-la-produccion-de-cerezas\/"]}]},{"@type":"ImageObject","inLanguage":"en-US","@id":"https:\/\/smartcherry.cl\/reportajes-en-smartcherry-tv\/pronto-nuevo-reportaje-en-smartcherry-tv-horas-de-frio-en-la-mira-factor-esencial-en-la-produccion-de-cerezas\/#primaryimage","url":"https:\/\/smartcherry.cl\/wp-content\/uploads\/2025\/07\/Carlos-Tapia-2.jpg","contentUrl":"https:\/\/smartcherry.cl\/wp-content\/uploads\/2025\/07\/Carlos-Tapia-2.jpg","width":1400,"height":800},{"@type":"BreadcrumbList","@id":"https:\/\/smartcherry.cl\/reportajes-en-smartcherry-tv\/pronto-nuevo-reportaje-en-smartcherry-tv-horas-de-frio-en-la-mira-factor-esencial-en-la-produccion-de-cerezas\/#breadcrumb","itemListElement":[{"@type":"ListItem","position":1,"name":"Home","item":"https:\/\/smartcherry.cl\/"},{"@type":"ListItem","position":2,"name":"Reportajes en Smartcherry TV","item":"https:\/\/smartcherry.cl\/category\/reportajes-en-smartcherry-tv\/"},{"@type":"ListItem","position":3,"name":"Pronto nuevo reportaje en Smartcherry TV: \u00abHoras de fr\u00edo en la mira: Factor esencial en la producci\u00f3n de cerezas\u00bb"}]},{"@type":"WebSite","@id":"https:\/\/smartcherry.cl\/#website","url":"https:\/\/smartcherry.cl\/","name":"Smartcherry","description":"Smartcherry Site","publisher":{"@id":"https:\/\/smartcherry.cl\/#organization"},"potentialAction":[{"@type":"SearchAction","target":{"@type":"EntryPoint","urlTemplate":"https:\/\/smartcherry.cl\/?s={search_term_string}"},"query-input":{"@type":"PropertyValueSpecification","valueRequired":true,"valueName":"search_term_string"}}],"inLanguage":"en-US"},{"@type":"Organization","@id":"https:\/\/smartcherry.cl\/#organization","name":"SmartCherry","url":"https:\/\/smartcherry.cl\/","logo":{"@type":"ImageObject","inLanguage":"en-US","@id":"https:\/\/smartcherry.cl\/#\/schema\/logo\/image\/","url":"https:\/\/smartcherry.cl\/wp-content\/uploads\/2022\/02\/logo_smartcherry.png","contentUrl":"https:\/\/smartcherry.cl\/wp-content\/uploads\/2022\/02\/logo_smartcherry.png","width":411,"height":84,"caption":"SmartCherry"},"image":{"@id":"https:\/\/smartcherry.cl\/#\/schema\/logo\/image\/"},"sameAs":["https:\/\/web.facebook.com\/SmartCherry.cl\/","https:\/\/x.com\/SmartCherry_cl","https:\/\/www.linkedin.com\/company\/smartcherry\/","https:\/\/www.instagram.com\/smartcherry_cl\/","https:\/\/www.youtube.com\/channel\/UCe007LfgFFnntDgCcqICbPQ"]},{"@type":"Person","@id":"https:\/\/smartcherry.cl\/#\/schema\/person\/604ed44370e96b081064b745ca461407","name":"Beatriz Parra","image":{"@type":"ImageObject","inLanguage":"en-US","@id":"https:\/\/smartcherry.cl\/wp-content\/uploads\/2025\/01\/POST-96x96.png","url":"https:\/\/smartcherry.cl\/wp-content\/uploads\/2025\/01\/POST-96x96.png","contentUrl":"https:\/\/smartcherry.cl\/wp-content\/uploads\/2025\/01\/POST-96x96.png","caption":"Beatriz Parra"},"url":"https:\/\/smartcherry.cl\/en\/author\/bparra\/"}]}},"_links":{"self":[{"href":"https:\/\/smartcherry.cl\/en\/wp-json\/wp\/v2\/posts\/47688","targetHints":{"allow":["GET"]}}],"collection":[{"href":"https:\/\/smartcherry.cl\/en\/wp-json\/wp\/v2\/posts"}],"about":[{"href":"https:\/\/smartcherry.cl\/en\/wp-json\/wp\/v2\/types\/post"}],"author":[{"embeddable":true,"href":"https:\/\/smartcherry.cl\/en\/wp-json\/wp\/v2\/users\/273"}],"replies":[{"embeddable":true,"href":"https:\/\/smartcherry.cl\/en\/wp-json\/wp\/v2\/comments?post=47688"}],"version-history":[{"count":2,"href":"https:\/\/smartcherry.cl\/en\/wp-json\/wp\/v2\/posts\/47688\/revisions"}],"predecessor-version":[{"id":47691,"href":"https:\/\/smartcherry.cl\/en\/wp-json\/wp\/v2\/posts\/47688\/revisions\/47691"}],"wp:featuredmedia":[{"embeddable":true,"href":"https:\/\/smartcherry.cl\/en\/wp-json\/wp\/v2\/media\/47689"}],"wp:attachment":[{"href":"https:\/\/smartcherry.cl\/en\/wp-json\/wp\/v2\/media?parent=47688"}],"wp:term":[{"taxonomy":"category","embeddable":true,"href":"https:\/\/smartcherry.cl\/en\/wp-json\/wp\/v2\/categories?post=47688"},{"taxonomy":"post_tag","embeddable":true,"href":"https:\/\/smartcherry.cl\/en\/wp-json\/wp\/v2\/tags?post=47688"},{"taxonomy":"category_proveedor","embeddable":true,"href":"https:\/\/smartcherry.cl\/en\/wp-json\/wp\/v2\/category_proveedor?post=47688"},{"taxonomy":"pais","embeddable":true,"href":"https:\/\/smartcherry.cl\/en\/wp-json\/wp\/v2\/pais?post=47688"}],"curies":[{"name":"wp","href":"https:\/\/api.w.org\/{rel}","templated":true}]}}