{"id":47369,"date":"2025-07-04T09:20:06","date_gmt":"2025-07-04T13:20:06","guid":{"rendered":"https:\/\/smartcherry.cl\/?p=47369"},"modified":"2025-07-04T09:20:07","modified_gmt":"2025-07-04T13:20:07","slug":"corteva-reafirma-su-compromiso-con-la-industria-cerecera-en-cherrytech-2025","status":"publish","type":"post","link":"https:\/\/smartcherry.cl\/en\/noticias\/corteva-reafirma-su-compromiso-con-la-industria-cerecera-en-cherrytech-2025\/","title":{"rendered":"Corteva reafirma su compromiso con la industria cerecera en CherryTech 2025"},"content":{"rendered":"<p>En un contexto donde la calidad y sostenibilidad son claves para la competitividad, Corteva destac\u00f3 con propuestas enfocadas en protecci\u00f3n fitosanitaria y tecnolog\u00eda de punta, respondiendo a los principales desaf\u00edos que enfrenta hoy la industria de la cereza. Su presencia en CherryTech 2025 no solo aport\u00f3 conocimiento t\u00e9cnico, sino tambi\u00e9n una visi\u00f3n clara de futuro para el rubro.<\/p>\n\n\n\n<p>A trav\u00e9s de su equipo t\u00e9cnico y comercial, la empresa fortaleci\u00f3 su v\u00ednculo con productores, asesores y actores clave de la cadena productiva, entregando informaci\u00f3n actualizada sobre tecnolog\u00edas de protecci\u00f3n de cultivos y estrategias integradas que apuntan a una producci\u00f3n m\u00e1s rentable y sustentable.<\/p>\n\n\n\n<figure class=\"wp-block-embed is-type-video is-provider-youtube wp-block-embed-youtube wp-embed-aspect-16-9 wp-has-aspect-ratio\"><div class=\"wp-block-embed__wrapper\">\n<iframe title=\"Corteva reafirma su compromiso con la industria cerecera en CherryTech 2025\" width=\"800\" height=\"450\" src=\"https:\/\/www.youtube.com\/embed\/Z069y1goVJc?feature=oembed\" frameborder=\"0\" allow=\"accelerometer; autoplay; clipboard-write; encrypted-media; gyroscope; picture-in-picture; web-share\" referrerpolicy=\"strict-origin-when-cross-origin\" allowfullscreen><\/iframe>\n<\/div><\/figure>","protected":false},"excerpt":{"rendered":"<p>En un contexto donde la calidad y sostenibilidad son claves para la competitividad, Corteva destac\u00f3 con propuestas enfocadas en protecci\u00f3n fitosanitaria y tecnolog\u00eda de punta, respondiendo a los principales desaf\u00edos [&hellip;]<\/p>\n","protected":false},"author":274,"featured_media":47370,"comment_status":"closed","ping_status":"open","sticky":false,"template":"","format":"standard","meta":{"_acf_changed":false,"inline_featured_image":false,"footnotes":""},"categories":[35],"tags":[178,249,1558,2460,2773],"category_proveedor":[],"pais":[],"class_list":["post-47369","post","type-post","status-publish","format-standard","has-post-thumbnail","hentry","category-noticias","tag-smartcherry","tag-corteva","tag-not-prov","tag-eventos","tag-cherrytech"],"acf":[],"yoast_head":"<!-- This site is optimized with the Yoast SEO Premium plugin v21.3 (Yoast SEO v27.3) - https:\/\/yoast.com\/product\/yoast-seo-premium-wordpress\/ -->\n<title>Corteva reafirma su compromiso con la industria cerecera en CherryTech 2025 - Smartcherry<\/title>\n<meta name=\"robots\" content=\"index, follow, max-snippet:-1, max-image-preview:large, max-video-preview:-1\" \/>\n<link rel=\"canonical\" href=\"https:\/\/smartcherry.cl\/en\/noticias\/corteva-reafirma-su-compromiso-con-la-industria-cerecera-en-cherrytech-2025\/\" \/>\n<meta property=\"og:locale\" content=\"en_US\" \/>\n<meta property=\"og:type\" content=\"article\" \/>\n<meta property=\"og:title\" content=\"Corteva reafirma su compromiso con la industria cerecera en CherryTech 2025\" \/>\n<meta property=\"og:description\" content=\"En un contexto donde la calidad y sostenibilidad son claves para la competitividad, Corteva destac\u00f3 con propuestas enfocadas en protecci\u00f3n fitosanitaria y tecnolog\u00eda de punta, respondiendo a los principales desaf\u00edos [&hellip;]\" \/>\n<meta property=\"og:url\" content=\"https:\/\/smartcherry.cl\/en\/noticias\/corteva-reafirma-su-compromiso-con-la-industria-cerecera-en-cherrytech-2025\/\" \/>\n<meta property=\"og:site_name\" content=\"Smartcherry\" \/>\n<meta property=\"article:publisher\" content=\"https:\/\/web.facebook.com\/SmartCherry.cl\/\" \/>\n<meta property=\"article:published_time\" content=\"2025-07-04T13:20:06+00:00\" \/>\n<meta property=\"article:modified_time\" content=\"2025-07-04T13:20:07+00:00\" \/>\n<meta property=\"og:image\" content=\"https:\/\/smartcherry.cl\/wp-content\/uploads\/2025\/07\/cortevastand-scaled.jpg\" \/>\n\t<meta property=\"og:image:width\" content=\"2560\" \/>\n\t<meta property=\"og:image:height\" content=\"1513\" \/>\n\t<meta property=\"og:image:type\" content=\"image\/jpeg\" \/>\n<meta name=\"author\" content=\"Jorge Rojas\" \/>\n<meta name=\"twitter:card\" content=\"summary_large_image\" \/>\n<meta name=\"twitter:creator\" content=\"@SmartCherry_cl\" \/>\n<meta name=\"twitter:site\" content=\"@SmartCherry_cl\" \/>\n<meta name=\"twitter:label1\" content=\"Written by\" \/>\n\t<meta name=\"twitter:data1\" content=\"Jorge Rojas\" \/>\n\t<meta name=\"twitter:label2\" content=\"Est. reading time\" \/>\n\t<meta name=\"twitter:data2\" content=\"1 minute\" \/>\n<script type=\"application\/ld+json\" class=\"yoast-schema-graph\">{\"@context\":\"https:\\\/\\\/schema.org\",\"@graph\":[{\"@type\":\"Article\",\"@id\":\"https:\\\/\\\/smartcherry.cl\\\/noticias\\\/corteva-reafirma-su-compromiso-con-la-industria-cerecera-en-cherrytech-2025\\\/#article\",\"isPartOf\":{\"@id\":\"https:\\\/\\\/smartcherry.cl\\\/noticias\\\/corteva-reafirma-su-compromiso-con-la-industria-cerecera-en-cherrytech-2025\\\/\"},\"author\":{\"name\":\"Jorge Rojas\",\"@id\":\"https:\\\/\\\/smartcherry.cl\\\/#\\\/schema\\\/person\\\/9aa496f36d86127a7a264fba18e84d30\"},\"headline\":\"Corteva reafirma su compromiso con la industria cerecera en CherryTech 2025\",\"datePublished\":\"2025-07-04T13:20:06+00:00\",\"dateModified\":\"2025-07-04T13:20:07+00:00\",\"mainEntityOfPage\":{\"@id\":\"https:\\\/\\\/smartcherry.cl\\\/noticias\\\/corteva-reafirma-su-compromiso-con-la-industria-cerecera-en-cherrytech-2025\\\/\"},\"wordCount\":131,\"publisher\":{\"@id\":\"https:\\\/\\\/smartcherry.cl\\\/#organization\"},\"image\":{\"@id\":\"https:\\\/\\\/smartcherry.cl\\\/noticias\\\/corteva-reafirma-su-compromiso-con-la-industria-cerecera-en-cherrytech-2025\\\/#primaryimage\"},\"thumbnailUrl\":\"https:\\\/\\\/smartcherry.cl\\\/wp-content\\\/uploads\\\/2025\\\/07\\\/cortevastand-scaled.jpg\",\"keywords\":[\"smartcherry\",\"Corteva\",\"not-prov\",\"Eventos\",\"CherryTech\"],\"articleSection\":[\"Noticias\"],\"inLanguage\":\"en-US\"},{\"@type\":\"WebPage\",\"@id\":\"https:\\\/\\\/smartcherry.cl\\\/noticias\\\/corteva-reafirma-su-compromiso-con-la-industria-cerecera-en-cherrytech-2025\\\/\",\"url\":\"https:\\\/\\\/smartcherry.cl\\\/noticias\\\/corteva-reafirma-su-compromiso-con-la-industria-cerecera-en-cherrytech-2025\\\/\",\"name\":\"Corteva reafirma su compromiso con la industria cerecera en CherryTech 2025 - Smartcherry\",\"isPartOf\":{\"@id\":\"https:\\\/\\\/smartcherry.cl\\\/#website\"},\"primaryImageOfPage\":{\"@id\":\"https:\\\/\\\/smartcherry.cl\\\/noticias\\\/corteva-reafirma-su-compromiso-con-la-industria-cerecera-en-cherrytech-2025\\\/#primaryimage\"},\"image\":{\"@id\":\"https:\\\/\\\/smartcherry.cl\\\/noticias\\\/corteva-reafirma-su-compromiso-con-la-industria-cerecera-en-cherrytech-2025\\\/#primaryimage\"},\"thumbnailUrl\":\"https:\\\/\\\/smartcherry.cl\\\/wp-content\\\/uploads\\\/2025\\\/07\\\/cortevastand-scaled.jpg\",\"datePublished\":\"2025-07-04T13:20:06+00:00\",\"dateModified\":\"2025-07-04T13:20:07+00:00\",\"breadcrumb\":{\"@id\":\"https:\\\/\\\/smartcherry.cl\\\/noticias\\\/corteva-reafirma-su-compromiso-con-la-industria-cerecera-en-cherrytech-2025\\\/#breadcrumb\"},\"inLanguage\":\"en-US\",\"potentialAction\":[{\"@type\":\"ReadAction\",\"target\":[\"https:\\\/\\\/smartcherry.cl\\\/noticias\\\/corteva-reafirma-su-compromiso-con-la-industria-cerecera-en-cherrytech-2025\\\/\"]}]},{\"@type\":\"ImageObject\",\"inLanguage\":\"en-US\",\"@id\":\"https:\\\/\\\/smartcherry.cl\\\/noticias\\\/corteva-reafirma-su-compromiso-con-la-industria-cerecera-en-cherrytech-2025\\\/#primaryimage\",\"url\":\"https:\\\/\\\/smartcherry.cl\\\/wp-content\\\/uploads\\\/2025\\\/07\\\/cortevastand-scaled.jpg\",\"contentUrl\":\"https:\\\/\\\/smartcherry.cl\\\/wp-content\\\/uploads\\\/2025\\\/07\\\/cortevastand-scaled.jpg\",\"width\":2560,\"height\":1513},{\"@type\":\"BreadcrumbList\",\"@id\":\"https:\\\/\\\/smartcherry.cl\\\/noticias\\\/corteva-reafirma-su-compromiso-con-la-industria-cerecera-en-cherrytech-2025\\\/#breadcrumb\",\"itemListElement\":[{\"@type\":\"ListItem\",\"position\":1,\"name\":\"Home\",\"item\":\"https:\\\/\\\/smartcherry.cl\\\/\"},{\"@type\":\"ListItem\",\"position\":2,\"name\":\"Noticias\",\"item\":\"https:\\\/\\\/smartcherry.cl\\\/category\\\/noticias\\\/\"},{\"@type\":\"ListItem\",\"position\":3,\"name\":\"Corteva reafirma su compromiso con la industria cerecera en CherryTech 2025\"}]},{\"@type\":\"WebSite\",\"@id\":\"https:\\\/\\\/smartcherry.cl\\\/#website\",\"url\":\"https:\\\/\\\/smartcherry.cl\\\/\",\"name\":\"Smartcherry\",\"description\":\"Sitio de Smartcherry\",\"publisher\":{\"@id\":\"https:\\\/\\\/smartcherry.cl\\\/#organization\"},\"potentialAction\":[{\"@type\":\"SearchAction\",\"target\":{\"@type\":\"EntryPoint\",\"urlTemplate\":\"https:\\\/\\\/smartcherry.cl\\\/?s={search_term_string}\"},\"query-input\":{\"@type\":\"PropertyValueSpecification\",\"valueRequired\":true,\"valueName\":\"search_term_string\"}}],\"inLanguage\":\"en-US\"},{\"@type\":\"Organization\",\"@id\":\"https:\\\/\\\/smartcherry.cl\\\/#organization\",\"name\":\"SmartCherry\",\"url\":\"https:\\\/\\\/smartcherry.cl\\\/\",\"logo\":{\"@type\":\"ImageObject\",\"inLanguage\":\"en-US\",\"@id\":\"https:\\\/\\\/smartcherry.cl\\\/#\\\/schema\\\/logo\\\/image\\\/\",\"url\":\"https:\\\/\\\/smartcherry.cl\\\/wp-content\\\/uploads\\\/2022\\\/02\\\/logo_smartcherry.png\",\"contentUrl\":\"https:\\\/\\\/smartcherry.cl\\\/wp-content\\\/uploads\\\/2022\\\/02\\\/logo_smartcherry.png\",\"width\":411,\"height\":84,\"caption\":\"SmartCherry\"},\"image\":{\"@id\":\"https:\\\/\\\/smartcherry.cl\\\/#\\\/schema\\\/logo\\\/image\\\/\"},\"sameAs\":[\"https:\\\/\\\/web.facebook.com\\\/SmartCherry.cl\\\/\",\"https:\\\/\\\/x.com\\\/SmartCherry_cl\",\"https:\\\/\\\/www.linkedin.com\\\/company\\\/smartcherry\\\/\",\"https:\\\/\\\/www.instagram.com\\\/smartcherry_cl\\\/\",\"https:\\\/\\\/www.youtube.com\\\/channel\\\/UCe007LfgFFnntDgCcqICbPQ\"]},{\"@type\":\"Person\",\"@id\":\"https:\\\/\\\/smartcherry.cl\\\/#\\\/schema\\\/person\\\/9aa496f36d86127a7a264fba18e84d30\",\"name\":\"Jorge Rojas\",\"image\":{\"@type\":\"ImageObject\",\"inLanguage\":\"en-US\",\"@id\":\"https:\\\/\\\/smartcherry.cl\\\/wp-content\\\/uploads\\\/2025\\\/04\\\/Imagen-de-WhatsApp-2025-04-10-a-las-12.35.04_f4896bb2-96x96.jpg\",\"url\":\"https:\\\/\\\/smartcherry.cl\\\/wp-content\\\/uploads\\\/2025\\\/04\\\/Imagen-de-WhatsApp-2025-04-10-a-las-12.35.04_f4896bb2-96x96.jpg\",\"contentUrl\":\"https:\\\/\\\/smartcherry.cl\\\/wp-content\\\/uploads\\\/2025\\\/04\\\/Imagen-de-WhatsApp-2025-04-10-a-las-12.35.04_f4896bb2-96x96.jpg\",\"caption\":\"Jorge Rojas\"},\"url\":\"https:\\\/\\\/smartcherry.cl\\\/en\\\/author\\\/jrojasmultiply-cl\\\/\"}]}<\/script>\n<!-- \/ Yoast SEO Premium plugin. -->","yoast_head_json":{"title":"Corteva reafirma su compromiso con la industria cerecera en CherryTech 2025 - Smartcherry","robots":{"index":"index","follow":"follow","max-snippet":"max-snippet:-1","max-image-preview":"max-image-preview:large","max-video-preview":"max-video-preview:-1"},"canonical":"https:\/\/smartcherry.cl\/en\/noticias\/corteva-reafirma-su-compromiso-con-la-industria-cerecera-en-cherrytech-2025\/","og_locale":"en_US","og_type":"article","og_title":"Corteva reafirma su compromiso con la industria cerecera en CherryTech 2025","og_description":"En un contexto donde la calidad y sostenibilidad son claves para la competitividad, Corteva destac\u00f3 con propuestas enfocadas en protecci\u00f3n fitosanitaria y tecnolog\u00eda de punta, respondiendo a los principales desaf\u00edos [&hellip;]","og_url":"https:\/\/smartcherry.cl\/en\/noticias\/corteva-reafirma-su-compromiso-con-la-industria-cerecera-en-cherrytech-2025\/","og_site_name":"Smartcherry","article_publisher":"https:\/\/web.facebook.com\/SmartCherry.cl\/","article_published_time":"2025-07-04T13:20:06+00:00","article_modified_time":"2025-07-04T13:20:07+00:00","og_image":[{"width":2560,"height":1513,"url":"https:\/\/smartcherry.cl\/wp-content\/uploads\/2025\/07\/cortevastand-scaled.jpg","type":"image\/jpeg"}],"author":"Jorge Rojas","twitter_card":"summary_large_image","twitter_creator":"@SmartCherry_cl","twitter_site":"@SmartCherry_cl","twitter_misc":{"Written by":"Jorge Rojas","Est. reading time":"1 minute"},"schema":{"@context":"https:\/\/schema.org","@graph":[{"@type":"Article","@id":"https:\/\/smartcherry.cl\/noticias\/corteva-reafirma-su-compromiso-con-la-industria-cerecera-en-cherrytech-2025\/#article","isPartOf":{"@id":"https:\/\/smartcherry.cl\/noticias\/corteva-reafirma-su-compromiso-con-la-industria-cerecera-en-cherrytech-2025\/"},"author":{"name":"Jorge Rojas","@id":"https:\/\/smartcherry.cl\/#\/schema\/person\/9aa496f36d86127a7a264fba18e84d30"},"headline":"Corteva reafirma su compromiso con la industria cerecera en CherryTech 2025","datePublished":"2025-07-04T13:20:06+00:00","dateModified":"2025-07-04T13:20:07+00:00","mainEntityOfPage":{"@id":"https:\/\/smartcherry.cl\/noticias\/corteva-reafirma-su-compromiso-con-la-industria-cerecera-en-cherrytech-2025\/"},"wordCount":131,"publisher":{"@id":"https:\/\/smartcherry.cl\/#organization"},"image":{"@id":"https:\/\/smartcherry.cl\/noticias\/corteva-reafirma-su-compromiso-con-la-industria-cerecera-en-cherrytech-2025\/#primaryimage"},"thumbnailUrl":"https:\/\/smartcherry.cl\/wp-content\/uploads\/2025\/07\/cortevastand-scaled.jpg","keywords":["smartcherry","Corteva","not-prov","Eventos","CherryTech"],"articleSection":["Noticias"],"inLanguage":"en-US"},{"@type":"WebPage","@id":"https:\/\/smartcherry.cl\/noticias\/corteva-reafirma-su-compromiso-con-la-industria-cerecera-en-cherrytech-2025\/","url":"https:\/\/smartcherry.cl\/noticias\/corteva-reafirma-su-compromiso-con-la-industria-cerecera-en-cherrytech-2025\/","name":"Corteva reafirma su compromiso con la industria cerecera en CherryTech 2025 - Smartcherry","isPartOf":{"@id":"https:\/\/smartcherry.cl\/#website"},"primaryImageOfPage":{"@id":"https:\/\/smartcherry.cl\/noticias\/corteva-reafirma-su-compromiso-con-la-industria-cerecera-en-cherrytech-2025\/#primaryimage"},"image":{"@id":"https:\/\/smartcherry.cl\/noticias\/corteva-reafirma-su-compromiso-con-la-industria-cerecera-en-cherrytech-2025\/#primaryimage"},"thumbnailUrl":"https:\/\/smartcherry.cl\/wp-content\/uploads\/2025\/07\/cortevastand-scaled.jpg","datePublished":"2025-07-04T13:20:06+00:00","dateModified":"2025-07-04T13:20:07+00:00","breadcrumb":{"@id":"https:\/\/smartcherry.cl\/noticias\/corteva-reafirma-su-compromiso-con-la-industria-cerecera-en-cherrytech-2025\/#breadcrumb"},"inLanguage":"en-US","potentialAction":[{"@type":"ReadAction","target":["https:\/\/smartcherry.cl\/noticias\/corteva-reafirma-su-compromiso-con-la-industria-cerecera-en-cherrytech-2025\/"]}]},{"@type":"ImageObject","inLanguage":"en-US","@id":"https:\/\/smartcherry.cl\/noticias\/corteva-reafirma-su-compromiso-con-la-industria-cerecera-en-cherrytech-2025\/#primaryimage","url":"https:\/\/smartcherry.cl\/wp-content\/uploads\/2025\/07\/cortevastand-scaled.jpg","contentUrl":"https:\/\/smartcherry.cl\/wp-content\/uploads\/2025\/07\/cortevastand-scaled.jpg","width":2560,"height":1513},{"@type":"BreadcrumbList","@id":"https:\/\/smartcherry.cl\/noticias\/corteva-reafirma-su-compromiso-con-la-industria-cerecera-en-cherrytech-2025\/#breadcrumb","itemListElement":[{"@type":"ListItem","position":1,"name":"Home","item":"https:\/\/smartcherry.cl\/"},{"@type":"ListItem","position":2,"name":"Noticias","item":"https:\/\/smartcherry.cl\/category\/noticias\/"},{"@type":"ListItem","position":3,"name":"Corteva reafirma su compromiso con la industria cerecera en CherryTech 2025"}]},{"@type":"WebSite","@id":"https:\/\/smartcherry.cl\/#website","url":"https:\/\/smartcherry.cl\/","name":"Smartcherry","description":"Smartcherry Site","publisher":{"@id":"https:\/\/smartcherry.cl\/#organization"},"potentialAction":[{"@type":"SearchAction","target":{"@type":"EntryPoint","urlTemplate":"https:\/\/smartcherry.cl\/?s={search_term_string}"},"query-input":{"@type":"PropertyValueSpecification","valueRequired":true,"valueName":"search_term_string"}}],"inLanguage":"en-US"},{"@type":"Organization","@id":"https:\/\/smartcherry.cl\/#organization","name":"SmartCherry","url":"https:\/\/smartcherry.cl\/","logo":{"@type":"ImageObject","inLanguage":"en-US","@id":"https:\/\/smartcherry.cl\/#\/schema\/logo\/image\/","url":"https:\/\/smartcherry.cl\/wp-content\/uploads\/2022\/02\/logo_smartcherry.png","contentUrl":"https:\/\/smartcherry.cl\/wp-content\/uploads\/2022\/02\/logo_smartcherry.png","width":411,"height":84,"caption":"SmartCherry"},"image":{"@id":"https:\/\/smartcherry.cl\/#\/schema\/logo\/image\/"},"sameAs":["https:\/\/web.facebook.com\/SmartCherry.cl\/","https:\/\/x.com\/SmartCherry_cl","https:\/\/www.linkedin.com\/company\/smartcherry\/","https:\/\/www.instagram.com\/smartcherry_cl\/","https:\/\/www.youtube.com\/channel\/UCe007LfgFFnntDgCcqICbPQ"]},{"@type":"Person","@id":"https:\/\/smartcherry.cl\/#\/schema\/person\/9aa496f36d86127a7a264fba18e84d30","name":"Jorge Rojas","image":{"@type":"ImageObject","inLanguage":"en-US","@id":"https:\/\/smartcherry.cl\/wp-content\/uploads\/2025\/04\/Imagen-de-WhatsApp-2025-04-10-a-las-12.35.04_f4896bb2-96x96.jpg","url":"https:\/\/smartcherry.cl\/wp-content\/uploads\/2025\/04\/Imagen-de-WhatsApp-2025-04-10-a-las-12.35.04_f4896bb2-96x96.jpg","contentUrl":"https:\/\/smartcherry.cl\/wp-content\/uploads\/2025\/04\/Imagen-de-WhatsApp-2025-04-10-a-las-12.35.04_f4896bb2-96x96.jpg","caption":"Jorge Rojas"},"url":"https:\/\/smartcherry.cl\/en\/author\/jrojasmultiply-cl\/"}]}},"_links":{"self":[{"href":"https:\/\/smartcherry.cl\/en\/wp-json\/wp\/v2\/posts\/47369","targetHints":{"allow":["GET"]}}],"collection":[{"href":"https:\/\/smartcherry.cl\/en\/wp-json\/wp\/v2\/posts"}],"about":[{"href":"https:\/\/smartcherry.cl\/en\/wp-json\/wp\/v2\/types\/post"}],"author":[{"embeddable":true,"href":"https:\/\/smartcherry.cl\/en\/wp-json\/wp\/v2\/users\/274"}],"replies":[{"embeddable":true,"href":"https:\/\/smartcherry.cl\/en\/wp-json\/wp\/v2\/comments?post=47369"}],"version-history":[{"count":1,"href":"https:\/\/smartcherry.cl\/en\/wp-json\/wp\/v2\/posts\/47369\/revisions"}],"predecessor-version":[{"id":47371,"href":"https:\/\/smartcherry.cl\/en\/wp-json\/wp\/v2\/posts\/47369\/revisions\/47371"}],"wp:featuredmedia":[{"embeddable":true,"href":"https:\/\/smartcherry.cl\/en\/wp-json\/wp\/v2\/media\/47370"}],"wp:attachment":[{"href":"https:\/\/smartcherry.cl\/en\/wp-json\/wp\/v2\/media?parent=47369"}],"wp:term":[{"taxonomy":"category","embeddable":true,"href":"https:\/\/smartcherry.cl\/en\/wp-json\/wp\/v2\/categories?post=47369"},{"taxonomy":"post_tag","embeddable":true,"href":"https:\/\/smartcherry.cl\/en\/wp-json\/wp\/v2\/tags?post=47369"},{"taxonomy":"category_proveedor","embeddable":true,"href":"https:\/\/smartcherry.cl\/en\/wp-json\/wp\/v2\/category_proveedor?post=47369"},{"taxonomy":"pais","embeddable":true,"href":"https:\/\/smartcherry.cl\/en\/wp-json\/wp\/v2\/pais?post=47369"}],"curies":[{"name":"wp","href":"https:\/\/api.w.org\/{rel}","templated":true}]}}