{"id":44927,"date":"2025-04-04T00:44:34","date_gmt":"2025-04-04T04:44:34","guid":{"rendered":"https:\/\/smartcherry.cl\/?p=44927"},"modified":"2025-04-04T00:48:03","modified_gmt":"2025-04-04T04:48:03","slug":"iv-seminario-de-cerezas-frescas-tempranas-de-mendoza-enfoque-estuvo-en-atraer-inversion-y-promocionar-este-destino-para-su-produccion","status":"publish","type":"post","link":"https:\/\/smartcherry.cl\/en\/noticias\/iv-seminario-de-cerezas-frescas-tempranas-de-mendoza-enfoque-estuvo-en-atraer-inversion-y-promocionar-este-destino-para-su-produccion\/","title":{"rendered":"IV Seminario de Cerezas Frescas Tempranas de Mendoza: Enfoque estuvo en atraer inversi\u00f3n y promocionar este destino para su producci\u00f3n"},"content":{"rendered":"<p><strong><em>La jornada de este jueves se dio inicio a la cuarta edici\u00f3n del Seminario de Cerezas Frescas Tempranas de Mendoza en las instalaciones del centro Nave Cultural.<\/em><\/strong><\/p>\n\n\n\n<p>El evento reuni\u00f3 a productores y empresarios del sector de las provincias productoras de Argentina y Chile, adem\u00e1s de actores relacionados con el rubro con el objetivo de fortalecer y potenciar la producci\u00f3n y comercializaci\u00f3n de esta especie frutal.<\/p>\n\n\n\n<p><strong>Facundo Quir\u00f3s, gerente de la C\u00e1mara de Cerezas de Mendoza<\/strong>, mencion\u00f3 la importancia del seminario en la actualizaci\u00f3n constante de los productores y comercializadores locales, haciendo hincapi\u00e9 en que <em>\u00abel lema de este evento es la atracci\u00f3n de inversi\u00f3n y que Mendoza se presente como un destino de inversi\u00f3n para quienes deseen incursionar en la cereza temprana. M\u00e1s all\u00e1 de los disertantes de lujo que hemos tenido, est\u00e1 el apoyo del gobierno provincial de la mano de un ministro productor, que entiende nuestras necesidades y que nos acompa\u00f1a\u201d<\/em>.<\/p>\n\n\n\n<figure class=\"wp-block-image alignleft size-large is-resized\"><img fetchpriority=\"high\" decoding=\"async\" width=\"602\" height=\"1024\" src=\"https:\/\/smartcherry.cl\/wp-content\/uploads\/2025\/04\/Facundo-Quiros-1-602x1024.jpg\" alt=\"\" class=\"wp-image-44932\" style=\"width:182px;height:auto\" srcset=\"https:\/\/smartcherry.cl\/wp-content\/uploads\/2025\/04\/Facundo-Quiros-1-602x1024.jpg 602w, https:\/\/smartcherry.cl\/wp-content\/uploads\/2025\/04\/Facundo-Quiros-1-176x300.jpg 176w, https:\/\/smartcherry.cl\/wp-content\/uploads\/2025\/04\/Facundo-Quiros-1-768x1306.jpg 768w, https:\/\/smartcherry.cl\/wp-content\/uploads\/2025\/04\/Facundo-Quiros-1-903x1536.jpg 903w, https:\/\/smartcherry.cl\/wp-content\/uploads\/2025\/04\/Facundo-Quiros-1-7x12.jpg 7w, https:\/\/smartcherry.cl\/wp-content\/uploads\/2025\/04\/Facundo-Quiros-1.jpg 1000w\" sizes=\"(max-width: 602px) 100vw, 602px\" \/><figcaption class=\"wp-element-caption\">Facundo Quir\u00f3s<\/figcaption><\/figure>\n\n\n\n<p>Quir\u00f3s tambi\u00e9n resalt\u00f3 que la temporada pasada fue muy buena para esta especie y eso ha sido uno de los grandes impulsores para el \u00e9xito de este evento, que crece no solamente en convocatoria sino tambi\u00e9n en difusi\u00f3n y apoyo del sector tanto p\u00fablico como privado, adem\u00e1s de fomentar la presencia de expertos de nuestro pa\u00eds, donde hay muchos puntos en com\u00fan en torno al desaf\u00edo de promocionar la cereza temprana.<\/p>\n\n\n\n<p><em>\u00abEstos \u00faltimos cuatro a\u00f1os han sido fruct\u00edferos no solamente por la gesti\u00f3n que hemos iniciado con los productores y autoridades locales, sino tambi\u00e9n con nuestros pares al otro lado de la cordillera y lo decimos siempre. Tenemos muchas m\u00e1s coincidencias entre nosotros que con el resto de los pa\u00edses y la mejor prueba de ello, es que hoy que quien nos asesora en esta reconversi\u00f3n y en esta estandarizaci\u00f3n de un piso de calidad es Jorge Astudillo, quien ha hecho posible producir la cereza m\u00e1s temprana de Chile en una zona con muchos desaf\u00edos agroclim\u00e1ticos\u00bb<\/em>, afirm\u00f3.<\/p>\n\n\n\n<figure class=\"wp-block-image alignright size-large is-resized\"><img decoding=\"async\" width=\"857\" height=\"1024\" src=\"https:\/\/smartcherry.cl\/wp-content\/uploads\/2025\/04\/Diego-Aguilar-857x1024.jpg\" alt=\"\" class=\"wp-image-44934\" style=\"width:218px;height:auto\" srcset=\"https:\/\/smartcherry.cl\/wp-content\/uploads\/2025\/04\/Diego-Aguilar-857x1024.jpg 857w, https:\/\/smartcherry.cl\/wp-content\/uploads\/2025\/04\/Diego-Aguilar-251x300.jpg 251w, https:\/\/smartcherry.cl\/wp-content\/uploads\/2025\/04\/Diego-Aguilar-768x918.jpg 768w, https:\/\/smartcherry.cl\/wp-content\/uploads\/2025\/04\/Diego-Aguilar-10x12.jpg 10w, https:\/\/smartcherry.cl\/wp-content\/uploads\/2025\/04\/Diego-Aguilar.jpg 1100w\" sizes=\"(max-width: 857px) 100vw, 857px\" \/><figcaption class=\"wp-element-caption\">Diego Aguilar<\/figcaption><\/figure>\n\n\n\n<p>Esta misma uni\u00f3n de experiencias con Chile fue destacada por <strong>Diego Aguilar, presidente de la C\u00e1mara de Cerezas de Mendoza<\/strong>, quien expres\u00f3 que <em>\u00abnos convoca el seguir promocionando a Mendoza como una zona de frutas primicia y encontrar tambi\u00e9n con la gente de Ovalle una sinergia en esto de producir la fruta m\u00e1s austral del mundo y de trabajar en conjunto para hacer lo mismo que ellos hacen, replicarlo, aprender de sus experiencias y nosotros transmitirles las nuestras\u00bb<\/em>.<\/p>\n\n\n\n<p>Por su parte, <strong>Jorge Astudillo, productor y asesor de cerezas tempranas de Ovalle<\/strong> y expositor del seminario, expres\u00f3 que el foco de esta versi\u00f3n fue <em>\u00abdar a conocer cu\u00e1les son las caracter\u00edsticas de Mendoza como zona potencialmente productiva de variedades tempranas. Trajimos la experiencia de Ovalle, la complementamos con la de ellos, trabajamos en conjunto en una visi\u00f3n de c\u00f3mo hacerlo\u00bb<\/em>.<\/p>\n\n\n\n<figure class=\"wp-block-image alignleft size-large is-resized\"><img decoding=\"async\" width=\"860\" height=\"1024\" src=\"https:\/\/smartcherry.cl\/wp-content\/uploads\/2025\/04\/Jorge-Astudillo-860x1024.jpg\" alt=\"\" class=\"wp-image-44936\" style=\"width:234px;height:auto\" srcset=\"https:\/\/smartcherry.cl\/wp-content\/uploads\/2025\/04\/Jorge-Astudillo-860x1024.jpg 860w, https:\/\/smartcherry.cl\/wp-content\/uploads\/2025\/04\/Jorge-Astudillo-252x300.jpg 252w, https:\/\/smartcherry.cl\/wp-content\/uploads\/2025\/04\/Jorge-Astudillo-768x915.jpg 768w, https:\/\/smartcherry.cl\/wp-content\/uploads\/2025\/04\/Jorge-Astudillo-10x12.jpg 10w, https:\/\/smartcherry.cl\/wp-content\/uploads\/2025\/04\/Jorge-Astudillo.jpg 1100w\" sizes=\"(max-width: 860px) 100vw, 860px\" \/><figcaption class=\"wp-element-caption\">Jorge Astudillo<\/figcaption><\/figure>\n\n\n\n<p>A\u00f1adi\u00f3 que de diciembre hasta la fecha estuvo <em>\u00abparticipando en un diagn\u00f3stico donde relevamos toda la informaci\u00f3n asociada a los huertos, a los a\u00f1os de plantaci\u00f3n, a las variedades, sistemas de riego y paquetes tecnol\u00f3gicos para establecer un an\u00e1lisis de los productores de la C\u00e1mara y as\u00ed establecer las brechas que hay que resolver para llegar a producir cerezas tempranas en alta calidad\u201d<\/em>.<\/p>\n\n\n\n<p>Adem\u00e1s de la ponencia de Jorge, participaron expertos nacionales como Karen Sagredo, Arturo Calder\u00f3n y Paula Santib\u00e1\u00f1ez, quienes junto con las exposiciones de especialistas argentinos transformaron este encuentro en un espacio de aprendizaje fundamental para todos los actores involucrados en esta industria, con el foco en dar a conocer las \u00faltimas tendencias y tecnolog\u00edas de producci\u00f3n de esta variedad.<\/p>","protected":false},"excerpt":{"rendered":"<p>Este jueves 3 de abril comenz\u00f3 la versi\u00f3n 2025 en la ciudad trasandina.<\/p>","protected":false},"author":273,"featured_media":44928,"comment_status":"closed","ping_status":"open","sticky":false,"template":"","format":"standard","meta":{"_acf_changed":false,"inline_featured_image":false,"footnotes":""},"categories":[2631,35],"tags":[3464,4016,1384,2094],"category_proveedor":[],"pais":[],"class_list":["post-44927","post","type-post","status-publish","format-standard","has-post-thumbnail","hentry","category-eventos","category-noticias","tag-facundo-quiros","tag-seminario-internacional-cerezas-frescas-tempranas","tag-mendoza","tag-jorge-astudillo"],"acf":[],"yoast_head":"<!-- This site is optimized with the Yoast SEO Premium plugin v21.3 (Yoast SEO v27.3) - https:\/\/yoast.com\/product\/yoast-seo-premium-wordpress\/ -->\n<title>IV Seminario de Cerezas Frescas Tempranas de Mendoza: Enfoque estuvo en atraer inversi\u00f3n y promocionar este destino para su producci\u00f3n - Smartcherry<\/title>\n<meta name=\"description\" content=\"La jornada de este jueves se dio inicio a la cuarta edici\u00f3n del Seminario de Cerezas Frescas Tempranas de Mendoza en las instalaciones del centro Nave Cultural.\" \/>\n<meta name=\"robots\" content=\"index, follow, max-snippet:-1, max-image-preview:large, max-video-preview:-1\" \/>\n<link rel=\"canonical\" href=\"https:\/\/smartcherry.cl\/en\/noticias\/iv-seminario-de-cerezas-frescas-tempranas-de-mendoza-enfoque-estuvo-en-atraer-inversion-y-promocionar-este-destino-para-su-produccion\/\" \/>\n<meta property=\"og:locale\" content=\"en_US\" \/>\n<meta property=\"og:type\" content=\"article\" \/>\n<meta property=\"og:title\" content=\"IV Seminario de Cerezas Frescas Tempranas de Mendoza: Enfoque estuvo en atraer inversi\u00f3n y promocionar este destino para su producci\u00f3n\" \/>\n<meta property=\"og:description\" content=\"La jornada de este jueves se dio inicio a la cuarta edici\u00f3n del Seminario de Cerezas Frescas Tempranas de Mendoza en las instalaciones del centro Nave Cultural.\" \/>\n<meta property=\"og:url\" content=\"https:\/\/smartcherry.cl\/en\/noticias\/iv-seminario-de-cerezas-frescas-tempranas-de-mendoza-enfoque-estuvo-en-atraer-inversion-y-promocionar-este-destino-para-su-produccion\/\" \/>\n<meta property=\"og:site_name\" content=\"Smartcherry\" \/>\n<meta property=\"article:publisher\" content=\"https:\/\/web.facebook.com\/SmartCherry.cl\/\" \/>\n<meta property=\"article:published_time\" content=\"2025-04-04T04:44:34+00:00\" \/>\n<meta property=\"article:modified_time\" content=\"2025-04-04T04:48:03+00:00\" \/>\n<meta property=\"og:image\" content=\"https:\/\/smartcherry.cl\/wp-content\/uploads\/2025\/04\/seminario-cerezas2025.jpg\" \/>\n\t<meta property=\"og:image:width\" content=\"1400\" \/>\n\t<meta property=\"og:image:height\" content=\"800\" \/>\n\t<meta property=\"og:image:type\" content=\"image\/jpeg\" \/>\n<meta name=\"author\" content=\"Beatriz Parra\" \/>\n<meta name=\"twitter:card\" content=\"summary_large_image\" \/>\n<meta name=\"twitter:creator\" content=\"@SmartCherry_cl\" \/>\n<meta name=\"twitter:site\" content=\"@SmartCherry_cl\" \/>\n<meta name=\"twitter:label1\" content=\"Written by\" \/>\n\t<meta name=\"twitter:data1\" content=\"Beatriz Parra\" \/>\n\t<meta name=\"twitter:label2\" content=\"Est. reading time\" \/>\n\t<meta name=\"twitter:data2\" content=\"4 minutes\" \/>\n<script type=\"application\/ld+json\" class=\"yoast-schema-graph\">{\"@context\":\"https:\\\/\\\/schema.org\",\"@graph\":[{\"@type\":\"Article\",\"@id\":\"https:\\\/\\\/smartcherry.cl\\\/noticias\\\/iv-seminario-de-cerezas-frescas-tempranas-de-mendoza-enfoque-estuvo-en-atraer-inversion-y-promocionar-este-destino-para-su-produccion\\\/#article\",\"isPartOf\":{\"@id\":\"https:\\\/\\\/smartcherry.cl\\\/noticias\\\/iv-seminario-de-cerezas-frescas-tempranas-de-mendoza-enfoque-estuvo-en-atraer-inversion-y-promocionar-este-destino-para-su-produccion\\\/\"},\"author\":{\"name\":\"Beatriz Parra\",\"@id\":\"https:\\\/\\\/smartcherry.cl\\\/#\\\/schema\\\/person\\\/604ed44370e96b081064b745ca461407\"},\"headline\":\"IV Seminario de Cerezas Frescas Tempranas de Mendoza: Enfoque estuvo en atraer inversi\u00f3n y promocionar este destino para su producci\u00f3n\",\"datePublished\":\"2025-04-04T04:44:34+00:00\",\"dateModified\":\"2025-04-04T04:48:03+00:00\",\"mainEntityOfPage\":{\"@id\":\"https:\\\/\\\/smartcherry.cl\\\/noticias\\\/iv-seminario-de-cerezas-frescas-tempranas-de-mendoza-enfoque-estuvo-en-atraer-inversion-y-promocionar-este-destino-para-su-produccion\\\/\"},\"wordCount\":665,\"publisher\":{\"@id\":\"https:\\\/\\\/smartcherry.cl\\\/#organization\"},\"image\":{\"@id\":\"https:\\\/\\\/smartcherry.cl\\\/noticias\\\/iv-seminario-de-cerezas-frescas-tempranas-de-mendoza-enfoque-estuvo-en-atraer-inversion-y-promocionar-este-destino-para-su-produccion\\\/#primaryimage\"},\"thumbnailUrl\":\"https:\\\/\\\/smartcherry.cl\\\/wp-content\\\/uploads\\\/2025\\\/04\\\/seminario-cerezas2025.jpg\",\"keywords\":[\"Facundo QUiros\",\"seminario internacional cerezas frescas tempranas\",\"Mendoza\",\"Jorge Astudillo\"],\"articleSection\":[\"Eventos\",\"Noticias\"],\"inLanguage\":\"en-US\"},{\"@type\":\"WebPage\",\"@id\":\"https:\\\/\\\/smartcherry.cl\\\/noticias\\\/iv-seminario-de-cerezas-frescas-tempranas-de-mendoza-enfoque-estuvo-en-atraer-inversion-y-promocionar-este-destino-para-su-produccion\\\/\",\"url\":\"https:\\\/\\\/smartcherry.cl\\\/noticias\\\/iv-seminario-de-cerezas-frescas-tempranas-de-mendoza-enfoque-estuvo-en-atraer-inversion-y-promocionar-este-destino-para-su-produccion\\\/\",\"name\":\"IV Seminario de Cerezas Frescas Tempranas de Mendoza: Enfoque estuvo en atraer inversi\u00f3n y promocionar este destino para su producci\u00f3n - Smartcherry\",\"isPartOf\":{\"@id\":\"https:\\\/\\\/smartcherry.cl\\\/#website\"},\"primaryImageOfPage\":{\"@id\":\"https:\\\/\\\/smartcherry.cl\\\/noticias\\\/iv-seminario-de-cerezas-frescas-tempranas-de-mendoza-enfoque-estuvo-en-atraer-inversion-y-promocionar-este-destino-para-su-produccion\\\/#primaryimage\"},\"image\":{\"@id\":\"https:\\\/\\\/smartcherry.cl\\\/noticias\\\/iv-seminario-de-cerezas-frescas-tempranas-de-mendoza-enfoque-estuvo-en-atraer-inversion-y-promocionar-este-destino-para-su-produccion\\\/#primaryimage\"},\"thumbnailUrl\":\"https:\\\/\\\/smartcherry.cl\\\/wp-content\\\/uploads\\\/2025\\\/04\\\/seminario-cerezas2025.jpg\",\"datePublished\":\"2025-04-04T04:44:34+00:00\",\"dateModified\":\"2025-04-04T04:48:03+00:00\",\"description\":\"La jornada de este jueves se dio inicio a la cuarta edici\u00f3n del Seminario de Cerezas Frescas Tempranas de Mendoza en las instalaciones del centro Nave Cultural.\",\"breadcrumb\":{\"@id\":\"https:\\\/\\\/smartcherry.cl\\\/noticias\\\/iv-seminario-de-cerezas-frescas-tempranas-de-mendoza-enfoque-estuvo-en-atraer-inversion-y-promocionar-este-destino-para-su-produccion\\\/#breadcrumb\"},\"inLanguage\":\"en-US\",\"potentialAction\":[{\"@type\":\"ReadAction\",\"target\":[\"https:\\\/\\\/smartcherry.cl\\\/noticias\\\/iv-seminario-de-cerezas-frescas-tempranas-de-mendoza-enfoque-estuvo-en-atraer-inversion-y-promocionar-este-destino-para-su-produccion\\\/\"]}]},{\"@type\":\"ImageObject\",\"inLanguage\":\"en-US\",\"@id\":\"https:\\\/\\\/smartcherry.cl\\\/noticias\\\/iv-seminario-de-cerezas-frescas-tempranas-de-mendoza-enfoque-estuvo-en-atraer-inversion-y-promocionar-este-destino-para-su-produccion\\\/#primaryimage\",\"url\":\"https:\\\/\\\/smartcherry.cl\\\/wp-content\\\/uploads\\\/2025\\\/04\\\/seminario-cerezas2025.jpg\",\"contentUrl\":\"https:\\\/\\\/smartcherry.cl\\\/wp-content\\\/uploads\\\/2025\\\/04\\\/seminario-cerezas2025.jpg\",\"width\":1400,\"height\":800},{\"@type\":\"BreadcrumbList\",\"@id\":\"https:\\\/\\\/smartcherry.cl\\\/noticias\\\/iv-seminario-de-cerezas-frescas-tempranas-de-mendoza-enfoque-estuvo-en-atraer-inversion-y-promocionar-este-destino-para-su-produccion\\\/#breadcrumb\",\"itemListElement\":[{\"@type\":\"ListItem\",\"position\":1,\"name\":\"Home\",\"item\":\"https:\\\/\\\/smartcherry.cl\\\/\"},{\"@type\":\"ListItem\",\"position\":2,\"name\":\"Noticias\",\"item\":\"https:\\\/\\\/smartcherry.cl\\\/category\\\/noticias\\\/\"},{\"@type\":\"ListItem\",\"position\":3,\"name\":\"IV Seminario de Cerezas Frescas Tempranas de Mendoza: Enfoque estuvo en atraer inversi\u00f3n y promocionar este destino para su producci\u00f3n\"}]},{\"@type\":\"WebSite\",\"@id\":\"https:\\\/\\\/smartcherry.cl\\\/#website\",\"url\":\"https:\\\/\\\/smartcherry.cl\\\/\",\"name\":\"Smartcherry\",\"description\":\"Sitio de Smartcherry\",\"publisher\":{\"@id\":\"https:\\\/\\\/smartcherry.cl\\\/#organization\"},\"potentialAction\":[{\"@type\":\"SearchAction\",\"target\":{\"@type\":\"EntryPoint\",\"urlTemplate\":\"https:\\\/\\\/smartcherry.cl\\\/?s={search_term_string}\"},\"query-input\":{\"@type\":\"PropertyValueSpecification\",\"valueRequired\":true,\"valueName\":\"search_term_string\"}}],\"inLanguage\":\"en-US\"},{\"@type\":\"Organization\",\"@id\":\"https:\\\/\\\/smartcherry.cl\\\/#organization\",\"name\":\"SmartCherry\",\"url\":\"https:\\\/\\\/smartcherry.cl\\\/\",\"logo\":{\"@type\":\"ImageObject\",\"inLanguage\":\"en-US\",\"@id\":\"https:\\\/\\\/smartcherry.cl\\\/#\\\/schema\\\/logo\\\/image\\\/\",\"url\":\"https:\\\/\\\/smartcherry.cl\\\/wp-content\\\/uploads\\\/2022\\\/02\\\/logo_smartcherry.png\",\"contentUrl\":\"https:\\\/\\\/smartcherry.cl\\\/wp-content\\\/uploads\\\/2022\\\/02\\\/logo_smartcherry.png\",\"width\":411,\"height\":84,\"caption\":\"SmartCherry\"},\"image\":{\"@id\":\"https:\\\/\\\/smartcherry.cl\\\/#\\\/schema\\\/logo\\\/image\\\/\"},\"sameAs\":[\"https:\\\/\\\/web.facebook.com\\\/SmartCherry.cl\\\/\",\"https:\\\/\\\/x.com\\\/SmartCherry_cl\",\"https:\\\/\\\/www.linkedin.com\\\/company\\\/smartcherry\\\/\",\"https:\\\/\\\/www.instagram.com\\\/smartcherry_cl\\\/\",\"https:\\\/\\\/www.youtube.com\\\/channel\\\/UCe007LfgFFnntDgCcqICbPQ\"]},{\"@type\":\"Person\",\"@id\":\"https:\\\/\\\/smartcherry.cl\\\/#\\\/schema\\\/person\\\/604ed44370e96b081064b745ca461407\",\"name\":\"Beatriz Parra\",\"image\":{\"@type\":\"ImageObject\",\"inLanguage\":\"en-US\",\"@id\":\"https:\\\/\\\/smartcherry.cl\\\/wp-content\\\/uploads\\\/2025\\\/01\\\/POST-96x96.png\",\"url\":\"https:\\\/\\\/smartcherry.cl\\\/wp-content\\\/uploads\\\/2025\\\/01\\\/POST-96x96.png\",\"contentUrl\":\"https:\\\/\\\/smartcherry.cl\\\/wp-content\\\/uploads\\\/2025\\\/01\\\/POST-96x96.png\",\"caption\":\"Beatriz Parra\"},\"url\":\"https:\\\/\\\/smartcherry.cl\\\/en\\\/author\\\/bparra\\\/\"}]}<\/script>\n<!-- \/ Yoast SEO Premium plugin. -->","yoast_head_json":{"title":"IV Seminario de Cerezas Frescas Tempranas de Mendoza: Enfoque estuvo en atraer inversi\u00f3n y promocionar este destino para su producci\u00f3n - Smartcherry","description":"La jornada de este jueves se dio inicio a la cuarta edici\u00f3n del Seminario de Cerezas Frescas Tempranas de Mendoza en las instalaciones del centro Nave Cultural.","robots":{"index":"index","follow":"follow","max-snippet":"max-snippet:-1","max-image-preview":"max-image-preview:large","max-video-preview":"max-video-preview:-1"},"canonical":"https:\/\/smartcherry.cl\/en\/noticias\/iv-seminario-de-cerezas-frescas-tempranas-de-mendoza-enfoque-estuvo-en-atraer-inversion-y-promocionar-este-destino-para-su-produccion\/","og_locale":"en_US","og_type":"article","og_title":"IV Seminario de Cerezas Frescas Tempranas de Mendoza: Enfoque estuvo en atraer inversi\u00f3n y promocionar este destino para su producci\u00f3n","og_description":"La jornada de este jueves se dio inicio a la cuarta edici\u00f3n del Seminario de Cerezas Frescas Tempranas de Mendoza en las instalaciones del centro Nave Cultural.","og_url":"https:\/\/smartcherry.cl\/en\/noticias\/iv-seminario-de-cerezas-frescas-tempranas-de-mendoza-enfoque-estuvo-en-atraer-inversion-y-promocionar-este-destino-para-su-produccion\/","og_site_name":"Smartcherry","article_publisher":"https:\/\/web.facebook.com\/SmartCherry.cl\/","article_published_time":"2025-04-04T04:44:34+00:00","article_modified_time":"2025-04-04T04:48:03+00:00","og_image":[{"width":1400,"height":800,"url":"https:\/\/smartcherry.cl\/wp-content\/uploads\/2025\/04\/seminario-cerezas2025.jpg","type":"image\/jpeg"}],"author":"Beatriz Parra","twitter_card":"summary_large_image","twitter_creator":"@SmartCherry_cl","twitter_site":"@SmartCherry_cl","twitter_misc":{"Written by":"Beatriz Parra","Est. reading time":"4 minutes"},"schema":{"@context":"https:\/\/schema.org","@graph":[{"@type":"Article","@id":"https:\/\/smartcherry.cl\/noticias\/iv-seminario-de-cerezas-frescas-tempranas-de-mendoza-enfoque-estuvo-en-atraer-inversion-y-promocionar-este-destino-para-su-produccion\/#article","isPartOf":{"@id":"https:\/\/smartcherry.cl\/noticias\/iv-seminario-de-cerezas-frescas-tempranas-de-mendoza-enfoque-estuvo-en-atraer-inversion-y-promocionar-este-destino-para-su-produccion\/"},"author":{"name":"Beatriz Parra","@id":"https:\/\/smartcherry.cl\/#\/schema\/person\/604ed44370e96b081064b745ca461407"},"headline":"IV Seminario de Cerezas Frescas Tempranas de Mendoza: Enfoque estuvo en atraer inversi\u00f3n y promocionar este destino para su producci\u00f3n","datePublished":"2025-04-04T04:44:34+00:00","dateModified":"2025-04-04T04:48:03+00:00","mainEntityOfPage":{"@id":"https:\/\/smartcherry.cl\/noticias\/iv-seminario-de-cerezas-frescas-tempranas-de-mendoza-enfoque-estuvo-en-atraer-inversion-y-promocionar-este-destino-para-su-produccion\/"},"wordCount":665,"publisher":{"@id":"https:\/\/smartcherry.cl\/#organization"},"image":{"@id":"https:\/\/smartcherry.cl\/noticias\/iv-seminario-de-cerezas-frescas-tempranas-de-mendoza-enfoque-estuvo-en-atraer-inversion-y-promocionar-este-destino-para-su-produccion\/#primaryimage"},"thumbnailUrl":"https:\/\/smartcherry.cl\/wp-content\/uploads\/2025\/04\/seminario-cerezas2025.jpg","keywords":["Facundo QUiros","seminario internacional cerezas frescas tempranas","Mendoza","Jorge Astudillo"],"articleSection":["Eventos","Noticias"],"inLanguage":"en-US"},{"@type":"WebPage","@id":"https:\/\/smartcherry.cl\/noticias\/iv-seminario-de-cerezas-frescas-tempranas-de-mendoza-enfoque-estuvo-en-atraer-inversion-y-promocionar-este-destino-para-su-produccion\/","url":"https:\/\/smartcherry.cl\/noticias\/iv-seminario-de-cerezas-frescas-tempranas-de-mendoza-enfoque-estuvo-en-atraer-inversion-y-promocionar-este-destino-para-su-produccion\/","name":"IV Seminario de Cerezas Frescas Tempranas de Mendoza: Enfoque estuvo en atraer inversi\u00f3n y promocionar este destino para su producci\u00f3n - Smartcherry","isPartOf":{"@id":"https:\/\/smartcherry.cl\/#website"},"primaryImageOfPage":{"@id":"https:\/\/smartcherry.cl\/noticias\/iv-seminario-de-cerezas-frescas-tempranas-de-mendoza-enfoque-estuvo-en-atraer-inversion-y-promocionar-este-destino-para-su-produccion\/#primaryimage"},"image":{"@id":"https:\/\/smartcherry.cl\/noticias\/iv-seminario-de-cerezas-frescas-tempranas-de-mendoza-enfoque-estuvo-en-atraer-inversion-y-promocionar-este-destino-para-su-produccion\/#primaryimage"},"thumbnailUrl":"https:\/\/smartcherry.cl\/wp-content\/uploads\/2025\/04\/seminario-cerezas2025.jpg","datePublished":"2025-04-04T04:44:34+00:00","dateModified":"2025-04-04T04:48:03+00:00","description":"La jornada de este jueves se dio inicio a la cuarta edici\u00f3n del Seminario de Cerezas Frescas Tempranas de Mendoza en las instalaciones del centro Nave Cultural.","breadcrumb":{"@id":"https:\/\/smartcherry.cl\/noticias\/iv-seminario-de-cerezas-frescas-tempranas-de-mendoza-enfoque-estuvo-en-atraer-inversion-y-promocionar-este-destino-para-su-produccion\/#breadcrumb"},"inLanguage":"en-US","potentialAction":[{"@type":"ReadAction","target":["https:\/\/smartcherry.cl\/noticias\/iv-seminario-de-cerezas-frescas-tempranas-de-mendoza-enfoque-estuvo-en-atraer-inversion-y-promocionar-este-destino-para-su-produccion\/"]}]},{"@type":"ImageObject","inLanguage":"en-US","@id":"https:\/\/smartcherry.cl\/noticias\/iv-seminario-de-cerezas-frescas-tempranas-de-mendoza-enfoque-estuvo-en-atraer-inversion-y-promocionar-este-destino-para-su-produccion\/#primaryimage","url":"https:\/\/smartcherry.cl\/wp-content\/uploads\/2025\/04\/seminario-cerezas2025.jpg","contentUrl":"https:\/\/smartcherry.cl\/wp-content\/uploads\/2025\/04\/seminario-cerezas2025.jpg","width":1400,"height":800},{"@type":"BreadcrumbList","@id":"https:\/\/smartcherry.cl\/noticias\/iv-seminario-de-cerezas-frescas-tempranas-de-mendoza-enfoque-estuvo-en-atraer-inversion-y-promocionar-este-destino-para-su-produccion\/#breadcrumb","itemListElement":[{"@type":"ListItem","position":1,"name":"Home","item":"https:\/\/smartcherry.cl\/"},{"@type":"ListItem","position":2,"name":"Noticias","item":"https:\/\/smartcherry.cl\/category\/noticias\/"},{"@type":"ListItem","position":3,"name":"IV Seminario de Cerezas Frescas Tempranas de Mendoza: Enfoque estuvo en atraer inversi\u00f3n y promocionar este destino para su producci\u00f3n"}]},{"@type":"WebSite","@id":"https:\/\/smartcherry.cl\/#website","url":"https:\/\/smartcherry.cl\/","name":"Smartcherry","description":"Smartcherry Site","publisher":{"@id":"https:\/\/smartcherry.cl\/#organization"},"potentialAction":[{"@type":"SearchAction","target":{"@type":"EntryPoint","urlTemplate":"https:\/\/smartcherry.cl\/?s={search_term_string}"},"query-input":{"@type":"PropertyValueSpecification","valueRequired":true,"valueName":"search_term_string"}}],"inLanguage":"en-US"},{"@type":"Organization","@id":"https:\/\/smartcherry.cl\/#organization","name":"SmartCherry","url":"https:\/\/smartcherry.cl\/","logo":{"@type":"ImageObject","inLanguage":"en-US","@id":"https:\/\/smartcherry.cl\/#\/schema\/logo\/image\/","url":"https:\/\/smartcherry.cl\/wp-content\/uploads\/2022\/02\/logo_smartcherry.png","contentUrl":"https:\/\/smartcherry.cl\/wp-content\/uploads\/2022\/02\/logo_smartcherry.png","width":411,"height":84,"caption":"SmartCherry"},"image":{"@id":"https:\/\/smartcherry.cl\/#\/schema\/logo\/image\/"},"sameAs":["https:\/\/web.facebook.com\/SmartCherry.cl\/","https:\/\/x.com\/SmartCherry_cl","https:\/\/www.linkedin.com\/company\/smartcherry\/","https:\/\/www.instagram.com\/smartcherry_cl\/","https:\/\/www.youtube.com\/channel\/UCe007LfgFFnntDgCcqICbPQ"]},{"@type":"Person","@id":"https:\/\/smartcherry.cl\/#\/schema\/person\/604ed44370e96b081064b745ca461407","name":"Beatriz Parra","image":{"@type":"ImageObject","inLanguage":"en-US","@id":"https:\/\/smartcherry.cl\/wp-content\/uploads\/2025\/01\/POST-96x96.png","url":"https:\/\/smartcherry.cl\/wp-content\/uploads\/2025\/01\/POST-96x96.png","contentUrl":"https:\/\/smartcherry.cl\/wp-content\/uploads\/2025\/01\/POST-96x96.png","caption":"Beatriz Parra"},"url":"https:\/\/smartcherry.cl\/en\/author\/bparra\/"}]}},"_links":{"self":[{"href":"https:\/\/smartcherry.cl\/en\/wp-json\/wp\/v2\/posts\/44927","targetHints":{"allow":["GET"]}}],"collection":[{"href":"https:\/\/smartcherry.cl\/en\/wp-json\/wp\/v2\/posts"}],"about":[{"href":"https:\/\/smartcherry.cl\/en\/wp-json\/wp\/v2\/types\/post"}],"author":[{"embeddable":true,"href":"https:\/\/smartcherry.cl\/en\/wp-json\/wp\/v2\/users\/273"}],"replies":[{"embeddable":true,"href":"https:\/\/smartcherry.cl\/en\/wp-json\/wp\/v2\/comments?post=44927"}],"version-history":[{"count":10,"href":"https:\/\/smartcherry.cl\/en\/wp-json\/wp\/v2\/posts\/44927\/revisions"}],"predecessor-version":[{"id":44945,"href":"https:\/\/smartcherry.cl\/en\/wp-json\/wp\/v2\/posts\/44927\/revisions\/44945"}],"wp:featuredmedia":[{"embeddable":true,"href":"https:\/\/smartcherry.cl\/en\/wp-json\/wp\/v2\/media\/44928"}],"wp:attachment":[{"href":"https:\/\/smartcherry.cl\/en\/wp-json\/wp\/v2\/media?parent=44927"}],"wp:term":[{"taxonomy":"category","embeddable":true,"href":"https:\/\/smartcherry.cl\/en\/wp-json\/wp\/v2\/categories?post=44927"},{"taxonomy":"post_tag","embeddable":true,"href":"https:\/\/smartcherry.cl\/en\/wp-json\/wp\/v2\/tags?post=44927"},{"taxonomy":"category_proveedor","embeddable":true,"href":"https:\/\/smartcherry.cl\/en\/wp-json\/wp\/v2\/category_proveedor?post=44927"},{"taxonomy":"pais","embeddable":true,"href":"https:\/\/smartcherry.cl\/en\/wp-json\/wp\/v2\/pais?post=44927"}],"curies":[{"name":"wp","href":"https:\/\/api.w.org\/{rel}","templated":true}]}}