{"id":44281,"date":"2025-03-12T09:52:26","date_gmt":"2025-03-12T13:52:26","guid":{"rendered":"https:\/\/smartcherry.cl\/?p=44281"},"modified":"2025-03-12T09:52:27","modified_gmt":"2025-03-12T13:52:27","slug":"jorge-astudillo-debemos-trabajar-si-o-si-en-salir-mas-temprano-y-mejorar-los-calibres","status":"publish","type":"post","link":"https:\/\/smartcherry.cl\/en\/noticias\/jorge-astudillo-debemos-trabajar-si-o-si-en-salir-mas-temprano-y-mejorar-los-calibres\/","title":{"rendered":"Jorge Astudillo: \u201cDebemos trabajar s\u00ed o s\u00ed en salir m\u00e1s temprano y mejorar los calibres\u201d"},"content":{"rendered":"<p><strong><em>Si bien a\u00fan no se puede dimensionar completamente el impacto de estos resultados en los productores de Ovalle, la principal zona de producci\u00f3n de cerezas tempranas, la ca\u00edda en los retornos ha sido significativa, con una reducci\u00f3n de al menos un 50% menos de lo obtenido en la temporada 2023-2024.<\/em><\/strong><\/p>\n\n\n\n<p>En t\u00e9rminos de precios, los retornos promedios para el productor fluctuaron entre 3,5 d\u00f3lares por kilo y hasta 9 d\u00f3lares por kilo seg\u00fan la fecha de cosecha y la distribuci\u00f3n de calibres.<\/p>\n\n\n\n<p><strong>Factores que afectaron la temporada<\/strong><br>Jorge Astudillo explic\u00f3 que la temporada 2024-2025 comenz\u00f3 m\u00e1s tarde de lo habitual debido a varios factores, entre ellos una primavera fr\u00eda que retras\u00f3 la maduraci\u00f3n de la fruta y la cuarentena impuesta por la autoridad sanitaria a ra\u00edz de la detecci\u00f3n de la mosca de la fruta. Esta situaci\u00f3n oblig\u00f3 a desviar una parte importante de la producci\u00f3n a mercados alternativos mediante env\u00edos a\u00e9reos, en lugar del tradicional destino chino.<\/p>\n\n\n\n<p><em>\u201cEl inicio fue m\u00e1s tard\u00edo. La zona de San Felipe se adelant\u00f3 y nosotros tuvimos una peque\u00f1a participaci\u00f3n a mediados de octubre con la variedad Cherry Crunch, cosechada en la semana 41 en Monte Patria, comuna fuera del radio afectado por la mosca. Fue un volumen muy reducido el que alcanz\u00f3 a llegar a China. Luego, aparecieron Brooks y Nimba, las variedades m\u00e1s tempranas de Ovalle, pero la cuarentena impidi\u00f3 enviarlas a China por v\u00eda a\u00e9rea, oblig\u00e1ndonos a buscar nuevos mercados\u201d<\/em>, explic\u00f3 Astudillo.<\/p>\n\n\n\n<p>Esta diversificaci\u00f3n llev\u00f3 a menores retornos en comparaci\u00f3n con lo habitual. <em>\u201cGeneralmente enviamos toda nuestra producci\u00f3n a China, pero este a\u00f1o, al no tener esa opci\u00f3n y con un volumen creciente de fruta debido a la entrada en producci\u00f3n de nuevos huertos y una alta cuaja, buscamos otros mercados. Sin embargo, \u00e9stos se saturaron r\u00e1pidamente. Un claro ejemplo es Espa\u00f1a, que en la temporada anterior fue un excelente destino, pero esta vez no lo fue\u201d<\/em>, he added.<\/p>\n\n\n\n<p>Despu\u00e9s del levantamiento de la cuarentena el 14 de noviembre -fecha que pr\u00e1cticamente coincidi\u00f3 con la salida del primer Cherry Express- una parte importante de la fruta tard\u00eda de Ovalle, incluyendo Santina, Lapins y algo de Brooks, se export\u00f3 por barco a China. No obstante, Astudillo se\u00f1al\u00f3 que los env\u00edos a\u00e9reos a otros destinos resultaron m\u00e1s rentables que los embarques mar\u00edtimos a China.<\/p>\n\n\n\n<p><em>\u201cLa fruta temprana tuvo mejores retornos cuando se envi\u00f3 por avi\u00f3n a otros mercados. En cambio, la fruta que se cosech\u00f3 m\u00e1s tarde tuvo que ser transportada por barco y se sum\u00f3 a la oferta de la zona central en China. Aunque los primeros env\u00edos mar\u00edtimos a\u00fan no enfrentaban la crisis de sobreoferta que estall\u00f3 en enero, los precios pagados no ser\u00edan suficientes para cubrir los costos de inversi\u00f3n y producci\u00f3n, especialmente considerando los desaf\u00edos que enfrentan los productores del norte. Por eso, es fundamental enfocarnos en variedades tempranas y en cosechar entre la semana 41 y la 44\u201d<\/em>, he emphasized.<\/p>\n\n\n\n<p><strong>Lecciones para el futuro<\/strong><br>A pesar de que los precios estuvieron lejos de los 12 a 23 d\u00f3lares por kilo alcanzados en la temporada anterior, Astudillo destac\u00f3 que la coyuntura vivida deja aprendizajes clave.<\/p>\n\n\n\n<p><em>\u00abLa primera lecci\u00f3n es seguir apostando por variedades tempranas, que se cosechen antes del 7 de noviembre. Lo ideal ser\u00eda comenzar alrededor del 15 de octubre y terminar en los primeros d\u00edas de noviembre para evitar toparnos con la fruta de la zona central\u00bb<\/em>, indic\u00f3.<\/p>\n\n\n\n<p>Adem\u00e1s, recalc\u00f3 la importancia de la calidad. <em>\u201cNuestra fruta se distingue por su firmeza, crocancia y dulzor. Las cerezas del norte ya est\u00e1n ganando reconocimiento en China como un producto de alta calidad, y esto se debe a que estamos trabajando con par\u00e1metros premium en los huertos y en las exportadoras\u201d<\/em>, he commented.<\/p>\n\n\n\n<p>Otro aspecto relevante para mejorar los retornos, es enfocarse en calibres m\u00e1s grandes. <em>\u00abOvalle debe perfeccionar el manejo de lo que ya tiene y evaluar un posible recambio varietal. Por ejemplo, Lapins y Santina, que son m\u00e1s tard\u00edas, deber\u00edan ser reemplazadas por variedades m\u00e1s tempranas. Tambi\u00e9n es esencial mejorar las pr\u00e1cticas de manejo en los huertos. Como agr\u00f3nomos, no s\u00f3lo debemos replicar lo que vemos afuera, sino estudiar nuestras propias condiciones y, con base en esos datos, tomar mejores decisiones\u00bb<\/em>, afirm\u00f3 el productor y asesor de cerezas tempranas.<\/p>\n\n\n\n<p>Finalmente, destac\u00f3 la importancia de preparar bien la pr\u00f3xima temporada: <em>\u201cEstamos cerrando el ciclo en los huertos. Pronto los \u00e1rboles entrar\u00e1n en receso invernal, y sabemos que las reservas que logremos ahora ser\u00e1n clave para la floraci\u00f3n y brotaci\u00f3n del pr\u00f3ximo a\u00f1o\u201d<\/em>.<\/p>\n\n\n\n<p><strong>Cuarta edici\u00f3n del Seminario Internacional de Cerezas Primores<\/strong><br>Jorge Astudillo aprovech\u00f3 la instancia para anunciar la cuarta edici\u00f3n del Seminario Internacional de Cerezas Primores, un evento que cada a\u00f1o re\u00fane a expertos de Chile y la regi\u00f3n, consolid\u00e1ndose como una de las principales vitrinas para la cereza temprana del norte.<\/p>\n\n\n\n<p><em>\u201cHemos vuelto a la versi\u00f3n de dos d\u00edas para generar m\u00e1s espacio para la discusi\u00f3n de los temas que nos ata\u00f1en. En 2025 contaremos con expertos t\u00e9cnicos de alto nivel y representantes de los sectores exportador e importador, quienes analizar\u00e1n la temporada y sus desaf\u00edos\u201d<\/em>, he commented.<\/p>\n\n\n\n<p>El evento se realizar\u00e1 en Ovalle, Regi\u00f3n de Coquimbo, los d\u00edas 16 y 17 de abril y pr\u00f3ximamente se anunciar\u00e1 el programa y todos los detalles de esta nueva versi\u00f3n.<\/p>","protected":false},"excerpt":{"rendered":"<p>El productor y asesor de cerezas tempranas entreg\u00f3 un balance preliminar sobre los resultados de las liquidaciones de la \u00faltima temporada en la Regi\u00f3n de Coquimbo.<\/p>","protected":false},"author":273,"featured_media":44282,"comment_status":"closed","ping_status":"open","sticky":false,"template":"","format":"standard","meta":{"_acf_changed":false,"inline_featured_image":false,"footnotes":""},"categories":[448,35],"tags":[2094,2095,2624,3983],"category_proveedor":[],"pais":[],"class_list":["post-44281","post","type-post","status-publish","format-standard","has-post-thumbnail","hentry","category-comercial","category-noticias","tag-jorge-astudillo","tag-cerezas-ovalle","tag-cerezas-tempranas","tag-liquidaciones"],"acf":[],"yoast_head":"<!-- This site is optimized with the Yoast SEO Premium plugin v21.3 (Yoast SEO v27.3) - https:\/\/yoast.com\/product\/yoast-seo-premium-wordpress\/ -->\n<title>Jorge Astudillo: \u201cDebemos trabajar s\u00ed o s\u00ed en salir m\u00e1s temprano y mejorar los calibres\u201d - Smartcherry<\/title>\n<meta name=\"description\" content=\"Si bien a\u00fan no se puede dimensionar completamente el impacto de estos resultados en los productores de Ovalle, la principal zona de producci\u00f3n de cerezas tempranas, la ca\u00edda en los retornos ha sido significativa, con una reducci\u00f3n de al menos un 50% menos de lo obtenido en la temporada 2023-24.\" \/>\n<meta name=\"robots\" content=\"index, follow, max-snippet:-1, max-image-preview:large, max-video-preview:-1\" \/>\n<link rel=\"canonical\" href=\"https:\/\/smartcherry.cl\/en\/noticias\/jorge-astudillo-debemos-trabajar-si-o-si-en-salir-mas-temprano-y-mejorar-los-calibres\/\" \/>\n<meta property=\"og:locale\" content=\"en_US\" \/>\n<meta property=\"og:type\" content=\"article\" \/>\n<meta property=\"og:title\" content=\"Jorge Astudillo: \u201cDebemos trabajar s\u00ed o s\u00ed en salir m\u00e1s temprano y mejorar los calibres\u201d\" \/>\n<meta property=\"og:description\" content=\"Si bien a\u00fan no se puede dimensionar completamente el impacto de estos resultados en los productores de Ovalle, la principal zona de producci\u00f3n de cerezas tempranas, la ca\u00edda en los retornos ha sido significativa, con una reducci\u00f3n de al menos un 50% menos de lo obtenido en la temporada 2023-24.\" \/>\n<meta property=\"og:url\" content=\"https:\/\/smartcherry.cl\/en\/noticias\/jorge-astudillo-debemos-trabajar-si-o-si-en-salir-mas-temprano-y-mejorar-los-calibres\/\" \/>\n<meta property=\"og:site_name\" content=\"Smartcherry\" \/>\n<meta property=\"article:publisher\" content=\"https:\/\/web.facebook.com\/SmartCherry.cl\/\" \/>\n<meta property=\"article:published_time\" content=\"2025-03-12T13:52:26+00:00\" \/>\n<meta property=\"article:modified_time\" content=\"2025-03-12T13:52:27+00:00\" \/>\n<meta property=\"og:image\" content=\"https:\/\/smartcherry.cl\/wp-content\/uploads\/2025\/03\/Cereza_Lapins.jpg\" \/>\n\t<meta property=\"og:image:width\" content=\"1400\" \/>\n\t<meta property=\"og:image:height\" content=\"800\" \/>\n\t<meta property=\"og:image:type\" content=\"image\/jpeg\" \/>\n<meta name=\"author\" content=\"Beatriz Parra\" \/>\n<meta name=\"twitter:card\" content=\"summary_large_image\" \/>\n<meta name=\"twitter:creator\" content=\"@SmartCherry_cl\" \/>\n<meta name=\"twitter:site\" content=\"@SmartCherry_cl\" \/>\n<meta name=\"twitter:label1\" content=\"Written by\" \/>\n\t<meta name=\"twitter:data1\" content=\"Beatriz Parra\" \/>\n\t<meta name=\"twitter:label2\" content=\"Est. reading time\" \/>\n\t<meta name=\"twitter:data2\" content=\"5 minutes\" \/>\n<script type=\"application\/ld+json\" class=\"yoast-schema-graph\">{\"@context\":\"https:\\\/\\\/schema.org\",\"@graph\":[{\"@type\":\"Article\",\"@id\":\"https:\\\/\\\/smartcherry.cl\\\/noticias\\\/jorge-astudillo-debemos-trabajar-si-o-si-en-salir-mas-temprano-y-mejorar-los-calibres\\\/#article\",\"isPartOf\":{\"@id\":\"https:\\\/\\\/smartcherry.cl\\\/noticias\\\/jorge-astudillo-debemos-trabajar-si-o-si-en-salir-mas-temprano-y-mejorar-los-calibres\\\/\"},\"author\":{\"name\":\"Beatriz Parra\",\"@id\":\"https:\\\/\\\/smartcherry.cl\\\/#\\\/schema\\\/person\\\/604ed44370e96b081064b745ca461407\"},\"headline\":\"Jorge Astudillo: \u201cDebemos trabajar s\u00ed o s\u00ed en salir m\u00e1s temprano y mejorar los calibres\u201d\",\"datePublished\":\"2025-03-12T13:52:26+00:00\",\"dateModified\":\"2025-03-12T13:52:27+00:00\",\"mainEntityOfPage\":{\"@id\":\"https:\\\/\\\/smartcherry.cl\\\/noticias\\\/jorge-astudillo-debemos-trabajar-si-o-si-en-salir-mas-temprano-y-mejorar-los-calibres\\\/\"},\"wordCount\":961,\"publisher\":{\"@id\":\"https:\\\/\\\/smartcherry.cl\\\/#organization\"},\"image\":{\"@id\":\"https:\\\/\\\/smartcherry.cl\\\/noticias\\\/jorge-astudillo-debemos-trabajar-si-o-si-en-salir-mas-temprano-y-mejorar-los-calibres\\\/#primaryimage\"},\"thumbnailUrl\":\"https:\\\/\\\/smartcherry.cl\\\/wp-content\\\/uploads\\\/2025\\\/03\\\/Cereza_Lapins.jpg\",\"keywords\":[\"Jorge Astudillo\",\"cerezas Ovalle\",\"Cerezas Tempranas\",\"liquidaciones\"],\"articleSection\":[\"Comercial\",\"Noticias\"],\"inLanguage\":\"en-US\"},{\"@type\":\"WebPage\",\"@id\":\"https:\\\/\\\/smartcherry.cl\\\/noticias\\\/jorge-astudillo-debemos-trabajar-si-o-si-en-salir-mas-temprano-y-mejorar-los-calibres\\\/\",\"url\":\"https:\\\/\\\/smartcherry.cl\\\/noticias\\\/jorge-astudillo-debemos-trabajar-si-o-si-en-salir-mas-temprano-y-mejorar-los-calibres\\\/\",\"name\":\"Jorge Astudillo: \u201cDebemos trabajar s\u00ed o s\u00ed en salir m\u00e1s temprano y mejorar los calibres\u201d - Smartcherry\",\"isPartOf\":{\"@id\":\"https:\\\/\\\/smartcherry.cl\\\/#website\"},\"primaryImageOfPage\":{\"@id\":\"https:\\\/\\\/smartcherry.cl\\\/noticias\\\/jorge-astudillo-debemos-trabajar-si-o-si-en-salir-mas-temprano-y-mejorar-los-calibres\\\/#primaryimage\"},\"image\":{\"@id\":\"https:\\\/\\\/smartcherry.cl\\\/noticias\\\/jorge-astudillo-debemos-trabajar-si-o-si-en-salir-mas-temprano-y-mejorar-los-calibres\\\/#primaryimage\"},\"thumbnailUrl\":\"https:\\\/\\\/smartcherry.cl\\\/wp-content\\\/uploads\\\/2025\\\/03\\\/Cereza_Lapins.jpg\",\"datePublished\":\"2025-03-12T13:52:26+00:00\",\"dateModified\":\"2025-03-12T13:52:27+00:00\",\"description\":\"Si bien a\u00fan no se puede dimensionar completamente el impacto de estos resultados en los productores de Ovalle, la principal zona de producci\u00f3n de cerezas tempranas, la ca\u00edda en los retornos ha sido significativa, con una reducci\u00f3n de al menos un 50% menos de lo obtenido en la temporada 2023-24.\",\"breadcrumb\":{\"@id\":\"https:\\\/\\\/smartcherry.cl\\\/noticias\\\/jorge-astudillo-debemos-trabajar-si-o-si-en-salir-mas-temprano-y-mejorar-los-calibres\\\/#breadcrumb\"},\"inLanguage\":\"en-US\",\"potentialAction\":[{\"@type\":\"ReadAction\",\"target\":[\"https:\\\/\\\/smartcherry.cl\\\/noticias\\\/jorge-astudillo-debemos-trabajar-si-o-si-en-salir-mas-temprano-y-mejorar-los-calibres\\\/\"]}]},{\"@type\":\"ImageObject\",\"inLanguage\":\"en-US\",\"@id\":\"https:\\\/\\\/smartcherry.cl\\\/noticias\\\/jorge-astudillo-debemos-trabajar-si-o-si-en-salir-mas-temprano-y-mejorar-los-calibres\\\/#primaryimage\",\"url\":\"https:\\\/\\\/smartcherry.cl\\\/wp-content\\\/uploads\\\/2025\\\/03\\\/Cereza_Lapins.jpg\",\"contentUrl\":\"https:\\\/\\\/smartcherry.cl\\\/wp-content\\\/uploads\\\/2025\\\/03\\\/Cereza_Lapins.jpg\",\"width\":1400,\"height\":800},{\"@type\":\"BreadcrumbList\",\"@id\":\"https:\\\/\\\/smartcherry.cl\\\/noticias\\\/jorge-astudillo-debemos-trabajar-si-o-si-en-salir-mas-temprano-y-mejorar-los-calibres\\\/#breadcrumb\",\"itemListElement\":[{\"@type\":\"ListItem\",\"position\":1,\"name\":\"Home\",\"item\":\"https:\\\/\\\/smartcherry.cl\\\/\"},{\"@type\":\"ListItem\",\"position\":2,\"name\":\"Noticias\",\"item\":\"https:\\\/\\\/smartcherry.cl\\\/category\\\/noticias\\\/\"},{\"@type\":\"ListItem\",\"position\":3,\"name\":\"Jorge Astudillo: \u201cDebemos trabajar s\u00ed o s\u00ed en salir m\u00e1s temprano y mejorar los calibres\u201d\"}]},{\"@type\":\"WebSite\",\"@id\":\"https:\\\/\\\/smartcherry.cl\\\/#website\",\"url\":\"https:\\\/\\\/smartcherry.cl\\\/\",\"name\":\"Smartcherry\",\"description\":\"Sitio de Smartcherry\",\"publisher\":{\"@id\":\"https:\\\/\\\/smartcherry.cl\\\/#organization\"},\"potentialAction\":[{\"@type\":\"SearchAction\",\"target\":{\"@type\":\"EntryPoint\",\"urlTemplate\":\"https:\\\/\\\/smartcherry.cl\\\/?s={search_term_string}\"},\"query-input\":{\"@type\":\"PropertyValueSpecification\",\"valueRequired\":true,\"valueName\":\"search_term_string\"}}],\"inLanguage\":\"en-US\"},{\"@type\":\"Organization\",\"@id\":\"https:\\\/\\\/smartcherry.cl\\\/#organization\",\"name\":\"SmartCherry\",\"url\":\"https:\\\/\\\/smartcherry.cl\\\/\",\"logo\":{\"@type\":\"ImageObject\",\"inLanguage\":\"en-US\",\"@id\":\"https:\\\/\\\/smartcherry.cl\\\/#\\\/schema\\\/logo\\\/image\\\/\",\"url\":\"https:\\\/\\\/smartcherry.cl\\\/wp-content\\\/uploads\\\/2022\\\/02\\\/logo_smartcherry.png\",\"contentUrl\":\"https:\\\/\\\/smartcherry.cl\\\/wp-content\\\/uploads\\\/2022\\\/02\\\/logo_smartcherry.png\",\"width\":411,\"height\":84,\"caption\":\"SmartCherry\"},\"image\":{\"@id\":\"https:\\\/\\\/smartcherry.cl\\\/#\\\/schema\\\/logo\\\/image\\\/\"},\"sameAs\":[\"https:\\\/\\\/web.facebook.com\\\/SmartCherry.cl\\\/\",\"https:\\\/\\\/x.com\\\/SmartCherry_cl\",\"https:\\\/\\\/www.linkedin.com\\\/company\\\/smartcherry\\\/\",\"https:\\\/\\\/www.instagram.com\\\/smartcherry_cl\\\/\",\"https:\\\/\\\/www.youtube.com\\\/channel\\\/UCe007LfgFFnntDgCcqICbPQ\"]},{\"@type\":\"Person\",\"@id\":\"https:\\\/\\\/smartcherry.cl\\\/#\\\/schema\\\/person\\\/604ed44370e96b081064b745ca461407\",\"name\":\"Beatriz Parra\",\"image\":{\"@type\":\"ImageObject\",\"inLanguage\":\"en-US\",\"@id\":\"https:\\\/\\\/smartcherry.cl\\\/wp-content\\\/uploads\\\/2025\\\/01\\\/POST-96x96.png\",\"url\":\"https:\\\/\\\/smartcherry.cl\\\/wp-content\\\/uploads\\\/2025\\\/01\\\/POST-96x96.png\",\"contentUrl\":\"https:\\\/\\\/smartcherry.cl\\\/wp-content\\\/uploads\\\/2025\\\/01\\\/POST-96x96.png\",\"caption\":\"Beatriz Parra\"},\"url\":\"https:\\\/\\\/smartcherry.cl\\\/en\\\/author\\\/bparra\\\/\"}]}<\/script>\n<!-- \/ Yoast SEO Premium plugin. -->","yoast_head_json":{"title":"Jorge Astudillo: \u201cDebemos trabajar s\u00ed o s\u00ed en salir m\u00e1s temprano y mejorar los calibres\u201d - Smartcherry","description":"Si bien a\u00fan no se puede dimensionar completamente el impacto de estos resultados en los productores de Ovalle, la principal zona de producci\u00f3n de cerezas tempranas, la ca\u00edda en los retornos ha sido significativa, con una reducci\u00f3n de al menos un 50% menos de lo obtenido en la temporada 2023-24.","robots":{"index":"index","follow":"follow","max-snippet":"max-snippet:-1","max-image-preview":"max-image-preview:large","max-video-preview":"max-video-preview:-1"},"canonical":"https:\/\/smartcherry.cl\/en\/noticias\/jorge-astudillo-debemos-trabajar-si-o-si-en-salir-mas-temprano-y-mejorar-los-calibres\/","og_locale":"en_US","og_type":"article","og_title":"Jorge Astudillo: \u201cDebemos trabajar s\u00ed o s\u00ed en salir m\u00e1s temprano y mejorar los calibres\u201d","og_description":"Si bien a\u00fan no se puede dimensionar completamente el impacto de estos resultados en los productores de Ovalle, la principal zona de producci\u00f3n de cerezas tempranas, la ca\u00edda en los retornos ha sido significativa, con una reducci\u00f3n de al menos un 50% menos de lo obtenido en la temporada 2023-24.","og_url":"https:\/\/smartcherry.cl\/en\/noticias\/jorge-astudillo-debemos-trabajar-si-o-si-en-salir-mas-temprano-y-mejorar-los-calibres\/","og_site_name":"Smartcherry","article_publisher":"https:\/\/web.facebook.com\/SmartCherry.cl\/","article_published_time":"2025-03-12T13:52:26+00:00","article_modified_time":"2025-03-12T13:52:27+00:00","og_image":[{"width":1400,"height":800,"url":"https:\/\/smartcherry.cl\/wp-content\/uploads\/2025\/03\/Cereza_Lapins.jpg","type":"image\/jpeg"}],"author":"Beatriz Parra","twitter_card":"summary_large_image","twitter_creator":"@SmartCherry_cl","twitter_site":"@SmartCherry_cl","twitter_misc":{"Written by":"Beatriz Parra","Est. reading time":"5 minutes"},"schema":{"@context":"https:\/\/schema.org","@graph":[{"@type":"Article","@id":"https:\/\/smartcherry.cl\/noticias\/jorge-astudillo-debemos-trabajar-si-o-si-en-salir-mas-temprano-y-mejorar-los-calibres\/#article","isPartOf":{"@id":"https:\/\/smartcherry.cl\/noticias\/jorge-astudillo-debemos-trabajar-si-o-si-en-salir-mas-temprano-y-mejorar-los-calibres\/"},"author":{"name":"Beatriz Parra","@id":"https:\/\/smartcherry.cl\/#\/schema\/person\/604ed44370e96b081064b745ca461407"},"headline":"Jorge Astudillo: \u201cDebemos trabajar s\u00ed o s\u00ed en salir m\u00e1s temprano y mejorar los calibres\u201d","datePublished":"2025-03-12T13:52:26+00:00","dateModified":"2025-03-12T13:52:27+00:00","mainEntityOfPage":{"@id":"https:\/\/smartcherry.cl\/noticias\/jorge-astudillo-debemos-trabajar-si-o-si-en-salir-mas-temprano-y-mejorar-los-calibres\/"},"wordCount":961,"publisher":{"@id":"https:\/\/smartcherry.cl\/#organization"},"image":{"@id":"https:\/\/smartcherry.cl\/noticias\/jorge-astudillo-debemos-trabajar-si-o-si-en-salir-mas-temprano-y-mejorar-los-calibres\/#primaryimage"},"thumbnailUrl":"https:\/\/smartcherry.cl\/wp-content\/uploads\/2025\/03\/Cereza_Lapins.jpg","keywords":["Jorge Astudillo","cerezas Ovalle","Cerezas Tempranas","liquidaciones"],"articleSection":["Comercial","Noticias"],"inLanguage":"en-US"},{"@type":"WebPage","@id":"https:\/\/smartcherry.cl\/noticias\/jorge-astudillo-debemos-trabajar-si-o-si-en-salir-mas-temprano-y-mejorar-los-calibres\/","url":"https:\/\/smartcherry.cl\/noticias\/jorge-astudillo-debemos-trabajar-si-o-si-en-salir-mas-temprano-y-mejorar-los-calibres\/","name":"Jorge Astudillo: \u201cDebemos trabajar s\u00ed o s\u00ed en salir m\u00e1s temprano y mejorar los calibres\u201d - Smartcherry","isPartOf":{"@id":"https:\/\/smartcherry.cl\/#website"},"primaryImageOfPage":{"@id":"https:\/\/smartcherry.cl\/noticias\/jorge-astudillo-debemos-trabajar-si-o-si-en-salir-mas-temprano-y-mejorar-los-calibres\/#primaryimage"},"image":{"@id":"https:\/\/smartcherry.cl\/noticias\/jorge-astudillo-debemos-trabajar-si-o-si-en-salir-mas-temprano-y-mejorar-los-calibres\/#primaryimage"},"thumbnailUrl":"https:\/\/smartcherry.cl\/wp-content\/uploads\/2025\/03\/Cereza_Lapins.jpg","datePublished":"2025-03-12T13:52:26+00:00","dateModified":"2025-03-12T13:52:27+00:00","description":"Si bien a\u00fan no se puede dimensionar completamente el impacto de estos resultados en los productores de Ovalle, la principal zona de producci\u00f3n de cerezas tempranas, la ca\u00edda en los retornos ha sido significativa, con una reducci\u00f3n de al menos un 50% menos de lo obtenido en la temporada 2023-24.","breadcrumb":{"@id":"https:\/\/smartcherry.cl\/noticias\/jorge-astudillo-debemos-trabajar-si-o-si-en-salir-mas-temprano-y-mejorar-los-calibres\/#breadcrumb"},"inLanguage":"en-US","potentialAction":[{"@type":"ReadAction","target":["https:\/\/smartcherry.cl\/noticias\/jorge-astudillo-debemos-trabajar-si-o-si-en-salir-mas-temprano-y-mejorar-los-calibres\/"]}]},{"@type":"ImageObject","inLanguage":"en-US","@id":"https:\/\/smartcherry.cl\/noticias\/jorge-astudillo-debemos-trabajar-si-o-si-en-salir-mas-temprano-y-mejorar-los-calibres\/#primaryimage","url":"https:\/\/smartcherry.cl\/wp-content\/uploads\/2025\/03\/Cereza_Lapins.jpg","contentUrl":"https:\/\/smartcherry.cl\/wp-content\/uploads\/2025\/03\/Cereza_Lapins.jpg","width":1400,"height":800},{"@type":"BreadcrumbList","@id":"https:\/\/smartcherry.cl\/noticias\/jorge-astudillo-debemos-trabajar-si-o-si-en-salir-mas-temprano-y-mejorar-los-calibres\/#breadcrumb","itemListElement":[{"@type":"ListItem","position":1,"name":"Home","item":"https:\/\/smartcherry.cl\/"},{"@type":"ListItem","position":2,"name":"Noticias","item":"https:\/\/smartcherry.cl\/category\/noticias\/"},{"@type":"ListItem","position":3,"name":"Jorge Astudillo: \u201cDebemos trabajar s\u00ed o s\u00ed en salir m\u00e1s temprano y mejorar los calibres\u201d"}]},{"@type":"WebSite","@id":"https:\/\/smartcherry.cl\/#website","url":"https:\/\/smartcherry.cl\/","name":"Smartcherry","description":"Smartcherry Site","publisher":{"@id":"https:\/\/smartcherry.cl\/#organization"},"potentialAction":[{"@type":"SearchAction","target":{"@type":"EntryPoint","urlTemplate":"https:\/\/smartcherry.cl\/?s={search_term_string}"},"query-input":{"@type":"PropertyValueSpecification","valueRequired":true,"valueName":"search_term_string"}}],"inLanguage":"en-US"},{"@type":"Organization","@id":"https:\/\/smartcherry.cl\/#organization","name":"SmartCherry","url":"https:\/\/smartcherry.cl\/","logo":{"@type":"ImageObject","inLanguage":"en-US","@id":"https:\/\/smartcherry.cl\/#\/schema\/logo\/image\/","url":"https:\/\/smartcherry.cl\/wp-content\/uploads\/2022\/02\/logo_smartcherry.png","contentUrl":"https:\/\/smartcherry.cl\/wp-content\/uploads\/2022\/02\/logo_smartcherry.png","width":411,"height":84,"caption":"SmartCherry"},"image":{"@id":"https:\/\/smartcherry.cl\/#\/schema\/logo\/image\/"},"sameAs":["https:\/\/web.facebook.com\/SmartCherry.cl\/","https:\/\/x.com\/SmartCherry_cl","https:\/\/www.linkedin.com\/company\/smartcherry\/","https:\/\/www.instagram.com\/smartcherry_cl\/","https:\/\/www.youtube.com\/channel\/UCe007LfgFFnntDgCcqICbPQ"]},{"@type":"Person","@id":"https:\/\/smartcherry.cl\/#\/schema\/person\/604ed44370e96b081064b745ca461407","name":"Beatriz Parra","image":{"@type":"ImageObject","inLanguage":"en-US","@id":"https:\/\/smartcherry.cl\/wp-content\/uploads\/2025\/01\/POST-96x96.png","url":"https:\/\/smartcherry.cl\/wp-content\/uploads\/2025\/01\/POST-96x96.png","contentUrl":"https:\/\/smartcherry.cl\/wp-content\/uploads\/2025\/01\/POST-96x96.png","caption":"Beatriz Parra"},"url":"https:\/\/smartcherry.cl\/en\/author\/bparra\/"}]}},"_links":{"self":[{"href":"https:\/\/smartcherry.cl\/en\/wp-json\/wp\/v2\/posts\/44281","targetHints":{"allow":["GET"]}}],"collection":[{"href":"https:\/\/smartcherry.cl\/en\/wp-json\/wp\/v2\/posts"}],"about":[{"href":"https:\/\/smartcherry.cl\/en\/wp-json\/wp\/v2\/types\/post"}],"author":[{"embeddable":true,"href":"https:\/\/smartcherry.cl\/en\/wp-json\/wp\/v2\/users\/273"}],"replies":[{"embeddable":true,"href":"https:\/\/smartcherry.cl\/en\/wp-json\/wp\/v2\/comments?post=44281"}],"version-history":[{"count":2,"href":"https:\/\/smartcherry.cl\/en\/wp-json\/wp\/v2\/posts\/44281\/revisions"}],"predecessor-version":[{"id":44287,"href":"https:\/\/smartcherry.cl\/en\/wp-json\/wp\/v2\/posts\/44281\/revisions\/44287"}],"wp:featuredmedia":[{"embeddable":true,"href":"https:\/\/smartcherry.cl\/en\/wp-json\/wp\/v2\/media\/44282"}],"wp:attachment":[{"href":"https:\/\/smartcherry.cl\/en\/wp-json\/wp\/v2\/media?parent=44281"}],"wp:term":[{"taxonomy":"category","embeddable":true,"href":"https:\/\/smartcherry.cl\/en\/wp-json\/wp\/v2\/categories?post=44281"},{"taxonomy":"post_tag","embeddable":true,"href":"https:\/\/smartcherry.cl\/en\/wp-json\/wp\/v2\/tags?post=44281"},{"taxonomy":"category_proveedor","embeddable":true,"href":"https:\/\/smartcherry.cl\/en\/wp-json\/wp\/v2\/category_proveedor?post=44281"},{"taxonomy":"pais","embeddable":true,"href":"https:\/\/smartcherry.cl\/en\/wp-json\/wp\/v2\/pais?post=44281"}],"curies":[{"name":"wp","href":"https:\/\/api.w.org\/{rel}","templated":true}]}}