{"id":44231,"date":"2025-03-07T16:29:09","date_gmt":"2025-03-07T20:29:09","guid":{"rendered":"https:\/\/smartcherry.cl\/?p=44231"},"modified":"2025-03-07T16:29:11","modified_gmt":"2025-03-07T20:29:11","slug":"gobierno-y-privados-abordan-situacion-de-exportaciones-de-productos-agricolas-a-estados-unidos","status":"publish","type":"post","link":"https:\/\/smartcherry.cl\/en\/noticias\/gobierno-y-privados-abordan-situacion-de-exportaciones-de-productos-agricolas-a-estados-unidos\/","title":{"rendered":"Gobierno y privados abordan situaci\u00f3n de exportaciones de productos agr\u00edcolas a Estados Unidos"},"content":{"rendered":"<p><strong><em>La incertidumbre en los mercados internacionales se profundiza con el anuncio de medidas arancelarias sobre productos agr\u00edcolas a partir del 2 de abril, lo que hace clave monitorear su evoluci\u00f3n y evaluar su impacto en estas exportaciones.<\/em><\/strong><\/p>\n\n\n\n<p>El ministro de Agricultura, Esteban Valenzuela, junto al ministro de Relaciones Exteriores, Alberto Van Klaveren; la subsecretaria de Relaciones Econ\u00f3micas Internacionales, Claudia Sanhueza; el embajador de Chile en Estados Unidos, Juan Gabriel Vald\u00e9s; la directora nacional de la Oficina de Estudios y Pol\u00edticas Agrarias (Odepa), Andrea Garc\u00eda; y representantes del sector agroexportador chileno participaron en la primera reuni\u00f3n del grupo de trabajo p\u00fablico-privado sobre la situaci\u00f3n de exportaciones de productos agr\u00edcolas a Estados Unidos, que es el segundo destino m\u00e1s importante para las exportaciones silvoagropecuarias chilenas, y se destaca por una relaci\u00f3n comercial estable basada en la complementariedad entre ambas econom\u00edas.<\/p>\n\n\n\n<p>La subsecretaria de Relaciones Econ\u00f3micas Internacionales, Claudia Sanhueza, remarc\u00f3 las distintas instancias de coordinaci\u00f3n que lidera el Ministerio de Relaciones Exteriores, tanto con el sector p\u00fablico como privado, para monitorear y analizar los cambios en el \u00e1mbito del comercio internacional, como el Comit\u00e9 Interministerial o el grupo sectorial de cobre, al que se suma esta instancia vinculada al sector agroindustrial.<\/p>\n\n\n\n<p><em>\u00abCreemos que es muy importante la coordinaci\u00f3n p\u00fablico-privada en esta materia y por eso estamos aqu\u00ed con representantes de diversos gremios agr\u00edcolas, con quienes hemos conversado y compartido informaci\u00f3n sobre la situaci\u00f3n de nuestro pa\u00eds para que estemos todos en la misma l\u00ednea. Estados Unidos es un socio muy importante para Chile y estamos teniendo una relaci\u00f3n de intercambio fluida a nivel t\u00e9cnico\u00bb<\/em>, he noted.<\/p>\n\n\n\n<p><em>\u00abTambi\u00e9n tenemos un grupo de trabajo p\u00fablico-privado, donde est\u00e1 el sector privado y tambi\u00e9n hay expertos internacionales en la materia, y el sector p\u00fablico. Y adem\u00e1s grupos sectoriales, donde estamos viendo temas espec\u00edficos\u00bb<\/em>, cerr\u00f3 Sanhueza.<\/p>\n\n\n\n<p>Por su parte, el presidente de Frutas de Chile, Iv\u00e1n Marambio sostuvo que <em>\u00abhay una visi\u00f3n conjunta tanto del mundo p\u00fablico como el privado de que, en definitiva, es la diplomacia que tiene Chile, la que se est\u00e1 usando, se est\u00e1 activando y est\u00e1 siendo ejercida en el mundo para estos tiempos en que diferentes bloques, la que empieza a mostrar sus diferentes posiciones. Nosotros estamos muy conformes con lo que se est\u00e1 haciendo y esperamos seguir as\u00ed muy atentos y trabajando en conjunto para abordar esta situaci\u00f3n\u00bb<\/em>.<\/p>\n\n\n\n<p><strong>Diversificaci\u00f3n de mercados<br><\/strong>Tanto las autoridades como el sector privado hicieron hincapi\u00e9 en que la diversificaci\u00f3n de mercados es clave para fortalecer la competitividad del sector silvoagropecuario chileno, tras un a\u00f1o 2024 con exportaciones r\u00e9cord de US$ 20.454 millones.<\/p>\n\n\n\n<p>En esta l\u00ednea, el ministro Valenzuela record\u00f3 que Chile tiene relaciones comerciales con una gran cantidad de pa\u00edses <em>\u201cporque no es s\u00f3lo el tema con Estados Unidos, sino que en este minuto a nivel mundial tenemos muy buenas noticias: va el Presidente durante abril a la India. Recibimos como ministerio a una delegaci\u00f3n de Uzbekist\u00e1n, de enlace central, que vienen a hacer negocios y nos piden productos y tambi\u00e9n vamos a trabajar en esa \u00e1rea. ProChile siguen mejorando y la Subsecretar\u00eda de Subrei va a estar en nuevos pa\u00edses en las pr\u00f3ximas semanas, as\u00ed que la diversificaci\u00f3n es algo notable\u201d<\/em>.<\/p>\n\n\n\n<p><\/p>","protected":false},"excerpt":{"rendered":"<p>Autoridades analizaron exportaciones de productos agr\u00edcolas al segundo destino m\u00e1s importante para las exportaciones silvoagropecuarias chilenas.<\/p>","protected":false},"author":273,"featured_media":44232,"comment_status":"closed","ping_status":"open","sticky":false,"template":"","format":"standard","meta":{"_acf_changed":false,"inline_featured_image":false,"footnotes":""},"categories":[35],"tags":[1979,3979,200,278],"category_proveedor":[],"pais":[],"class_list":["post-44231","post","type-post","status-publish","format-standard","has-post-thumbnail","hentry","category-noticias","tag-estados-unidos","tag-silvoagropecuarias","tag-agricultura","tag-exportaciones"],"acf":[],"yoast_head":"<!-- This site is optimized with the Yoast SEO Premium plugin v21.3 (Yoast SEO v27.3) - https:\/\/yoast.com\/product\/yoast-seo-premium-wordpress\/ -->\n<title>Gobierno y privados abordan situaci\u00f3n de exportaciones de productos agr\u00edcolas a Estados Unidos - Smartcherry<\/title>\n<meta name=\"description\" content=\"La incertidumbre en los mercados internacionales se profundiza con el anuncio de medidas arancelarias sobre productos agr\u00edcolas a partir del 2 de abril, lo que hace clave monitorear su evoluci\u00f3n y evaluar su impacto en estas exportaciones.\" \/>\n<meta name=\"robots\" content=\"index, follow, max-snippet:-1, max-image-preview:large, max-video-preview:-1\" \/>\n<link rel=\"canonical\" href=\"https:\/\/smartcherry.cl\/en\/noticias\/gobierno-y-privados-abordan-situacion-de-exportaciones-de-productos-agricolas-a-estados-unidos\/\" \/>\n<meta property=\"og:locale\" content=\"en_US\" \/>\n<meta property=\"og:type\" content=\"article\" \/>\n<meta property=\"og:title\" content=\"Gobierno y privados abordan situaci\u00f3n de exportaciones de productos agr\u00edcolas a Estados Unidos\" \/>\n<meta property=\"og:description\" content=\"La incertidumbre en los mercados internacionales se profundiza con el anuncio de medidas arancelarias sobre productos agr\u00edcolas a partir del 2 de abril, lo que hace clave monitorear su evoluci\u00f3n y evaluar su impacto en estas exportaciones.\" \/>\n<meta property=\"og:url\" content=\"https:\/\/smartcherry.cl\/en\/noticias\/gobierno-y-privados-abordan-situacion-de-exportaciones-de-productos-agricolas-a-estados-unidos\/\" \/>\n<meta property=\"og:site_name\" content=\"Smartcherry\" \/>\n<meta property=\"article:publisher\" content=\"https:\/\/web.facebook.com\/SmartCherry.cl\/\" \/>\n<meta property=\"article:published_time\" content=\"2025-03-07T20:29:09+00:00\" \/>\n<meta property=\"article:modified_time\" content=\"2025-03-07T20:29:11+00:00\" \/>\n<meta property=\"og:image\" content=\"https:\/\/smartcherry.cl\/wp-content\/uploads\/2025\/03\/Ministro-Valenzuela_Odepqa_Prochile.jpg\" \/>\n\t<meta property=\"og:image:width\" content=\"1400\" \/>\n\t<meta property=\"og:image:height\" content=\"800\" \/>\n\t<meta property=\"og:image:type\" content=\"image\/jpeg\" \/>\n<meta name=\"author\" content=\"Beatriz Parra\" \/>\n<meta name=\"twitter:card\" content=\"summary_large_image\" \/>\n<meta name=\"twitter:creator\" content=\"@SmartCherry_cl\" \/>\n<meta name=\"twitter:site\" content=\"@SmartCherry_cl\" \/>\n<meta name=\"twitter:label1\" content=\"Written by\" \/>\n\t<meta name=\"twitter:data1\" content=\"Beatriz Parra\" \/>\n\t<meta name=\"twitter:label2\" content=\"Est. reading time\" \/>\n\t<meta name=\"twitter:data2\" content=\"3 minutes\" \/>\n<script type=\"application\/ld+json\" class=\"yoast-schema-graph\">{\"@context\":\"https:\\\/\\\/schema.org\",\"@graph\":[{\"@type\":\"Article\",\"@id\":\"https:\\\/\\\/smartcherry.cl\\\/noticias\\\/gobierno-y-privados-abordan-situacion-de-exportaciones-de-productos-agricolas-a-estados-unidos\\\/#article\",\"isPartOf\":{\"@id\":\"https:\\\/\\\/smartcherry.cl\\\/noticias\\\/gobierno-y-privados-abordan-situacion-de-exportaciones-de-productos-agricolas-a-estados-unidos\\\/\"},\"author\":{\"name\":\"Beatriz Parra\",\"@id\":\"https:\\\/\\\/smartcherry.cl\\\/#\\\/schema\\\/person\\\/604ed44370e96b081064b745ca461407\"},\"headline\":\"Gobierno y privados abordan situaci\u00f3n de exportaciones de productos agr\u00edcolas a Estados Unidos\",\"datePublished\":\"2025-03-07T20:29:09+00:00\",\"dateModified\":\"2025-03-07T20:29:11+00:00\",\"mainEntityOfPage\":{\"@id\":\"https:\\\/\\\/smartcherry.cl\\\/noticias\\\/gobierno-y-privados-abordan-situacion-de-exportaciones-de-productos-agricolas-a-estados-unidos\\\/\"},\"wordCount\":586,\"publisher\":{\"@id\":\"https:\\\/\\\/smartcherry.cl\\\/#organization\"},\"image\":{\"@id\":\"https:\\\/\\\/smartcherry.cl\\\/noticias\\\/gobierno-y-privados-abordan-situacion-de-exportaciones-de-productos-agricolas-a-estados-unidos\\\/#primaryimage\"},\"thumbnailUrl\":\"https:\\\/\\\/smartcherry.cl\\\/wp-content\\\/uploads\\\/2025\\\/03\\\/Ministro-Valenzuela_Odepqa_Prochile.jpg\",\"keywords\":[\"estados unidos\",\"silvoagropecuarias\",\"agricultura\",\"exportaciones\"],\"articleSection\":[\"Noticias\"],\"inLanguage\":\"en-US\"},{\"@type\":\"WebPage\",\"@id\":\"https:\\\/\\\/smartcherry.cl\\\/noticias\\\/gobierno-y-privados-abordan-situacion-de-exportaciones-de-productos-agricolas-a-estados-unidos\\\/\",\"url\":\"https:\\\/\\\/smartcherry.cl\\\/noticias\\\/gobierno-y-privados-abordan-situacion-de-exportaciones-de-productos-agricolas-a-estados-unidos\\\/\",\"name\":\"Gobierno y privados abordan situaci\u00f3n de exportaciones de productos agr\u00edcolas a Estados Unidos - Smartcherry\",\"isPartOf\":{\"@id\":\"https:\\\/\\\/smartcherry.cl\\\/#website\"},\"primaryImageOfPage\":{\"@id\":\"https:\\\/\\\/smartcherry.cl\\\/noticias\\\/gobierno-y-privados-abordan-situacion-de-exportaciones-de-productos-agricolas-a-estados-unidos\\\/#primaryimage\"},\"image\":{\"@id\":\"https:\\\/\\\/smartcherry.cl\\\/noticias\\\/gobierno-y-privados-abordan-situacion-de-exportaciones-de-productos-agricolas-a-estados-unidos\\\/#primaryimage\"},\"thumbnailUrl\":\"https:\\\/\\\/smartcherry.cl\\\/wp-content\\\/uploads\\\/2025\\\/03\\\/Ministro-Valenzuela_Odepqa_Prochile.jpg\",\"datePublished\":\"2025-03-07T20:29:09+00:00\",\"dateModified\":\"2025-03-07T20:29:11+00:00\",\"description\":\"La incertidumbre en los mercados internacionales se profundiza con el anuncio de medidas arancelarias sobre productos agr\u00edcolas a partir del 2 de abril, lo que hace clave monitorear su evoluci\u00f3n y evaluar su impacto en estas exportaciones.\",\"breadcrumb\":{\"@id\":\"https:\\\/\\\/smartcherry.cl\\\/noticias\\\/gobierno-y-privados-abordan-situacion-de-exportaciones-de-productos-agricolas-a-estados-unidos\\\/#breadcrumb\"},\"inLanguage\":\"en-US\",\"potentialAction\":[{\"@type\":\"ReadAction\",\"target\":[\"https:\\\/\\\/smartcherry.cl\\\/noticias\\\/gobierno-y-privados-abordan-situacion-de-exportaciones-de-productos-agricolas-a-estados-unidos\\\/\"]}]},{\"@type\":\"ImageObject\",\"inLanguage\":\"en-US\",\"@id\":\"https:\\\/\\\/smartcherry.cl\\\/noticias\\\/gobierno-y-privados-abordan-situacion-de-exportaciones-de-productos-agricolas-a-estados-unidos\\\/#primaryimage\",\"url\":\"https:\\\/\\\/smartcherry.cl\\\/wp-content\\\/uploads\\\/2025\\\/03\\\/Ministro-Valenzuela_Odepqa_Prochile.jpg\",\"contentUrl\":\"https:\\\/\\\/smartcherry.cl\\\/wp-content\\\/uploads\\\/2025\\\/03\\\/Ministro-Valenzuela_Odepqa_Prochile.jpg\",\"width\":1400,\"height\":800},{\"@type\":\"BreadcrumbList\",\"@id\":\"https:\\\/\\\/smartcherry.cl\\\/noticias\\\/gobierno-y-privados-abordan-situacion-de-exportaciones-de-productos-agricolas-a-estados-unidos\\\/#breadcrumb\",\"itemListElement\":[{\"@type\":\"ListItem\",\"position\":1,\"name\":\"Home\",\"item\":\"https:\\\/\\\/smartcherry.cl\\\/\"},{\"@type\":\"ListItem\",\"position\":2,\"name\":\"Noticias\",\"item\":\"https:\\\/\\\/smartcherry.cl\\\/category\\\/noticias\\\/\"},{\"@type\":\"ListItem\",\"position\":3,\"name\":\"Gobierno y privados abordan situaci\u00f3n de exportaciones de productos agr\u00edcolas a Estados Unidos\"}]},{\"@type\":\"WebSite\",\"@id\":\"https:\\\/\\\/smartcherry.cl\\\/#website\",\"url\":\"https:\\\/\\\/smartcherry.cl\\\/\",\"name\":\"Smartcherry\",\"description\":\"Sitio de Smartcherry\",\"publisher\":{\"@id\":\"https:\\\/\\\/smartcherry.cl\\\/#organization\"},\"potentialAction\":[{\"@type\":\"SearchAction\",\"target\":{\"@type\":\"EntryPoint\",\"urlTemplate\":\"https:\\\/\\\/smartcherry.cl\\\/?s={search_term_string}\"},\"query-input\":{\"@type\":\"PropertyValueSpecification\",\"valueRequired\":true,\"valueName\":\"search_term_string\"}}],\"inLanguage\":\"en-US\"},{\"@type\":\"Organization\",\"@id\":\"https:\\\/\\\/smartcherry.cl\\\/#organization\",\"name\":\"SmartCherry\",\"url\":\"https:\\\/\\\/smartcherry.cl\\\/\",\"logo\":{\"@type\":\"ImageObject\",\"inLanguage\":\"en-US\",\"@id\":\"https:\\\/\\\/smartcherry.cl\\\/#\\\/schema\\\/logo\\\/image\\\/\",\"url\":\"https:\\\/\\\/smartcherry.cl\\\/wp-content\\\/uploads\\\/2022\\\/02\\\/logo_smartcherry.png\",\"contentUrl\":\"https:\\\/\\\/smartcherry.cl\\\/wp-content\\\/uploads\\\/2022\\\/02\\\/logo_smartcherry.png\",\"width\":411,\"height\":84,\"caption\":\"SmartCherry\"},\"image\":{\"@id\":\"https:\\\/\\\/smartcherry.cl\\\/#\\\/schema\\\/logo\\\/image\\\/\"},\"sameAs\":[\"https:\\\/\\\/web.facebook.com\\\/SmartCherry.cl\\\/\",\"https:\\\/\\\/x.com\\\/SmartCherry_cl\",\"https:\\\/\\\/www.linkedin.com\\\/company\\\/smartcherry\\\/\",\"https:\\\/\\\/www.instagram.com\\\/smartcherry_cl\\\/\",\"https:\\\/\\\/www.youtube.com\\\/channel\\\/UCe007LfgFFnntDgCcqICbPQ\"]},{\"@type\":\"Person\",\"@id\":\"https:\\\/\\\/smartcherry.cl\\\/#\\\/schema\\\/person\\\/604ed44370e96b081064b745ca461407\",\"name\":\"Beatriz Parra\",\"image\":{\"@type\":\"ImageObject\",\"inLanguage\":\"en-US\",\"@id\":\"https:\\\/\\\/smartcherry.cl\\\/wp-content\\\/uploads\\\/2025\\\/01\\\/POST-96x96.png\",\"url\":\"https:\\\/\\\/smartcherry.cl\\\/wp-content\\\/uploads\\\/2025\\\/01\\\/POST-96x96.png\",\"contentUrl\":\"https:\\\/\\\/smartcherry.cl\\\/wp-content\\\/uploads\\\/2025\\\/01\\\/POST-96x96.png\",\"caption\":\"Beatriz Parra\"},\"url\":\"https:\\\/\\\/smartcherry.cl\\\/en\\\/author\\\/bparra\\\/\"}]}<\/script>\n<!-- \/ Yoast SEO Premium plugin. -->","yoast_head_json":{"title":"Gobierno y privados abordan situaci\u00f3n de exportaciones de productos agr\u00edcolas a Estados Unidos - Smartcherry","description":"La incertidumbre en los mercados internacionales se profundiza con el anuncio de medidas arancelarias sobre productos agr\u00edcolas a partir del 2 de abril, lo que hace clave monitorear su evoluci\u00f3n y evaluar su impacto en estas exportaciones.","robots":{"index":"index","follow":"follow","max-snippet":"max-snippet:-1","max-image-preview":"max-image-preview:large","max-video-preview":"max-video-preview:-1"},"canonical":"https:\/\/smartcherry.cl\/en\/noticias\/gobierno-y-privados-abordan-situacion-de-exportaciones-de-productos-agricolas-a-estados-unidos\/","og_locale":"en_US","og_type":"article","og_title":"Gobierno y privados abordan situaci\u00f3n de exportaciones de productos agr\u00edcolas a Estados Unidos","og_description":"La incertidumbre en los mercados internacionales se profundiza con el anuncio de medidas arancelarias sobre productos agr\u00edcolas a partir del 2 de abril, lo que hace clave monitorear su evoluci\u00f3n y evaluar su impacto en estas exportaciones.","og_url":"https:\/\/smartcherry.cl\/en\/noticias\/gobierno-y-privados-abordan-situacion-de-exportaciones-de-productos-agricolas-a-estados-unidos\/","og_site_name":"Smartcherry","article_publisher":"https:\/\/web.facebook.com\/SmartCherry.cl\/","article_published_time":"2025-03-07T20:29:09+00:00","article_modified_time":"2025-03-07T20:29:11+00:00","og_image":[{"width":1400,"height":800,"url":"https:\/\/smartcherry.cl\/wp-content\/uploads\/2025\/03\/Ministro-Valenzuela_Odepqa_Prochile.jpg","type":"image\/jpeg"}],"author":"Beatriz Parra","twitter_card":"summary_large_image","twitter_creator":"@SmartCherry_cl","twitter_site":"@SmartCherry_cl","twitter_misc":{"Written by":"Beatriz Parra","Est. reading time":"3 minutes"},"schema":{"@context":"https:\/\/schema.org","@graph":[{"@type":"Article","@id":"https:\/\/smartcherry.cl\/noticias\/gobierno-y-privados-abordan-situacion-de-exportaciones-de-productos-agricolas-a-estados-unidos\/#article","isPartOf":{"@id":"https:\/\/smartcherry.cl\/noticias\/gobierno-y-privados-abordan-situacion-de-exportaciones-de-productos-agricolas-a-estados-unidos\/"},"author":{"name":"Beatriz Parra","@id":"https:\/\/smartcherry.cl\/#\/schema\/person\/604ed44370e96b081064b745ca461407"},"headline":"Gobierno y privados abordan situaci\u00f3n de exportaciones de productos agr\u00edcolas a Estados Unidos","datePublished":"2025-03-07T20:29:09+00:00","dateModified":"2025-03-07T20:29:11+00:00","mainEntityOfPage":{"@id":"https:\/\/smartcherry.cl\/noticias\/gobierno-y-privados-abordan-situacion-de-exportaciones-de-productos-agricolas-a-estados-unidos\/"},"wordCount":586,"publisher":{"@id":"https:\/\/smartcherry.cl\/#organization"},"image":{"@id":"https:\/\/smartcherry.cl\/noticias\/gobierno-y-privados-abordan-situacion-de-exportaciones-de-productos-agricolas-a-estados-unidos\/#primaryimage"},"thumbnailUrl":"https:\/\/smartcherry.cl\/wp-content\/uploads\/2025\/03\/Ministro-Valenzuela_Odepqa_Prochile.jpg","keywords":["estados unidos","silvoagropecuarias","agricultura","exportaciones"],"articleSection":["Noticias"],"inLanguage":"en-US"},{"@type":"WebPage","@id":"https:\/\/smartcherry.cl\/noticias\/gobierno-y-privados-abordan-situacion-de-exportaciones-de-productos-agricolas-a-estados-unidos\/","url":"https:\/\/smartcherry.cl\/noticias\/gobierno-y-privados-abordan-situacion-de-exportaciones-de-productos-agricolas-a-estados-unidos\/","name":"Gobierno y privados abordan situaci\u00f3n de exportaciones de productos agr\u00edcolas a Estados Unidos - Smartcherry","isPartOf":{"@id":"https:\/\/smartcherry.cl\/#website"},"primaryImageOfPage":{"@id":"https:\/\/smartcherry.cl\/noticias\/gobierno-y-privados-abordan-situacion-de-exportaciones-de-productos-agricolas-a-estados-unidos\/#primaryimage"},"image":{"@id":"https:\/\/smartcherry.cl\/noticias\/gobierno-y-privados-abordan-situacion-de-exportaciones-de-productos-agricolas-a-estados-unidos\/#primaryimage"},"thumbnailUrl":"https:\/\/smartcherry.cl\/wp-content\/uploads\/2025\/03\/Ministro-Valenzuela_Odepqa_Prochile.jpg","datePublished":"2025-03-07T20:29:09+00:00","dateModified":"2025-03-07T20:29:11+00:00","description":"La incertidumbre en los mercados internacionales se profundiza con el anuncio de medidas arancelarias sobre productos agr\u00edcolas a partir del 2 de abril, lo que hace clave monitorear su evoluci\u00f3n y evaluar su impacto en estas exportaciones.","breadcrumb":{"@id":"https:\/\/smartcherry.cl\/noticias\/gobierno-y-privados-abordan-situacion-de-exportaciones-de-productos-agricolas-a-estados-unidos\/#breadcrumb"},"inLanguage":"en-US","potentialAction":[{"@type":"ReadAction","target":["https:\/\/smartcherry.cl\/noticias\/gobierno-y-privados-abordan-situacion-de-exportaciones-de-productos-agricolas-a-estados-unidos\/"]}]},{"@type":"ImageObject","inLanguage":"en-US","@id":"https:\/\/smartcherry.cl\/noticias\/gobierno-y-privados-abordan-situacion-de-exportaciones-de-productos-agricolas-a-estados-unidos\/#primaryimage","url":"https:\/\/smartcherry.cl\/wp-content\/uploads\/2025\/03\/Ministro-Valenzuela_Odepqa_Prochile.jpg","contentUrl":"https:\/\/smartcherry.cl\/wp-content\/uploads\/2025\/03\/Ministro-Valenzuela_Odepqa_Prochile.jpg","width":1400,"height":800},{"@type":"BreadcrumbList","@id":"https:\/\/smartcherry.cl\/noticias\/gobierno-y-privados-abordan-situacion-de-exportaciones-de-productos-agricolas-a-estados-unidos\/#breadcrumb","itemListElement":[{"@type":"ListItem","position":1,"name":"Home","item":"https:\/\/smartcherry.cl\/"},{"@type":"ListItem","position":2,"name":"Noticias","item":"https:\/\/smartcherry.cl\/category\/noticias\/"},{"@type":"ListItem","position":3,"name":"Gobierno y privados abordan situaci\u00f3n de exportaciones de productos agr\u00edcolas a Estados Unidos"}]},{"@type":"WebSite","@id":"https:\/\/smartcherry.cl\/#website","url":"https:\/\/smartcherry.cl\/","name":"Smartcherry","description":"Smartcherry Site","publisher":{"@id":"https:\/\/smartcherry.cl\/#organization"},"potentialAction":[{"@type":"SearchAction","target":{"@type":"EntryPoint","urlTemplate":"https:\/\/smartcherry.cl\/?s={search_term_string}"},"query-input":{"@type":"PropertyValueSpecification","valueRequired":true,"valueName":"search_term_string"}}],"inLanguage":"en-US"},{"@type":"Organization","@id":"https:\/\/smartcherry.cl\/#organization","name":"SmartCherry","url":"https:\/\/smartcherry.cl\/","logo":{"@type":"ImageObject","inLanguage":"en-US","@id":"https:\/\/smartcherry.cl\/#\/schema\/logo\/image\/","url":"https:\/\/smartcherry.cl\/wp-content\/uploads\/2022\/02\/logo_smartcherry.png","contentUrl":"https:\/\/smartcherry.cl\/wp-content\/uploads\/2022\/02\/logo_smartcherry.png","width":411,"height":84,"caption":"SmartCherry"},"image":{"@id":"https:\/\/smartcherry.cl\/#\/schema\/logo\/image\/"},"sameAs":["https:\/\/web.facebook.com\/SmartCherry.cl\/","https:\/\/x.com\/SmartCherry_cl","https:\/\/www.linkedin.com\/company\/smartcherry\/","https:\/\/www.instagram.com\/smartcherry_cl\/","https:\/\/www.youtube.com\/channel\/UCe007LfgFFnntDgCcqICbPQ"]},{"@type":"Person","@id":"https:\/\/smartcherry.cl\/#\/schema\/person\/604ed44370e96b081064b745ca461407","name":"Beatriz Parra","image":{"@type":"ImageObject","inLanguage":"en-US","@id":"https:\/\/smartcherry.cl\/wp-content\/uploads\/2025\/01\/POST-96x96.png","url":"https:\/\/smartcherry.cl\/wp-content\/uploads\/2025\/01\/POST-96x96.png","contentUrl":"https:\/\/smartcherry.cl\/wp-content\/uploads\/2025\/01\/POST-96x96.png","caption":"Beatriz Parra"},"url":"https:\/\/smartcherry.cl\/en\/author\/bparra\/"}]}},"_links":{"self":[{"href":"https:\/\/smartcherry.cl\/en\/wp-json\/wp\/v2\/posts\/44231","targetHints":{"allow":["GET"]}}],"collection":[{"href":"https:\/\/smartcherry.cl\/en\/wp-json\/wp\/v2\/posts"}],"about":[{"href":"https:\/\/smartcherry.cl\/en\/wp-json\/wp\/v2\/types\/post"}],"author":[{"embeddable":true,"href":"https:\/\/smartcherry.cl\/en\/wp-json\/wp\/v2\/users\/273"}],"replies":[{"embeddable":true,"href":"https:\/\/smartcherry.cl\/en\/wp-json\/wp\/v2\/comments?post=44231"}],"version-history":[{"count":2,"href":"https:\/\/smartcherry.cl\/en\/wp-json\/wp\/v2\/posts\/44231\/revisions"}],"predecessor-version":[{"id":44234,"href":"https:\/\/smartcherry.cl\/en\/wp-json\/wp\/v2\/posts\/44231\/revisions\/44234"}],"wp:featuredmedia":[{"embeddable":true,"href":"https:\/\/smartcherry.cl\/en\/wp-json\/wp\/v2\/media\/44232"}],"wp:attachment":[{"href":"https:\/\/smartcherry.cl\/en\/wp-json\/wp\/v2\/media?parent=44231"}],"wp:term":[{"taxonomy":"category","embeddable":true,"href":"https:\/\/smartcherry.cl\/en\/wp-json\/wp\/v2\/categories?post=44231"},{"taxonomy":"post_tag","embeddable":true,"href":"https:\/\/smartcherry.cl\/en\/wp-json\/wp\/v2\/tags?post=44231"},{"taxonomy":"category_proveedor","embeddable":true,"href":"https:\/\/smartcherry.cl\/en\/wp-json\/wp\/v2\/category_proveedor?post=44231"},{"taxonomy":"pais","embeddable":true,"href":"https:\/\/smartcherry.cl\/en\/wp-json\/wp\/v2\/pais?post=44231"}],"curies":[{"name":"wp","href":"https:\/\/api.w.org\/{rel}","templated":true}]}}