{"id":44227,"date":"2025-03-07T10:05:53","date_gmt":"2025-03-07T14:05:53","guid":{"rendered":"https:\/\/smartcherry.cl\/?p=44227"},"modified":"2025-03-21T15:29:00","modified_gmt":"2025-03-21T19:29:00","slug":"basf-presenta-boletin-climatico-de-mediano-plazo","status":"publish","type":"post","link":"https:\/\/smartcherry.cl\/en\/clima\/basf-presenta-boletin-climatico-de-mediano-plazo\/","title":{"rendered":"BASF presenta bolet\u00edn clim\u00e1tico de mediano plazo"},"content":{"rendered":"<p>Revisa ac\u00e1 el completo bolet\u00edn clim\u00e1tico desarrollado para BASF, por Fernando Santib\u00e1\u00f1ez Q Ing. Agron. Dr. en Bioclimatolog\u00eda.<\/p>\n\n\n\n<p>Durante el mes de marzo continuar\u00e1 retir\u00e1ndose La Ni\u00f1a, lo que se traducir\u00e1 en una normalizaci\u00f3n de la temperatura de las aguas superficiales. Ya puede apreciarse una importante acumulaci\u00f3n de aguas ligeramente tibias en las costas de Ecuador y Per\u00fa, lo que no llega a conformar un cuadro de Ni\u00f1o costero como ha aparecido en algunas publicaciones, pero es una se\u00f1al positiva de una tendencia a la normalizaci\u00f3n de la temperatura de las aguas. En el transcurso del oto\u00f1o, esto se manifestar\u00eda en una activaci\u00f3n de los frentes, los que podr\u00edan dejar de estar bloqueados por el anticicl\u00f3n. Esta condici\u00f3n favorable se mantendr\u00eda durante todo el invierno, para luego revertirse y volver a enfriarse hacia el pr\u00f3ximo verano. Lo anterior conforma un cuadro relativamente benigno en materia de precipitaciones para el invierno, particularmente la ca\u00edda nival, que podr\u00eda situarse cercana a la normalidad en la cordillera central. No tendr\u00edamos un invierno francamente lluvioso, pero la probabilidad de que sea seca es baja, augurando una aceptable temporada de riego en 2025-2026. <\/p>\n\n\n\n<p><\/p>\n\n\n\n<div data-wp-interactive=\"core\/file\" class=\"wp-block-file\"><object data-wp-bind--hidden=\"!state.hasPdfPreview\" hidden class=\"wp-block-file__embed\" data=\"https:\/\/smartcherry.cl\/wp-content\/uploads\/2025\/03\/Boletin-Climatico-Marzo-2025-BASF.pdf\" type=\"application\/pdf\" style=\"width:100%;height:600px\" aria-label=\"Embed of Boleti\u0301n Clima\u0301tico Marzo 2025 BASF.\"><\/object><a id=\"wp-block-file--media-26a31641-c6ba-46ba-8739-1960cd2be579\" href=\"https:\/\/smartcherry.cl\/wp-content\/uploads\/2025\/03\/Boletin-Climatico-Marzo-2025-BASF.pdf\">Boleti\u0301n Clima\u0301tico Marzo 2025 BASF<\/a><a href=\"https:\/\/smartcherry.cl\/wp-content\/uploads\/2025\/03\/Boletin-Climatico-Marzo-2025-BASF.pdf\" class=\"wp-block-file__button wp-element-button\" download aria-describedby=\"wp-block-file--media-26a31641-c6ba-46ba-8739-1960cd2be579\">Discharge<\/a><\/div>\n\n\n\n<div class=\"wp-block-buttons is-content-justification-center is-layout-flex wp-container-core-buttons-is-layout-a89b3969 wp-block-buttons-is-layout-flex\">\n<div class=\"wp-block-button\"><a class=\"wp-block-button__link wp-element-button\" href=\"https:\/\/smartcherry.cl\/en\/proveedores\/basf\/\">More about BASF<\/a><\/div>\n<\/div>\n\n\n\n<p><\/p>","protected":false},"excerpt":{"rendered":"<p>Revisa ac\u00e1 el completo bolet\u00edn clim\u00e1tico desarrollado para BASF, por Fernando Santib\u00e1\u00f1ez Q Ing. Agron. Dr. en Bioclimatolog\u00eda. Durante el mes de marzo continuar\u00e1 retir\u00e1ndose La Ni\u00f1a, lo que se [&hellip;]<\/p>\n","protected":false},"author":274,"featured_media":44229,"comment_status":"closed","ping_status":"open","sticky":false,"template":"","format":"standard","meta":{"_acf_changed":false,"inline_featured_image":false,"footnotes":""},"categories":[430],"tags":[206,1556,1558],"category_proveedor":[],"pais":[],"class_list":["post-44227","post","type-post","status-publish","format-standard","has-post-thumbnail","hentry","category-clima","tag-clima","tag-basf","tag-not-prov"],"acf":[],"yoast_head":"<!-- This site is optimized with the Yoast SEO Premium plugin v21.3 (Yoast SEO v27.3) - https:\/\/yoast.com\/product\/yoast-seo-premium-wordpress\/ -->\n<title>BASF presenta bolet\u00edn clim\u00e1tico de mediano plazo - Smartcherry<\/title>\n<meta name=\"robots\" content=\"index, follow, max-snippet:-1, max-image-preview:large, max-video-preview:-1\" \/>\n<link rel=\"canonical\" href=\"https:\/\/smartcherry.cl\/en\/clima\/basf-presenta-boletin-climatico-de-mediano-plazo\/\" \/>\n<meta property=\"og:locale\" content=\"en_US\" \/>\n<meta property=\"og:type\" content=\"article\" \/>\n<meta property=\"og:title\" content=\"BASF presenta bolet\u00edn clim\u00e1tico de mediano plazo\" \/>\n<meta property=\"og:description\" content=\"Revisa ac\u00e1 el completo bolet\u00edn clim\u00e1tico desarrollado para BASF, por Fernando Santib\u00e1\u00f1ez Q Ing. Agron. Dr. en Bioclimatolog\u00eda. Durante el mes de marzo continuar\u00e1 retir\u00e1ndose La Ni\u00f1a, lo que se [&hellip;]\" \/>\n<meta property=\"og:url\" content=\"https:\/\/smartcherry.cl\/en\/clima\/basf-presenta-boletin-climatico-de-mediano-plazo\/\" \/>\n<meta property=\"og:site_name\" content=\"Smartcherry\" \/>\n<meta property=\"article:publisher\" content=\"https:\/\/web.facebook.com\/SmartCherry.cl\/\" \/>\n<meta property=\"article:published_time\" content=\"2025-03-07T14:05:53+00:00\" \/>\n<meta property=\"article:modified_time\" content=\"2025-03-21T19:29:00+00:00\" \/>\n<meta property=\"og:image\" content=\"https:\/\/smartcherry.cl\/wp-content\/uploads\/2025\/03\/Captura-de-pantalla-2025-03-07-a-las-11.04.01\u202fa.m-1024x594.png\" \/>\n\t<meta property=\"og:image:width\" content=\"1024\" \/>\n\t<meta property=\"og:image:height\" content=\"594\" \/>\n\t<meta property=\"og:image:type\" content=\"image\/png\" \/>\n<meta name=\"author\" content=\"Jorge Rojas\" \/>\n<meta name=\"twitter:card\" content=\"summary_large_image\" \/>\n<meta name=\"twitter:creator\" content=\"@SmartCherry_cl\" \/>\n<meta name=\"twitter:site\" content=\"@SmartCherry_cl\" \/>\n<meta name=\"twitter:label1\" content=\"Written by\" \/>\n\t<meta name=\"twitter:data1\" content=\"Jorge Rojas\" \/>\n\t<meta name=\"twitter:label2\" content=\"Est. reading time\" \/>\n\t<meta name=\"twitter:data2\" content=\"2 minutes\" \/>\n<script type=\"application\/ld+json\" class=\"yoast-schema-graph\">{\"@context\":\"https:\\\/\\\/schema.org\",\"@graph\":[{\"@type\":\"Article\",\"@id\":\"https:\\\/\\\/smartcherry.cl\\\/clima\\\/basf-presenta-boletin-climatico-de-mediano-plazo\\\/#article\",\"isPartOf\":{\"@id\":\"https:\\\/\\\/smartcherry.cl\\\/clima\\\/basf-presenta-boletin-climatico-de-mediano-plazo\\\/\"},\"author\":{\"name\":\"Jorge Rojas\",\"@id\":\"https:\\\/\\\/smartcherry.cl\\\/#\\\/schema\\\/person\\\/9aa496f36d86127a7a264fba18e84d30\"},\"headline\":\"BASF presenta bolet\u00edn clim\u00e1tico de mediano plazo\",\"datePublished\":\"2025-03-07T14:05:53+00:00\",\"dateModified\":\"2025-03-21T19:29:00+00:00\",\"mainEntityOfPage\":{\"@id\":\"https:\\\/\\\/smartcherry.cl\\\/clima\\\/basf-presenta-boletin-climatico-de-mediano-plazo\\\/\"},\"wordCount\":230,\"publisher\":{\"@id\":\"https:\\\/\\\/smartcherry.cl\\\/#organization\"},\"image\":{\"@id\":\"https:\\\/\\\/smartcherry.cl\\\/clima\\\/basf-presenta-boletin-climatico-de-mediano-plazo\\\/#primaryimage\"},\"thumbnailUrl\":\"https:\\\/\\\/smartcherry.cl\\\/wp-content\\\/uploads\\\/2025\\\/03\\\/Captura-de-pantalla-2025-03-07-a-las-11.04.01\u202fa.m.png\",\"keywords\":[\"clima\",\"Basf\",\"not-prov\"],\"articleSection\":[\"Clima\"],\"inLanguage\":\"en-US\"},{\"@type\":\"WebPage\",\"@id\":\"https:\\\/\\\/smartcherry.cl\\\/clima\\\/basf-presenta-boletin-climatico-de-mediano-plazo\\\/\",\"url\":\"https:\\\/\\\/smartcherry.cl\\\/clima\\\/basf-presenta-boletin-climatico-de-mediano-plazo\\\/\",\"name\":\"BASF presenta bolet\u00edn clim\u00e1tico de mediano plazo - Smartcherry\",\"isPartOf\":{\"@id\":\"https:\\\/\\\/smartcherry.cl\\\/#website\"},\"primaryImageOfPage\":{\"@id\":\"https:\\\/\\\/smartcherry.cl\\\/clima\\\/basf-presenta-boletin-climatico-de-mediano-plazo\\\/#primaryimage\"},\"image\":{\"@id\":\"https:\\\/\\\/smartcherry.cl\\\/clima\\\/basf-presenta-boletin-climatico-de-mediano-plazo\\\/#primaryimage\"},\"thumbnailUrl\":\"https:\\\/\\\/smartcherry.cl\\\/wp-content\\\/uploads\\\/2025\\\/03\\\/Captura-de-pantalla-2025-03-07-a-las-11.04.01\u202fa.m.png\",\"datePublished\":\"2025-03-07T14:05:53+00:00\",\"dateModified\":\"2025-03-21T19:29:00+00:00\",\"breadcrumb\":{\"@id\":\"https:\\\/\\\/smartcherry.cl\\\/clima\\\/basf-presenta-boletin-climatico-de-mediano-plazo\\\/#breadcrumb\"},\"inLanguage\":\"en-US\",\"potentialAction\":[{\"@type\":\"ReadAction\",\"target\":[\"https:\\\/\\\/smartcherry.cl\\\/clima\\\/basf-presenta-boletin-climatico-de-mediano-plazo\\\/\"]}]},{\"@type\":\"ImageObject\",\"inLanguage\":\"en-US\",\"@id\":\"https:\\\/\\\/smartcherry.cl\\\/clima\\\/basf-presenta-boletin-climatico-de-mediano-plazo\\\/#primaryimage\",\"url\":\"https:\\\/\\\/smartcherry.cl\\\/wp-content\\\/uploads\\\/2025\\\/03\\\/Captura-de-pantalla-2025-03-07-a-las-11.04.01\u202fa.m.png\",\"contentUrl\":\"https:\\\/\\\/smartcherry.cl\\\/wp-content\\\/uploads\\\/2025\\\/03\\\/Captura-de-pantalla-2025-03-07-a-las-11.04.01\u202fa.m.png\",\"width\":2206,\"height\":1280},{\"@type\":\"BreadcrumbList\",\"@id\":\"https:\\\/\\\/smartcherry.cl\\\/clima\\\/basf-presenta-boletin-climatico-de-mediano-plazo\\\/#breadcrumb\",\"itemListElement\":[{\"@type\":\"ListItem\",\"position\":1,\"name\":\"Home\",\"item\":\"https:\\\/\\\/smartcherry.cl\\\/\"},{\"@type\":\"ListItem\",\"position\":2,\"name\":\"Clima\",\"item\":\"https:\\\/\\\/smartcherry.cl\\\/category\\\/clima\\\/\"},{\"@type\":\"ListItem\",\"position\":3,\"name\":\"BASF presenta bolet\u00edn clim\u00e1tico de mediano plazo\"}]},{\"@type\":\"WebSite\",\"@id\":\"https:\\\/\\\/smartcherry.cl\\\/#website\",\"url\":\"https:\\\/\\\/smartcherry.cl\\\/\",\"name\":\"Smartcherry\",\"description\":\"Sitio de Smartcherry\",\"publisher\":{\"@id\":\"https:\\\/\\\/smartcherry.cl\\\/#organization\"},\"potentialAction\":[{\"@type\":\"SearchAction\",\"target\":{\"@type\":\"EntryPoint\",\"urlTemplate\":\"https:\\\/\\\/smartcherry.cl\\\/?s={search_term_string}\"},\"query-input\":{\"@type\":\"PropertyValueSpecification\",\"valueRequired\":true,\"valueName\":\"search_term_string\"}}],\"inLanguage\":\"en-US\"},{\"@type\":\"Organization\",\"@id\":\"https:\\\/\\\/smartcherry.cl\\\/#organization\",\"name\":\"SmartCherry\",\"url\":\"https:\\\/\\\/smartcherry.cl\\\/\",\"logo\":{\"@type\":\"ImageObject\",\"inLanguage\":\"en-US\",\"@id\":\"https:\\\/\\\/smartcherry.cl\\\/#\\\/schema\\\/logo\\\/image\\\/\",\"url\":\"https:\\\/\\\/smartcherry.cl\\\/wp-content\\\/uploads\\\/2022\\\/02\\\/logo_smartcherry.png\",\"contentUrl\":\"https:\\\/\\\/smartcherry.cl\\\/wp-content\\\/uploads\\\/2022\\\/02\\\/logo_smartcherry.png\",\"width\":411,\"height\":84,\"caption\":\"SmartCherry\"},\"image\":{\"@id\":\"https:\\\/\\\/smartcherry.cl\\\/#\\\/schema\\\/logo\\\/image\\\/\"},\"sameAs\":[\"https:\\\/\\\/web.facebook.com\\\/SmartCherry.cl\\\/\",\"https:\\\/\\\/x.com\\\/SmartCherry_cl\",\"https:\\\/\\\/www.linkedin.com\\\/company\\\/smartcherry\\\/\",\"https:\\\/\\\/www.instagram.com\\\/smartcherry_cl\\\/\",\"https:\\\/\\\/www.youtube.com\\\/channel\\\/UCe007LfgFFnntDgCcqICbPQ\"]},{\"@type\":\"Person\",\"@id\":\"https:\\\/\\\/smartcherry.cl\\\/#\\\/schema\\\/person\\\/9aa496f36d86127a7a264fba18e84d30\",\"name\":\"Jorge Rojas\",\"image\":{\"@type\":\"ImageObject\",\"inLanguage\":\"en-US\",\"@id\":\"https:\\\/\\\/smartcherry.cl\\\/wp-content\\\/uploads\\\/2025\\\/04\\\/Imagen-de-WhatsApp-2025-04-10-a-las-12.35.04_f4896bb2-96x96.jpg\",\"url\":\"https:\\\/\\\/smartcherry.cl\\\/wp-content\\\/uploads\\\/2025\\\/04\\\/Imagen-de-WhatsApp-2025-04-10-a-las-12.35.04_f4896bb2-96x96.jpg\",\"contentUrl\":\"https:\\\/\\\/smartcherry.cl\\\/wp-content\\\/uploads\\\/2025\\\/04\\\/Imagen-de-WhatsApp-2025-04-10-a-las-12.35.04_f4896bb2-96x96.jpg\",\"caption\":\"Jorge Rojas\"},\"url\":\"https:\\\/\\\/smartcherry.cl\\\/en\\\/author\\\/jrojasmultiply-cl\\\/\"}]}<\/script>\n<!-- \/ Yoast SEO Premium plugin. -->","yoast_head_json":{"title":"BASF presenta bolet\u00edn clim\u00e1tico de mediano plazo - Smartcherry","robots":{"index":"index","follow":"follow","max-snippet":"max-snippet:-1","max-image-preview":"max-image-preview:large","max-video-preview":"max-video-preview:-1"},"canonical":"https:\/\/smartcherry.cl\/en\/clima\/basf-presenta-boletin-climatico-de-mediano-plazo\/","og_locale":"en_US","og_type":"article","og_title":"BASF presenta bolet\u00edn clim\u00e1tico de mediano plazo","og_description":"Revisa ac\u00e1 el completo bolet\u00edn clim\u00e1tico desarrollado para BASF, por Fernando Santib\u00e1\u00f1ez Q Ing. Agron. Dr. en Bioclimatolog\u00eda. Durante el mes de marzo continuar\u00e1 retir\u00e1ndose La Ni\u00f1a, lo que se [&hellip;]","og_url":"https:\/\/smartcherry.cl\/en\/clima\/basf-presenta-boletin-climatico-de-mediano-plazo\/","og_site_name":"Smartcherry","article_publisher":"https:\/\/web.facebook.com\/SmartCherry.cl\/","article_published_time":"2025-03-07T14:05:53+00:00","article_modified_time":"2025-03-21T19:29:00+00:00","og_image":[{"width":1024,"height":594,"url":"https:\/\/smartcherry.cl\/wp-content\/uploads\/2025\/03\/Captura-de-pantalla-2025-03-07-a-las-11.04.01\u202fa.m-1024x594.png","type":"image\/png"}],"author":"Jorge Rojas","twitter_card":"summary_large_image","twitter_creator":"@SmartCherry_cl","twitter_site":"@SmartCherry_cl","twitter_misc":{"Written by":"Jorge Rojas","Est. reading time":"2 minutes"},"schema":{"@context":"https:\/\/schema.org","@graph":[{"@type":"Article","@id":"https:\/\/smartcherry.cl\/clima\/basf-presenta-boletin-climatico-de-mediano-plazo\/#article","isPartOf":{"@id":"https:\/\/smartcherry.cl\/clima\/basf-presenta-boletin-climatico-de-mediano-plazo\/"},"author":{"name":"Jorge Rojas","@id":"https:\/\/smartcherry.cl\/#\/schema\/person\/9aa496f36d86127a7a264fba18e84d30"},"headline":"BASF presenta bolet\u00edn clim\u00e1tico de mediano plazo","datePublished":"2025-03-07T14:05:53+00:00","dateModified":"2025-03-21T19:29:00+00:00","mainEntityOfPage":{"@id":"https:\/\/smartcherry.cl\/clima\/basf-presenta-boletin-climatico-de-mediano-plazo\/"},"wordCount":230,"publisher":{"@id":"https:\/\/smartcherry.cl\/#organization"},"image":{"@id":"https:\/\/smartcherry.cl\/clima\/basf-presenta-boletin-climatico-de-mediano-plazo\/#primaryimage"},"thumbnailUrl":"https:\/\/smartcherry.cl\/wp-content\/uploads\/2025\/03\/Captura-de-pantalla-2025-03-07-a-las-11.04.01\u202fa.m.png","keywords":["clima","Basf","not-prov"],"articleSection":["Clima"],"inLanguage":"en-US"},{"@type":"WebPage","@id":"https:\/\/smartcherry.cl\/clima\/basf-presenta-boletin-climatico-de-mediano-plazo\/","url":"https:\/\/smartcherry.cl\/clima\/basf-presenta-boletin-climatico-de-mediano-plazo\/","name":"BASF presenta bolet\u00edn clim\u00e1tico de mediano plazo - Smartcherry","isPartOf":{"@id":"https:\/\/smartcherry.cl\/#website"},"primaryImageOfPage":{"@id":"https:\/\/smartcherry.cl\/clima\/basf-presenta-boletin-climatico-de-mediano-plazo\/#primaryimage"},"image":{"@id":"https:\/\/smartcherry.cl\/clima\/basf-presenta-boletin-climatico-de-mediano-plazo\/#primaryimage"},"thumbnailUrl":"https:\/\/smartcherry.cl\/wp-content\/uploads\/2025\/03\/Captura-de-pantalla-2025-03-07-a-las-11.04.01\u202fa.m.png","datePublished":"2025-03-07T14:05:53+00:00","dateModified":"2025-03-21T19:29:00+00:00","breadcrumb":{"@id":"https:\/\/smartcherry.cl\/clima\/basf-presenta-boletin-climatico-de-mediano-plazo\/#breadcrumb"},"inLanguage":"en-US","potentialAction":[{"@type":"ReadAction","target":["https:\/\/smartcherry.cl\/clima\/basf-presenta-boletin-climatico-de-mediano-plazo\/"]}]},{"@type":"ImageObject","inLanguage":"en-US","@id":"https:\/\/smartcherry.cl\/clima\/basf-presenta-boletin-climatico-de-mediano-plazo\/#primaryimage","url":"https:\/\/smartcherry.cl\/wp-content\/uploads\/2025\/03\/Captura-de-pantalla-2025-03-07-a-las-11.04.01\u202fa.m.png","contentUrl":"https:\/\/smartcherry.cl\/wp-content\/uploads\/2025\/03\/Captura-de-pantalla-2025-03-07-a-las-11.04.01\u202fa.m.png","width":2206,"height":1280},{"@type":"BreadcrumbList","@id":"https:\/\/smartcherry.cl\/clima\/basf-presenta-boletin-climatico-de-mediano-plazo\/#breadcrumb","itemListElement":[{"@type":"ListItem","position":1,"name":"Home","item":"https:\/\/smartcherry.cl\/"},{"@type":"ListItem","position":2,"name":"Clima","item":"https:\/\/smartcherry.cl\/category\/clima\/"},{"@type":"ListItem","position":3,"name":"BASF presenta bolet\u00edn clim\u00e1tico de mediano plazo"}]},{"@type":"WebSite","@id":"https:\/\/smartcherry.cl\/#website","url":"https:\/\/smartcherry.cl\/","name":"Smartcherry","description":"Smartcherry Site","publisher":{"@id":"https:\/\/smartcherry.cl\/#organization"},"potentialAction":[{"@type":"SearchAction","target":{"@type":"EntryPoint","urlTemplate":"https:\/\/smartcherry.cl\/?s={search_term_string}"},"query-input":{"@type":"PropertyValueSpecification","valueRequired":true,"valueName":"search_term_string"}}],"inLanguage":"en-US"},{"@type":"Organization","@id":"https:\/\/smartcherry.cl\/#organization","name":"SmartCherry","url":"https:\/\/smartcherry.cl\/","logo":{"@type":"ImageObject","inLanguage":"en-US","@id":"https:\/\/smartcherry.cl\/#\/schema\/logo\/image\/","url":"https:\/\/smartcherry.cl\/wp-content\/uploads\/2022\/02\/logo_smartcherry.png","contentUrl":"https:\/\/smartcherry.cl\/wp-content\/uploads\/2022\/02\/logo_smartcherry.png","width":411,"height":84,"caption":"SmartCherry"},"image":{"@id":"https:\/\/smartcherry.cl\/#\/schema\/logo\/image\/"},"sameAs":["https:\/\/web.facebook.com\/SmartCherry.cl\/","https:\/\/x.com\/SmartCherry_cl","https:\/\/www.linkedin.com\/company\/smartcherry\/","https:\/\/www.instagram.com\/smartcherry_cl\/","https:\/\/www.youtube.com\/channel\/UCe007LfgFFnntDgCcqICbPQ"]},{"@type":"Person","@id":"https:\/\/smartcherry.cl\/#\/schema\/person\/9aa496f36d86127a7a264fba18e84d30","name":"Jorge Rojas","image":{"@type":"ImageObject","inLanguage":"en-US","@id":"https:\/\/smartcherry.cl\/wp-content\/uploads\/2025\/04\/Imagen-de-WhatsApp-2025-04-10-a-las-12.35.04_f4896bb2-96x96.jpg","url":"https:\/\/smartcherry.cl\/wp-content\/uploads\/2025\/04\/Imagen-de-WhatsApp-2025-04-10-a-las-12.35.04_f4896bb2-96x96.jpg","contentUrl":"https:\/\/smartcherry.cl\/wp-content\/uploads\/2025\/04\/Imagen-de-WhatsApp-2025-04-10-a-las-12.35.04_f4896bb2-96x96.jpg","caption":"Jorge Rojas"},"url":"https:\/\/smartcherry.cl\/en\/author\/jrojasmultiply-cl\/"}]}},"_links":{"self":[{"href":"https:\/\/smartcherry.cl\/en\/wp-json\/wp\/v2\/posts\/44227","targetHints":{"allow":["GET"]}}],"collection":[{"href":"https:\/\/smartcherry.cl\/en\/wp-json\/wp\/v2\/posts"}],"about":[{"href":"https:\/\/smartcherry.cl\/en\/wp-json\/wp\/v2\/types\/post"}],"author":[{"embeddable":true,"href":"https:\/\/smartcherry.cl\/en\/wp-json\/wp\/v2\/users\/274"}],"replies":[{"embeddable":true,"href":"https:\/\/smartcherry.cl\/en\/wp-json\/wp\/v2\/comments?post=44227"}],"version-history":[{"count":1,"href":"https:\/\/smartcherry.cl\/en\/wp-json\/wp\/v2\/posts\/44227\/revisions"}],"predecessor-version":[{"id":44230,"href":"https:\/\/smartcherry.cl\/en\/wp-json\/wp\/v2\/posts\/44227\/revisions\/44230"}],"wp:featuredmedia":[{"embeddable":true,"href":"https:\/\/smartcherry.cl\/en\/wp-json\/wp\/v2\/media\/44229"}],"wp:attachment":[{"href":"https:\/\/smartcherry.cl\/en\/wp-json\/wp\/v2\/media?parent=44227"}],"wp:term":[{"taxonomy":"category","embeddable":true,"href":"https:\/\/smartcherry.cl\/en\/wp-json\/wp\/v2\/categories?post=44227"},{"taxonomy":"post_tag","embeddable":true,"href":"https:\/\/smartcherry.cl\/en\/wp-json\/wp\/v2\/tags?post=44227"},{"taxonomy":"category_proveedor","embeddable":true,"href":"https:\/\/smartcherry.cl\/en\/wp-json\/wp\/v2\/category_proveedor?post=44227"},{"taxonomy":"pais","embeddable":true,"href":"https:\/\/smartcherry.cl\/en\/wp-json\/wp\/v2\/pais?post=44227"}],"curies":[{"name":"wp","href":"https:\/\/api.w.org\/{rel}","templated":true}]}}