{"id":42010,"date":"2024-12-05T11:02:02","date_gmt":"2024-12-05T15:02:02","guid":{"rendered":"https:\/\/smartcherry.cl\/?p=42010"},"modified":"2024-12-05T11:02:06","modified_gmt":"2024-12-05T15:02:06","slug":"koppert-vincula-la-aparicion-de-nuevas-plagas-al-cambio-climatico","status":"publish","type":"post","link":"https:\/\/smartcherry.cl\/en\/noticias\/koppert-vincula-la-aparicion-de-nuevas-plagas-al-cambio-climatico\/","title":{"rendered":"Koppert vincula la aparici\u00f3n de nuevas plagas al cambio clim\u00e1tico"},"content":{"rendered":"<p>El director de I+D de\u00a0<a href=\"https:\/\/www.phytoma.com\/sanidad-vegetal\/guia-de-empresas\/listado-por-sectores\/empresas-con-productos-biotecnologicos-agentes-de-control-biologico-biocidas-y-plaguicidas-de-origen-natural\/koppert-espana-sl\"><mark style=\"background-color:rgba(0, 0, 0, 0)\" class=\"has-inline-color has-vivid-cyan-blue-color\">Koppert Espa\u00f1a<\/mark><\/a>, Jos\u00e9 Eduardo Belda, puso de manifiesto la relaci\u00f3n directa entre el cambio clim\u00e1tico y la aparici\u00f3n de nuevas plagas durante su ponencia en el marco del V Simposio de Agricultura Ecol\u00f3gica, celebrado en El Ejido (Almer\u00eda). All\u00ed mostr\u00f3 los resultados de varios estudios cient\u00edficos que confirman la influencia directa del cambio clim\u00e1tico y el calentamiento global en la din\u00e1mica de las principales plagas que afectan a los cultivos agr\u00edcolas en todo el mundo. El incremento progresivo de las temperaturas altera la distribuci\u00f3n geogr\u00e1fica de las plagas, facilita que las plagas invadan nuevos territorios y afecta a los m\u00e9todos de control biol\u00f3gico.<\/p>\n\n\n\n<p>En este sentido, el director de I+D de Koppert explic\u00f3 que un aumento de la temperatura media en invierno provoca, por ejemplo, un adelanto en la fecha de salida de la diapausa invernal, el estado fisiol\u00f3gico de inactividad que adoptan muchos insectos para sobrevivir con bajas temperaturas. \u201cEn la pr\u00e1ctica, el adelanto en la salida de la diapausa invernal se traduce en que las plagas atacan antes a los cultivos y desarrollan m\u00e1s generaciones al a\u00f1o\u201d, seg\u00fan Belda.<\/p>\n\n\n\n<p>Por tanto, la presencia de nuevas plagas ex\u00f3ticas se ve favorecida por el cambio clim\u00e1tico y tambi\u00e9n por la globalizaci\u00f3n. \u201cHay que tener en cuenta que las plagas ex\u00f3ticas tienen m\u00e1s tolerancia a un rango bioclim\u00e1tico m\u00e1s amplio que los insectos nativos, por lo que van a verse beneficiadas en sus fases de introducci\u00f3n, establecimiento y dispersi\u00f3n, se\u00f1al\u00f3 el ponente de Koppert\u201d.<\/p>\n\n\n\n<p>Ante esta situaci\u00f3n, en la que es frecuente la aparici\u00f3n de nuevas plagas tanto en cultivos protegidos como al aire libre, \u201clas reglas de control biol\u00f3gico no tienen m\u00e1s remedio que actualizarse y se hace necesario redefinir los protocolos ya existentes, as\u00ed como desarrollar nuevas estrategias basadas, en algunos casos, en nuevos enemigos naturales capaces de controlar a las plagas ex\u00f3ticas\u201d, explic\u00f3 Belda.<\/p>\n\n\n\n<p>Ya existen varios ejemplos significativos que demuestran la capacidad de adaptaci\u00f3n de Koppert para hacer frente durante los \u00faltimos a\u00f1os a la aparici\u00f3n de plagas emergentes. Uno de ellos est\u00e1 relacionado con la aparici\u00f3n de&nbsp;<em>Tuta absoluta<\/em>&nbsp;en tomate. Antes de la detecci\u00f3n de esta plaga, el control de la mosca blanca, la principal plaga en tomate, se realizaba con \u00e9xito utilizando diferentes avispas par\u00e1sitas. La llegada de&nbsp;<em>T. absoluta<\/em>&nbsp;oblig\u00f3 a Koppert a desarrollar un nuevo protocolo de control biol\u00f3gico basado en sueltas de&nbsp;<em>Nesidiocoris tenuis<\/em>, capaz de controlar las dos plagas.<\/p>\n\n\n\n<p>Otro ejemplo significativo de la capacidad de innovaci\u00f3n de Koppert para controlar exitosamente nuevas plagas tiene que ver con la aparici\u00f3n de&nbsp;<em>Thrips parvispinus<\/em>&nbsp;en pimiento. Gracias a un proyecto propio de investigaci\u00f3n, Koppert ha desarrollado en tiempo r\u00e9cord un nuevo protocolo de control biol\u00f3gico basado en la utilizaci\u00f3n de varios \u00e1caros depredadores (<em>Amblydromalus limonicus<\/em>&nbsp;and&nbsp;<em>Transeius montdorensis<\/em>) para frenar las nuevas especies de trips que est\u00e1n provocando graves da\u00f1os en este cultivo. Antes de la llegada de&nbsp;<em>T. parvispinus<\/em>, el chinche depredador&nbsp;<em>Orius laevigatus<\/em>&nbsp;y el \u00e1caro depredador&nbsp;<em>Amblyseius swirskii<\/em>&nbsp;controlaban eficazmente las principales plagas en pimiento.<\/p>\n\n\n\n<p>Actualmente, el departamento de I+D de Koppert trabaja en la producci\u00f3n de un nuevo enemigo natural capaz de controlar a&nbsp;<em>Delottococcus aberiae<\/em>&nbsp;(cotonet de Sud\u00e1frica), una plaga emergente que afecta a los cultivos de c\u00edtricos. El objetivo de Koppert, una vez identificado el nuevo enemigo natural, es producirlo en masa e incluirlo en un nuevo protocolo de control biol\u00f3gico para c\u00edtricos. \u201cQueremos ofrecer a los productores las soluciones que necesitan para hacer frente de forma sostenible y eficaz a los nuevos retos que representan las plagas emergentes, por eso trabajamos continuamente en investigaci\u00f3n e innovaci\u00f3n\u201d, concluy\u00f3 el director de I+D de Koppert Espa\u00f1a.<\/p>\n\n\n\n<div class=\"wp-block-buttons is-content-justification-center is-layout-flex wp-container-core-buttons-is-layout-a89b3969 wp-block-buttons-is-layout-flex\">\n<div class=\"wp-block-button\"><a class=\"wp-block-button__link wp-element-button\" href=\"https:\/\/smartcherry.cl\/en\/proveedores\/koppert-biological-systems\/\">More about Koppert<\/a><\/div>\n<\/div>","protected":false},"excerpt":{"rendered":"<p>El director de I+D de\u00a0Koppert Espa\u00f1a, Jos\u00e9 Eduardo Belda, puso de manifiesto la relaci\u00f3n directa entre el cambio clim\u00e1tico y la aparici\u00f3n de nuevas plagas durante su ponencia en el [&hellip;]<\/p>\n","protected":false},"author":1,"featured_media":42011,"comment_status":"closed","ping_status":"open","sticky":false,"template":"","format":"standard","meta":{"_acf_changed":false,"inline_featured_image":false,"footnotes":""},"categories":[35],"tags":[1497,1558,1928,2309,2742,3014],"category_proveedor":[],"pais":[],"class_list":["post-42010","post","type-post","status-publish","format-standard","has-post-thumbnail","hentry","category-noticias","tag-cambio-climatico","tag-not-prov","tag-koppert","tag-entrevista","tag-id","tag-koppert-chile"],"acf":[],"yoast_head":"<!-- This site is optimized with the Yoast SEO Premium plugin v21.3 (Yoast SEO v27.3) - https:\/\/yoast.com\/product\/yoast-seo-premium-wordpress\/ -->\n<title>Koppert vincula la aparici\u00f3n de nuevas plagas al cambio clim\u00e1tico - Smartcherry<\/title>\n<meta name=\"robots\" content=\"index, follow, max-snippet:-1, max-image-preview:large, max-video-preview:-1\" \/>\n<link rel=\"canonical\" href=\"https:\/\/smartcherry.cl\/en\/noticias\/koppert-vincula-la-aparicion-de-nuevas-plagas-al-cambio-climatico\/\" \/>\n<meta property=\"og:locale\" content=\"en_US\" \/>\n<meta property=\"og:type\" content=\"article\" \/>\n<meta property=\"og:title\" content=\"Koppert vincula la aparici\u00f3n de nuevas plagas al cambio clim\u00e1tico\" \/>\n<meta property=\"og:description\" content=\"El director de I+D de\u00a0Koppert Espa\u00f1a, Jos\u00e9 Eduardo Belda, puso de manifiesto la relaci\u00f3n directa entre el cambio clim\u00e1tico y la aparici\u00f3n de nuevas plagas durante su ponencia en el [&hellip;]\" \/>\n<meta property=\"og:url\" content=\"https:\/\/smartcherry.cl\/en\/noticias\/koppert-vincula-la-aparicion-de-nuevas-plagas-al-cambio-climatico\/\" \/>\n<meta property=\"og:site_name\" content=\"Smartcherry\" \/>\n<meta property=\"article:publisher\" content=\"https:\/\/web.facebook.com\/SmartCherry.cl\/\" \/>\n<meta property=\"article:published_time\" content=\"2024-12-05T15:02:02+00:00\" \/>\n<meta property=\"article:modified_time\" content=\"2024-12-05T15:02:06+00:00\" \/>\n<meta property=\"og:image\" content=\"https:\/\/smartcherry.cl\/wp-content\/uploads\/2024\/12\/jose_eduardo_belda-koppert.jpg\" \/>\n\t<meta property=\"og:image:width\" content=\"1200\" \/>\n\t<meta property=\"og:image:height\" content=\"900\" \/>\n\t<meta property=\"og:image:type\" content=\"image\/jpeg\" \/>\n<meta name=\"author\" content=\"Smartcherry Admin\" \/>\n<meta name=\"twitter:card\" content=\"summary_large_image\" \/>\n<meta name=\"twitter:creator\" content=\"@SmartCherry_cl\" \/>\n<meta name=\"twitter:site\" content=\"@SmartCherry_cl\" \/>\n<meta name=\"twitter:label1\" content=\"Written by\" \/>\n\t<meta name=\"twitter:data1\" content=\"Smartcherry Admin\" \/>\n\t<meta name=\"twitter:label2\" content=\"Est. reading time\" \/>\n\t<meta name=\"twitter:data2\" content=\"3 minutes\" \/>\n<script type=\"application\/ld+json\" class=\"yoast-schema-graph\">{\"@context\":\"https:\\\/\\\/schema.org\",\"@graph\":[{\"@type\":\"Article\",\"@id\":\"https:\\\/\\\/smartcherry.cl\\\/noticias\\\/koppert-vincula-la-aparicion-de-nuevas-plagas-al-cambio-climatico\\\/#article\",\"isPartOf\":{\"@id\":\"https:\\\/\\\/smartcherry.cl\\\/noticias\\\/koppert-vincula-la-aparicion-de-nuevas-plagas-al-cambio-climatico\\\/\"},\"author\":{\"name\":\"Smartcherry Admin\",\"@id\":\"https:\\\/\\\/smartcherry.cl\\\/#\\\/schema\\\/person\\\/e8c5069b63c37d3d2c3ebbbb7754c14e\"},\"headline\":\"Koppert vincula la aparici\u00f3n de nuevas plagas al cambio clim\u00e1tico\",\"datePublished\":\"2024-12-05T15:02:02+00:00\",\"dateModified\":\"2024-12-05T15:02:06+00:00\",\"mainEntityOfPage\":{\"@id\":\"https:\\\/\\\/smartcherry.cl\\\/noticias\\\/koppert-vincula-la-aparicion-de-nuevas-plagas-al-cambio-climatico\\\/\"},\"wordCount\":699,\"publisher\":{\"@id\":\"https:\\\/\\\/smartcherry.cl\\\/#organization\"},\"image\":{\"@id\":\"https:\\\/\\\/smartcherry.cl\\\/noticias\\\/koppert-vincula-la-aparicion-de-nuevas-plagas-al-cambio-climatico\\\/#primaryimage\"},\"thumbnailUrl\":\"https:\\\/\\\/smartcherry.cl\\\/wp-content\\\/uploads\\\/2024\\\/12\\\/jose_eduardo_belda-koppert.jpg\",\"keywords\":[\"cambio clim\u00e1tico\",\"not-prov\",\"Koppert\",\"Entrevista\",\"I+D\",\"Koppert Chile\"],\"articleSection\":[\"Noticias\"],\"inLanguage\":\"en-US\"},{\"@type\":\"WebPage\",\"@id\":\"https:\\\/\\\/smartcherry.cl\\\/noticias\\\/koppert-vincula-la-aparicion-de-nuevas-plagas-al-cambio-climatico\\\/\",\"url\":\"https:\\\/\\\/smartcherry.cl\\\/noticias\\\/koppert-vincula-la-aparicion-de-nuevas-plagas-al-cambio-climatico\\\/\",\"name\":\"Koppert vincula la aparici\u00f3n de nuevas plagas al cambio clim\u00e1tico - Smartcherry\",\"isPartOf\":{\"@id\":\"https:\\\/\\\/smartcherry.cl\\\/#website\"},\"primaryImageOfPage\":{\"@id\":\"https:\\\/\\\/smartcherry.cl\\\/noticias\\\/koppert-vincula-la-aparicion-de-nuevas-plagas-al-cambio-climatico\\\/#primaryimage\"},\"image\":{\"@id\":\"https:\\\/\\\/smartcherry.cl\\\/noticias\\\/koppert-vincula-la-aparicion-de-nuevas-plagas-al-cambio-climatico\\\/#primaryimage\"},\"thumbnailUrl\":\"https:\\\/\\\/smartcherry.cl\\\/wp-content\\\/uploads\\\/2024\\\/12\\\/jose_eduardo_belda-koppert.jpg\",\"datePublished\":\"2024-12-05T15:02:02+00:00\",\"dateModified\":\"2024-12-05T15:02:06+00:00\",\"breadcrumb\":{\"@id\":\"https:\\\/\\\/smartcherry.cl\\\/noticias\\\/koppert-vincula-la-aparicion-de-nuevas-plagas-al-cambio-climatico\\\/#breadcrumb\"},\"inLanguage\":\"en-US\",\"potentialAction\":[{\"@type\":\"ReadAction\",\"target\":[\"https:\\\/\\\/smartcherry.cl\\\/noticias\\\/koppert-vincula-la-aparicion-de-nuevas-plagas-al-cambio-climatico\\\/\"]}]},{\"@type\":\"ImageObject\",\"inLanguage\":\"en-US\",\"@id\":\"https:\\\/\\\/smartcherry.cl\\\/noticias\\\/koppert-vincula-la-aparicion-de-nuevas-plagas-al-cambio-climatico\\\/#primaryimage\",\"url\":\"https:\\\/\\\/smartcherry.cl\\\/wp-content\\\/uploads\\\/2024\\\/12\\\/jose_eduardo_belda-koppert.jpg\",\"contentUrl\":\"https:\\\/\\\/smartcherry.cl\\\/wp-content\\\/uploads\\\/2024\\\/12\\\/jose_eduardo_belda-koppert.jpg\",\"width\":1200,\"height\":900},{\"@type\":\"BreadcrumbList\",\"@id\":\"https:\\\/\\\/smartcherry.cl\\\/noticias\\\/koppert-vincula-la-aparicion-de-nuevas-plagas-al-cambio-climatico\\\/#breadcrumb\",\"itemListElement\":[{\"@type\":\"ListItem\",\"position\":1,\"name\":\"Home\",\"item\":\"https:\\\/\\\/smartcherry.cl\\\/\"},{\"@type\":\"ListItem\",\"position\":2,\"name\":\"Noticias\",\"item\":\"https:\\\/\\\/smartcherry.cl\\\/category\\\/noticias\\\/\"},{\"@type\":\"ListItem\",\"position\":3,\"name\":\"Koppert vincula la aparici\u00f3n de nuevas plagas al cambio clim\u00e1tico\"}]},{\"@type\":\"WebSite\",\"@id\":\"https:\\\/\\\/smartcherry.cl\\\/#website\",\"url\":\"https:\\\/\\\/smartcherry.cl\\\/\",\"name\":\"Smartcherry\",\"description\":\"Sitio de Smartcherry\",\"publisher\":{\"@id\":\"https:\\\/\\\/smartcherry.cl\\\/#organization\"},\"potentialAction\":[{\"@type\":\"SearchAction\",\"target\":{\"@type\":\"EntryPoint\",\"urlTemplate\":\"https:\\\/\\\/smartcherry.cl\\\/?s={search_term_string}\"},\"query-input\":{\"@type\":\"PropertyValueSpecification\",\"valueRequired\":true,\"valueName\":\"search_term_string\"}}],\"inLanguage\":\"en-US\"},{\"@type\":\"Organization\",\"@id\":\"https:\\\/\\\/smartcherry.cl\\\/#organization\",\"name\":\"SmartCherry\",\"url\":\"https:\\\/\\\/smartcherry.cl\\\/\",\"logo\":{\"@type\":\"ImageObject\",\"inLanguage\":\"en-US\",\"@id\":\"https:\\\/\\\/smartcherry.cl\\\/#\\\/schema\\\/logo\\\/image\\\/\",\"url\":\"https:\\\/\\\/smartcherry.cl\\\/wp-content\\\/uploads\\\/2022\\\/02\\\/logo_smartcherry.png\",\"contentUrl\":\"https:\\\/\\\/smartcherry.cl\\\/wp-content\\\/uploads\\\/2022\\\/02\\\/logo_smartcherry.png\",\"width\":411,\"height\":84,\"caption\":\"SmartCherry\"},\"image\":{\"@id\":\"https:\\\/\\\/smartcherry.cl\\\/#\\\/schema\\\/logo\\\/image\\\/\"},\"sameAs\":[\"https:\\\/\\\/web.facebook.com\\\/SmartCherry.cl\\\/\",\"https:\\\/\\\/x.com\\\/SmartCherry_cl\",\"https:\\\/\\\/www.linkedin.com\\\/company\\\/smartcherry\\\/\",\"https:\\\/\\\/www.instagram.com\\\/smartcherry_cl\\\/\",\"https:\\\/\\\/www.youtube.com\\\/channel\\\/UCe007LfgFFnntDgCcqICbPQ\"]},{\"@type\":\"Person\",\"@id\":\"https:\\\/\\\/smartcherry.cl\\\/#\\\/schema\\\/person\\\/e8c5069b63c37d3d2c3ebbbb7754c14e\",\"name\":\"Smartcherry Admin\",\"image\":{\"@type\":\"ImageObject\",\"inLanguage\":\"en-US\",\"@id\":\"https:\\\/\\\/smartcherry.cl\\\/wp-content\\\/uploads\\\/2022\\\/03\\\/smartcherry-admin-user-96x96.png\",\"url\":\"https:\\\/\\\/smartcherry.cl\\\/wp-content\\\/uploads\\\/2022\\\/03\\\/smartcherry-admin-user-96x96.png\",\"contentUrl\":\"https:\\\/\\\/smartcherry.cl\\\/wp-content\\\/uploads\\\/2022\\\/03\\\/smartcherry-admin-user-96x96.png\",\"caption\":\"Smartcherry Admin\"},\"url\":\"https:\\\/\\\/smartcherry.cl\\\/en\\\/author\\\/admin\\\/\"}]}<\/script>\n<!-- \/ Yoast SEO Premium plugin. -->","yoast_head_json":{"title":"Koppert vincula la aparici\u00f3n de nuevas plagas al cambio clim\u00e1tico - Smartcherry","robots":{"index":"index","follow":"follow","max-snippet":"max-snippet:-1","max-image-preview":"max-image-preview:large","max-video-preview":"max-video-preview:-1"},"canonical":"https:\/\/smartcherry.cl\/en\/noticias\/koppert-vincula-la-aparicion-de-nuevas-plagas-al-cambio-climatico\/","og_locale":"en_US","og_type":"article","og_title":"Koppert vincula la aparici\u00f3n de nuevas plagas al cambio clim\u00e1tico","og_description":"El director de I+D de\u00a0Koppert Espa\u00f1a, Jos\u00e9 Eduardo Belda, puso de manifiesto la relaci\u00f3n directa entre el cambio clim\u00e1tico y la aparici\u00f3n de nuevas plagas durante su ponencia en el [&hellip;]","og_url":"https:\/\/smartcherry.cl\/en\/noticias\/koppert-vincula-la-aparicion-de-nuevas-plagas-al-cambio-climatico\/","og_site_name":"Smartcherry","article_publisher":"https:\/\/web.facebook.com\/SmartCherry.cl\/","article_published_time":"2024-12-05T15:02:02+00:00","article_modified_time":"2024-12-05T15:02:06+00:00","og_image":[{"width":1200,"height":900,"url":"https:\/\/smartcherry.cl\/wp-content\/uploads\/2024\/12\/jose_eduardo_belda-koppert.jpg","type":"image\/jpeg"}],"author":"Smartcherry Admin","twitter_card":"summary_large_image","twitter_creator":"@SmartCherry_cl","twitter_site":"@SmartCherry_cl","twitter_misc":{"Written by":"Smartcherry Admin","Est. reading time":"3 minutes"},"schema":{"@context":"https:\/\/schema.org","@graph":[{"@type":"Article","@id":"https:\/\/smartcherry.cl\/noticias\/koppert-vincula-la-aparicion-de-nuevas-plagas-al-cambio-climatico\/#article","isPartOf":{"@id":"https:\/\/smartcherry.cl\/noticias\/koppert-vincula-la-aparicion-de-nuevas-plagas-al-cambio-climatico\/"},"author":{"name":"Smartcherry Admin","@id":"https:\/\/smartcherry.cl\/#\/schema\/person\/e8c5069b63c37d3d2c3ebbbb7754c14e"},"headline":"Koppert vincula la aparici\u00f3n de nuevas plagas al cambio clim\u00e1tico","datePublished":"2024-12-05T15:02:02+00:00","dateModified":"2024-12-05T15:02:06+00:00","mainEntityOfPage":{"@id":"https:\/\/smartcherry.cl\/noticias\/koppert-vincula-la-aparicion-de-nuevas-plagas-al-cambio-climatico\/"},"wordCount":699,"publisher":{"@id":"https:\/\/smartcherry.cl\/#organization"},"image":{"@id":"https:\/\/smartcherry.cl\/noticias\/koppert-vincula-la-aparicion-de-nuevas-plagas-al-cambio-climatico\/#primaryimage"},"thumbnailUrl":"https:\/\/smartcherry.cl\/wp-content\/uploads\/2024\/12\/jose_eduardo_belda-koppert.jpg","keywords":["cambio clim\u00e1tico","not-prov","Koppert","Entrevista","I+D","Koppert Chile"],"articleSection":["Noticias"],"inLanguage":"en-US"},{"@type":"WebPage","@id":"https:\/\/smartcherry.cl\/noticias\/koppert-vincula-la-aparicion-de-nuevas-plagas-al-cambio-climatico\/","url":"https:\/\/smartcherry.cl\/noticias\/koppert-vincula-la-aparicion-de-nuevas-plagas-al-cambio-climatico\/","name":"Koppert vincula la aparici\u00f3n de nuevas plagas al cambio clim\u00e1tico - Smartcherry","isPartOf":{"@id":"https:\/\/smartcherry.cl\/#website"},"primaryImageOfPage":{"@id":"https:\/\/smartcherry.cl\/noticias\/koppert-vincula-la-aparicion-de-nuevas-plagas-al-cambio-climatico\/#primaryimage"},"image":{"@id":"https:\/\/smartcherry.cl\/noticias\/koppert-vincula-la-aparicion-de-nuevas-plagas-al-cambio-climatico\/#primaryimage"},"thumbnailUrl":"https:\/\/smartcherry.cl\/wp-content\/uploads\/2024\/12\/jose_eduardo_belda-koppert.jpg","datePublished":"2024-12-05T15:02:02+00:00","dateModified":"2024-12-05T15:02:06+00:00","breadcrumb":{"@id":"https:\/\/smartcherry.cl\/noticias\/koppert-vincula-la-aparicion-de-nuevas-plagas-al-cambio-climatico\/#breadcrumb"},"inLanguage":"en-US","potentialAction":[{"@type":"ReadAction","target":["https:\/\/smartcherry.cl\/noticias\/koppert-vincula-la-aparicion-de-nuevas-plagas-al-cambio-climatico\/"]}]},{"@type":"ImageObject","inLanguage":"en-US","@id":"https:\/\/smartcherry.cl\/noticias\/koppert-vincula-la-aparicion-de-nuevas-plagas-al-cambio-climatico\/#primaryimage","url":"https:\/\/smartcherry.cl\/wp-content\/uploads\/2024\/12\/jose_eduardo_belda-koppert.jpg","contentUrl":"https:\/\/smartcherry.cl\/wp-content\/uploads\/2024\/12\/jose_eduardo_belda-koppert.jpg","width":1200,"height":900},{"@type":"BreadcrumbList","@id":"https:\/\/smartcherry.cl\/noticias\/koppert-vincula-la-aparicion-de-nuevas-plagas-al-cambio-climatico\/#breadcrumb","itemListElement":[{"@type":"ListItem","position":1,"name":"Home","item":"https:\/\/smartcherry.cl\/"},{"@type":"ListItem","position":2,"name":"Noticias","item":"https:\/\/smartcherry.cl\/category\/noticias\/"},{"@type":"ListItem","position":3,"name":"Koppert vincula la aparici\u00f3n de nuevas plagas al cambio clim\u00e1tico"}]},{"@type":"WebSite","@id":"https:\/\/smartcherry.cl\/#website","url":"https:\/\/smartcherry.cl\/","name":"Smartcherry","description":"Smartcherry Site","publisher":{"@id":"https:\/\/smartcherry.cl\/#organization"},"potentialAction":[{"@type":"SearchAction","target":{"@type":"EntryPoint","urlTemplate":"https:\/\/smartcherry.cl\/?s={search_term_string}"},"query-input":{"@type":"PropertyValueSpecification","valueRequired":true,"valueName":"search_term_string"}}],"inLanguage":"en-US"},{"@type":"Organization","@id":"https:\/\/smartcherry.cl\/#organization","name":"SmartCherry","url":"https:\/\/smartcherry.cl\/","logo":{"@type":"ImageObject","inLanguage":"en-US","@id":"https:\/\/smartcherry.cl\/#\/schema\/logo\/image\/","url":"https:\/\/smartcherry.cl\/wp-content\/uploads\/2022\/02\/logo_smartcherry.png","contentUrl":"https:\/\/smartcherry.cl\/wp-content\/uploads\/2022\/02\/logo_smartcherry.png","width":411,"height":84,"caption":"SmartCherry"},"image":{"@id":"https:\/\/smartcherry.cl\/#\/schema\/logo\/image\/"},"sameAs":["https:\/\/web.facebook.com\/SmartCherry.cl\/","https:\/\/x.com\/SmartCherry_cl","https:\/\/www.linkedin.com\/company\/smartcherry\/","https:\/\/www.instagram.com\/smartcherry_cl\/","https:\/\/www.youtube.com\/channel\/UCe007LfgFFnntDgCcqICbPQ"]},{"@type":"Person","@id":"https:\/\/smartcherry.cl\/#\/schema\/person\/e8c5069b63c37d3d2c3ebbbb7754c14e","name":"Smartcherry Admin","image":{"@type":"ImageObject","inLanguage":"en-US","@id":"https:\/\/smartcherry.cl\/wp-content\/uploads\/2022\/03\/smartcherry-admin-user-96x96.png","url":"https:\/\/smartcherry.cl\/wp-content\/uploads\/2022\/03\/smartcherry-admin-user-96x96.png","contentUrl":"https:\/\/smartcherry.cl\/wp-content\/uploads\/2022\/03\/smartcherry-admin-user-96x96.png","caption":"Smartcherry Admin"},"url":"https:\/\/smartcherry.cl\/en\/author\/admin\/"}]}},"_links":{"self":[{"href":"https:\/\/smartcherry.cl\/en\/wp-json\/wp\/v2\/posts\/42010","targetHints":{"allow":["GET"]}}],"collection":[{"href":"https:\/\/smartcherry.cl\/en\/wp-json\/wp\/v2\/posts"}],"about":[{"href":"https:\/\/smartcherry.cl\/en\/wp-json\/wp\/v2\/types\/post"}],"author":[{"embeddable":true,"href":"https:\/\/smartcherry.cl\/en\/wp-json\/wp\/v2\/users\/1"}],"replies":[{"embeddable":true,"href":"https:\/\/smartcherry.cl\/en\/wp-json\/wp\/v2\/comments?post=42010"}],"version-history":[{"count":1,"href":"https:\/\/smartcherry.cl\/en\/wp-json\/wp\/v2\/posts\/42010\/revisions"}],"predecessor-version":[{"id":42012,"href":"https:\/\/smartcherry.cl\/en\/wp-json\/wp\/v2\/posts\/42010\/revisions\/42012"}],"wp:featuredmedia":[{"embeddable":true,"href":"https:\/\/smartcherry.cl\/en\/wp-json\/wp\/v2\/media\/42011"}],"wp:attachment":[{"href":"https:\/\/smartcherry.cl\/en\/wp-json\/wp\/v2\/media?parent=42010"}],"wp:term":[{"taxonomy":"category","embeddable":true,"href":"https:\/\/smartcherry.cl\/en\/wp-json\/wp\/v2\/categories?post=42010"},{"taxonomy":"post_tag","embeddable":true,"href":"https:\/\/smartcherry.cl\/en\/wp-json\/wp\/v2\/tags?post=42010"},{"taxonomy":"category_proveedor","embeddable":true,"href":"https:\/\/smartcherry.cl\/en\/wp-json\/wp\/v2\/category_proveedor?post=42010"},{"taxonomy":"pais","embeddable":true,"href":"https:\/\/smartcherry.cl\/en\/wp-json\/wp\/v2\/pais?post=42010"}],"curies":[{"name":"wp","href":"https:\/\/api.w.org\/{rel}","templated":true}]}}