{"id":41011,"date":"2024-10-29T16:42:12","date_gmt":"2024-10-29T20:42:12","guid":{"rendered":"https:\/\/smartcherry.cl\/?p=41011"},"modified":"2024-10-29T16:42:16","modified_gmt":"2024-10-29T20:42:16","slug":"asi-fue-el-inicio-de-la-cosecha-en-el-huerto-de-cerezas-mas-antiguo-de-ovalle","status":"publish","type":"post","link":"https:\/\/smartcherry.cl\/en\/noticias\/asi-fue-el-inicio-de-la-cosecha-en-el-huerto-de-cerezas-mas-antiguo-de-ovalle\/","title":{"rendered":"As\u00ed fue el inicio de la cosecha en el huerto de cerezas m\u00e1s antiguo de Ovalle"},"content":{"rendered":"<p class=\"wp-block-paragraph\">El viernes 25 de octubre, a primera hora del d\u00eda, se dio inicio a la cosecha de cerezas en el huerto Tabal\u00ed, el m\u00e1s antiguo de la zona de Ovalle. Smartcherry TV viaj\u00f3 hasta la zona para cubrir el inicio de la temporada con la recolecci\u00f3n de los primores.<\/p>\n\n\n\n<p class=\"wp-block-paragraph\"><em>\u00abNos encontramos en el huerto de cerezas m\u00e1s antiguo de la zona de Ovalle, en el sector de Tabal\u00ed, estamos partiendo la cosecha hoy 25 de octubre, en las fechas que te\u00edamos proyectada de acuerdo a la fenolog\u00eda. Estamos muy contentos porque partimos de muy buena forma, el d\u00eda nos acompa\u00f1\u00f3, en los \u00faltimos d\u00edas hemos alcanzado la madurez suficiente para alcanzar la calidad y condici\u00f3n suficiente para la fruta<\/em>\u00ab, detall\u00f3 Jorge Astudillo, gerente de producci\u00f3n de Agroindustrial Valle Arriba.<\/p>\n\n\n\n<p class=\"wp-block-paragraph\">Tras una temporada 2023-2024 con condiciones invernales que afectaron la producci\u00f3n, se espera que la presente campa\u00f1a tenga un pleno potencial de producci\u00f3n, llegando a 15 mil-16 mil kilos por hect\u00e1rea, con una cosecha bastante concentrada.<\/p>\n\n\n\n<p class=\"wp-block-paragraph\"><em>\u00abEstamos con alrededor 50 personas en cosecha, partimos a las 07 de la ma\u00f1ana, esperamos terminar al mediod\u00eda, 13 horas y lo bueno es que estamos teniendo una distribuci\u00f3n de calibre perfecta, casi el 70 por ciento esta de 2J hacia arriba, sobre 28 mm y la condici\u00f3n de la fruta est\u00e1 como corresponde, con el color rojo caoba, rojo completo, y ya en el frigor\u00edfico hemos  tenido los primeros registros de temperatura de pulpa que est\u00e1n en torno a 7\u00baC, as\u00ed que todas las condiciones se est\u00e1n dando para que sea un muy inicio de temporada<\/em>\u00ab, agreg\u00f3 Astudillo.<\/p>\n\n\n\n<p class=\"wp-block-paragraph\"><strong>Primeros env\u00edos<\/strong><\/p>\n\n\n\n<p class=\"wp-block-paragraph\">Durante la primera jornada de cosecha en el huerto Tabal\u00ed, conversamos con  el Jefe T\u00e9cnico comercial de la zona centro-norte de Garc\u00e9s Fruit, Andr\u00e9s Manzur, quien se refiri\u00f3 al rol de la exportadora en esta nueva temporada: <em>\u00abNosotros principalmente, nuestra labor es verificar que se est\u00e9 cosechando la fruta de buena manera, tanto con el cuidado necesario para que no sea machucada, que se coseche con el color que se requiere para exportaci\u00f3n, y ayudar al productor en todo lo que sea gu\u00edas de despacho y toda la informaci\u00f3n que requieren para que la fruta pueda llegar a la planta de proceso\u00bb<\/em>.<\/p>\n\n\n\n<p class=\"wp-block-paragraph\">Si bien con retraso de una semana respecto del a\u00f1o pasado, el hist\u00f3rico huerto de Tabal\u00ed, el m\u00e1s antiguo de la regi\u00f3n de Ovalle, dio inicio a la cosecha de cerezas primores y a su primer env\u00edo a China, el que fue recepcionado con la algarab\u00eda que caracteriza al mercado asi\u00e1tico. Se inicia as\u00ed una nueva campa\u00f1a de cerezas en la zona norte del pa\u00eds, en una temporada que promete ser hist\u00f3rica en cuanto a exportaciones. <\/p>\n\n\n\n<p class=\"wp-block-paragraph\">Todos los detalles de la cosecha de primores y los primeras cerezas de la actual temporada que arribaron al gigante asi\u00e1tico, en el estreno de reportajes en Smartcherry TV, este jueves 31 de octubre, a las 21.30 horas.<\/p>\n\n\n\n<figure class=\"wp-block-gallery has-nested-images columns-default is-cropped wp-block-gallery-1 is-layout-flex wp-block-gallery-is-layout-flex\">\n<figure class=\"wp-block-image size-large\"><img fetchpriority=\"high\" decoding=\"async\" width=\"768\" height=\"1024\" data-id=\"41012\" src=\"https:\/\/smartcherry.cl\/wp-content\/uploads\/2024\/10\/WhatsApp-Image-2024-10-29-at-17.37.27-1-768x1024.jpeg\" alt=\"\" class=\"wp-image-41012\" srcset=\"https:\/\/smartcherry.cl\/wp-content\/uploads\/2024\/10\/WhatsApp-Image-2024-10-29-at-17.37.27-1-768x1024.jpeg 768w, https:\/\/smartcherry.cl\/wp-content\/uploads\/2024\/10\/WhatsApp-Image-2024-10-29-at-17.37.27-1-225x300.jpeg 225w, https:\/\/smartcherry.cl\/wp-content\/uploads\/2024\/10\/WhatsApp-Image-2024-10-29-at-17.37.27-1-9x12.jpeg 9w, https:\/\/smartcherry.cl\/wp-content\/uploads\/2024\/10\/WhatsApp-Image-2024-10-29-at-17.37.27-1.jpeg 960w\" sizes=\"(max-width: 768px) 100vw, 768px\" \/><\/figure>\n\n\n\n<figure class=\"wp-block-image size-large\"><img decoding=\"async\" width=\"768\" height=\"1024\" data-id=\"41013\" src=\"https:\/\/smartcherry.cl\/wp-content\/uploads\/2024\/10\/WhatsApp-Image-2024-10-29-at-17.37.27-2-768x1024.jpeg\" alt=\"\" class=\"wp-image-41013\" srcset=\"https:\/\/smartcherry.cl\/wp-content\/uploads\/2024\/10\/WhatsApp-Image-2024-10-29-at-17.37.27-2-768x1024.jpeg 768w, https:\/\/smartcherry.cl\/wp-content\/uploads\/2024\/10\/WhatsApp-Image-2024-10-29-at-17.37.27-2-225x300.jpeg 225w, https:\/\/smartcherry.cl\/wp-content\/uploads\/2024\/10\/WhatsApp-Image-2024-10-29-at-17.37.27-2-9x12.jpeg 9w, https:\/\/smartcherry.cl\/wp-content\/uploads\/2024\/10\/WhatsApp-Image-2024-10-29-at-17.37.27-2.jpeg 960w\" sizes=\"(max-width: 768px) 100vw, 768px\" \/><\/figure>\n\n\n\n<figure class=\"wp-block-image size-large\"><img decoding=\"async\" width=\"768\" height=\"1024\" data-id=\"41017\" src=\"https:\/\/smartcherry.cl\/wp-content\/uploads\/2024\/10\/WhatsApp-Image-2024-10-29-at-17.37.27-768x1024.jpeg\" alt=\"\" class=\"wp-image-41017\" srcset=\"https:\/\/smartcherry.cl\/wp-content\/uploads\/2024\/10\/WhatsApp-Image-2024-10-29-at-17.37.27-768x1024.jpeg 768w, https:\/\/smartcherry.cl\/wp-content\/uploads\/2024\/10\/WhatsApp-Image-2024-10-29-at-17.37.27-225x300.jpeg 225w, https:\/\/smartcherry.cl\/wp-content\/uploads\/2024\/10\/WhatsApp-Image-2024-10-29-at-17.37.27-9x12.jpeg 9w, https:\/\/smartcherry.cl\/wp-content\/uploads\/2024\/10\/WhatsApp-Image-2024-10-29-at-17.37.27.jpeg 960w\" sizes=\"(max-width: 768px) 100vw, 768px\" \/><\/figure>\n\n\n\n<figure class=\"wp-block-image size-large\"><img loading=\"lazy\" decoding=\"async\" width=\"576\" height=\"1024\" data-id=\"41015\" src=\"https:\/\/smartcherry.cl\/wp-content\/uploads\/2024\/10\/WhatsApp-Image-2024-10-29-at-17.37.28-1-576x1024.jpeg\" alt=\"\" class=\"wp-image-41015\" srcset=\"https:\/\/smartcherry.cl\/wp-content\/uploads\/2024\/10\/WhatsApp-Image-2024-10-29-at-17.37.28-1-576x1024.jpeg 576w, https:\/\/smartcherry.cl\/wp-content\/uploads\/2024\/10\/WhatsApp-Image-2024-10-29-at-17.37.28-1-169x300.jpeg 169w, https:\/\/smartcherry.cl\/wp-content\/uploads\/2024\/10\/WhatsApp-Image-2024-10-29-at-17.37.28-1-7x12.jpeg 7w, https:\/\/smartcherry.cl\/wp-content\/uploads\/2024\/10\/WhatsApp-Image-2024-10-29-at-17.37.28-1.jpeg 720w\" sizes=\"(max-width: 576px) 100vw, 576px\" \/><\/figure>\n\n\n\n<figure class=\"wp-block-image size-large\"><img loading=\"lazy\" decoding=\"async\" width=\"768\" height=\"1024\" data-id=\"41014\" src=\"https:\/\/smartcherry.cl\/wp-content\/uploads\/2024\/10\/WhatsApp-Image-2024-10-29-at-17.37.28-2-768x1024.jpeg\" alt=\"\" class=\"wp-image-41014\" srcset=\"https:\/\/smartcherry.cl\/wp-content\/uploads\/2024\/10\/WhatsApp-Image-2024-10-29-at-17.37.28-2-768x1024.jpeg 768w, https:\/\/smartcherry.cl\/wp-content\/uploads\/2024\/10\/WhatsApp-Image-2024-10-29-at-17.37.28-2-225x300.jpeg 225w, https:\/\/smartcherry.cl\/wp-content\/uploads\/2024\/10\/WhatsApp-Image-2024-10-29-at-17.37.28-2-9x12.jpeg 9w, https:\/\/smartcherry.cl\/wp-content\/uploads\/2024\/10\/WhatsApp-Image-2024-10-29-at-17.37.28-2.jpeg 960w\" sizes=\"(max-width: 768px) 100vw, 768px\" \/><\/figure>\n\n\n\n<figure class=\"wp-block-image size-large\"><img loading=\"lazy\" decoding=\"async\" width=\"768\" height=\"1024\" data-id=\"41016\" src=\"https:\/\/smartcherry.cl\/wp-content\/uploads\/2024\/10\/WhatsApp-Image-2024-10-29-at-17.37.28-3-768x1024.jpeg\" alt=\"\" class=\"wp-image-41016\" srcset=\"https:\/\/smartcherry.cl\/wp-content\/uploads\/2024\/10\/WhatsApp-Image-2024-10-29-at-17.37.28-3-768x1024.jpeg 768w, https:\/\/smartcherry.cl\/wp-content\/uploads\/2024\/10\/WhatsApp-Image-2024-10-29-at-17.37.28-3-225x300.jpeg 225w, https:\/\/smartcherry.cl\/wp-content\/uploads\/2024\/10\/WhatsApp-Image-2024-10-29-at-17.37.28-3-9x12.jpeg 9w, https:\/\/smartcherry.cl\/wp-content\/uploads\/2024\/10\/WhatsApp-Image-2024-10-29-at-17.37.28-3.jpeg 960w\" sizes=\"(max-width: 768px) 100vw, 768px\" \/><\/figure>\n\n\n\n<figure class=\"wp-block-image size-large\"><img loading=\"lazy\" decoding=\"async\" width=\"768\" height=\"1024\" data-id=\"41019\" src=\"https:\/\/smartcherry.cl\/wp-content\/uploads\/2024\/10\/WhatsApp-Image-2024-10-29-at-17.37.28-4-768x1024.jpeg\" alt=\"\" class=\"wp-image-41019\" srcset=\"https:\/\/smartcherry.cl\/wp-content\/uploads\/2024\/10\/WhatsApp-Image-2024-10-29-at-17.37.28-4-768x1024.jpeg 768w, https:\/\/smartcherry.cl\/wp-content\/uploads\/2024\/10\/WhatsApp-Image-2024-10-29-at-17.37.28-4-225x300.jpeg 225w, https:\/\/smartcherry.cl\/wp-content\/uploads\/2024\/10\/WhatsApp-Image-2024-10-29-at-17.37.28-4-9x12.jpeg 9w, https:\/\/smartcherry.cl\/wp-content\/uploads\/2024\/10\/WhatsApp-Image-2024-10-29-at-17.37.28-4.jpeg 960w\" sizes=\"(max-width: 768px) 100vw, 768px\" \/><\/figure>\n\n\n\n<figure class=\"wp-block-image size-large\"><img loading=\"lazy\" decoding=\"async\" width=\"768\" height=\"1024\" data-id=\"41018\" src=\"https:\/\/smartcherry.cl\/wp-content\/uploads\/2024\/10\/WhatsApp-Image-2024-10-29-at-17.37.28-768x1024.jpeg\" alt=\"\" class=\"wp-image-41018\" srcset=\"https:\/\/smartcherry.cl\/wp-content\/uploads\/2024\/10\/WhatsApp-Image-2024-10-29-at-17.37.28-768x1024.jpeg 768w, https:\/\/smartcherry.cl\/wp-content\/uploads\/2024\/10\/WhatsApp-Image-2024-10-29-at-17.37.28-225x300.jpeg 225w, https:\/\/smartcherry.cl\/wp-content\/uploads\/2024\/10\/WhatsApp-Image-2024-10-29-at-17.37.28-9x12.jpeg 9w, https:\/\/smartcherry.cl\/wp-content\/uploads\/2024\/10\/WhatsApp-Image-2024-10-29-at-17.37.28.jpeg 960w\" sizes=\"(max-width: 768px) 100vw, 768px\" \/><\/figure>\n<\/figure>","protected":false},"excerpt":{"rendered":"<p>Revisa los detalles en la siguiente nota.<\/p>","protected":false},"author":239,"featured_media":41020,"comment_status":"closed","ping_status":"open","sticky":false,"template":"","format":"standard","meta":{"_acf_changed":false,"inline_featured_image":false,"footnotes":""},"categories":[35],"tags":[274,2077],"category_proveedor":[],"pais":[],"class_list":["post-41011","post","type-post","status-publish","format-standard","has-post-thumbnail","hentry","category-noticias","tag-cosecha","tag-ovalle"],"acf":[],"yoast_head":"<!-- This site is optimized with the Yoast SEO Premium plugin v21.3 (Yoast SEO v28.3) - https:\/\/yoast.com\/product\/yoast-seo-premium-wordpress\/ -->\n<title>As\u00ed fue el inicio de la cosecha en el huerto de cerezas m\u00e1s antiguo de Ovalle - Smartcherry<\/title>\n<meta name=\"description\" content=\"Revisa los detalles del inicio de la cosecha en el huerto de cerezas m\u00e1s antiguo de Ovalle, en la regi\u00f3n de Coquimbo.\" \/>\n<meta name=\"robots\" content=\"index, follow, max-snippet:-1, max-image-preview:large, max-video-preview:-1\" \/>\n<link rel=\"canonical\" href=\"https:\/\/smartcherry.cl\/en\/noticias\/asi-fue-el-inicio-de-la-cosecha-en-el-huerto-de-cerezas-mas-antiguo-de-ovalle\/\" \/>\n<meta property=\"og:locale\" content=\"en_US\" \/>\n<meta property=\"og:type\" content=\"article\" \/>\n<meta property=\"og:title\" content=\"As\u00ed fue el inicio de la cosecha en el huerto de cerezas m\u00e1s antiguo de Ovalle\" \/>\n<meta property=\"og:description\" content=\"Revisa los detalles del inicio de la cosecha en el huerto de cerezas m\u00e1s antiguo de Ovalle, en la regi\u00f3n de Coquimbo.\" \/>\n<meta property=\"og:url\" content=\"https:\/\/smartcherry.cl\/en\/noticias\/asi-fue-el-inicio-de-la-cosecha-en-el-huerto-de-cerezas-mas-antiguo-de-ovalle\/\" \/>\n<meta property=\"og:site_name\" content=\"Smartcherry\" \/>\n<meta property=\"article:publisher\" content=\"https:\/\/web.facebook.com\/SmartCherry.cl\/\" \/>\n<meta property=\"article:published_time\" content=\"2024-10-29T20:42:12+00:00\" \/>\n<meta property=\"article:modified_time\" content=\"2024-10-29T20:42:16+00:00\" \/>\n<meta property=\"og:image\" content=\"https:\/\/smartcherry.cl\/wp-content\/uploads\/2024\/10\/portada-1400x800-25.png\" \/>\n\t<meta property=\"og:image:width\" content=\"1400\" \/>\n\t<meta property=\"og:image:height\" content=\"800\" \/>\n\t<meta property=\"og:image:type\" content=\"image\/png\" \/>\n<meta name=\"author\" content=\"Andrea Garrido\" \/>\n<meta name=\"twitter:card\" content=\"summary_large_image\" \/>\n<meta name=\"twitter:creator\" content=\"@SmartCherry_cl\" \/>\n<meta name=\"twitter:site\" content=\"@SmartCherry_cl\" \/>\n<meta name=\"twitter:label1\" content=\"Written by\" \/>\n\t<meta name=\"twitter:data1\" content=\"Andrea Garrido\" \/>\n\t<meta name=\"twitter:label2\" content=\"Est. reading time\" \/>\n\t<meta name=\"twitter:data2\" content=\"5 minutes\" \/>\n<script type=\"application\/ld+json\" class=\"yoast-schema-graph\">{\"@context\":\"https:\\\/\\\/schema.org\",\"@graph\":[{\"@type\":\"Article\",\"@id\":\"https:\\\/\\\/smartcherry.cl\\\/noticias\\\/asi-fue-el-inicio-de-la-cosecha-en-el-huerto-de-cerezas-mas-antiguo-de-ovalle\\\/#article\",\"isPartOf\":{\"@id\":\"https:\\\/\\\/smartcherry.cl\\\/noticias\\\/asi-fue-el-inicio-de-la-cosecha-en-el-huerto-de-cerezas-mas-antiguo-de-ovalle\\\/\"},\"author\":{\"name\":\"Andrea Garrido\",\"@id\":\"https:\\\/\\\/smartcherry.cl\\\/#\\\/schema\\\/person\\\/8af97e16113dce4b990e1e4cec380025\"},\"headline\":\"As\u00ed fue el inicio de la cosecha en el huerto de cerezas m\u00e1s antiguo de Ovalle\",\"datePublished\":\"2024-10-29T20:42:12+00:00\",\"dateModified\":\"2024-10-29T20:42:16+00:00\",\"mainEntityOfPage\":{\"@id\":\"https:\\\/\\\/smartcherry.cl\\\/noticias\\\/asi-fue-el-inicio-de-la-cosecha-en-el-huerto-de-cerezas-mas-antiguo-de-ovalle\\\/\"},\"wordCount\":528,\"publisher\":{\"@id\":\"https:\\\/\\\/smartcherry.cl\\\/#organization\"},\"image\":{\"@id\":\"https:\\\/\\\/smartcherry.cl\\\/noticias\\\/asi-fue-el-inicio-de-la-cosecha-en-el-huerto-de-cerezas-mas-antiguo-de-ovalle\\\/#primaryimage\"},\"thumbnailUrl\":\"https:\\\/\\\/smartcherry.cl\\\/wp-content\\\/uploads\\\/2024\\\/10\\\/portada-1400x800-25.png\",\"keywords\":[\"cosecha\",\"Ovalle\"],\"articleSection\":[\"Noticias\"],\"inLanguage\":\"en-US\"},{\"@type\":\"WebPage\",\"@id\":\"https:\\\/\\\/smartcherry.cl\\\/noticias\\\/asi-fue-el-inicio-de-la-cosecha-en-el-huerto-de-cerezas-mas-antiguo-de-ovalle\\\/\",\"url\":\"https:\\\/\\\/smartcherry.cl\\\/noticias\\\/asi-fue-el-inicio-de-la-cosecha-en-el-huerto-de-cerezas-mas-antiguo-de-ovalle\\\/\",\"name\":\"As\u00ed fue el inicio de la cosecha en el huerto de cerezas m\u00e1s antiguo de Ovalle - Smartcherry\",\"isPartOf\":{\"@id\":\"https:\\\/\\\/smartcherry.cl\\\/#website\"},\"primaryImageOfPage\":{\"@id\":\"https:\\\/\\\/smartcherry.cl\\\/noticias\\\/asi-fue-el-inicio-de-la-cosecha-en-el-huerto-de-cerezas-mas-antiguo-de-ovalle\\\/#primaryimage\"},\"image\":{\"@id\":\"https:\\\/\\\/smartcherry.cl\\\/noticias\\\/asi-fue-el-inicio-de-la-cosecha-en-el-huerto-de-cerezas-mas-antiguo-de-ovalle\\\/#primaryimage\"},\"thumbnailUrl\":\"https:\\\/\\\/smartcherry.cl\\\/wp-content\\\/uploads\\\/2024\\\/10\\\/portada-1400x800-25.png\",\"datePublished\":\"2024-10-29T20:42:12+00:00\",\"dateModified\":\"2024-10-29T20:42:16+00:00\",\"description\":\"Revisa los detalles del inicio de la cosecha en el huerto de cerezas m\u00e1s antiguo de Ovalle, en la regi\u00f3n de Coquimbo.\",\"breadcrumb\":{\"@id\":\"https:\\\/\\\/smartcherry.cl\\\/noticias\\\/asi-fue-el-inicio-de-la-cosecha-en-el-huerto-de-cerezas-mas-antiguo-de-ovalle\\\/#breadcrumb\"},\"inLanguage\":\"en-US\",\"potentialAction\":[{\"@type\":\"ReadAction\",\"target\":[\"https:\\\/\\\/smartcherry.cl\\\/noticias\\\/asi-fue-el-inicio-de-la-cosecha-en-el-huerto-de-cerezas-mas-antiguo-de-ovalle\\\/\"]}]},{\"@type\":\"ImageObject\",\"inLanguage\":\"en-US\",\"@id\":\"https:\\\/\\\/smartcherry.cl\\\/noticias\\\/asi-fue-el-inicio-de-la-cosecha-en-el-huerto-de-cerezas-mas-antiguo-de-ovalle\\\/#primaryimage\",\"url\":\"https:\\\/\\\/smartcherry.cl\\\/wp-content\\\/uploads\\\/2024\\\/10\\\/portada-1400x800-25.png\",\"contentUrl\":\"https:\\\/\\\/smartcherry.cl\\\/wp-content\\\/uploads\\\/2024\\\/10\\\/portada-1400x800-25.png\",\"width\":1400,\"height\":800,\"caption\":\"ovalle\"},{\"@type\":\"BreadcrumbList\",\"@id\":\"https:\\\/\\\/smartcherry.cl\\\/noticias\\\/asi-fue-el-inicio-de-la-cosecha-en-el-huerto-de-cerezas-mas-antiguo-de-ovalle\\\/#breadcrumb\",\"itemListElement\":[{\"@type\":\"ListItem\",\"position\":1,\"name\":\"Home\",\"item\":\"https:\\\/\\\/smartcherry.cl\\\/\"},{\"@type\":\"ListItem\",\"position\":2,\"name\":\"Noticias\",\"item\":\"https:\\\/\\\/smartcherry.cl\\\/category\\\/noticias\\\/\"},{\"@type\":\"ListItem\",\"position\":3,\"name\":\"As\u00ed fue el inicio de la cosecha en el huerto de cerezas m\u00e1s antiguo de Ovalle\"}]},{\"@type\":\"WebSite\",\"@id\":\"https:\\\/\\\/smartcherry.cl\\\/#website\",\"url\":\"https:\\\/\\\/smartcherry.cl\\\/\",\"name\":\"Smartcherry\",\"description\":\"Sitio de Smartcherry\",\"publisher\":{\"@id\":\"https:\\\/\\\/smartcherry.cl\\\/#organization\"},\"potentialAction\":[{\"@type\":\"SearchAction\",\"target\":{\"@type\":\"EntryPoint\",\"urlTemplate\":\"https:\\\/\\\/smartcherry.cl\\\/?s={search_term_string}\"},\"query-input\":{\"@type\":\"PropertyValueSpecification\",\"valueRequired\":true,\"valueName\":\"search_term_string\"}}],\"inLanguage\":\"en-US\"},{\"@type\":\"Organization\",\"@id\":\"https:\\\/\\\/smartcherry.cl\\\/#organization\",\"name\":\"SmartCherry\",\"url\":\"https:\\\/\\\/smartcherry.cl\\\/\",\"logo\":{\"@type\":\"ImageObject\",\"inLanguage\":\"en-US\",\"@id\":\"https:\\\/\\\/smartcherry.cl\\\/#\\\/schema\\\/logo\\\/image\\\/\",\"url\":\"https:\\\/\\\/smartcherry.cl\\\/wp-content\\\/uploads\\\/2022\\\/02\\\/logo_smartcherry.png\",\"contentUrl\":\"https:\\\/\\\/smartcherry.cl\\\/wp-content\\\/uploads\\\/2022\\\/02\\\/logo_smartcherry.png\",\"width\":411,\"height\":84,\"caption\":\"SmartCherry\"},\"image\":{\"@id\":\"https:\\\/\\\/smartcherry.cl\\\/#\\\/schema\\\/logo\\\/image\\\/\"},\"sameAs\":[\"https:\\\/\\\/web.facebook.com\\\/SmartCherry.cl\\\/\",\"https:\\\/\\\/x.com\\\/SmartCherry_cl\",\"https:\\\/\\\/www.linkedin.com\\\/company\\\/smartcherry\\\/\",\"https:\\\/\\\/www.instagram.com\\\/smartcherry_cl\\\/\",\"https:\\\/\\\/www.youtube.com\\\/channel\\\/UCe007LfgFFnntDgCcqICbPQ\"]},{\"@type\":\"Person\",\"@id\":\"https:\\\/\\\/smartcherry.cl\\\/#\\\/schema\\\/person\\\/8af97e16113dce4b990e1e4cec380025\",\"name\":\"Andrea Garrido\",\"image\":{\"@type\":\"ImageObject\",\"inLanguage\":\"en-US\",\"@id\":\"https:\\\/\\\/smartcherry.cl\\\/wp-content\\\/uploads\\\/2022\\\/03\\\/Andrea-Garrido-150x150.png\",\"url\":\"https:\\\/\\\/smartcherry.cl\\\/wp-content\\\/uploads\\\/2022\\\/03\\\/Andrea-Garrido-150x150.png\",\"contentUrl\":\"https:\\\/\\\/smartcherry.cl\\\/wp-content\\\/uploads\\\/2022\\\/03\\\/Andrea-Garrido-150x150.png\",\"caption\":\"Andrea Garrido\"},\"url\":\"https:\\\/\\\/smartcherry.cl\\\/en\\\/author\\\/agarrido\\\/\"}]}<\/script>\n<!-- \/ Yoast SEO Premium plugin. -->","yoast_head_json":{"title":"As\u00ed fue el inicio de la cosecha en el huerto de cerezas m\u00e1s antiguo de Ovalle - Smartcherry","description":"Revisa los detalles del inicio de la cosecha en el huerto de cerezas m\u00e1s antiguo de Ovalle, en la regi\u00f3n de Coquimbo.","robots":{"index":"index","follow":"follow","max-snippet":"max-snippet:-1","max-image-preview":"max-image-preview:large","max-video-preview":"max-video-preview:-1"},"canonical":"https:\/\/smartcherry.cl\/en\/noticias\/asi-fue-el-inicio-de-la-cosecha-en-el-huerto-de-cerezas-mas-antiguo-de-ovalle\/","og_locale":"en_US","og_type":"article","og_title":"As\u00ed fue el inicio de la cosecha en el huerto de cerezas m\u00e1s antiguo de Ovalle","og_description":"Revisa los detalles del inicio de la cosecha en el huerto de cerezas m\u00e1s antiguo de Ovalle, en la regi\u00f3n de Coquimbo.","og_url":"https:\/\/smartcherry.cl\/en\/noticias\/asi-fue-el-inicio-de-la-cosecha-en-el-huerto-de-cerezas-mas-antiguo-de-ovalle\/","og_site_name":"Smartcherry","article_publisher":"https:\/\/web.facebook.com\/SmartCherry.cl\/","article_published_time":"2024-10-29T20:42:12+00:00","article_modified_time":"2024-10-29T20:42:16+00:00","og_image":[{"width":1400,"height":800,"url":"https:\/\/smartcherry.cl\/wp-content\/uploads\/2024\/10\/portada-1400x800-25.png","type":"image\/png"}],"author":"Andrea Garrido","twitter_card":"summary_large_image","twitter_creator":"@SmartCherry_cl","twitter_site":"@SmartCherry_cl","twitter_misc":{"Written by":"Andrea Garrido","Est. reading time":"5 minutes"},"schema":{"@context":"https:\/\/schema.org","@graph":[{"@type":"Article","@id":"https:\/\/smartcherry.cl\/noticias\/asi-fue-el-inicio-de-la-cosecha-en-el-huerto-de-cerezas-mas-antiguo-de-ovalle\/#article","isPartOf":{"@id":"https:\/\/smartcherry.cl\/noticias\/asi-fue-el-inicio-de-la-cosecha-en-el-huerto-de-cerezas-mas-antiguo-de-ovalle\/"},"author":{"name":"Andrea Garrido","@id":"https:\/\/smartcherry.cl\/#\/schema\/person\/8af97e16113dce4b990e1e4cec380025"},"headline":"As\u00ed fue el inicio de la cosecha en el huerto de cerezas m\u00e1s antiguo de Ovalle","datePublished":"2024-10-29T20:42:12+00:00","dateModified":"2024-10-29T20:42:16+00:00","mainEntityOfPage":{"@id":"https:\/\/smartcherry.cl\/noticias\/asi-fue-el-inicio-de-la-cosecha-en-el-huerto-de-cerezas-mas-antiguo-de-ovalle\/"},"wordCount":528,"publisher":{"@id":"https:\/\/smartcherry.cl\/#organization"},"image":{"@id":"https:\/\/smartcherry.cl\/noticias\/asi-fue-el-inicio-de-la-cosecha-en-el-huerto-de-cerezas-mas-antiguo-de-ovalle\/#primaryimage"},"thumbnailUrl":"https:\/\/smartcherry.cl\/wp-content\/uploads\/2024\/10\/portada-1400x800-25.png","keywords":["cosecha","Ovalle"],"articleSection":["Noticias"],"inLanguage":"en-US"},{"@type":"WebPage","@id":"https:\/\/smartcherry.cl\/noticias\/asi-fue-el-inicio-de-la-cosecha-en-el-huerto-de-cerezas-mas-antiguo-de-ovalle\/","url":"https:\/\/smartcherry.cl\/noticias\/asi-fue-el-inicio-de-la-cosecha-en-el-huerto-de-cerezas-mas-antiguo-de-ovalle\/","name":"As\u00ed fue el inicio de la cosecha en el huerto de cerezas m\u00e1s antiguo de Ovalle - Smartcherry","isPartOf":{"@id":"https:\/\/smartcherry.cl\/#website"},"primaryImageOfPage":{"@id":"https:\/\/smartcherry.cl\/noticias\/asi-fue-el-inicio-de-la-cosecha-en-el-huerto-de-cerezas-mas-antiguo-de-ovalle\/#primaryimage"},"image":{"@id":"https:\/\/smartcherry.cl\/noticias\/asi-fue-el-inicio-de-la-cosecha-en-el-huerto-de-cerezas-mas-antiguo-de-ovalle\/#primaryimage"},"thumbnailUrl":"https:\/\/smartcherry.cl\/wp-content\/uploads\/2024\/10\/portada-1400x800-25.png","datePublished":"2024-10-29T20:42:12+00:00","dateModified":"2024-10-29T20:42:16+00:00","description":"Revisa los detalles del inicio de la cosecha en el huerto de cerezas m\u00e1s antiguo de Ovalle, en la regi\u00f3n de Coquimbo.","breadcrumb":{"@id":"https:\/\/smartcherry.cl\/noticias\/asi-fue-el-inicio-de-la-cosecha-en-el-huerto-de-cerezas-mas-antiguo-de-ovalle\/#breadcrumb"},"inLanguage":"en-US","potentialAction":[{"@type":"ReadAction","target":["https:\/\/smartcherry.cl\/noticias\/asi-fue-el-inicio-de-la-cosecha-en-el-huerto-de-cerezas-mas-antiguo-de-ovalle\/"]}]},{"@type":"ImageObject","inLanguage":"en-US","@id":"https:\/\/smartcherry.cl\/noticias\/asi-fue-el-inicio-de-la-cosecha-en-el-huerto-de-cerezas-mas-antiguo-de-ovalle\/#primaryimage","url":"https:\/\/smartcherry.cl\/wp-content\/uploads\/2024\/10\/portada-1400x800-25.png","contentUrl":"https:\/\/smartcherry.cl\/wp-content\/uploads\/2024\/10\/portada-1400x800-25.png","width":1400,"height":800,"caption":"ovalle"},{"@type":"BreadcrumbList","@id":"https:\/\/smartcherry.cl\/noticias\/asi-fue-el-inicio-de-la-cosecha-en-el-huerto-de-cerezas-mas-antiguo-de-ovalle\/#breadcrumb","itemListElement":[{"@type":"ListItem","position":1,"name":"Home","item":"https:\/\/smartcherry.cl\/"},{"@type":"ListItem","position":2,"name":"Noticias","item":"https:\/\/smartcherry.cl\/category\/noticias\/"},{"@type":"ListItem","position":3,"name":"As\u00ed fue el inicio de la cosecha en el huerto de cerezas m\u00e1s antiguo de Ovalle"}]},{"@type":"WebSite","@id":"https:\/\/smartcherry.cl\/#website","url":"https:\/\/smartcherry.cl\/","name":"Smartcherry","description":"Smartcherry Site","publisher":{"@id":"https:\/\/smartcherry.cl\/#organization"},"potentialAction":[{"@type":"SearchAction","target":{"@type":"EntryPoint","urlTemplate":"https:\/\/smartcherry.cl\/?s={search_term_string}"},"query-input":{"@type":"PropertyValueSpecification","valueRequired":true,"valueName":"search_term_string"}}],"inLanguage":"en-US"},{"@type":"Organization","@id":"https:\/\/smartcherry.cl\/#organization","name":"SmartCherry","url":"https:\/\/smartcherry.cl\/","logo":{"@type":"ImageObject","inLanguage":"en-US","@id":"https:\/\/smartcherry.cl\/#\/schema\/logo\/image\/","url":"https:\/\/smartcherry.cl\/wp-content\/uploads\/2022\/02\/logo_smartcherry.png","contentUrl":"https:\/\/smartcherry.cl\/wp-content\/uploads\/2022\/02\/logo_smartcherry.png","width":411,"height":84,"caption":"SmartCherry"},"image":{"@id":"https:\/\/smartcherry.cl\/#\/schema\/logo\/image\/"},"sameAs":["https:\/\/web.facebook.com\/SmartCherry.cl\/","https:\/\/x.com\/SmartCherry_cl","https:\/\/www.linkedin.com\/company\/smartcherry\/","https:\/\/www.instagram.com\/smartcherry_cl\/","https:\/\/www.youtube.com\/channel\/UCe007LfgFFnntDgCcqICbPQ"]},{"@type":"Person","@id":"https:\/\/smartcherry.cl\/#\/schema\/person\/8af97e16113dce4b990e1e4cec380025","name":"Andrea Garrido","image":{"@type":"ImageObject","inLanguage":"en-US","@id":"https:\/\/smartcherry.cl\/wp-content\/uploads\/2022\/03\/Andrea-Garrido-150x150.png","url":"https:\/\/smartcherry.cl\/wp-content\/uploads\/2022\/03\/Andrea-Garrido-150x150.png","contentUrl":"https:\/\/smartcherry.cl\/wp-content\/uploads\/2022\/03\/Andrea-Garrido-150x150.png","caption":"Andrea Garrido"},"url":"https:\/\/smartcherry.cl\/en\/author\/agarrido\/"}]}},"_links":{"self":[{"href":"https:\/\/smartcherry.cl\/en\/wp-json\/wp\/v2\/posts\/41011","targetHints":{"allow":["GET"]}}],"collection":[{"href":"https:\/\/smartcherry.cl\/en\/wp-json\/wp\/v2\/posts"}],"about":[{"href":"https:\/\/smartcherry.cl\/en\/wp-json\/wp\/v2\/types\/post"}],"author":[{"embeddable":true,"href":"https:\/\/smartcherry.cl\/en\/wp-json\/wp\/v2\/users\/239"}],"replies":[{"embeddable":true,"href":"https:\/\/smartcherry.cl\/en\/wp-json\/wp\/v2\/comments?post=41011"}],"version-history":[{"count":1,"href":"https:\/\/smartcherry.cl\/en\/wp-json\/wp\/v2\/posts\/41011\/revisions"}],"predecessor-version":[{"id":41021,"href":"https:\/\/smartcherry.cl\/en\/wp-json\/wp\/v2\/posts\/41011\/revisions\/41021"}],"wp:featuredmedia":[{"embeddable":true,"href":"https:\/\/smartcherry.cl\/en\/wp-json\/wp\/v2\/media\/41020"}],"wp:attachment":[{"href":"https:\/\/smartcherry.cl\/en\/wp-json\/wp\/v2\/media?parent=41011"}],"wp:term":[{"taxonomy":"category","embeddable":true,"href":"https:\/\/smartcherry.cl\/en\/wp-json\/wp\/v2\/categories?post=41011"},{"taxonomy":"post_tag","embeddable":true,"href":"https:\/\/smartcherry.cl\/en\/wp-json\/wp\/v2\/tags?post=41011"},{"taxonomy":"category_proveedor","embeddable":true,"href":"https:\/\/smartcherry.cl\/en\/wp-json\/wp\/v2\/category_proveedor?post=41011"},{"taxonomy":"pais","embeddable":true,"href":"https:\/\/smartcherry.cl\/en\/wp-json\/wp\/v2\/pais?post=41011"}],"curies":[{"name":"wp","href":"https:\/\/api.w.org\/{rel}","templated":true}]}}