{"id":39854,"date":"2024-10-08T13:50:54","date_gmt":"2024-10-08T17:50:54","guid":{"rendered":"https:\/\/smartcherry.cl\/?p=39854"},"modified":"2024-10-08T13:59:56","modified_gmt":"2024-10-08T17:59:56","slug":"informe-agroclimatologico-para-el-mes-de-octubre","status":"publish","type":"post","link":"https:\/\/smartcherry.cl\/en\/clima\/informe-agroclimatologico-para-el-mes-de-octubre\/","title":{"rendered":"Informe agroclimatol\u00f3gico para el mes de octubre"},"content":{"rendered":"<p><strong><em>\u00a0This Agroclimatological Report has two objectives:\u00a0<\/em><\/strong><\/p>\n\n\n\n<p>1.- An\u00e1lisis de las condiciones agroclimatol\u00f3gicas durante septiembre.&nbsp;<\/p>\n\n\n\n<p>2.- Proyecciones para el mes de octubre. Evoluci\u00f3n del evento La Ni\u00f1a 2024-2025. <strong><em>Evoluci\u00f3n de las lluvias durante el 2024 en Curic\u00f3: enero a septiembre.&nbsp;<\/em><\/strong><\/p>\n\n\n\n<figure class=\"wp-block-image aligncenter\"><img decoding=\"async\" src=\"https:\/\/lh7-rt.googleusercontent.com\/docsz\/AD_4nXdoWH9Z7j7GRFZTowTPUXi6-5wXHc-MXLSvIWn3D2nsJALWxTnpOcIJiWqdqVvFyqDe3q_5lF0ir_PAfI0v078VdSzzHcZyQm2E0cMrPdb3oopBP6FgKL2BFBQFu1brqgAfnuuQ2933b22y6VDsjfuApapK?key=PtGPqbiLFoix7xlb_QKqjA\" alt=\"\"\/><\/figure>\n\n\n\n<p>Durante el 2024 las lluvias en Curic\u00f3 han sido de un comportamiento ajeno a las condiciones que\u00a0 un clima normal debe presentar. Hasta junio predomin\u00f3 el evento c\u00e1lido El Ni\u00f1o lo cual gener\u00f3 precipitaciones y nevadas en la regi\u00f3n del Maule. Sin embargo, los meses de julio, agosto y\u00a0 septiembre el clima no ha estado afectado por ning\u00fan evento regional (como El Ni\u00f1o y La Ni\u00f1a).\u00a0 De esa manera en julio solo se midieron 2,4 mil\u00edmetros (normal, en n\u00fameros rojos 100,8 mm); en\u00a0 agosto las lluvias indicaron 106,8 mm (normal 90,2 mm) y septiembre 46,2 mm, siendo lo normal\u00a0 57,4 mm. Por lo anterior desde finales del invierno (agosto) hasta inicios de primavera\u00a0 (septiembre), se registr\u00f3 un super\u00e1vit de lluvias. Lo alternante de las precipitaciones indica que\u00a0 Curic\u00f3 estuvo m\u00e1s bien respondiendo a condiciones de cambio clim\u00e1tico. Si desde julio en\u00a0 adelante se hubiese desarrollado La Ni\u00f1a, estas lluvias habr\u00edan registrado menos del 10% de los\u00a0 valores que indica el gr\u00e1fico. Lo positivo de la actual primavera es que si bien las temperaturas\u00a0m\u00ednimas han estado bajas, no se han registrado heladas; la temperatura m\u00e1s baja en septiembre\u00a0 fue de 2.5\u00b0C (d\u00eda 4) y en octubre, hasta el d\u00eda 5, se midieron 4.3\u00b0C (d\u00eda 2).\u00a0\u00a0<\/p>\n\n\n\n<p><strong>Proyecciones para octubre 2024 del evento fr\u00edo La Ni\u00f1a, que a\u00fan no se desarrolla <\/strong><\/p>\n\n\n\n<figure class=\"wp-block-image aligncenter size-full\"><img fetchpriority=\"high\" decoding=\"async\" width=\"613\" height=\"336\" src=\"https:\/\/smartcherry.cl\/wp-content\/uploads\/2024\/10\/Captura-de-Pantalla-2024-10-08-a-las-14.38.53.png\" alt=\"\" class=\"wp-image-39855\" srcset=\"https:\/\/smartcherry.cl\/wp-content\/uploads\/2024\/10\/Captura-de-Pantalla-2024-10-08-a-las-14.38.53.png 613w, https:\/\/smartcherry.cl\/wp-content\/uploads\/2024\/10\/Captura-de-Pantalla-2024-10-08-a-las-14.38.53-300x164.png 300w, https:\/\/smartcherry.cl\/wp-content\/uploads\/2024\/10\/Captura-de-Pantalla-2024-10-08-a-las-14.38.53-18x10.png 18w\" sizes=\"(max-width: 613px) 100vw, 613px\" \/><figcaption class=\"wp-element-caption\">Modelo probabil\u00edstico respecto al desarrollo de un evento fr\u00edo La\u00a0 Ni\u00f1a, en el bimestre octubre-noviembre de 2024.\u00a0<img decoding=\"async\" width=\"428\" height=\"51\" src=\"https:\/\/lh7-rt.googleusercontent.com\/docsz\/AD_4nXfQ3zv_eLQIRdnbecuGGlkabrNVyFzsP68OHMRmxIgmI4loUoYvJhzpLQw8eMyrFGnSJYrT-1NQMpDRiT-7XQ7O0Nkm8PSk24OXGr5folBFYoHotGwv-CgiDEc0FN4kKAdebDhz81i867JmE5wTagolAksw?key=PtGPqbiLFoix7xlb_QKqjA\"><\/figcaption><\/figure>\n\n\n\n<p>Seg\u00fan los modelos probabil\u00edsticos hay un 80% de probabilidades que el evento fr\u00edo La Ni\u00f1a se\u00a0 desarrolle entre octubre y noviembre. Como se aprecia, y analizando los anteriores boletines, este\u00a0 fen\u00f3meno se ha ido retrasando en su aparici\u00f3n. Se esperaba que entre agosto y septiembre\u00a0surgiera, pero no fue as\u00ed. Eso explica, en parte, las lluvias que se est\u00e1n registrando durante la\u00a0 primavera. Como dijimos anteriormente si La Ni\u00f1a se hubiese desarrollado, desde agosto en\u00a0 adelante las probabilidades de lluvias, en lo que va de primavera, habr\u00edan sido muy bajas. Este\u00a0 evento se caracteriza por bloquear a los sistemas frontales que derivan desde el oc\u00e9ano Pac\u00edfico. Sin embargo, todos los modelos analizados indican que este evento fr\u00edo se va a presentar entre\u00a0 octubre y noviembre. Algunas proyecciones estiman probabilidades del 85%, lo cual es una\u00a0 estimaci\u00f3n clim\u00e1tica positiva alta.\u00a0<\/p>\n\n\n\n<p>Se sugiere seguir atento a la evoluci\u00f3n clim\u00e1tica para octubre. Se est\u00e1n observando probabilidades\u00a0 de lluvias d\u00e9biles (1 a 2 mil\u00edmetros) durante la primera quincena. En cuanto a temperaturas, ya se\u00a0 han registrados d\u00edas de calor (temperaturas m\u00e1ximas diarias iguales o superior a 25\u00b0C); el d\u00eda 4 de\u00a0 octubre se midieron 26,6 \u00b0C. Lo anterior es muy positivo para la acumulaci\u00f3n de d\u00edas-grado. Otra\u00a0 consideraci\u00f3n a tener en cuenta, es que estamos bajo la constante influencia del cambio clim\u00e1tico\u00a0 producto del calentamiento global. Lo anterior influye para que sean m\u00e1s err\u00e1ticas las\u00a0 condiciones pluviom\u00e9tricas y t\u00e9rmicas, sobre todo en la estaci\u00f3n primaveral. Sin embargo, las\u00a0 probabilidades sugieren que, a partir de noviembre, las variables meteorol\u00f3gicas debieran volver a\u00a0 ser consistentes; sin grandes altibajos; en la medida que el evento fr\u00edo La Ni\u00f1a se logre desarrollar,\u00a0 la cual tendr\u00eda caracter\u00edsticas d\u00e9biles.\u00a0<\/p>","protected":false},"excerpt":{"rendered":"<p>Patricio Gonz\u00e1lez Colville\u00a0<br \/>\nM.Sc.<br \/>\nDip. Agroclimatology, University of Israel.<\/p>","protected":false},"author":239,"featured_media":39857,"comment_status":"closed","ping_status":"open","sticky":false,"template":"","format":"standard","meta":{"_acf_changed":false,"inline_featured_image":false,"footnotes":""},"categories":[430],"tags":[206,1487],"category_proveedor":[],"pais":[],"class_list":["post-39854","post","type-post","status-publish","format-standard","has-post-thumbnail","hentry","category-clima","tag-clima","tag-patricio-gonzalez"],"acf":[],"yoast_head":"<!-- This site is optimized with the Yoast SEO Premium plugin v21.3 (Yoast SEO v27.3) - https:\/\/yoast.com\/product\/yoast-seo-premium-wordpress\/ -->\n<title>Informe agroclimatol\u00f3gico para el mes de octubre - Smartcherry<\/title>\n<meta name=\"robots\" content=\"index, follow, max-snippet:-1, max-image-preview:large, max-video-preview:-1\" \/>\n<link rel=\"canonical\" href=\"https:\/\/smartcherry.cl\/en\/clima\/informe-agroclimatologico-para-el-mes-de-octubre\/\" \/>\n<meta property=\"og:locale\" content=\"en_US\" \/>\n<meta property=\"og:type\" content=\"article\" \/>\n<meta property=\"og:title\" content=\"Informe agroclimatol\u00f3gico para el mes de octubre\" \/>\n<meta property=\"og:description\" content=\"Patricio Gonz\u00e1lez Colville\u00a0 M.Sc. Dip. Agroclimatolog\u00eda Universidad de Israel.\" \/>\n<meta property=\"og:url\" content=\"https:\/\/smartcherry.cl\/en\/clima\/informe-agroclimatologico-para-el-mes-de-octubre\/\" \/>\n<meta property=\"og:site_name\" content=\"Smartcherry\" \/>\n<meta property=\"article:publisher\" content=\"https:\/\/web.facebook.com\/SmartCherry.cl\/\" \/>\n<meta property=\"article:published_time\" content=\"2024-10-08T17:50:54+00:00\" \/>\n<meta property=\"article:modified_time\" content=\"2024-10-08T17:59:56+00:00\" \/>\n<meta property=\"og:image\" content=\"https:\/\/smartcherry.cl\/wp-content\/uploads\/2024\/10\/WhatsApp-Image-2024-10-08-at-14.45.29-scaled.jpeg\" \/>\n\t<meta property=\"og:image:width\" content=\"2560\" \/>\n\t<meta property=\"og:image:height\" content=\"1920\" \/>\n\t<meta property=\"og:image:type\" content=\"image\/jpeg\" \/>\n<meta name=\"author\" content=\"Andrea Garrido\" \/>\n<meta name=\"twitter:card\" content=\"summary_large_image\" \/>\n<meta name=\"twitter:creator\" content=\"@SmartCherry_cl\" \/>\n<meta name=\"twitter:site\" content=\"@SmartCherry_cl\" \/>\n<meta name=\"twitter:label1\" content=\"Written by\" \/>\n\t<meta name=\"twitter:data1\" content=\"Andrea Garrido\" \/>\n\t<meta name=\"twitter:label2\" content=\"Est. reading time\" \/>\n\t<meta name=\"twitter:data2\" content=\"4 minutes\" \/>\n<script type=\"application\/ld+json\" class=\"yoast-schema-graph\">{\"@context\":\"https:\\\/\\\/schema.org\",\"@graph\":[{\"@type\":\"Article\",\"@id\":\"https:\\\/\\\/smartcherry.cl\\\/clima\\\/informe-agroclimatologico-para-el-mes-de-octubre\\\/#article\",\"isPartOf\":{\"@id\":\"https:\\\/\\\/smartcherry.cl\\\/clima\\\/informe-agroclimatologico-para-el-mes-de-octubre\\\/\"},\"author\":{\"name\":\"Andrea Garrido\",\"@id\":\"https:\\\/\\\/smartcherry.cl\\\/#\\\/schema\\\/person\\\/8af97e16113dce4b990e1e4cec380025\"},\"headline\":\"Informe agroclimatol\u00f3gico para el mes de octubre\",\"datePublished\":\"2024-10-08T17:50:54+00:00\",\"dateModified\":\"2024-10-08T17:59:56+00:00\",\"mainEntityOfPage\":{\"@id\":\"https:\\\/\\\/smartcherry.cl\\\/clima\\\/informe-agroclimatologico-para-el-mes-de-octubre\\\/\"},\"wordCount\":613,\"publisher\":{\"@id\":\"https:\\\/\\\/smartcherry.cl\\\/#organization\"},\"image\":{\"@id\":\"https:\\\/\\\/smartcherry.cl\\\/clima\\\/informe-agroclimatologico-para-el-mes-de-octubre\\\/#primaryimage\"},\"thumbnailUrl\":\"https:\\\/\\\/smartcherry.cl\\\/wp-content\\\/uploads\\\/2024\\\/10\\\/WhatsApp-Image-2024-10-08-at-14.45.29-scaled.jpeg\",\"keywords\":[\"clima\",\"Patricio Gonz\u00e1lez\"],\"articleSection\":[\"Clima\"],\"inLanguage\":\"en-US\"},{\"@type\":\"WebPage\",\"@id\":\"https:\\\/\\\/smartcherry.cl\\\/clima\\\/informe-agroclimatologico-para-el-mes-de-octubre\\\/\",\"url\":\"https:\\\/\\\/smartcherry.cl\\\/clima\\\/informe-agroclimatologico-para-el-mes-de-octubre\\\/\",\"name\":\"Informe agroclimatol\u00f3gico para el mes de octubre - Smartcherry\",\"isPartOf\":{\"@id\":\"https:\\\/\\\/smartcherry.cl\\\/#website\"},\"primaryImageOfPage\":{\"@id\":\"https:\\\/\\\/smartcherry.cl\\\/clima\\\/informe-agroclimatologico-para-el-mes-de-octubre\\\/#primaryimage\"},\"image\":{\"@id\":\"https:\\\/\\\/smartcherry.cl\\\/clima\\\/informe-agroclimatologico-para-el-mes-de-octubre\\\/#primaryimage\"},\"thumbnailUrl\":\"https:\\\/\\\/smartcherry.cl\\\/wp-content\\\/uploads\\\/2024\\\/10\\\/WhatsApp-Image-2024-10-08-at-14.45.29-scaled.jpeg\",\"datePublished\":\"2024-10-08T17:50:54+00:00\",\"dateModified\":\"2024-10-08T17:59:56+00:00\",\"breadcrumb\":{\"@id\":\"https:\\\/\\\/smartcherry.cl\\\/clima\\\/informe-agroclimatologico-para-el-mes-de-octubre\\\/#breadcrumb\"},\"inLanguage\":\"en-US\",\"potentialAction\":[{\"@type\":\"ReadAction\",\"target\":[\"https:\\\/\\\/smartcherry.cl\\\/clima\\\/informe-agroclimatologico-para-el-mes-de-octubre\\\/\"]}]},{\"@type\":\"ImageObject\",\"inLanguage\":\"en-US\",\"@id\":\"https:\\\/\\\/smartcherry.cl\\\/clima\\\/informe-agroclimatologico-para-el-mes-de-octubre\\\/#primaryimage\",\"url\":\"https:\\\/\\\/smartcherry.cl\\\/wp-content\\\/uploads\\\/2024\\\/10\\\/WhatsApp-Image-2024-10-08-at-14.45.29-scaled.jpeg\",\"contentUrl\":\"https:\\\/\\\/smartcherry.cl\\\/wp-content\\\/uploads\\\/2024\\\/10\\\/WhatsApp-Image-2024-10-08-at-14.45.29-scaled.jpeg\",\"width\":2560,\"height\":1920},{\"@type\":\"BreadcrumbList\",\"@id\":\"https:\\\/\\\/smartcherry.cl\\\/clima\\\/informe-agroclimatologico-para-el-mes-de-octubre\\\/#breadcrumb\",\"itemListElement\":[{\"@type\":\"ListItem\",\"position\":1,\"name\":\"Home\",\"item\":\"https:\\\/\\\/smartcherry.cl\\\/\"},{\"@type\":\"ListItem\",\"position\":2,\"name\":\"Clima\",\"item\":\"https:\\\/\\\/smartcherry.cl\\\/category\\\/clima\\\/\"},{\"@type\":\"ListItem\",\"position\":3,\"name\":\"Informe agroclimatol\u00f3gico para el mes de octubre\"}]},{\"@type\":\"WebSite\",\"@id\":\"https:\\\/\\\/smartcherry.cl\\\/#website\",\"url\":\"https:\\\/\\\/smartcherry.cl\\\/\",\"name\":\"Smartcherry\",\"description\":\"Sitio de Smartcherry\",\"publisher\":{\"@id\":\"https:\\\/\\\/smartcherry.cl\\\/#organization\"},\"potentialAction\":[{\"@type\":\"SearchAction\",\"target\":{\"@type\":\"EntryPoint\",\"urlTemplate\":\"https:\\\/\\\/smartcherry.cl\\\/?s={search_term_string}\"},\"query-input\":{\"@type\":\"PropertyValueSpecification\",\"valueRequired\":true,\"valueName\":\"search_term_string\"}}],\"inLanguage\":\"en-US\"},{\"@type\":\"Organization\",\"@id\":\"https:\\\/\\\/smartcherry.cl\\\/#organization\",\"name\":\"SmartCherry\",\"url\":\"https:\\\/\\\/smartcherry.cl\\\/\",\"logo\":{\"@type\":\"ImageObject\",\"inLanguage\":\"en-US\",\"@id\":\"https:\\\/\\\/smartcherry.cl\\\/#\\\/schema\\\/logo\\\/image\\\/\",\"url\":\"https:\\\/\\\/smartcherry.cl\\\/wp-content\\\/uploads\\\/2022\\\/02\\\/logo_smartcherry.png\",\"contentUrl\":\"https:\\\/\\\/smartcherry.cl\\\/wp-content\\\/uploads\\\/2022\\\/02\\\/logo_smartcherry.png\",\"width\":411,\"height\":84,\"caption\":\"SmartCherry\"},\"image\":{\"@id\":\"https:\\\/\\\/smartcherry.cl\\\/#\\\/schema\\\/logo\\\/image\\\/\"},\"sameAs\":[\"https:\\\/\\\/web.facebook.com\\\/SmartCherry.cl\\\/\",\"https:\\\/\\\/x.com\\\/SmartCherry_cl\",\"https:\\\/\\\/www.linkedin.com\\\/company\\\/smartcherry\\\/\",\"https:\\\/\\\/www.instagram.com\\\/smartcherry_cl\\\/\",\"https:\\\/\\\/www.youtube.com\\\/channel\\\/UCe007LfgFFnntDgCcqICbPQ\"]},{\"@type\":\"Person\",\"@id\":\"https:\\\/\\\/smartcherry.cl\\\/#\\\/schema\\\/person\\\/8af97e16113dce4b990e1e4cec380025\",\"name\":\"Andrea Garrido\",\"image\":{\"@type\":\"ImageObject\",\"inLanguage\":\"en-US\",\"@id\":\"https:\\\/\\\/smartcherry.cl\\\/wp-content\\\/uploads\\\/2022\\\/03\\\/Andrea-Garrido-150x150.png\",\"url\":\"https:\\\/\\\/smartcherry.cl\\\/wp-content\\\/uploads\\\/2022\\\/03\\\/Andrea-Garrido-150x150.png\",\"contentUrl\":\"https:\\\/\\\/smartcherry.cl\\\/wp-content\\\/uploads\\\/2022\\\/03\\\/Andrea-Garrido-150x150.png\",\"caption\":\"Andrea Garrido\"},\"url\":\"https:\\\/\\\/smartcherry.cl\\\/en\\\/author\\\/agarrido\\\/\"}]}<\/script>\n<!-- \/ Yoast SEO Premium plugin. -->","yoast_head_json":{"title":"Informe agroclimatol\u00f3gico para el mes de octubre - Smartcherry","robots":{"index":"index","follow":"follow","max-snippet":"max-snippet:-1","max-image-preview":"max-image-preview:large","max-video-preview":"max-video-preview:-1"},"canonical":"https:\/\/smartcherry.cl\/en\/clima\/informe-agroclimatologico-para-el-mes-de-octubre\/","og_locale":"en_US","og_type":"article","og_title":"Informe agroclimatol\u00f3gico para el mes de octubre","og_description":"Patricio Gonz\u00e1lez Colville\u00a0 M.Sc. Dip. Agroclimatolog\u00eda Universidad de Israel.","og_url":"https:\/\/smartcherry.cl\/en\/clima\/informe-agroclimatologico-para-el-mes-de-octubre\/","og_site_name":"Smartcherry","article_publisher":"https:\/\/web.facebook.com\/SmartCherry.cl\/","article_published_time":"2024-10-08T17:50:54+00:00","article_modified_time":"2024-10-08T17:59:56+00:00","og_image":[{"width":2560,"height":1920,"url":"https:\/\/smartcherry.cl\/wp-content\/uploads\/2024\/10\/WhatsApp-Image-2024-10-08-at-14.45.29-scaled.jpeg","type":"image\/jpeg"}],"author":"Andrea Garrido","twitter_card":"summary_large_image","twitter_creator":"@SmartCherry_cl","twitter_site":"@SmartCherry_cl","twitter_misc":{"Written by":"Andrea Garrido","Est. reading time":"4 minutes"},"schema":{"@context":"https:\/\/schema.org","@graph":[{"@type":"Article","@id":"https:\/\/smartcherry.cl\/clima\/informe-agroclimatologico-para-el-mes-de-octubre\/#article","isPartOf":{"@id":"https:\/\/smartcherry.cl\/clima\/informe-agroclimatologico-para-el-mes-de-octubre\/"},"author":{"name":"Andrea Garrido","@id":"https:\/\/smartcherry.cl\/#\/schema\/person\/8af97e16113dce4b990e1e4cec380025"},"headline":"Informe agroclimatol\u00f3gico para el mes de octubre","datePublished":"2024-10-08T17:50:54+00:00","dateModified":"2024-10-08T17:59:56+00:00","mainEntityOfPage":{"@id":"https:\/\/smartcherry.cl\/clima\/informe-agroclimatologico-para-el-mes-de-octubre\/"},"wordCount":613,"publisher":{"@id":"https:\/\/smartcherry.cl\/#organization"},"image":{"@id":"https:\/\/smartcherry.cl\/clima\/informe-agroclimatologico-para-el-mes-de-octubre\/#primaryimage"},"thumbnailUrl":"https:\/\/smartcherry.cl\/wp-content\/uploads\/2024\/10\/WhatsApp-Image-2024-10-08-at-14.45.29-scaled.jpeg","keywords":["clima","Patricio Gonz\u00e1lez"],"articleSection":["Clima"],"inLanguage":"en-US"},{"@type":"WebPage","@id":"https:\/\/smartcherry.cl\/clima\/informe-agroclimatologico-para-el-mes-de-octubre\/","url":"https:\/\/smartcherry.cl\/clima\/informe-agroclimatologico-para-el-mes-de-octubre\/","name":"Informe agroclimatol\u00f3gico para el mes de octubre - Smartcherry","isPartOf":{"@id":"https:\/\/smartcherry.cl\/#website"},"primaryImageOfPage":{"@id":"https:\/\/smartcherry.cl\/clima\/informe-agroclimatologico-para-el-mes-de-octubre\/#primaryimage"},"image":{"@id":"https:\/\/smartcherry.cl\/clima\/informe-agroclimatologico-para-el-mes-de-octubre\/#primaryimage"},"thumbnailUrl":"https:\/\/smartcherry.cl\/wp-content\/uploads\/2024\/10\/WhatsApp-Image-2024-10-08-at-14.45.29-scaled.jpeg","datePublished":"2024-10-08T17:50:54+00:00","dateModified":"2024-10-08T17:59:56+00:00","breadcrumb":{"@id":"https:\/\/smartcherry.cl\/clima\/informe-agroclimatologico-para-el-mes-de-octubre\/#breadcrumb"},"inLanguage":"en-US","potentialAction":[{"@type":"ReadAction","target":["https:\/\/smartcherry.cl\/clima\/informe-agroclimatologico-para-el-mes-de-octubre\/"]}]},{"@type":"ImageObject","inLanguage":"en-US","@id":"https:\/\/smartcherry.cl\/clima\/informe-agroclimatologico-para-el-mes-de-octubre\/#primaryimage","url":"https:\/\/smartcherry.cl\/wp-content\/uploads\/2024\/10\/WhatsApp-Image-2024-10-08-at-14.45.29-scaled.jpeg","contentUrl":"https:\/\/smartcherry.cl\/wp-content\/uploads\/2024\/10\/WhatsApp-Image-2024-10-08-at-14.45.29-scaled.jpeg","width":2560,"height":1920},{"@type":"BreadcrumbList","@id":"https:\/\/smartcherry.cl\/clima\/informe-agroclimatologico-para-el-mes-de-octubre\/#breadcrumb","itemListElement":[{"@type":"ListItem","position":1,"name":"Home","item":"https:\/\/smartcherry.cl\/"},{"@type":"ListItem","position":2,"name":"Clima","item":"https:\/\/smartcherry.cl\/category\/clima\/"},{"@type":"ListItem","position":3,"name":"Informe agroclimatol\u00f3gico para el mes de octubre"}]},{"@type":"WebSite","@id":"https:\/\/smartcherry.cl\/#website","url":"https:\/\/smartcherry.cl\/","name":"Smartcherry","description":"Smartcherry Site","publisher":{"@id":"https:\/\/smartcherry.cl\/#organization"},"potentialAction":[{"@type":"SearchAction","target":{"@type":"EntryPoint","urlTemplate":"https:\/\/smartcherry.cl\/?s={search_term_string}"},"query-input":{"@type":"PropertyValueSpecification","valueRequired":true,"valueName":"search_term_string"}}],"inLanguage":"en-US"},{"@type":"Organization","@id":"https:\/\/smartcherry.cl\/#organization","name":"SmartCherry","url":"https:\/\/smartcherry.cl\/","logo":{"@type":"ImageObject","inLanguage":"en-US","@id":"https:\/\/smartcherry.cl\/#\/schema\/logo\/image\/","url":"https:\/\/smartcherry.cl\/wp-content\/uploads\/2022\/02\/logo_smartcherry.png","contentUrl":"https:\/\/smartcherry.cl\/wp-content\/uploads\/2022\/02\/logo_smartcherry.png","width":411,"height":84,"caption":"SmartCherry"},"image":{"@id":"https:\/\/smartcherry.cl\/#\/schema\/logo\/image\/"},"sameAs":["https:\/\/web.facebook.com\/SmartCherry.cl\/","https:\/\/x.com\/SmartCherry_cl","https:\/\/www.linkedin.com\/company\/smartcherry\/","https:\/\/www.instagram.com\/smartcherry_cl\/","https:\/\/www.youtube.com\/channel\/UCe007LfgFFnntDgCcqICbPQ"]},{"@type":"Person","@id":"https:\/\/smartcherry.cl\/#\/schema\/person\/8af97e16113dce4b990e1e4cec380025","name":"Andrea Garrido","image":{"@type":"ImageObject","inLanguage":"en-US","@id":"https:\/\/smartcherry.cl\/wp-content\/uploads\/2022\/03\/Andrea-Garrido-150x150.png","url":"https:\/\/smartcherry.cl\/wp-content\/uploads\/2022\/03\/Andrea-Garrido-150x150.png","contentUrl":"https:\/\/smartcherry.cl\/wp-content\/uploads\/2022\/03\/Andrea-Garrido-150x150.png","caption":"Andrea Garrido"},"url":"https:\/\/smartcherry.cl\/en\/author\/agarrido\/"}]}},"_links":{"self":[{"href":"https:\/\/smartcherry.cl\/en\/wp-json\/wp\/v2\/posts\/39854","targetHints":{"allow":["GET"]}}],"collection":[{"href":"https:\/\/smartcherry.cl\/en\/wp-json\/wp\/v2\/posts"}],"about":[{"href":"https:\/\/smartcherry.cl\/en\/wp-json\/wp\/v2\/types\/post"}],"author":[{"embeddable":true,"href":"https:\/\/smartcherry.cl\/en\/wp-json\/wp\/v2\/users\/239"}],"replies":[{"embeddable":true,"href":"https:\/\/smartcherry.cl\/en\/wp-json\/wp\/v2\/comments?post=39854"}],"version-history":[{"count":2,"href":"https:\/\/smartcherry.cl\/en\/wp-json\/wp\/v2\/posts\/39854\/revisions"}],"predecessor-version":[{"id":39862,"href":"https:\/\/smartcherry.cl\/en\/wp-json\/wp\/v2\/posts\/39854\/revisions\/39862"}],"wp:featuredmedia":[{"embeddable":true,"href":"https:\/\/smartcherry.cl\/en\/wp-json\/wp\/v2\/media\/39857"}],"wp:attachment":[{"href":"https:\/\/smartcherry.cl\/en\/wp-json\/wp\/v2\/media?parent=39854"}],"wp:term":[{"taxonomy":"category","embeddable":true,"href":"https:\/\/smartcherry.cl\/en\/wp-json\/wp\/v2\/categories?post=39854"},{"taxonomy":"post_tag","embeddable":true,"href":"https:\/\/smartcherry.cl\/en\/wp-json\/wp\/v2\/tags?post=39854"},{"taxonomy":"category_proveedor","embeddable":true,"href":"https:\/\/smartcherry.cl\/en\/wp-json\/wp\/v2\/category_proveedor?post=39854"},{"taxonomy":"pais","embeddable":true,"href":"https:\/\/smartcherry.cl\/en\/wp-json\/wp\/v2\/pais?post=39854"}],"curies":[{"name":"wp","href":"https:\/\/api.w.org\/{rel}","templated":true}]}}