{"id":35473,"date":"2024-08-06T13:53:20","date_gmt":"2024-08-06T17:53:20","guid":{"rendered":"https:\/\/smartcherry.cl\/?p=35473"},"modified":"2024-08-06T13:53:30","modified_gmt":"2024-08-06T17:53:30","slug":"como-estara-el-clima-en-agosto-cuales-son-las-proyecciones-para-los-siguientes-meses","status":"publish","type":"post","link":"https:\/\/smartcherry.cl\/en\/clima\/como-estara-el-clima-en-agosto-cuales-son-las-proyecciones-para-los-siguientes-meses\/","title":{"rendered":"What will the weather be like in August and what are the forecasts for the following months?"},"content":{"rendered":"<p>\u00a0<strong><em>Cold conditions and almost no rain characterized the month of July.\u00a0<\/em><\/strong><\/p>\n\n\n\n<figure class=\"wp-block-image aligncenter\"><img decoding=\"async\" src=\"https:\/\/lh7-rt.googleusercontent.com\/docsz\/AD_4nXc3wP4wpmyys9-_F_JdPcob89sIerq2kLq7YAqq2VAm9N36j3RVW7ss3F8WsqJaQ4CupRy7belDEACLq0r5CBRBrjJvmC8FOM6mjbXSDiVnSgNAF0upHEROAYv-y9fuILzz_I7ZQCVB_Vj_1ToWlZl-4-wo?key=2ELjgpXaxTEMgb6I7SIMNg\" alt=\"\"\/><\/figure>\n\n\n\n<p>The month of July was exceptional: there was practically no rain. Only 2.4 millimetres were measured, due to condensation from the constant morning fog. This lack of precipitation was compensated by frosts that covered almost half of the month. During the first fortnight, 11 days of frost were recorded: from the 5th to the 15th of the month; the most intense was -4.4\u00b0 C below zero on the 8th. In addition, the average duration ranged from 7 to 11 hours below zero. <\/p>\n\n\n\n<p>In total, July had 14 days of frost. It should be added that this month was diametrically opposed to June. In the latter period, 293.6 mm of rain fell and there was only one day with frost: -1.1\u00b0 C on the 25th.<\/p>\n\n\n\n<p>Regarding the Chilling Hours (CH), 339.0 were accumulated in May, 206.0 in June and 530.0 in July. The total, as of July 31, is 1075.0 CH. <\/p>\n\n\n\n<p>As for rainfall, Curic\u00f3 has accumulated 497.6 millimeters as of August 4. The normal amount should be 417.9 mm, which is why there is a surplus of 19.1%. Compared to the year 2023, at the same date, only 253.6 millimeters have been accumulated.\u00a0<\/p>\n\n\n\n<p class=\"has-text-align-left\"><strong><em>Projections for August 2024 in the context of the La Ni\u00f1a cold event.<\/em><\/strong><strong><em>&nbsp;<\/em><\/strong><\/p>\n\n\n\n<p class=\"has-text-align-center\">Chart 1. Probabilistic model for the development of a \u201cLa Ni\u00f1a\u201d cold event in the August-October 2024 quarter.&nbsp;<\/p>\n\n\n\n<p class=\"has-text-align-center\"><img decoding=\"async\" width=\"409\" height=\"44\" src=\"https:\/\/lh7-rt.googleusercontent.com\/docsz\/AD_4nXd5fkFX6rUihXeq-9ufxywtoQPJhxK_JLK0oW_uakNd276X9pk2eYM6JFoIGuS46DCn1rHC3LLYWahxvhJohvX1DWnwNqGXF_0XxNaRQZDmM0LzMo3u_uPIFsXmE7qXtvxUAPuce8VcEiyo4hiIZ_BWB-s?key=2ELjgpXaxTEMgb6I7SIMNg\"><img fetchpriority=\"high\" decoding=\"async\" width=\"609\" height=\"354\" src=\"https:\/\/lh7-rt.googleusercontent.com\/docsz\/AD_4nXdqHCdSO72nlU5aIvojso3603tZLqzG4yARiNaGcKDdLz-EpKCTxcidVemKBCgSFmFzc9qWRvKEq0obWnY5QufRuVq8mTLbPQnQH4I-Op0jarjGcVFrjcpHyyrqP0oIY3S2AP8d6mZkSy2Ra3UsaCytrDNL?key=2ELjgpXaxTEMgb6I7SIMNg\"><\/p>\n\n\n\n<p>It is important to analyze what is happening with the weather in August. Until Saturday 3rd, there had been 81.2 millimeters of precipitation in Curic\u00f3. In addition, there were winds of 52 kilometers per hour in the early hours of Saturday 2nd. Although this helps, along with the snowfall, to ensure the irrigation season, it can cause damage to the fruit trees both due to the accumulation of water on the farms and due to the force of the wind. <\/p>\n\n\n\n<p>We must say that, according to graph 1, the warm El Ni\u00f1o event has ended. Currently, the central equatorial climate and oceanographic system is in a neutral situation, waiting for the cold La Ni\u00f1a event to begin, which should happen in the August-October quarter with a probability of 80%. Therefore, August will continue with moderate rains: on the 5th and 6th, they should add up to about 25 millimeters. The projection estimates that between Wednesday the 7th and Tuesday the 13th, or Wednesday the 14th, the environment will be cold, humid and with the probability of frost, on some days, between 0\u00b0 C and -2\u00b0 C. <\/p>\n\n\n\n<p>Finally, spring conditions, in terms of rainfall deficit and late frosts in particular, will depend on the La Ni\u00f1a event starting to manifest between August and September. We will continue to monitor and report in our next September newsletter.\u00a0<\/p>","protected":false},"excerpt":{"rendered":"<p>Patricio Gonz\u00e1lez Colville &#8211; M.Sc. Dip. Agroclimatolog\u00eda Universidad de Israel.<\/p>","protected":false},"author":239,"featured_media":35486,"comment_status":"closed","ping_status":"open","sticky":false,"template":"","format":"standard","meta":{"_acf_changed":false,"inline_featured_image":false,"footnotes":""},"categories":[430],"tags":[206,3252,3595],"category_proveedor":[],"pais":[],"class_list":["post-35473","post","type-post","status-publish","format-standard","has-post-thumbnail","hentry","category-clima","tag-clima","tag-informe-agroclimatologico","tag-agosto-2024"],"acf":[],"yoast_head":"<!-- This site is optimized with the Yoast SEO Premium plugin v21.3 (Yoast SEO v27.3) - https:\/\/yoast.com\/product\/yoast-seo-premium-wordpress\/ -->\n<title>\u00bfC\u00f3mo estar\u00e1 el clima en agosto y cu\u00e1les son las proyecciones para los siguientes meses? - Smartcherry<\/title>\n<meta name=\"description\" content=\"Te invitamos a revisar un nuevo reporte agroclimatol\u00f3gico de la mano Patricio Gonz\u00e1lez, agroclimat\u00f3logo de la Universidad de Talca.\" \/>\n<meta name=\"robots\" content=\"index, follow, max-snippet:-1, max-image-preview:large, max-video-preview:-1\" \/>\n<link rel=\"canonical\" href=\"https:\/\/smartcherry.cl\/en\/clima\/como-estara-el-clima-en-agosto-cuales-son-las-proyecciones-para-los-siguientes-meses\/\" \/>\n<meta property=\"og:locale\" content=\"en_US\" \/>\n<meta property=\"og:type\" content=\"article\" \/>\n<meta property=\"og:title\" content=\"\u00bfC\u00f3mo estar\u00e1 el clima en agosto y cu\u00e1les son las proyecciones para los siguientes meses?\" \/>\n<meta property=\"og:description\" content=\"Te invitamos a revisar un nuevo reporte agroclimatol\u00f3gico de la mano Patricio Gonz\u00e1lez, agroclimat\u00f3logo de la Universidad de Talca.\" \/>\n<meta property=\"og:url\" content=\"https:\/\/smartcherry.cl\/en\/clima\/como-estara-el-clima-en-agosto-cuales-son-las-proyecciones-para-los-siguientes-meses\/\" \/>\n<meta property=\"og:site_name\" content=\"Smartcherry\" \/>\n<meta property=\"article:publisher\" content=\"https:\/\/web.facebook.com\/SmartCherry.cl\/\" \/>\n<meta property=\"article:published_time\" content=\"2024-08-06T17:53:20+00:00\" \/>\n<meta property=\"article:modified_time\" content=\"2024-08-06T17:53:30+00:00\" \/>\n<meta property=\"og:image\" content=\"https:\/\/smartcherry.cl\/wp-content\/uploads\/2024\/08\/portada-1400x800-5.png\" \/>\n\t<meta property=\"og:image:width\" content=\"1400\" \/>\n\t<meta property=\"og:image:height\" content=\"800\" \/>\n\t<meta property=\"og:image:type\" content=\"image\/png\" \/>\n<meta name=\"author\" content=\"Andrea Garrido\" \/>\n<meta name=\"twitter:card\" content=\"summary_large_image\" \/>\n<meta name=\"twitter:creator\" content=\"@SmartCherry_cl\" \/>\n<meta name=\"twitter:site\" content=\"@SmartCherry_cl\" \/>\n<meta name=\"twitter:label1\" content=\"Written by\" \/>\n\t<meta name=\"twitter:data1\" content=\"Andrea Garrido\" \/>\n\t<meta name=\"twitter:label2\" content=\"Est. reading time\" \/>\n\t<meta name=\"twitter:data2\" content=\"3 minutes\" \/>\n<script type=\"application\/ld+json\" class=\"yoast-schema-graph\">{\"@context\":\"https:\\\/\\\/schema.org\",\"@graph\":[{\"@type\":\"Article\",\"@id\":\"https:\\\/\\\/smartcherry.cl\\\/clima\\\/como-estara-el-clima-en-agosto-cuales-son-las-proyecciones-para-los-siguientes-meses\\\/#article\",\"isPartOf\":{\"@id\":\"https:\\\/\\\/smartcherry.cl\\\/clima\\\/como-estara-el-clima-en-agosto-cuales-son-las-proyecciones-para-los-siguientes-meses\\\/\"},\"author\":{\"name\":\"Andrea Garrido\",\"@id\":\"https:\\\/\\\/smartcherry.cl\\\/#\\\/schema\\\/person\\\/8af97e16113dce4b990e1e4cec380025\"},\"headline\":\"\u00bfC\u00f3mo estar\u00e1 el clima en agosto y cu\u00e1les son las proyecciones para los siguientes meses?\",\"datePublished\":\"2024-08-06T17:53:20+00:00\",\"dateModified\":\"2024-08-06T17:53:30+00:00\",\"mainEntityOfPage\":{\"@id\":\"https:\\\/\\\/smartcherry.cl\\\/clima\\\/como-estara-el-clima-en-agosto-cuales-son-las-proyecciones-para-los-siguientes-meses\\\/\"},\"wordCount\":482,\"publisher\":{\"@id\":\"https:\\\/\\\/smartcherry.cl\\\/#organization\"},\"image\":{\"@id\":\"https:\\\/\\\/smartcherry.cl\\\/clima\\\/como-estara-el-clima-en-agosto-cuales-son-las-proyecciones-para-los-siguientes-meses\\\/#primaryimage\"},\"thumbnailUrl\":\"https:\\\/\\\/smartcherry.cl\\\/wp-content\\\/uploads\\\/2024\\\/08\\\/portada-1400x800-5.png\",\"keywords\":[\"clima\",\"informe agroclimatol\u00f3gico\",\"Agosto 2024\"],\"articleSection\":[\"Clima\"],\"inLanguage\":\"en-US\"},{\"@type\":\"WebPage\",\"@id\":\"https:\\\/\\\/smartcherry.cl\\\/clima\\\/como-estara-el-clima-en-agosto-cuales-son-las-proyecciones-para-los-siguientes-meses\\\/\",\"url\":\"https:\\\/\\\/smartcherry.cl\\\/clima\\\/como-estara-el-clima-en-agosto-cuales-son-las-proyecciones-para-los-siguientes-meses\\\/\",\"name\":\"\u00bfC\u00f3mo estar\u00e1 el clima en agosto y cu\u00e1les son las proyecciones para los siguientes meses? - Smartcherry\",\"isPartOf\":{\"@id\":\"https:\\\/\\\/smartcherry.cl\\\/#website\"},\"primaryImageOfPage\":{\"@id\":\"https:\\\/\\\/smartcherry.cl\\\/clima\\\/como-estara-el-clima-en-agosto-cuales-son-las-proyecciones-para-los-siguientes-meses\\\/#primaryimage\"},\"image\":{\"@id\":\"https:\\\/\\\/smartcherry.cl\\\/clima\\\/como-estara-el-clima-en-agosto-cuales-son-las-proyecciones-para-los-siguientes-meses\\\/#primaryimage\"},\"thumbnailUrl\":\"https:\\\/\\\/smartcherry.cl\\\/wp-content\\\/uploads\\\/2024\\\/08\\\/portada-1400x800-5.png\",\"datePublished\":\"2024-08-06T17:53:20+00:00\",\"dateModified\":\"2024-08-06T17:53:30+00:00\",\"description\":\"Te invitamos a revisar un nuevo reporte agroclimatol\u00f3gico de la mano Patricio Gonz\u00e1lez, agroclimat\u00f3logo de la Universidad de Talca.\",\"breadcrumb\":{\"@id\":\"https:\\\/\\\/smartcherry.cl\\\/clima\\\/como-estara-el-clima-en-agosto-cuales-son-las-proyecciones-para-los-siguientes-meses\\\/#breadcrumb\"},\"inLanguage\":\"en-US\",\"potentialAction\":[{\"@type\":\"ReadAction\",\"target\":[\"https:\\\/\\\/smartcherry.cl\\\/clima\\\/como-estara-el-clima-en-agosto-cuales-son-las-proyecciones-para-los-siguientes-meses\\\/\"]}]},{\"@type\":\"ImageObject\",\"inLanguage\":\"en-US\",\"@id\":\"https:\\\/\\\/smartcherry.cl\\\/clima\\\/como-estara-el-clima-en-agosto-cuales-son-las-proyecciones-para-los-siguientes-meses\\\/#primaryimage\",\"url\":\"https:\\\/\\\/smartcherry.cl\\\/wp-content\\\/uploads\\\/2024\\\/08\\\/portada-1400x800-5.png\",\"contentUrl\":\"https:\\\/\\\/smartcherry.cl\\\/wp-content\\\/uploads\\\/2024\\\/08\\\/portada-1400x800-5.png\",\"width\":1400,\"height\":800},{\"@type\":\"BreadcrumbList\",\"@id\":\"https:\\\/\\\/smartcherry.cl\\\/clima\\\/como-estara-el-clima-en-agosto-cuales-son-las-proyecciones-para-los-siguientes-meses\\\/#breadcrumb\",\"itemListElement\":[{\"@type\":\"ListItem\",\"position\":1,\"name\":\"Home\",\"item\":\"https:\\\/\\\/smartcherry.cl\\\/\"},{\"@type\":\"ListItem\",\"position\":2,\"name\":\"Clima\",\"item\":\"https:\\\/\\\/smartcherry.cl\\\/category\\\/clima\\\/\"},{\"@type\":\"ListItem\",\"position\":3,\"name\":\"\u00bfC\u00f3mo estar\u00e1 el clima en agosto y cu\u00e1les son las proyecciones para los siguientes meses?\"}]},{\"@type\":\"WebSite\",\"@id\":\"https:\\\/\\\/smartcherry.cl\\\/#website\",\"url\":\"https:\\\/\\\/smartcherry.cl\\\/\",\"name\":\"Smartcherry\",\"description\":\"Sitio de Smartcherry\",\"publisher\":{\"@id\":\"https:\\\/\\\/smartcherry.cl\\\/#organization\"},\"potentialAction\":[{\"@type\":\"SearchAction\",\"target\":{\"@type\":\"EntryPoint\",\"urlTemplate\":\"https:\\\/\\\/smartcherry.cl\\\/?s={search_term_string}\"},\"query-input\":{\"@type\":\"PropertyValueSpecification\",\"valueRequired\":true,\"valueName\":\"search_term_string\"}}],\"inLanguage\":\"en-US\"},{\"@type\":\"Organization\",\"@id\":\"https:\\\/\\\/smartcherry.cl\\\/#organization\",\"name\":\"SmartCherry\",\"url\":\"https:\\\/\\\/smartcherry.cl\\\/\",\"logo\":{\"@type\":\"ImageObject\",\"inLanguage\":\"en-US\",\"@id\":\"https:\\\/\\\/smartcherry.cl\\\/#\\\/schema\\\/logo\\\/image\\\/\",\"url\":\"https:\\\/\\\/smartcherry.cl\\\/wp-content\\\/uploads\\\/2022\\\/02\\\/logo_smartcherry.png\",\"contentUrl\":\"https:\\\/\\\/smartcherry.cl\\\/wp-content\\\/uploads\\\/2022\\\/02\\\/logo_smartcherry.png\",\"width\":411,\"height\":84,\"caption\":\"SmartCherry\"},\"image\":{\"@id\":\"https:\\\/\\\/smartcherry.cl\\\/#\\\/schema\\\/logo\\\/image\\\/\"},\"sameAs\":[\"https:\\\/\\\/web.facebook.com\\\/SmartCherry.cl\\\/\",\"https:\\\/\\\/x.com\\\/SmartCherry_cl\",\"https:\\\/\\\/www.linkedin.com\\\/company\\\/smartcherry\\\/\",\"https:\\\/\\\/www.instagram.com\\\/smartcherry_cl\\\/\",\"https:\\\/\\\/www.youtube.com\\\/channel\\\/UCe007LfgFFnntDgCcqICbPQ\"]},{\"@type\":\"Person\",\"@id\":\"https:\\\/\\\/smartcherry.cl\\\/#\\\/schema\\\/person\\\/8af97e16113dce4b990e1e4cec380025\",\"name\":\"Andrea Garrido\",\"image\":{\"@type\":\"ImageObject\",\"inLanguage\":\"en-US\",\"@id\":\"https:\\\/\\\/smartcherry.cl\\\/wp-content\\\/uploads\\\/2022\\\/03\\\/Andrea-Garrido-150x150.png\",\"url\":\"https:\\\/\\\/smartcherry.cl\\\/wp-content\\\/uploads\\\/2022\\\/03\\\/Andrea-Garrido-150x150.png\",\"contentUrl\":\"https:\\\/\\\/smartcherry.cl\\\/wp-content\\\/uploads\\\/2022\\\/03\\\/Andrea-Garrido-150x150.png\",\"caption\":\"Andrea Garrido\"},\"url\":\"https:\\\/\\\/smartcherry.cl\\\/en\\\/author\\\/agarrido\\\/\"}]}<\/script>\n<!-- \/ Yoast SEO Premium plugin. -->","yoast_head_json":{"title":"\u00bfC\u00f3mo estar\u00e1 el clima en agosto y cu\u00e1les son las proyecciones para los siguientes meses? - Smartcherry","description":"Te invitamos a revisar un nuevo reporte agroclimatol\u00f3gico de la mano Patricio Gonz\u00e1lez, agroclimat\u00f3logo de la Universidad de Talca.","robots":{"index":"index","follow":"follow","max-snippet":"max-snippet:-1","max-image-preview":"max-image-preview:large","max-video-preview":"max-video-preview:-1"},"canonical":"https:\/\/smartcherry.cl\/en\/clima\/como-estara-el-clima-en-agosto-cuales-son-las-proyecciones-para-los-siguientes-meses\/","og_locale":"en_US","og_type":"article","og_title":"\u00bfC\u00f3mo estar\u00e1 el clima en agosto y cu\u00e1les son las proyecciones para los siguientes meses?","og_description":"Te invitamos a revisar un nuevo reporte agroclimatol\u00f3gico de la mano Patricio Gonz\u00e1lez, agroclimat\u00f3logo de la Universidad de Talca.","og_url":"https:\/\/smartcherry.cl\/en\/clima\/como-estara-el-clima-en-agosto-cuales-son-las-proyecciones-para-los-siguientes-meses\/","og_site_name":"Smartcherry","article_publisher":"https:\/\/web.facebook.com\/SmartCherry.cl\/","article_published_time":"2024-08-06T17:53:20+00:00","article_modified_time":"2024-08-06T17:53:30+00:00","og_image":[{"width":1400,"height":800,"url":"https:\/\/smartcherry.cl\/wp-content\/uploads\/2024\/08\/portada-1400x800-5.png","type":"image\/png"}],"author":"Andrea Garrido","twitter_card":"summary_large_image","twitter_creator":"@SmartCherry_cl","twitter_site":"@SmartCherry_cl","twitter_misc":{"Written by":"Andrea Garrido","Est. reading time":"3 minutes"},"schema":{"@context":"https:\/\/schema.org","@graph":[{"@type":"Article","@id":"https:\/\/smartcherry.cl\/clima\/como-estara-el-clima-en-agosto-cuales-son-las-proyecciones-para-los-siguientes-meses\/#article","isPartOf":{"@id":"https:\/\/smartcherry.cl\/clima\/como-estara-el-clima-en-agosto-cuales-son-las-proyecciones-para-los-siguientes-meses\/"},"author":{"name":"Andrea Garrido","@id":"https:\/\/smartcherry.cl\/#\/schema\/person\/8af97e16113dce4b990e1e4cec380025"},"headline":"\u00bfC\u00f3mo estar\u00e1 el clima en agosto y cu\u00e1les son las proyecciones para los siguientes meses?","datePublished":"2024-08-06T17:53:20+00:00","dateModified":"2024-08-06T17:53:30+00:00","mainEntityOfPage":{"@id":"https:\/\/smartcherry.cl\/clima\/como-estara-el-clima-en-agosto-cuales-son-las-proyecciones-para-los-siguientes-meses\/"},"wordCount":482,"publisher":{"@id":"https:\/\/smartcherry.cl\/#organization"},"image":{"@id":"https:\/\/smartcherry.cl\/clima\/como-estara-el-clima-en-agosto-cuales-son-las-proyecciones-para-los-siguientes-meses\/#primaryimage"},"thumbnailUrl":"https:\/\/smartcherry.cl\/wp-content\/uploads\/2024\/08\/portada-1400x800-5.png","keywords":["clima","informe agroclimatol\u00f3gico","Agosto 2024"],"articleSection":["Clima"],"inLanguage":"en-US"},{"@type":"WebPage","@id":"https:\/\/smartcherry.cl\/clima\/como-estara-el-clima-en-agosto-cuales-son-las-proyecciones-para-los-siguientes-meses\/","url":"https:\/\/smartcherry.cl\/clima\/como-estara-el-clima-en-agosto-cuales-son-las-proyecciones-para-los-siguientes-meses\/","name":"\u00bfC\u00f3mo estar\u00e1 el clima en agosto y cu\u00e1les son las proyecciones para los siguientes meses? - Smartcherry","isPartOf":{"@id":"https:\/\/smartcherry.cl\/#website"},"primaryImageOfPage":{"@id":"https:\/\/smartcherry.cl\/clima\/como-estara-el-clima-en-agosto-cuales-son-las-proyecciones-para-los-siguientes-meses\/#primaryimage"},"image":{"@id":"https:\/\/smartcherry.cl\/clima\/como-estara-el-clima-en-agosto-cuales-son-las-proyecciones-para-los-siguientes-meses\/#primaryimage"},"thumbnailUrl":"https:\/\/smartcherry.cl\/wp-content\/uploads\/2024\/08\/portada-1400x800-5.png","datePublished":"2024-08-06T17:53:20+00:00","dateModified":"2024-08-06T17:53:30+00:00","description":"Te invitamos a revisar un nuevo reporte agroclimatol\u00f3gico de la mano Patricio Gonz\u00e1lez, agroclimat\u00f3logo de la Universidad de Talca.","breadcrumb":{"@id":"https:\/\/smartcherry.cl\/clima\/como-estara-el-clima-en-agosto-cuales-son-las-proyecciones-para-los-siguientes-meses\/#breadcrumb"},"inLanguage":"en-US","potentialAction":[{"@type":"ReadAction","target":["https:\/\/smartcherry.cl\/clima\/como-estara-el-clima-en-agosto-cuales-son-las-proyecciones-para-los-siguientes-meses\/"]}]},{"@type":"ImageObject","inLanguage":"en-US","@id":"https:\/\/smartcherry.cl\/clima\/como-estara-el-clima-en-agosto-cuales-son-las-proyecciones-para-los-siguientes-meses\/#primaryimage","url":"https:\/\/smartcherry.cl\/wp-content\/uploads\/2024\/08\/portada-1400x800-5.png","contentUrl":"https:\/\/smartcherry.cl\/wp-content\/uploads\/2024\/08\/portada-1400x800-5.png","width":1400,"height":800},{"@type":"BreadcrumbList","@id":"https:\/\/smartcherry.cl\/clima\/como-estara-el-clima-en-agosto-cuales-son-las-proyecciones-para-los-siguientes-meses\/#breadcrumb","itemListElement":[{"@type":"ListItem","position":1,"name":"Home","item":"https:\/\/smartcherry.cl\/"},{"@type":"ListItem","position":2,"name":"Clima","item":"https:\/\/smartcherry.cl\/category\/clima\/"},{"@type":"ListItem","position":3,"name":"\u00bfC\u00f3mo estar\u00e1 el clima en agosto y cu\u00e1les son las proyecciones para los siguientes meses?"}]},{"@type":"WebSite","@id":"https:\/\/smartcherry.cl\/#website","url":"https:\/\/smartcherry.cl\/","name":"Smartcherry","description":"Smartcherry Site","publisher":{"@id":"https:\/\/smartcherry.cl\/#organization"},"potentialAction":[{"@type":"SearchAction","target":{"@type":"EntryPoint","urlTemplate":"https:\/\/smartcherry.cl\/?s={search_term_string}"},"query-input":{"@type":"PropertyValueSpecification","valueRequired":true,"valueName":"search_term_string"}}],"inLanguage":"en-US"},{"@type":"Organization","@id":"https:\/\/smartcherry.cl\/#organization","name":"SmartCherry","url":"https:\/\/smartcherry.cl\/","logo":{"@type":"ImageObject","inLanguage":"en-US","@id":"https:\/\/smartcherry.cl\/#\/schema\/logo\/image\/","url":"https:\/\/smartcherry.cl\/wp-content\/uploads\/2022\/02\/logo_smartcherry.png","contentUrl":"https:\/\/smartcherry.cl\/wp-content\/uploads\/2022\/02\/logo_smartcherry.png","width":411,"height":84,"caption":"SmartCherry"},"image":{"@id":"https:\/\/smartcherry.cl\/#\/schema\/logo\/image\/"},"sameAs":["https:\/\/web.facebook.com\/SmartCherry.cl\/","https:\/\/x.com\/SmartCherry_cl","https:\/\/www.linkedin.com\/company\/smartcherry\/","https:\/\/www.instagram.com\/smartcherry_cl\/","https:\/\/www.youtube.com\/channel\/UCe007LfgFFnntDgCcqICbPQ"]},{"@type":"Person","@id":"https:\/\/smartcherry.cl\/#\/schema\/person\/8af97e16113dce4b990e1e4cec380025","name":"Andrea Garrido","image":{"@type":"ImageObject","inLanguage":"en-US","@id":"https:\/\/smartcherry.cl\/wp-content\/uploads\/2022\/03\/Andrea-Garrido-150x150.png","url":"https:\/\/smartcherry.cl\/wp-content\/uploads\/2022\/03\/Andrea-Garrido-150x150.png","contentUrl":"https:\/\/smartcherry.cl\/wp-content\/uploads\/2022\/03\/Andrea-Garrido-150x150.png","caption":"Andrea Garrido"},"url":"https:\/\/smartcherry.cl\/en\/author\/agarrido\/"}]}},"_links":{"self":[{"href":"https:\/\/smartcherry.cl\/en\/wp-json\/wp\/v2\/posts\/35473","targetHints":{"allow":["GET"]}}],"collection":[{"href":"https:\/\/smartcherry.cl\/en\/wp-json\/wp\/v2\/posts"}],"about":[{"href":"https:\/\/smartcherry.cl\/en\/wp-json\/wp\/v2\/types\/post"}],"author":[{"embeddable":true,"href":"https:\/\/smartcherry.cl\/en\/wp-json\/wp\/v2\/users\/239"}],"replies":[{"embeddable":true,"href":"https:\/\/smartcherry.cl\/en\/wp-json\/wp\/v2\/comments?post=35473"}],"version-history":[{"count":2,"href":"https:\/\/smartcherry.cl\/en\/wp-json\/wp\/v2\/posts\/35473\/revisions"}],"predecessor-version":[{"id":35488,"href":"https:\/\/smartcherry.cl\/en\/wp-json\/wp\/v2\/posts\/35473\/revisions\/35488"}],"wp:featuredmedia":[{"embeddable":true,"href":"https:\/\/smartcherry.cl\/en\/wp-json\/wp\/v2\/media\/35486"}],"wp:attachment":[{"href":"https:\/\/smartcherry.cl\/en\/wp-json\/wp\/v2\/media?parent=35473"}],"wp:term":[{"taxonomy":"category","embeddable":true,"href":"https:\/\/smartcherry.cl\/en\/wp-json\/wp\/v2\/categories?post=35473"},{"taxonomy":"post_tag","embeddable":true,"href":"https:\/\/smartcherry.cl\/en\/wp-json\/wp\/v2\/tags?post=35473"},{"taxonomy":"category_proveedor","embeddable":true,"href":"https:\/\/smartcherry.cl\/en\/wp-json\/wp\/v2\/category_proveedor?post=35473"},{"taxonomy":"pais","embeddable":true,"href":"https:\/\/smartcherry.cl\/en\/wp-json\/wp\/v2\/pais?post=35473"}],"curies":[{"name":"wp","href":"https:\/\/api.w.org\/{rel}","templated":true}]}}