{"id":35246,"date":"2024-07-26T22:27:19","date_gmt":"2024-07-27T02:27:19","guid":{"rendered":"https:\/\/smartcherry.cl\/?p=35246"},"modified":"2024-07-26T22:27:27","modified_gmt":"2024-07-27T02:27:27","slug":"8-charlas-tecnico-comerciales-y-un-dia-de-campo-conformarannueva-edicion-de-cherry-day","status":"publish","type":"post","link":"https:\/\/smartcherry.cl\/en\/noticias\/8-charlas-tecnico-comerciales-y-un-dia-de-campo-conformarannueva-edicion-de-cherry-day\/","title":{"rendered":"8 technical-commercial talks and a field day will make up the new edition of Cherry Day"},"content":{"rendered":"<p class=\"wp-block-paragraph\"><strong><em>The event will be held in Neuqu\u00e9n, Argentina, and will feature local exhibitors from Chile, South Africa and Tasmania.<br><\/em><\/strong><\/p>\n\n\n\n<p class=\"wp-block-paragraph\">The Argentine Chamber of Integrated Cherry Producers, CAPCI, announced the date and place where a new version of Cherry Day will be held; the most important event of the Argentine cherry industry will take place on August 28 and 29 in Neuqu\u00e9n, and includes a day of technical-commercial exhibitions and a field day.<br><\/p>\n\n\n\n<p class=\"wp-block-paragraph\"><em>\u201cCherry Day is an annual event organized by CAPCI, but this year we are calling it Anniversary Cherry Day, as it is a special event because the Argentine Chamber of Integrated Cherry Producers is celebrating its tenth anniversary, and taking advantage of this birthday we are going to have a diverse series of conferences on August 28, where we are going to address topics on the market situation for Argentina and technical topics, inviting prominent speakers from Chile, South Africa and Tasmania, in addition to Argentine speakers.\u201d <\/em>explained An\u00edbal Caminiti, Manager of the organizing entity.<\/p>\n\n\n\n<p class=\"wp-block-paragraph\"><br>Among the Argentine exhibitors are Betina Ernst, Juan Carlos Puj\u00f3 and Tom\u00e1s Lochbaum; specialists Jordi Casas and Valeria Lepe will be present from Chile, while Gert Eastes, cherry producer and director of Cherry Ridge, and Peter Cornish, executive director of Fruit Grower, will be present from South Africa and Tasmania, respectively.<br><\/p>\n\n\n\n<p class=\"wp-block-paragraph\">The talks will address various topics of interest to the cherry industry, such as early cherry production through the experience of South Africa; commercial aspects of quality and differential market insertion that Tasmania is carrying out, with its cherry quality strongly recognized in the Southeast Asian markets; new varieties in Argentina; management to advance the early production of traditional varieties such as Santina and Royal Dawn; induced pitting in selection and packaging lines, etc.<\/p>\n\n\n\n<p class=\"wp-block-paragraph\"><em>\u201cAfter the presentations, we will have a panel made up of various CAPCI actors throughout Argentina, from Mendoza to Santa Cruz, where we will talk about the present and future of the Argentine cherry sector. We invite everyone who wants to participate. It will be an interesting day, with the support of many sponsors. We will have a showroom and, as always, a meeting of the Argentine cherry industry to interact, talk, and see new proposals. On August 28, we will be waiting for you in Neuqu\u00e9n with a series of conferences, and on the 29th we will close with a visit to the field.\u201d<\/em> Caminiti added.<\/p>\n\n\n\n<p class=\"wp-block-paragraph\"><br>Ticket and sponsorship sales for Cherry Day 2024 are now available on their website <a href=\"http:\/\/www.cherryday.org\">www.cherryday.org<\/a>.<\/p>\n\n\n\n<figure class=\"wp-block-image size-large\"><img fetchpriority=\"high\" decoding=\"async\" width=\"1024\" height=\"1024\" src=\"https:\/\/smartcherry.cl\/wp-content\/uploads\/2024\/07\/POST-MAILING-FECHA-1-1024x1024.jpg\" alt=\"\" class=\"wp-image-35213\" srcset=\"https:\/\/smartcherry.cl\/wp-content\/uploads\/2024\/07\/POST-MAILING-FECHA-1-1024x1024.jpg 1024w, https:\/\/smartcherry.cl\/wp-content\/uploads\/2024\/07\/POST-MAILING-FECHA-1-300x300.jpg 300w, https:\/\/smartcherry.cl\/wp-content\/uploads\/2024\/07\/POST-MAILING-FECHA-1-150x150.jpg 150w, https:\/\/smartcherry.cl\/wp-content\/uploads\/2024\/07\/POST-MAILING-FECHA-1-768x768.jpg 768w, https:\/\/smartcherry.cl\/wp-content\/uploads\/2024\/07\/POST-MAILING-FECHA-1-24x24.jpg 24w, https:\/\/smartcherry.cl\/wp-content\/uploads\/2024\/07\/POST-MAILING-FECHA-1-48x48.jpg 48w, https:\/\/smartcherry.cl\/wp-content\/uploads\/2024\/07\/POST-MAILING-FECHA-1-96x96.jpg 96w, https:\/\/smartcherry.cl\/wp-content\/uploads\/2024\/07\/POST-MAILING-FECHA-1.jpg 1181w\" sizes=\"(max-width: 1024px) 100vw, 1024px\" \/><\/figure>","protected":false},"excerpt":{"rendered":"<p>August 28 and 29.<\/p>","protected":false},"author":239,"featured_media":35249,"comment_status":"closed","ping_status":"open","sticky":false,"template":"","format":"standard","meta":{"_acf_changed":false,"inline_featured_image":false,"footnotes":""},"categories":[35],"tags":[182,1935],"category_proveedor":[],"pais":[],"class_list":["post-35246","post","type-post","status-publish","format-standard","has-post-thumbnail","hentry","category-noticias","tag-argentina","tag-cherry-day"],"acf":[],"yoast_head":"<!-- This site is optimized with the Yoast SEO Premium plugin v21.3 (Yoast SEO v28.3) - https:\/\/yoast.com\/product\/yoast-seo-premium-wordpress\/ -->\n<title>8 charlas t\u00e9cnico-comerciales y un d\u00eda de campo conformar\u00e1n nueva edici\u00f3n de Cherry Day - Smartcherry<\/title>\n<meta name=\"description\" content=\"Conoce los detalles de la edici\u00f3n de Cherry Day 2024 que se llevar\u00e1 a cabo en Neuqu\u00e9n, Argentina, en agosto.\" \/>\n<meta name=\"robots\" content=\"index, follow, max-snippet:-1, max-image-preview:large, max-video-preview:-1\" \/>\n<link rel=\"canonical\" href=\"https:\/\/smartcherry.cl\/en\/noticias\/8-charlas-tecnico-comerciales-y-un-dia-de-campo-conformarannueva-edicion-de-cherry-day\/\" \/>\n<meta property=\"og:locale\" content=\"en_US\" \/>\n<meta property=\"og:type\" content=\"article\" \/>\n<meta property=\"og:title\" content=\"8 charlas t\u00e9cnico-comerciales y un d\u00eda de campo conformar\u00e1n nueva edici\u00f3n de Cherry Day\" \/>\n<meta property=\"og:description\" content=\"Conoce los detalles de la edici\u00f3n de Cherry Day 2024 que se llevar\u00e1 a cabo en Neuqu\u00e9n, Argentina, en agosto.\" \/>\n<meta property=\"og:url\" content=\"https:\/\/smartcherry.cl\/en\/noticias\/8-charlas-tecnico-comerciales-y-un-dia-de-campo-conformarannueva-edicion-de-cherry-day\/\" \/>\n<meta property=\"og:site_name\" content=\"Smartcherry\" \/>\n<meta property=\"article:publisher\" content=\"https:\/\/web.facebook.com\/SmartCherry.cl\/\" \/>\n<meta property=\"article:published_time\" content=\"2024-07-27T02:27:19+00:00\" \/>\n<meta property=\"article:modified_time\" content=\"2024-07-27T02:27:27+00:00\" \/>\n<meta property=\"og:image\" content=\"https:\/\/smartcherry.cl\/wp-content\/uploads\/2024\/07\/Cherry-Day-.jpeg\" \/>\n\t<meta property=\"og:image:width\" content=\"1024\" \/>\n\t<meta property=\"og:image:height\" content=\"768\" \/>\n\t<meta property=\"og:image:type\" content=\"image\/jpeg\" \/>\n<meta name=\"author\" content=\"Andrea Garrido\" \/>\n<meta name=\"twitter:card\" content=\"summary_large_image\" \/>\n<meta name=\"twitter:creator\" content=\"@SmartCherry_cl\" \/>\n<meta name=\"twitter:site\" content=\"@SmartCherry_cl\" \/>\n<meta name=\"twitter:label1\" content=\"Written by\" \/>\n\t<meta name=\"twitter:data1\" content=\"Andrea Garrido\" \/>\n\t<meta name=\"twitter:label2\" content=\"Est. reading time\" \/>\n\t<meta name=\"twitter:data2\" content=\"3 minutes\" \/>\n<script type=\"application\/ld+json\" class=\"yoast-schema-graph\">{\"@context\":\"https:\\\/\\\/schema.org\",\"@graph\":[{\"@type\":\"Article\",\"@id\":\"https:\\\/\\\/smartcherry.cl\\\/noticias\\\/8-charlas-tecnico-comerciales-y-un-dia-de-campo-conformarannueva-edicion-de-cherry-day\\\/#article\",\"isPartOf\":{\"@id\":\"https:\\\/\\\/smartcherry.cl\\\/noticias\\\/8-charlas-tecnico-comerciales-y-un-dia-de-campo-conformarannueva-edicion-de-cherry-day\\\/\"},\"author\":{\"name\":\"Andrea Garrido\",\"@id\":\"https:\\\/\\\/smartcherry.cl\\\/#\\\/schema\\\/person\\\/8af97e16113dce4b990e1e4cec380025\"},\"headline\":\"8 charlas t\u00e9cnico-comerciales y un d\u00eda de campo conformar\u00e1n nueva edici\u00f3n de Cherry Day\",\"datePublished\":\"2024-07-27T02:27:19+00:00\",\"dateModified\":\"2024-07-27T02:27:27+00:00\",\"mainEntityOfPage\":{\"@id\":\"https:\\\/\\\/smartcherry.cl\\\/noticias\\\/8-charlas-tecnico-comerciales-y-un-dia-de-campo-conformarannueva-edicion-de-cherry-day\\\/\"},\"wordCount\":468,\"publisher\":{\"@id\":\"https:\\\/\\\/smartcherry.cl\\\/#organization\"},\"image\":{\"@id\":\"https:\\\/\\\/smartcherry.cl\\\/noticias\\\/8-charlas-tecnico-comerciales-y-un-dia-de-campo-conformarannueva-edicion-de-cherry-day\\\/#primaryimage\"},\"thumbnailUrl\":\"https:\\\/\\\/smartcherry.cl\\\/wp-content\\\/uploads\\\/2024\\\/07\\\/Cherry-Day-.jpeg\",\"keywords\":[\"Argentina\",\"Cherry Day\"],\"articleSection\":[\"Noticias\"],\"inLanguage\":\"en-US\"},{\"@type\":\"WebPage\",\"@id\":\"https:\\\/\\\/smartcherry.cl\\\/noticias\\\/8-charlas-tecnico-comerciales-y-un-dia-de-campo-conformarannueva-edicion-de-cherry-day\\\/\",\"url\":\"https:\\\/\\\/smartcherry.cl\\\/noticias\\\/8-charlas-tecnico-comerciales-y-un-dia-de-campo-conformarannueva-edicion-de-cherry-day\\\/\",\"name\":\"8 charlas t\u00e9cnico-comerciales y un d\u00eda de campo conformar\u00e1n nueva edici\u00f3n de Cherry Day - Smartcherry\",\"isPartOf\":{\"@id\":\"https:\\\/\\\/smartcherry.cl\\\/#website\"},\"primaryImageOfPage\":{\"@id\":\"https:\\\/\\\/smartcherry.cl\\\/noticias\\\/8-charlas-tecnico-comerciales-y-un-dia-de-campo-conformarannueva-edicion-de-cherry-day\\\/#primaryimage\"},\"image\":{\"@id\":\"https:\\\/\\\/smartcherry.cl\\\/noticias\\\/8-charlas-tecnico-comerciales-y-un-dia-de-campo-conformarannueva-edicion-de-cherry-day\\\/#primaryimage\"},\"thumbnailUrl\":\"https:\\\/\\\/smartcherry.cl\\\/wp-content\\\/uploads\\\/2024\\\/07\\\/Cherry-Day-.jpeg\",\"datePublished\":\"2024-07-27T02:27:19+00:00\",\"dateModified\":\"2024-07-27T02:27:27+00:00\",\"description\":\"Conoce los detalles de la edici\u00f3n de Cherry Day 2024 que se llevar\u00e1 a cabo en Neuqu\u00e9n, Argentina, en agosto.\",\"breadcrumb\":{\"@id\":\"https:\\\/\\\/smartcherry.cl\\\/noticias\\\/8-charlas-tecnico-comerciales-y-un-dia-de-campo-conformarannueva-edicion-de-cherry-day\\\/#breadcrumb\"},\"inLanguage\":\"en-US\",\"potentialAction\":[{\"@type\":\"ReadAction\",\"target\":[\"https:\\\/\\\/smartcherry.cl\\\/noticias\\\/8-charlas-tecnico-comerciales-y-un-dia-de-campo-conformarannueva-edicion-de-cherry-day\\\/\"]}]},{\"@type\":\"ImageObject\",\"inLanguage\":\"en-US\",\"@id\":\"https:\\\/\\\/smartcherry.cl\\\/noticias\\\/8-charlas-tecnico-comerciales-y-un-dia-de-campo-conformarannueva-edicion-de-cherry-day\\\/#primaryimage\",\"url\":\"https:\\\/\\\/smartcherry.cl\\\/wp-content\\\/uploads\\\/2024\\\/07\\\/Cherry-Day-.jpeg\",\"contentUrl\":\"https:\\\/\\\/smartcherry.cl\\\/wp-content\\\/uploads\\\/2024\\\/07\\\/Cherry-Day-.jpeg\",\"width\":1024,\"height\":768},{\"@type\":\"BreadcrumbList\",\"@id\":\"https:\\\/\\\/smartcherry.cl\\\/noticias\\\/8-charlas-tecnico-comerciales-y-un-dia-de-campo-conformarannueva-edicion-de-cherry-day\\\/#breadcrumb\",\"itemListElement\":[{\"@type\":\"ListItem\",\"position\":1,\"name\":\"Home\",\"item\":\"https:\\\/\\\/smartcherry.cl\\\/\"},{\"@type\":\"ListItem\",\"position\":2,\"name\":\"Noticias\",\"item\":\"https:\\\/\\\/smartcherry.cl\\\/category\\\/noticias\\\/\"},{\"@type\":\"ListItem\",\"position\":3,\"name\":\"8 charlas t\u00e9cnico-comerciales y un d\u00eda de campo conformar\u00e1n nueva edici\u00f3n de Cherry Day\"}]},{\"@type\":\"WebSite\",\"@id\":\"https:\\\/\\\/smartcherry.cl\\\/#website\",\"url\":\"https:\\\/\\\/smartcherry.cl\\\/\",\"name\":\"Smartcherry\",\"description\":\"Sitio de Smartcherry\",\"publisher\":{\"@id\":\"https:\\\/\\\/smartcherry.cl\\\/#organization\"},\"potentialAction\":[{\"@type\":\"SearchAction\",\"target\":{\"@type\":\"EntryPoint\",\"urlTemplate\":\"https:\\\/\\\/smartcherry.cl\\\/?s={search_term_string}\"},\"query-input\":{\"@type\":\"PropertyValueSpecification\",\"valueRequired\":true,\"valueName\":\"search_term_string\"}}],\"inLanguage\":\"en-US\"},{\"@type\":\"Organization\",\"@id\":\"https:\\\/\\\/smartcherry.cl\\\/#organization\",\"name\":\"SmartCherry\",\"url\":\"https:\\\/\\\/smartcherry.cl\\\/\",\"logo\":{\"@type\":\"ImageObject\",\"inLanguage\":\"en-US\",\"@id\":\"https:\\\/\\\/smartcherry.cl\\\/#\\\/schema\\\/logo\\\/image\\\/\",\"url\":\"https:\\\/\\\/smartcherry.cl\\\/wp-content\\\/uploads\\\/2022\\\/02\\\/logo_smartcherry.png\",\"contentUrl\":\"https:\\\/\\\/smartcherry.cl\\\/wp-content\\\/uploads\\\/2022\\\/02\\\/logo_smartcherry.png\",\"width\":411,\"height\":84,\"caption\":\"SmartCherry\"},\"image\":{\"@id\":\"https:\\\/\\\/smartcherry.cl\\\/#\\\/schema\\\/logo\\\/image\\\/\"},\"sameAs\":[\"https:\\\/\\\/web.facebook.com\\\/SmartCherry.cl\\\/\",\"https:\\\/\\\/x.com\\\/SmartCherry_cl\",\"https:\\\/\\\/www.linkedin.com\\\/company\\\/smartcherry\\\/\",\"https:\\\/\\\/www.instagram.com\\\/smartcherry_cl\\\/\",\"https:\\\/\\\/www.youtube.com\\\/channel\\\/UCe007LfgFFnntDgCcqICbPQ\"]},{\"@type\":\"Person\",\"@id\":\"https:\\\/\\\/smartcherry.cl\\\/#\\\/schema\\\/person\\\/8af97e16113dce4b990e1e4cec380025\",\"name\":\"Andrea Garrido\",\"image\":{\"@type\":\"ImageObject\",\"inLanguage\":\"en-US\",\"@id\":\"https:\\\/\\\/smartcherry.cl\\\/wp-content\\\/uploads\\\/2022\\\/03\\\/Andrea-Garrido-150x150.png\",\"url\":\"https:\\\/\\\/smartcherry.cl\\\/wp-content\\\/uploads\\\/2022\\\/03\\\/Andrea-Garrido-150x150.png\",\"contentUrl\":\"https:\\\/\\\/smartcherry.cl\\\/wp-content\\\/uploads\\\/2022\\\/03\\\/Andrea-Garrido-150x150.png\",\"caption\":\"Andrea Garrido\"},\"url\":\"https:\\\/\\\/smartcherry.cl\\\/en\\\/author\\\/agarrido\\\/\"}]}<\/script>\n<!-- \/ Yoast SEO Premium plugin. -->","yoast_head_json":{"title":"8 charlas t\u00e9cnico-comerciales y un d\u00eda de campo conformar\u00e1n nueva edici\u00f3n de Cherry Day - Smartcherry","description":"Conoce los detalles de la edici\u00f3n de Cherry Day 2024 que se llevar\u00e1 a cabo en Neuqu\u00e9n, Argentina, en agosto.","robots":{"index":"index","follow":"follow","max-snippet":"max-snippet:-1","max-image-preview":"max-image-preview:large","max-video-preview":"max-video-preview:-1"},"canonical":"https:\/\/smartcherry.cl\/en\/noticias\/8-charlas-tecnico-comerciales-y-un-dia-de-campo-conformarannueva-edicion-de-cherry-day\/","og_locale":"en_US","og_type":"article","og_title":"8 charlas t\u00e9cnico-comerciales y un d\u00eda de campo conformar\u00e1n nueva edici\u00f3n de Cherry Day","og_description":"Conoce los detalles de la edici\u00f3n de Cherry Day 2024 que se llevar\u00e1 a cabo en Neuqu\u00e9n, Argentina, en agosto.","og_url":"https:\/\/smartcherry.cl\/en\/noticias\/8-charlas-tecnico-comerciales-y-un-dia-de-campo-conformarannueva-edicion-de-cherry-day\/","og_site_name":"Smartcherry","article_publisher":"https:\/\/web.facebook.com\/SmartCherry.cl\/","article_published_time":"2024-07-27T02:27:19+00:00","article_modified_time":"2024-07-27T02:27:27+00:00","og_image":[{"width":1024,"height":768,"url":"https:\/\/smartcherry.cl\/wp-content\/uploads\/2024\/07\/Cherry-Day-.jpeg","type":"image\/jpeg"}],"author":"Andrea Garrido","twitter_card":"summary_large_image","twitter_creator":"@SmartCherry_cl","twitter_site":"@SmartCherry_cl","twitter_misc":{"Written by":"Andrea Garrido","Est. reading time":"3 minutes"},"schema":{"@context":"https:\/\/schema.org","@graph":[{"@type":"Article","@id":"https:\/\/smartcherry.cl\/noticias\/8-charlas-tecnico-comerciales-y-un-dia-de-campo-conformarannueva-edicion-de-cherry-day\/#article","isPartOf":{"@id":"https:\/\/smartcherry.cl\/noticias\/8-charlas-tecnico-comerciales-y-un-dia-de-campo-conformarannueva-edicion-de-cherry-day\/"},"author":{"name":"Andrea Garrido","@id":"https:\/\/smartcherry.cl\/#\/schema\/person\/8af97e16113dce4b990e1e4cec380025"},"headline":"8 charlas t\u00e9cnico-comerciales y un d\u00eda de campo conformar\u00e1n nueva edici\u00f3n de Cherry Day","datePublished":"2024-07-27T02:27:19+00:00","dateModified":"2024-07-27T02:27:27+00:00","mainEntityOfPage":{"@id":"https:\/\/smartcherry.cl\/noticias\/8-charlas-tecnico-comerciales-y-un-dia-de-campo-conformarannueva-edicion-de-cherry-day\/"},"wordCount":468,"publisher":{"@id":"https:\/\/smartcherry.cl\/#organization"},"image":{"@id":"https:\/\/smartcherry.cl\/noticias\/8-charlas-tecnico-comerciales-y-un-dia-de-campo-conformarannueva-edicion-de-cherry-day\/#primaryimage"},"thumbnailUrl":"https:\/\/smartcherry.cl\/wp-content\/uploads\/2024\/07\/Cherry-Day-.jpeg","keywords":["Argentina","Cherry Day"],"articleSection":["Noticias"],"inLanguage":"en-US"},{"@type":"WebPage","@id":"https:\/\/smartcherry.cl\/noticias\/8-charlas-tecnico-comerciales-y-un-dia-de-campo-conformarannueva-edicion-de-cherry-day\/","url":"https:\/\/smartcherry.cl\/noticias\/8-charlas-tecnico-comerciales-y-un-dia-de-campo-conformarannueva-edicion-de-cherry-day\/","name":"8 charlas t\u00e9cnico-comerciales y un d\u00eda de campo conformar\u00e1n nueva edici\u00f3n de Cherry Day - Smartcherry","isPartOf":{"@id":"https:\/\/smartcherry.cl\/#website"},"primaryImageOfPage":{"@id":"https:\/\/smartcherry.cl\/noticias\/8-charlas-tecnico-comerciales-y-un-dia-de-campo-conformarannueva-edicion-de-cherry-day\/#primaryimage"},"image":{"@id":"https:\/\/smartcherry.cl\/noticias\/8-charlas-tecnico-comerciales-y-un-dia-de-campo-conformarannueva-edicion-de-cherry-day\/#primaryimage"},"thumbnailUrl":"https:\/\/smartcherry.cl\/wp-content\/uploads\/2024\/07\/Cherry-Day-.jpeg","datePublished":"2024-07-27T02:27:19+00:00","dateModified":"2024-07-27T02:27:27+00:00","description":"Conoce los detalles de la edici\u00f3n de Cherry Day 2024 que se llevar\u00e1 a cabo en Neuqu\u00e9n, Argentina, en agosto.","breadcrumb":{"@id":"https:\/\/smartcherry.cl\/noticias\/8-charlas-tecnico-comerciales-y-un-dia-de-campo-conformarannueva-edicion-de-cherry-day\/#breadcrumb"},"inLanguage":"en-US","potentialAction":[{"@type":"ReadAction","target":["https:\/\/smartcherry.cl\/noticias\/8-charlas-tecnico-comerciales-y-un-dia-de-campo-conformarannueva-edicion-de-cherry-day\/"]}]},{"@type":"ImageObject","inLanguage":"en-US","@id":"https:\/\/smartcherry.cl\/noticias\/8-charlas-tecnico-comerciales-y-un-dia-de-campo-conformarannueva-edicion-de-cherry-day\/#primaryimage","url":"https:\/\/smartcherry.cl\/wp-content\/uploads\/2024\/07\/Cherry-Day-.jpeg","contentUrl":"https:\/\/smartcherry.cl\/wp-content\/uploads\/2024\/07\/Cherry-Day-.jpeg","width":1024,"height":768},{"@type":"BreadcrumbList","@id":"https:\/\/smartcherry.cl\/noticias\/8-charlas-tecnico-comerciales-y-un-dia-de-campo-conformarannueva-edicion-de-cherry-day\/#breadcrumb","itemListElement":[{"@type":"ListItem","position":1,"name":"Home","item":"https:\/\/smartcherry.cl\/"},{"@type":"ListItem","position":2,"name":"Noticias","item":"https:\/\/smartcherry.cl\/category\/noticias\/"},{"@type":"ListItem","position":3,"name":"8 charlas t\u00e9cnico-comerciales y un d\u00eda de campo conformar\u00e1n nueva edici\u00f3n de Cherry Day"}]},{"@type":"WebSite","@id":"https:\/\/smartcherry.cl\/#website","url":"https:\/\/smartcherry.cl\/","name":"Smartcherry","description":"Smartcherry Site","publisher":{"@id":"https:\/\/smartcherry.cl\/#organization"},"potentialAction":[{"@type":"SearchAction","target":{"@type":"EntryPoint","urlTemplate":"https:\/\/smartcherry.cl\/?s={search_term_string}"},"query-input":{"@type":"PropertyValueSpecification","valueRequired":true,"valueName":"search_term_string"}}],"inLanguage":"en-US"},{"@type":"Organization","@id":"https:\/\/smartcherry.cl\/#organization","name":"SmartCherry","url":"https:\/\/smartcherry.cl\/","logo":{"@type":"ImageObject","inLanguage":"en-US","@id":"https:\/\/smartcherry.cl\/#\/schema\/logo\/image\/","url":"https:\/\/smartcherry.cl\/wp-content\/uploads\/2022\/02\/logo_smartcherry.png","contentUrl":"https:\/\/smartcherry.cl\/wp-content\/uploads\/2022\/02\/logo_smartcherry.png","width":411,"height":84,"caption":"SmartCherry"},"image":{"@id":"https:\/\/smartcherry.cl\/#\/schema\/logo\/image\/"},"sameAs":["https:\/\/web.facebook.com\/SmartCherry.cl\/","https:\/\/x.com\/SmartCherry_cl","https:\/\/www.linkedin.com\/company\/smartcherry\/","https:\/\/www.instagram.com\/smartcherry_cl\/","https:\/\/www.youtube.com\/channel\/UCe007LfgFFnntDgCcqICbPQ"]},{"@type":"Person","@id":"https:\/\/smartcherry.cl\/#\/schema\/person\/8af97e16113dce4b990e1e4cec380025","name":"Andrea Garrido","image":{"@type":"ImageObject","inLanguage":"en-US","@id":"https:\/\/smartcherry.cl\/wp-content\/uploads\/2022\/03\/Andrea-Garrido-150x150.png","url":"https:\/\/smartcherry.cl\/wp-content\/uploads\/2022\/03\/Andrea-Garrido-150x150.png","contentUrl":"https:\/\/smartcherry.cl\/wp-content\/uploads\/2022\/03\/Andrea-Garrido-150x150.png","caption":"Andrea Garrido"},"url":"https:\/\/smartcherry.cl\/en\/author\/agarrido\/"}]}},"_links":{"self":[{"href":"https:\/\/smartcherry.cl\/en\/wp-json\/wp\/v2\/posts\/35246","targetHints":{"allow":["GET"]}}],"collection":[{"href":"https:\/\/smartcherry.cl\/en\/wp-json\/wp\/v2\/posts"}],"about":[{"href":"https:\/\/smartcherry.cl\/en\/wp-json\/wp\/v2\/types\/post"}],"author":[{"embeddable":true,"href":"https:\/\/smartcherry.cl\/en\/wp-json\/wp\/v2\/users\/239"}],"replies":[{"embeddable":true,"href":"https:\/\/smartcherry.cl\/en\/wp-json\/wp\/v2\/comments?post=35246"}],"version-history":[{"count":2,"href":"https:\/\/smartcherry.cl\/en\/wp-json\/wp\/v2\/posts\/35246\/revisions"}],"predecessor-version":[{"id":35251,"href":"https:\/\/smartcherry.cl\/en\/wp-json\/wp\/v2\/posts\/35246\/revisions\/35251"}],"wp:featuredmedia":[{"embeddable":true,"href":"https:\/\/smartcherry.cl\/en\/wp-json\/wp\/v2\/media\/35249"}],"wp:attachment":[{"href":"https:\/\/smartcherry.cl\/en\/wp-json\/wp\/v2\/media?parent=35246"}],"wp:term":[{"taxonomy":"category","embeddable":true,"href":"https:\/\/smartcherry.cl\/en\/wp-json\/wp\/v2\/categories?post=35246"},{"taxonomy":"post_tag","embeddable":true,"href":"https:\/\/smartcherry.cl\/en\/wp-json\/wp\/v2\/tags?post=35246"},{"taxonomy":"category_proveedor","embeddable":true,"href":"https:\/\/smartcherry.cl\/en\/wp-json\/wp\/v2\/category_proveedor?post=35246"},{"taxonomy":"pais","embeddable":true,"href":"https:\/\/smartcherry.cl\/en\/wp-json\/wp\/v2\/pais?post=35246"}],"curies":[{"name":"wp","href":"https:\/\/api.w.org\/{rel}","templated":true}]}}