{"id":34986,"date":"2024-07-23T11:24:57","date_gmt":"2024-07-23T15:24:57","guid":{"rendered":"https:\/\/smartcherry.cl\/?post_type=videos&#038;p=34986"},"modified":"2024-09-24T14:33:29","modified_gmt":"2024-09-24T18:33:29","slug":"jefe-tecnico-de-myv-los-principales-actores-del-negocio-de-la-cereza-estan-presentes","status":"publish","type":"post","link":"https:\/\/smartcherry.cl\/en\/eventos\/jefe-tecnico-de-myv-los-principales-actores-del-negocio-de-la-cereza-estan-presentes\/","title":{"rendered":"MyV Technical Manager: \u201cThe main players in the cherry business are present\u201d"},"content":{"rendered":"<p>Manuel Irarr\u00e1zabal, technical manager of Mart\u00ednez y Valdivieso, had words to refer to the large number of attendees at CherryTech 2024 and also about the solutions that the company is presenting for successful cherry production.<\/p>\n\n\n\n<figure class=\"wp-block-embed is-type-video is-provider-youtube wp-block-embed-youtube wp-embed-aspect-16-9 wp-has-aspect-ratio\"><div class=\"wp-block-embed__wrapper\">\n<iframe title=\"MyV Technical Manager: &quot;The main players in the cherry business are present&quot;\" width=\"800\" height=\"450\" src=\"https:\/\/www.youtube.com\/embed\/xmWXN0GpBRc?feature=oembed\" frameborder=\"0\" allow=\"accelerometer; autoplay; clipboard-write; encrypted-media; gyroscope; picture-in-picture; web-share\" referrerpolicy=\"strict-origin-when-cross-origin\" allowfullscreen><\/iframe>\n<\/div><\/figure>\n\n\n\n<div class=\"wp-block-buttons is-content-justification-center is-layout-flex wp-container-core-buttons-is-layout-a89b3969 wp-block-buttons-is-layout-flex\">\n<div class=\"wp-block-button\"><a class=\"wp-block-button__link wp-element-button\" href=\"https:\/\/smartcherry.cl\/en\/proveedores\/myv\/\">More about Martinez and Valdivieso<\/a><\/div>\n<\/div>","protected":false},"excerpt":{"rendered":"<p>Manuel Irarr\u00e1zabal, jefe t\u00e9cnico de Mart\u00ednez y Valdivieso, tuvo palabras para referirse a la gran convocatoria de asistentes a CherryTech 2024 y tambi\u00e9n sobre las soluciones que est\u00e1 presentando la [&hellip;]<\/p>\n","protected":false},"author":210,"featured_media":34987,"comment_status":"closed","ping_status":"closed","sticky":false,"template":"","format":"standard","meta":{"_acf_changed":false,"inline_featured_image":false,"footnotes":""},"categories":[2631,3693],"tags":[1372,1558,2049,2773,2874,3490],"category_proveedor":[],"pais":[3604],"class_list":["post-34986","post","type-post","status-publish","format-standard","has-post-thumbnail","hentry","category-eventos","category-videos","tag-mv","tag-not-prov","tag-myv","tag-cherrytech","tag-martinez-y-valdivieso","tag-cherrytech-2024","pais-chile"],"acf":[],"yoast_head":"<!-- This site is optimized with the Yoast SEO Premium plugin v21.3 (Yoast SEO v27.3) - https:\/\/yoast.com\/product\/yoast-seo-premium-wordpress\/ -->\n<title>Jefe t\u00e9cnico de MyV: &quot;Los principales actores del negocio de la cereza est\u00e1n presentes&quot; - Smartcherry<\/title>\n<meta name=\"robots\" content=\"index, follow, max-snippet:-1, max-image-preview:large, max-video-preview:-1\" \/>\n<link rel=\"canonical\" href=\"https:\/\/smartcherry.cl\/en\/eventos\/jefe-tecnico-de-myv-los-principales-actores-del-negocio-de-la-cereza-estan-presentes\/\" \/>\n<meta property=\"og:locale\" content=\"en_US\" \/>\n<meta property=\"og:type\" content=\"article\" \/>\n<meta property=\"og:title\" content=\"Jefe t\u00e9cnico de MyV: &quot;Los principales actores del negocio de la cereza est\u00e1n presentes&quot;\" \/>\n<meta property=\"og:description\" content=\"Manuel Irarr\u00e1zabal, jefe t\u00e9cnico de Mart\u00ednez y Valdivieso, tuvo palabras para referirse a la gran convocatoria de asistentes a CherryTech 2024 y tambi\u00e9n sobre las soluciones que est\u00e1 presentando la [&hellip;]\" \/>\n<meta property=\"og:url\" content=\"https:\/\/smartcherry.cl\/en\/eventos\/jefe-tecnico-de-myv-los-principales-actores-del-negocio-de-la-cereza-estan-presentes\/\" \/>\n<meta property=\"og:site_name\" content=\"Smartcherry\" \/>\n<meta property=\"article:publisher\" content=\"https:\/\/web.facebook.com\/SmartCherry.cl\/\" \/>\n<meta property=\"article:published_time\" content=\"2024-07-23T15:24:57+00:00\" \/>\n<meta property=\"article:modified_time\" content=\"2024-09-24T18:33:29+00:00\" \/>\n<meta property=\"og:image\" content=\"https:\/\/smartcherry.cl\/wp-content\/uploads\/2024\/07\/Captura-de-pantalla-2024-07-23-a-las-11.24.32-1024x559.png\" \/>\n\t<meta property=\"og:image:width\" content=\"1024\" \/>\n\t<meta property=\"og:image:height\" content=\"559\" \/>\n\t<meta property=\"og:image:type\" content=\"image\/png\" \/>\n<meta name=\"author\" content=\"M&amp;V\" \/>\n<meta name=\"twitter:card\" content=\"summary_large_image\" \/>\n<meta name=\"twitter:creator\" content=\"@SmartCherry_cl\" \/>\n<meta name=\"twitter:site\" content=\"@SmartCherry_cl\" \/>\n<meta name=\"twitter:label1\" content=\"Written by\" \/>\n\t<meta name=\"twitter:data1\" content=\"M&amp;V\" \/>\n\t<meta name=\"twitter:label2\" content=\"Est. reading time\" \/>\n\t<meta name=\"twitter:data2\" content=\"1 minute\" \/>\n<script type=\"application\/ld+json\" class=\"yoast-schema-graph\">{\"@context\":\"https:\\\/\\\/schema.org\",\"@graph\":[{\"@type\":\"Article\",\"@id\":\"https:\\\/\\\/smartcherry.cl\\\/eventos\\\/jefe-tecnico-de-myv-los-principales-actores-del-negocio-de-la-cereza-estan-presentes\\\/#article\",\"isPartOf\":{\"@id\":\"https:\\\/\\\/smartcherry.cl\\\/eventos\\\/jefe-tecnico-de-myv-los-principales-actores-del-negocio-de-la-cereza-estan-presentes\\\/\"},\"author\":{\"name\":\"M&amp;V\",\"@id\":\"https:\\\/\\\/smartcherry.cl\\\/#\\\/schema\\\/person\\\/e8690e8269cf8f232dcf9e538ea962c6\"},\"headline\":\"Jefe t\u00e9cnico de MyV: \u00abLos principales actores del negocio de la cereza est\u00e1n presentes\u00bb\",\"datePublished\":\"2024-07-23T15:24:57+00:00\",\"dateModified\":\"2024-09-24T18:33:29+00:00\",\"mainEntityOfPage\":{\"@id\":\"https:\\\/\\\/smartcherry.cl\\\/eventos\\\/jefe-tecnico-de-myv-los-principales-actores-del-negocio-de-la-cereza-estan-presentes\\\/\"},\"wordCount\":69,\"publisher\":{\"@id\":\"https:\\\/\\\/smartcherry.cl\\\/#organization\"},\"image\":{\"@id\":\"https:\\\/\\\/smartcherry.cl\\\/eventos\\\/jefe-tecnico-de-myv-los-principales-actores-del-negocio-de-la-cereza-estan-presentes\\\/#primaryimage\"},\"thumbnailUrl\":\"https:\\\/\\\/smartcherry.cl\\\/wp-content\\\/uploads\\\/2024\\\/07\\\/Captura-de-pantalla-2024-07-23-a-las-11.24.32.png\",\"keywords\":[\"M&amp;V\",\"not-prov\",\"MYV\",\"CherryTech\",\"Mart\u00ednez y Valdivieso\",\"cherrytech 2024\"],\"articleSection\":[\"Eventos\",\"Videos\"],\"inLanguage\":\"en-US\"},{\"@type\":\"WebPage\",\"@id\":\"https:\\\/\\\/smartcherry.cl\\\/eventos\\\/jefe-tecnico-de-myv-los-principales-actores-del-negocio-de-la-cereza-estan-presentes\\\/\",\"url\":\"https:\\\/\\\/smartcherry.cl\\\/eventos\\\/jefe-tecnico-de-myv-los-principales-actores-del-negocio-de-la-cereza-estan-presentes\\\/\",\"name\":\"Jefe t\u00e9cnico de MyV: \\\"Los principales actores del negocio de la cereza est\u00e1n presentes\\\" - Smartcherry\",\"isPartOf\":{\"@id\":\"https:\\\/\\\/smartcherry.cl\\\/#website\"},\"primaryImageOfPage\":{\"@id\":\"https:\\\/\\\/smartcherry.cl\\\/eventos\\\/jefe-tecnico-de-myv-los-principales-actores-del-negocio-de-la-cereza-estan-presentes\\\/#primaryimage\"},\"image\":{\"@id\":\"https:\\\/\\\/smartcherry.cl\\\/eventos\\\/jefe-tecnico-de-myv-los-principales-actores-del-negocio-de-la-cereza-estan-presentes\\\/#primaryimage\"},\"thumbnailUrl\":\"https:\\\/\\\/smartcherry.cl\\\/wp-content\\\/uploads\\\/2024\\\/07\\\/Captura-de-pantalla-2024-07-23-a-las-11.24.32.png\",\"datePublished\":\"2024-07-23T15:24:57+00:00\",\"dateModified\":\"2024-09-24T18:33:29+00:00\",\"breadcrumb\":{\"@id\":\"https:\\\/\\\/smartcherry.cl\\\/eventos\\\/jefe-tecnico-de-myv-los-principales-actores-del-negocio-de-la-cereza-estan-presentes\\\/#breadcrumb\"},\"inLanguage\":\"en-US\",\"potentialAction\":[{\"@type\":\"ReadAction\",\"target\":[\"https:\\\/\\\/smartcherry.cl\\\/eventos\\\/jefe-tecnico-de-myv-los-principales-actores-del-negocio-de-la-cereza-estan-presentes\\\/\"]}]},{\"@type\":\"ImageObject\",\"inLanguage\":\"en-US\",\"@id\":\"https:\\\/\\\/smartcherry.cl\\\/eventos\\\/jefe-tecnico-de-myv-los-principales-actores-del-negocio-de-la-cereza-estan-presentes\\\/#primaryimage\",\"url\":\"https:\\\/\\\/smartcherry.cl\\\/wp-content\\\/uploads\\\/2024\\\/07\\\/Captura-de-pantalla-2024-07-23-a-las-11.24.32.png\",\"contentUrl\":\"https:\\\/\\\/smartcherry.cl\\\/wp-content\\\/uploads\\\/2024\\\/07\\\/Captura-de-pantalla-2024-07-23-a-las-11.24.32.png\",\"width\":2570,\"height\":1402},{\"@type\":\"BreadcrumbList\",\"@id\":\"https:\\\/\\\/smartcherry.cl\\\/eventos\\\/jefe-tecnico-de-myv-los-principales-actores-del-negocio-de-la-cereza-estan-presentes\\\/#breadcrumb\",\"itemListElement\":[{\"@type\":\"ListItem\",\"position\":1,\"name\":\"Home\",\"item\":\"https:\\\/\\\/smartcherry.cl\\\/\"},{\"@type\":\"ListItem\",\"position\":2,\"name\":\"Eventos\",\"item\":\"https:\\\/\\\/smartcherry.cl\\\/category\\\/eventos\\\/\"},{\"@type\":\"ListItem\",\"position\":3,\"name\":\"Jefe t\u00e9cnico de MyV: &#8220;Los principales actores del negocio de la cereza est\u00e1n presentes&#8221;\"}]},{\"@type\":\"WebSite\",\"@id\":\"https:\\\/\\\/smartcherry.cl\\\/#website\",\"url\":\"https:\\\/\\\/smartcherry.cl\\\/\",\"name\":\"Smartcherry\",\"description\":\"Sitio de Smartcherry\",\"publisher\":{\"@id\":\"https:\\\/\\\/smartcherry.cl\\\/#organization\"},\"potentialAction\":[{\"@type\":\"SearchAction\",\"target\":{\"@type\":\"EntryPoint\",\"urlTemplate\":\"https:\\\/\\\/smartcherry.cl\\\/?s={search_term_string}\"},\"query-input\":{\"@type\":\"PropertyValueSpecification\",\"valueRequired\":true,\"valueName\":\"search_term_string\"}}],\"inLanguage\":\"en-US\"},{\"@type\":\"Organization\",\"@id\":\"https:\\\/\\\/smartcherry.cl\\\/#organization\",\"name\":\"SmartCherry\",\"url\":\"https:\\\/\\\/smartcherry.cl\\\/\",\"logo\":{\"@type\":\"ImageObject\",\"inLanguage\":\"en-US\",\"@id\":\"https:\\\/\\\/smartcherry.cl\\\/#\\\/schema\\\/logo\\\/image\\\/\",\"url\":\"https:\\\/\\\/smartcherry.cl\\\/wp-content\\\/uploads\\\/2022\\\/02\\\/logo_smartcherry.png\",\"contentUrl\":\"https:\\\/\\\/smartcherry.cl\\\/wp-content\\\/uploads\\\/2022\\\/02\\\/logo_smartcherry.png\",\"width\":411,\"height\":84,\"caption\":\"SmartCherry\"},\"image\":{\"@id\":\"https:\\\/\\\/smartcherry.cl\\\/#\\\/schema\\\/logo\\\/image\\\/\"},\"sameAs\":[\"https:\\\/\\\/web.facebook.com\\\/SmartCherry.cl\\\/\",\"https:\\\/\\\/x.com\\\/SmartCherry_cl\",\"https:\\\/\\\/www.linkedin.com\\\/company\\\/smartcherry\\\/\",\"https:\\\/\\\/www.instagram.com\\\/smartcherry_cl\\\/\",\"https:\\\/\\\/www.youtube.com\\\/channel\\\/UCe007LfgFFnntDgCcqICbPQ\"]},{\"@type\":\"Person\",\"@id\":\"https:\\\/\\\/smartcherry.cl\\\/#\\\/schema\\\/person\\\/e8690e8269cf8f232dcf9e538ea962c6\",\"name\":\"M&amp;V\",\"image\":{\"@type\":\"ImageObject\",\"inLanguage\":\"en-US\",\"@id\":\"https:\\\/\\\/smartcherry.cl\\\/wp-content\\\/uploads\\\/2022\\\/03\\\/myv-user-96x96.png\",\"url\":\"https:\\\/\\\/smartcherry.cl\\\/wp-content\\\/uploads\\\/2022\\\/03\\\/myv-user-96x96.png\",\"contentUrl\":\"https:\\\/\\\/smartcherry.cl\\\/wp-content\\\/uploads\\\/2022\\\/03\\\/myv-user-96x96.png\",\"caption\":\"M&amp;V\"},\"url\":\"https:\\\/\\\/smartcherry.cl\\\/en\\\/author\\\/martinezyvaldivieso\\\/\"}]}<\/script>\n<!-- \/ Yoast SEO Premium plugin. -->","yoast_head_json":{"title":"Jefe t\u00e9cnico de MyV: \"Los principales actores del negocio de la cereza est\u00e1n presentes\" - Smartcherry","robots":{"index":"index","follow":"follow","max-snippet":"max-snippet:-1","max-image-preview":"max-image-preview:large","max-video-preview":"max-video-preview:-1"},"canonical":"https:\/\/smartcherry.cl\/en\/eventos\/jefe-tecnico-de-myv-los-principales-actores-del-negocio-de-la-cereza-estan-presentes\/","og_locale":"en_US","og_type":"article","og_title":"Jefe t\u00e9cnico de MyV: \"Los principales actores del negocio de la cereza est\u00e1n presentes\"","og_description":"Manuel Irarr\u00e1zabal, jefe t\u00e9cnico de Mart\u00ednez y Valdivieso, tuvo palabras para referirse a la gran convocatoria de asistentes a CherryTech 2024 y tambi\u00e9n sobre las soluciones que est\u00e1 presentando la [&hellip;]","og_url":"https:\/\/smartcherry.cl\/en\/eventos\/jefe-tecnico-de-myv-los-principales-actores-del-negocio-de-la-cereza-estan-presentes\/","og_site_name":"Smartcherry","article_publisher":"https:\/\/web.facebook.com\/SmartCherry.cl\/","article_published_time":"2024-07-23T15:24:57+00:00","article_modified_time":"2024-09-24T18:33:29+00:00","og_image":[{"width":1024,"height":559,"url":"https:\/\/smartcherry.cl\/wp-content\/uploads\/2024\/07\/Captura-de-pantalla-2024-07-23-a-las-11.24.32-1024x559.png","type":"image\/png"}],"author":"M&amp;V","twitter_card":"summary_large_image","twitter_creator":"@SmartCherry_cl","twitter_site":"@SmartCherry_cl","twitter_misc":{"Written by":"M&amp;V","Est. reading time":"1 minute"},"schema":{"@context":"https:\/\/schema.org","@graph":[{"@type":"Article","@id":"https:\/\/smartcherry.cl\/eventos\/jefe-tecnico-de-myv-los-principales-actores-del-negocio-de-la-cereza-estan-presentes\/#article","isPartOf":{"@id":"https:\/\/smartcherry.cl\/eventos\/jefe-tecnico-de-myv-los-principales-actores-del-negocio-de-la-cereza-estan-presentes\/"},"author":{"name":"M&amp;V","@id":"https:\/\/smartcherry.cl\/#\/schema\/person\/e8690e8269cf8f232dcf9e538ea962c6"},"headline":"Jefe t\u00e9cnico de MyV: \u00abLos principales actores del negocio de la cereza est\u00e1n presentes\u00bb","datePublished":"2024-07-23T15:24:57+00:00","dateModified":"2024-09-24T18:33:29+00:00","mainEntityOfPage":{"@id":"https:\/\/smartcherry.cl\/eventos\/jefe-tecnico-de-myv-los-principales-actores-del-negocio-de-la-cereza-estan-presentes\/"},"wordCount":69,"publisher":{"@id":"https:\/\/smartcherry.cl\/#organization"},"image":{"@id":"https:\/\/smartcherry.cl\/eventos\/jefe-tecnico-de-myv-los-principales-actores-del-negocio-de-la-cereza-estan-presentes\/#primaryimage"},"thumbnailUrl":"https:\/\/smartcherry.cl\/wp-content\/uploads\/2024\/07\/Captura-de-pantalla-2024-07-23-a-las-11.24.32.png","keywords":["M&amp;V","not-prov","MYV","CherryTech","Mart\u00ednez y Valdivieso","cherrytech 2024"],"articleSection":["Eventos","Videos"],"inLanguage":"en-US"},{"@type":"WebPage","@id":"https:\/\/smartcherry.cl\/eventos\/jefe-tecnico-de-myv-los-principales-actores-del-negocio-de-la-cereza-estan-presentes\/","url":"https:\/\/smartcherry.cl\/eventos\/jefe-tecnico-de-myv-los-principales-actores-del-negocio-de-la-cereza-estan-presentes\/","name":"Jefe t\u00e9cnico de MyV: \"Los principales actores del negocio de la cereza est\u00e1n presentes\" - Smartcherry","isPartOf":{"@id":"https:\/\/smartcherry.cl\/#website"},"primaryImageOfPage":{"@id":"https:\/\/smartcherry.cl\/eventos\/jefe-tecnico-de-myv-los-principales-actores-del-negocio-de-la-cereza-estan-presentes\/#primaryimage"},"image":{"@id":"https:\/\/smartcherry.cl\/eventos\/jefe-tecnico-de-myv-los-principales-actores-del-negocio-de-la-cereza-estan-presentes\/#primaryimage"},"thumbnailUrl":"https:\/\/smartcherry.cl\/wp-content\/uploads\/2024\/07\/Captura-de-pantalla-2024-07-23-a-las-11.24.32.png","datePublished":"2024-07-23T15:24:57+00:00","dateModified":"2024-09-24T18:33:29+00:00","breadcrumb":{"@id":"https:\/\/smartcherry.cl\/eventos\/jefe-tecnico-de-myv-los-principales-actores-del-negocio-de-la-cereza-estan-presentes\/#breadcrumb"},"inLanguage":"en-US","potentialAction":[{"@type":"ReadAction","target":["https:\/\/smartcherry.cl\/eventos\/jefe-tecnico-de-myv-los-principales-actores-del-negocio-de-la-cereza-estan-presentes\/"]}]},{"@type":"ImageObject","inLanguage":"en-US","@id":"https:\/\/smartcherry.cl\/eventos\/jefe-tecnico-de-myv-los-principales-actores-del-negocio-de-la-cereza-estan-presentes\/#primaryimage","url":"https:\/\/smartcherry.cl\/wp-content\/uploads\/2024\/07\/Captura-de-pantalla-2024-07-23-a-las-11.24.32.png","contentUrl":"https:\/\/smartcherry.cl\/wp-content\/uploads\/2024\/07\/Captura-de-pantalla-2024-07-23-a-las-11.24.32.png","width":2570,"height":1402},{"@type":"BreadcrumbList","@id":"https:\/\/smartcherry.cl\/eventos\/jefe-tecnico-de-myv-los-principales-actores-del-negocio-de-la-cereza-estan-presentes\/#breadcrumb","itemListElement":[{"@type":"ListItem","position":1,"name":"Home","item":"https:\/\/smartcherry.cl\/"},{"@type":"ListItem","position":2,"name":"Eventos","item":"https:\/\/smartcherry.cl\/category\/eventos\/"},{"@type":"ListItem","position":3,"name":"Jefe t\u00e9cnico de MyV: &#8220;Los principales actores del negocio de la cereza est\u00e1n presentes&#8221;"}]},{"@type":"WebSite","@id":"https:\/\/smartcherry.cl\/#website","url":"https:\/\/smartcherry.cl\/","name":"Smartcherry","description":"Smartcherry Site","publisher":{"@id":"https:\/\/smartcherry.cl\/#organization"},"potentialAction":[{"@type":"SearchAction","target":{"@type":"EntryPoint","urlTemplate":"https:\/\/smartcherry.cl\/?s={search_term_string}"},"query-input":{"@type":"PropertyValueSpecification","valueRequired":true,"valueName":"search_term_string"}}],"inLanguage":"en-US"},{"@type":"Organization","@id":"https:\/\/smartcherry.cl\/#organization","name":"SmartCherry","url":"https:\/\/smartcherry.cl\/","logo":{"@type":"ImageObject","inLanguage":"en-US","@id":"https:\/\/smartcherry.cl\/#\/schema\/logo\/image\/","url":"https:\/\/smartcherry.cl\/wp-content\/uploads\/2022\/02\/logo_smartcherry.png","contentUrl":"https:\/\/smartcherry.cl\/wp-content\/uploads\/2022\/02\/logo_smartcherry.png","width":411,"height":84,"caption":"SmartCherry"},"image":{"@id":"https:\/\/smartcherry.cl\/#\/schema\/logo\/image\/"},"sameAs":["https:\/\/web.facebook.com\/SmartCherry.cl\/","https:\/\/x.com\/SmartCherry_cl","https:\/\/www.linkedin.com\/company\/smartcherry\/","https:\/\/www.instagram.com\/smartcherry_cl\/","https:\/\/www.youtube.com\/channel\/UCe007LfgFFnntDgCcqICbPQ"]},{"@type":"Person","@id":"https:\/\/smartcherry.cl\/#\/schema\/person\/e8690e8269cf8f232dcf9e538ea962c6","name":"M&amp;V","image":{"@type":"ImageObject","inLanguage":"en-US","@id":"https:\/\/smartcherry.cl\/wp-content\/uploads\/2022\/03\/myv-user-96x96.png","url":"https:\/\/smartcherry.cl\/wp-content\/uploads\/2022\/03\/myv-user-96x96.png","contentUrl":"https:\/\/smartcherry.cl\/wp-content\/uploads\/2022\/03\/myv-user-96x96.png","caption":"M&amp;V"},"url":"https:\/\/smartcherry.cl\/en\/author\/martinezyvaldivieso\/"}]}},"_links":{"self":[{"href":"https:\/\/smartcherry.cl\/en\/wp-json\/wp\/v2\/posts\/34986","targetHints":{"allow":["GET"]}}],"collection":[{"href":"https:\/\/smartcherry.cl\/en\/wp-json\/wp\/v2\/posts"}],"about":[{"href":"https:\/\/smartcherry.cl\/en\/wp-json\/wp\/v2\/types\/post"}],"author":[{"embeddable":true,"href":"https:\/\/smartcherry.cl\/en\/wp-json\/wp\/v2\/users\/210"}],"replies":[{"embeddable":true,"href":"https:\/\/smartcherry.cl\/en\/wp-json\/wp\/v2\/comments?post=34986"}],"version-history":[{"count":1,"href":"https:\/\/smartcherry.cl\/en\/wp-json\/wp\/v2\/posts\/34986\/revisions"}],"predecessor-version":[{"id":37771,"href":"https:\/\/smartcherry.cl\/en\/wp-json\/wp\/v2\/posts\/34986\/revisions\/37771"}],"wp:featuredmedia":[{"embeddable":true,"href":"https:\/\/smartcherry.cl\/en\/wp-json\/wp\/v2\/media\/34987"}],"wp:attachment":[{"href":"https:\/\/smartcherry.cl\/en\/wp-json\/wp\/v2\/media?parent=34986"}],"wp:term":[{"taxonomy":"category","embeddable":true,"href":"https:\/\/smartcherry.cl\/en\/wp-json\/wp\/v2\/categories?post=34986"},{"taxonomy":"post_tag","embeddable":true,"href":"https:\/\/smartcherry.cl\/en\/wp-json\/wp\/v2\/tags?post=34986"},{"taxonomy":"category_proveedor","embeddable":true,"href":"https:\/\/smartcherry.cl\/en\/wp-json\/wp\/v2\/category_proveedor?post=34986"},{"taxonomy":"pais","embeddable":true,"href":"https:\/\/smartcherry.cl\/en\/wp-json\/wp\/v2\/pais?post=34986"}],"curies":[{"name":"wp","href":"https:\/\/api.w.org\/{rel}","templated":true}]}}