{"id":34793,"date":"2024-07-10T16:02:58","date_gmt":"2024-07-10T19:02:58","guid":{"rendered":"https:\/\/smartcherry.cl\/?post_type=videos&#038;p=34793"},"modified":"2024-09-24T14:33:47","modified_gmt":"2024-09-24T18:33:47","slug":"gerente-de-in-pacta-ha-sido-un-evento-muy-bien-organizado-con-toda-la-industria-presente","status":"publish","type":"post","link":"https:\/\/smartcherry.cl\/en\/eventos\/gerente-de-in-pacta-ha-sido-un-evento-muy-bien-organizado-con-toda-la-industria-presente\/","title":{"rendered":"In-Pacta Manager: \u201cIt was a very well organised event, with the entire industry present\u201d"},"content":{"rendered":"<p>Jos\u00e9 Miguel Vald\u00e9s, General Manager of In-Pacta, spoke about the organization of the second version of CherryTech that took place this year. He also talked about how his company is working to boost cherry production.<\/p>\n\n\n\n<figure class=\"wp-block-embed is-type-video is-provider-youtube wp-block-embed-youtube wp-embed-aspect-16-9 wp-has-aspect-ratio\"><div class=\"wp-block-embed__wrapper\">\n<iframe title=\"In-Pacta Manager: &quot;It was a very well organised event, with the entire industry present&quot;\" width=\"800\" height=\"450\" src=\"https:\/\/www.youtube.com\/embed\/YKtfubhqYl0?feature=oembed\" frameborder=\"0\" allow=\"accelerometer; autoplay; clipboard-write; encrypted-media; gyroscope; picture-in-picture; web-share\" referrerpolicy=\"strict-origin-when-cross-origin\" allowfullscreen><\/iframe>\n<\/div><\/figure>\n\n\n\n<div class=\"wp-block-buttons is-content-justification-center is-layout-flex wp-container-core-buttons-is-layout-a89b3969 wp-block-buttons-is-layout-flex\">\n<div class=\"wp-block-button\"><a class=\"wp-block-button__link wp-element-button\" href=\"https:\/\/smartcherry.cl\/en\/proveedores\/inpacta\/\">More about In-Pacta<\/a><\/div>\n<\/div>","protected":false},"excerpt":{"rendered":"<p>Jos\u00e9 Miguel Vald\u00e9s, Gerente General de In-Pacta, habl\u00f3 sobre la organizaci\u00f3n de la segunda versi\u00f3n de CherryTech que se realiz\u00f3 durante el presente a\u00f1o. Asimismo, se refiri\u00f3 sobre c\u00f3mo su [&hellip;]<\/p>\n","protected":false},"author":205,"featured_media":34794,"comment_status":"closed","ping_status":"closed","sticky":false,"template":"","format":"standard","meta":{"_acf_changed":false,"inline_featured_image":false,"footnotes":""},"categories":[2631,3693],"tags":[1558,2100,2773,3055,3490],"category_proveedor":[],"pais":[3604],"class_list":["post-34793","post","type-post","status-publish","format-standard","has-post-thumbnail","hentry","category-eventos","category-videos","tag-not-prov","tag-inpacta","tag-cherrytech","tag-in-pacta","tag-cherrytech-2024","pais-chile"],"acf":[],"yoast_head":"<!-- This site is optimized with the Yoast SEO Premium plugin v21.3 (Yoast SEO v27.3) - https:\/\/yoast.com\/product\/yoast-seo-premium-wordpress\/ -->\n<title>Gerente de In-Pacta: &quot;Ha sido un evento muy bien organizado, con toda la industria presente&quot; - Smartcherry<\/title>\n<meta name=\"robots\" content=\"index, follow, max-snippet:-1, max-image-preview:large, max-video-preview:-1\" \/>\n<link rel=\"canonical\" href=\"https:\/\/smartcherry.cl\/en\/eventos\/gerente-de-in-pacta-ha-sido-un-evento-muy-bien-organizado-con-toda-la-industria-presente\/\" \/>\n<meta property=\"og:locale\" content=\"en_US\" \/>\n<meta property=\"og:type\" content=\"article\" \/>\n<meta property=\"og:title\" content=\"Gerente de In-Pacta: &quot;Ha sido un evento muy bien organizado, con toda la industria presente&quot;\" \/>\n<meta property=\"og:description\" content=\"Jos\u00e9 Miguel Vald\u00e9s, Gerente General de In-Pacta, habl\u00f3 sobre la organizaci\u00f3n de la segunda versi\u00f3n de CherryTech que se realiz\u00f3 durante el presente a\u00f1o. Asimismo, se refiri\u00f3 sobre c\u00f3mo su [&hellip;]\" \/>\n<meta property=\"og:url\" content=\"https:\/\/smartcherry.cl\/en\/eventos\/gerente-de-in-pacta-ha-sido-un-evento-muy-bien-organizado-con-toda-la-industria-presente\/\" \/>\n<meta property=\"og:site_name\" content=\"Smartcherry\" \/>\n<meta property=\"article:publisher\" content=\"https:\/\/web.facebook.com\/SmartCherry.cl\/\" \/>\n<meta property=\"article:published_time\" content=\"2024-07-10T19:02:58+00:00\" \/>\n<meta property=\"article:modified_time\" content=\"2024-09-24T18:33:47+00:00\" \/>\n<meta property=\"og:image\" content=\"https:\/\/smartcherry.cl\/wp-content\/uploads\/2024\/07\/Captura-de-pantalla-2024-07-10-a-las-14.59.04.png\" \/>\n\t<meta property=\"og:image:width\" content=\"1000\" \/>\n\t<meta property=\"og:image:height\" content=\"746\" \/>\n\t<meta property=\"og:image:type\" content=\"image\/png\" \/>\n<meta name=\"author\" content=\"In-Pacta\" \/>\n<meta name=\"twitter:card\" content=\"summary_large_image\" \/>\n<meta name=\"twitter:creator\" content=\"@SmartCherry_cl\" \/>\n<meta name=\"twitter:site\" content=\"@SmartCherry_cl\" \/>\n<meta name=\"twitter:label1\" content=\"Written by\" \/>\n\t<meta name=\"twitter:data1\" content=\"In-Pacta\" \/>\n\t<meta name=\"twitter:label2\" content=\"Est. reading time\" \/>\n\t<meta name=\"twitter:data2\" content=\"1 minute\" \/>\n<script type=\"application\/ld+json\" class=\"yoast-schema-graph\">{\"@context\":\"https:\\\/\\\/schema.org\",\"@graph\":[{\"@type\":\"Article\",\"@id\":\"https:\\\/\\\/smartcherry.cl\\\/eventos\\\/gerente-de-in-pacta-ha-sido-un-evento-muy-bien-organizado-con-toda-la-industria-presente\\\/#article\",\"isPartOf\":{\"@id\":\"https:\\\/\\\/smartcherry.cl\\\/eventos\\\/gerente-de-in-pacta-ha-sido-un-evento-muy-bien-organizado-con-toda-la-industria-presente\\\/\"},\"author\":{\"name\":\"In-Pacta\",\"@id\":\"https:\\\/\\\/smartcherry.cl\\\/#\\\/schema\\\/person\\\/6d9666cc88934e87942366c7d94ebe35\"},\"headline\":\"Gerente de In-Pacta: \u00abHa sido un evento muy bien organizado, con toda la industria presente\u00bb\",\"datePublished\":\"2024-07-10T19:02:58+00:00\",\"dateModified\":\"2024-09-24T18:33:47+00:00\",\"mainEntityOfPage\":{\"@id\":\"https:\\\/\\\/smartcherry.cl\\\/eventos\\\/gerente-de-in-pacta-ha-sido-un-evento-muy-bien-organizado-con-toda-la-industria-presente\\\/\"},\"wordCount\":68,\"publisher\":{\"@id\":\"https:\\\/\\\/smartcherry.cl\\\/#organization\"},\"image\":{\"@id\":\"https:\\\/\\\/smartcherry.cl\\\/eventos\\\/gerente-de-in-pacta-ha-sido-un-evento-muy-bien-organizado-con-toda-la-industria-presente\\\/#primaryimage\"},\"thumbnailUrl\":\"https:\\\/\\\/smartcherry.cl\\\/wp-content\\\/uploads\\\/2024\\\/07\\\/Captura-de-pantalla-2024-07-10-a-las-14.59.04.png\",\"keywords\":[\"not-prov\",\"inpacta\",\"CherryTech\",\"In-pacta\",\"cherrytech 2024\"],\"articleSection\":[\"Eventos\",\"Videos\"],\"inLanguage\":\"en-US\"},{\"@type\":\"WebPage\",\"@id\":\"https:\\\/\\\/smartcherry.cl\\\/eventos\\\/gerente-de-in-pacta-ha-sido-un-evento-muy-bien-organizado-con-toda-la-industria-presente\\\/\",\"url\":\"https:\\\/\\\/smartcherry.cl\\\/eventos\\\/gerente-de-in-pacta-ha-sido-un-evento-muy-bien-organizado-con-toda-la-industria-presente\\\/\",\"name\":\"Gerente de In-Pacta: \\\"Ha sido un evento muy bien organizado, con toda la industria presente\\\" - Smartcherry\",\"isPartOf\":{\"@id\":\"https:\\\/\\\/smartcherry.cl\\\/#website\"},\"primaryImageOfPage\":{\"@id\":\"https:\\\/\\\/smartcherry.cl\\\/eventos\\\/gerente-de-in-pacta-ha-sido-un-evento-muy-bien-organizado-con-toda-la-industria-presente\\\/#primaryimage\"},\"image\":{\"@id\":\"https:\\\/\\\/smartcherry.cl\\\/eventos\\\/gerente-de-in-pacta-ha-sido-un-evento-muy-bien-organizado-con-toda-la-industria-presente\\\/#primaryimage\"},\"thumbnailUrl\":\"https:\\\/\\\/smartcherry.cl\\\/wp-content\\\/uploads\\\/2024\\\/07\\\/Captura-de-pantalla-2024-07-10-a-las-14.59.04.png\",\"datePublished\":\"2024-07-10T19:02:58+00:00\",\"dateModified\":\"2024-09-24T18:33:47+00:00\",\"breadcrumb\":{\"@id\":\"https:\\\/\\\/smartcherry.cl\\\/eventos\\\/gerente-de-in-pacta-ha-sido-un-evento-muy-bien-organizado-con-toda-la-industria-presente\\\/#breadcrumb\"},\"inLanguage\":\"en-US\",\"potentialAction\":[{\"@type\":\"ReadAction\",\"target\":[\"https:\\\/\\\/smartcherry.cl\\\/eventos\\\/gerente-de-in-pacta-ha-sido-un-evento-muy-bien-organizado-con-toda-la-industria-presente\\\/\"]}]},{\"@type\":\"ImageObject\",\"inLanguage\":\"en-US\",\"@id\":\"https:\\\/\\\/smartcherry.cl\\\/eventos\\\/gerente-de-in-pacta-ha-sido-un-evento-muy-bien-organizado-con-toda-la-industria-presente\\\/#primaryimage\",\"url\":\"https:\\\/\\\/smartcherry.cl\\\/wp-content\\\/uploads\\\/2024\\\/07\\\/Captura-de-pantalla-2024-07-10-a-las-14.59.04.png\",\"contentUrl\":\"https:\\\/\\\/smartcherry.cl\\\/wp-content\\\/uploads\\\/2024\\\/07\\\/Captura-de-pantalla-2024-07-10-a-las-14.59.04.png\",\"width\":1000,\"height\":746},{\"@type\":\"BreadcrumbList\",\"@id\":\"https:\\\/\\\/smartcherry.cl\\\/eventos\\\/gerente-de-in-pacta-ha-sido-un-evento-muy-bien-organizado-con-toda-la-industria-presente\\\/#breadcrumb\",\"itemListElement\":[{\"@type\":\"ListItem\",\"position\":1,\"name\":\"Home\",\"item\":\"https:\\\/\\\/smartcherry.cl\\\/\"},{\"@type\":\"ListItem\",\"position\":2,\"name\":\"Eventos\",\"item\":\"https:\\\/\\\/smartcherry.cl\\\/category\\\/eventos\\\/\"},{\"@type\":\"ListItem\",\"position\":3,\"name\":\"Gerente de In-Pacta: &#8220;Ha sido un evento muy bien organizado, con toda la industria presente&#8221;\"}]},{\"@type\":\"WebSite\",\"@id\":\"https:\\\/\\\/smartcherry.cl\\\/#website\",\"url\":\"https:\\\/\\\/smartcherry.cl\\\/\",\"name\":\"Smartcherry\",\"description\":\"Sitio de Smartcherry\",\"publisher\":{\"@id\":\"https:\\\/\\\/smartcherry.cl\\\/#organization\"},\"potentialAction\":[{\"@type\":\"SearchAction\",\"target\":{\"@type\":\"EntryPoint\",\"urlTemplate\":\"https:\\\/\\\/smartcherry.cl\\\/?s={search_term_string}\"},\"query-input\":{\"@type\":\"PropertyValueSpecification\",\"valueRequired\":true,\"valueName\":\"search_term_string\"}}],\"inLanguage\":\"en-US\"},{\"@type\":\"Organization\",\"@id\":\"https:\\\/\\\/smartcherry.cl\\\/#organization\",\"name\":\"SmartCherry\",\"url\":\"https:\\\/\\\/smartcherry.cl\\\/\",\"logo\":{\"@type\":\"ImageObject\",\"inLanguage\":\"en-US\",\"@id\":\"https:\\\/\\\/smartcherry.cl\\\/#\\\/schema\\\/logo\\\/image\\\/\",\"url\":\"https:\\\/\\\/smartcherry.cl\\\/wp-content\\\/uploads\\\/2022\\\/02\\\/logo_smartcherry.png\",\"contentUrl\":\"https:\\\/\\\/smartcherry.cl\\\/wp-content\\\/uploads\\\/2022\\\/02\\\/logo_smartcherry.png\",\"width\":411,\"height\":84,\"caption\":\"SmartCherry\"},\"image\":{\"@id\":\"https:\\\/\\\/smartcherry.cl\\\/#\\\/schema\\\/logo\\\/image\\\/\"},\"sameAs\":[\"https:\\\/\\\/web.facebook.com\\\/SmartCherry.cl\\\/\",\"https:\\\/\\\/x.com\\\/SmartCherry_cl\",\"https:\\\/\\\/www.linkedin.com\\\/company\\\/smartcherry\\\/\",\"https:\\\/\\\/www.instagram.com\\\/smartcherry_cl\\\/\",\"https:\\\/\\\/www.youtube.com\\\/channel\\\/UCe007LfgFFnntDgCcqICbPQ\"]},{\"@type\":\"Person\",\"@id\":\"https:\\\/\\\/smartcherry.cl\\\/#\\\/schema\\\/person\\\/6d9666cc88934e87942366c7d94ebe35\",\"name\":\"In-Pacta\",\"image\":{\"@type\":\"ImageObject\",\"inLanguage\":\"en-US\",\"@id\":\"https:\\\/\\\/smartcherry.cl\\\/wp-content\\\/uploads\\\/2022\\\/03\\\/inpacta-user-96x96.png\",\"url\":\"https:\\\/\\\/smartcherry.cl\\\/wp-content\\\/uploads\\\/2022\\\/03\\\/inpacta-user-96x96.png\",\"contentUrl\":\"https:\\\/\\\/smartcherry.cl\\\/wp-content\\\/uploads\\\/2022\\\/03\\\/inpacta-user-96x96.png\",\"caption\":\"In-Pacta\"},\"url\":\"https:\\\/\\\/smartcherry.cl\\\/en\\\/author\\\/inpacta\\\/\"}]}<\/script>\n<!-- \/ Yoast SEO Premium plugin. -->","yoast_head_json":{"title":"Gerente de In-Pacta: \"Ha sido un evento muy bien organizado, con toda la industria presente\" - Smartcherry","robots":{"index":"index","follow":"follow","max-snippet":"max-snippet:-1","max-image-preview":"max-image-preview:large","max-video-preview":"max-video-preview:-1"},"canonical":"https:\/\/smartcherry.cl\/en\/eventos\/gerente-de-in-pacta-ha-sido-un-evento-muy-bien-organizado-con-toda-la-industria-presente\/","og_locale":"en_US","og_type":"article","og_title":"Gerente de In-Pacta: \"Ha sido un evento muy bien organizado, con toda la industria presente\"","og_description":"Jos\u00e9 Miguel Vald\u00e9s, Gerente General de In-Pacta, habl\u00f3 sobre la organizaci\u00f3n de la segunda versi\u00f3n de CherryTech que se realiz\u00f3 durante el presente a\u00f1o. Asimismo, se refiri\u00f3 sobre c\u00f3mo su [&hellip;]","og_url":"https:\/\/smartcherry.cl\/en\/eventos\/gerente-de-in-pacta-ha-sido-un-evento-muy-bien-organizado-con-toda-la-industria-presente\/","og_site_name":"Smartcherry","article_publisher":"https:\/\/web.facebook.com\/SmartCherry.cl\/","article_published_time":"2024-07-10T19:02:58+00:00","article_modified_time":"2024-09-24T18:33:47+00:00","og_image":[{"width":1000,"height":746,"url":"https:\/\/smartcherry.cl\/wp-content\/uploads\/2024\/07\/Captura-de-pantalla-2024-07-10-a-las-14.59.04.png","type":"image\/png"}],"author":"In-Pacta","twitter_card":"summary_large_image","twitter_creator":"@SmartCherry_cl","twitter_site":"@SmartCherry_cl","twitter_misc":{"Written by":"In-Pacta","Est. reading time":"1 minute"},"schema":{"@context":"https:\/\/schema.org","@graph":[{"@type":"Article","@id":"https:\/\/smartcherry.cl\/eventos\/gerente-de-in-pacta-ha-sido-un-evento-muy-bien-organizado-con-toda-la-industria-presente\/#article","isPartOf":{"@id":"https:\/\/smartcherry.cl\/eventos\/gerente-de-in-pacta-ha-sido-un-evento-muy-bien-organizado-con-toda-la-industria-presente\/"},"author":{"name":"In-Pacta","@id":"https:\/\/smartcherry.cl\/#\/schema\/person\/6d9666cc88934e87942366c7d94ebe35"},"headline":"Gerente de In-Pacta: \u00abHa sido un evento muy bien organizado, con toda la industria presente\u00bb","datePublished":"2024-07-10T19:02:58+00:00","dateModified":"2024-09-24T18:33:47+00:00","mainEntityOfPage":{"@id":"https:\/\/smartcherry.cl\/eventos\/gerente-de-in-pacta-ha-sido-un-evento-muy-bien-organizado-con-toda-la-industria-presente\/"},"wordCount":68,"publisher":{"@id":"https:\/\/smartcherry.cl\/#organization"},"image":{"@id":"https:\/\/smartcherry.cl\/eventos\/gerente-de-in-pacta-ha-sido-un-evento-muy-bien-organizado-con-toda-la-industria-presente\/#primaryimage"},"thumbnailUrl":"https:\/\/smartcherry.cl\/wp-content\/uploads\/2024\/07\/Captura-de-pantalla-2024-07-10-a-las-14.59.04.png","keywords":["not-prov","inpacta","CherryTech","In-pacta","cherrytech 2024"],"articleSection":["Eventos","Videos"],"inLanguage":"en-US"},{"@type":"WebPage","@id":"https:\/\/smartcherry.cl\/eventos\/gerente-de-in-pacta-ha-sido-un-evento-muy-bien-organizado-con-toda-la-industria-presente\/","url":"https:\/\/smartcherry.cl\/eventos\/gerente-de-in-pacta-ha-sido-un-evento-muy-bien-organizado-con-toda-la-industria-presente\/","name":"Gerente de In-Pacta: \"Ha sido un evento muy bien organizado, con toda la industria presente\" - Smartcherry","isPartOf":{"@id":"https:\/\/smartcherry.cl\/#website"},"primaryImageOfPage":{"@id":"https:\/\/smartcherry.cl\/eventos\/gerente-de-in-pacta-ha-sido-un-evento-muy-bien-organizado-con-toda-la-industria-presente\/#primaryimage"},"image":{"@id":"https:\/\/smartcherry.cl\/eventos\/gerente-de-in-pacta-ha-sido-un-evento-muy-bien-organizado-con-toda-la-industria-presente\/#primaryimage"},"thumbnailUrl":"https:\/\/smartcherry.cl\/wp-content\/uploads\/2024\/07\/Captura-de-pantalla-2024-07-10-a-las-14.59.04.png","datePublished":"2024-07-10T19:02:58+00:00","dateModified":"2024-09-24T18:33:47+00:00","breadcrumb":{"@id":"https:\/\/smartcherry.cl\/eventos\/gerente-de-in-pacta-ha-sido-un-evento-muy-bien-organizado-con-toda-la-industria-presente\/#breadcrumb"},"inLanguage":"en-US","potentialAction":[{"@type":"ReadAction","target":["https:\/\/smartcherry.cl\/eventos\/gerente-de-in-pacta-ha-sido-un-evento-muy-bien-organizado-con-toda-la-industria-presente\/"]}]},{"@type":"ImageObject","inLanguage":"en-US","@id":"https:\/\/smartcherry.cl\/eventos\/gerente-de-in-pacta-ha-sido-un-evento-muy-bien-organizado-con-toda-la-industria-presente\/#primaryimage","url":"https:\/\/smartcherry.cl\/wp-content\/uploads\/2024\/07\/Captura-de-pantalla-2024-07-10-a-las-14.59.04.png","contentUrl":"https:\/\/smartcherry.cl\/wp-content\/uploads\/2024\/07\/Captura-de-pantalla-2024-07-10-a-las-14.59.04.png","width":1000,"height":746},{"@type":"BreadcrumbList","@id":"https:\/\/smartcherry.cl\/eventos\/gerente-de-in-pacta-ha-sido-un-evento-muy-bien-organizado-con-toda-la-industria-presente\/#breadcrumb","itemListElement":[{"@type":"ListItem","position":1,"name":"Home","item":"https:\/\/smartcherry.cl\/"},{"@type":"ListItem","position":2,"name":"Eventos","item":"https:\/\/smartcherry.cl\/category\/eventos\/"},{"@type":"ListItem","position":3,"name":"Gerente de In-Pacta: &#8220;Ha sido un evento muy bien organizado, con toda la industria presente&#8221;"}]},{"@type":"WebSite","@id":"https:\/\/smartcherry.cl\/#website","url":"https:\/\/smartcherry.cl\/","name":"Smartcherry","description":"Smartcherry Site","publisher":{"@id":"https:\/\/smartcherry.cl\/#organization"},"potentialAction":[{"@type":"SearchAction","target":{"@type":"EntryPoint","urlTemplate":"https:\/\/smartcherry.cl\/?s={search_term_string}"},"query-input":{"@type":"PropertyValueSpecification","valueRequired":true,"valueName":"search_term_string"}}],"inLanguage":"en-US"},{"@type":"Organization","@id":"https:\/\/smartcherry.cl\/#organization","name":"SmartCherry","url":"https:\/\/smartcherry.cl\/","logo":{"@type":"ImageObject","inLanguage":"en-US","@id":"https:\/\/smartcherry.cl\/#\/schema\/logo\/image\/","url":"https:\/\/smartcherry.cl\/wp-content\/uploads\/2022\/02\/logo_smartcherry.png","contentUrl":"https:\/\/smartcherry.cl\/wp-content\/uploads\/2022\/02\/logo_smartcherry.png","width":411,"height":84,"caption":"SmartCherry"},"image":{"@id":"https:\/\/smartcherry.cl\/#\/schema\/logo\/image\/"},"sameAs":["https:\/\/web.facebook.com\/SmartCherry.cl\/","https:\/\/x.com\/SmartCherry_cl","https:\/\/www.linkedin.com\/company\/smartcherry\/","https:\/\/www.instagram.com\/smartcherry_cl\/","https:\/\/www.youtube.com\/channel\/UCe007LfgFFnntDgCcqICbPQ"]},{"@type":"Person","@id":"https:\/\/smartcherry.cl\/#\/schema\/person\/6d9666cc88934e87942366c7d94ebe35","name":"In-Pacta","image":{"@type":"ImageObject","inLanguage":"en-US","@id":"https:\/\/smartcherry.cl\/wp-content\/uploads\/2022\/03\/inpacta-user-96x96.png","url":"https:\/\/smartcherry.cl\/wp-content\/uploads\/2022\/03\/inpacta-user-96x96.png","contentUrl":"https:\/\/smartcherry.cl\/wp-content\/uploads\/2022\/03\/inpacta-user-96x96.png","caption":"In-Pacta"},"url":"https:\/\/smartcherry.cl\/en\/author\/inpacta\/"}]}},"_links":{"self":[{"href":"https:\/\/smartcherry.cl\/en\/wp-json\/wp\/v2\/posts\/34793","targetHints":{"allow":["GET"]}}],"collection":[{"href":"https:\/\/smartcherry.cl\/en\/wp-json\/wp\/v2\/posts"}],"about":[{"href":"https:\/\/smartcherry.cl\/en\/wp-json\/wp\/v2\/types\/post"}],"author":[{"embeddable":true,"href":"https:\/\/smartcherry.cl\/en\/wp-json\/wp\/v2\/users\/205"}],"replies":[{"embeddable":true,"href":"https:\/\/smartcherry.cl\/en\/wp-json\/wp\/v2\/comments?post=34793"}],"version-history":[{"count":1,"href":"https:\/\/smartcherry.cl\/en\/wp-json\/wp\/v2\/posts\/34793\/revisions"}],"predecessor-version":[{"id":37793,"href":"https:\/\/smartcherry.cl\/en\/wp-json\/wp\/v2\/posts\/34793\/revisions\/37793"}],"wp:featuredmedia":[{"embeddable":true,"href":"https:\/\/smartcherry.cl\/en\/wp-json\/wp\/v2\/media\/34794"}],"wp:attachment":[{"href":"https:\/\/smartcherry.cl\/en\/wp-json\/wp\/v2\/media?parent=34793"}],"wp:term":[{"taxonomy":"category","embeddable":true,"href":"https:\/\/smartcherry.cl\/en\/wp-json\/wp\/v2\/categories?post=34793"},{"taxonomy":"post_tag","embeddable":true,"href":"https:\/\/smartcherry.cl\/en\/wp-json\/wp\/v2\/tags?post=34793"},{"taxonomy":"category_proveedor","embeddable":true,"href":"https:\/\/smartcherry.cl\/en\/wp-json\/wp\/v2\/category_proveedor?post=34793"},{"taxonomy":"pais","embeddable":true,"href":"https:\/\/smartcherry.cl\/en\/wp-json\/wp\/v2\/pais?post=34793"}],"curies":[{"name":"wp","href":"https:\/\/api.w.org\/{rel}","templated":true}]}}