{"id":34407,"date":"2024-06-24T17:25:09","date_gmt":"2024-06-24T20:25:09","guid":{"rendered":"https:\/\/smartcherry.cl\/?post_type=videos&#038;p=34407"},"modified":"2024-09-24T14:34:22","modified_gmt":"2024-09-24T18:34:22","slug":"gerente-de-vadpagro-sin-duda-este-evento-tiene-que-estar-en-el-podio-de-los-mas-importantes","status":"publish","type":"post","link":"https:\/\/smartcherry.cl\/en\/eventos\/gerente-de-vadpagro-sin-duda-este-evento-tiene-que-estar-en-el-podio-de-los-mas-importantes\/","title":{"rendered":"Vadpagro Manager: \u201cWithout a doubt, this event has to be on the podium of the most important ones\u201d"},"content":{"rendered":"<p class=\"wp-block-paragraph\">Victor Donoso, manager and founder of Vadpagro, spoke about the experience of participating in CherryTech for the second consecutive year. He also described the technical event as one of the most important worldwide, ranking it among the top 3 in the industry.<\/p>\n\n\n\n<figure class=\"wp-block-embed aligncenter is-type-video is-provider-youtube wp-block-embed-youtube wp-embed-aspect-16-9 wp-has-aspect-ratio\"><div class=\"wp-block-embed__wrapper\">\n<iframe title=\"Vadpagro Manager: &quot;Without a doubt, this event has to be on the podium of the most important ones&quot;\" width=\"800\" height=\"450\" src=\"https:\/\/www.youtube.com\/embed\/9p-9D1c5A-k?feature=oembed\" frameborder=\"0\" allow=\"accelerometer; autoplay; clipboard-write; encrypted-media; gyroscope; picture-in-picture; web-share\" referrerpolicy=\"strict-origin-when-cross-origin\" allowfullscreen><\/iframe>\n<\/div><\/figure>\n\n\n\n<div class=\"wp-block-buttons is-content-justification-center is-layout-flex wp-container-core-buttons-is-layout-3e41869c wp-block-buttons-is-layout-flex\">\n<div class=\"wp-block-button\"><a class=\"wp-block-button__link wp-element-button\" href=\"https:\/\/smartcherry.cl\/en\/proveedores\/vadpagro\/\">More about Vadpagro<\/a><\/div>\n<\/div>","protected":false},"excerpt":{"rendered":"<p>Victor Donoso, gerente y fundador de Vadpagro, se refiri\u00f3 a la experiencia de participar por segundo a\u00f1o seguido en CherryTech. Adem\u00e1s catalog\u00f3 al evento t\u00e9cnico como uno de los m\u00e1s [&hellip;]<\/p>\n","protected":false},"author":224,"featured_media":34410,"comment_status":"closed","ping_status":"closed","sticky":false,"template":"","format":"standard","meta":{"_acf_changed":false,"inline_featured_image":false,"footnotes":""},"categories":[2631,3693],"tags":[1558,2306,2773,3490],"category_proveedor":[],"pais":[3604],"class_list":["post-34407","post","type-post","status-publish","format-standard","has-post-thumbnail","hentry","category-eventos","category-videos","tag-not-prov","tag-vadpagro","tag-cherrytech","tag-cherrytech-2024","pais-chile"],"acf":[],"yoast_head":"<!-- This site is optimized with the Yoast SEO Premium plugin v21.3 (Yoast SEO v28.3) - https:\/\/yoast.com\/product\/yoast-seo-premium-wordpress\/ -->\n<title>Gerente de Vadpagro: &quot;Sin duda, este evento tiene que estar en el podio de los m\u00e1s importantes&quot; - Smartcherry<\/title>\n<meta name=\"robots\" content=\"index, follow, max-snippet:-1, max-image-preview:large, max-video-preview:-1\" \/>\n<link rel=\"canonical\" href=\"https:\/\/smartcherry.cl\/en\/eventos\/gerente-de-vadpagro-sin-duda-este-evento-tiene-que-estar-en-el-podio-de-los-mas-importantes\/\" \/>\n<meta property=\"og:locale\" content=\"en_US\" \/>\n<meta property=\"og:type\" content=\"article\" \/>\n<meta property=\"og:title\" content=\"Gerente de Vadpagro: &quot;Sin duda, este evento tiene que estar en el podio de los m\u00e1s importantes&quot;\" \/>\n<meta property=\"og:description\" content=\"Victor Donoso, gerente y fundador de Vadpagro, se refiri\u00f3 a la experiencia de participar por segundo a\u00f1o seguido en CherryTech. Adem\u00e1s catalog\u00f3 al evento t\u00e9cnico como uno de los m\u00e1s [&hellip;]\" \/>\n<meta property=\"og:url\" content=\"https:\/\/smartcherry.cl\/en\/eventos\/gerente-de-vadpagro-sin-duda-este-evento-tiene-que-estar-en-el-podio-de-los-mas-importantes\/\" \/>\n<meta property=\"og:site_name\" content=\"Smartcherry\" \/>\n<meta property=\"article:publisher\" content=\"https:\/\/web.facebook.com\/SmartCherry.cl\/\" \/>\n<meta property=\"article:published_time\" content=\"2024-06-24T20:25:09+00:00\" \/>\n<meta property=\"article:modified_time\" content=\"2024-09-24T18:34:22+00:00\" \/>\n<meta property=\"og:image\" content=\"https:\/\/smartcherry.cl\/wp-content\/uploads\/2024\/06\/Captura-de-pantalla-2024-06-24-a-las-16.00.40.png\" \/>\n\t<meta property=\"og:image:width\" content=\"970\" \/>\n\t<meta property=\"og:image:height\" content=\"664\" \/>\n\t<meta property=\"og:image:type\" content=\"image\/png\" \/>\n<meta name=\"author\" content=\"Smartcherry\" \/>\n<meta name=\"twitter:card\" content=\"summary_large_image\" \/>\n<meta name=\"twitter:creator\" content=\"@SmartCherry_cl\" \/>\n<meta name=\"twitter:site\" content=\"@SmartCherry_cl\" \/>\n<meta name=\"twitter:label1\" content=\"Written by\" \/>\n\t<meta name=\"twitter:data1\" content=\"Smartcherry\" \/>\n\t<meta name=\"twitter:label2\" content=\"Est. reading time\" \/>\n\t<meta name=\"twitter:data2\" content=\"1 minute\" \/>\n<script type=\"application\/ld+json\" class=\"yoast-schema-graph\">{\"@context\":\"https:\\\/\\\/schema.org\",\"@graph\":[{\"@type\":\"Article\",\"@id\":\"https:\\\/\\\/smartcherry.cl\\\/eventos\\\/gerente-de-vadpagro-sin-duda-este-evento-tiene-que-estar-en-el-podio-de-los-mas-importantes\\\/#article\",\"isPartOf\":{\"@id\":\"https:\\\/\\\/smartcherry.cl\\\/eventos\\\/gerente-de-vadpagro-sin-duda-este-evento-tiene-que-estar-en-el-podio-de-los-mas-importantes\\\/\"},\"author\":{\"name\":\"Smartcherry\",\"@id\":\"https:\\\/\\\/smartcherry.cl\\\/#\\\/schema\\\/person\\\/cc5ad3fbb76cc15ccfacf38ce0684864\"},\"headline\":\"Gerente de Vadpagro: \u00abSin duda, este evento tiene que estar en el podio de los m\u00e1s importantes\u00bb\",\"datePublished\":\"2024-06-24T20:25:09+00:00\",\"dateModified\":\"2024-09-24T18:34:22+00:00\",\"mainEntityOfPage\":{\"@id\":\"https:\\\/\\\/smartcherry.cl\\\/eventos\\\/gerente-de-vadpagro-sin-duda-este-evento-tiene-que-estar-en-el-podio-de-los-mas-importantes\\\/\"},\"wordCount\":75,\"publisher\":{\"@id\":\"https:\\\/\\\/smartcherry.cl\\\/#organization\"},\"image\":{\"@id\":\"https:\\\/\\\/smartcherry.cl\\\/eventos\\\/gerente-de-vadpagro-sin-duda-este-evento-tiene-que-estar-en-el-podio-de-los-mas-importantes\\\/#primaryimage\"},\"thumbnailUrl\":\"https:\\\/\\\/smartcherry.cl\\\/wp-content\\\/uploads\\\/2024\\\/06\\\/Captura-de-pantalla-2024-06-24-a-las-16.00.40.png\",\"keywords\":[\"not-prov\",\"Vadpagro\",\"CherryTech\",\"cherrytech 2024\"],\"articleSection\":[\"Eventos\",\"Videos\"],\"inLanguage\":\"en-US\"},{\"@type\":\"WebPage\",\"@id\":\"https:\\\/\\\/smartcherry.cl\\\/eventos\\\/gerente-de-vadpagro-sin-duda-este-evento-tiene-que-estar-en-el-podio-de-los-mas-importantes\\\/\",\"url\":\"https:\\\/\\\/smartcherry.cl\\\/eventos\\\/gerente-de-vadpagro-sin-duda-este-evento-tiene-que-estar-en-el-podio-de-los-mas-importantes\\\/\",\"name\":\"Gerente de Vadpagro: \\\"Sin duda, este evento tiene que estar en el podio de los m\u00e1s importantes\\\" - Smartcherry\",\"isPartOf\":{\"@id\":\"https:\\\/\\\/smartcherry.cl\\\/#website\"},\"primaryImageOfPage\":{\"@id\":\"https:\\\/\\\/smartcherry.cl\\\/eventos\\\/gerente-de-vadpagro-sin-duda-este-evento-tiene-que-estar-en-el-podio-de-los-mas-importantes\\\/#primaryimage\"},\"image\":{\"@id\":\"https:\\\/\\\/smartcherry.cl\\\/eventos\\\/gerente-de-vadpagro-sin-duda-este-evento-tiene-que-estar-en-el-podio-de-los-mas-importantes\\\/#primaryimage\"},\"thumbnailUrl\":\"https:\\\/\\\/smartcherry.cl\\\/wp-content\\\/uploads\\\/2024\\\/06\\\/Captura-de-pantalla-2024-06-24-a-las-16.00.40.png\",\"datePublished\":\"2024-06-24T20:25:09+00:00\",\"dateModified\":\"2024-09-24T18:34:22+00:00\",\"breadcrumb\":{\"@id\":\"https:\\\/\\\/smartcherry.cl\\\/eventos\\\/gerente-de-vadpagro-sin-duda-este-evento-tiene-que-estar-en-el-podio-de-los-mas-importantes\\\/#breadcrumb\"},\"inLanguage\":\"en-US\",\"potentialAction\":[{\"@type\":\"ReadAction\",\"target\":[\"https:\\\/\\\/smartcherry.cl\\\/eventos\\\/gerente-de-vadpagro-sin-duda-este-evento-tiene-que-estar-en-el-podio-de-los-mas-importantes\\\/\"]}]},{\"@type\":\"ImageObject\",\"inLanguage\":\"en-US\",\"@id\":\"https:\\\/\\\/smartcherry.cl\\\/eventos\\\/gerente-de-vadpagro-sin-duda-este-evento-tiene-que-estar-en-el-podio-de-los-mas-importantes\\\/#primaryimage\",\"url\":\"https:\\\/\\\/smartcherry.cl\\\/wp-content\\\/uploads\\\/2024\\\/06\\\/Captura-de-pantalla-2024-06-24-a-las-16.00.40.png\",\"contentUrl\":\"https:\\\/\\\/smartcherry.cl\\\/wp-content\\\/uploads\\\/2024\\\/06\\\/Captura-de-pantalla-2024-06-24-a-las-16.00.40.png\",\"width\":970,\"height\":664},{\"@type\":\"BreadcrumbList\",\"@id\":\"https:\\\/\\\/smartcherry.cl\\\/eventos\\\/gerente-de-vadpagro-sin-duda-este-evento-tiene-que-estar-en-el-podio-de-los-mas-importantes\\\/#breadcrumb\",\"itemListElement\":[{\"@type\":\"ListItem\",\"position\":1,\"name\":\"Home\",\"item\":\"https:\\\/\\\/smartcherry.cl\\\/\"},{\"@type\":\"ListItem\",\"position\":2,\"name\":\"Eventos\",\"item\":\"https:\\\/\\\/smartcherry.cl\\\/category\\\/eventos\\\/\"},{\"@type\":\"ListItem\",\"position\":3,\"name\":\"Gerente de Vadpagro: &#8220;Sin duda, este evento tiene que estar en el podio de los m\u00e1s importantes&#8221;\"}]},{\"@type\":\"WebSite\",\"@id\":\"https:\\\/\\\/smartcherry.cl\\\/#website\",\"url\":\"https:\\\/\\\/smartcherry.cl\\\/\",\"name\":\"Smartcherry\",\"description\":\"Sitio de Smartcherry\",\"publisher\":{\"@id\":\"https:\\\/\\\/smartcherry.cl\\\/#organization\"},\"potentialAction\":[{\"@type\":\"SearchAction\",\"target\":{\"@type\":\"EntryPoint\",\"urlTemplate\":\"https:\\\/\\\/smartcherry.cl\\\/?s={search_term_string}\"},\"query-input\":{\"@type\":\"PropertyValueSpecification\",\"valueRequired\":true,\"valueName\":\"search_term_string\"}}],\"inLanguage\":\"en-US\"},{\"@type\":\"Organization\",\"@id\":\"https:\\\/\\\/smartcherry.cl\\\/#organization\",\"name\":\"SmartCherry\",\"url\":\"https:\\\/\\\/smartcherry.cl\\\/\",\"logo\":{\"@type\":\"ImageObject\",\"inLanguage\":\"en-US\",\"@id\":\"https:\\\/\\\/smartcherry.cl\\\/#\\\/schema\\\/logo\\\/image\\\/\",\"url\":\"https:\\\/\\\/smartcherry.cl\\\/wp-content\\\/uploads\\\/2022\\\/02\\\/logo_smartcherry.png\",\"contentUrl\":\"https:\\\/\\\/smartcherry.cl\\\/wp-content\\\/uploads\\\/2022\\\/02\\\/logo_smartcherry.png\",\"width\":411,\"height\":84,\"caption\":\"SmartCherry\"},\"image\":{\"@id\":\"https:\\\/\\\/smartcherry.cl\\\/#\\\/schema\\\/logo\\\/image\\\/\"},\"sameAs\":[\"https:\\\/\\\/web.facebook.com\\\/SmartCherry.cl\\\/\",\"https:\\\/\\\/x.com\\\/SmartCherry_cl\",\"https:\\\/\\\/www.linkedin.com\\\/company\\\/smartcherry\\\/\",\"https:\\\/\\\/www.instagram.com\\\/smartcherry_cl\\\/\",\"https:\\\/\\\/www.youtube.com\\\/channel\\\/UCe007LfgFFnntDgCcqICbPQ\"]},{\"@type\":\"Person\",\"@id\":\"https:\\\/\\\/smartcherry.cl\\\/#\\\/schema\\\/person\\\/cc5ad3fbb76cc15ccfacf38ce0684864\",\"name\":\"Smartcherry\",\"image\":{\"@type\":\"ImageObject\",\"inLanguage\":\"en-US\",\"@id\":\"https:\\\/\\\/smartcherry.cl\\\/wp-content\\\/uploads\\\/2022\\\/03\\\/smartcherry-admin-user-96x96.png\",\"url\":\"https:\\\/\\\/smartcherry.cl\\\/wp-content\\\/uploads\\\/2022\\\/03\\\/smartcherry-admin-user-96x96.png\",\"contentUrl\":\"https:\\\/\\\/smartcherry.cl\\\/wp-content\\\/uploads\\\/2022\\\/03\\\/smartcherry-admin-user-96x96.png\",\"caption\":\"Smartcherry\"},\"url\":\"https:\\\/\\\/smartcherry.cl\\\/en\\\/author\\\/smartcherry\\\/\"}]}<\/script>\n<!-- \/ Yoast SEO Premium plugin. -->","yoast_head_json":{"title":"Gerente de Vadpagro: \"Sin duda, este evento tiene que estar en el podio de los m\u00e1s importantes\" - Smartcherry","robots":{"index":"index","follow":"follow","max-snippet":"max-snippet:-1","max-image-preview":"max-image-preview:large","max-video-preview":"max-video-preview:-1"},"canonical":"https:\/\/smartcherry.cl\/en\/eventos\/gerente-de-vadpagro-sin-duda-este-evento-tiene-que-estar-en-el-podio-de-los-mas-importantes\/","og_locale":"en_US","og_type":"article","og_title":"Gerente de Vadpagro: \"Sin duda, este evento tiene que estar en el podio de los m\u00e1s importantes\"","og_description":"Victor Donoso, gerente y fundador de Vadpagro, se refiri\u00f3 a la experiencia de participar por segundo a\u00f1o seguido en CherryTech. Adem\u00e1s catalog\u00f3 al evento t\u00e9cnico como uno de los m\u00e1s [&hellip;]","og_url":"https:\/\/smartcherry.cl\/en\/eventos\/gerente-de-vadpagro-sin-duda-este-evento-tiene-que-estar-en-el-podio-de-los-mas-importantes\/","og_site_name":"Smartcherry","article_publisher":"https:\/\/web.facebook.com\/SmartCherry.cl\/","article_published_time":"2024-06-24T20:25:09+00:00","article_modified_time":"2024-09-24T18:34:22+00:00","og_image":[{"width":970,"height":664,"url":"https:\/\/smartcherry.cl\/wp-content\/uploads\/2024\/06\/Captura-de-pantalla-2024-06-24-a-las-16.00.40.png","type":"image\/png"}],"author":"Smartcherry","twitter_card":"summary_large_image","twitter_creator":"@SmartCherry_cl","twitter_site":"@SmartCherry_cl","twitter_misc":{"Written by":"Smartcherry","Est. reading time":"1 minute"},"schema":{"@context":"https:\/\/schema.org","@graph":[{"@type":"Article","@id":"https:\/\/smartcherry.cl\/eventos\/gerente-de-vadpagro-sin-duda-este-evento-tiene-que-estar-en-el-podio-de-los-mas-importantes\/#article","isPartOf":{"@id":"https:\/\/smartcherry.cl\/eventos\/gerente-de-vadpagro-sin-duda-este-evento-tiene-que-estar-en-el-podio-de-los-mas-importantes\/"},"author":{"name":"Smartcherry","@id":"https:\/\/smartcherry.cl\/#\/schema\/person\/cc5ad3fbb76cc15ccfacf38ce0684864"},"headline":"Gerente de Vadpagro: \u00abSin duda, este evento tiene que estar en el podio de los m\u00e1s importantes\u00bb","datePublished":"2024-06-24T20:25:09+00:00","dateModified":"2024-09-24T18:34:22+00:00","mainEntityOfPage":{"@id":"https:\/\/smartcherry.cl\/eventos\/gerente-de-vadpagro-sin-duda-este-evento-tiene-que-estar-en-el-podio-de-los-mas-importantes\/"},"wordCount":75,"publisher":{"@id":"https:\/\/smartcherry.cl\/#organization"},"image":{"@id":"https:\/\/smartcherry.cl\/eventos\/gerente-de-vadpagro-sin-duda-este-evento-tiene-que-estar-en-el-podio-de-los-mas-importantes\/#primaryimage"},"thumbnailUrl":"https:\/\/smartcherry.cl\/wp-content\/uploads\/2024\/06\/Captura-de-pantalla-2024-06-24-a-las-16.00.40.png","keywords":["not-prov","Vadpagro","CherryTech","cherrytech 2024"],"articleSection":["Eventos","Videos"],"inLanguage":"en-US"},{"@type":"WebPage","@id":"https:\/\/smartcherry.cl\/eventos\/gerente-de-vadpagro-sin-duda-este-evento-tiene-que-estar-en-el-podio-de-los-mas-importantes\/","url":"https:\/\/smartcherry.cl\/eventos\/gerente-de-vadpagro-sin-duda-este-evento-tiene-que-estar-en-el-podio-de-los-mas-importantes\/","name":"Gerente de Vadpagro: \"Sin duda, este evento tiene que estar en el podio de los m\u00e1s importantes\" - Smartcherry","isPartOf":{"@id":"https:\/\/smartcherry.cl\/#website"},"primaryImageOfPage":{"@id":"https:\/\/smartcherry.cl\/eventos\/gerente-de-vadpagro-sin-duda-este-evento-tiene-que-estar-en-el-podio-de-los-mas-importantes\/#primaryimage"},"image":{"@id":"https:\/\/smartcherry.cl\/eventos\/gerente-de-vadpagro-sin-duda-este-evento-tiene-que-estar-en-el-podio-de-los-mas-importantes\/#primaryimage"},"thumbnailUrl":"https:\/\/smartcherry.cl\/wp-content\/uploads\/2024\/06\/Captura-de-pantalla-2024-06-24-a-las-16.00.40.png","datePublished":"2024-06-24T20:25:09+00:00","dateModified":"2024-09-24T18:34:22+00:00","breadcrumb":{"@id":"https:\/\/smartcherry.cl\/eventos\/gerente-de-vadpagro-sin-duda-este-evento-tiene-que-estar-en-el-podio-de-los-mas-importantes\/#breadcrumb"},"inLanguage":"en-US","potentialAction":[{"@type":"ReadAction","target":["https:\/\/smartcherry.cl\/eventos\/gerente-de-vadpagro-sin-duda-este-evento-tiene-que-estar-en-el-podio-de-los-mas-importantes\/"]}]},{"@type":"ImageObject","inLanguage":"en-US","@id":"https:\/\/smartcherry.cl\/eventos\/gerente-de-vadpagro-sin-duda-este-evento-tiene-que-estar-en-el-podio-de-los-mas-importantes\/#primaryimage","url":"https:\/\/smartcherry.cl\/wp-content\/uploads\/2024\/06\/Captura-de-pantalla-2024-06-24-a-las-16.00.40.png","contentUrl":"https:\/\/smartcherry.cl\/wp-content\/uploads\/2024\/06\/Captura-de-pantalla-2024-06-24-a-las-16.00.40.png","width":970,"height":664},{"@type":"BreadcrumbList","@id":"https:\/\/smartcherry.cl\/eventos\/gerente-de-vadpagro-sin-duda-este-evento-tiene-que-estar-en-el-podio-de-los-mas-importantes\/#breadcrumb","itemListElement":[{"@type":"ListItem","position":1,"name":"Home","item":"https:\/\/smartcherry.cl\/"},{"@type":"ListItem","position":2,"name":"Eventos","item":"https:\/\/smartcherry.cl\/category\/eventos\/"},{"@type":"ListItem","position":3,"name":"Gerente de Vadpagro: &#8220;Sin duda, este evento tiene que estar en el podio de los m\u00e1s importantes&#8221;"}]},{"@type":"WebSite","@id":"https:\/\/smartcherry.cl\/#website","url":"https:\/\/smartcherry.cl\/","name":"Smartcherry","description":"Smartcherry Site","publisher":{"@id":"https:\/\/smartcherry.cl\/#organization"},"potentialAction":[{"@type":"SearchAction","target":{"@type":"EntryPoint","urlTemplate":"https:\/\/smartcherry.cl\/?s={search_term_string}"},"query-input":{"@type":"PropertyValueSpecification","valueRequired":true,"valueName":"search_term_string"}}],"inLanguage":"en-US"},{"@type":"Organization","@id":"https:\/\/smartcherry.cl\/#organization","name":"SmartCherry","url":"https:\/\/smartcherry.cl\/","logo":{"@type":"ImageObject","inLanguage":"en-US","@id":"https:\/\/smartcherry.cl\/#\/schema\/logo\/image\/","url":"https:\/\/smartcherry.cl\/wp-content\/uploads\/2022\/02\/logo_smartcherry.png","contentUrl":"https:\/\/smartcherry.cl\/wp-content\/uploads\/2022\/02\/logo_smartcherry.png","width":411,"height":84,"caption":"SmartCherry"},"image":{"@id":"https:\/\/smartcherry.cl\/#\/schema\/logo\/image\/"},"sameAs":["https:\/\/web.facebook.com\/SmartCherry.cl\/","https:\/\/x.com\/SmartCherry_cl","https:\/\/www.linkedin.com\/company\/smartcherry\/","https:\/\/www.instagram.com\/smartcherry_cl\/","https:\/\/www.youtube.com\/channel\/UCe007LfgFFnntDgCcqICbPQ"]},{"@type":"Person","@id":"https:\/\/smartcherry.cl\/#\/schema\/person\/cc5ad3fbb76cc15ccfacf38ce0684864","name":"Smartcherry","image":{"@type":"ImageObject","inLanguage":"en-US","@id":"https:\/\/smartcherry.cl\/wp-content\/uploads\/2022\/03\/smartcherry-admin-user-96x96.png","url":"https:\/\/smartcherry.cl\/wp-content\/uploads\/2022\/03\/smartcherry-admin-user-96x96.png","contentUrl":"https:\/\/smartcherry.cl\/wp-content\/uploads\/2022\/03\/smartcherry-admin-user-96x96.png","caption":"Smartcherry"},"url":"https:\/\/smartcherry.cl\/en\/author\/smartcherry\/"}]}},"_links":{"self":[{"href":"https:\/\/smartcherry.cl\/en\/wp-json\/wp\/v2\/posts\/34407","targetHints":{"allow":["GET"]}}],"collection":[{"href":"https:\/\/smartcherry.cl\/en\/wp-json\/wp\/v2\/posts"}],"about":[{"href":"https:\/\/smartcherry.cl\/en\/wp-json\/wp\/v2\/types\/post"}],"author":[{"embeddable":true,"href":"https:\/\/smartcherry.cl\/en\/wp-json\/wp\/v2\/users\/224"}],"replies":[{"embeddable":true,"href":"https:\/\/smartcherry.cl\/en\/wp-json\/wp\/v2\/comments?post=34407"}],"version-history":[{"count":1,"href":"https:\/\/smartcherry.cl\/en\/wp-json\/wp\/v2\/posts\/34407\/revisions"}],"predecessor-version":[{"id":37816,"href":"https:\/\/smartcherry.cl\/en\/wp-json\/wp\/v2\/posts\/34407\/revisions\/37816"}],"wp:featuredmedia":[{"embeddable":true,"href":"https:\/\/smartcherry.cl\/en\/wp-json\/wp\/v2\/media\/34410"}],"wp:attachment":[{"href":"https:\/\/smartcherry.cl\/en\/wp-json\/wp\/v2\/media?parent=34407"}],"wp:term":[{"taxonomy":"category","embeddable":true,"href":"https:\/\/smartcherry.cl\/en\/wp-json\/wp\/v2\/categories?post=34407"},{"taxonomy":"post_tag","embeddable":true,"href":"https:\/\/smartcherry.cl\/en\/wp-json\/wp\/v2\/tags?post=34407"},{"taxonomy":"category_proveedor","embeddable":true,"href":"https:\/\/smartcherry.cl\/en\/wp-json\/wp\/v2\/category_proveedor?post=34407"},{"taxonomy":"pais","embeddable":true,"href":"https:\/\/smartcherry.cl\/en\/wp-json\/wp\/v2\/pais?post=34407"}],"curies":[{"name":"wp","href":"https:\/\/api.w.org\/{rel}","templated":true}]}}