{"id":32480,"date":"2024-04-10T11:00:19","date_gmt":"2024-04-10T14:00:19","guid":{"rendered":"https:\/\/smartcherry.cl\/?p=32480"},"modified":"2024-04-10T11:00:52","modified_gmt":"2024-04-10T14:00:52","slug":"abril-condiciones-templadas-y-falta-de-lluvias","status":"publish","type":"post","link":"https:\/\/smartcherry.cl\/en\/clima\/abril-condiciones-templadas-y-falta-de-lluvias\/","title":{"rendered":"April: Mild conditions and lack of rain"},"content":{"rendered":"<p class=\"wp-block-paragraph\">This agroclimatological report has two objectives: <br><br>1.- Explain the causes of the mild temperatures in April 2024. <br>2.- La Ni\u00f1a cold event projections: Will it reach Chile and when? Mild conditions and lack of rain in April.<\/p>\n\n\n\n<figure class=\"wp-block-image size-large\"><img fetchpriority=\"high\" decoding=\"async\" width=\"1024\" height=\"569\" src=\"https:\/\/smartcherry.cl\/wp-content\/uploads\/2024\/04\/Captura-de-pantalla-2024-04-10-a-las-09.35.07-1024x569.png\" alt=\"\" class=\"wp-image-32483\" srcset=\"https:\/\/smartcherry.cl\/wp-content\/uploads\/2024\/04\/Captura-de-pantalla-2024-04-10-a-las-09.35.07-1024x569.png 1024w, https:\/\/smartcherry.cl\/wp-content\/uploads\/2024\/04\/Captura-de-pantalla-2024-04-10-a-las-09.35.07-300x167.png 300w, https:\/\/smartcherry.cl\/wp-content\/uploads\/2024\/04\/Captura-de-pantalla-2024-04-10-a-las-09.35.07-768x427.png 768w, https:\/\/smartcherry.cl\/wp-content\/uploads\/2024\/04\/Captura-de-pantalla-2024-04-10-a-las-09.35.07-1536x853.png 1536w, https:\/\/smartcherry.cl\/wp-content\/uploads\/2024\/04\/Captura-de-pantalla-2024-04-10-a-las-09.35.07.png 1599w\" sizes=\"(max-width: 1024px) 100vw, 1024px\" \/><\/figure>\n\n\n\n<p class=\"wp-block-paragraph\"><\/p>\n\n\n\n<p class=\"wp-block-paragraph\"><br>The model image indicates the location of the Maule region (red line). Opposite it, in the Pacific Ocean, a warm subtropical High Pressure system (H) generates clear skies, drying winds from the south and, most importantly, blocks the frontal systems of autumn rains, which in the image appear yellow and red. These systems should move to the southern ends of the country, keeping Curic\u00f3 with a 65% deficit in rainfall to date.<\/p>\n\n\n\n<p class=\"wp-block-paragraph\"><br>In terms of temperatures, the maximum temperatures have been between 21 and 22\u00b0 C and the minimum temperatures between 7 and 8\u00b0 C. In addition, relative humidity has been between 30 and 401 TP3T since 2:00 p.m. This means that there is a high thermal oscillation environment from dawn to afternoon, associated with dryness during the hours from 2:00 p.m. to 5:00 p.m. <br>During this period, approximately 40 cubic meters per hectare are evaporating.<\/p>\n\n\n\n<p class=\"wp-block-paragraph\"> All these conditions will continue until April 21 and, probably, until the end of the month. From the 15th, colder minimum temperatures will begin to appear in the mornings and morning fog and mist. Autumn is gradually arriving in the region.<\/p>\n\n\n\n<p class=\"wp-block-paragraph\"><br><strong>The La Ni\u00f1a phenomenon 2024<\/strong><\/p>\n\n\n\n<p class=\"wp-block-paragraph\">According to the probabilistic model of the National Oceanic and Atmospheric Administration (NOAA), there is a 70% probability that a cold La Ni\u00f1a event will begin during June or July, characterized by low rainfall, morning fog, frost, and humid and cold environments. This would lead to the continuation of the mega-drought that began in 2007. <br><\/p>\n\n\n\n<p class=\"wp-block-paragraph\">The blue bars show how the probabilities increase as we enter winter and, from August onwards, the probabilities increase above 80%. <\/p>\n\n\n\n<p class=\"wp-block-paragraph\">The above suggests preparing for a weather scenario like the one described above. Water care and the likelihood of late spring frosts is a risk to consider.<\/p>\n\n\n\n<figure class=\"wp-block-image size-large\"><img decoding=\"async\" width=\"1024\" height=\"712\" src=\"https:\/\/smartcherry.cl\/wp-content\/uploads\/2024\/04\/Captura-de-pantalla-2024-04-10-a-las-09.34.46-1024x712.png\" alt=\"\" class=\"wp-image-32484\" srcset=\"https:\/\/smartcherry.cl\/wp-content\/uploads\/2024\/04\/Captura-de-pantalla-2024-04-10-a-las-09.34.46-1024x712.png 1024w, https:\/\/smartcherry.cl\/wp-content\/uploads\/2024\/04\/Captura-de-pantalla-2024-04-10-a-las-09.34.46-300x208.png 300w, https:\/\/smartcherry.cl\/wp-content\/uploads\/2024\/04\/Captura-de-pantalla-2024-04-10-a-las-09.34.46-768x534.png 768w, https:\/\/smartcherry.cl\/wp-content\/uploads\/2024\/04\/Captura-de-pantalla-2024-04-10-a-las-09.34.46-1536x1067.png 1536w, https:\/\/smartcherry.cl\/wp-content\/uploads\/2024\/04\/Captura-de-pantalla-2024-04-10-a-las-09.34.46.png 1544w\" sizes=\"(max-width: 1024px) 100vw, 1024px\" \/><\/figure>\n\n\n\n<p class=\"wp-block-paragraph\"><br>As indicated in the graph, during May the warm El Ni\u00f1o event would be almost over for the central zone of Chile. The months of May and June would be a transition towards the cold event, La Ni\u00f1a (plum bars). It is likely that it could last until spring 2025, a situation that will have to be evaluated.<\/p>","protected":false},"excerpt":{"rendered":"<p>Patricio Gonz\u00e1lez Colville M.Sc. Dip. Agroclimatology University of Israel.<\/p>","protected":false},"author":239,"featured_media":32485,"comment_status":"closed","ping_status":"open","sticky":false,"template":"","format":"standard","meta":{"_acf_changed":false,"inline_featured_image":false,"footnotes":""},"categories":[430],"tags":[206,3458],"category_proveedor":[],"pais":[],"class_list":["post-32480","post","type-post","status-publish","format-standard","has-post-thumbnail","hentry","category-clima","tag-clima","tag-patriciogonzalez"],"acf":[],"yoast_head":"<!-- This site is optimized with the Yoast SEO Premium plugin v21.3 (Yoast SEO v28.3) - https:\/\/yoast.com\/product\/yoast-seo-premium-wordpress\/ -->\n<title>Abril: Condiciones templadas y falta de lluvias - Smartcherry<\/title>\n<meta name=\"description\" content=\"El agroclimatol\u00f3gico Patricio Gonz\u00e1lez entrega detalles de las condiciones meteorol\u00f3gicas de abril de 2024.\" \/>\n<meta name=\"robots\" content=\"index, follow, max-snippet:-1, max-image-preview:large, max-video-preview:-1\" \/>\n<link rel=\"canonical\" href=\"https:\/\/smartcherry.cl\/en\/clima\/abril-condiciones-templadas-y-falta-de-lluvias\/\" \/>\n<meta property=\"og:locale\" content=\"en_US\" \/>\n<meta property=\"og:type\" content=\"article\" \/>\n<meta property=\"og:title\" content=\"Abril: Condiciones templadas y falta de lluvias\" \/>\n<meta property=\"og:description\" content=\"El agroclimatol\u00f3gico Patricio Gonz\u00e1lez entrega detalles de las condiciones meteorol\u00f3gicas de abril de 2024.\" \/>\n<meta property=\"og:url\" content=\"https:\/\/smartcherry.cl\/en\/clima\/abril-condiciones-templadas-y-falta-de-lluvias\/\" \/>\n<meta property=\"og:site_name\" content=\"Smartcherry\" \/>\n<meta property=\"article:publisher\" content=\"https:\/\/web.facebook.com\/SmartCherry.cl\/\" \/>\n<meta property=\"article:published_time\" content=\"2024-04-10T14:00:19+00:00\" \/>\n<meta property=\"article:modified_time\" content=\"2024-04-10T14:00:52+00:00\" \/>\n<meta property=\"og:image\" content=\"https:\/\/smartcherry.cl\/wp-content\/uploads\/2024\/04\/Diseno-sin-titulo-3.png\" \/>\n\t<meta property=\"og:image:width\" content=\"1400\" \/>\n\t<meta property=\"og:image:height\" content=\"800\" \/>\n\t<meta property=\"og:image:type\" content=\"image\/png\" \/>\n<meta name=\"author\" content=\"Andrea Garrido\" \/>\n<meta name=\"twitter:card\" content=\"summary_large_image\" \/>\n<meta name=\"twitter:creator\" content=\"@SmartCherry_cl\" \/>\n<meta name=\"twitter:site\" content=\"@SmartCherry_cl\" \/>\n<meta name=\"twitter:label1\" content=\"Written by\" \/>\n\t<meta name=\"twitter:data1\" content=\"Andrea Garrido\" \/>\n\t<meta name=\"twitter:label2\" content=\"Est. reading time\" \/>\n\t<meta name=\"twitter:data2\" content=\"3 minutes\" \/>\n<script type=\"application\/ld+json\" class=\"yoast-schema-graph\">{\"@context\":\"https:\\\/\\\/schema.org\",\"@graph\":[{\"@type\":\"Article\",\"@id\":\"https:\\\/\\\/smartcherry.cl\\\/clima\\\/abril-condiciones-templadas-y-falta-de-lluvias\\\/#article\",\"isPartOf\":{\"@id\":\"https:\\\/\\\/smartcherry.cl\\\/clima\\\/abril-condiciones-templadas-y-falta-de-lluvias\\\/\"},\"author\":{\"name\":\"Andrea Garrido\",\"@id\":\"https:\\\/\\\/smartcherry.cl\\\/#\\\/schema\\\/person\\\/8af97e16113dce4b990e1e4cec380025\"},\"headline\":\"Abril: Condiciones templadas y falta de lluvias\",\"datePublished\":\"2024-04-10T14:00:19+00:00\",\"dateModified\":\"2024-04-10T14:00:52+00:00\",\"mainEntityOfPage\":{\"@id\":\"https:\\\/\\\/smartcherry.cl\\\/clima\\\/abril-condiciones-templadas-y-falta-de-lluvias\\\/\"},\"wordCount\":471,\"publisher\":{\"@id\":\"https:\\\/\\\/smartcherry.cl\\\/#organization\"},\"image\":{\"@id\":\"https:\\\/\\\/smartcherry.cl\\\/clima\\\/abril-condiciones-templadas-y-falta-de-lluvias\\\/#primaryimage\"},\"thumbnailUrl\":\"https:\\\/\\\/smartcherry.cl\\\/wp-content\\\/uploads\\\/2024\\\/04\\\/Diseno-sin-titulo-3.png\",\"keywords\":[\"clima\",\"patriciogonzalez\"],\"articleSection\":[\"Clima\"],\"inLanguage\":\"en-US\"},{\"@type\":\"WebPage\",\"@id\":\"https:\\\/\\\/smartcherry.cl\\\/clima\\\/abril-condiciones-templadas-y-falta-de-lluvias\\\/\",\"url\":\"https:\\\/\\\/smartcherry.cl\\\/clima\\\/abril-condiciones-templadas-y-falta-de-lluvias\\\/\",\"name\":\"Abril: Condiciones templadas y falta de lluvias - Smartcherry\",\"isPartOf\":{\"@id\":\"https:\\\/\\\/smartcherry.cl\\\/#website\"},\"primaryImageOfPage\":{\"@id\":\"https:\\\/\\\/smartcherry.cl\\\/clima\\\/abril-condiciones-templadas-y-falta-de-lluvias\\\/#primaryimage\"},\"image\":{\"@id\":\"https:\\\/\\\/smartcherry.cl\\\/clima\\\/abril-condiciones-templadas-y-falta-de-lluvias\\\/#primaryimage\"},\"thumbnailUrl\":\"https:\\\/\\\/smartcherry.cl\\\/wp-content\\\/uploads\\\/2024\\\/04\\\/Diseno-sin-titulo-3.png\",\"datePublished\":\"2024-04-10T14:00:19+00:00\",\"dateModified\":\"2024-04-10T14:00:52+00:00\",\"description\":\"El agroclimatol\u00f3gico Patricio Gonz\u00e1lez entrega detalles de las condiciones meteorol\u00f3gicas de abril de 2024.\",\"breadcrumb\":{\"@id\":\"https:\\\/\\\/smartcherry.cl\\\/clima\\\/abril-condiciones-templadas-y-falta-de-lluvias\\\/#breadcrumb\"},\"inLanguage\":\"en-US\",\"potentialAction\":[{\"@type\":\"ReadAction\",\"target\":[\"https:\\\/\\\/smartcherry.cl\\\/clima\\\/abril-condiciones-templadas-y-falta-de-lluvias\\\/\"]}]},{\"@type\":\"ImageObject\",\"inLanguage\":\"en-US\",\"@id\":\"https:\\\/\\\/smartcherry.cl\\\/clima\\\/abril-condiciones-templadas-y-falta-de-lluvias\\\/#primaryimage\",\"url\":\"https:\\\/\\\/smartcherry.cl\\\/wp-content\\\/uploads\\\/2024\\\/04\\\/Diseno-sin-titulo-3.png\",\"contentUrl\":\"https:\\\/\\\/smartcherry.cl\\\/wp-content\\\/uploads\\\/2024\\\/04\\\/Diseno-sin-titulo-3.png\",\"width\":1400,\"height\":800},{\"@type\":\"BreadcrumbList\",\"@id\":\"https:\\\/\\\/smartcherry.cl\\\/clima\\\/abril-condiciones-templadas-y-falta-de-lluvias\\\/#breadcrumb\",\"itemListElement\":[{\"@type\":\"ListItem\",\"position\":1,\"name\":\"Home\",\"item\":\"https:\\\/\\\/smartcherry.cl\\\/\"},{\"@type\":\"ListItem\",\"position\":2,\"name\":\"Clima\",\"item\":\"https:\\\/\\\/smartcherry.cl\\\/category\\\/clima\\\/\"},{\"@type\":\"ListItem\",\"position\":3,\"name\":\"Abril: Condiciones templadas y falta de lluvias\"}]},{\"@type\":\"WebSite\",\"@id\":\"https:\\\/\\\/smartcherry.cl\\\/#website\",\"url\":\"https:\\\/\\\/smartcherry.cl\\\/\",\"name\":\"Smartcherry\",\"description\":\"Sitio de Smartcherry\",\"publisher\":{\"@id\":\"https:\\\/\\\/smartcherry.cl\\\/#organization\"},\"potentialAction\":[{\"@type\":\"SearchAction\",\"target\":{\"@type\":\"EntryPoint\",\"urlTemplate\":\"https:\\\/\\\/smartcherry.cl\\\/?s={search_term_string}\"},\"query-input\":{\"@type\":\"PropertyValueSpecification\",\"valueRequired\":true,\"valueName\":\"search_term_string\"}}],\"inLanguage\":\"en-US\"},{\"@type\":\"Organization\",\"@id\":\"https:\\\/\\\/smartcherry.cl\\\/#organization\",\"name\":\"SmartCherry\",\"url\":\"https:\\\/\\\/smartcherry.cl\\\/\",\"logo\":{\"@type\":\"ImageObject\",\"inLanguage\":\"en-US\",\"@id\":\"https:\\\/\\\/smartcherry.cl\\\/#\\\/schema\\\/logo\\\/image\\\/\",\"url\":\"https:\\\/\\\/smartcherry.cl\\\/wp-content\\\/uploads\\\/2022\\\/02\\\/logo_smartcherry.png\",\"contentUrl\":\"https:\\\/\\\/smartcherry.cl\\\/wp-content\\\/uploads\\\/2022\\\/02\\\/logo_smartcherry.png\",\"width\":411,\"height\":84,\"caption\":\"SmartCherry\"},\"image\":{\"@id\":\"https:\\\/\\\/smartcherry.cl\\\/#\\\/schema\\\/logo\\\/image\\\/\"},\"sameAs\":[\"https:\\\/\\\/web.facebook.com\\\/SmartCherry.cl\\\/\",\"https:\\\/\\\/x.com\\\/SmartCherry_cl\",\"https:\\\/\\\/www.linkedin.com\\\/company\\\/smartcherry\\\/\",\"https:\\\/\\\/www.instagram.com\\\/smartcherry_cl\\\/\",\"https:\\\/\\\/www.youtube.com\\\/channel\\\/UCe007LfgFFnntDgCcqICbPQ\"]},{\"@type\":\"Person\",\"@id\":\"https:\\\/\\\/smartcherry.cl\\\/#\\\/schema\\\/person\\\/8af97e16113dce4b990e1e4cec380025\",\"name\":\"Andrea Garrido\",\"image\":{\"@type\":\"ImageObject\",\"inLanguage\":\"en-US\",\"@id\":\"https:\\\/\\\/smartcherry.cl\\\/wp-content\\\/uploads\\\/2022\\\/03\\\/Andrea-Garrido-150x150.png\",\"url\":\"https:\\\/\\\/smartcherry.cl\\\/wp-content\\\/uploads\\\/2022\\\/03\\\/Andrea-Garrido-150x150.png\",\"contentUrl\":\"https:\\\/\\\/smartcherry.cl\\\/wp-content\\\/uploads\\\/2022\\\/03\\\/Andrea-Garrido-150x150.png\",\"caption\":\"Andrea Garrido\"},\"url\":\"https:\\\/\\\/smartcherry.cl\\\/en\\\/author\\\/agarrido\\\/\"}]}<\/script>\n<!-- \/ Yoast SEO Premium plugin. -->","yoast_head_json":{"title":"Abril: Condiciones templadas y falta de lluvias - Smartcherry","description":"El agroclimatol\u00f3gico Patricio Gonz\u00e1lez entrega detalles de las condiciones meteorol\u00f3gicas de abril de 2024.","robots":{"index":"index","follow":"follow","max-snippet":"max-snippet:-1","max-image-preview":"max-image-preview:large","max-video-preview":"max-video-preview:-1"},"canonical":"https:\/\/smartcherry.cl\/en\/clima\/abril-condiciones-templadas-y-falta-de-lluvias\/","og_locale":"en_US","og_type":"article","og_title":"Abril: Condiciones templadas y falta de lluvias","og_description":"El agroclimatol\u00f3gico Patricio Gonz\u00e1lez entrega detalles de las condiciones meteorol\u00f3gicas de abril de 2024.","og_url":"https:\/\/smartcherry.cl\/en\/clima\/abril-condiciones-templadas-y-falta-de-lluvias\/","og_site_name":"Smartcherry","article_publisher":"https:\/\/web.facebook.com\/SmartCherry.cl\/","article_published_time":"2024-04-10T14:00:19+00:00","article_modified_time":"2024-04-10T14:00:52+00:00","og_image":[{"width":1400,"height":800,"url":"https:\/\/smartcherry.cl\/wp-content\/uploads\/2024\/04\/Diseno-sin-titulo-3.png","type":"image\/png"}],"author":"Andrea Garrido","twitter_card":"summary_large_image","twitter_creator":"@SmartCherry_cl","twitter_site":"@SmartCherry_cl","twitter_misc":{"Written by":"Andrea Garrido","Est. reading time":"3 minutes"},"schema":{"@context":"https:\/\/schema.org","@graph":[{"@type":"Article","@id":"https:\/\/smartcherry.cl\/clima\/abril-condiciones-templadas-y-falta-de-lluvias\/#article","isPartOf":{"@id":"https:\/\/smartcherry.cl\/clima\/abril-condiciones-templadas-y-falta-de-lluvias\/"},"author":{"name":"Andrea Garrido","@id":"https:\/\/smartcherry.cl\/#\/schema\/person\/8af97e16113dce4b990e1e4cec380025"},"headline":"Abril: Condiciones templadas y falta de lluvias","datePublished":"2024-04-10T14:00:19+00:00","dateModified":"2024-04-10T14:00:52+00:00","mainEntityOfPage":{"@id":"https:\/\/smartcherry.cl\/clima\/abril-condiciones-templadas-y-falta-de-lluvias\/"},"wordCount":471,"publisher":{"@id":"https:\/\/smartcherry.cl\/#organization"},"image":{"@id":"https:\/\/smartcherry.cl\/clima\/abril-condiciones-templadas-y-falta-de-lluvias\/#primaryimage"},"thumbnailUrl":"https:\/\/smartcherry.cl\/wp-content\/uploads\/2024\/04\/Diseno-sin-titulo-3.png","keywords":["clima","patriciogonzalez"],"articleSection":["Clima"],"inLanguage":"en-US"},{"@type":"WebPage","@id":"https:\/\/smartcherry.cl\/clima\/abril-condiciones-templadas-y-falta-de-lluvias\/","url":"https:\/\/smartcherry.cl\/clima\/abril-condiciones-templadas-y-falta-de-lluvias\/","name":"Abril: Condiciones templadas y falta de lluvias - Smartcherry","isPartOf":{"@id":"https:\/\/smartcherry.cl\/#website"},"primaryImageOfPage":{"@id":"https:\/\/smartcherry.cl\/clima\/abril-condiciones-templadas-y-falta-de-lluvias\/#primaryimage"},"image":{"@id":"https:\/\/smartcherry.cl\/clima\/abril-condiciones-templadas-y-falta-de-lluvias\/#primaryimage"},"thumbnailUrl":"https:\/\/smartcherry.cl\/wp-content\/uploads\/2024\/04\/Diseno-sin-titulo-3.png","datePublished":"2024-04-10T14:00:19+00:00","dateModified":"2024-04-10T14:00:52+00:00","description":"El agroclimatol\u00f3gico Patricio Gonz\u00e1lez entrega detalles de las condiciones meteorol\u00f3gicas de abril de 2024.","breadcrumb":{"@id":"https:\/\/smartcherry.cl\/clima\/abril-condiciones-templadas-y-falta-de-lluvias\/#breadcrumb"},"inLanguage":"en-US","potentialAction":[{"@type":"ReadAction","target":["https:\/\/smartcherry.cl\/clima\/abril-condiciones-templadas-y-falta-de-lluvias\/"]}]},{"@type":"ImageObject","inLanguage":"en-US","@id":"https:\/\/smartcherry.cl\/clima\/abril-condiciones-templadas-y-falta-de-lluvias\/#primaryimage","url":"https:\/\/smartcherry.cl\/wp-content\/uploads\/2024\/04\/Diseno-sin-titulo-3.png","contentUrl":"https:\/\/smartcherry.cl\/wp-content\/uploads\/2024\/04\/Diseno-sin-titulo-3.png","width":1400,"height":800},{"@type":"BreadcrumbList","@id":"https:\/\/smartcherry.cl\/clima\/abril-condiciones-templadas-y-falta-de-lluvias\/#breadcrumb","itemListElement":[{"@type":"ListItem","position":1,"name":"Home","item":"https:\/\/smartcherry.cl\/"},{"@type":"ListItem","position":2,"name":"Clima","item":"https:\/\/smartcherry.cl\/category\/clima\/"},{"@type":"ListItem","position":3,"name":"Abril: Condiciones templadas y falta de lluvias"}]},{"@type":"WebSite","@id":"https:\/\/smartcherry.cl\/#website","url":"https:\/\/smartcherry.cl\/","name":"Smartcherry","description":"Smartcherry Site","publisher":{"@id":"https:\/\/smartcherry.cl\/#organization"},"potentialAction":[{"@type":"SearchAction","target":{"@type":"EntryPoint","urlTemplate":"https:\/\/smartcherry.cl\/?s={search_term_string}"},"query-input":{"@type":"PropertyValueSpecification","valueRequired":true,"valueName":"search_term_string"}}],"inLanguage":"en-US"},{"@type":"Organization","@id":"https:\/\/smartcherry.cl\/#organization","name":"SmartCherry","url":"https:\/\/smartcherry.cl\/","logo":{"@type":"ImageObject","inLanguage":"en-US","@id":"https:\/\/smartcherry.cl\/#\/schema\/logo\/image\/","url":"https:\/\/smartcherry.cl\/wp-content\/uploads\/2022\/02\/logo_smartcherry.png","contentUrl":"https:\/\/smartcherry.cl\/wp-content\/uploads\/2022\/02\/logo_smartcherry.png","width":411,"height":84,"caption":"SmartCherry"},"image":{"@id":"https:\/\/smartcherry.cl\/#\/schema\/logo\/image\/"},"sameAs":["https:\/\/web.facebook.com\/SmartCherry.cl\/","https:\/\/x.com\/SmartCherry_cl","https:\/\/www.linkedin.com\/company\/smartcherry\/","https:\/\/www.instagram.com\/smartcherry_cl\/","https:\/\/www.youtube.com\/channel\/UCe007LfgFFnntDgCcqICbPQ"]},{"@type":"Person","@id":"https:\/\/smartcherry.cl\/#\/schema\/person\/8af97e16113dce4b990e1e4cec380025","name":"Andrea Garrido","image":{"@type":"ImageObject","inLanguage":"en-US","@id":"https:\/\/smartcherry.cl\/wp-content\/uploads\/2022\/03\/Andrea-Garrido-150x150.png","url":"https:\/\/smartcherry.cl\/wp-content\/uploads\/2022\/03\/Andrea-Garrido-150x150.png","contentUrl":"https:\/\/smartcherry.cl\/wp-content\/uploads\/2022\/03\/Andrea-Garrido-150x150.png","caption":"Andrea Garrido"},"url":"https:\/\/smartcherry.cl\/en\/author\/agarrido\/"}]}},"_links":{"self":[{"href":"https:\/\/smartcherry.cl\/en\/wp-json\/wp\/v2\/posts\/32480","targetHints":{"allow":["GET"]}}],"collection":[{"href":"https:\/\/smartcherry.cl\/en\/wp-json\/wp\/v2\/posts"}],"about":[{"href":"https:\/\/smartcherry.cl\/en\/wp-json\/wp\/v2\/types\/post"}],"author":[{"embeddable":true,"href":"https:\/\/smartcherry.cl\/en\/wp-json\/wp\/v2\/users\/239"}],"replies":[{"embeddable":true,"href":"https:\/\/smartcherry.cl\/en\/wp-json\/wp\/v2\/comments?post=32480"}],"version-history":[{"count":2,"href":"https:\/\/smartcherry.cl\/en\/wp-json\/wp\/v2\/posts\/32480\/revisions"}],"predecessor-version":[{"id":32486,"href":"https:\/\/smartcherry.cl\/en\/wp-json\/wp\/v2\/posts\/32480\/revisions\/32486"}],"wp:featuredmedia":[{"embeddable":true,"href":"https:\/\/smartcherry.cl\/en\/wp-json\/wp\/v2\/media\/32485"}],"wp:attachment":[{"href":"https:\/\/smartcherry.cl\/en\/wp-json\/wp\/v2\/media?parent=32480"}],"wp:term":[{"taxonomy":"category","embeddable":true,"href":"https:\/\/smartcherry.cl\/en\/wp-json\/wp\/v2\/categories?post=32480"},{"taxonomy":"post_tag","embeddable":true,"href":"https:\/\/smartcherry.cl\/en\/wp-json\/wp\/v2\/tags?post=32480"},{"taxonomy":"category_proveedor","embeddable":true,"href":"https:\/\/smartcherry.cl\/en\/wp-json\/wp\/v2\/category_proveedor?post=32480"},{"taxonomy":"pais","embeddable":true,"href":"https:\/\/smartcherry.cl\/en\/wp-json\/wp\/v2\/pais?post=32480"}],"curies":[{"name":"wp","href":"https:\/\/api.w.org\/{rel}","templated":true}]}}