{"id":31465,"date":"2024-03-06T16:45:21","date_gmt":"2024-03-06T19:45:21","guid":{"rendered":"https:\/\/smartcherry.cl\/?p=31465"},"modified":"2024-03-06T16:45:23","modified_gmt":"2024-03-06T19:45:23","slug":"la-nina-tardara-pero-llegara","status":"publish","type":"post","link":"https:\/\/smartcherry.cl\/en\/clima\/la-nina-tardara-pero-llegara\/","title":{"rendered":"\u00abLa Ni\u00f1a\u00bb tardar\u00e1, pero llegar\u00e1&#8230;"},"content":{"rendered":"<p class=\"wp-block-paragraph\"><strong><em>Por: Patricio Gonz\u00e1lez Colville. M.Sc. (Universidad de Chile); Dip. Agroclimatolog\u00eda Universidad de Israel.<\/em><\/strong><\/p>\n\n\n\n<p class=\"wp-block-paragraph\"><strong>The Agroclimatological Report has two objectives:\u00a0<\/strong><\/p>\n\n\n\n<p class=\"wp-block-paragraph\">1.- Analizar el desarrollo actual del evento El Ni\u00f1o. Marzo 2024.&nbsp;<\/p>\n\n\n\n<p class=\"wp-block-paragraph\">2.- Proyecciones termo-pluviom\u00e9tricas-evapotranspirativas, marzo 2024.&nbsp;<\/p>\n\n\n\n<p class=\"wp-block-paragraph\"><strong>Proyecci\u00f3n y desarrollo del evento El Ni\u00f1o hacia el oto\u00f1o 2024.\u00a0<\/strong><\/p>\n\n\n\n<figure class=\"wp-block-image aligncenter size-full is-resized\"><img fetchpriority=\"high\" decoding=\"async\" width=\"441\" height=\"251\" src=\"https:\/\/smartcherry.cl\/wp-content\/uploads\/2024\/03\/unnamed-24.png\" alt=\"\" class=\"wp-image-31467\" style=\"width:550px;height:auto\" srcset=\"https:\/\/smartcherry.cl\/wp-content\/uploads\/2024\/03\/unnamed-24.png 441w, https:\/\/smartcherry.cl\/wp-content\/uploads\/2024\/03\/unnamed-24-300x171.png 300w\" sizes=\"(max-width: 441px) 100vw, 441px\" \/><\/figure>\n\n\n\n<p class=\"wp-block-paragraph\">Los pron\u00f3sticos de los modelos estad\u00edsticos y din\u00e1micos indican que El Ni\u00f1o continuar\u00e1 su influencia&nbsp; t\u00e9rmica durante marzo. Las temperaturas m\u00e1ximas extremas han estado entre 29\u00b0 a 33\u00b0 C. La&nbsp; temperatura superficial del mar indica valores de 28.2\u00b0 (1.3\u00b0 C sobre el promedio normal). Como se observa en la gr\u00e1fica, a partir de julio se empezar\u00eda a desarrollar un evento La Ni\u00f1a. Esta&nbsp; condici\u00f3n cambiaria muy radicalmente los escenarios meteorol\u00f3gicos de Chile central y, en especial,&nbsp; de Curic\u00f3: d\u00e9ficit de lluvias; un alza en la ocurrencia de heladas, nieblas y mayor acumulaci\u00f3n de&nbsp;<\/p>\n\n\n\n<p class=\"wp-block-paragraph\">horas de frio (bajo 7\u00b0 C). Existe actualmente un 55% de probabilidad que La Ni\u00f1a se desarrolle <\/p>\n\n\n\n<p class=\"wp-block-paragraph\">desde&nbsp; mediados de a\u00f1o. Esto puede cambiar seg\u00fan se adentre el oto\u00f1o en los pr\u00f3ximos meses.&nbsp;<\/p>\n\n\n\n<p class=\"wp-block-paragraph\"><strong>Thermo-pluviometric projections January 2024:\u00a0<\/strong><\/p>\n\n\n\n<p class=\"wp-block-paragraph\">Para el caso de la provincia de Curic\u00f3 las probabilidades de lluvias, para marzo, son solo de un 10%.&nbsp; Seg\u00fan el promedio estad\u00edstico, 2000-2024, este mes presenta solo 9.6 mil\u00edmetros de lluvia probable. La presencia del evento c\u00e1lido El Ni\u00f1o pudiera generar algunas lloviznas, producto de bajas&nbsp; presiones costeras (vaguadas). Por lo anterior es recomendable mantenerse informado sobre la&nbsp; evoluci\u00f3n diaria de las condiciones meteorol\u00f3gicas, las cuales son siempre din\u00e1micas.&nbsp;<\/p>\n\n\n\n<p class=\"wp-block-paragraph\">En lo que respecta a las temperaturas, se estima que las m\u00ednimas oscilaran entre 10\u00b0 a los 12\u00b0 C. Las&nbsp; temperaturas m\u00e1ximas extremas podr\u00edan tener pulsos, durante algunos d\u00edas, que pudieran marcar&nbsp; entre 32 a 33\u00b0 C. Lo anterior es m\u00e1s probable durante los primeros 20 d\u00edas del mes. Se ha ido&nbsp; observando un descenso en las tasas de evaporaci\u00f3n diarias: los registros indican entre 4.4 a 5.0&nbsp; mil\u00edmetros de agua. Esto equivale 44 y 50 metros c\u00fabicos por hect\u00e1reas.&nbsp;<\/p>\n\n\n\n<p class=\"wp-block-paragraph\">Producto de la actual presencia del evento c\u00e1lido El Ni\u00f1o condiciones veraniegas templadas, pero&nbsp; no extremas en temperaturas m\u00e1ximas diarias, van a persistir hasta finales del mes.&nbsp;<\/p>\n\n\n\n<p class=\"wp-block-paragraph\"><strong>Proyecci\u00f3n actual sobre evoluci\u00f3n de El Ni\u00f1o y transici\u00f3n a la Ni\u00f1a 2024<\/strong><\/p>\n\n\n\n<figure class=\"wp-block-image aligncenter size-full is-resized\"><img decoding=\"async\" width=\"443\" height=\"222\" src=\"https:\/\/smartcherry.cl\/wp-content\/uploads\/2024\/03\/unnamed-25.png\" alt=\"\" class=\"wp-image-31468\" style=\"width:666px;height:auto\" srcset=\"https:\/\/smartcherry.cl\/wp-content\/uploads\/2024\/03\/unnamed-25.png 443w, https:\/\/smartcherry.cl\/wp-content\/uploads\/2024\/03\/unnamed-25-300x150.png 300w\" sizes=\"(max-width: 443px) 100vw, 443px\" \/><\/figure>\n\n\n\n<p class=\"wp-block-paragraph\">La proyecci\u00f3n indica, en barras rojas, que El Ni\u00f1o culminar\u00eda entre abril y mayo. Luego se producir\u00eda\u00a0 una transici\u00f3n neutra en la temperatura del mar: mayo-junio (barras plomas) y en julio o agosto se\u00a0 podr\u00eda generar el evento fr\u00edo La Ni\u00f1a (barras azules) la cual cubrir\u00eda el resto del a\u00f1o 2024. Todas\u00a0 estas proyecciones son probabil\u00edsticas y se ratificaran en la medida que avance el oto\u00f1o actual.<\/p>","protected":false},"excerpt":{"rendered":"<p>Informe acgroclimatol\u00f3gico marzo 2024.<\/p>","protected":false},"author":224,"featured_media":31469,"comment_status":"closed","ping_status":"open","sticky":false,"template":"","format":"standard","meta":{"_acf_changed":false,"inline_featured_image":false,"footnotes":""},"categories":[430],"tags":[],"category_proveedor":[],"pais":[],"class_list":["post-31465","post","type-post","status-publish","format-standard","has-post-thumbnail","hentry","category-clima"],"acf":[],"yoast_head":"<!-- This site is optimized with the Yoast SEO Premium plugin v21.3 (Yoast SEO v28.3) - https:\/\/yoast.com\/product\/yoast-seo-premium-wordpress\/ -->\n<title>&quot;La Ni\u00f1a&quot; tardar\u00e1, pero llegar\u00e1... - Smartcherry<\/title>\n<meta name=\"description\" content=\"Revisa un nuevo reporte agroclimatol\u00f3gico preparado por el especialista Patricio Gonz\u00e1lez, Agroclimat\u00f3logo UTalca.\" \/>\n<meta name=\"robots\" content=\"index, follow, max-snippet:-1, max-image-preview:large, max-video-preview:-1\" \/>\n<link rel=\"canonical\" href=\"https:\/\/smartcherry.cl\/en\/clima\/la-nina-tardara-pero-llegara\/\" \/>\n<meta property=\"og:locale\" content=\"en_US\" \/>\n<meta property=\"og:type\" content=\"article\" \/>\n<meta property=\"og:title\" content=\"&quot;La Ni\u00f1a&quot; tardar\u00e1, pero llegar\u00e1...\" \/>\n<meta property=\"og:description\" content=\"Revisa un nuevo reporte agroclimatol\u00f3gico preparado por el especialista Patricio Gonz\u00e1lez, Agroclimat\u00f3logo UTalca.\" \/>\n<meta property=\"og:url\" content=\"https:\/\/smartcherry.cl\/en\/clima\/la-nina-tardara-pero-llegara\/\" \/>\n<meta property=\"og:site_name\" content=\"Smartcherry\" \/>\n<meta property=\"article:publisher\" content=\"https:\/\/web.facebook.com\/SmartCherry.cl\/\" \/>\n<meta property=\"article:published_time\" content=\"2024-03-06T19:45:21+00:00\" \/>\n<meta property=\"article:modified_time\" content=\"2024-03-06T19:45:23+00:00\" \/>\n<meta property=\"og:image\" content=\"https:\/\/smartcherry.cl\/wp-content\/uploads\/2024\/03\/portada-1400x800-2.jpg\" \/>\n\t<meta property=\"og:image:width\" content=\"1400\" \/>\n\t<meta property=\"og:image:height\" content=\"800\" \/>\n\t<meta property=\"og:image:type\" content=\"image\/jpeg\" \/>\n<meta name=\"author\" content=\"Smartcherry\" \/>\n<meta name=\"twitter:card\" content=\"summary_large_image\" \/>\n<meta name=\"twitter:creator\" content=\"@SmartCherry_cl\" \/>\n<meta name=\"twitter:site\" content=\"@SmartCherry_cl\" \/>\n<meta name=\"twitter:label1\" content=\"Written by\" \/>\n\t<meta name=\"twitter:data1\" content=\"Smartcherry\" \/>\n\t<meta name=\"twitter:label2\" content=\"Est. reading time\" \/>\n\t<meta name=\"twitter:data2\" content=\"3 minutes\" \/>\n<script type=\"application\/ld+json\" class=\"yoast-schema-graph\">{\"@context\":\"https:\\\/\\\/schema.org\",\"@graph\":[{\"@type\":\"Article\",\"@id\":\"https:\\\/\\\/smartcherry.cl\\\/clima\\\/la-nina-tardara-pero-llegara\\\/#article\",\"isPartOf\":{\"@id\":\"https:\\\/\\\/smartcherry.cl\\\/clima\\\/la-nina-tardara-pero-llegara\\\/\"},\"author\":{\"name\":\"Smartcherry\",\"@id\":\"https:\\\/\\\/smartcherry.cl\\\/#\\\/schema\\\/person\\\/cc5ad3fbb76cc15ccfacf38ce0684864\"},\"headline\":\"\u00abLa Ni\u00f1a\u00bb tardar\u00e1, pero llegar\u00e1&#8230;\",\"datePublished\":\"2024-03-06T19:45:21+00:00\",\"dateModified\":\"2024-03-06T19:45:23+00:00\",\"mainEntityOfPage\":{\"@id\":\"https:\\\/\\\/smartcherry.cl\\\/clima\\\/la-nina-tardara-pero-llegara\\\/\"},\"wordCount\":501,\"publisher\":{\"@id\":\"https:\\\/\\\/smartcherry.cl\\\/#organization\"},\"image\":{\"@id\":\"https:\\\/\\\/smartcherry.cl\\\/clima\\\/la-nina-tardara-pero-llegara\\\/#primaryimage\"},\"thumbnailUrl\":\"https:\\\/\\\/smartcherry.cl\\\/wp-content\\\/uploads\\\/2024\\\/03\\\/portada-1400x800-2.jpg\",\"articleSection\":[\"Clima\"],\"inLanguage\":\"en-US\"},{\"@type\":\"WebPage\",\"@id\":\"https:\\\/\\\/smartcherry.cl\\\/clima\\\/la-nina-tardara-pero-llegara\\\/\",\"url\":\"https:\\\/\\\/smartcherry.cl\\\/clima\\\/la-nina-tardara-pero-llegara\\\/\",\"name\":\"\\\"La Ni\u00f1a\\\" tardar\u00e1, pero llegar\u00e1... - Smartcherry\",\"isPartOf\":{\"@id\":\"https:\\\/\\\/smartcherry.cl\\\/#website\"},\"primaryImageOfPage\":{\"@id\":\"https:\\\/\\\/smartcherry.cl\\\/clima\\\/la-nina-tardara-pero-llegara\\\/#primaryimage\"},\"image\":{\"@id\":\"https:\\\/\\\/smartcherry.cl\\\/clima\\\/la-nina-tardara-pero-llegara\\\/#primaryimage\"},\"thumbnailUrl\":\"https:\\\/\\\/smartcherry.cl\\\/wp-content\\\/uploads\\\/2024\\\/03\\\/portada-1400x800-2.jpg\",\"datePublished\":\"2024-03-06T19:45:21+00:00\",\"dateModified\":\"2024-03-06T19:45:23+00:00\",\"description\":\"Revisa un nuevo reporte agroclimatol\u00f3gico preparado por el especialista Patricio Gonz\u00e1lez, Agroclimat\u00f3logo UTalca.\",\"breadcrumb\":{\"@id\":\"https:\\\/\\\/smartcherry.cl\\\/clima\\\/la-nina-tardara-pero-llegara\\\/#breadcrumb\"},\"inLanguage\":\"en-US\",\"potentialAction\":[{\"@type\":\"ReadAction\",\"target\":[\"https:\\\/\\\/smartcherry.cl\\\/clima\\\/la-nina-tardara-pero-llegara\\\/\"]}]},{\"@type\":\"ImageObject\",\"inLanguage\":\"en-US\",\"@id\":\"https:\\\/\\\/smartcherry.cl\\\/clima\\\/la-nina-tardara-pero-llegara\\\/#primaryimage\",\"url\":\"https:\\\/\\\/smartcherry.cl\\\/wp-content\\\/uploads\\\/2024\\\/03\\\/portada-1400x800-2.jpg\",\"contentUrl\":\"https:\\\/\\\/smartcherry.cl\\\/wp-content\\\/uploads\\\/2024\\\/03\\\/portada-1400x800-2.jpg\",\"width\":1400,\"height\":800},{\"@type\":\"BreadcrumbList\",\"@id\":\"https:\\\/\\\/smartcherry.cl\\\/clima\\\/la-nina-tardara-pero-llegara\\\/#breadcrumb\",\"itemListElement\":[{\"@type\":\"ListItem\",\"position\":1,\"name\":\"Home\",\"item\":\"https:\\\/\\\/smartcherry.cl\\\/\"},{\"@type\":\"ListItem\",\"position\":2,\"name\":\"Clima\",\"item\":\"https:\\\/\\\/smartcherry.cl\\\/category\\\/clima\\\/\"},{\"@type\":\"ListItem\",\"position\":3,\"name\":\"&#8220;La Ni\u00f1a&#8221; tardar\u00e1, pero llegar\u00e1&#8230;\"}]},{\"@type\":\"WebSite\",\"@id\":\"https:\\\/\\\/smartcherry.cl\\\/#website\",\"url\":\"https:\\\/\\\/smartcherry.cl\\\/\",\"name\":\"Smartcherry\",\"description\":\"Sitio de Smartcherry\",\"publisher\":{\"@id\":\"https:\\\/\\\/smartcherry.cl\\\/#organization\"},\"potentialAction\":[{\"@type\":\"SearchAction\",\"target\":{\"@type\":\"EntryPoint\",\"urlTemplate\":\"https:\\\/\\\/smartcherry.cl\\\/?s={search_term_string}\"},\"query-input\":{\"@type\":\"PropertyValueSpecification\",\"valueRequired\":true,\"valueName\":\"search_term_string\"}}],\"inLanguage\":\"en-US\"},{\"@type\":\"Organization\",\"@id\":\"https:\\\/\\\/smartcherry.cl\\\/#organization\",\"name\":\"SmartCherry\",\"url\":\"https:\\\/\\\/smartcherry.cl\\\/\",\"logo\":{\"@type\":\"ImageObject\",\"inLanguage\":\"en-US\",\"@id\":\"https:\\\/\\\/smartcherry.cl\\\/#\\\/schema\\\/logo\\\/image\\\/\",\"url\":\"https:\\\/\\\/smartcherry.cl\\\/wp-content\\\/uploads\\\/2022\\\/02\\\/logo_smartcherry.png\",\"contentUrl\":\"https:\\\/\\\/smartcherry.cl\\\/wp-content\\\/uploads\\\/2022\\\/02\\\/logo_smartcherry.png\",\"width\":411,\"height\":84,\"caption\":\"SmartCherry\"},\"image\":{\"@id\":\"https:\\\/\\\/smartcherry.cl\\\/#\\\/schema\\\/logo\\\/image\\\/\"},\"sameAs\":[\"https:\\\/\\\/web.facebook.com\\\/SmartCherry.cl\\\/\",\"https:\\\/\\\/x.com\\\/SmartCherry_cl\",\"https:\\\/\\\/www.linkedin.com\\\/company\\\/smartcherry\\\/\",\"https:\\\/\\\/www.instagram.com\\\/smartcherry_cl\\\/\",\"https:\\\/\\\/www.youtube.com\\\/channel\\\/UCe007LfgFFnntDgCcqICbPQ\"]},{\"@type\":\"Person\",\"@id\":\"https:\\\/\\\/smartcherry.cl\\\/#\\\/schema\\\/person\\\/cc5ad3fbb76cc15ccfacf38ce0684864\",\"name\":\"Smartcherry\",\"image\":{\"@type\":\"ImageObject\",\"inLanguage\":\"en-US\",\"@id\":\"https:\\\/\\\/smartcherry.cl\\\/wp-content\\\/uploads\\\/2022\\\/03\\\/smartcherry-admin-user-96x96.png\",\"url\":\"https:\\\/\\\/smartcherry.cl\\\/wp-content\\\/uploads\\\/2022\\\/03\\\/smartcherry-admin-user-96x96.png\",\"contentUrl\":\"https:\\\/\\\/smartcherry.cl\\\/wp-content\\\/uploads\\\/2022\\\/03\\\/smartcherry-admin-user-96x96.png\",\"caption\":\"Smartcherry\"},\"url\":\"https:\\\/\\\/smartcherry.cl\\\/en\\\/author\\\/smartcherry\\\/\"}]}<\/script>\n<!-- \/ Yoast SEO Premium plugin. -->","yoast_head_json":{"title":"\"La Ni\u00f1a\" tardar\u00e1, pero llegar\u00e1... - Smartcherry","description":"Revisa un nuevo reporte agroclimatol\u00f3gico preparado por el especialista Patricio Gonz\u00e1lez, Agroclimat\u00f3logo UTalca.","robots":{"index":"index","follow":"follow","max-snippet":"max-snippet:-1","max-image-preview":"max-image-preview:large","max-video-preview":"max-video-preview:-1"},"canonical":"https:\/\/smartcherry.cl\/en\/clima\/la-nina-tardara-pero-llegara\/","og_locale":"en_US","og_type":"article","og_title":"\"La Ni\u00f1a\" tardar\u00e1, pero llegar\u00e1...","og_description":"Revisa un nuevo reporte agroclimatol\u00f3gico preparado por el especialista Patricio Gonz\u00e1lez, Agroclimat\u00f3logo UTalca.","og_url":"https:\/\/smartcherry.cl\/en\/clima\/la-nina-tardara-pero-llegara\/","og_site_name":"Smartcherry","article_publisher":"https:\/\/web.facebook.com\/SmartCherry.cl\/","article_published_time":"2024-03-06T19:45:21+00:00","article_modified_time":"2024-03-06T19:45:23+00:00","og_image":[{"width":1400,"height":800,"url":"https:\/\/smartcherry.cl\/wp-content\/uploads\/2024\/03\/portada-1400x800-2.jpg","type":"image\/jpeg"}],"author":"Smartcherry","twitter_card":"summary_large_image","twitter_creator":"@SmartCherry_cl","twitter_site":"@SmartCherry_cl","twitter_misc":{"Written by":"Smartcherry","Est. reading time":"3 minutes"},"schema":{"@context":"https:\/\/schema.org","@graph":[{"@type":"Article","@id":"https:\/\/smartcherry.cl\/clima\/la-nina-tardara-pero-llegara\/#article","isPartOf":{"@id":"https:\/\/smartcherry.cl\/clima\/la-nina-tardara-pero-llegara\/"},"author":{"name":"Smartcherry","@id":"https:\/\/smartcherry.cl\/#\/schema\/person\/cc5ad3fbb76cc15ccfacf38ce0684864"},"headline":"\u00abLa Ni\u00f1a\u00bb tardar\u00e1, pero llegar\u00e1&#8230;","datePublished":"2024-03-06T19:45:21+00:00","dateModified":"2024-03-06T19:45:23+00:00","mainEntityOfPage":{"@id":"https:\/\/smartcherry.cl\/clima\/la-nina-tardara-pero-llegara\/"},"wordCount":501,"publisher":{"@id":"https:\/\/smartcherry.cl\/#organization"},"image":{"@id":"https:\/\/smartcherry.cl\/clima\/la-nina-tardara-pero-llegara\/#primaryimage"},"thumbnailUrl":"https:\/\/smartcherry.cl\/wp-content\/uploads\/2024\/03\/portada-1400x800-2.jpg","articleSection":["Clima"],"inLanguage":"en-US"},{"@type":"WebPage","@id":"https:\/\/smartcherry.cl\/clima\/la-nina-tardara-pero-llegara\/","url":"https:\/\/smartcherry.cl\/clima\/la-nina-tardara-pero-llegara\/","name":"\"La Ni\u00f1a\" tardar\u00e1, pero llegar\u00e1... - Smartcherry","isPartOf":{"@id":"https:\/\/smartcherry.cl\/#website"},"primaryImageOfPage":{"@id":"https:\/\/smartcherry.cl\/clima\/la-nina-tardara-pero-llegara\/#primaryimage"},"image":{"@id":"https:\/\/smartcherry.cl\/clima\/la-nina-tardara-pero-llegara\/#primaryimage"},"thumbnailUrl":"https:\/\/smartcherry.cl\/wp-content\/uploads\/2024\/03\/portada-1400x800-2.jpg","datePublished":"2024-03-06T19:45:21+00:00","dateModified":"2024-03-06T19:45:23+00:00","description":"Revisa un nuevo reporte agroclimatol\u00f3gico preparado por el especialista Patricio Gonz\u00e1lez, Agroclimat\u00f3logo UTalca.","breadcrumb":{"@id":"https:\/\/smartcherry.cl\/clima\/la-nina-tardara-pero-llegara\/#breadcrumb"},"inLanguage":"en-US","potentialAction":[{"@type":"ReadAction","target":["https:\/\/smartcherry.cl\/clima\/la-nina-tardara-pero-llegara\/"]}]},{"@type":"ImageObject","inLanguage":"en-US","@id":"https:\/\/smartcherry.cl\/clima\/la-nina-tardara-pero-llegara\/#primaryimage","url":"https:\/\/smartcherry.cl\/wp-content\/uploads\/2024\/03\/portada-1400x800-2.jpg","contentUrl":"https:\/\/smartcherry.cl\/wp-content\/uploads\/2024\/03\/portada-1400x800-2.jpg","width":1400,"height":800},{"@type":"BreadcrumbList","@id":"https:\/\/smartcherry.cl\/clima\/la-nina-tardara-pero-llegara\/#breadcrumb","itemListElement":[{"@type":"ListItem","position":1,"name":"Home","item":"https:\/\/smartcherry.cl\/"},{"@type":"ListItem","position":2,"name":"Clima","item":"https:\/\/smartcherry.cl\/category\/clima\/"},{"@type":"ListItem","position":3,"name":"&#8220;La Ni\u00f1a&#8221; tardar\u00e1, pero llegar\u00e1&#8230;"}]},{"@type":"WebSite","@id":"https:\/\/smartcherry.cl\/#website","url":"https:\/\/smartcherry.cl\/","name":"Smartcherry","description":"Smartcherry Site","publisher":{"@id":"https:\/\/smartcherry.cl\/#organization"},"potentialAction":[{"@type":"SearchAction","target":{"@type":"EntryPoint","urlTemplate":"https:\/\/smartcherry.cl\/?s={search_term_string}"},"query-input":{"@type":"PropertyValueSpecification","valueRequired":true,"valueName":"search_term_string"}}],"inLanguage":"en-US"},{"@type":"Organization","@id":"https:\/\/smartcherry.cl\/#organization","name":"SmartCherry","url":"https:\/\/smartcherry.cl\/","logo":{"@type":"ImageObject","inLanguage":"en-US","@id":"https:\/\/smartcherry.cl\/#\/schema\/logo\/image\/","url":"https:\/\/smartcherry.cl\/wp-content\/uploads\/2022\/02\/logo_smartcherry.png","contentUrl":"https:\/\/smartcherry.cl\/wp-content\/uploads\/2022\/02\/logo_smartcherry.png","width":411,"height":84,"caption":"SmartCherry"},"image":{"@id":"https:\/\/smartcherry.cl\/#\/schema\/logo\/image\/"},"sameAs":["https:\/\/web.facebook.com\/SmartCherry.cl\/","https:\/\/x.com\/SmartCherry_cl","https:\/\/www.linkedin.com\/company\/smartcherry\/","https:\/\/www.instagram.com\/smartcherry_cl\/","https:\/\/www.youtube.com\/channel\/UCe007LfgFFnntDgCcqICbPQ"]},{"@type":"Person","@id":"https:\/\/smartcherry.cl\/#\/schema\/person\/cc5ad3fbb76cc15ccfacf38ce0684864","name":"Smartcherry","image":{"@type":"ImageObject","inLanguage":"en-US","@id":"https:\/\/smartcherry.cl\/wp-content\/uploads\/2022\/03\/smartcherry-admin-user-96x96.png","url":"https:\/\/smartcherry.cl\/wp-content\/uploads\/2022\/03\/smartcherry-admin-user-96x96.png","contentUrl":"https:\/\/smartcherry.cl\/wp-content\/uploads\/2022\/03\/smartcherry-admin-user-96x96.png","caption":"Smartcherry"},"url":"https:\/\/smartcherry.cl\/en\/author\/smartcherry\/"}]}},"_links":{"self":[{"href":"https:\/\/smartcherry.cl\/en\/wp-json\/wp\/v2\/posts\/31465","targetHints":{"allow":["GET"]}}],"collection":[{"href":"https:\/\/smartcherry.cl\/en\/wp-json\/wp\/v2\/posts"}],"about":[{"href":"https:\/\/smartcherry.cl\/en\/wp-json\/wp\/v2\/types\/post"}],"author":[{"embeddable":true,"href":"https:\/\/smartcherry.cl\/en\/wp-json\/wp\/v2\/users\/224"}],"replies":[{"embeddable":true,"href":"https:\/\/smartcherry.cl\/en\/wp-json\/wp\/v2\/comments?post=31465"}],"version-history":[{"count":0,"href":"https:\/\/smartcherry.cl\/en\/wp-json\/wp\/v2\/posts\/31465\/revisions"}],"wp:featuredmedia":[{"embeddable":true,"href":"https:\/\/smartcherry.cl\/en\/wp-json\/wp\/v2\/media\/31469"}],"wp:attachment":[{"href":"https:\/\/smartcherry.cl\/en\/wp-json\/wp\/v2\/media?parent=31465"}],"wp:term":[{"taxonomy":"category","embeddable":true,"href":"https:\/\/smartcherry.cl\/en\/wp-json\/wp\/v2\/categories?post=31465"},{"taxonomy":"post_tag","embeddable":true,"href":"https:\/\/smartcherry.cl\/en\/wp-json\/wp\/v2\/tags?post=31465"},{"taxonomy":"category_proveedor","embeddable":true,"href":"https:\/\/smartcherry.cl\/en\/wp-json\/wp\/v2\/category_proveedor?post=31465"},{"taxonomy":"pais","embeddable":true,"href":"https:\/\/smartcherry.cl\/en\/wp-json\/wp\/v2\/pais?post=31465"}],"curies":[{"name":"wp","href":"https:\/\/api.w.org\/{rel}","templated":true}]}}