{"id":27373,"date":"2023-10-17T14:06:43","date_gmt":"2023-10-17T17:06:43","guid":{"rendered":"https:\/\/smartcherry.cl\/?p=27373"},"modified":"2023-10-17T14:06:44","modified_gmt":"2023-10-17T17:06:44","slug":"ya-estan-disponibles-las-presentaciones-de-los-ultimos-encuentros-regionales-de-fedefruta","status":"publish","type":"post","link":"https:\/\/smartcherry.cl\/en\/eventos\/ya-estan-disponibles-las-presentaciones-de-los-ultimos-encuentros-regionales-de-fedefruta\/","title":{"rendered":"The presentations of the latest Fedefruta regional meetings are now available"},"content":{"rendered":"<p>Fedefruta invited 300 fruit producers from the central region to its Regional Meetings in Rancagua and Curic\u00f3, held at the end of September with the support of ProChile and organized jointly with Frusexta, the Association of Farmers of Colchagua and Frus\u00e9ptima, and the participation of the Agency for Sustainability and Climate Change, the Government and Regional Council of the O&#039;Higgins Region, to publicize the APL Cerezos.&nbsp;<\/p>\n\n\n\n<p>During the activities of both days, leaders, authorities and technical, commercial and industry experts projected the new fruit season from the markets, demand, technical, sustainability and also financial requirements to face the campaign that is approaching in these days.&nbsp;<\/p>\n\n\n\n<p>Jorge Valenzuela, president of Fedefruta, along with making his presentation, led panels on fruit growing with local and national union leaders: Carolina Dosal (President of Frus\u00e9ptima and vice president of Fedefruta), Antonio Walker (president of SNA), Dar\u00edo Polloni (President of the Colchagua Farmers Association and Fedefruta Councilor) and Jos\u00e9 Miguel Figueroa (Director of the Rosario Studies Center and Fedefruta Councilor).&nbsp;<\/p>\n\n\n\n<p>The Federation would like to thank all the attendees, speakers, entities and sponsors who were present. The Fedefruta Regional Meetings will continue in November, in locations and dates that the association will announce shortly.&nbsp;<\/p>\n\n\n\n<p>Below you can download the presentations from the Regional Meetings of Curic\u00f3 and Rancagua.\u00a0<\/p>\n\n\n\n<p><\/p>\n\n\n\n<p>Curic\u00f3 Meeting:<\/p>\n\n\n\n<div class=\"wp-block-buttons is-content-justification-center is-layout-flex wp-container-core-buttons-is-layout-a89b3969 wp-block-buttons-is-layout-flex\">\n<div class=\"wp-block-button\"><a class=\"wp-block-button__link wp-element-button\" href=\"https:\/\/mcusercontent.com\/36755d1deded9d80b13171b64\/files\/4f28fe58-b117-f5f9-0e8e-9dfc9d3bd234\/ERcurico_fedefruta.pdf\">Download Jorge Valenzuela&#039;s presentation<\/a><\/div>\n\n\n\n<div class=\"wp-block-button\"><a class=\"wp-block-button__link wp-element-button\" href=\"https:\/\/mcusercontent.com\/36755d1deded9d80b13171b64\/files\/f527de40-5bc0-05a7-8846-9a7710153f1a\/ERcurico_prochile.pdf\">Download the ProChile presentation<\/a><\/div>\n\n\n\n<div class=\"wp-block-button\"><a class=\"wp-block-button__link wp-element-button\" href=\"https:\/\/mcusercontent.com\/36755d1deded9d80b13171b64\/files\/09231703-3bb4-825c-b972-ba5db04453cc\/ERcurico_agrocapital.pdf\">Download the Agrocapital presentation<\/a><\/div>\n<\/div>\n\n\n\n<div class=\"wp-block-buttons is-content-justification-center is-layout-flex wp-container-core-buttons-is-layout-a89b3969 wp-block-buttons-is-layout-flex\">\n<div class=\"wp-block-button\"><a class=\"wp-block-button__link wp-element-button\" href=\"https:\/\/mcusercontent.com\/36755d1deded9d80b13171b64\/files\/c2b6eba0-7ce1-1605-0f3e-adc64bf43be1\/ERcurico_APL.pdf\">Download the APL presentation<\/a><\/div>\n\n\n\n<div class=\"wp-block-button\"><a class=\"wp-block-button__link wp-element-button\" href=\"https:\/\/mcusercontent.com\/36755d1deded9d80b13171b64\/files\/696f0431-8ca0-48eb-dcea-be2a61648567\/ERcurico_cerezas.pdf\">Download the presentation by Andr\u00e9s Ruiz<\/a><\/div>\n<\/div>\n\n\n\n<div class=\"wp-block-buttons is-content-justification-center is-layout-flex wp-container-core-buttons-is-layout-a89b3969 wp-block-buttons-is-layout-flex\">\n<div class=\"wp-block-button\"><a class=\"wp-block-button__link wp-element-button\" href=\"https:\/\/mcusercontent.com\/36755d1deded9d80b13171b64\/files\/8ef1ceaa-16ef-1d92-7f74-85b0bc6d486b\/ERcurico_kiwi.pdf\">Download the presentation by Carlos Cruzat<\/a><\/div>\n<\/div>\n\n\n\n<div class=\"wp-block-buttons is-content-justification-center is-layout-flex wp-container-core-buttons-is-layout-a89b3969 wp-block-buttons-is-layout-flex\">\n<div class=\"wp-block-button\"><a class=\"wp-block-button__link wp-element-button\" href=\"https:\/\/mcusercontent.com\/36755d1deded9d80b13171b64\/files\/48ac5526-4e9a-a4b9-0772-1935b5731338\/ERcurico_kiwi2.pdf\">Download the presentation by Nicol\u00e1s Portaluppi<\/a><\/div>\n\n\n\n<div class=\"wp-block-button\"><a class=\"wp-block-button__link wp-element-button\" href=\"https:\/\/mcusercontent.com\/36755d1deded9d80b13171b64\/files\/115c46db-17aa-bafd-c6c2-acde1c2106f9\/ERcurico_manzana.pdf\">Download Eduardo Holzapfel&#039;s presentation<\/a><\/div>\n<\/div>\n\n\n\n<p>Rancagua Meeting: <\/p>\n\n\n\n<div class=\"wp-block-buttons is-content-justification-center is-layout-flex wp-container-core-buttons-is-layout-a89b3969 wp-block-buttons-is-layout-flex\">\n<div class=\"wp-block-button\"><a class=\"wp-block-button__link wp-element-button\" href=\"https:\/\/mcusercontent.com\/36755d1deded9d80b13171b64\/files\/fb87f6a6-19a2-8c21-7193-3ba87b241352\/ERrancagua_fedefruta.pdf\">Download Jorge Valenzuela&#039;s presentation<\/a><\/div>\n\n\n\n<div class=\"wp-block-button\"><a class=\"wp-block-button__link wp-element-button\" href=\"https:\/\/mcusercontent.com\/36755d1deded9d80b13171b64\/files\/7ec7af79-da09-3590-d4c9-30382cac8ecf\/ERrancagua_prochile.pdf\">Download the ProChile presentation<\/a><\/div>\n\n\n\n<div class=\"wp-block-button\"><a class=\"wp-block-button__link wp-element-button\" href=\"https:\/\/mcusercontent.com\/36755d1deded9d80b13171b64\/files\/0b4c9719-671b-9533-7ff7-3cb4bfa06ec2\/ERrancagua_anasac.pdf\">Download the Anasac presentation<\/a><\/div>\n<\/div>\n\n\n\n<div class=\"wp-block-buttons is-content-justification-center is-layout-flex wp-container-core-buttons-is-layout-a89b3969 wp-block-buttons-is-layout-flex\">\n<div class=\"wp-block-button\"><a class=\"wp-block-button__link wp-element-button\" href=\"https:\/\/mcusercontent.com\/36755d1deded9d80b13171b64\/files\/53d05dcb-62bd-6ee6-ca13-1e85f83c37ba\/ERrancagua_APL.pdf\">Download the APL presentation<\/a><\/div>\n\n\n\n<div class=\"wp-block-button\"><a class=\"wp-block-button__link wp-element-button\" href=\"https:\/\/mcusercontent.com\/36755d1deded9d80b13171b64\/files\/022b81fd-a911-20af-d893-a5121e58eedb\/ERrancagua_utilitas.pdf\">Download the Utilitas presentation<\/a><\/div>\n\n\n\n<div class=\"wp-block-button\"><a class=\"wp-block-button__link wp-element-button\" href=\"https:\/\/mcusercontent.com\/36755d1deded9d80b13171b64\/files\/2a8e6a2e-056a-15c4-fa87-418238f948fe\/ERrancagua_campolimpio.pdf\">Download the Campo Limpio presentation<\/a><\/div>\n\n\n\n<div class=\"wp-block-button\"><a class=\"wp-block-button__link wp-element-button\">Download the Agrocapital presentation<\/a><\/div>\n\n\n\n<div class=\"wp-block-button\"><a class=\"wp-block-button__link wp-element-button\" href=\"https:\/\/mcusercontent.com\/36755d1deded9d80b13171b64\/files\/760eb050-1e10-ee88-b808-5e9986eab51b\/ERrancagua_agrocapital.pdf\">Download the iQonsulting presentation<\/a><\/div>\n<\/div>","protected":false},"excerpt":{"rendered":"<p>Curic\u00f3 and Rancagua.<\/p>","protected":false},"author":224,"featured_media":27383,"comment_status":"closed","ping_status":"open","sticky":false,"template":"","format":"standard","meta":{"_acf_changed":false,"inline_featured_image":false,"footnotes":""},"categories":[2631],"tags":[388,3193],"category_proveedor":[],"pais":[],"class_list":["post-27373","post","type-post","status-publish","format-standard","has-post-thumbnail","hentry","category-eventos","tag-fedefruta","tag-encuentros-regionales"],"acf":[],"yoast_head":"<!-- This site is optimized with the Yoast SEO Premium plugin v21.3 (Yoast SEO v27.3) - https:\/\/yoast.com\/product\/yoast-seo-premium-wordpress\/ -->\n<title>Ya est\u00e1n disponibles las presentaciones de los \u00faltimos encuentros regionales de Fedefruta - Smartcherry<\/title>\n<meta name=\"robots\" content=\"index, follow, max-snippet:-1, max-image-preview:large, max-video-preview:-1\" \/>\n<link rel=\"canonical\" href=\"https:\/\/smartcherry.cl\/en\/eventos\/ya-estan-disponibles-las-presentaciones-de-los-ultimos-encuentros-regionales-de-fedefruta\/\" \/>\n<meta property=\"og:locale\" content=\"en_US\" \/>\n<meta property=\"og:type\" content=\"article\" \/>\n<meta property=\"og:title\" content=\"Ya est\u00e1n disponibles las presentaciones de los \u00faltimos encuentros regionales de Fedefruta\" \/>\n<meta property=\"og:description\" content=\"Curic\u00f3 y Rancagua.\" \/>\n<meta property=\"og:url\" content=\"https:\/\/smartcherry.cl\/en\/eventos\/ya-estan-disponibles-las-presentaciones-de-los-ultimos-encuentros-regionales-de-fedefruta\/\" \/>\n<meta property=\"og:site_name\" content=\"Smartcherry\" \/>\n<meta property=\"article:publisher\" content=\"https:\/\/web.facebook.com\/SmartCherry.cl\/\" \/>\n<meta property=\"article:published_time\" content=\"2023-10-17T17:06:43+00:00\" \/>\n<meta property=\"article:modified_time\" content=\"2023-10-17T17:06:44+00:00\" \/>\n<meta property=\"og:image\" content=\"https:\/\/smartcherry.cl\/wp-content\/uploads\/2023\/10\/WhatsApp-Image-2023-10-17-at-14.04.21.jpeg\" \/>\n\t<meta property=\"og:image:width\" content=\"828\" \/>\n\t<meta property=\"og:image:height\" content=\"585\" \/>\n\t<meta property=\"og:image:type\" content=\"image\/jpeg\" \/>\n<meta name=\"author\" content=\"Smartcherry\" \/>\n<meta name=\"twitter:card\" content=\"summary_large_image\" \/>\n<meta name=\"twitter:creator\" content=\"@SmartCherry_cl\" \/>\n<meta name=\"twitter:site\" content=\"@SmartCherry_cl\" \/>\n<meta name=\"twitter:label1\" content=\"Written by\" \/>\n\t<meta name=\"twitter:data1\" content=\"Smartcherry\" \/>\n\t<meta name=\"twitter:label2\" content=\"Est. reading time\" \/>\n\t<meta name=\"twitter:data2\" content=\"2 minutes\" \/>\n<script type=\"application\/ld+json\" class=\"yoast-schema-graph\">{\"@context\":\"https:\\\/\\\/schema.org\",\"@graph\":[{\"@type\":\"Article\",\"@id\":\"https:\\\/\\\/smartcherry.cl\\\/eventos\\\/ya-estan-disponibles-las-presentaciones-de-los-ultimos-encuentros-regionales-de-fedefruta\\\/#article\",\"isPartOf\":{\"@id\":\"https:\\\/\\\/smartcherry.cl\\\/eventos\\\/ya-estan-disponibles-las-presentaciones-de-los-ultimos-encuentros-regionales-de-fedefruta\\\/\"},\"author\":{\"name\":\"Smartcherry\",\"@id\":\"https:\\\/\\\/smartcherry.cl\\\/#\\\/schema\\\/person\\\/cc5ad3fbb76cc15ccfacf38ce0684864\"},\"headline\":\"Ya est\u00e1n disponibles las presentaciones de los \u00faltimos encuentros regionales de Fedefruta\",\"datePublished\":\"2023-10-17T17:06:43+00:00\",\"dateModified\":\"2023-10-17T17:06:44+00:00\",\"mainEntityOfPage\":{\"@id\":\"https:\\\/\\\/smartcherry.cl\\\/eventos\\\/ya-estan-disponibles-las-presentaciones-de-los-ultimos-encuentros-regionales-de-fedefruta\\\/\"},\"wordCount\":379,\"publisher\":{\"@id\":\"https:\\\/\\\/smartcherry.cl\\\/#organization\"},\"image\":{\"@id\":\"https:\\\/\\\/smartcherry.cl\\\/eventos\\\/ya-estan-disponibles-las-presentaciones-de-los-ultimos-encuentros-regionales-de-fedefruta\\\/#primaryimage\"},\"thumbnailUrl\":\"https:\\\/\\\/smartcherry.cl\\\/wp-content\\\/uploads\\\/2023\\\/10\\\/WhatsApp-Image-2023-10-17-at-14.04.21.jpeg\",\"keywords\":[\"Fedefruta\",\"encuentros regionales\"],\"articleSection\":[\"Eventos\"],\"inLanguage\":\"en-US\"},{\"@type\":\"WebPage\",\"@id\":\"https:\\\/\\\/smartcherry.cl\\\/eventos\\\/ya-estan-disponibles-las-presentaciones-de-los-ultimos-encuentros-regionales-de-fedefruta\\\/\",\"url\":\"https:\\\/\\\/smartcherry.cl\\\/eventos\\\/ya-estan-disponibles-las-presentaciones-de-los-ultimos-encuentros-regionales-de-fedefruta\\\/\",\"name\":\"Ya est\u00e1n disponibles las presentaciones de los \u00faltimos encuentros regionales de Fedefruta - Smartcherry\",\"isPartOf\":{\"@id\":\"https:\\\/\\\/smartcherry.cl\\\/#website\"},\"primaryImageOfPage\":{\"@id\":\"https:\\\/\\\/smartcherry.cl\\\/eventos\\\/ya-estan-disponibles-las-presentaciones-de-los-ultimos-encuentros-regionales-de-fedefruta\\\/#primaryimage\"},\"image\":{\"@id\":\"https:\\\/\\\/smartcherry.cl\\\/eventos\\\/ya-estan-disponibles-las-presentaciones-de-los-ultimos-encuentros-regionales-de-fedefruta\\\/#primaryimage\"},\"thumbnailUrl\":\"https:\\\/\\\/smartcherry.cl\\\/wp-content\\\/uploads\\\/2023\\\/10\\\/WhatsApp-Image-2023-10-17-at-14.04.21.jpeg\",\"datePublished\":\"2023-10-17T17:06:43+00:00\",\"dateModified\":\"2023-10-17T17:06:44+00:00\",\"breadcrumb\":{\"@id\":\"https:\\\/\\\/smartcherry.cl\\\/eventos\\\/ya-estan-disponibles-las-presentaciones-de-los-ultimos-encuentros-regionales-de-fedefruta\\\/#breadcrumb\"},\"inLanguage\":\"en-US\",\"potentialAction\":[{\"@type\":\"ReadAction\",\"target\":[\"https:\\\/\\\/smartcherry.cl\\\/eventos\\\/ya-estan-disponibles-las-presentaciones-de-los-ultimos-encuentros-regionales-de-fedefruta\\\/\"]}]},{\"@type\":\"ImageObject\",\"inLanguage\":\"en-US\",\"@id\":\"https:\\\/\\\/smartcherry.cl\\\/eventos\\\/ya-estan-disponibles-las-presentaciones-de-los-ultimos-encuentros-regionales-de-fedefruta\\\/#primaryimage\",\"url\":\"https:\\\/\\\/smartcherry.cl\\\/wp-content\\\/uploads\\\/2023\\\/10\\\/WhatsApp-Image-2023-10-17-at-14.04.21.jpeg\",\"contentUrl\":\"https:\\\/\\\/smartcherry.cl\\\/wp-content\\\/uploads\\\/2023\\\/10\\\/WhatsApp-Image-2023-10-17-at-14.04.21.jpeg\",\"width\":828,\"height\":585},{\"@type\":\"BreadcrumbList\",\"@id\":\"https:\\\/\\\/smartcherry.cl\\\/eventos\\\/ya-estan-disponibles-las-presentaciones-de-los-ultimos-encuentros-regionales-de-fedefruta\\\/#breadcrumb\",\"itemListElement\":[{\"@type\":\"ListItem\",\"position\":1,\"name\":\"Home\",\"item\":\"https:\\\/\\\/smartcherry.cl\\\/\"},{\"@type\":\"ListItem\",\"position\":2,\"name\":\"Eventos\",\"item\":\"https:\\\/\\\/smartcherry.cl\\\/category\\\/eventos\\\/\"},{\"@type\":\"ListItem\",\"position\":3,\"name\":\"Ya est\u00e1n disponibles las presentaciones de los \u00faltimos encuentros regionales de Fedefruta\"}]},{\"@type\":\"WebSite\",\"@id\":\"https:\\\/\\\/smartcherry.cl\\\/#website\",\"url\":\"https:\\\/\\\/smartcherry.cl\\\/\",\"name\":\"Smartcherry\",\"description\":\"Sitio de Smartcherry\",\"publisher\":{\"@id\":\"https:\\\/\\\/smartcherry.cl\\\/#organization\"},\"potentialAction\":[{\"@type\":\"SearchAction\",\"target\":{\"@type\":\"EntryPoint\",\"urlTemplate\":\"https:\\\/\\\/smartcherry.cl\\\/?s={search_term_string}\"},\"query-input\":{\"@type\":\"PropertyValueSpecification\",\"valueRequired\":true,\"valueName\":\"search_term_string\"}}],\"inLanguage\":\"en-US\"},{\"@type\":\"Organization\",\"@id\":\"https:\\\/\\\/smartcherry.cl\\\/#organization\",\"name\":\"SmartCherry\",\"url\":\"https:\\\/\\\/smartcherry.cl\\\/\",\"logo\":{\"@type\":\"ImageObject\",\"inLanguage\":\"en-US\",\"@id\":\"https:\\\/\\\/smartcherry.cl\\\/#\\\/schema\\\/logo\\\/image\\\/\",\"url\":\"https:\\\/\\\/smartcherry.cl\\\/wp-content\\\/uploads\\\/2022\\\/02\\\/logo_smartcherry.png\",\"contentUrl\":\"https:\\\/\\\/smartcherry.cl\\\/wp-content\\\/uploads\\\/2022\\\/02\\\/logo_smartcherry.png\",\"width\":411,\"height\":84,\"caption\":\"SmartCherry\"},\"image\":{\"@id\":\"https:\\\/\\\/smartcherry.cl\\\/#\\\/schema\\\/logo\\\/image\\\/\"},\"sameAs\":[\"https:\\\/\\\/web.facebook.com\\\/SmartCherry.cl\\\/\",\"https:\\\/\\\/x.com\\\/SmartCherry_cl\",\"https:\\\/\\\/www.linkedin.com\\\/company\\\/smartcherry\\\/\",\"https:\\\/\\\/www.instagram.com\\\/smartcherry_cl\\\/\",\"https:\\\/\\\/www.youtube.com\\\/channel\\\/UCe007LfgFFnntDgCcqICbPQ\"]},{\"@type\":\"Person\",\"@id\":\"https:\\\/\\\/smartcherry.cl\\\/#\\\/schema\\\/person\\\/cc5ad3fbb76cc15ccfacf38ce0684864\",\"name\":\"Smartcherry\",\"image\":{\"@type\":\"ImageObject\",\"inLanguage\":\"en-US\",\"@id\":\"https:\\\/\\\/smartcherry.cl\\\/wp-content\\\/uploads\\\/2022\\\/03\\\/smartcherry-admin-user-96x96.png\",\"url\":\"https:\\\/\\\/smartcherry.cl\\\/wp-content\\\/uploads\\\/2022\\\/03\\\/smartcherry-admin-user-96x96.png\",\"contentUrl\":\"https:\\\/\\\/smartcherry.cl\\\/wp-content\\\/uploads\\\/2022\\\/03\\\/smartcherry-admin-user-96x96.png\",\"caption\":\"Smartcherry\"},\"url\":\"https:\\\/\\\/smartcherry.cl\\\/en\\\/author\\\/smartcherry\\\/\"}]}<\/script>\n<!-- \/ Yoast SEO Premium plugin. -->","yoast_head_json":{"title":"Ya est\u00e1n disponibles las presentaciones de los \u00faltimos encuentros regionales de Fedefruta - Smartcherry","robots":{"index":"index","follow":"follow","max-snippet":"max-snippet:-1","max-image-preview":"max-image-preview:large","max-video-preview":"max-video-preview:-1"},"canonical":"https:\/\/smartcherry.cl\/en\/eventos\/ya-estan-disponibles-las-presentaciones-de-los-ultimos-encuentros-regionales-de-fedefruta\/","og_locale":"en_US","og_type":"article","og_title":"Ya est\u00e1n disponibles las presentaciones de los \u00faltimos encuentros regionales de Fedefruta","og_description":"Curic\u00f3 y Rancagua.","og_url":"https:\/\/smartcherry.cl\/en\/eventos\/ya-estan-disponibles-las-presentaciones-de-los-ultimos-encuentros-regionales-de-fedefruta\/","og_site_name":"Smartcherry","article_publisher":"https:\/\/web.facebook.com\/SmartCherry.cl\/","article_published_time":"2023-10-17T17:06:43+00:00","article_modified_time":"2023-10-17T17:06:44+00:00","og_image":[{"width":828,"height":585,"url":"https:\/\/smartcherry.cl\/wp-content\/uploads\/2023\/10\/WhatsApp-Image-2023-10-17-at-14.04.21.jpeg","type":"image\/jpeg"}],"author":"Smartcherry","twitter_card":"summary_large_image","twitter_creator":"@SmartCherry_cl","twitter_site":"@SmartCherry_cl","twitter_misc":{"Written by":"Smartcherry","Est. reading time":"2 minutes"},"schema":{"@context":"https:\/\/schema.org","@graph":[{"@type":"Article","@id":"https:\/\/smartcherry.cl\/eventos\/ya-estan-disponibles-las-presentaciones-de-los-ultimos-encuentros-regionales-de-fedefruta\/#article","isPartOf":{"@id":"https:\/\/smartcherry.cl\/eventos\/ya-estan-disponibles-las-presentaciones-de-los-ultimos-encuentros-regionales-de-fedefruta\/"},"author":{"name":"Smartcherry","@id":"https:\/\/smartcherry.cl\/#\/schema\/person\/cc5ad3fbb76cc15ccfacf38ce0684864"},"headline":"Ya est\u00e1n disponibles las presentaciones de los \u00faltimos encuentros regionales de Fedefruta","datePublished":"2023-10-17T17:06:43+00:00","dateModified":"2023-10-17T17:06:44+00:00","mainEntityOfPage":{"@id":"https:\/\/smartcherry.cl\/eventos\/ya-estan-disponibles-las-presentaciones-de-los-ultimos-encuentros-regionales-de-fedefruta\/"},"wordCount":379,"publisher":{"@id":"https:\/\/smartcherry.cl\/#organization"},"image":{"@id":"https:\/\/smartcherry.cl\/eventos\/ya-estan-disponibles-las-presentaciones-de-los-ultimos-encuentros-regionales-de-fedefruta\/#primaryimage"},"thumbnailUrl":"https:\/\/smartcherry.cl\/wp-content\/uploads\/2023\/10\/WhatsApp-Image-2023-10-17-at-14.04.21.jpeg","keywords":["Fedefruta","encuentros regionales"],"articleSection":["Eventos"],"inLanguage":"en-US"},{"@type":"WebPage","@id":"https:\/\/smartcherry.cl\/eventos\/ya-estan-disponibles-las-presentaciones-de-los-ultimos-encuentros-regionales-de-fedefruta\/","url":"https:\/\/smartcherry.cl\/eventos\/ya-estan-disponibles-las-presentaciones-de-los-ultimos-encuentros-regionales-de-fedefruta\/","name":"Ya est\u00e1n disponibles las presentaciones de los \u00faltimos encuentros regionales de Fedefruta - Smartcherry","isPartOf":{"@id":"https:\/\/smartcherry.cl\/#website"},"primaryImageOfPage":{"@id":"https:\/\/smartcherry.cl\/eventos\/ya-estan-disponibles-las-presentaciones-de-los-ultimos-encuentros-regionales-de-fedefruta\/#primaryimage"},"image":{"@id":"https:\/\/smartcherry.cl\/eventos\/ya-estan-disponibles-las-presentaciones-de-los-ultimos-encuentros-regionales-de-fedefruta\/#primaryimage"},"thumbnailUrl":"https:\/\/smartcherry.cl\/wp-content\/uploads\/2023\/10\/WhatsApp-Image-2023-10-17-at-14.04.21.jpeg","datePublished":"2023-10-17T17:06:43+00:00","dateModified":"2023-10-17T17:06:44+00:00","breadcrumb":{"@id":"https:\/\/smartcherry.cl\/eventos\/ya-estan-disponibles-las-presentaciones-de-los-ultimos-encuentros-regionales-de-fedefruta\/#breadcrumb"},"inLanguage":"en-US","potentialAction":[{"@type":"ReadAction","target":["https:\/\/smartcherry.cl\/eventos\/ya-estan-disponibles-las-presentaciones-de-los-ultimos-encuentros-regionales-de-fedefruta\/"]}]},{"@type":"ImageObject","inLanguage":"en-US","@id":"https:\/\/smartcherry.cl\/eventos\/ya-estan-disponibles-las-presentaciones-de-los-ultimos-encuentros-regionales-de-fedefruta\/#primaryimage","url":"https:\/\/smartcherry.cl\/wp-content\/uploads\/2023\/10\/WhatsApp-Image-2023-10-17-at-14.04.21.jpeg","contentUrl":"https:\/\/smartcherry.cl\/wp-content\/uploads\/2023\/10\/WhatsApp-Image-2023-10-17-at-14.04.21.jpeg","width":828,"height":585},{"@type":"BreadcrumbList","@id":"https:\/\/smartcherry.cl\/eventos\/ya-estan-disponibles-las-presentaciones-de-los-ultimos-encuentros-regionales-de-fedefruta\/#breadcrumb","itemListElement":[{"@type":"ListItem","position":1,"name":"Home","item":"https:\/\/smartcherry.cl\/"},{"@type":"ListItem","position":2,"name":"Eventos","item":"https:\/\/smartcherry.cl\/category\/eventos\/"},{"@type":"ListItem","position":3,"name":"Ya est\u00e1n disponibles las presentaciones de los \u00faltimos encuentros regionales de Fedefruta"}]},{"@type":"WebSite","@id":"https:\/\/smartcherry.cl\/#website","url":"https:\/\/smartcherry.cl\/","name":"Smartcherry","description":"Smartcherry Site","publisher":{"@id":"https:\/\/smartcherry.cl\/#organization"},"potentialAction":[{"@type":"SearchAction","target":{"@type":"EntryPoint","urlTemplate":"https:\/\/smartcherry.cl\/?s={search_term_string}"},"query-input":{"@type":"PropertyValueSpecification","valueRequired":true,"valueName":"search_term_string"}}],"inLanguage":"en-US"},{"@type":"Organization","@id":"https:\/\/smartcherry.cl\/#organization","name":"SmartCherry","url":"https:\/\/smartcherry.cl\/","logo":{"@type":"ImageObject","inLanguage":"en-US","@id":"https:\/\/smartcherry.cl\/#\/schema\/logo\/image\/","url":"https:\/\/smartcherry.cl\/wp-content\/uploads\/2022\/02\/logo_smartcherry.png","contentUrl":"https:\/\/smartcherry.cl\/wp-content\/uploads\/2022\/02\/logo_smartcherry.png","width":411,"height":84,"caption":"SmartCherry"},"image":{"@id":"https:\/\/smartcherry.cl\/#\/schema\/logo\/image\/"},"sameAs":["https:\/\/web.facebook.com\/SmartCherry.cl\/","https:\/\/x.com\/SmartCherry_cl","https:\/\/www.linkedin.com\/company\/smartcherry\/","https:\/\/www.instagram.com\/smartcherry_cl\/","https:\/\/www.youtube.com\/channel\/UCe007LfgFFnntDgCcqICbPQ"]},{"@type":"Person","@id":"https:\/\/smartcherry.cl\/#\/schema\/person\/cc5ad3fbb76cc15ccfacf38ce0684864","name":"Smartcherry","image":{"@type":"ImageObject","inLanguage":"en-US","@id":"https:\/\/smartcherry.cl\/wp-content\/uploads\/2022\/03\/smartcherry-admin-user-96x96.png","url":"https:\/\/smartcherry.cl\/wp-content\/uploads\/2022\/03\/smartcherry-admin-user-96x96.png","contentUrl":"https:\/\/smartcherry.cl\/wp-content\/uploads\/2022\/03\/smartcherry-admin-user-96x96.png","caption":"Smartcherry"},"url":"https:\/\/smartcherry.cl\/en\/author\/smartcherry\/"}]}},"_links":{"self":[{"href":"https:\/\/smartcherry.cl\/en\/wp-json\/wp\/v2\/posts\/27373","targetHints":{"allow":["GET"]}}],"collection":[{"href":"https:\/\/smartcherry.cl\/en\/wp-json\/wp\/v2\/posts"}],"about":[{"href":"https:\/\/smartcherry.cl\/en\/wp-json\/wp\/v2\/types\/post"}],"author":[{"embeddable":true,"href":"https:\/\/smartcherry.cl\/en\/wp-json\/wp\/v2\/users\/224"}],"replies":[{"embeddable":true,"href":"https:\/\/smartcherry.cl\/en\/wp-json\/wp\/v2\/comments?post=27373"}],"version-history":[{"count":0,"href":"https:\/\/smartcherry.cl\/en\/wp-json\/wp\/v2\/posts\/27373\/revisions"}],"wp:featuredmedia":[{"embeddable":true,"href":"https:\/\/smartcherry.cl\/en\/wp-json\/wp\/v2\/media\/27383"}],"wp:attachment":[{"href":"https:\/\/smartcherry.cl\/en\/wp-json\/wp\/v2\/media?parent=27373"}],"wp:term":[{"taxonomy":"category","embeddable":true,"href":"https:\/\/smartcherry.cl\/en\/wp-json\/wp\/v2\/categories?post=27373"},{"taxonomy":"post_tag","embeddable":true,"href":"https:\/\/smartcherry.cl\/en\/wp-json\/wp\/v2\/tags?post=27373"},{"taxonomy":"category_proveedor","embeddable":true,"href":"https:\/\/smartcherry.cl\/en\/wp-json\/wp\/v2\/category_proveedor?post=27373"},{"taxonomy":"pais","embeddable":true,"href":"https:\/\/smartcherry.cl\/en\/wp-json\/wp\/v2\/pais?post=27373"}],"curies":[{"name":"wp","href":"https:\/\/api.w.org\/{rel}","templated":true}]}}