{"id":26554,"date":"2023-09-22T11:01:23","date_gmt":"2023-09-22T14:01:23","guid":{"rendered":"https:\/\/smartcherry.cl\/?p=26554"},"modified":"2023-10-02T11:54:04","modified_gmt":"2023-10-02T14:54:04","slug":"asia-fresh-2023-del-21-al-23-de-septiembre-se-convertira-en-un-comercio-clave-e-integral","status":"publish","type":"post","link":"https:\/\/smartcherry.cl\/en\/eventos\/asia-fresh-2023-del-21-al-23-de-septiembre-se-convertira-en-un-comercio-clave-e-integral\/","title":{"rendered":"ASIA FRESH 2023, SEPTEMBER 21-23: It will become a key and integral trade"},"content":{"rendered":"<p class=\"wp-block-paragraph\"><em><strong>The fruit and vegetable industry trade fair, which will take place on 22 September, will focus on this year&#039;s highlights: How to balance the game between domestic production and imports of fruit and vegetables? <\/strong><\/em><\/p>\n\n\n\n<p class=\"wp-block-paragraph\">According to data from the Food and Agriculture Organization of the United Nations, the world&#039;s five largest vegetable exporters are China, Mexico, Spain, the Netherlands and<br>Italy. China&#039;s vegetable exports account for around 141%3T of global vegetable exports. <\/p>\n\n\n\n<p class=\"wp-block-paragraph\">The rapid growth of imports has also had a positive impact on national fruit production, generating healthy competition in terms of varieties, packaging and marketing. This situation has created competitive pressure on imported fruit, leading to a price war between national and imported products, which did not occur in the past.<\/p>\n\n\n\n<p class=\"wp-block-paragraph\">This will be a fundamental part of the exhibition for the fruit and vegetable industry, within the framework of ASIA FRESH 2023; there, on September 22, the task of balancing the game between national production and the import of fruits and vegetables will be analyzed, among other topics in this regard. <\/p>\n\n\n\n<p class=\"wp-block-paragraph\"><br><strong>The event<\/strong><\/p>\n\n\n\n<figure class=\"wp-block-image aligncenter size-full\"><img fetchpriority=\"high\" decoding=\"async\" width=\"593\" height=\"396\" src=\"https:\/\/smartcherry.cl\/wp-content\/uploads\/2023\/10\/Captura-de-pantalla-2023-10-02-a-las-11.49.33.jpg\" alt=\"\" class=\"wp-image-26672\" srcset=\"https:\/\/smartcherry.cl\/wp-content\/uploads\/2023\/10\/Captura-de-pantalla-2023-10-02-a-las-11.49.33.jpg 593w, https:\/\/smartcherry.cl\/wp-content\/uploads\/2023\/10\/Captura-de-pantalla-2023-10-02-a-las-11.49.33-300x200.jpg 300w\" sizes=\"(max-width: 593px) 100vw, 593px\" \/><\/figure>\n\n\n\n<p class=\"wp-block-paragraph\"><br>Representatives from many countries and customs experts will meet to discuss fruit-related issues, from incoming fruit inspection and quarantine, to quality and safety certification, as well as fresh fruit from the EU, Australian avocados, cherries, among others. <\/p>\n\n\n\n<p class=\"wp-block-paragraph\"><strong>Program<\/strong><\/p>\n\n\n\n<figure class=\"wp-block-image alignright size-full\"><img decoding=\"async\" width=\"512\" height=\"268\" src=\"https:\/\/smartcherry.cl\/wp-content\/uploads\/2023\/10\/unnamed-1.jpeg\" alt=\"\" class=\"wp-image-26673\" srcset=\"https:\/\/smartcherry.cl\/wp-content\/uploads\/2023\/10\/unnamed-1.jpeg 512w, https:\/\/smartcherry.cl\/wp-content\/uploads\/2023\/10\/unnamed-1-300x157.jpeg 300w\" sizes=\"(max-width: 512px) 100vw, 512px\" \/><\/figure>\n\n\n\n<p class=\"wp-block-paragraph\"><br>22-09-2023; 9:30-9:35 am<br>Opening remarks from the host<br>Duan Xiao Hong<br>Secretary General of China Entry-Exit Inspection and Quarantine Association<br><\/p>\n\n\n\n<p class=\"wp-block-paragraph\">22-09_2023; 9:35-9:40 am<br>Leader&#039;s speech<br>Canton Customs<br><\/p>\n\n\n\n<p class=\"wp-block-paragraph\">22-09-2023; 9:40-9:45 am<br>Leader&#039;s speech<br>Wang Xin<br>Chairman of the China Entry-Exit Inspection and Quarantine Association<br><\/p>\n\n\n\n<p class=\"wp-block-paragraph\">22-09-2023; 9:45-10:05 am<br>Quarantine inspection and supervision of imported fruits.<br>Canton Customs<br><br>22-09-2023; 10:05-10:25 am<br>Technical trade measures (SPS) for the import and export of fruits<br>Maffei<br>Center for Standards and Laws of the General Customs Administration<br><\/p>\n\n\n\n<p class=\"wp-block-paragraph\">22_09_2023; 10:25-10:45 am<br>International certification of quality and safety of imported fruits<br>Zhang De Feng<br>China Guangdong Inspection and Certification Group Co., Ltd., Marketing Department<br>Systems Certification Division Manager<br><\/p>\n\n\n\n<p class=\"wp-block-paragraph\">22-09-2023; 10:45-11:05 am<br>Australian Avocado: Building Global Channels<br>Richard Magney<br>Head of Export Market Access, Australian Avocado Association<br><\/p>\n\n\n\n<p class=\"wp-block-paragraph\">22-09_2023 11:05-11:25 AM<br>Overview of Chilean Cherry Production Season 2023-2024<br>Hector Zhang<br>Asia Marketing Manager, Chilean Fruit Exporters Association. ASOEX<\/p>\n\n\n\n<p class=\"wp-block-paragraph\"><br>22-09-2023; 11:25-11:45 AM<br>China-EU fruit and vegetable trade \u2013 the road to recovery<br>Philippe Binard<br>Secretary General of the European Fresh Fruit Association (video speech)<br><\/p>\n\n\n\n<p class=\"wp-block-paragraph\">22-09-2023; 11:45-12:05 AM<br>Issues related to Tmall cherry industry<br>Liu Piao<br>Tmall fresh food industry operations expert<br><\/p>\n\n\n\n<p class=\"wp-block-paragraph\">22-09-2023; 12:05-12:45 AM<br>Roundtable Dialogue: Durian Special<br>Share guest list (partial)<br>Names not listed in order<\/p>\n\n\n\n\n\n<pre id=\"block-f2670bb3-58e8-4b99-aa6c-d0c2245aa039\" class=\"wp-block-preformatted\">\n\n<\/pre>\n\n\n\n<pre id=\"tw-target-text\" class=\"wp-block-preformatted\">\n<\/pre>","protected":false},"excerpt":{"rendered":"<p>Focus on the International Import and Export of Fruits and Vegetables.<\/p>","protected":false},"author":224,"featured_media":26674,"comment_status":"closed","ping_status":"open","sticky":false,"template":"","format":"standard","meta":{"_acf_changed":false,"inline_featured_image":false,"footnotes":""},"categories":[2631],"tags":[3155],"category_proveedor":[],"pais":[],"class_list":["post-26554","post","type-post","status-publish","format-standard","has-post-thumbnail","hentry","category-eventos","tag-asia-fresh-2023"],"acf":[],"yoast_head":"<!-- This site is optimized with the Yoast SEO Premium plugin v21.3 (Yoast SEO v28.3) - https:\/\/yoast.com\/product\/yoast-seo-premium-wordpress\/ -->\n<title>ASIA FRESH 2023, DEL 21 AL 23 DE SEPTIEMBRE: Se convertir\u00e1 en un comercio clave e integral - Smartcherry<\/title>\n<meta name=\"robots\" content=\"index, follow, max-snippet:-1, max-image-preview:large, max-video-preview:-1\" \/>\n<link rel=\"canonical\" href=\"https:\/\/smartcherry.cl\/en\/eventos\/asia-fresh-2023-del-21-al-23-de-septiembre-se-convertira-en-un-comercio-clave-e-integral\/\" \/>\n<meta property=\"og:locale\" content=\"en_US\" \/>\n<meta property=\"og:type\" content=\"article\" \/>\n<meta property=\"og:title\" content=\"ASIA FRESH 2023, DEL 21 AL 23 DE SEPTIEMBRE: Se convertir\u00e1 en un comercio clave e integral\" \/>\n<meta property=\"og:description\" content=\"Enfoque en la Importaci\u00f3n y Exportaci\u00f3n Internacional de frutas y hortalizas.\" \/>\n<meta property=\"og:url\" content=\"https:\/\/smartcherry.cl\/en\/eventos\/asia-fresh-2023-del-21-al-23-de-septiembre-se-convertira-en-un-comercio-clave-e-integral\/\" \/>\n<meta property=\"og:site_name\" content=\"Smartcherry\" \/>\n<meta property=\"article:publisher\" content=\"https:\/\/web.facebook.com\/SmartCherry.cl\/\" \/>\n<meta property=\"article:published_time\" content=\"2023-09-22T14:01:23+00:00\" \/>\n<meta property=\"article:modified_time\" content=\"2023-10-02T14:54:04+00:00\" \/>\n<meta property=\"og:image\" content=\"https:\/\/smartcherry.cl\/wp-content\/uploads\/2023\/10\/unnamed-22.jpg\" \/>\n\t<meta property=\"og:image:width\" content=\"512\" \/>\n\t<meta property=\"og:image:height\" content=\"341\" \/>\n\t<meta property=\"og:image:type\" content=\"image\/jpeg\" \/>\n<meta name=\"author\" content=\"Smartcherry\" \/>\n<meta name=\"twitter:card\" content=\"summary_large_image\" \/>\n<meta name=\"twitter:creator\" content=\"@SmartCherry_cl\" \/>\n<meta name=\"twitter:site\" content=\"@SmartCherry_cl\" \/>\n<meta name=\"twitter:label1\" content=\"Written by\" \/>\n\t<meta name=\"twitter:data1\" content=\"Smartcherry\" \/>\n\t<meta name=\"twitter:label2\" content=\"Est. reading time\" \/>\n\t<meta name=\"twitter:data2\" content=\"3 minutes\" \/>\n<script type=\"application\/ld+json\" class=\"yoast-schema-graph\">{\"@context\":\"https:\\\/\\\/schema.org\",\"@graph\":[{\"@type\":\"Article\",\"@id\":\"https:\\\/\\\/smartcherry.cl\\\/eventos\\\/asia-fresh-2023-del-21-al-23-de-septiembre-se-convertira-en-un-comercio-clave-e-integral\\\/#article\",\"isPartOf\":{\"@id\":\"https:\\\/\\\/smartcherry.cl\\\/eventos\\\/asia-fresh-2023-del-21-al-23-de-septiembre-se-convertira-en-un-comercio-clave-e-integral\\\/\"},\"author\":{\"name\":\"Smartcherry\",\"@id\":\"https:\\\/\\\/smartcherry.cl\\\/#\\\/schema\\\/person\\\/cc5ad3fbb76cc15ccfacf38ce0684864\"},\"headline\":\"ASIA FRESH 2023, DEL 21 AL 23 DE SEPTIEMBRE: Se convertir\u00e1 en un comercio clave e integral\",\"datePublished\":\"2023-09-22T14:01:23+00:00\",\"dateModified\":\"2023-10-02T14:54:04+00:00\",\"mainEntityOfPage\":{\"@id\":\"https:\\\/\\\/smartcherry.cl\\\/eventos\\\/asia-fresh-2023-del-21-al-23-de-septiembre-se-convertira-en-un-comercio-clave-e-integral\\\/\"},\"wordCount\":523,\"publisher\":{\"@id\":\"https:\\\/\\\/smartcherry.cl\\\/#organization\"},\"image\":{\"@id\":\"https:\\\/\\\/smartcherry.cl\\\/eventos\\\/asia-fresh-2023-del-21-al-23-de-septiembre-se-convertira-en-un-comercio-clave-e-integral\\\/#primaryimage\"},\"thumbnailUrl\":\"https:\\\/\\\/smartcherry.cl\\\/wp-content\\\/uploads\\\/2023\\\/10\\\/unnamed-22.jpg\",\"keywords\":[\"Asia Fresh 2023\"],\"articleSection\":[\"Eventos\"],\"inLanguage\":\"en-US\"},{\"@type\":\"WebPage\",\"@id\":\"https:\\\/\\\/smartcherry.cl\\\/eventos\\\/asia-fresh-2023-del-21-al-23-de-septiembre-se-convertira-en-un-comercio-clave-e-integral\\\/\",\"url\":\"https:\\\/\\\/smartcherry.cl\\\/eventos\\\/asia-fresh-2023-del-21-al-23-de-septiembre-se-convertira-en-un-comercio-clave-e-integral\\\/\",\"name\":\"ASIA FRESH 2023, DEL 21 AL 23 DE SEPTIEMBRE: Se convertir\u00e1 en un comercio clave e integral - Smartcherry\",\"isPartOf\":{\"@id\":\"https:\\\/\\\/smartcherry.cl\\\/#website\"},\"primaryImageOfPage\":{\"@id\":\"https:\\\/\\\/smartcherry.cl\\\/eventos\\\/asia-fresh-2023-del-21-al-23-de-septiembre-se-convertira-en-un-comercio-clave-e-integral\\\/#primaryimage\"},\"image\":{\"@id\":\"https:\\\/\\\/smartcherry.cl\\\/eventos\\\/asia-fresh-2023-del-21-al-23-de-septiembre-se-convertira-en-un-comercio-clave-e-integral\\\/#primaryimage\"},\"thumbnailUrl\":\"https:\\\/\\\/smartcherry.cl\\\/wp-content\\\/uploads\\\/2023\\\/10\\\/unnamed-22.jpg\",\"datePublished\":\"2023-09-22T14:01:23+00:00\",\"dateModified\":\"2023-10-02T14:54:04+00:00\",\"breadcrumb\":{\"@id\":\"https:\\\/\\\/smartcherry.cl\\\/eventos\\\/asia-fresh-2023-del-21-al-23-de-septiembre-se-convertira-en-un-comercio-clave-e-integral\\\/#breadcrumb\"},\"inLanguage\":\"en-US\",\"potentialAction\":[{\"@type\":\"ReadAction\",\"target\":[\"https:\\\/\\\/smartcherry.cl\\\/eventos\\\/asia-fresh-2023-del-21-al-23-de-septiembre-se-convertira-en-un-comercio-clave-e-integral\\\/\"]}]},{\"@type\":\"ImageObject\",\"inLanguage\":\"en-US\",\"@id\":\"https:\\\/\\\/smartcherry.cl\\\/eventos\\\/asia-fresh-2023-del-21-al-23-de-septiembre-se-convertira-en-un-comercio-clave-e-integral\\\/#primaryimage\",\"url\":\"https:\\\/\\\/smartcherry.cl\\\/wp-content\\\/uploads\\\/2023\\\/10\\\/unnamed-22.jpg\",\"contentUrl\":\"https:\\\/\\\/smartcherry.cl\\\/wp-content\\\/uploads\\\/2023\\\/10\\\/unnamed-22.jpg\",\"width\":512,\"height\":341},{\"@type\":\"BreadcrumbList\",\"@id\":\"https:\\\/\\\/smartcherry.cl\\\/eventos\\\/asia-fresh-2023-del-21-al-23-de-septiembre-se-convertira-en-un-comercio-clave-e-integral\\\/#breadcrumb\",\"itemListElement\":[{\"@type\":\"ListItem\",\"position\":1,\"name\":\"Home\",\"item\":\"https:\\\/\\\/smartcherry.cl\\\/\"},{\"@type\":\"ListItem\",\"position\":2,\"name\":\"Eventos\",\"item\":\"https:\\\/\\\/smartcherry.cl\\\/category\\\/eventos\\\/\"},{\"@type\":\"ListItem\",\"position\":3,\"name\":\"ASIA FRESH 2023, DEL 21 AL 23 DE SEPTIEMBRE: Se convertir\u00e1 en un comercio clave e integral\"}]},{\"@type\":\"WebSite\",\"@id\":\"https:\\\/\\\/smartcherry.cl\\\/#website\",\"url\":\"https:\\\/\\\/smartcherry.cl\\\/\",\"name\":\"Smartcherry\",\"description\":\"Sitio de Smartcherry\",\"publisher\":{\"@id\":\"https:\\\/\\\/smartcherry.cl\\\/#organization\"},\"potentialAction\":[{\"@type\":\"SearchAction\",\"target\":{\"@type\":\"EntryPoint\",\"urlTemplate\":\"https:\\\/\\\/smartcherry.cl\\\/?s={search_term_string}\"},\"query-input\":{\"@type\":\"PropertyValueSpecification\",\"valueRequired\":true,\"valueName\":\"search_term_string\"}}],\"inLanguage\":\"en-US\"},{\"@type\":\"Organization\",\"@id\":\"https:\\\/\\\/smartcherry.cl\\\/#organization\",\"name\":\"SmartCherry\",\"url\":\"https:\\\/\\\/smartcherry.cl\\\/\",\"logo\":{\"@type\":\"ImageObject\",\"inLanguage\":\"en-US\",\"@id\":\"https:\\\/\\\/smartcherry.cl\\\/#\\\/schema\\\/logo\\\/image\\\/\",\"url\":\"https:\\\/\\\/smartcherry.cl\\\/wp-content\\\/uploads\\\/2022\\\/02\\\/logo_smartcherry.png\",\"contentUrl\":\"https:\\\/\\\/smartcherry.cl\\\/wp-content\\\/uploads\\\/2022\\\/02\\\/logo_smartcherry.png\",\"width\":411,\"height\":84,\"caption\":\"SmartCherry\"},\"image\":{\"@id\":\"https:\\\/\\\/smartcherry.cl\\\/#\\\/schema\\\/logo\\\/image\\\/\"},\"sameAs\":[\"https:\\\/\\\/web.facebook.com\\\/SmartCherry.cl\\\/\",\"https:\\\/\\\/x.com\\\/SmartCherry_cl\",\"https:\\\/\\\/www.linkedin.com\\\/company\\\/smartcherry\\\/\",\"https:\\\/\\\/www.instagram.com\\\/smartcherry_cl\\\/\",\"https:\\\/\\\/www.youtube.com\\\/channel\\\/UCe007LfgFFnntDgCcqICbPQ\"]},{\"@type\":\"Person\",\"@id\":\"https:\\\/\\\/smartcherry.cl\\\/#\\\/schema\\\/person\\\/cc5ad3fbb76cc15ccfacf38ce0684864\",\"name\":\"Smartcherry\",\"image\":{\"@type\":\"ImageObject\",\"inLanguage\":\"en-US\",\"@id\":\"https:\\\/\\\/smartcherry.cl\\\/wp-content\\\/uploads\\\/2022\\\/03\\\/smartcherry-admin-user-96x96.png\",\"url\":\"https:\\\/\\\/smartcherry.cl\\\/wp-content\\\/uploads\\\/2022\\\/03\\\/smartcherry-admin-user-96x96.png\",\"contentUrl\":\"https:\\\/\\\/smartcherry.cl\\\/wp-content\\\/uploads\\\/2022\\\/03\\\/smartcherry-admin-user-96x96.png\",\"caption\":\"Smartcherry\"},\"url\":\"https:\\\/\\\/smartcherry.cl\\\/en\\\/author\\\/smartcherry\\\/\"}]}<\/script>\n<!-- \/ Yoast SEO Premium plugin. -->","yoast_head_json":{"title":"ASIA FRESH 2023, DEL 21 AL 23 DE SEPTIEMBRE: Se convertir\u00e1 en un comercio clave e integral - Smartcherry","robots":{"index":"index","follow":"follow","max-snippet":"max-snippet:-1","max-image-preview":"max-image-preview:large","max-video-preview":"max-video-preview:-1"},"canonical":"https:\/\/smartcherry.cl\/en\/eventos\/asia-fresh-2023-del-21-al-23-de-septiembre-se-convertira-en-un-comercio-clave-e-integral\/","og_locale":"en_US","og_type":"article","og_title":"ASIA FRESH 2023, DEL 21 AL 23 DE SEPTIEMBRE: Se convertir\u00e1 en un comercio clave e integral","og_description":"Enfoque en la Importaci\u00f3n y Exportaci\u00f3n Internacional de frutas y hortalizas.","og_url":"https:\/\/smartcherry.cl\/en\/eventos\/asia-fresh-2023-del-21-al-23-de-septiembre-se-convertira-en-un-comercio-clave-e-integral\/","og_site_name":"Smartcherry","article_publisher":"https:\/\/web.facebook.com\/SmartCherry.cl\/","article_published_time":"2023-09-22T14:01:23+00:00","article_modified_time":"2023-10-02T14:54:04+00:00","og_image":[{"width":512,"height":341,"url":"https:\/\/smartcherry.cl\/wp-content\/uploads\/2023\/10\/unnamed-22.jpg","type":"image\/jpeg"}],"author":"Smartcherry","twitter_card":"summary_large_image","twitter_creator":"@SmartCherry_cl","twitter_site":"@SmartCherry_cl","twitter_misc":{"Written by":"Smartcherry","Est. reading time":"3 minutes"},"schema":{"@context":"https:\/\/schema.org","@graph":[{"@type":"Article","@id":"https:\/\/smartcherry.cl\/eventos\/asia-fresh-2023-del-21-al-23-de-septiembre-se-convertira-en-un-comercio-clave-e-integral\/#article","isPartOf":{"@id":"https:\/\/smartcherry.cl\/eventos\/asia-fresh-2023-del-21-al-23-de-septiembre-se-convertira-en-un-comercio-clave-e-integral\/"},"author":{"name":"Smartcherry","@id":"https:\/\/smartcherry.cl\/#\/schema\/person\/cc5ad3fbb76cc15ccfacf38ce0684864"},"headline":"ASIA FRESH 2023, DEL 21 AL 23 DE SEPTIEMBRE: Se convertir\u00e1 en un comercio clave e integral","datePublished":"2023-09-22T14:01:23+00:00","dateModified":"2023-10-02T14:54:04+00:00","mainEntityOfPage":{"@id":"https:\/\/smartcherry.cl\/eventos\/asia-fresh-2023-del-21-al-23-de-septiembre-se-convertira-en-un-comercio-clave-e-integral\/"},"wordCount":523,"publisher":{"@id":"https:\/\/smartcherry.cl\/#organization"},"image":{"@id":"https:\/\/smartcherry.cl\/eventos\/asia-fresh-2023-del-21-al-23-de-septiembre-se-convertira-en-un-comercio-clave-e-integral\/#primaryimage"},"thumbnailUrl":"https:\/\/smartcherry.cl\/wp-content\/uploads\/2023\/10\/unnamed-22.jpg","keywords":["Asia Fresh 2023"],"articleSection":["Eventos"],"inLanguage":"en-US"},{"@type":"WebPage","@id":"https:\/\/smartcherry.cl\/eventos\/asia-fresh-2023-del-21-al-23-de-septiembre-se-convertira-en-un-comercio-clave-e-integral\/","url":"https:\/\/smartcherry.cl\/eventos\/asia-fresh-2023-del-21-al-23-de-septiembre-se-convertira-en-un-comercio-clave-e-integral\/","name":"ASIA FRESH 2023, DEL 21 AL 23 DE SEPTIEMBRE: Se convertir\u00e1 en un comercio clave e integral - Smartcherry","isPartOf":{"@id":"https:\/\/smartcherry.cl\/#website"},"primaryImageOfPage":{"@id":"https:\/\/smartcherry.cl\/eventos\/asia-fresh-2023-del-21-al-23-de-septiembre-se-convertira-en-un-comercio-clave-e-integral\/#primaryimage"},"image":{"@id":"https:\/\/smartcherry.cl\/eventos\/asia-fresh-2023-del-21-al-23-de-septiembre-se-convertira-en-un-comercio-clave-e-integral\/#primaryimage"},"thumbnailUrl":"https:\/\/smartcherry.cl\/wp-content\/uploads\/2023\/10\/unnamed-22.jpg","datePublished":"2023-09-22T14:01:23+00:00","dateModified":"2023-10-02T14:54:04+00:00","breadcrumb":{"@id":"https:\/\/smartcherry.cl\/eventos\/asia-fresh-2023-del-21-al-23-de-septiembre-se-convertira-en-un-comercio-clave-e-integral\/#breadcrumb"},"inLanguage":"en-US","potentialAction":[{"@type":"ReadAction","target":["https:\/\/smartcherry.cl\/eventos\/asia-fresh-2023-del-21-al-23-de-septiembre-se-convertira-en-un-comercio-clave-e-integral\/"]}]},{"@type":"ImageObject","inLanguage":"en-US","@id":"https:\/\/smartcherry.cl\/eventos\/asia-fresh-2023-del-21-al-23-de-septiembre-se-convertira-en-un-comercio-clave-e-integral\/#primaryimage","url":"https:\/\/smartcherry.cl\/wp-content\/uploads\/2023\/10\/unnamed-22.jpg","contentUrl":"https:\/\/smartcherry.cl\/wp-content\/uploads\/2023\/10\/unnamed-22.jpg","width":512,"height":341},{"@type":"BreadcrumbList","@id":"https:\/\/smartcherry.cl\/eventos\/asia-fresh-2023-del-21-al-23-de-septiembre-se-convertira-en-un-comercio-clave-e-integral\/#breadcrumb","itemListElement":[{"@type":"ListItem","position":1,"name":"Home","item":"https:\/\/smartcherry.cl\/"},{"@type":"ListItem","position":2,"name":"Eventos","item":"https:\/\/smartcherry.cl\/category\/eventos\/"},{"@type":"ListItem","position":3,"name":"ASIA FRESH 2023, DEL 21 AL 23 DE SEPTIEMBRE: Se convertir\u00e1 en un comercio clave e integral"}]},{"@type":"WebSite","@id":"https:\/\/smartcherry.cl\/#website","url":"https:\/\/smartcherry.cl\/","name":"Smartcherry","description":"Smartcherry Site","publisher":{"@id":"https:\/\/smartcherry.cl\/#organization"},"potentialAction":[{"@type":"SearchAction","target":{"@type":"EntryPoint","urlTemplate":"https:\/\/smartcherry.cl\/?s={search_term_string}"},"query-input":{"@type":"PropertyValueSpecification","valueRequired":true,"valueName":"search_term_string"}}],"inLanguage":"en-US"},{"@type":"Organization","@id":"https:\/\/smartcherry.cl\/#organization","name":"SmartCherry","url":"https:\/\/smartcherry.cl\/","logo":{"@type":"ImageObject","inLanguage":"en-US","@id":"https:\/\/smartcherry.cl\/#\/schema\/logo\/image\/","url":"https:\/\/smartcherry.cl\/wp-content\/uploads\/2022\/02\/logo_smartcherry.png","contentUrl":"https:\/\/smartcherry.cl\/wp-content\/uploads\/2022\/02\/logo_smartcherry.png","width":411,"height":84,"caption":"SmartCherry"},"image":{"@id":"https:\/\/smartcherry.cl\/#\/schema\/logo\/image\/"},"sameAs":["https:\/\/web.facebook.com\/SmartCherry.cl\/","https:\/\/x.com\/SmartCherry_cl","https:\/\/www.linkedin.com\/company\/smartcherry\/","https:\/\/www.instagram.com\/smartcherry_cl\/","https:\/\/www.youtube.com\/channel\/UCe007LfgFFnntDgCcqICbPQ"]},{"@type":"Person","@id":"https:\/\/smartcherry.cl\/#\/schema\/person\/cc5ad3fbb76cc15ccfacf38ce0684864","name":"Smartcherry","image":{"@type":"ImageObject","inLanguage":"en-US","@id":"https:\/\/smartcherry.cl\/wp-content\/uploads\/2022\/03\/smartcherry-admin-user-96x96.png","url":"https:\/\/smartcherry.cl\/wp-content\/uploads\/2022\/03\/smartcherry-admin-user-96x96.png","contentUrl":"https:\/\/smartcherry.cl\/wp-content\/uploads\/2022\/03\/smartcherry-admin-user-96x96.png","caption":"Smartcherry"},"url":"https:\/\/smartcherry.cl\/en\/author\/smartcherry\/"}]}},"_links":{"self":[{"href":"https:\/\/smartcherry.cl\/en\/wp-json\/wp\/v2\/posts\/26554","targetHints":{"allow":["GET"]}}],"collection":[{"href":"https:\/\/smartcherry.cl\/en\/wp-json\/wp\/v2\/posts"}],"about":[{"href":"https:\/\/smartcherry.cl\/en\/wp-json\/wp\/v2\/types\/post"}],"author":[{"embeddable":true,"href":"https:\/\/smartcherry.cl\/en\/wp-json\/wp\/v2\/users\/224"}],"replies":[{"embeddable":true,"href":"https:\/\/smartcherry.cl\/en\/wp-json\/wp\/v2\/comments?post=26554"}],"version-history":[{"count":0,"href":"https:\/\/smartcherry.cl\/en\/wp-json\/wp\/v2\/posts\/26554\/revisions"}],"wp:featuredmedia":[{"embeddable":true,"href":"https:\/\/smartcherry.cl\/en\/wp-json\/wp\/v2\/media\/26674"}],"wp:attachment":[{"href":"https:\/\/smartcherry.cl\/en\/wp-json\/wp\/v2\/media?parent=26554"}],"wp:term":[{"taxonomy":"category","embeddable":true,"href":"https:\/\/smartcherry.cl\/en\/wp-json\/wp\/v2\/categories?post=26554"},{"taxonomy":"post_tag","embeddable":true,"href":"https:\/\/smartcherry.cl\/en\/wp-json\/wp\/v2\/tags?post=26554"},{"taxonomy":"category_proveedor","embeddable":true,"href":"https:\/\/smartcherry.cl\/en\/wp-json\/wp\/v2\/category_proveedor?post=26554"},{"taxonomy":"pais","embeddable":true,"href":"https:\/\/smartcherry.cl\/en\/wp-json\/wp\/v2\/pais?post=26554"}],"curies":[{"name":"wp","href":"https:\/\/api.w.org\/{rel}","templated":true}]}}