{"id":25491,"date":"2023-08-21T11:12:06","date_gmt":"2023-08-21T14:12:06","guid":{"rendered":"https:\/\/smartcherry.cl\/?p=25491"},"modified":"2023-08-22T17:15:56","modified_gmt":"2023-08-22T20:15:56","slug":"invitan-a-agricultores-afectados-por-inundaciones-a-participar-de-conversatorio-tecnico","status":"publish","type":"post","link":"https:\/\/smartcherry.cl\/en\/eventos\/invitan-a-agricultores-afectados-por-inundaciones-a-participar-de-conversatorio-tecnico\/","title":{"rendered":"Suspended! Farmers affected by floods invited to participate in Technical Discussion"},"content":{"rendered":"<p>In order to meet the needs of farmers in the Maule region, the Foundation for Agrarian Innovation (FIA), the Innovation Agency of the Ministry of Agriculture, organized a Technical Conference on Territorial Innovation called \u201cAgronomic management of soil and crops after floods.\u201d This is a space for talks given by experts from the University of Chile that will take place next Friday, August 25, in the Jorge Ossand\u00f3n auditorium, at the University of Talca Campus Curic\u00f3, from 10:00 a.m. to 1:00 p.m.<\/p>\n\n\n\n<figure class=\"wp-block-image alignright size-large is-resized\"><img fetchpriority=\"high\" decoding=\"async\" src=\"https:\/\/smartcherry.cl\/wp-content\/uploads\/2023\/08\/cultivos-inundados-3-1024x461.jpeg\" alt=\"\" class=\"wp-image-25492\" width=\"512\" height=\"230\" srcset=\"https:\/\/smartcherry.cl\/wp-content\/uploads\/2023\/08\/cultivos-inundados-3-1024x461.jpeg 1024w, https:\/\/smartcherry.cl\/wp-content\/uploads\/2023\/08\/cultivos-inundados-3-300x135.jpeg 300w, https:\/\/smartcherry.cl\/wp-content\/uploads\/2023\/08\/cultivos-inundados-3-768x346.jpeg 768w, https:\/\/smartcherry.cl\/wp-content\/uploads\/2023\/08\/cultivos-inundados-3.jpeg 1280w\" sizes=\"(max-width: 512px) 100vw, 512px\" \/><\/figure>\n\n\n\n<p>The objective of the workshop is to share knowledge and information regarding the productive damages and negative impacts of rains and floods in the agricultural sector of the affected areas. It also seeks to provide technical recommendations and agronomic management measures for the recovery of soils and crops flooded by river floods, and for the future prevention of associated diseases.<br><\/p>\n\n\n\n<p>The discussion is aimed at PRODESAL and SAT professionals who advise small farmers in the affected areas and mainly at small farmers, whether or not they are INDAP users. The Seremi of Agriculture, Ana Mu\u00f1oz, called for participation: <em>\u201cWe invite everyone to attend, since the work of productive rehabilitation has a component of promotion but also of training and technical guidance.\u201d<\/em>, he added.<br><\/p>\n\n\n\n<p>The discussion is expected to cover various topics that are important to producers, such as: Effects and damage to soils and crops after flooding, Productive recovery of agricultural land, Phytosanitary impact on fruit trees and vineyards after flooding.<br>Robert Giovanetti, FIA Regional Representative in the Maule region indicated that <em>\u201cFrom the Foundation for Agrarian Innovation we have developed different innovation talks throughout Chile, now this Friday the 25th we are going to develop an activity where we will talk about agronomic management, soil management and also post-flood crops, something so relevant these days in the region,\u201d<\/em> specifying that the meeting will take place at the aforementioned educational institution on the road to Los Niches.<br><\/p>\n\n\n\n<figure class=\"wp-block-image size-large\"><img decoding=\"async\" width=\"1024\" height=\"461\" src=\"https:\/\/smartcherry.cl\/wp-content\/uploads\/2023\/08\/cultivos-inundados-1-1024x461.jpeg\" alt=\"\" class=\"wp-image-25494\" srcset=\"https:\/\/smartcherry.cl\/wp-content\/uploads\/2023\/08\/cultivos-inundados-1-1024x461.jpeg 1024w, https:\/\/smartcherry.cl\/wp-content\/uploads\/2023\/08\/cultivos-inundados-1-300x135.jpeg 300w, https:\/\/smartcherry.cl\/wp-content\/uploads\/2023\/08\/cultivos-inundados-1-768x346.jpeg 768w, https:\/\/smartcherry.cl\/wp-content\/uploads\/2023\/08\/cultivos-inundados-1-1536x691.jpeg 1536w, https:\/\/smartcherry.cl\/wp-content\/uploads\/2023\/08\/cultivos-inundados-1.jpeg 1600w\" sizes=\"(max-width: 1024px) 100vw, 1024px\" \/><\/figure>\n\n\n\n<p>Those who want to participate in this in-person activity only need to complete the following form: https:\/\/www.fia.cl\/pilares-de-accion\/vinculacion-para-innovar\/conversatorio-manejo-agronomico-de-suelo-y-crops-despues-de-las-inundaciones\/<br><\/p>\n\n\n\n<p>Questions to the email mnavarro@fia.cl<\/p>","protected":false},"excerpt":{"rendered":"<p>Con el prop\u00f3sito de atender las necesidades de los agricultores de la regi\u00f3n del Maule, la Fundaci\u00f3n para la Innovaci\u00f3n Agraria (FIA), agencia de Innovaci\u00f3n del Ministerio de Agricultura, organiz\u00f3 [&hellip;]<\/p>\n","protected":false},"author":224,"featured_media":25493,"comment_status":"closed","ping_status":"open","sticky":false,"template":"","format":"standard","meta":{"_acf_changed":false,"inline_featured_image":false,"footnotes":""},"categories":[2631],"tags":[2906,3047],"category_proveedor":[],"pais":[],"class_list":["post-25491","post","type-post","status-publish","format-standard","has-post-thumbnail","hentry","category-eventos","tag-inundaciones","tag-conversatorio-tecnico"],"acf":[],"yoast_head":"<!-- This site is optimized with the Yoast SEO Premium plugin v21.3 (Yoast SEO v27.3) - https:\/\/yoast.com\/product\/yoast-seo-premium-wordpress\/ -->\n<title>\u00a1Suspendido! Invitan a agricultores afectados por inundaciones a participar de Conversatorio T\u00e9cnico - Smartcherry<\/title>\n<meta name=\"robots\" content=\"index, follow, max-snippet:-1, max-image-preview:large, max-video-preview:-1\" \/>\n<link rel=\"canonical\" href=\"https:\/\/smartcherry.cl\/en\/eventos\/invitan-a-agricultores-afectados-por-inundaciones-a-participar-de-conversatorio-tecnico\/\" \/>\n<meta property=\"og:locale\" content=\"en_US\" \/>\n<meta property=\"og:type\" content=\"article\" \/>\n<meta property=\"og:title\" content=\"\u00a1Suspendido! Invitan a agricultores afectados por inundaciones a participar de Conversatorio T\u00e9cnico\" \/>\n<meta property=\"og:description\" content=\"Con el prop\u00f3sito de atender las necesidades de los agricultores de la regi\u00f3n del Maule, la Fundaci\u00f3n para la Innovaci\u00f3n Agraria (FIA), agencia de Innovaci\u00f3n del Ministerio de Agricultura, organiz\u00f3 [&hellip;]\" \/>\n<meta property=\"og:url\" content=\"https:\/\/smartcherry.cl\/en\/eventos\/invitan-a-agricultores-afectados-por-inundaciones-a-participar-de-conversatorio-tecnico\/\" \/>\n<meta property=\"og:site_name\" content=\"Smartcherry\" \/>\n<meta property=\"article:publisher\" content=\"https:\/\/web.facebook.com\/SmartCherry.cl\/\" \/>\n<meta property=\"article:published_time\" content=\"2023-08-21T14:12:06+00:00\" \/>\n<meta property=\"article:modified_time\" content=\"2023-08-22T20:15:56+00:00\" \/>\n<meta property=\"og:image\" content=\"https:\/\/smartcherry.cl\/wp-content\/uploads\/2023\/08\/cultivos-inundados-2.jpeg\" \/>\n\t<meta property=\"og:image:width\" content=\"1600\" \/>\n\t<meta property=\"og:image:height\" content=\"1200\" \/>\n\t<meta property=\"og:image:type\" content=\"image\/jpeg\" \/>\n<meta name=\"author\" content=\"Smartcherry\" \/>\n<meta name=\"twitter:card\" content=\"summary_large_image\" \/>\n<meta name=\"twitter:creator\" content=\"@SmartCherry_cl\" \/>\n<meta name=\"twitter:site\" content=\"@SmartCherry_cl\" \/>\n<meta name=\"twitter:label1\" content=\"Written by\" \/>\n\t<meta name=\"twitter:data1\" content=\"Smartcherry\" \/>\n\t<meta name=\"twitter:label2\" content=\"Est. reading time\" \/>\n\t<meta name=\"twitter:data2\" content=\"3 minutes\" \/>\n<script type=\"application\/ld+json\" class=\"yoast-schema-graph\">{\"@context\":\"https:\\\/\\\/schema.org\",\"@graph\":[{\"@type\":\"Article\",\"@id\":\"https:\\\/\\\/smartcherry.cl\\\/eventos\\\/invitan-a-agricultores-afectados-por-inundaciones-a-participar-de-conversatorio-tecnico\\\/#article\",\"isPartOf\":{\"@id\":\"https:\\\/\\\/smartcherry.cl\\\/eventos\\\/invitan-a-agricultores-afectados-por-inundaciones-a-participar-de-conversatorio-tecnico\\\/\"},\"author\":{\"name\":\"Smartcherry\",\"@id\":\"https:\\\/\\\/smartcherry.cl\\\/#\\\/schema\\\/person\\\/cc5ad3fbb76cc15ccfacf38ce0684864\"},\"headline\":\"\u00a1Suspendido! Invitan a agricultores afectados por inundaciones a participar de Conversatorio T\u00e9cnico\",\"datePublished\":\"2023-08-21T14:12:06+00:00\",\"dateModified\":\"2023-08-22T20:15:56+00:00\",\"mainEntityOfPage\":{\"@id\":\"https:\\\/\\\/smartcherry.cl\\\/eventos\\\/invitan-a-agricultores-afectados-por-inundaciones-a-participar-de-conversatorio-tecnico\\\/\"},\"wordCount\":424,\"publisher\":{\"@id\":\"https:\\\/\\\/smartcherry.cl\\\/#organization\"},\"image\":{\"@id\":\"https:\\\/\\\/smartcherry.cl\\\/eventos\\\/invitan-a-agricultores-afectados-por-inundaciones-a-participar-de-conversatorio-tecnico\\\/#primaryimage\"},\"thumbnailUrl\":\"https:\\\/\\\/smartcherry.cl\\\/wp-content\\\/uploads\\\/2023\\\/08\\\/cultivos-inundados-2.jpeg\",\"keywords\":[\"inundaciones\",\"Conversatorio t\u00e9cnico\"],\"articleSection\":[\"Eventos\"],\"inLanguage\":\"en-US\"},{\"@type\":\"WebPage\",\"@id\":\"https:\\\/\\\/smartcherry.cl\\\/eventos\\\/invitan-a-agricultores-afectados-por-inundaciones-a-participar-de-conversatorio-tecnico\\\/\",\"url\":\"https:\\\/\\\/smartcherry.cl\\\/eventos\\\/invitan-a-agricultores-afectados-por-inundaciones-a-participar-de-conversatorio-tecnico\\\/\",\"name\":\"\u00a1Suspendido! Invitan a agricultores afectados por inundaciones a participar de Conversatorio T\u00e9cnico - Smartcherry\",\"isPartOf\":{\"@id\":\"https:\\\/\\\/smartcherry.cl\\\/#website\"},\"primaryImageOfPage\":{\"@id\":\"https:\\\/\\\/smartcherry.cl\\\/eventos\\\/invitan-a-agricultores-afectados-por-inundaciones-a-participar-de-conversatorio-tecnico\\\/#primaryimage\"},\"image\":{\"@id\":\"https:\\\/\\\/smartcherry.cl\\\/eventos\\\/invitan-a-agricultores-afectados-por-inundaciones-a-participar-de-conversatorio-tecnico\\\/#primaryimage\"},\"thumbnailUrl\":\"https:\\\/\\\/smartcherry.cl\\\/wp-content\\\/uploads\\\/2023\\\/08\\\/cultivos-inundados-2.jpeg\",\"datePublished\":\"2023-08-21T14:12:06+00:00\",\"dateModified\":\"2023-08-22T20:15:56+00:00\",\"breadcrumb\":{\"@id\":\"https:\\\/\\\/smartcherry.cl\\\/eventos\\\/invitan-a-agricultores-afectados-por-inundaciones-a-participar-de-conversatorio-tecnico\\\/#breadcrumb\"},\"inLanguage\":\"en-US\",\"potentialAction\":[{\"@type\":\"ReadAction\",\"target\":[\"https:\\\/\\\/smartcherry.cl\\\/eventos\\\/invitan-a-agricultores-afectados-por-inundaciones-a-participar-de-conversatorio-tecnico\\\/\"]}]},{\"@type\":\"ImageObject\",\"inLanguage\":\"en-US\",\"@id\":\"https:\\\/\\\/smartcherry.cl\\\/eventos\\\/invitan-a-agricultores-afectados-por-inundaciones-a-participar-de-conversatorio-tecnico\\\/#primaryimage\",\"url\":\"https:\\\/\\\/smartcherry.cl\\\/wp-content\\\/uploads\\\/2023\\\/08\\\/cultivos-inundados-2.jpeg\",\"contentUrl\":\"https:\\\/\\\/smartcherry.cl\\\/wp-content\\\/uploads\\\/2023\\\/08\\\/cultivos-inundados-2.jpeg\",\"width\":1600,\"height\":1200},{\"@type\":\"BreadcrumbList\",\"@id\":\"https:\\\/\\\/smartcherry.cl\\\/eventos\\\/invitan-a-agricultores-afectados-por-inundaciones-a-participar-de-conversatorio-tecnico\\\/#breadcrumb\",\"itemListElement\":[{\"@type\":\"ListItem\",\"position\":1,\"name\":\"Home\",\"item\":\"https:\\\/\\\/smartcherry.cl\\\/\"},{\"@type\":\"ListItem\",\"position\":2,\"name\":\"Eventos\",\"item\":\"https:\\\/\\\/smartcherry.cl\\\/category\\\/eventos\\\/\"},{\"@type\":\"ListItem\",\"position\":3,\"name\":\"\u00a1Suspendido! Invitan a agricultores afectados por inundaciones a participar de Conversatorio T\u00e9cnico\"}]},{\"@type\":\"WebSite\",\"@id\":\"https:\\\/\\\/smartcherry.cl\\\/#website\",\"url\":\"https:\\\/\\\/smartcherry.cl\\\/\",\"name\":\"Smartcherry\",\"description\":\"Sitio de Smartcherry\",\"publisher\":{\"@id\":\"https:\\\/\\\/smartcherry.cl\\\/#organization\"},\"potentialAction\":[{\"@type\":\"SearchAction\",\"target\":{\"@type\":\"EntryPoint\",\"urlTemplate\":\"https:\\\/\\\/smartcherry.cl\\\/?s={search_term_string}\"},\"query-input\":{\"@type\":\"PropertyValueSpecification\",\"valueRequired\":true,\"valueName\":\"search_term_string\"}}],\"inLanguage\":\"en-US\"},{\"@type\":\"Organization\",\"@id\":\"https:\\\/\\\/smartcherry.cl\\\/#organization\",\"name\":\"SmartCherry\",\"url\":\"https:\\\/\\\/smartcherry.cl\\\/\",\"logo\":{\"@type\":\"ImageObject\",\"inLanguage\":\"en-US\",\"@id\":\"https:\\\/\\\/smartcherry.cl\\\/#\\\/schema\\\/logo\\\/image\\\/\",\"url\":\"https:\\\/\\\/smartcherry.cl\\\/wp-content\\\/uploads\\\/2022\\\/02\\\/logo_smartcherry.png\",\"contentUrl\":\"https:\\\/\\\/smartcherry.cl\\\/wp-content\\\/uploads\\\/2022\\\/02\\\/logo_smartcherry.png\",\"width\":411,\"height\":84,\"caption\":\"SmartCherry\"},\"image\":{\"@id\":\"https:\\\/\\\/smartcherry.cl\\\/#\\\/schema\\\/logo\\\/image\\\/\"},\"sameAs\":[\"https:\\\/\\\/web.facebook.com\\\/SmartCherry.cl\\\/\",\"https:\\\/\\\/x.com\\\/SmartCherry_cl\",\"https:\\\/\\\/www.linkedin.com\\\/company\\\/smartcherry\\\/\",\"https:\\\/\\\/www.instagram.com\\\/smartcherry_cl\\\/\",\"https:\\\/\\\/www.youtube.com\\\/channel\\\/UCe007LfgFFnntDgCcqICbPQ\"]},{\"@type\":\"Person\",\"@id\":\"https:\\\/\\\/smartcherry.cl\\\/#\\\/schema\\\/person\\\/cc5ad3fbb76cc15ccfacf38ce0684864\",\"name\":\"Smartcherry\",\"image\":{\"@type\":\"ImageObject\",\"inLanguage\":\"en-US\",\"@id\":\"https:\\\/\\\/smartcherry.cl\\\/wp-content\\\/uploads\\\/2022\\\/03\\\/smartcherry-admin-user-96x96.png\",\"url\":\"https:\\\/\\\/smartcherry.cl\\\/wp-content\\\/uploads\\\/2022\\\/03\\\/smartcherry-admin-user-96x96.png\",\"contentUrl\":\"https:\\\/\\\/smartcherry.cl\\\/wp-content\\\/uploads\\\/2022\\\/03\\\/smartcherry-admin-user-96x96.png\",\"caption\":\"Smartcherry\"},\"url\":\"https:\\\/\\\/smartcherry.cl\\\/en\\\/author\\\/smartcherry\\\/\"}]}<\/script>\n<!-- \/ Yoast SEO Premium plugin. -->","yoast_head_json":{"title":"\u00a1Suspendido! Invitan a agricultores afectados por inundaciones a participar de Conversatorio T\u00e9cnico - Smartcherry","robots":{"index":"index","follow":"follow","max-snippet":"max-snippet:-1","max-image-preview":"max-image-preview:large","max-video-preview":"max-video-preview:-1"},"canonical":"https:\/\/smartcherry.cl\/en\/eventos\/invitan-a-agricultores-afectados-por-inundaciones-a-participar-de-conversatorio-tecnico\/","og_locale":"en_US","og_type":"article","og_title":"\u00a1Suspendido! Invitan a agricultores afectados por inundaciones a participar de Conversatorio T\u00e9cnico","og_description":"Con el prop\u00f3sito de atender las necesidades de los agricultores de la regi\u00f3n del Maule, la Fundaci\u00f3n para la Innovaci\u00f3n Agraria (FIA), agencia de Innovaci\u00f3n del Ministerio de Agricultura, organiz\u00f3 [&hellip;]","og_url":"https:\/\/smartcherry.cl\/en\/eventos\/invitan-a-agricultores-afectados-por-inundaciones-a-participar-de-conversatorio-tecnico\/","og_site_name":"Smartcherry","article_publisher":"https:\/\/web.facebook.com\/SmartCherry.cl\/","article_published_time":"2023-08-21T14:12:06+00:00","article_modified_time":"2023-08-22T20:15:56+00:00","og_image":[{"width":1600,"height":1200,"url":"https:\/\/smartcherry.cl\/wp-content\/uploads\/2023\/08\/cultivos-inundados-2.jpeg","type":"image\/jpeg"}],"author":"Smartcherry","twitter_card":"summary_large_image","twitter_creator":"@SmartCherry_cl","twitter_site":"@SmartCherry_cl","twitter_misc":{"Written by":"Smartcherry","Est. reading time":"3 minutes"},"schema":{"@context":"https:\/\/schema.org","@graph":[{"@type":"Article","@id":"https:\/\/smartcherry.cl\/eventos\/invitan-a-agricultores-afectados-por-inundaciones-a-participar-de-conversatorio-tecnico\/#article","isPartOf":{"@id":"https:\/\/smartcherry.cl\/eventos\/invitan-a-agricultores-afectados-por-inundaciones-a-participar-de-conversatorio-tecnico\/"},"author":{"name":"Smartcherry","@id":"https:\/\/smartcherry.cl\/#\/schema\/person\/cc5ad3fbb76cc15ccfacf38ce0684864"},"headline":"\u00a1Suspendido! Invitan a agricultores afectados por inundaciones a participar de Conversatorio T\u00e9cnico","datePublished":"2023-08-21T14:12:06+00:00","dateModified":"2023-08-22T20:15:56+00:00","mainEntityOfPage":{"@id":"https:\/\/smartcherry.cl\/eventos\/invitan-a-agricultores-afectados-por-inundaciones-a-participar-de-conversatorio-tecnico\/"},"wordCount":424,"publisher":{"@id":"https:\/\/smartcherry.cl\/#organization"},"image":{"@id":"https:\/\/smartcherry.cl\/eventos\/invitan-a-agricultores-afectados-por-inundaciones-a-participar-de-conversatorio-tecnico\/#primaryimage"},"thumbnailUrl":"https:\/\/smartcherry.cl\/wp-content\/uploads\/2023\/08\/cultivos-inundados-2.jpeg","keywords":["inundaciones","Conversatorio t\u00e9cnico"],"articleSection":["Eventos"],"inLanguage":"en-US"},{"@type":"WebPage","@id":"https:\/\/smartcherry.cl\/eventos\/invitan-a-agricultores-afectados-por-inundaciones-a-participar-de-conversatorio-tecnico\/","url":"https:\/\/smartcherry.cl\/eventos\/invitan-a-agricultores-afectados-por-inundaciones-a-participar-de-conversatorio-tecnico\/","name":"\u00a1Suspendido! Invitan a agricultores afectados por inundaciones a participar de Conversatorio T\u00e9cnico - Smartcherry","isPartOf":{"@id":"https:\/\/smartcherry.cl\/#website"},"primaryImageOfPage":{"@id":"https:\/\/smartcherry.cl\/eventos\/invitan-a-agricultores-afectados-por-inundaciones-a-participar-de-conversatorio-tecnico\/#primaryimage"},"image":{"@id":"https:\/\/smartcherry.cl\/eventos\/invitan-a-agricultores-afectados-por-inundaciones-a-participar-de-conversatorio-tecnico\/#primaryimage"},"thumbnailUrl":"https:\/\/smartcherry.cl\/wp-content\/uploads\/2023\/08\/cultivos-inundados-2.jpeg","datePublished":"2023-08-21T14:12:06+00:00","dateModified":"2023-08-22T20:15:56+00:00","breadcrumb":{"@id":"https:\/\/smartcherry.cl\/eventos\/invitan-a-agricultores-afectados-por-inundaciones-a-participar-de-conversatorio-tecnico\/#breadcrumb"},"inLanguage":"en-US","potentialAction":[{"@type":"ReadAction","target":["https:\/\/smartcherry.cl\/eventos\/invitan-a-agricultores-afectados-por-inundaciones-a-participar-de-conversatorio-tecnico\/"]}]},{"@type":"ImageObject","inLanguage":"en-US","@id":"https:\/\/smartcherry.cl\/eventos\/invitan-a-agricultores-afectados-por-inundaciones-a-participar-de-conversatorio-tecnico\/#primaryimage","url":"https:\/\/smartcherry.cl\/wp-content\/uploads\/2023\/08\/cultivos-inundados-2.jpeg","contentUrl":"https:\/\/smartcherry.cl\/wp-content\/uploads\/2023\/08\/cultivos-inundados-2.jpeg","width":1600,"height":1200},{"@type":"BreadcrumbList","@id":"https:\/\/smartcherry.cl\/eventos\/invitan-a-agricultores-afectados-por-inundaciones-a-participar-de-conversatorio-tecnico\/#breadcrumb","itemListElement":[{"@type":"ListItem","position":1,"name":"Home","item":"https:\/\/smartcherry.cl\/"},{"@type":"ListItem","position":2,"name":"Eventos","item":"https:\/\/smartcherry.cl\/category\/eventos\/"},{"@type":"ListItem","position":3,"name":"\u00a1Suspendido! Invitan a agricultores afectados por inundaciones a participar de Conversatorio T\u00e9cnico"}]},{"@type":"WebSite","@id":"https:\/\/smartcherry.cl\/#website","url":"https:\/\/smartcherry.cl\/","name":"Smartcherry","description":"Smartcherry Site","publisher":{"@id":"https:\/\/smartcherry.cl\/#organization"},"potentialAction":[{"@type":"SearchAction","target":{"@type":"EntryPoint","urlTemplate":"https:\/\/smartcherry.cl\/?s={search_term_string}"},"query-input":{"@type":"PropertyValueSpecification","valueRequired":true,"valueName":"search_term_string"}}],"inLanguage":"en-US"},{"@type":"Organization","@id":"https:\/\/smartcherry.cl\/#organization","name":"SmartCherry","url":"https:\/\/smartcherry.cl\/","logo":{"@type":"ImageObject","inLanguage":"en-US","@id":"https:\/\/smartcherry.cl\/#\/schema\/logo\/image\/","url":"https:\/\/smartcherry.cl\/wp-content\/uploads\/2022\/02\/logo_smartcherry.png","contentUrl":"https:\/\/smartcherry.cl\/wp-content\/uploads\/2022\/02\/logo_smartcherry.png","width":411,"height":84,"caption":"SmartCherry"},"image":{"@id":"https:\/\/smartcherry.cl\/#\/schema\/logo\/image\/"},"sameAs":["https:\/\/web.facebook.com\/SmartCherry.cl\/","https:\/\/x.com\/SmartCherry_cl","https:\/\/www.linkedin.com\/company\/smartcherry\/","https:\/\/www.instagram.com\/smartcherry_cl\/","https:\/\/www.youtube.com\/channel\/UCe007LfgFFnntDgCcqICbPQ"]},{"@type":"Person","@id":"https:\/\/smartcherry.cl\/#\/schema\/person\/cc5ad3fbb76cc15ccfacf38ce0684864","name":"Smartcherry","image":{"@type":"ImageObject","inLanguage":"en-US","@id":"https:\/\/smartcherry.cl\/wp-content\/uploads\/2022\/03\/smartcherry-admin-user-96x96.png","url":"https:\/\/smartcherry.cl\/wp-content\/uploads\/2022\/03\/smartcherry-admin-user-96x96.png","contentUrl":"https:\/\/smartcherry.cl\/wp-content\/uploads\/2022\/03\/smartcherry-admin-user-96x96.png","caption":"Smartcherry"},"url":"https:\/\/smartcherry.cl\/en\/author\/smartcherry\/"}]}},"_links":{"self":[{"href":"https:\/\/smartcherry.cl\/en\/wp-json\/wp\/v2\/posts\/25491","targetHints":{"allow":["GET"]}}],"collection":[{"href":"https:\/\/smartcherry.cl\/en\/wp-json\/wp\/v2\/posts"}],"about":[{"href":"https:\/\/smartcherry.cl\/en\/wp-json\/wp\/v2\/types\/post"}],"author":[{"embeddable":true,"href":"https:\/\/smartcherry.cl\/en\/wp-json\/wp\/v2\/users\/224"}],"replies":[{"embeddable":true,"href":"https:\/\/smartcherry.cl\/en\/wp-json\/wp\/v2\/comments?post=25491"}],"version-history":[{"count":0,"href":"https:\/\/smartcherry.cl\/en\/wp-json\/wp\/v2\/posts\/25491\/revisions"}],"wp:featuredmedia":[{"embeddable":true,"href":"https:\/\/smartcherry.cl\/en\/wp-json\/wp\/v2\/media\/25493"}],"wp:attachment":[{"href":"https:\/\/smartcherry.cl\/en\/wp-json\/wp\/v2\/media?parent=25491"}],"wp:term":[{"taxonomy":"category","embeddable":true,"href":"https:\/\/smartcherry.cl\/en\/wp-json\/wp\/v2\/categories?post=25491"},{"taxonomy":"post_tag","embeddable":true,"href":"https:\/\/smartcherry.cl\/en\/wp-json\/wp\/v2\/tags?post=25491"},{"taxonomy":"category_proveedor","embeddable":true,"href":"https:\/\/smartcherry.cl\/en\/wp-json\/wp\/v2\/category_proveedor?post=25491"},{"taxonomy":"pais","embeddable":true,"href":"https:\/\/smartcherry.cl\/en\/wp-json\/wp\/v2\/pais?post=25491"}],"curies":[{"name":"wp","href":"https:\/\/api.w.org\/{rel}","templated":true}]}}