{"id":25227,"date":"2023-08-07T12:27:19","date_gmt":"2023-08-07T15:27:19","guid":{"rendered":"https:\/\/smartcherry.cl\/?p=25227"},"modified":"2023-08-07T12:35:16","modified_gmt":"2023-08-07T15:35:16","slug":"partners-de-smartcherry-dijeron-presente-en-agricultural-water-summit","status":"publish","type":"post","link":"https:\/\/smartcherry.cl\/en\/noticias\/partners-de-smartcherry-dijeron-presente-en-agricultural-water-summit\/","title":{"rendered":"Smartcherry Partners were present at the Agricultural Water Summit"},"content":{"rendered":"<p>On August 3, a new version of the Agricultural Water Summit (AWS) was held at the Sun Monticello Conference Center. The event brought together the most relevant speakers on water and how to deal with water scarcity and was attended by more than 650 people.<\/p>\n\n\n\n<figure class=\"wp-block-image alignright size-large is-resized\"><img fetchpriority=\"high\" decoding=\"async\" src=\"https:\/\/smartcherry.cl\/wp-content\/uploads\/2023\/08\/WhatsApp-Image-2023-08-07-at-11.24.38-768x1024.jpeg\" alt=\"\" class=\"wp-image-25235\" width=\"299\" height=\"399\" srcset=\"https:\/\/smartcherry.cl\/wp-content\/uploads\/2023\/08\/WhatsApp-Image-2023-08-07-at-11.24.38-768x1024.jpeg 768w, https:\/\/smartcherry.cl\/wp-content\/uploads\/2023\/08\/WhatsApp-Image-2023-08-07-at-11.24.38-225x300.jpeg 225w, https:\/\/smartcherry.cl\/wp-content\/uploads\/2023\/08\/WhatsApp-Image-2023-08-07-at-11.24.38-1152x1536.jpeg 1152w, https:\/\/smartcherry.cl\/wp-content\/uploads\/2023\/08\/WhatsApp-Image-2023-08-07-at-11.24.38.jpeg 1200w\" sizes=\"(max-width: 299px) 100vw, 299px\" \/><\/figure>\n\n\n\n<p>In addition, Water Summit included a stand area where our partners were present, showcasing their solutions and products for the agroindustry.\u00a0<\/p>\n\n\n\n<p><em>\u201cIt is a very good opportunity to put the water issue on the table. We have been suffering from it for quite some time, so I think it is a responsibility to be involved with the water issue and with this type of activity so that the industry knows the tools that exist to address these challenges, to quantify, measure, supervise, have numbers, have information to make decisions on an issue that is becoming more and more sensitive.\u201d<\/em>, said Gabriel Gajardo, Commercial Director of AG Business and partner of Smartcherry.<\/p>\n\n\n\n<figure class=\"wp-block-image alignleft size-large is-resized\"><img decoding=\"async\" src=\"https:\/\/smartcherry.cl\/wp-content\/uploads\/2023\/08\/WhatsApp-Image-2023-08-07-at-11.24.39-768x1024.jpeg\" alt=\"\" class=\"wp-image-25236\" width=\"246\" height=\"328\" srcset=\"https:\/\/smartcherry.cl\/wp-content\/uploads\/2023\/08\/WhatsApp-Image-2023-08-07-at-11.24.39-768x1024.jpeg 768w, https:\/\/smartcherry.cl\/wp-content\/uploads\/2023\/08\/WhatsApp-Image-2023-08-07-at-11.24.39-225x300.jpeg 225w, https:\/\/smartcherry.cl\/wp-content\/uploads\/2023\/08\/WhatsApp-Image-2023-08-07-at-11.24.39-1152x1536.jpeg 1152w, https:\/\/smartcherry.cl\/wp-content\/uploads\/2023\/08\/WhatsApp-Image-2023-08-07-at-11.24.39.jpeg 1200w\" sizes=\"(max-width: 246px) 100vw, 246px\" \/><\/figure>\n\n\n\n<p>AWS was the epicenter of discussion and analysis where experts from different areas of the agricultural sector, industry leaders, companies and countries met to discuss the current situation and future challenges related to water.\u00a0<\/p>\n\n\n\n<p><em>\u201cIt is very important, since it is an event, in particular, focused on water; those who have needs regarding water, one option is to attack the water demand, to see if one can reduce water consumption, where there are many companies linked here looking at irrigation sensors and another way is to see the availability of water, and that is what we do, to see if a field with water needs can be irrigated with groundwater. That is what we are looking for here, people who are facing this problem,\u201d\u00a0<\/em> said Daniel Cabrera, Commercial Manager of Aquadetect.<\/p>\n\n\n\n<figure class=\"wp-block-image alignright size-large is-resized\"><img decoding=\"async\" src=\"https:\/\/smartcherry.cl\/wp-content\/uploads\/2023\/08\/WhatsApp-Image-2023-08-07-at-11.24.37-2-768x1024.jpeg\" alt=\"\" class=\"wp-image-25234\" width=\"352\" height=\"469\" srcset=\"https:\/\/smartcherry.cl\/wp-content\/uploads\/2023\/08\/WhatsApp-Image-2023-08-07-at-11.24.37-2-768x1024.jpeg 768w, https:\/\/smartcherry.cl\/wp-content\/uploads\/2023\/08\/WhatsApp-Image-2023-08-07-at-11.24.37-2-225x300.jpeg 225w, https:\/\/smartcherry.cl\/wp-content\/uploads\/2023\/08\/WhatsApp-Image-2023-08-07-at-11.24.37-2-1152x1536.jpeg 1152w, https:\/\/smartcherry.cl\/wp-content\/uploads\/2023\/08\/WhatsApp-Image-2023-08-07-at-11.24.37-2.jpeg 1200w\" sizes=\"(max-width: 352px) 100vw, 352px\" \/><\/figure>\n\n\n\n<p>Ceres, an aerial imaging company that offers irrigation management solutions to help farmers improve profitability and which recently joined Smartcherry, was another of the 40 companies present at the Agricultural Water Summit.<\/p>\n\n\n\n<p><\/p>\n\n\n\n<p><em>\u201cFor Ceres, all water resources are important. So we want to show producers in Chile that with aerial images you can work better in the fields and be able to use resources in a better way. (This event is) extremely relevant, it is the public we are looking for, it is the producer who has problems or can realize that he has problems in the field or it is the producer who wants to understand that today resources are scarce and that they must be used in a better way,\u201d <\/em>\u00a0said Vicente Traviesa, Account Manager for Latin America at Ceres Imaging.<\/p>\n\n\n\n<figure class=\"wp-block-image alignleft size-large is-resized\"><img loading=\"lazy\" decoding=\"async\" src=\"https:\/\/smartcherry.cl\/wp-content\/uploads\/2023\/08\/WhatsApp-Image-2023-08-07-at-11.24.37-768x1024.jpeg\" alt=\"\" class=\"wp-image-25232\" width=\"322\" height=\"430\" srcset=\"https:\/\/smartcherry.cl\/wp-content\/uploads\/2023\/08\/WhatsApp-Image-2023-08-07-at-11.24.37-768x1024.jpeg 768w, https:\/\/smartcherry.cl\/wp-content\/uploads\/2023\/08\/WhatsApp-Image-2023-08-07-at-11.24.37-225x300.jpeg 225w, https:\/\/smartcherry.cl\/wp-content\/uploads\/2023\/08\/WhatsApp-Image-2023-08-07-at-11.24.37-1152x1536.jpeg 1152w, https:\/\/smartcherry.cl\/wp-content\/uploads\/2023\/08\/WhatsApp-Image-2023-08-07-at-11.24.37.jpeg 1200w\" sizes=\"(max-width: 322px) 100vw, 322px\" \/><\/figure>\n\n\n\n<p>Corteva, for its part, also participated in the Agricultural Water Summit, an event that is in line with the company&#039;s commitment.<\/p>\n\n\n\n<p><em>\u201cIt is very important for Corteva to participate in Water Summit because Corteva is concerned about sustainability. Not only in production, but in people, the ecosystem, how we generate value on a global level, not just staying in the small. So climate change, environmental change is fundamental in a company like this, in addition, it is (an event) fundamental and there are many producers who are updating themselves on these issues, because technology is key to staying in time, in a sustainable and sustainable way,\u201d<\/em> said Elisa Cabrera, Market Developer VI Corteva region.<\/p>\n\n\n\n<figure class=\"wp-block-image alignright size-large is-resized\"><img loading=\"lazy\" decoding=\"async\" src=\"https:\/\/smartcherry.cl\/wp-content\/uploads\/2023\/08\/WhatsApp-Image-2023-08-07-at-11.24.35-768x1024.jpeg\" alt=\"\" class=\"wp-image-25230\" width=\"342\" height=\"456\" srcset=\"https:\/\/smartcherry.cl\/wp-content\/uploads\/2023\/08\/WhatsApp-Image-2023-08-07-at-11.24.35-768x1024.jpeg 768w, https:\/\/smartcherry.cl\/wp-content\/uploads\/2023\/08\/WhatsApp-Image-2023-08-07-at-11.24.35-225x300.jpeg 225w, https:\/\/smartcherry.cl\/wp-content\/uploads\/2023\/08\/WhatsApp-Image-2023-08-07-at-11.24.35-1152x1536.jpeg 1152w, https:\/\/smartcherry.cl\/wp-content\/uploads\/2023\/08\/WhatsApp-Image-2023-08-07-at-11.24.35.jpeg 1200w\" sizes=\"(max-width: 342px) 100vw, 342px\" \/><\/figure>\n\n\n\n<p>Innovak, a company with extensive experience in radical biostimulation, was another of Smartcherry&#039;s partners that was present at AWS; Sergio Osorio, Regional Leader of Innovak Global, referred to the relevance of participating in the important event.<\/p>\n\n\n\n<p><strong><em>\u201c<\/em><\/strong><em>Our product line is biostimulation, so in a way it might not be understood why we are working with lines linked to water use efficiency, but our product, which is a soil conditioner called Promesol, thanks to the experiences we have had with the farmers themselves, has shown us that by flocculating the soil and flocculating in the way the product does, we have been able to improve the efficiency in water use, saving irrigation time as well as making irrigation more effective, that is, watering the same amount but making a better distribution and depth of application.\u201d<\/em><\/p>\n\n\n\n<figure class=\"wp-block-image alignleft size-large is-resized\"><img loading=\"lazy\" decoding=\"async\" src=\"https:\/\/smartcherry.cl\/wp-content\/uploads\/2023\/08\/WhatsApp-Image-2023-08-07-at-11.24.36-588x1024.jpeg\" alt=\"\" class=\"wp-image-25237\" width=\"278\" height=\"484\" srcset=\"https:\/\/smartcherry.cl\/wp-content\/uploads\/2023\/08\/WhatsApp-Image-2023-08-07-at-11.24.36-588x1024.jpeg 588w, https:\/\/smartcherry.cl\/wp-content\/uploads\/2023\/08\/WhatsApp-Image-2023-08-07-at-11.24.36-172x300.jpeg 172w, https:\/\/smartcherry.cl\/wp-content\/uploads\/2023\/08\/WhatsApp-Image-2023-08-07-at-11.24.36-768x1337.jpeg 768w, https:\/\/smartcherry.cl\/wp-content\/uploads\/2023\/08\/WhatsApp-Image-2023-08-07-at-11.24.36-882x1536.jpeg 882w, https:\/\/smartcherry.cl\/wp-content\/uploads\/2023\/08\/WhatsApp-Image-2023-08-07-at-11.24.36.jpeg 919w\" sizes=\"(max-width: 278px) 100vw, 278px\" \/><\/figure>\n\n\n\n<p>Among other topics, the Agricultural Water Summit analyzed international experience and success stories in dealing with drought and ensuring water security by 2050, providing innovative solutions and cutting-edge technology that is already being used for the management, preservation and reuse of water in agriculture.<\/p>\n\n\n\n<p>In this context, Caio Vechiato, director of operations for Latin America at AgroFresh, said: <em>\u201cWater is a precious commodity that is limited and AgroFresh is committed to the sustainability of our clients and water conservation. Our equipment can save a lot of water consumption in the industry and we have a lot to contribute. This is very important and is a priority for AgroFresh,\u201d <\/em>he commented.<br><\/p>\n\n\n\n<p><\/p>\n\n\n\n<p>Finally, WiseConn also referred to the event that brought together the agroindustry around the challenge of facing the water crisis and achieving more sustainable agriculture: <em>\u201cWe are very happy to participate in Water Summit 2023 with our company that monitors and controls irrigation, and the idea is that we want to promote more sustainable agriculture with efficient use of water,\u201d<\/em> concluded Karina Alegr\u00eda, Marketing Specialist Latam at WiseConn.<\/p>\n\n\n\n<figure class=\"wp-block-image aligncenter size-large is-resized\"><img loading=\"lazy\" decoding=\"async\" src=\"https:\/\/smartcherry.cl\/wp-content\/uploads\/2023\/08\/WhatsApp-Image-2023-08-07-at-11.24.37-1-768x1024.jpeg\" alt=\"\" class=\"wp-image-25233\" width=\"377\" height=\"503\" srcset=\"https:\/\/smartcherry.cl\/wp-content\/uploads\/2023\/08\/WhatsApp-Image-2023-08-07-at-11.24.37-1-768x1024.jpeg 768w, https:\/\/smartcherry.cl\/wp-content\/uploads\/2023\/08\/WhatsApp-Image-2023-08-07-at-11.24.37-1-225x300.jpeg 225w, https:\/\/smartcherry.cl\/wp-content\/uploads\/2023\/08\/WhatsApp-Image-2023-08-07-at-11.24.37-1-1152x1536.jpeg 1152w, https:\/\/smartcherry.cl\/wp-content\/uploads\/2023\/08\/WhatsApp-Image-2023-08-07-at-11.24.37-1.jpeg 1200w\" sizes=\"(max-width: 377px) 100vw, 377px\" \/><\/figure>","protected":false},"excerpt":{"rendered":"<p>El 3 de agosto se llev\u00f3 a cabo una nueva versi\u00f3n de Agricultural Water Summit (AWS), en el Centro de Conferencias Sun Monticello. El evento reuni\u00f3 a los m\u00e1s relevantes [&hellip;]<\/p>\n","protected":false},"author":239,"featured_media":25228,"comment_status":"closed","ping_status":"open","sticky":false,"template":"","format":"standard","meta":{"_acf_changed":false,"inline_featured_image":false,"footnotes":""},"categories":[2631,35],"tags":[1367,3001],"category_proveedor":[],"pais":[],"class_list":["post-25227","post","type-post","status-publish","format-standard","has-post-thumbnail","hentry","category-eventos","category-noticias","tag-proveedores","tag-agricultural-water-summit-2023"],"acf":[],"yoast_head":"<!-- This site is optimized with the Yoast SEO Premium plugin v21.3 (Yoast SEO v27.3) - https:\/\/yoast.com\/product\/yoast-seo-premium-wordpress\/ -->\n<title>Partners de Smartcherry dijeron presente en Agricultural Water Summit - Smartcherry<\/title>\n<meta name=\"robots\" content=\"index, follow, max-snippet:-1, max-image-preview:large, max-video-preview:-1\" \/>\n<link rel=\"canonical\" href=\"https:\/\/smartcherry.cl\/en\/noticias\/partners-de-smartcherry-dijeron-presente-en-agricultural-water-summit\/\" \/>\n<meta property=\"og:locale\" content=\"en_US\" \/>\n<meta property=\"og:type\" content=\"article\" \/>\n<meta property=\"og:title\" content=\"Partners de Smartcherry dijeron presente en Agricultural Water Summit\" \/>\n<meta property=\"og:description\" content=\"El 3 de agosto se llev\u00f3 a cabo una nueva versi\u00f3n de Agricultural Water Summit (AWS), en el Centro de Conferencias Sun Monticello. El evento reuni\u00f3 a los m\u00e1s relevantes [&hellip;]\" \/>\n<meta property=\"og:url\" content=\"https:\/\/smartcherry.cl\/en\/noticias\/partners-de-smartcherry-dijeron-presente-en-agricultural-water-summit\/\" \/>\n<meta property=\"og:site_name\" content=\"Smartcherry\" \/>\n<meta property=\"article:publisher\" content=\"https:\/\/web.facebook.com\/SmartCherry.cl\/\" \/>\n<meta property=\"article:published_time\" content=\"2023-08-07T15:27:19+00:00\" \/>\n<meta property=\"article:modified_time\" content=\"2023-08-07T15:35:16+00:00\" \/>\n<meta property=\"og:image\" content=\"https:\/\/smartcherry.cl\/wp-content\/uploads\/2023\/08\/WhatsApp-Image-2023-08-07-at-11.23.04.jpeg\" \/>\n\t<meta property=\"og:image:width\" content=\"1024\" \/>\n\t<meta property=\"og:image:height\" content=\"768\" \/>\n\t<meta property=\"og:image:type\" content=\"image\/jpeg\" \/>\n<meta name=\"author\" content=\"Andrea Garrido\" \/>\n<meta name=\"twitter:card\" content=\"summary_large_image\" \/>\n<meta name=\"twitter:creator\" content=\"@SmartCherry_cl\" \/>\n<meta name=\"twitter:site\" content=\"@SmartCherry_cl\" \/>\n<meta name=\"twitter:label1\" content=\"Written by\" \/>\n\t<meta name=\"twitter:data1\" content=\"Andrea Garrido\" \/>\n\t<meta name=\"twitter:label2\" content=\"Est. reading time\" \/>\n\t<meta name=\"twitter:data2\" content=\"6 minutes\" \/>\n<script type=\"application\/ld+json\" class=\"yoast-schema-graph\">{\"@context\":\"https:\\\/\\\/schema.org\",\"@graph\":[{\"@type\":\"Article\",\"@id\":\"https:\\\/\\\/smartcherry.cl\\\/noticias\\\/partners-de-smartcherry-dijeron-presente-en-agricultural-water-summit\\\/#article\",\"isPartOf\":{\"@id\":\"https:\\\/\\\/smartcherry.cl\\\/noticias\\\/partners-de-smartcherry-dijeron-presente-en-agricultural-water-summit\\\/\"},\"author\":{\"name\":\"Andrea Garrido\",\"@id\":\"https:\\\/\\\/smartcherry.cl\\\/#\\\/schema\\\/person\\\/8af97e16113dce4b990e1e4cec380025\"},\"headline\":\"Partners de Smartcherry dijeron presente en Agricultural Water Summit\",\"datePublished\":\"2023-08-07T15:27:19+00:00\",\"dateModified\":\"2023-08-07T15:35:16+00:00\",\"mainEntityOfPage\":{\"@id\":\"https:\\\/\\\/smartcherry.cl\\\/noticias\\\/partners-de-smartcherry-dijeron-presente-en-agricultural-water-summit\\\/\"},\"wordCount\":969,\"publisher\":{\"@id\":\"https:\\\/\\\/smartcherry.cl\\\/#organization\"},\"image\":{\"@id\":\"https:\\\/\\\/smartcherry.cl\\\/noticias\\\/partners-de-smartcherry-dijeron-presente-en-agricultural-water-summit\\\/#primaryimage\"},\"thumbnailUrl\":\"https:\\\/\\\/smartcherry.cl\\\/wp-content\\\/uploads\\\/2023\\\/08\\\/WhatsApp-Image-2023-08-07-at-11.23.04.jpeg\",\"keywords\":[\"proveedores\",\"Agricultural Water Summit 2023\"],\"articleSection\":[\"Eventos\",\"Noticias\"],\"inLanguage\":\"en-US\"},{\"@type\":\"WebPage\",\"@id\":\"https:\\\/\\\/smartcherry.cl\\\/noticias\\\/partners-de-smartcherry-dijeron-presente-en-agricultural-water-summit\\\/\",\"url\":\"https:\\\/\\\/smartcherry.cl\\\/noticias\\\/partners-de-smartcherry-dijeron-presente-en-agricultural-water-summit\\\/\",\"name\":\"Partners de Smartcherry dijeron presente en Agricultural Water Summit - Smartcherry\",\"isPartOf\":{\"@id\":\"https:\\\/\\\/smartcherry.cl\\\/#website\"},\"primaryImageOfPage\":{\"@id\":\"https:\\\/\\\/smartcherry.cl\\\/noticias\\\/partners-de-smartcherry-dijeron-presente-en-agricultural-water-summit\\\/#primaryimage\"},\"image\":{\"@id\":\"https:\\\/\\\/smartcherry.cl\\\/noticias\\\/partners-de-smartcherry-dijeron-presente-en-agricultural-water-summit\\\/#primaryimage\"},\"thumbnailUrl\":\"https:\\\/\\\/smartcherry.cl\\\/wp-content\\\/uploads\\\/2023\\\/08\\\/WhatsApp-Image-2023-08-07-at-11.23.04.jpeg\",\"datePublished\":\"2023-08-07T15:27:19+00:00\",\"dateModified\":\"2023-08-07T15:35:16+00:00\",\"breadcrumb\":{\"@id\":\"https:\\\/\\\/smartcherry.cl\\\/noticias\\\/partners-de-smartcherry-dijeron-presente-en-agricultural-water-summit\\\/#breadcrumb\"},\"inLanguage\":\"en-US\",\"potentialAction\":[{\"@type\":\"ReadAction\",\"target\":[\"https:\\\/\\\/smartcherry.cl\\\/noticias\\\/partners-de-smartcherry-dijeron-presente-en-agricultural-water-summit\\\/\"]}]},{\"@type\":\"ImageObject\",\"inLanguage\":\"en-US\",\"@id\":\"https:\\\/\\\/smartcherry.cl\\\/noticias\\\/partners-de-smartcherry-dijeron-presente-en-agricultural-water-summit\\\/#primaryimage\",\"url\":\"https:\\\/\\\/smartcherry.cl\\\/wp-content\\\/uploads\\\/2023\\\/08\\\/WhatsApp-Image-2023-08-07-at-11.23.04.jpeg\",\"contentUrl\":\"https:\\\/\\\/smartcherry.cl\\\/wp-content\\\/uploads\\\/2023\\\/08\\\/WhatsApp-Image-2023-08-07-at-11.23.04.jpeg\",\"width\":1024,\"height\":768},{\"@type\":\"BreadcrumbList\",\"@id\":\"https:\\\/\\\/smartcherry.cl\\\/noticias\\\/partners-de-smartcherry-dijeron-presente-en-agricultural-water-summit\\\/#breadcrumb\",\"itemListElement\":[{\"@type\":\"ListItem\",\"position\":1,\"name\":\"Home\",\"item\":\"https:\\\/\\\/smartcherry.cl\\\/\"},{\"@type\":\"ListItem\",\"position\":2,\"name\":\"Noticias\",\"item\":\"https:\\\/\\\/smartcherry.cl\\\/category\\\/noticias\\\/\"},{\"@type\":\"ListItem\",\"position\":3,\"name\":\"Partners de Smartcherry dijeron presente en Agricultural Water Summit\"}]},{\"@type\":\"WebSite\",\"@id\":\"https:\\\/\\\/smartcherry.cl\\\/#website\",\"url\":\"https:\\\/\\\/smartcherry.cl\\\/\",\"name\":\"Smartcherry\",\"description\":\"Sitio de Smartcherry\",\"publisher\":{\"@id\":\"https:\\\/\\\/smartcherry.cl\\\/#organization\"},\"potentialAction\":[{\"@type\":\"SearchAction\",\"target\":{\"@type\":\"EntryPoint\",\"urlTemplate\":\"https:\\\/\\\/smartcherry.cl\\\/?s={search_term_string}\"},\"query-input\":{\"@type\":\"PropertyValueSpecification\",\"valueRequired\":true,\"valueName\":\"search_term_string\"}}],\"inLanguage\":\"en-US\"},{\"@type\":\"Organization\",\"@id\":\"https:\\\/\\\/smartcherry.cl\\\/#organization\",\"name\":\"SmartCherry\",\"url\":\"https:\\\/\\\/smartcherry.cl\\\/\",\"logo\":{\"@type\":\"ImageObject\",\"inLanguage\":\"en-US\",\"@id\":\"https:\\\/\\\/smartcherry.cl\\\/#\\\/schema\\\/logo\\\/image\\\/\",\"url\":\"https:\\\/\\\/smartcherry.cl\\\/wp-content\\\/uploads\\\/2022\\\/02\\\/logo_smartcherry.png\",\"contentUrl\":\"https:\\\/\\\/smartcherry.cl\\\/wp-content\\\/uploads\\\/2022\\\/02\\\/logo_smartcherry.png\",\"width\":411,\"height\":84,\"caption\":\"SmartCherry\"},\"image\":{\"@id\":\"https:\\\/\\\/smartcherry.cl\\\/#\\\/schema\\\/logo\\\/image\\\/\"},\"sameAs\":[\"https:\\\/\\\/web.facebook.com\\\/SmartCherry.cl\\\/\",\"https:\\\/\\\/x.com\\\/SmartCherry_cl\",\"https:\\\/\\\/www.linkedin.com\\\/company\\\/smartcherry\\\/\",\"https:\\\/\\\/www.instagram.com\\\/smartcherry_cl\\\/\",\"https:\\\/\\\/www.youtube.com\\\/channel\\\/UCe007LfgFFnntDgCcqICbPQ\"]},{\"@type\":\"Person\",\"@id\":\"https:\\\/\\\/smartcherry.cl\\\/#\\\/schema\\\/person\\\/8af97e16113dce4b990e1e4cec380025\",\"name\":\"Andrea Garrido\",\"image\":{\"@type\":\"ImageObject\",\"inLanguage\":\"en-US\",\"@id\":\"https:\\\/\\\/smartcherry.cl\\\/wp-content\\\/uploads\\\/2022\\\/03\\\/Andrea-Garrido-150x150.png\",\"url\":\"https:\\\/\\\/smartcherry.cl\\\/wp-content\\\/uploads\\\/2022\\\/03\\\/Andrea-Garrido-150x150.png\",\"contentUrl\":\"https:\\\/\\\/smartcherry.cl\\\/wp-content\\\/uploads\\\/2022\\\/03\\\/Andrea-Garrido-150x150.png\",\"caption\":\"Andrea Garrido\"},\"url\":\"https:\\\/\\\/smartcherry.cl\\\/en\\\/author\\\/agarrido\\\/\"}]}<\/script>\n<!-- \/ Yoast SEO Premium plugin. -->","yoast_head_json":{"title":"Partners de Smartcherry dijeron presente en Agricultural Water Summit - Smartcherry","robots":{"index":"index","follow":"follow","max-snippet":"max-snippet:-1","max-image-preview":"max-image-preview:large","max-video-preview":"max-video-preview:-1"},"canonical":"https:\/\/smartcherry.cl\/en\/noticias\/partners-de-smartcherry-dijeron-presente-en-agricultural-water-summit\/","og_locale":"en_US","og_type":"article","og_title":"Partners de Smartcherry dijeron presente en Agricultural Water Summit","og_description":"El 3 de agosto se llev\u00f3 a cabo una nueva versi\u00f3n de Agricultural Water Summit (AWS), en el Centro de Conferencias Sun Monticello. El evento reuni\u00f3 a los m\u00e1s relevantes [&hellip;]","og_url":"https:\/\/smartcherry.cl\/en\/noticias\/partners-de-smartcherry-dijeron-presente-en-agricultural-water-summit\/","og_site_name":"Smartcherry","article_publisher":"https:\/\/web.facebook.com\/SmartCherry.cl\/","article_published_time":"2023-08-07T15:27:19+00:00","article_modified_time":"2023-08-07T15:35:16+00:00","og_image":[{"width":1024,"height":768,"url":"https:\/\/smartcherry.cl\/wp-content\/uploads\/2023\/08\/WhatsApp-Image-2023-08-07-at-11.23.04.jpeg","type":"image\/jpeg"}],"author":"Andrea Garrido","twitter_card":"summary_large_image","twitter_creator":"@SmartCherry_cl","twitter_site":"@SmartCherry_cl","twitter_misc":{"Written by":"Andrea Garrido","Est. reading time":"6 minutes"},"schema":{"@context":"https:\/\/schema.org","@graph":[{"@type":"Article","@id":"https:\/\/smartcherry.cl\/noticias\/partners-de-smartcherry-dijeron-presente-en-agricultural-water-summit\/#article","isPartOf":{"@id":"https:\/\/smartcherry.cl\/noticias\/partners-de-smartcherry-dijeron-presente-en-agricultural-water-summit\/"},"author":{"name":"Andrea Garrido","@id":"https:\/\/smartcherry.cl\/#\/schema\/person\/8af97e16113dce4b990e1e4cec380025"},"headline":"Partners de Smartcherry dijeron presente en Agricultural Water Summit","datePublished":"2023-08-07T15:27:19+00:00","dateModified":"2023-08-07T15:35:16+00:00","mainEntityOfPage":{"@id":"https:\/\/smartcherry.cl\/noticias\/partners-de-smartcherry-dijeron-presente-en-agricultural-water-summit\/"},"wordCount":969,"publisher":{"@id":"https:\/\/smartcherry.cl\/#organization"},"image":{"@id":"https:\/\/smartcherry.cl\/noticias\/partners-de-smartcherry-dijeron-presente-en-agricultural-water-summit\/#primaryimage"},"thumbnailUrl":"https:\/\/smartcherry.cl\/wp-content\/uploads\/2023\/08\/WhatsApp-Image-2023-08-07-at-11.23.04.jpeg","keywords":["proveedores","Agricultural Water Summit 2023"],"articleSection":["Eventos","Noticias"],"inLanguage":"en-US"},{"@type":"WebPage","@id":"https:\/\/smartcherry.cl\/noticias\/partners-de-smartcherry-dijeron-presente-en-agricultural-water-summit\/","url":"https:\/\/smartcherry.cl\/noticias\/partners-de-smartcherry-dijeron-presente-en-agricultural-water-summit\/","name":"Partners de Smartcherry dijeron presente en Agricultural Water Summit - Smartcherry","isPartOf":{"@id":"https:\/\/smartcherry.cl\/#website"},"primaryImageOfPage":{"@id":"https:\/\/smartcherry.cl\/noticias\/partners-de-smartcherry-dijeron-presente-en-agricultural-water-summit\/#primaryimage"},"image":{"@id":"https:\/\/smartcherry.cl\/noticias\/partners-de-smartcherry-dijeron-presente-en-agricultural-water-summit\/#primaryimage"},"thumbnailUrl":"https:\/\/smartcherry.cl\/wp-content\/uploads\/2023\/08\/WhatsApp-Image-2023-08-07-at-11.23.04.jpeg","datePublished":"2023-08-07T15:27:19+00:00","dateModified":"2023-08-07T15:35:16+00:00","breadcrumb":{"@id":"https:\/\/smartcherry.cl\/noticias\/partners-de-smartcherry-dijeron-presente-en-agricultural-water-summit\/#breadcrumb"},"inLanguage":"en-US","potentialAction":[{"@type":"ReadAction","target":["https:\/\/smartcherry.cl\/noticias\/partners-de-smartcherry-dijeron-presente-en-agricultural-water-summit\/"]}]},{"@type":"ImageObject","inLanguage":"en-US","@id":"https:\/\/smartcherry.cl\/noticias\/partners-de-smartcherry-dijeron-presente-en-agricultural-water-summit\/#primaryimage","url":"https:\/\/smartcherry.cl\/wp-content\/uploads\/2023\/08\/WhatsApp-Image-2023-08-07-at-11.23.04.jpeg","contentUrl":"https:\/\/smartcherry.cl\/wp-content\/uploads\/2023\/08\/WhatsApp-Image-2023-08-07-at-11.23.04.jpeg","width":1024,"height":768},{"@type":"BreadcrumbList","@id":"https:\/\/smartcherry.cl\/noticias\/partners-de-smartcherry-dijeron-presente-en-agricultural-water-summit\/#breadcrumb","itemListElement":[{"@type":"ListItem","position":1,"name":"Home","item":"https:\/\/smartcherry.cl\/"},{"@type":"ListItem","position":2,"name":"Noticias","item":"https:\/\/smartcherry.cl\/category\/noticias\/"},{"@type":"ListItem","position":3,"name":"Partners de Smartcherry dijeron presente en Agricultural Water Summit"}]},{"@type":"WebSite","@id":"https:\/\/smartcherry.cl\/#website","url":"https:\/\/smartcherry.cl\/","name":"Smartcherry","description":"Smartcherry Site","publisher":{"@id":"https:\/\/smartcherry.cl\/#organization"},"potentialAction":[{"@type":"SearchAction","target":{"@type":"EntryPoint","urlTemplate":"https:\/\/smartcherry.cl\/?s={search_term_string}"},"query-input":{"@type":"PropertyValueSpecification","valueRequired":true,"valueName":"search_term_string"}}],"inLanguage":"en-US"},{"@type":"Organization","@id":"https:\/\/smartcherry.cl\/#organization","name":"SmartCherry","url":"https:\/\/smartcherry.cl\/","logo":{"@type":"ImageObject","inLanguage":"en-US","@id":"https:\/\/smartcherry.cl\/#\/schema\/logo\/image\/","url":"https:\/\/smartcherry.cl\/wp-content\/uploads\/2022\/02\/logo_smartcherry.png","contentUrl":"https:\/\/smartcherry.cl\/wp-content\/uploads\/2022\/02\/logo_smartcherry.png","width":411,"height":84,"caption":"SmartCherry"},"image":{"@id":"https:\/\/smartcherry.cl\/#\/schema\/logo\/image\/"},"sameAs":["https:\/\/web.facebook.com\/SmartCherry.cl\/","https:\/\/x.com\/SmartCherry_cl","https:\/\/www.linkedin.com\/company\/smartcherry\/","https:\/\/www.instagram.com\/smartcherry_cl\/","https:\/\/www.youtube.com\/channel\/UCe007LfgFFnntDgCcqICbPQ"]},{"@type":"Person","@id":"https:\/\/smartcherry.cl\/#\/schema\/person\/8af97e16113dce4b990e1e4cec380025","name":"Andrea Garrido","image":{"@type":"ImageObject","inLanguage":"en-US","@id":"https:\/\/smartcherry.cl\/wp-content\/uploads\/2022\/03\/Andrea-Garrido-150x150.png","url":"https:\/\/smartcherry.cl\/wp-content\/uploads\/2022\/03\/Andrea-Garrido-150x150.png","contentUrl":"https:\/\/smartcherry.cl\/wp-content\/uploads\/2022\/03\/Andrea-Garrido-150x150.png","caption":"Andrea Garrido"},"url":"https:\/\/smartcherry.cl\/en\/author\/agarrido\/"}]}},"_links":{"self":[{"href":"https:\/\/smartcherry.cl\/en\/wp-json\/wp\/v2\/posts\/25227","targetHints":{"allow":["GET"]}}],"collection":[{"href":"https:\/\/smartcherry.cl\/en\/wp-json\/wp\/v2\/posts"}],"about":[{"href":"https:\/\/smartcherry.cl\/en\/wp-json\/wp\/v2\/types\/post"}],"author":[{"embeddable":true,"href":"https:\/\/smartcherry.cl\/en\/wp-json\/wp\/v2\/users\/239"}],"replies":[{"embeddable":true,"href":"https:\/\/smartcherry.cl\/en\/wp-json\/wp\/v2\/comments?post=25227"}],"version-history":[{"count":0,"href":"https:\/\/smartcherry.cl\/en\/wp-json\/wp\/v2\/posts\/25227\/revisions"}],"wp:featuredmedia":[{"embeddable":true,"href":"https:\/\/smartcherry.cl\/en\/wp-json\/wp\/v2\/media\/25228"}],"wp:attachment":[{"href":"https:\/\/smartcherry.cl\/en\/wp-json\/wp\/v2\/media?parent=25227"}],"wp:term":[{"taxonomy":"category","embeddable":true,"href":"https:\/\/smartcherry.cl\/en\/wp-json\/wp\/v2\/categories?post=25227"},{"taxonomy":"post_tag","embeddable":true,"href":"https:\/\/smartcherry.cl\/en\/wp-json\/wp\/v2\/tags?post=25227"},{"taxonomy":"category_proveedor","embeddable":true,"href":"https:\/\/smartcherry.cl\/en\/wp-json\/wp\/v2\/category_proveedor?post=25227"},{"taxonomy":"pais","embeddable":true,"href":"https:\/\/smartcherry.cl\/en\/wp-json\/wp\/v2\/pais?post=25227"}],"curies":[{"name":"wp","href":"https:\/\/api.w.org\/{rel}","templated":true}]}}