{"id":24607,"date":"2023-07-24T16:46:52","date_gmt":"2023-07-24T19:46:52","guid":{"rendered":"https:\/\/smartcherry.cl\/?p=24607"},"modified":"2023-07-24T18:36:23","modified_gmt":"2023-07-24T21:36:23","slug":"trans-port-2023-el-congreso-y-exhibicion-internacional-mas-importante-del-sector-maritimo-portuario-de-chile","status":"publish","type":"post","link":"https:\/\/smartcherry.cl\/en\/eventos\/trans-port-2023-el-congreso-y-exhibicion-internacional-mas-importante-del-sector-maritimo-portuario-de-chile\/","title":{"rendered":"Trans-Port 2023: The most important international congress and exhibition of the maritime-port sector in Chile"},"content":{"rendered":"<p>On July 26, the most important international congress and exhibition of the maritime-port sector in Chile, Trans-Port 2023, will be held; the event is scheduled to take place on July 26, 2023 at the Metropolitan Santiago convention center, and this year it has brought together the maritime industry,<br>port and foreign trade logistics to reflect on the challenges of \u201cNet Zero \u2013 Digital:<br>\u201cBuilding new standards for a transport and foreign trade ecosystem.\u201d<\/p>\n\n\n\n<figure class=\"wp-block-image alignleft size-large is-resized\"><img fetchpriority=\"high\" decoding=\"async\" src=\"https:\/\/smartcherry.cl\/wp-content\/uploads\/2023\/07\/52435692280_4bd267757a_k-1-1-1024x683.jpg\" alt=\"\" class=\"wp-image-24669\" width=\"443\" height=\"295\" srcset=\"https:\/\/smartcherry.cl\/wp-content\/uploads\/2023\/07\/52435692280_4bd267757a_k-1-1-1024x683.jpg 1024w, https:\/\/smartcherry.cl\/wp-content\/uploads\/2023\/07\/52435692280_4bd267757a_k-1-1-300x200.jpg 300w, https:\/\/smartcherry.cl\/wp-content\/uploads\/2023\/07\/52435692280_4bd267757a_k-1-1-768x512.jpg 768w, https:\/\/smartcherry.cl\/wp-content\/uploads\/2023\/07\/52435692280_4bd267757a_k-1-1-1536x1024.jpg 1536w, https:\/\/smartcherry.cl\/wp-content\/uploads\/2023\/07\/52435692280_4bd267757a_k-1-1.jpg 1920w\" sizes=\"(max-width: 443px) 100vw, 443px\" \/><\/figure>\n\n\n\n<p>The conference programme includes the first plenary session, \u201cComprehensive challenges between logistics ecosystems, territories and the environment\u201d, which will feature two international speakers, representing the port and logistics cities of Barcelona and Rotterdam.<\/p>\n\n\n\n<p>The program will continue alternating six panels called \u201cTrans-Port Talks\u201d (3) and \u201cTrans-Port Dialogues\u201d (3) that will include keynote speakers that will reflect national and international advances, with reflections from experts in the sector, which will continue with rounds of questions coordinated by a moderator.<\/p>\n\n\n\n<p><br>Trans-Port talks will address three important topics of global impact for the industry<br>maritime-port: the transition process towards decarbonisation, cybersecurity in the<br>digital transformation, and the use of high-capacity simulators for planning<br>complex operations.<\/p>\n\n\n\n<p><br>For their part, the Trans-Port Dialogues develop the regulatory, digital and operational challenges<br>of the three main ecosystems that make up the international logistics chain of operations<br>maritime and land, with emphasis on the situation in Chile.<\/p>\n\n\n\n<p><br>The congress will end with a Networking meeting, where attendees will be able to exchange<br>ideas, opinions and establish business relationships and contact networks, being the ideal space<br>between supply and demand in the sector, discovering new opportunities for innovation and development<br>of the sector.<\/p>\n\n\n\n<p><strong>Authorities<\/strong><\/p>\n\n\n\n<figure class=\"wp-block-image alignright size-large is-resized\"><img decoding=\"async\" src=\"https:\/\/smartcherry.cl\/wp-content\/uploads\/2023\/07\/FubOmnHWYAEqwDG-1024x682.jpg\" alt=\"\" class=\"wp-image-24666\" width=\"483\" height=\"321\" srcset=\"https:\/\/smartcherry.cl\/wp-content\/uploads\/2023\/07\/FubOmnHWYAEqwDG-1024x682.jpg 1024w, https:\/\/smartcherry.cl\/wp-content\/uploads\/2023\/07\/FubOmnHWYAEqwDG-300x200.jpg 300w, https:\/\/smartcherry.cl\/wp-content\/uploads\/2023\/07\/FubOmnHWYAEqwDG-768x512.jpg 768w, https:\/\/smartcherry.cl\/wp-content\/uploads\/2023\/07\/FubOmnHWYAEqwDG-1536x1023.jpg 1536w, https:\/\/smartcherry.cl\/wp-content\/uploads\/2023\/07\/FubOmnHWYAEqwDG.jpg 1920w\" sizes=\"(max-width: 483px) 100vw, 483px\" \/><\/figure>\n\n\n\n<p>The congress will also feature the participation of the Minister of Transport and Telecommunications, Juan Carlos Mu\u00f1oz, who pledged his participation by thanking him for his role as Honorary President of the exhibition.<\/p>\n\n\n\n<p><em>\u201cWe are pleased to participate in this edition of Trans-Port 2023, an event that has established itself as<br>space for relationships between key public and private actors in the logistics sector and<br>port. For the same reason, it is a challenge to once again have the Honorary Presidency of this<br>meeting, where fundamental aspects of today and tomorrow of this industry will be addressed<br>important for Chile, such as the promotion of new businesses, coordination to improve<br>efficiency of the operation of logistics chains and strengthen the performance of our ports,\u201d<\/em><br>said the Minister of Transport and Telecommunications, Juan Carlos Mu\u00f1oz.<\/p>\n\n\n\n<p><br>Along the same lines, the Secretary of State added that <em>&quot;as Ministry of Transport and<br>Telecommunications we remain firmly committed to strengthening our system<br>logistics-port. To this end, we are advancing key policy initiatives;<br>Regulatory adaptation; planning of the necessary infrastructures throughout the entire chain<br>logistics; technological adaptation and coordination of the different public and private actors,<br>way to meet the challenges we face as a country.\u201d<\/em><\/p>\n\n\n\n<p><br>For his part, the deputy general manager of FISA, Rodrigo Lobo, thanked the support of the highest<br>Government representative in matters of maritime transport and logistics in the country. \u201c<em>We are<br>Happy to have the support and backing of Minister Juan Carlos Mu\u00f1oz, in this meeting that<br>It will be a space for collaboration for business relationships and to be able to discuss the<br>contingency and the future of the industry.\u201d<\/em><\/p>\n\n\n\n<p><br>Additionally, Lobo stated <em>&quot;We want to bring together the exponents of the sector that will help<br>boost trade, job creation, being a boost in the economic recovery of the<br>country through new businesses and the relationship between the various areas of the maritime sector-<br>port, both nationally and internationally.\u201d<\/em><\/p>\n\n\n\n<p><br>The new version of Trans-Port 2023 will have representatives from Europe, coming from<br>countries such as Denmark, Spain, Germany, France and the Netherlands. From America, the event<br>highlights representatives from the United States, Brazil and Uruguay, among others.<\/p>","protected":false},"excerpt":{"rendered":"<p>The international meeting represents an opportunity for the development of the sector, public-private relations, and the analysis of the current maritime port world.<\/p>","protected":false},"author":224,"featured_media":24668,"comment_status":"closed","ping_status":"open","sticky":false,"template":"","format":"standard","meta":{"_acf_changed":false,"inline_featured_image":false,"footnotes":""},"categories":[2631,392],"tags":[2964,2965,2967],"category_proveedor":[],"pais":[],"class_list":["post-24607","post","type-post","status-publish","format-standard","has-post-thumbnail","hentry","category-eventos","category-logistica","tag-trans-port-2023","tag-fisa","tag-rodrigo-lobo"],"acf":[],"yoast_head":"<!-- This site is optimized with the Yoast SEO Premium plugin v21.3 (Yoast SEO v27.3) - https:\/\/yoast.com\/product\/yoast-seo-premium-wordpress\/ -->\n<title>Trans-Port 2023: El\u00a0congreso\u00a0y exhibici\u00f3n\u00a0internacional\u00a0m\u00e1s importante del sector mar\u00edtimo \u2013 portuario de Chile - Smartcherry<\/title>\n<meta name=\"robots\" content=\"index, follow, max-snippet:-1, max-image-preview:large, max-video-preview:-1\" \/>\n<link rel=\"canonical\" href=\"https:\/\/smartcherry.cl\/en\/eventos\/trans-port-2023-el-congreso-y-exhibicion-internacional-mas-importante-del-sector-maritimo-portuario-de-chile\/\" \/>\n<meta property=\"og:locale\" content=\"en_US\" \/>\n<meta property=\"og:type\" content=\"article\" \/>\n<meta property=\"og:title\" content=\"Trans-Port 2023: El\u00a0congreso\u00a0y exhibici\u00f3n\u00a0internacional\u00a0m\u00e1s importante del sector mar\u00edtimo \u2013 portuario de Chile\" \/>\n<meta property=\"og:description\" content=\"El encuentro internacional representa una oportunidad para el desarrollo del sector, el relacionamiento p\u00fablico privado, y el an\u00e1lisis del mundo mar\u00edtimo portuario en la actualidad.\" \/>\n<meta property=\"og:url\" content=\"https:\/\/smartcherry.cl\/en\/eventos\/trans-port-2023-el-congreso-y-exhibicion-internacional-mas-importante-del-sector-maritimo-portuario-de-chile\/\" \/>\n<meta property=\"og:site_name\" content=\"Smartcherry\" \/>\n<meta property=\"article:publisher\" content=\"https:\/\/web.facebook.com\/SmartCherry.cl\/\" \/>\n<meta property=\"article:published_time\" content=\"2023-07-24T19:46:52+00:00\" \/>\n<meta property=\"article:modified_time\" content=\"2023-07-24T21:36:23+00:00\" \/>\n<meta property=\"og:image\" content=\"https:\/\/smartcherry.cl\/wp-content\/uploads\/2023\/07\/52435692280_4bd267757a_k-1.jpg\" \/>\n\t<meta property=\"og:image:width\" content=\"1920\" \/>\n\t<meta property=\"og:image:height\" content=\"1280\" \/>\n\t<meta property=\"og:image:type\" content=\"image\/jpeg\" \/>\n<meta name=\"author\" content=\"Smartcherry\" \/>\n<meta name=\"twitter:card\" content=\"summary_large_image\" \/>\n<meta name=\"twitter:creator\" content=\"@SmartCherry_cl\" \/>\n<meta name=\"twitter:site\" content=\"@SmartCherry_cl\" \/>\n<meta name=\"twitter:label1\" content=\"Written by\" \/>\n\t<meta name=\"twitter:data1\" content=\"Smartcherry\" \/>\n\t<meta name=\"twitter:label2\" content=\"Est. reading time\" \/>\n\t<meta name=\"twitter:data2\" content=\"4 minutes\" \/>\n<script type=\"application\/ld+json\" class=\"yoast-schema-graph\">{\"@context\":\"https:\\\/\\\/schema.org\",\"@graph\":[{\"@type\":\"Article\",\"@id\":\"https:\\\/\\\/smartcherry.cl\\\/eventos\\\/trans-port-2023-el-congreso-y-exhibicion-internacional-mas-importante-del-sector-maritimo-portuario-de-chile\\\/#article\",\"isPartOf\":{\"@id\":\"https:\\\/\\\/smartcherry.cl\\\/eventos\\\/trans-port-2023-el-congreso-y-exhibicion-internacional-mas-importante-del-sector-maritimo-portuario-de-chile\\\/\"},\"author\":{\"name\":\"Smartcherry\",\"@id\":\"https:\\\/\\\/smartcherry.cl\\\/#\\\/schema\\\/person\\\/cc5ad3fbb76cc15ccfacf38ce0684864\"},\"headline\":\"Trans-Port 2023: El\u00a0congreso\u00a0y exhibici\u00f3n\u00a0internacional\u00a0m\u00e1s importante del sector mar\u00edtimo \u2013 portuario de Chile\",\"datePublished\":\"2023-07-24T19:46:52+00:00\",\"dateModified\":\"2023-07-24T21:36:23+00:00\",\"mainEntityOfPage\":{\"@id\":\"https:\\\/\\\/smartcherry.cl\\\/eventos\\\/trans-port-2023-el-congreso-y-exhibicion-internacional-mas-importante-del-sector-maritimo-portuario-de-chile\\\/\"},\"wordCount\":698,\"publisher\":{\"@id\":\"https:\\\/\\\/smartcherry.cl\\\/#organization\"},\"image\":{\"@id\":\"https:\\\/\\\/smartcherry.cl\\\/eventos\\\/trans-port-2023-el-congreso-y-exhibicion-internacional-mas-importante-del-sector-maritimo-portuario-de-chile\\\/#primaryimage\"},\"thumbnailUrl\":\"https:\\\/\\\/smartcherry.cl\\\/wp-content\\\/uploads\\\/2023\\\/07\\\/52435692280_4bd267757a_k-1.jpg\",\"keywords\":[\"Trans-port 2023\",\"FISA\",\"Rodrigo Lobo\"],\"articleSection\":[\"Eventos\",\"Log\u00edstica\"],\"inLanguage\":\"en-US\"},{\"@type\":\"WebPage\",\"@id\":\"https:\\\/\\\/smartcherry.cl\\\/eventos\\\/trans-port-2023-el-congreso-y-exhibicion-internacional-mas-importante-del-sector-maritimo-portuario-de-chile\\\/\",\"url\":\"https:\\\/\\\/smartcherry.cl\\\/eventos\\\/trans-port-2023-el-congreso-y-exhibicion-internacional-mas-importante-del-sector-maritimo-portuario-de-chile\\\/\",\"name\":\"Trans-Port 2023: El\u00a0congreso\u00a0y exhibici\u00f3n\u00a0internacional\u00a0m\u00e1s importante del sector mar\u00edtimo \u2013 portuario de Chile - Smartcherry\",\"isPartOf\":{\"@id\":\"https:\\\/\\\/smartcherry.cl\\\/#website\"},\"primaryImageOfPage\":{\"@id\":\"https:\\\/\\\/smartcherry.cl\\\/eventos\\\/trans-port-2023-el-congreso-y-exhibicion-internacional-mas-importante-del-sector-maritimo-portuario-de-chile\\\/#primaryimage\"},\"image\":{\"@id\":\"https:\\\/\\\/smartcherry.cl\\\/eventos\\\/trans-port-2023-el-congreso-y-exhibicion-internacional-mas-importante-del-sector-maritimo-portuario-de-chile\\\/#primaryimage\"},\"thumbnailUrl\":\"https:\\\/\\\/smartcherry.cl\\\/wp-content\\\/uploads\\\/2023\\\/07\\\/52435692280_4bd267757a_k-1.jpg\",\"datePublished\":\"2023-07-24T19:46:52+00:00\",\"dateModified\":\"2023-07-24T21:36:23+00:00\",\"breadcrumb\":{\"@id\":\"https:\\\/\\\/smartcherry.cl\\\/eventos\\\/trans-port-2023-el-congreso-y-exhibicion-internacional-mas-importante-del-sector-maritimo-portuario-de-chile\\\/#breadcrumb\"},\"inLanguage\":\"en-US\",\"potentialAction\":[{\"@type\":\"ReadAction\",\"target\":[\"https:\\\/\\\/smartcherry.cl\\\/eventos\\\/trans-port-2023-el-congreso-y-exhibicion-internacional-mas-importante-del-sector-maritimo-portuario-de-chile\\\/\"]}]},{\"@type\":\"ImageObject\",\"inLanguage\":\"en-US\",\"@id\":\"https:\\\/\\\/smartcherry.cl\\\/eventos\\\/trans-port-2023-el-congreso-y-exhibicion-internacional-mas-importante-del-sector-maritimo-portuario-de-chile\\\/#primaryimage\",\"url\":\"https:\\\/\\\/smartcherry.cl\\\/wp-content\\\/uploads\\\/2023\\\/07\\\/52435692280_4bd267757a_k-1.jpg\",\"contentUrl\":\"https:\\\/\\\/smartcherry.cl\\\/wp-content\\\/uploads\\\/2023\\\/07\\\/52435692280_4bd267757a_k-1.jpg\",\"width\":1920,\"height\":1280},{\"@type\":\"BreadcrumbList\",\"@id\":\"https:\\\/\\\/smartcherry.cl\\\/eventos\\\/trans-port-2023-el-congreso-y-exhibicion-internacional-mas-importante-del-sector-maritimo-portuario-de-chile\\\/#breadcrumb\",\"itemListElement\":[{\"@type\":\"ListItem\",\"position\":1,\"name\":\"Home\",\"item\":\"https:\\\/\\\/smartcherry.cl\\\/\"},{\"@type\":\"ListItem\",\"position\":2,\"name\":\"Eventos\",\"item\":\"https:\\\/\\\/smartcherry.cl\\\/category\\\/eventos\\\/\"},{\"@type\":\"ListItem\",\"position\":3,\"name\":\"Trans-Port 2023: El\u00a0congreso\u00a0y exhibici\u00f3n\u00a0internacional\u00a0m\u00e1s importante del sector mar\u00edtimo \u2013 portuario de Chile\"}]},{\"@type\":\"WebSite\",\"@id\":\"https:\\\/\\\/smartcherry.cl\\\/#website\",\"url\":\"https:\\\/\\\/smartcherry.cl\\\/\",\"name\":\"Smartcherry\",\"description\":\"Sitio de Smartcherry\",\"publisher\":{\"@id\":\"https:\\\/\\\/smartcherry.cl\\\/#organization\"},\"potentialAction\":[{\"@type\":\"SearchAction\",\"target\":{\"@type\":\"EntryPoint\",\"urlTemplate\":\"https:\\\/\\\/smartcherry.cl\\\/?s={search_term_string}\"},\"query-input\":{\"@type\":\"PropertyValueSpecification\",\"valueRequired\":true,\"valueName\":\"search_term_string\"}}],\"inLanguage\":\"en-US\"},{\"@type\":\"Organization\",\"@id\":\"https:\\\/\\\/smartcherry.cl\\\/#organization\",\"name\":\"SmartCherry\",\"url\":\"https:\\\/\\\/smartcherry.cl\\\/\",\"logo\":{\"@type\":\"ImageObject\",\"inLanguage\":\"en-US\",\"@id\":\"https:\\\/\\\/smartcherry.cl\\\/#\\\/schema\\\/logo\\\/image\\\/\",\"url\":\"https:\\\/\\\/smartcherry.cl\\\/wp-content\\\/uploads\\\/2022\\\/02\\\/logo_smartcherry.png\",\"contentUrl\":\"https:\\\/\\\/smartcherry.cl\\\/wp-content\\\/uploads\\\/2022\\\/02\\\/logo_smartcherry.png\",\"width\":411,\"height\":84,\"caption\":\"SmartCherry\"},\"image\":{\"@id\":\"https:\\\/\\\/smartcherry.cl\\\/#\\\/schema\\\/logo\\\/image\\\/\"},\"sameAs\":[\"https:\\\/\\\/web.facebook.com\\\/SmartCherry.cl\\\/\",\"https:\\\/\\\/x.com\\\/SmartCherry_cl\",\"https:\\\/\\\/www.linkedin.com\\\/company\\\/smartcherry\\\/\",\"https:\\\/\\\/www.instagram.com\\\/smartcherry_cl\\\/\",\"https:\\\/\\\/www.youtube.com\\\/channel\\\/UCe007LfgFFnntDgCcqICbPQ\"]},{\"@type\":\"Person\",\"@id\":\"https:\\\/\\\/smartcherry.cl\\\/#\\\/schema\\\/person\\\/cc5ad3fbb76cc15ccfacf38ce0684864\",\"name\":\"Smartcherry\",\"image\":{\"@type\":\"ImageObject\",\"inLanguage\":\"en-US\",\"@id\":\"https:\\\/\\\/smartcherry.cl\\\/wp-content\\\/uploads\\\/2022\\\/03\\\/smartcherry-admin-user-96x96.png\",\"url\":\"https:\\\/\\\/smartcherry.cl\\\/wp-content\\\/uploads\\\/2022\\\/03\\\/smartcherry-admin-user-96x96.png\",\"contentUrl\":\"https:\\\/\\\/smartcherry.cl\\\/wp-content\\\/uploads\\\/2022\\\/03\\\/smartcherry-admin-user-96x96.png\",\"caption\":\"Smartcherry\"},\"url\":\"https:\\\/\\\/smartcherry.cl\\\/en\\\/author\\\/smartcherry\\\/\"}]}<\/script>\n<!-- \/ Yoast SEO Premium plugin. -->","yoast_head_json":{"title":"Trans-Port 2023: El\u00a0congreso\u00a0y exhibici\u00f3n\u00a0internacional\u00a0m\u00e1s importante del sector mar\u00edtimo \u2013 portuario de Chile - Smartcherry","robots":{"index":"index","follow":"follow","max-snippet":"max-snippet:-1","max-image-preview":"max-image-preview:large","max-video-preview":"max-video-preview:-1"},"canonical":"https:\/\/smartcherry.cl\/en\/eventos\/trans-port-2023-el-congreso-y-exhibicion-internacional-mas-importante-del-sector-maritimo-portuario-de-chile\/","og_locale":"en_US","og_type":"article","og_title":"Trans-Port 2023: El\u00a0congreso\u00a0y exhibici\u00f3n\u00a0internacional\u00a0m\u00e1s importante del sector mar\u00edtimo \u2013 portuario de Chile","og_description":"El encuentro internacional representa una oportunidad para el desarrollo del sector, el relacionamiento p\u00fablico privado, y el an\u00e1lisis del mundo mar\u00edtimo portuario en la actualidad.","og_url":"https:\/\/smartcherry.cl\/en\/eventos\/trans-port-2023-el-congreso-y-exhibicion-internacional-mas-importante-del-sector-maritimo-portuario-de-chile\/","og_site_name":"Smartcherry","article_publisher":"https:\/\/web.facebook.com\/SmartCherry.cl\/","article_published_time":"2023-07-24T19:46:52+00:00","article_modified_time":"2023-07-24T21:36:23+00:00","og_image":[{"width":1920,"height":1280,"url":"https:\/\/smartcherry.cl\/wp-content\/uploads\/2023\/07\/52435692280_4bd267757a_k-1.jpg","type":"image\/jpeg"}],"author":"Smartcherry","twitter_card":"summary_large_image","twitter_creator":"@SmartCherry_cl","twitter_site":"@SmartCherry_cl","twitter_misc":{"Written by":"Smartcherry","Est. reading time":"4 minutes"},"schema":{"@context":"https:\/\/schema.org","@graph":[{"@type":"Article","@id":"https:\/\/smartcherry.cl\/eventos\/trans-port-2023-el-congreso-y-exhibicion-internacional-mas-importante-del-sector-maritimo-portuario-de-chile\/#article","isPartOf":{"@id":"https:\/\/smartcherry.cl\/eventos\/trans-port-2023-el-congreso-y-exhibicion-internacional-mas-importante-del-sector-maritimo-portuario-de-chile\/"},"author":{"name":"Smartcherry","@id":"https:\/\/smartcherry.cl\/#\/schema\/person\/cc5ad3fbb76cc15ccfacf38ce0684864"},"headline":"Trans-Port 2023: El\u00a0congreso\u00a0y exhibici\u00f3n\u00a0internacional\u00a0m\u00e1s importante del sector mar\u00edtimo \u2013 portuario de Chile","datePublished":"2023-07-24T19:46:52+00:00","dateModified":"2023-07-24T21:36:23+00:00","mainEntityOfPage":{"@id":"https:\/\/smartcherry.cl\/eventos\/trans-port-2023-el-congreso-y-exhibicion-internacional-mas-importante-del-sector-maritimo-portuario-de-chile\/"},"wordCount":698,"publisher":{"@id":"https:\/\/smartcherry.cl\/#organization"},"image":{"@id":"https:\/\/smartcherry.cl\/eventos\/trans-port-2023-el-congreso-y-exhibicion-internacional-mas-importante-del-sector-maritimo-portuario-de-chile\/#primaryimage"},"thumbnailUrl":"https:\/\/smartcherry.cl\/wp-content\/uploads\/2023\/07\/52435692280_4bd267757a_k-1.jpg","keywords":["Trans-port 2023","FISA","Rodrigo Lobo"],"articleSection":["Eventos","Log\u00edstica"],"inLanguage":"en-US"},{"@type":"WebPage","@id":"https:\/\/smartcherry.cl\/eventos\/trans-port-2023-el-congreso-y-exhibicion-internacional-mas-importante-del-sector-maritimo-portuario-de-chile\/","url":"https:\/\/smartcherry.cl\/eventos\/trans-port-2023-el-congreso-y-exhibicion-internacional-mas-importante-del-sector-maritimo-portuario-de-chile\/","name":"Trans-Port 2023: El\u00a0congreso\u00a0y exhibici\u00f3n\u00a0internacional\u00a0m\u00e1s importante del sector mar\u00edtimo \u2013 portuario de Chile - Smartcherry","isPartOf":{"@id":"https:\/\/smartcherry.cl\/#website"},"primaryImageOfPage":{"@id":"https:\/\/smartcherry.cl\/eventos\/trans-port-2023-el-congreso-y-exhibicion-internacional-mas-importante-del-sector-maritimo-portuario-de-chile\/#primaryimage"},"image":{"@id":"https:\/\/smartcherry.cl\/eventos\/trans-port-2023-el-congreso-y-exhibicion-internacional-mas-importante-del-sector-maritimo-portuario-de-chile\/#primaryimage"},"thumbnailUrl":"https:\/\/smartcherry.cl\/wp-content\/uploads\/2023\/07\/52435692280_4bd267757a_k-1.jpg","datePublished":"2023-07-24T19:46:52+00:00","dateModified":"2023-07-24T21:36:23+00:00","breadcrumb":{"@id":"https:\/\/smartcherry.cl\/eventos\/trans-port-2023-el-congreso-y-exhibicion-internacional-mas-importante-del-sector-maritimo-portuario-de-chile\/#breadcrumb"},"inLanguage":"en-US","potentialAction":[{"@type":"ReadAction","target":["https:\/\/smartcherry.cl\/eventos\/trans-port-2023-el-congreso-y-exhibicion-internacional-mas-importante-del-sector-maritimo-portuario-de-chile\/"]}]},{"@type":"ImageObject","inLanguage":"en-US","@id":"https:\/\/smartcherry.cl\/eventos\/trans-port-2023-el-congreso-y-exhibicion-internacional-mas-importante-del-sector-maritimo-portuario-de-chile\/#primaryimage","url":"https:\/\/smartcherry.cl\/wp-content\/uploads\/2023\/07\/52435692280_4bd267757a_k-1.jpg","contentUrl":"https:\/\/smartcherry.cl\/wp-content\/uploads\/2023\/07\/52435692280_4bd267757a_k-1.jpg","width":1920,"height":1280},{"@type":"BreadcrumbList","@id":"https:\/\/smartcherry.cl\/eventos\/trans-port-2023-el-congreso-y-exhibicion-internacional-mas-importante-del-sector-maritimo-portuario-de-chile\/#breadcrumb","itemListElement":[{"@type":"ListItem","position":1,"name":"Home","item":"https:\/\/smartcherry.cl\/"},{"@type":"ListItem","position":2,"name":"Eventos","item":"https:\/\/smartcherry.cl\/category\/eventos\/"},{"@type":"ListItem","position":3,"name":"Trans-Port 2023: El\u00a0congreso\u00a0y exhibici\u00f3n\u00a0internacional\u00a0m\u00e1s importante del sector mar\u00edtimo \u2013 portuario de Chile"}]},{"@type":"WebSite","@id":"https:\/\/smartcherry.cl\/#website","url":"https:\/\/smartcherry.cl\/","name":"Smartcherry","description":"Smartcherry Site","publisher":{"@id":"https:\/\/smartcherry.cl\/#organization"},"potentialAction":[{"@type":"SearchAction","target":{"@type":"EntryPoint","urlTemplate":"https:\/\/smartcherry.cl\/?s={search_term_string}"},"query-input":{"@type":"PropertyValueSpecification","valueRequired":true,"valueName":"search_term_string"}}],"inLanguage":"en-US"},{"@type":"Organization","@id":"https:\/\/smartcherry.cl\/#organization","name":"SmartCherry","url":"https:\/\/smartcherry.cl\/","logo":{"@type":"ImageObject","inLanguage":"en-US","@id":"https:\/\/smartcherry.cl\/#\/schema\/logo\/image\/","url":"https:\/\/smartcherry.cl\/wp-content\/uploads\/2022\/02\/logo_smartcherry.png","contentUrl":"https:\/\/smartcherry.cl\/wp-content\/uploads\/2022\/02\/logo_smartcherry.png","width":411,"height":84,"caption":"SmartCherry"},"image":{"@id":"https:\/\/smartcherry.cl\/#\/schema\/logo\/image\/"},"sameAs":["https:\/\/web.facebook.com\/SmartCherry.cl\/","https:\/\/x.com\/SmartCherry_cl","https:\/\/www.linkedin.com\/company\/smartcherry\/","https:\/\/www.instagram.com\/smartcherry_cl\/","https:\/\/www.youtube.com\/channel\/UCe007LfgFFnntDgCcqICbPQ"]},{"@type":"Person","@id":"https:\/\/smartcherry.cl\/#\/schema\/person\/cc5ad3fbb76cc15ccfacf38ce0684864","name":"Smartcherry","image":{"@type":"ImageObject","inLanguage":"en-US","@id":"https:\/\/smartcherry.cl\/wp-content\/uploads\/2022\/03\/smartcherry-admin-user-96x96.png","url":"https:\/\/smartcherry.cl\/wp-content\/uploads\/2022\/03\/smartcherry-admin-user-96x96.png","contentUrl":"https:\/\/smartcherry.cl\/wp-content\/uploads\/2022\/03\/smartcherry-admin-user-96x96.png","caption":"Smartcherry"},"url":"https:\/\/smartcherry.cl\/en\/author\/smartcherry\/"}]}},"_links":{"self":[{"href":"https:\/\/smartcherry.cl\/en\/wp-json\/wp\/v2\/posts\/24607","targetHints":{"allow":["GET"]}}],"collection":[{"href":"https:\/\/smartcherry.cl\/en\/wp-json\/wp\/v2\/posts"}],"about":[{"href":"https:\/\/smartcherry.cl\/en\/wp-json\/wp\/v2\/types\/post"}],"author":[{"embeddable":true,"href":"https:\/\/smartcherry.cl\/en\/wp-json\/wp\/v2\/users\/224"}],"replies":[{"embeddable":true,"href":"https:\/\/smartcherry.cl\/en\/wp-json\/wp\/v2\/comments?post=24607"}],"version-history":[{"count":0,"href":"https:\/\/smartcherry.cl\/en\/wp-json\/wp\/v2\/posts\/24607\/revisions"}],"wp:featuredmedia":[{"embeddable":true,"href":"https:\/\/smartcherry.cl\/en\/wp-json\/wp\/v2\/media\/24668"}],"wp:attachment":[{"href":"https:\/\/smartcherry.cl\/en\/wp-json\/wp\/v2\/media?parent=24607"}],"wp:term":[{"taxonomy":"category","embeddable":true,"href":"https:\/\/smartcherry.cl\/en\/wp-json\/wp\/v2\/categories?post=24607"},{"taxonomy":"post_tag","embeddable":true,"href":"https:\/\/smartcherry.cl\/en\/wp-json\/wp\/v2\/tags?post=24607"},{"taxonomy":"category_proveedor","embeddable":true,"href":"https:\/\/smartcherry.cl\/en\/wp-json\/wp\/v2\/category_proveedor?post=24607"},{"taxonomy":"pais","embeddable":true,"href":"https:\/\/smartcherry.cl\/en\/wp-json\/wp\/v2\/pais?post=24607"}],"curies":[{"name":"wp","href":"https:\/\/api.w.org\/{rel}","templated":true}]}}