{"id":23341,"date":"2023-06-07T16:54:00","date_gmt":"2023-06-07T19:54:00","guid":{"rendered":"https:\/\/smartcherry.cl\/?p=23341"},"modified":"2023-06-07T16:55:09","modified_gmt":"2023-06-07T19:55:09","slug":"agtech-latam-emprendedores-tech-del-agro-buscan-convertirse-en-asociacion","status":"publish","type":"post","link":"https:\/\/smartcherry.cl\/en\/noticias\/agtech-latam-emprendedores-tech-del-agro-buscan-convertirse-en-asociacion\/","title":{"rendered":"AgTech Latam: Agro-Tech Entrepreneurs Seek to Become an Association"},"content":{"rendered":"<p>Con el objetivo de promover el uso de tecnolog\u00edas en el campo, dar visibilidad a los beneficios de la tecnolog\u00eda, comercializar de manera m\u00e1s f\u00e1cil los servicios AgTech y tambi\u00e9n lograr una colaboraci\u00f3n internacional de empresas, organizaciones y fondos, emprendedores tecnol\u00f3gicos vinculados a los procesos de la actividad agr\u00edcola se reunieron para discutir sus necesidades y c\u00f3mo dar forma a una entidad gremial.<\/p>\n\n\n\n<p>Francisco Astaburuaga, de AgroMatch e impulsor de la idea asociativa, indic\u00f3 que<em> \u201clo primero ser\u00e1 conformar la Asociaci\u00f3n AgTech Chile, definiendo su directorio, estableciendo reglamentos y requerimientos y definir un plan de acci\u00f3n para los siguientes dos a\u00f1os\u201d.<\/em><\/p>\n\n\n\n<p>Los asistentes coincidieron en la necesidad de generar esta instancia gremial para poder canalizar sus necesidades, trabajar de manera colaborativa y visibilizar su sector.<\/p>\n\n\n\n<figure class=\"wp-block-image size-large\"><img fetchpriority=\"high\" decoding=\"async\" width=\"1024\" height=\"461\" src=\"https:\/\/smartcherry.cl\/wp-content\/uploads\/2023\/06\/WhatsApp-Image-2023-06-06-at-22.02.05-1024x461.jpeg\" alt=\"\" class=\"wp-image-23344\" srcset=\"https:\/\/smartcherry.cl\/wp-content\/uploads\/2023\/06\/WhatsApp-Image-2023-06-06-at-22.02.05-1024x461.jpeg 1024w, https:\/\/smartcherry.cl\/wp-content\/uploads\/2023\/06\/WhatsApp-Image-2023-06-06-at-22.02.05-300x135.jpeg 300w, https:\/\/smartcherry.cl\/wp-content\/uploads\/2023\/06\/WhatsApp-Image-2023-06-06-at-22.02.05-768x346.jpeg 768w, https:\/\/smartcherry.cl\/wp-content\/uploads\/2023\/06\/WhatsApp-Image-2023-06-06-at-22.02.05-1536x691.jpeg 1536w, https:\/\/smartcherry.cl\/wp-content\/uploads\/2023\/06\/WhatsApp-Image-2023-06-06-at-22.02.05.jpeg 1600w\" sizes=\"(max-width: 1024px) 100vw, 1024px\" \/><\/figure>\n\n\n\n<p><em>\u201cUna asociaci\u00f3n puede representar de mejor manera nuestros intereses frente a los organismos p\u00fablicos y privados, as\u00ed como una relaci\u00f3n m\u00e1s fluida con otras asociaciones para el intercambio de informaci\u00f3n. Adem\u00e1s, pondr\u00edamos a disposici\u00f3n servicios informativos, t\u00e9cnicos, jur\u00eddicos y de formaci\u00f3n. Y por supuesto podr\u00edamos promover y coordinar actividades relacionadas con el rubro de los socios\u201d,<\/em> explic\u00f3 Astaburuaga.<\/p>\n\n\n\n<p>La idea nace desde AgroMatch, en su b\u00fasqueda de soluciones innovadoras que ayudaran a la empresa a llegar de mejor forma al agricultor. <em>\u201cTodos aqu\u00ed sabemos lo dif\u00edcil que es vender nuestros servicios a trav\u00e9s de canales digitales, que el agricultor simplemente no usa. Y que tampoco generan confianza. Este es un negocio que lleva siglos bas\u00e1ndose en la confianza y en una red que muchas veces est\u00e1 bien cerrada\u201d.<\/em><\/p>\n\n\n\n<p>AgroMatch cre\u00f3 un ecosistema sistema colaborativo para desarrollar negocios y pronto se dieron cuenta que el siguiente paso deb\u00eda ser conformar una asociaci\u00f3n, para buscar formas colaborativas de generar confianza en los clientes del agro.<\/p>\n\n\n\n<p>Durante el encuentro, se presentaron experiencia relevantes del sector, con ponencias de Fundaci\u00f3n Chile, INIA \/ Smartfield, The Yield Lab, Imagine\/CFIA.<\/p>","protected":false},"excerpt":{"rendered":"<p>Primer encuentro.<\/p>","protected":false},"author":224,"featured_media":23342,"comment_status":"closed","ping_status":"open","sticky":false,"template":"","format":"standard","meta":{"_acf_changed":false,"inline_featured_image":false,"footnotes":""},"categories":[35],"tags":[2852,2853],"category_proveedor":[],"pais":[],"class_list":["post-23341","post","type-post","status-publish","format-standard","has-post-thumbnail","hentry","category-noticias","tag-agtech-latam","tag-francisco-astaburuaga"],"acf":[],"yoast_head":"<!-- This site is optimized with the Yoast SEO Premium plugin v21.3 (Yoast SEO v27.3) - https:\/\/yoast.com\/product\/yoast-seo-premium-wordpress\/ -->\n<title>AgTech Latam: Emprendedores Tech del Agro buscan convertirse en asociaci\u00f3n - Smartcherry<\/title>\n<meta name=\"robots\" content=\"index, follow, max-snippet:-1, max-image-preview:large, max-video-preview:-1\" \/>\n<link rel=\"canonical\" href=\"https:\/\/smartcherry.cl\/en\/noticias\/agtech-latam-emprendedores-tech-del-agro-buscan-convertirse-en-asociacion\/\" \/>\n<meta property=\"og:locale\" content=\"en_US\" \/>\n<meta property=\"og:type\" content=\"article\" \/>\n<meta property=\"og:title\" content=\"AgTech Latam: Emprendedores Tech del Agro buscan convertirse en asociaci\u00f3n\" \/>\n<meta property=\"og:description\" content=\"Primer encuentro.\" \/>\n<meta property=\"og:url\" content=\"https:\/\/smartcherry.cl\/en\/noticias\/agtech-latam-emprendedores-tech-del-agro-buscan-convertirse-en-asociacion\/\" \/>\n<meta property=\"og:site_name\" content=\"Smartcherry\" \/>\n<meta property=\"article:publisher\" content=\"https:\/\/web.facebook.com\/SmartCherry.cl\/\" \/>\n<meta property=\"article:published_time\" content=\"2023-06-07T19:54:00+00:00\" \/>\n<meta property=\"article:modified_time\" content=\"2023-06-07T19:55:09+00:00\" \/>\n<meta property=\"og:image\" content=\"https:\/\/smartcherry.cl\/wp-content\/uploads\/2023\/06\/agtech.jpg\" \/>\n\t<meta property=\"og:image:width\" content=\"700\" \/>\n\t<meta property=\"og:image:height\" content=\"400\" \/>\n\t<meta property=\"og:image:type\" content=\"image\/jpeg\" \/>\n<meta name=\"author\" content=\"Smartcherry\" \/>\n<meta name=\"twitter:card\" content=\"summary_large_image\" \/>\n<meta name=\"twitter:creator\" content=\"@SmartCherry_cl\" \/>\n<meta name=\"twitter:site\" content=\"@SmartCherry_cl\" \/>\n<meta name=\"twitter:label1\" content=\"Written by\" \/>\n\t<meta name=\"twitter:data1\" content=\"Smartcherry\" \/>\n\t<meta name=\"twitter:label2\" content=\"Est. reading time\" \/>\n\t<meta name=\"twitter:data2\" content=\"2 minutes\" \/>\n<script type=\"application\/ld+json\" class=\"yoast-schema-graph\">{\"@context\":\"https:\\\/\\\/schema.org\",\"@graph\":[{\"@type\":\"Article\",\"@id\":\"https:\\\/\\\/smartcherry.cl\\\/noticias\\\/agtech-latam-emprendedores-tech-del-agro-buscan-convertirse-en-asociacion\\\/#article\",\"isPartOf\":{\"@id\":\"https:\\\/\\\/smartcherry.cl\\\/noticias\\\/agtech-latam-emprendedores-tech-del-agro-buscan-convertirse-en-asociacion\\\/\"},\"author\":{\"name\":\"Smartcherry\",\"@id\":\"https:\\\/\\\/smartcherry.cl\\\/#\\\/schema\\\/person\\\/cc5ad3fbb76cc15ccfacf38ce0684864\"},\"headline\":\"AgTech Latam: Emprendedores Tech del Agro buscan convertirse en asociaci\u00f3n\",\"datePublished\":\"2023-06-07T19:54:00+00:00\",\"dateModified\":\"2023-06-07T19:55:09+00:00\",\"mainEntityOfPage\":{\"@id\":\"https:\\\/\\\/smartcherry.cl\\\/noticias\\\/agtech-latam-emprendedores-tech-del-agro-buscan-convertirse-en-asociacion\\\/\"},\"wordCount\":351,\"publisher\":{\"@id\":\"https:\\\/\\\/smartcherry.cl\\\/#organization\"},\"image\":{\"@id\":\"https:\\\/\\\/smartcherry.cl\\\/noticias\\\/agtech-latam-emprendedores-tech-del-agro-buscan-convertirse-en-asociacion\\\/#primaryimage\"},\"thumbnailUrl\":\"https:\\\/\\\/smartcherry.cl\\\/wp-content\\\/uploads\\\/2023\\\/06\\\/agtech.jpg\",\"keywords\":[\"Agtech Latam\",\"Francisco Astaburuaga\"],\"articleSection\":[\"Noticias\"],\"inLanguage\":\"en-US\"},{\"@type\":\"WebPage\",\"@id\":\"https:\\\/\\\/smartcherry.cl\\\/noticias\\\/agtech-latam-emprendedores-tech-del-agro-buscan-convertirse-en-asociacion\\\/\",\"url\":\"https:\\\/\\\/smartcherry.cl\\\/noticias\\\/agtech-latam-emprendedores-tech-del-agro-buscan-convertirse-en-asociacion\\\/\",\"name\":\"AgTech Latam: Emprendedores Tech del Agro buscan convertirse en asociaci\u00f3n - Smartcherry\",\"isPartOf\":{\"@id\":\"https:\\\/\\\/smartcherry.cl\\\/#website\"},\"primaryImageOfPage\":{\"@id\":\"https:\\\/\\\/smartcherry.cl\\\/noticias\\\/agtech-latam-emprendedores-tech-del-agro-buscan-convertirse-en-asociacion\\\/#primaryimage\"},\"image\":{\"@id\":\"https:\\\/\\\/smartcherry.cl\\\/noticias\\\/agtech-latam-emprendedores-tech-del-agro-buscan-convertirse-en-asociacion\\\/#primaryimage\"},\"thumbnailUrl\":\"https:\\\/\\\/smartcherry.cl\\\/wp-content\\\/uploads\\\/2023\\\/06\\\/agtech.jpg\",\"datePublished\":\"2023-06-07T19:54:00+00:00\",\"dateModified\":\"2023-06-07T19:55:09+00:00\",\"breadcrumb\":{\"@id\":\"https:\\\/\\\/smartcherry.cl\\\/noticias\\\/agtech-latam-emprendedores-tech-del-agro-buscan-convertirse-en-asociacion\\\/#breadcrumb\"},\"inLanguage\":\"en-US\",\"potentialAction\":[{\"@type\":\"ReadAction\",\"target\":[\"https:\\\/\\\/smartcherry.cl\\\/noticias\\\/agtech-latam-emprendedores-tech-del-agro-buscan-convertirse-en-asociacion\\\/\"]}]},{\"@type\":\"ImageObject\",\"inLanguage\":\"en-US\",\"@id\":\"https:\\\/\\\/smartcherry.cl\\\/noticias\\\/agtech-latam-emprendedores-tech-del-agro-buscan-convertirse-en-asociacion\\\/#primaryimage\",\"url\":\"https:\\\/\\\/smartcherry.cl\\\/wp-content\\\/uploads\\\/2023\\\/06\\\/agtech.jpg\",\"contentUrl\":\"https:\\\/\\\/smartcherry.cl\\\/wp-content\\\/uploads\\\/2023\\\/06\\\/agtech.jpg\",\"width\":700,\"height\":400},{\"@type\":\"BreadcrumbList\",\"@id\":\"https:\\\/\\\/smartcherry.cl\\\/noticias\\\/agtech-latam-emprendedores-tech-del-agro-buscan-convertirse-en-asociacion\\\/#breadcrumb\",\"itemListElement\":[{\"@type\":\"ListItem\",\"position\":1,\"name\":\"Home\",\"item\":\"https:\\\/\\\/smartcherry.cl\\\/\"},{\"@type\":\"ListItem\",\"position\":2,\"name\":\"Noticias\",\"item\":\"https:\\\/\\\/smartcherry.cl\\\/category\\\/noticias\\\/\"},{\"@type\":\"ListItem\",\"position\":3,\"name\":\"AgTech Latam: Emprendedores Tech del Agro buscan convertirse en asociaci\u00f3n\"}]},{\"@type\":\"WebSite\",\"@id\":\"https:\\\/\\\/smartcherry.cl\\\/#website\",\"url\":\"https:\\\/\\\/smartcherry.cl\\\/\",\"name\":\"Smartcherry\",\"description\":\"Sitio de Smartcherry\",\"publisher\":{\"@id\":\"https:\\\/\\\/smartcherry.cl\\\/#organization\"},\"potentialAction\":[{\"@type\":\"SearchAction\",\"target\":{\"@type\":\"EntryPoint\",\"urlTemplate\":\"https:\\\/\\\/smartcherry.cl\\\/?s={search_term_string}\"},\"query-input\":{\"@type\":\"PropertyValueSpecification\",\"valueRequired\":true,\"valueName\":\"search_term_string\"}}],\"inLanguage\":\"en-US\"},{\"@type\":\"Organization\",\"@id\":\"https:\\\/\\\/smartcherry.cl\\\/#organization\",\"name\":\"SmartCherry\",\"url\":\"https:\\\/\\\/smartcherry.cl\\\/\",\"logo\":{\"@type\":\"ImageObject\",\"inLanguage\":\"en-US\",\"@id\":\"https:\\\/\\\/smartcherry.cl\\\/#\\\/schema\\\/logo\\\/image\\\/\",\"url\":\"https:\\\/\\\/smartcherry.cl\\\/wp-content\\\/uploads\\\/2022\\\/02\\\/logo_smartcherry.png\",\"contentUrl\":\"https:\\\/\\\/smartcherry.cl\\\/wp-content\\\/uploads\\\/2022\\\/02\\\/logo_smartcherry.png\",\"width\":411,\"height\":84,\"caption\":\"SmartCherry\"},\"image\":{\"@id\":\"https:\\\/\\\/smartcherry.cl\\\/#\\\/schema\\\/logo\\\/image\\\/\"},\"sameAs\":[\"https:\\\/\\\/web.facebook.com\\\/SmartCherry.cl\\\/\",\"https:\\\/\\\/x.com\\\/SmartCherry_cl\",\"https:\\\/\\\/www.linkedin.com\\\/company\\\/smartcherry\\\/\",\"https:\\\/\\\/www.instagram.com\\\/smartcherry_cl\\\/\",\"https:\\\/\\\/www.youtube.com\\\/channel\\\/UCe007LfgFFnntDgCcqICbPQ\"]},{\"@type\":\"Person\",\"@id\":\"https:\\\/\\\/smartcherry.cl\\\/#\\\/schema\\\/person\\\/cc5ad3fbb76cc15ccfacf38ce0684864\",\"name\":\"Smartcherry\",\"image\":{\"@type\":\"ImageObject\",\"inLanguage\":\"en-US\",\"@id\":\"https:\\\/\\\/smartcherry.cl\\\/wp-content\\\/uploads\\\/2022\\\/03\\\/smartcherry-admin-user-96x96.png\",\"url\":\"https:\\\/\\\/smartcherry.cl\\\/wp-content\\\/uploads\\\/2022\\\/03\\\/smartcherry-admin-user-96x96.png\",\"contentUrl\":\"https:\\\/\\\/smartcherry.cl\\\/wp-content\\\/uploads\\\/2022\\\/03\\\/smartcherry-admin-user-96x96.png\",\"caption\":\"Smartcherry\"},\"url\":\"https:\\\/\\\/smartcherry.cl\\\/en\\\/author\\\/smartcherry\\\/\"}]}<\/script>\n<!-- \/ Yoast SEO Premium plugin. -->","yoast_head_json":{"title":"AgTech Latam: Emprendedores Tech del Agro buscan convertirse en asociaci\u00f3n - Smartcherry","robots":{"index":"index","follow":"follow","max-snippet":"max-snippet:-1","max-image-preview":"max-image-preview:large","max-video-preview":"max-video-preview:-1"},"canonical":"https:\/\/smartcherry.cl\/en\/noticias\/agtech-latam-emprendedores-tech-del-agro-buscan-convertirse-en-asociacion\/","og_locale":"en_US","og_type":"article","og_title":"AgTech Latam: Emprendedores Tech del Agro buscan convertirse en asociaci\u00f3n","og_description":"Primer encuentro.","og_url":"https:\/\/smartcherry.cl\/en\/noticias\/agtech-latam-emprendedores-tech-del-agro-buscan-convertirse-en-asociacion\/","og_site_name":"Smartcherry","article_publisher":"https:\/\/web.facebook.com\/SmartCherry.cl\/","article_published_time":"2023-06-07T19:54:00+00:00","article_modified_time":"2023-06-07T19:55:09+00:00","og_image":[{"width":700,"height":400,"url":"https:\/\/smartcherry.cl\/wp-content\/uploads\/2023\/06\/agtech.jpg","type":"image\/jpeg"}],"author":"Smartcherry","twitter_card":"summary_large_image","twitter_creator":"@SmartCherry_cl","twitter_site":"@SmartCherry_cl","twitter_misc":{"Written by":"Smartcherry","Est. reading time":"2 minutes"},"schema":{"@context":"https:\/\/schema.org","@graph":[{"@type":"Article","@id":"https:\/\/smartcherry.cl\/noticias\/agtech-latam-emprendedores-tech-del-agro-buscan-convertirse-en-asociacion\/#article","isPartOf":{"@id":"https:\/\/smartcherry.cl\/noticias\/agtech-latam-emprendedores-tech-del-agro-buscan-convertirse-en-asociacion\/"},"author":{"name":"Smartcherry","@id":"https:\/\/smartcherry.cl\/#\/schema\/person\/cc5ad3fbb76cc15ccfacf38ce0684864"},"headline":"AgTech Latam: Emprendedores Tech del Agro buscan convertirse en asociaci\u00f3n","datePublished":"2023-06-07T19:54:00+00:00","dateModified":"2023-06-07T19:55:09+00:00","mainEntityOfPage":{"@id":"https:\/\/smartcherry.cl\/noticias\/agtech-latam-emprendedores-tech-del-agro-buscan-convertirse-en-asociacion\/"},"wordCount":351,"publisher":{"@id":"https:\/\/smartcherry.cl\/#organization"},"image":{"@id":"https:\/\/smartcherry.cl\/noticias\/agtech-latam-emprendedores-tech-del-agro-buscan-convertirse-en-asociacion\/#primaryimage"},"thumbnailUrl":"https:\/\/smartcherry.cl\/wp-content\/uploads\/2023\/06\/agtech.jpg","keywords":["Agtech Latam","Francisco Astaburuaga"],"articleSection":["Noticias"],"inLanguage":"en-US"},{"@type":"WebPage","@id":"https:\/\/smartcherry.cl\/noticias\/agtech-latam-emprendedores-tech-del-agro-buscan-convertirse-en-asociacion\/","url":"https:\/\/smartcherry.cl\/noticias\/agtech-latam-emprendedores-tech-del-agro-buscan-convertirse-en-asociacion\/","name":"AgTech Latam: Emprendedores Tech del Agro buscan convertirse en asociaci\u00f3n - Smartcherry","isPartOf":{"@id":"https:\/\/smartcherry.cl\/#website"},"primaryImageOfPage":{"@id":"https:\/\/smartcherry.cl\/noticias\/agtech-latam-emprendedores-tech-del-agro-buscan-convertirse-en-asociacion\/#primaryimage"},"image":{"@id":"https:\/\/smartcherry.cl\/noticias\/agtech-latam-emprendedores-tech-del-agro-buscan-convertirse-en-asociacion\/#primaryimage"},"thumbnailUrl":"https:\/\/smartcherry.cl\/wp-content\/uploads\/2023\/06\/agtech.jpg","datePublished":"2023-06-07T19:54:00+00:00","dateModified":"2023-06-07T19:55:09+00:00","breadcrumb":{"@id":"https:\/\/smartcherry.cl\/noticias\/agtech-latam-emprendedores-tech-del-agro-buscan-convertirse-en-asociacion\/#breadcrumb"},"inLanguage":"en-US","potentialAction":[{"@type":"ReadAction","target":["https:\/\/smartcherry.cl\/noticias\/agtech-latam-emprendedores-tech-del-agro-buscan-convertirse-en-asociacion\/"]}]},{"@type":"ImageObject","inLanguage":"en-US","@id":"https:\/\/smartcherry.cl\/noticias\/agtech-latam-emprendedores-tech-del-agro-buscan-convertirse-en-asociacion\/#primaryimage","url":"https:\/\/smartcherry.cl\/wp-content\/uploads\/2023\/06\/agtech.jpg","contentUrl":"https:\/\/smartcherry.cl\/wp-content\/uploads\/2023\/06\/agtech.jpg","width":700,"height":400},{"@type":"BreadcrumbList","@id":"https:\/\/smartcherry.cl\/noticias\/agtech-latam-emprendedores-tech-del-agro-buscan-convertirse-en-asociacion\/#breadcrumb","itemListElement":[{"@type":"ListItem","position":1,"name":"Home","item":"https:\/\/smartcherry.cl\/"},{"@type":"ListItem","position":2,"name":"Noticias","item":"https:\/\/smartcherry.cl\/category\/noticias\/"},{"@type":"ListItem","position":3,"name":"AgTech Latam: Emprendedores Tech del Agro buscan convertirse en asociaci\u00f3n"}]},{"@type":"WebSite","@id":"https:\/\/smartcherry.cl\/#website","url":"https:\/\/smartcherry.cl\/","name":"Smartcherry","description":"Smartcherry Site","publisher":{"@id":"https:\/\/smartcherry.cl\/#organization"},"potentialAction":[{"@type":"SearchAction","target":{"@type":"EntryPoint","urlTemplate":"https:\/\/smartcherry.cl\/?s={search_term_string}"},"query-input":{"@type":"PropertyValueSpecification","valueRequired":true,"valueName":"search_term_string"}}],"inLanguage":"en-US"},{"@type":"Organization","@id":"https:\/\/smartcherry.cl\/#organization","name":"SmartCherry","url":"https:\/\/smartcherry.cl\/","logo":{"@type":"ImageObject","inLanguage":"en-US","@id":"https:\/\/smartcherry.cl\/#\/schema\/logo\/image\/","url":"https:\/\/smartcherry.cl\/wp-content\/uploads\/2022\/02\/logo_smartcherry.png","contentUrl":"https:\/\/smartcherry.cl\/wp-content\/uploads\/2022\/02\/logo_smartcherry.png","width":411,"height":84,"caption":"SmartCherry"},"image":{"@id":"https:\/\/smartcherry.cl\/#\/schema\/logo\/image\/"},"sameAs":["https:\/\/web.facebook.com\/SmartCherry.cl\/","https:\/\/x.com\/SmartCherry_cl","https:\/\/www.linkedin.com\/company\/smartcherry\/","https:\/\/www.instagram.com\/smartcherry_cl\/","https:\/\/www.youtube.com\/channel\/UCe007LfgFFnntDgCcqICbPQ"]},{"@type":"Person","@id":"https:\/\/smartcherry.cl\/#\/schema\/person\/cc5ad3fbb76cc15ccfacf38ce0684864","name":"Smartcherry","image":{"@type":"ImageObject","inLanguage":"en-US","@id":"https:\/\/smartcherry.cl\/wp-content\/uploads\/2022\/03\/smartcherry-admin-user-96x96.png","url":"https:\/\/smartcherry.cl\/wp-content\/uploads\/2022\/03\/smartcherry-admin-user-96x96.png","contentUrl":"https:\/\/smartcherry.cl\/wp-content\/uploads\/2022\/03\/smartcherry-admin-user-96x96.png","caption":"Smartcherry"},"url":"https:\/\/smartcherry.cl\/en\/author\/smartcherry\/"}]}},"_links":{"self":[{"href":"https:\/\/smartcherry.cl\/en\/wp-json\/wp\/v2\/posts\/23341","targetHints":{"allow":["GET"]}}],"collection":[{"href":"https:\/\/smartcherry.cl\/en\/wp-json\/wp\/v2\/posts"}],"about":[{"href":"https:\/\/smartcherry.cl\/en\/wp-json\/wp\/v2\/types\/post"}],"author":[{"embeddable":true,"href":"https:\/\/smartcherry.cl\/en\/wp-json\/wp\/v2\/users\/224"}],"replies":[{"embeddable":true,"href":"https:\/\/smartcherry.cl\/en\/wp-json\/wp\/v2\/comments?post=23341"}],"version-history":[{"count":0,"href":"https:\/\/smartcherry.cl\/en\/wp-json\/wp\/v2\/posts\/23341\/revisions"}],"wp:featuredmedia":[{"embeddable":true,"href":"https:\/\/smartcherry.cl\/en\/wp-json\/wp\/v2\/media\/23342"}],"wp:attachment":[{"href":"https:\/\/smartcherry.cl\/en\/wp-json\/wp\/v2\/media?parent=23341"}],"wp:term":[{"taxonomy":"category","embeddable":true,"href":"https:\/\/smartcherry.cl\/en\/wp-json\/wp\/v2\/categories?post=23341"},{"taxonomy":"post_tag","embeddable":true,"href":"https:\/\/smartcherry.cl\/en\/wp-json\/wp\/v2\/tags?post=23341"},{"taxonomy":"category_proveedor","embeddable":true,"href":"https:\/\/smartcherry.cl\/en\/wp-json\/wp\/v2\/category_proveedor?post=23341"},{"taxonomy":"pais","embeddable":true,"href":"https:\/\/smartcherry.cl\/en\/wp-json\/wp\/v2\/pais?post=23341"}],"curies":[{"name":"wp","href":"https:\/\/api.w.org\/{rel}","templated":true}]}}