{"id":22719,"date":"2023-05-18T18:47:12","date_gmt":"2023-05-18T21:47:12","guid":{"rendered":"https:\/\/smartcherry.cl\/?p=22719"},"modified":"2024-09-24T14:39:16","modified_gmt":"2024-09-24T18:39:16","slug":"agrospec-y-avium-participaron-de-reunion-tecnica","status":"publish","type":"post","link":"https:\/\/smartcherry.cl\/en\/noticias\/agrospec-y-avium-participaron-de-reunion-tecnica\/","title":{"rendered":"Agrospec and Avium participated in a technical meeting"},"content":{"rendered":"<p class=\"wp-block-paragraph\">Agrospec, a Chilean company with 35 years of experience in the crop protection and plant nutrition market, held an interesting meeting with Avium&#039;s technical team.<\/p>\n\n\n\n<figure class=\"wp-block-image alignright size-large is-resized\"><img fetchpriority=\"high\" decoding=\"async\" src=\"https:\/\/smartcherry.cl\/wp-content\/uploads\/2023\/05\/IMG_7548-1024x768.jpg\" alt=\"\" class=\"wp-image-22721\" width=\"564\" height=\"423\" srcset=\"https:\/\/smartcherry.cl\/wp-content\/uploads\/2023\/05\/IMG_7548-1024x768.jpg 1024w, https:\/\/smartcherry.cl\/wp-content\/uploads\/2023\/05\/IMG_7548-300x225.jpg 300w, https:\/\/smartcherry.cl\/wp-content\/uploads\/2023\/05\/IMG_7548-768x576.jpg 768w, https:\/\/smartcherry.cl\/wp-content\/uploads\/2023\/05\/IMG_7548-1536x1152.jpg 1536w, https:\/\/smartcherry.cl\/wp-content\/uploads\/2023\/05\/IMG_7548.jpg 1920w\" sizes=\"(max-width: 564px) 100vw, 564px\" \/><\/figure>\n\n\n\n<p class=\"wp-block-paragraph\"><em>\u00abOn the one hand, the objective (of the meeting) was to update the information on Agrospec products: new registrations (Boscalid 50% WG, Methoxyfenozid 240 SC), label extensions (control of bispotted spider mite with Bifenthrin 100 EC), new proposals and, on the other hand, to hear from Avium the challenges and problems pending resolution in the phytosanitary area.<\/em>&quot;, commented Ana Mar\u00eda Prado, Technical Manager of Agrospec.<\/p>\n\n\n\n<p class=\"wp-block-paragraph\">The main topics discussed during the meeting were: <\/p>\n\n\n\n<p class=\"wp-block-paragraph\">\u2013 Strategies for controlling two-spotted spider mite in post-harvest.<\/p>\n\n\n\n<p class=\"wp-block-paragraph\">\u2013 Vine donkey: monitoring and control.<\/p>\n\n\n\n<p class=\"wp-block-paragraph\">\u2013 Control of <em>Drosophila suzukii.<\/em><\/p>\n\n\n\n<p class=\"wp-block-paragraph\">\u2013 Use of Acetamiprid 20 SP: SP formulation with greater residuality.<\/p>\n\n\n\n<p class=\"wp-block-paragraph\">\u2013 Agrospec botryticides for flowering and pre-harvest: Boscalid 50 WG, Fusion 425 SC and Tebuconazole 430 SC.<\/p>\n\n\n\n<p class=\"wp-block-paragraph\">\u2013 Use of calcium in the soil: Calcium Smart (calcium oxide plus carboxylic acids) vs. Calciomax Flo (concentrated calcium oxide), both options are valid.<\/p>\n\n\n\n<p class=\"wp-block-paragraph\">\u2013 Importance of coverage in the application of Pyriproxifen 100 EC for the control of ESJ<\/p>\n\n\n\n<p class=\"wp-block-paragraph\">\u2013 Use of Ascophyllum Ultra Dry via irrigation.<\/p>\n\n\n\n<p class=\"wp-block-paragraph\">Agrospec was represented by Ana Mar\u00eda Prado B., Technical Manager; Pedro Araya S., zonal manager for the O&#039;Higgins Region; and Ignacio Correa P., zonal manager for the Maule Region. Avium was represented by its Technical Director, Carlos Tapia, as well as by the advisory and communications team. <\/p>\n\n\n\n<p class=\"wp-block-paragraph\">Ana Mar\u00eda Prado B., Technical Manager of Agrospec, referred to the proposals and\/or products that Agrospec has for a new cherry season.<\/p>\n\n\n\n<p class=\"wp-block-paragraph\"> <em>\u00abBifenthrin 100 EC to enhance the control of two-spotted spider mite in post-harvest in mixture or in consecutive application with Spirodiclofen 240 EC, in case of high pressure. It can also be used alone and in new plantations for the simultaneous control of moths and other insects; Acetamiprid 20SP and 70WP, for the control of Drosophila suzukii; Boscalid 50 WG for the control of botrytis, ideally in the final stages of flowering; Ascophyllum Ultra Dry: Ascophyllum nodosum in ultra-concentrated powder, very convenient for soil applications. It is also recommended for foliar use in post-harvest and in new plants. In addition, all the already known products of the Phytosanitary Line and Nutra Specialties Agrospec\u00bb<\/em>, said the Technical Manager, who also added that: <em>\u00abCherry growers are looking for alternatives that allow them to reduce their costs without sacrificing control or improve their programs without increasing their costs, so the Agrospec line will be a good partner this season\u00bb<\/em>, he concluded.<\/p>\n\n\n\n<p class=\"wp-block-paragraph\"><\/p>\n\n\n\n\n\n<p class=\"wp-block-paragraph\"><\/p>","protected":false},"excerpt":{"rendered":"<p>Agrospec, empresa chilena con 35 a\u00f1os de trayectoria en el mercado de la protecci\u00f3n de cultivos y nutrici\u00f3n vegetal, sostuvo una interesante reuni\u00f3n con el equipo t\u00e9cnico de Avium. \u00abPor [&hellip;]<\/p>\n","protected":false},"author":239,"featured_media":22720,"comment_status":"closed","ping_status":"open","sticky":false,"template":"","format":"standard","meta":{"_acf_changed":false,"inline_featured_image":false,"footnotes":""},"categories":[35],"tags":[120,261,1558],"category_proveedor":[],"pais":[3604],"class_list":["post-22719","post","type-post","status-publish","format-standard","has-post-thumbnail","hentry","category-noticias","tag-avium","tag-agrospec","tag-not-prov","pais-chile"],"acf":[],"yoast_head":"<!-- This site is optimized with the Yoast SEO Premium plugin v21.3 (Yoast SEO v28.3) - https:\/\/yoast.com\/product\/yoast-seo-premium-wordpress\/ -->\n<title>Agrospec y Avium participaron de reuni\u00f3n t\u00e9cnica - Smartcherry<\/title>\n<meta name=\"robots\" content=\"index, follow, max-snippet:-1, max-image-preview:large, max-video-preview:-1\" \/>\n<link rel=\"canonical\" href=\"https:\/\/smartcherry.cl\/en\/noticias\/agrospec-y-avium-participaron-de-reunion-tecnica\/\" \/>\n<meta property=\"og:locale\" content=\"en_US\" \/>\n<meta property=\"og:type\" content=\"article\" \/>\n<meta property=\"og:title\" content=\"Agrospec y Avium participaron de reuni\u00f3n t\u00e9cnica\" \/>\n<meta property=\"og:description\" content=\"Agrospec, empresa chilena con 35 a\u00f1os de trayectoria en el mercado de la protecci\u00f3n de cultivos y nutrici\u00f3n vegetal, sostuvo una interesante reuni\u00f3n con el equipo t\u00e9cnico de Avium. \u00abPor [&hellip;]\" \/>\n<meta property=\"og:url\" content=\"https:\/\/smartcherry.cl\/en\/noticias\/agrospec-y-avium-participaron-de-reunion-tecnica\/\" \/>\n<meta property=\"og:site_name\" content=\"Smartcherry\" \/>\n<meta property=\"article:publisher\" content=\"https:\/\/web.facebook.com\/SmartCherry.cl\/\" \/>\n<meta property=\"article:published_time\" content=\"2023-05-18T21:47:12+00:00\" \/>\n<meta property=\"article:modified_time\" content=\"2024-09-24T18:39:16+00:00\" \/>\n<meta property=\"og:image\" content=\"https:\/\/smartcherry.cl\/wp-content\/uploads\/2023\/05\/IMG_7543.jpg\" \/>\n\t<meta property=\"og:image:width\" content=\"1920\" \/>\n\t<meta property=\"og:image:height\" content=\"1440\" \/>\n\t<meta property=\"og:image:type\" content=\"image\/jpeg\" \/>\n<meta name=\"author\" content=\"Andrea Garrido\" \/>\n<meta name=\"twitter:card\" content=\"summary_large_image\" \/>\n<meta name=\"twitter:creator\" content=\"@SmartCherry_cl\" \/>\n<meta name=\"twitter:site\" content=\"@SmartCherry_cl\" \/>\n<meta name=\"twitter:label1\" content=\"Written by\" \/>\n\t<meta name=\"twitter:data1\" content=\"Andrea Garrido\" \/>\n\t<meta name=\"twitter:label2\" content=\"Est. reading time\" \/>\n\t<meta name=\"twitter:data2\" content=\"3 minutes\" \/>\n<script type=\"application\/ld+json\" class=\"yoast-schema-graph\">{\"@context\":\"https:\\\/\\\/schema.org\",\"@graph\":[{\"@type\":\"Article\",\"@id\":\"https:\\\/\\\/smartcherry.cl\\\/noticias\\\/agrospec-y-avium-participaron-de-reunion-tecnica\\\/#article\",\"isPartOf\":{\"@id\":\"https:\\\/\\\/smartcherry.cl\\\/noticias\\\/agrospec-y-avium-participaron-de-reunion-tecnica\\\/\"},\"author\":{\"name\":\"Andrea Garrido\",\"@id\":\"https:\\\/\\\/smartcherry.cl\\\/#\\\/schema\\\/person\\\/8af97e16113dce4b990e1e4cec380025\"},\"headline\":\"Agrospec y Avium participaron de reuni\u00f3n t\u00e9cnica\",\"datePublished\":\"2023-05-18T21:47:12+00:00\",\"dateModified\":\"2024-09-24T18:39:16+00:00\",\"mainEntityOfPage\":{\"@id\":\"https:\\\/\\\/smartcherry.cl\\\/noticias\\\/agrospec-y-avium-participaron-de-reunion-tecnica\\\/\"},\"wordCount\":469,\"publisher\":{\"@id\":\"https:\\\/\\\/smartcherry.cl\\\/#organization\"},\"image\":{\"@id\":\"https:\\\/\\\/smartcherry.cl\\\/noticias\\\/agrospec-y-avium-participaron-de-reunion-tecnica\\\/#primaryimage\"},\"thumbnailUrl\":\"https:\\\/\\\/smartcherry.cl\\\/wp-content\\\/uploads\\\/2023\\\/05\\\/IMG_7543.jpg\",\"keywords\":[\"Avium\",\"Agrospec\",\"not-prov\"],\"articleSection\":[\"Noticias\"],\"inLanguage\":\"en-US\"},{\"@type\":\"WebPage\",\"@id\":\"https:\\\/\\\/smartcherry.cl\\\/noticias\\\/agrospec-y-avium-participaron-de-reunion-tecnica\\\/\",\"url\":\"https:\\\/\\\/smartcherry.cl\\\/noticias\\\/agrospec-y-avium-participaron-de-reunion-tecnica\\\/\",\"name\":\"Agrospec y Avium participaron de reuni\u00f3n t\u00e9cnica - Smartcherry\",\"isPartOf\":{\"@id\":\"https:\\\/\\\/smartcherry.cl\\\/#website\"},\"primaryImageOfPage\":{\"@id\":\"https:\\\/\\\/smartcherry.cl\\\/noticias\\\/agrospec-y-avium-participaron-de-reunion-tecnica\\\/#primaryimage\"},\"image\":{\"@id\":\"https:\\\/\\\/smartcherry.cl\\\/noticias\\\/agrospec-y-avium-participaron-de-reunion-tecnica\\\/#primaryimage\"},\"thumbnailUrl\":\"https:\\\/\\\/smartcherry.cl\\\/wp-content\\\/uploads\\\/2023\\\/05\\\/IMG_7543.jpg\",\"datePublished\":\"2023-05-18T21:47:12+00:00\",\"dateModified\":\"2024-09-24T18:39:16+00:00\",\"breadcrumb\":{\"@id\":\"https:\\\/\\\/smartcherry.cl\\\/noticias\\\/agrospec-y-avium-participaron-de-reunion-tecnica\\\/#breadcrumb\"},\"inLanguage\":\"en-US\",\"potentialAction\":[{\"@type\":\"ReadAction\",\"target\":[\"https:\\\/\\\/smartcherry.cl\\\/noticias\\\/agrospec-y-avium-participaron-de-reunion-tecnica\\\/\"]}]},{\"@type\":\"ImageObject\",\"inLanguage\":\"en-US\",\"@id\":\"https:\\\/\\\/smartcherry.cl\\\/noticias\\\/agrospec-y-avium-participaron-de-reunion-tecnica\\\/#primaryimage\",\"url\":\"https:\\\/\\\/smartcherry.cl\\\/wp-content\\\/uploads\\\/2023\\\/05\\\/IMG_7543.jpg\",\"contentUrl\":\"https:\\\/\\\/smartcherry.cl\\\/wp-content\\\/uploads\\\/2023\\\/05\\\/IMG_7543.jpg\",\"width\":1920,\"height\":1440},{\"@type\":\"BreadcrumbList\",\"@id\":\"https:\\\/\\\/smartcherry.cl\\\/noticias\\\/agrospec-y-avium-participaron-de-reunion-tecnica\\\/#breadcrumb\",\"itemListElement\":[{\"@type\":\"ListItem\",\"position\":1,\"name\":\"Home\",\"item\":\"https:\\\/\\\/smartcherry.cl\\\/\"},{\"@type\":\"ListItem\",\"position\":2,\"name\":\"Noticias\",\"item\":\"https:\\\/\\\/smartcherry.cl\\\/category\\\/noticias\\\/\"},{\"@type\":\"ListItem\",\"position\":3,\"name\":\"Agrospec y Avium participaron de reuni\u00f3n t\u00e9cnica\"}]},{\"@type\":\"WebSite\",\"@id\":\"https:\\\/\\\/smartcherry.cl\\\/#website\",\"url\":\"https:\\\/\\\/smartcherry.cl\\\/\",\"name\":\"Smartcherry\",\"description\":\"Sitio de Smartcherry\",\"publisher\":{\"@id\":\"https:\\\/\\\/smartcherry.cl\\\/#organization\"},\"potentialAction\":[{\"@type\":\"SearchAction\",\"target\":{\"@type\":\"EntryPoint\",\"urlTemplate\":\"https:\\\/\\\/smartcherry.cl\\\/?s={search_term_string}\"},\"query-input\":{\"@type\":\"PropertyValueSpecification\",\"valueRequired\":true,\"valueName\":\"search_term_string\"}}],\"inLanguage\":\"en-US\"},{\"@type\":\"Organization\",\"@id\":\"https:\\\/\\\/smartcherry.cl\\\/#organization\",\"name\":\"SmartCherry\",\"url\":\"https:\\\/\\\/smartcherry.cl\\\/\",\"logo\":{\"@type\":\"ImageObject\",\"inLanguage\":\"en-US\",\"@id\":\"https:\\\/\\\/smartcherry.cl\\\/#\\\/schema\\\/logo\\\/image\\\/\",\"url\":\"https:\\\/\\\/smartcherry.cl\\\/wp-content\\\/uploads\\\/2022\\\/02\\\/logo_smartcherry.png\",\"contentUrl\":\"https:\\\/\\\/smartcherry.cl\\\/wp-content\\\/uploads\\\/2022\\\/02\\\/logo_smartcherry.png\",\"width\":411,\"height\":84,\"caption\":\"SmartCherry\"},\"image\":{\"@id\":\"https:\\\/\\\/smartcherry.cl\\\/#\\\/schema\\\/logo\\\/image\\\/\"},\"sameAs\":[\"https:\\\/\\\/web.facebook.com\\\/SmartCherry.cl\\\/\",\"https:\\\/\\\/x.com\\\/SmartCherry_cl\",\"https:\\\/\\\/www.linkedin.com\\\/company\\\/smartcherry\\\/\",\"https:\\\/\\\/www.instagram.com\\\/smartcherry_cl\\\/\",\"https:\\\/\\\/www.youtube.com\\\/channel\\\/UCe007LfgFFnntDgCcqICbPQ\"]},{\"@type\":\"Person\",\"@id\":\"https:\\\/\\\/smartcherry.cl\\\/#\\\/schema\\\/person\\\/8af97e16113dce4b990e1e4cec380025\",\"name\":\"Andrea Garrido\",\"image\":{\"@type\":\"ImageObject\",\"inLanguage\":\"en-US\",\"@id\":\"https:\\\/\\\/smartcherry.cl\\\/wp-content\\\/uploads\\\/2022\\\/03\\\/Andrea-Garrido-150x150.png\",\"url\":\"https:\\\/\\\/smartcherry.cl\\\/wp-content\\\/uploads\\\/2022\\\/03\\\/Andrea-Garrido-150x150.png\",\"contentUrl\":\"https:\\\/\\\/smartcherry.cl\\\/wp-content\\\/uploads\\\/2022\\\/03\\\/Andrea-Garrido-150x150.png\",\"caption\":\"Andrea Garrido\"},\"url\":\"https:\\\/\\\/smartcherry.cl\\\/en\\\/author\\\/agarrido\\\/\"}]}<\/script>\n<!-- \/ Yoast SEO Premium plugin. -->","yoast_head_json":{"title":"Agrospec y Avium participaron de reuni\u00f3n t\u00e9cnica - Smartcherry","robots":{"index":"index","follow":"follow","max-snippet":"max-snippet:-1","max-image-preview":"max-image-preview:large","max-video-preview":"max-video-preview:-1"},"canonical":"https:\/\/smartcherry.cl\/en\/noticias\/agrospec-y-avium-participaron-de-reunion-tecnica\/","og_locale":"en_US","og_type":"article","og_title":"Agrospec y Avium participaron de reuni\u00f3n t\u00e9cnica","og_description":"Agrospec, empresa chilena con 35 a\u00f1os de trayectoria en el mercado de la protecci\u00f3n de cultivos y nutrici\u00f3n vegetal, sostuvo una interesante reuni\u00f3n con el equipo t\u00e9cnico de Avium. \u00abPor [&hellip;]","og_url":"https:\/\/smartcherry.cl\/en\/noticias\/agrospec-y-avium-participaron-de-reunion-tecnica\/","og_site_name":"Smartcherry","article_publisher":"https:\/\/web.facebook.com\/SmartCherry.cl\/","article_published_time":"2023-05-18T21:47:12+00:00","article_modified_time":"2024-09-24T18:39:16+00:00","og_image":[{"width":1920,"height":1440,"url":"https:\/\/smartcherry.cl\/wp-content\/uploads\/2023\/05\/IMG_7543.jpg","type":"image\/jpeg"}],"author":"Andrea Garrido","twitter_card":"summary_large_image","twitter_creator":"@SmartCherry_cl","twitter_site":"@SmartCherry_cl","twitter_misc":{"Written by":"Andrea Garrido","Est. reading time":"3 minutes"},"schema":{"@context":"https:\/\/schema.org","@graph":[{"@type":"Article","@id":"https:\/\/smartcherry.cl\/noticias\/agrospec-y-avium-participaron-de-reunion-tecnica\/#article","isPartOf":{"@id":"https:\/\/smartcherry.cl\/noticias\/agrospec-y-avium-participaron-de-reunion-tecnica\/"},"author":{"name":"Andrea Garrido","@id":"https:\/\/smartcherry.cl\/#\/schema\/person\/8af97e16113dce4b990e1e4cec380025"},"headline":"Agrospec y Avium participaron de reuni\u00f3n t\u00e9cnica","datePublished":"2023-05-18T21:47:12+00:00","dateModified":"2024-09-24T18:39:16+00:00","mainEntityOfPage":{"@id":"https:\/\/smartcherry.cl\/noticias\/agrospec-y-avium-participaron-de-reunion-tecnica\/"},"wordCount":469,"publisher":{"@id":"https:\/\/smartcherry.cl\/#organization"},"image":{"@id":"https:\/\/smartcherry.cl\/noticias\/agrospec-y-avium-participaron-de-reunion-tecnica\/#primaryimage"},"thumbnailUrl":"https:\/\/smartcherry.cl\/wp-content\/uploads\/2023\/05\/IMG_7543.jpg","keywords":["Avium","Agrospec","not-prov"],"articleSection":["Noticias"],"inLanguage":"en-US"},{"@type":"WebPage","@id":"https:\/\/smartcherry.cl\/noticias\/agrospec-y-avium-participaron-de-reunion-tecnica\/","url":"https:\/\/smartcherry.cl\/noticias\/agrospec-y-avium-participaron-de-reunion-tecnica\/","name":"Agrospec y Avium participaron de reuni\u00f3n t\u00e9cnica - Smartcherry","isPartOf":{"@id":"https:\/\/smartcherry.cl\/#website"},"primaryImageOfPage":{"@id":"https:\/\/smartcherry.cl\/noticias\/agrospec-y-avium-participaron-de-reunion-tecnica\/#primaryimage"},"image":{"@id":"https:\/\/smartcherry.cl\/noticias\/agrospec-y-avium-participaron-de-reunion-tecnica\/#primaryimage"},"thumbnailUrl":"https:\/\/smartcherry.cl\/wp-content\/uploads\/2023\/05\/IMG_7543.jpg","datePublished":"2023-05-18T21:47:12+00:00","dateModified":"2024-09-24T18:39:16+00:00","breadcrumb":{"@id":"https:\/\/smartcherry.cl\/noticias\/agrospec-y-avium-participaron-de-reunion-tecnica\/#breadcrumb"},"inLanguage":"en-US","potentialAction":[{"@type":"ReadAction","target":["https:\/\/smartcherry.cl\/noticias\/agrospec-y-avium-participaron-de-reunion-tecnica\/"]}]},{"@type":"ImageObject","inLanguage":"en-US","@id":"https:\/\/smartcherry.cl\/noticias\/agrospec-y-avium-participaron-de-reunion-tecnica\/#primaryimage","url":"https:\/\/smartcherry.cl\/wp-content\/uploads\/2023\/05\/IMG_7543.jpg","contentUrl":"https:\/\/smartcherry.cl\/wp-content\/uploads\/2023\/05\/IMG_7543.jpg","width":1920,"height":1440},{"@type":"BreadcrumbList","@id":"https:\/\/smartcherry.cl\/noticias\/agrospec-y-avium-participaron-de-reunion-tecnica\/#breadcrumb","itemListElement":[{"@type":"ListItem","position":1,"name":"Home","item":"https:\/\/smartcherry.cl\/"},{"@type":"ListItem","position":2,"name":"Noticias","item":"https:\/\/smartcherry.cl\/category\/noticias\/"},{"@type":"ListItem","position":3,"name":"Agrospec y Avium participaron de reuni\u00f3n t\u00e9cnica"}]},{"@type":"WebSite","@id":"https:\/\/smartcherry.cl\/#website","url":"https:\/\/smartcherry.cl\/","name":"Smartcherry","description":"Smartcherry Site","publisher":{"@id":"https:\/\/smartcherry.cl\/#organization"},"potentialAction":[{"@type":"SearchAction","target":{"@type":"EntryPoint","urlTemplate":"https:\/\/smartcherry.cl\/?s={search_term_string}"},"query-input":{"@type":"PropertyValueSpecification","valueRequired":true,"valueName":"search_term_string"}}],"inLanguage":"en-US"},{"@type":"Organization","@id":"https:\/\/smartcherry.cl\/#organization","name":"SmartCherry","url":"https:\/\/smartcherry.cl\/","logo":{"@type":"ImageObject","inLanguage":"en-US","@id":"https:\/\/smartcherry.cl\/#\/schema\/logo\/image\/","url":"https:\/\/smartcherry.cl\/wp-content\/uploads\/2022\/02\/logo_smartcherry.png","contentUrl":"https:\/\/smartcherry.cl\/wp-content\/uploads\/2022\/02\/logo_smartcherry.png","width":411,"height":84,"caption":"SmartCherry"},"image":{"@id":"https:\/\/smartcherry.cl\/#\/schema\/logo\/image\/"},"sameAs":["https:\/\/web.facebook.com\/SmartCherry.cl\/","https:\/\/x.com\/SmartCherry_cl","https:\/\/www.linkedin.com\/company\/smartcherry\/","https:\/\/www.instagram.com\/smartcherry_cl\/","https:\/\/www.youtube.com\/channel\/UCe007LfgFFnntDgCcqICbPQ"]},{"@type":"Person","@id":"https:\/\/smartcherry.cl\/#\/schema\/person\/8af97e16113dce4b990e1e4cec380025","name":"Andrea Garrido","image":{"@type":"ImageObject","inLanguage":"en-US","@id":"https:\/\/smartcherry.cl\/wp-content\/uploads\/2022\/03\/Andrea-Garrido-150x150.png","url":"https:\/\/smartcherry.cl\/wp-content\/uploads\/2022\/03\/Andrea-Garrido-150x150.png","contentUrl":"https:\/\/smartcherry.cl\/wp-content\/uploads\/2022\/03\/Andrea-Garrido-150x150.png","caption":"Andrea Garrido"},"url":"https:\/\/smartcherry.cl\/en\/author\/agarrido\/"}]}},"_links":{"self":[{"href":"https:\/\/smartcherry.cl\/en\/wp-json\/wp\/v2\/posts\/22719","targetHints":{"allow":["GET"]}}],"collection":[{"href":"https:\/\/smartcherry.cl\/en\/wp-json\/wp\/v2\/posts"}],"about":[{"href":"https:\/\/smartcherry.cl\/en\/wp-json\/wp\/v2\/types\/post"}],"author":[{"embeddable":true,"href":"https:\/\/smartcherry.cl\/en\/wp-json\/wp\/v2\/users\/239"}],"replies":[{"embeddable":true,"href":"https:\/\/smartcherry.cl\/en\/wp-json\/wp\/v2\/comments?post=22719"}],"version-history":[{"count":1,"href":"https:\/\/smartcherry.cl\/en\/wp-json\/wp\/v2\/posts\/22719\/revisions"}],"predecessor-version":[{"id":38924,"href":"https:\/\/smartcherry.cl\/en\/wp-json\/wp\/v2\/posts\/22719\/revisions\/38924"}],"wp:featuredmedia":[{"embeddable":true,"href":"https:\/\/smartcherry.cl\/en\/wp-json\/wp\/v2\/media\/22720"}],"wp:attachment":[{"href":"https:\/\/smartcherry.cl\/en\/wp-json\/wp\/v2\/media?parent=22719"}],"wp:term":[{"taxonomy":"category","embeddable":true,"href":"https:\/\/smartcherry.cl\/en\/wp-json\/wp\/v2\/categories?post=22719"},{"taxonomy":"post_tag","embeddable":true,"href":"https:\/\/smartcherry.cl\/en\/wp-json\/wp\/v2\/tags?post=22719"},{"taxonomy":"category_proveedor","embeddable":true,"href":"https:\/\/smartcherry.cl\/en\/wp-json\/wp\/v2\/category_proveedor?post=22719"},{"taxonomy":"pais","embeddable":true,"href":"https:\/\/smartcherry.cl\/en\/wp-json\/wp\/v2\/pais?post=22719"}],"curies":[{"name":"wp","href":"https:\/\/api.w.org\/{rel}","templated":true}]}}