{"id":22263,"date":"2023-05-05T12:01:05","date_gmt":"2023-05-05T15:01:05","guid":{"rendered":"https:\/\/smartcherry.cl\/?p=22263"},"modified":"2023-05-05T12:01:06","modified_gmt":"2023-05-05T15:01:06","slug":"analisis-de-la-temporada-fruticola-y-futuro-de-las-agroexportacionesseran-temas-claves-en-el-octavo-encuentro-internacional-agrotrade","status":"publish","type":"post","link":"https:\/\/smartcherry.cl\/en\/noticias\/analisis-de-la-temporada-fruticola-y-futuro-de-las-agroexportacionesseran-temas-claves-en-el-octavo-encuentro-internacional-agrotrade\/","title":{"rendered":"Analysis of the fruit season and the future of agricultural exports will be key topics at the eighth international Agrotrade meeting"},"content":{"rendered":"<p>Chile 2023<\/p>\n\n\n\n<p>As an event that has established itself as one of the must-sees in the agricultural sector every year, the 8th Agrotrade Chile 2023 International Convention and Fair will once again bring together the main players in the agricultural sector at the Monticello Convention Center around a diverse exhibition, interesting talks and discussion panels.<\/p>\n\n\n\n<p>La actividad abordar\u00e1, entre otros, los desaf\u00edos de la nueva gen\u00e9tica frutal, en donde destacados referentes en mejoramiento varietal conversar\u00e1n sobre la oferta existent y su impacto en la fruticultura.<\/p>\n\n\n\n<p>\u201cQuisimos enfocar esta octava versi\u00f3n de nuestra Agrotrade, en las proyecciones del sector agr\u00edcola, en un contexto marcado por los extremos clim\u00e1ticos, las presiones econ\u00f3micas y conflictos, que afectan fuertemente el escenario de seguridad alimentaria mundial en donde la sustentabilidad es fundamental para lograr una agricultura m\u00e1s resiliente a estos cambios\u201d, afirm\u00f3 la directora ejecutiva de Vivero de Chile, Maritrini Lapuente.<\/p>\n\n\n\n<p>En efecto, este reencuentro convocar\u00e1 a importantes l\u00edderes y referentes del quehacer agr\u00edcola, quienes participar\u00e1n en los paneles de conversaci\u00f3n del evento. \u201cnos reuniremos para intercambiar ideas y proyectar el futuro de la agricultura, pasando por las \u00faltimas tendencias en variedades y portainjertos para impulsar el crecimiento del sector\u201d, afirm\u00f3 el presidente del gremio, Cristi\u00e1n Pichuante.<\/p>\n\n\n\n<p>In addition to these leading figures in the agricultural industry, there will be national and international stands and exhibitors such as nurserymen, suppliers of inputs, services and technologies, where new genetics for fruit growing will also be on display, among others. <\/p>\n\n\n\n<p>\u201cAgrotrade es una instancia especial para los fruticultores, pues est\u00e1 orientada a ellos con invitados relevantes para el sector y sin duda ser\u00e1 una buena oportunidad para hablar de temas importantes como el an\u00e1lisis de la temporada frut\u00edcola y el nuevo r\u00e9cord para nuestras exportaciones\u201d, coment\u00f3 Jorge Valenzuela, presidente de Fedefruta. <\/p>\n\n\n\n<p>Entre otros temas que incluir\u00e1 Agrotrade 2023, est\u00e1 \u201cel potencial de la mujer c\u00f3mo agente de cambio en la agricultura, siendo protagonista en temas transversales como la asociatividad y la alfabetizaci\u00f3n digital, entre otros, que nos permiten avanzar y trabajar en conjunto para volver a la senda de convertir a Chile en una potencia agroalimentaria\u201d, comenta Patricia Benavente, presidente de la reci\u00e9n conformada primera Asociaci\u00f3n Gremial de Mujeres del Agro en Chile \u2013 AMAGRO AG.<\/p>\n\n\n\n<p>Para inscripciones y m\u00e1s informaci\u00f3n, acceder al siguiente link: <\/p>\n\n\n\n<div class=\"wp-block-buttons is-content-justification-center is-layout-flex wp-container-core-buttons-is-layout-a89b3969 wp-block-buttons-is-layout-flex\">\n<div class=\"wp-block-button\"><a class=\"wp-block-button__link wp-element-button\" href=\"https:\/\/welcu.com\/viveros-de-chile\/8-agrotrade-chile-2023\">Sign up here<\/a><\/div>\n<\/div>","protected":false},"excerpt":{"rendered":"<p>El 24 de mayo pr\u00f3ximo se llevar\u00e1 a cabo en Centro de Convenciones Monticello este encuentro internacional, que contar\u00e1 con la presencia de destacados expositores, autoridades del agro, expertos e gen\u00e9tica frutal y sustentabilidad.<\/p>","protected":false},"author":224,"featured_media":22264,"comment_status":"closed","ping_status":"open","sticky":false,"template":"","format":"standard","meta":{"_acf_changed":false,"inline_featured_image":false,"footnotes":""},"categories":[35],"tags":[388,2153,2754,2755],"category_proveedor":[],"pais":[],"class_list":["post-22263","post","type-post","status-publish","format-standard","has-post-thumbnail","hentry","category-noticias","tag-fedefruta","tag-agv","tag-plantrade","tag-amagro"],"acf":[],"yoast_head":"<!-- This site is optimized with the Yoast SEO Premium plugin v21.3 (Yoast SEO v27.3) - https:\/\/yoast.com\/product\/yoast-seo-premium-wordpress\/ -->\n<title>An\u00e1lisis de la temporada frut\u00edcola y futuro de las agroexportacionesser\u00e1n temas claves en el octavo encuentro internacional Agrotrade - Smartcherry<\/title>\n<meta name=\"robots\" content=\"index, follow, max-snippet:-1, max-image-preview:large, max-video-preview:-1\" \/>\n<link rel=\"canonical\" href=\"https:\/\/smartcherry.cl\/en\/noticias\/analisis-de-la-temporada-fruticola-y-futuro-de-las-agroexportacionesseran-temas-claves-en-el-octavo-encuentro-internacional-agrotrade\/\" \/>\n<meta property=\"og:locale\" content=\"en_US\" \/>\n<meta property=\"og:type\" content=\"article\" \/>\n<meta property=\"og:title\" content=\"An\u00e1lisis de la temporada frut\u00edcola y futuro de las agroexportacionesser\u00e1n temas claves en el octavo encuentro internacional Agrotrade\" \/>\n<meta property=\"og:description\" content=\"El 24 de mayo pr\u00f3ximo se llevar\u00e1 a cabo en Centro de Convenciones Monticello este encuentro internacional, que contar\u00e1 con la presencia de destacados expositores, autoridades del agro, expertos e gen\u00e9tica frutal y sustentabilidad.\" \/>\n<meta property=\"og:url\" content=\"https:\/\/smartcherry.cl\/en\/noticias\/analisis-de-la-temporada-fruticola-y-futuro-de-las-agroexportacionesseran-temas-claves-en-el-octavo-encuentro-internacional-agrotrade\/\" \/>\n<meta property=\"og:site_name\" content=\"Smartcherry\" \/>\n<meta property=\"article:publisher\" content=\"https:\/\/web.facebook.com\/SmartCherry.cl\/\" \/>\n<meta property=\"article:published_time\" content=\"2023-05-05T15:01:05+00:00\" \/>\n<meta property=\"article:modified_time\" content=\"2023-05-05T15:01:06+00:00\" \/>\n<meta property=\"og:image\" content=\"https:\/\/smartcherry.cl\/wp-content\/uploads\/2023\/05\/macfrut-7.jpg\" \/>\n\t<meta property=\"og:image:width\" content=\"700\" \/>\n\t<meta property=\"og:image:height\" content=\"400\" \/>\n\t<meta property=\"og:image:type\" content=\"image\/jpeg\" \/>\n<meta name=\"author\" content=\"Smartcherry\" \/>\n<meta name=\"twitter:card\" content=\"summary_large_image\" \/>\n<meta name=\"twitter:creator\" content=\"@SmartCherry_cl\" \/>\n<meta name=\"twitter:site\" content=\"@SmartCherry_cl\" \/>\n<meta name=\"twitter:label1\" content=\"Written by\" \/>\n\t<meta name=\"twitter:data1\" content=\"Smartcherry\" \/>\n\t<meta name=\"twitter:label2\" content=\"Est. reading time\" \/>\n\t<meta name=\"twitter:data2\" content=\"2 minutes\" \/>\n<script type=\"application\/ld+json\" class=\"yoast-schema-graph\">{\"@context\":\"https:\\\/\\\/schema.org\",\"@graph\":[{\"@type\":\"Article\",\"@id\":\"https:\\\/\\\/smartcherry.cl\\\/noticias\\\/analisis-de-la-temporada-fruticola-y-futuro-de-las-agroexportacionesseran-temas-claves-en-el-octavo-encuentro-internacional-agrotrade\\\/#article\",\"isPartOf\":{\"@id\":\"https:\\\/\\\/smartcherry.cl\\\/noticias\\\/analisis-de-la-temporada-fruticola-y-futuro-de-las-agroexportacionesseran-temas-claves-en-el-octavo-encuentro-internacional-agrotrade\\\/\"},\"author\":{\"name\":\"Smartcherry\",\"@id\":\"https:\\\/\\\/smartcherry.cl\\\/#\\\/schema\\\/person\\\/cc5ad3fbb76cc15ccfacf38ce0684864\"},\"headline\":\"An\u00e1lisis de la temporada frut\u00edcola y futuro de las agroexportacionesser\u00e1n temas claves en el octavo encuentro internacional Agrotrade\",\"datePublished\":\"2023-05-05T15:01:05+00:00\",\"dateModified\":\"2023-05-05T15:01:06+00:00\",\"mainEntityOfPage\":{\"@id\":\"https:\\\/\\\/smartcherry.cl\\\/noticias\\\/analisis-de-la-temporada-fruticola-y-futuro-de-las-agroexportacionesseran-temas-claves-en-el-octavo-encuentro-internacional-agrotrade\\\/\"},\"wordCount\":423,\"publisher\":{\"@id\":\"https:\\\/\\\/smartcherry.cl\\\/#organization\"},\"image\":{\"@id\":\"https:\\\/\\\/smartcherry.cl\\\/noticias\\\/analisis-de-la-temporada-fruticola-y-futuro-de-las-agroexportacionesseran-temas-claves-en-el-octavo-encuentro-internacional-agrotrade\\\/#primaryimage\"},\"thumbnailUrl\":\"https:\\\/\\\/smartcherry.cl\\\/wp-content\\\/uploads\\\/2023\\\/05\\\/macfrut-7.jpg\",\"keywords\":[\"Fedefruta\",\"AGV\",\"Plantrade\",\"AMAGRO\"],\"articleSection\":[\"Noticias\"],\"inLanguage\":\"en-US\"},{\"@type\":\"WebPage\",\"@id\":\"https:\\\/\\\/smartcherry.cl\\\/noticias\\\/analisis-de-la-temporada-fruticola-y-futuro-de-las-agroexportacionesseran-temas-claves-en-el-octavo-encuentro-internacional-agrotrade\\\/\",\"url\":\"https:\\\/\\\/smartcherry.cl\\\/noticias\\\/analisis-de-la-temporada-fruticola-y-futuro-de-las-agroexportacionesseran-temas-claves-en-el-octavo-encuentro-internacional-agrotrade\\\/\",\"name\":\"An\u00e1lisis de la temporada frut\u00edcola y futuro de las agroexportacionesser\u00e1n temas claves en el octavo encuentro internacional Agrotrade - Smartcherry\",\"isPartOf\":{\"@id\":\"https:\\\/\\\/smartcherry.cl\\\/#website\"},\"primaryImageOfPage\":{\"@id\":\"https:\\\/\\\/smartcherry.cl\\\/noticias\\\/analisis-de-la-temporada-fruticola-y-futuro-de-las-agroexportacionesseran-temas-claves-en-el-octavo-encuentro-internacional-agrotrade\\\/#primaryimage\"},\"image\":{\"@id\":\"https:\\\/\\\/smartcherry.cl\\\/noticias\\\/analisis-de-la-temporada-fruticola-y-futuro-de-las-agroexportacionesseran-temas-claves-en-el-octavo-encuentro-internacional-agrotrade\\\/#primaryimage\"},\"thumbnailUrl\":\"https:\\\/\\\/smartcherry.cl\\\/wp-content\\\/uploads\\\/2023\\\/05\\\/macfrut-7.jpg\",\"datePublished\":\"2023-05-05T15:01:05+00:00\",\"dateModified\":\"2023-05-05T15:01:06+00:00\",\"breadcrumb\":{\"@id\":\"https:\\\/\\\/smartcherry.cl\\\/noticias\\\/analisis-de-la-temporada-fruticola-y-futuro-de-las-agroexportacionesseran-temas-claves-en-el-octavo-encuentro-internacional-agrotrade\\\/#breadcrumb\"},\"inLanguage\":\"en-US\",\"potentialAction\":[{\"@type\":\"ReadAction\",\"target\":[\"https:\\\/\\\/smartcherry.cl\\\/noticias\\\/analisis-de-la-temporada-fruticola-y-futuro-de-las-agroexportacionesseran-temas-claves-en-el-octavo-encuentro-internacional-agrotrade\\\/\"]}]},{\"@type\":\"ImageObject\",\"inLanguage\":\"en-US\",\"@id\":\"https:\\\/\\\/smartcherry.cl\\\/noticias\\\/analisis-de-la-temporada-fruticola-y-futuro-de-las-agroexportacionesseran-temas-claves-en-el-octavo-encuentro-internacional-agrotrade\\\/#primaryimage\",\"url\":\"https:\\\/\\\/smartcherry.cl\\\/wp-content\\\/uploads\\\/2023\\\/05\\\/macfrut-7.jpg\",\"contentUrl\":\"https:\\\/\\\/smartcherry.cl\\\/wp-content\\\/uploads\\\/2023\\\/05\\\/macfrut-7.jpg\",\"width\":700,\"height\":400},{\"@type\":\"BreadcrumbList\",\"@id\":\"https:\\\/\\\/smartcherry.cl\\\/noticias\\\/analisis-de-la-temporada-fruticola-y-futuro-de-las-agroexportacionesseran-temas-claves-en-el-octavo-encuentro-internacional-agrotrade\\\/#breadcrumb\",\"itemListElement\":[{\"@type\":\"ListItem\",\"position\":1,\"name\":\"Home\",\"item\":\"https:\\\/\\\/smartcherry.cl\\\/\"},{\"@type\":\"ListItem\",\"position\":2,\"name\":\"Noticias\",\"item\":\"https:\\\/\\\/smartcherry.cl\\\/category\\\/noticias\\\/\"},{\"@type\":\"ListItem\",\"position\":3,\"name\":\"An\u00e1lisis de la temporada frut\u00edcola y futuro de las agroexportacionesser\u00e1n temas claves en el octavo encuentro internacional Agrotrade\"}]},{\"@type\":\"WebSite\",\"@id\":\"https:\\\/\\\/smartcherry.cl\\\/#website\",\"url\":\"https:\\\/\\\/smartcherry.cl\\\/\",\"name\":\"Smartcherry\",\"description\":\"Sitio de Smartcherry\",\"publisher\":{\"@id\":\"https:\\\/\\\/smartcherry.cl\\\/#organization\"},\"potentialAction\":[{\"@type\":\"SearchAction\",\"target\":{\"@type\":\"EntryPoint\",\"urlTemplate\":\"https:\\\/\\\/smartcherry.cl\\\/?s={search_term_string}\"},\"query-input\":{\"@type\":\"PropertyValueSpecification\",\"valueRequired\":true,\"valueName\":\"search_term_string\"}}],\"inLanguage\":\"en-US\"},{\"@type\":\"Organization\",\"@id\":\"https:\\\/\\\/smartcherry.cl\\\/#organization\",\"name\":\"SmartCherry\",\"url\":\"https:\\\/\\\/smartcherry.cl\\\/\",\"logo\":{\"@type\":\"ImageObject\",\"inLanguage\":\"en-US\",\"@id\":\"https:\\\/\\\/smartcherry.cl\\\/#\\\/schema\\\/logo\\\/image\\\/\",\"url\":\"https:\\\/\\\/smartcherry.cl\\\/wp-content\\\/uploads\\\/2022\\\/02\\\/logo_smartcherry.png\",\"contentUrl\":\"https:\\\/\\\/smartcherry.cl\\\/wp-content\\\/uploads\\\/2022\\\/02\\\/logo_smartcherry.png\",\"width\":411,\"height\":84,\"caption\":\"SmartCherry\"},\"image\":{\"@id\":\"https:\\\/\\\/smartcherry.cl\\\/#\\\/schema\\\/logo\\\/image\\\/\"},\"sameAs\":[\"https:\\\/\\\/web.facebook.com\\\/SmartCherry.cl\\\/\",\"https:\\\/\\\/x.com\\\/SmartCherry_cl\",\"https:\\\/\\\/www.linkedin.com\\\/company\\\/smartcherry\\\/\",\"https:\\\/\\\/www.instagram.com\\\/smartcherry_cl\\\/\",\"https:\\\/\\\/www.youtube.com\\\/channel\\\/UCe007LfgFFnntDgCcqICbPQ\"]},{\"@type\":\"Person\",\"@id\":\"https:\\\/\\\/smartcherry.cl\\\/#\\\/schema\\\/person\\\/cc5ad3fbb76cc15ccfacf38ce0684864\",\"name\":\"Smartcherry\",\"image\":{\"@type\":\"ImageObject\",\"inLanguage\":\"en-US\",\"@id\":\"https:\\\/\\\/smartcherry.cl\\\/wp-content\\\/uploads\\\/2022\\\/03\\\/smartcherry-admin-user-96x96.png\",\"url\":\"https:\\\/\\\/smartcherry.cl\\\/wp-content\\\/uploads\\\/2022\\\/03\\\/smartcherry-admin-user-96x96.png\",\"contentUrl\":\"https:\\\/\\\/smartcherry.cl\\\/wp-content\\\/uploads\\\/2022\\\/03\\\/smartcherry-admin-user-96x96.png\",\"caption\":\"Smartcherry\"},\"url\":\"https:\\\/\\\/smartcherry.cl\\\/en\\\/author\\\/smartcherry\\\/\"}]}<\/script>\n<!-- \/ Yoast SEO Premium plugin. -->","yoast_head_json":{"title":"An\u00e1lisis de la temporada frut\u00edcola y futuro de las agroexportacionesser\u00e1n temas claves en el octavo encuentro internacional Agrotrade - Smartcherry","robots":{"index":"index","follow":"follow","max-snippet":"max-snippet:-1","max-image-preview":"max-image-preview:large","max-video-preview":"max-video-preview:-1"},"canonical":"https:\/\/smartcherry.cl\/en\/noticias\/analisis-de-la-temporada-fruticola-y-futuro-de-las-agroexportacionesseran-temas-claves-en-el-octavo-encuentro-internacional-agrotrade\/","og_locale":"en_US","og_type":"article","og_title":"An\u00e1lisis de la temporada frut\u00edcola y futuro de las agroexportacionesser\u00e1n temas claves en el octavo encuentro internacional Agrotrade","og_description":"El 24 de mayo pr\u00f3ximo se llevar\u00e1 a cabo en Centro de Convenciones Monticello este encuentro internacional, que contar\u00e1 con la presencia de destacados expositores, autoridades del agro, expertos e gen\u00e9tica frutal y sustentabilidad.","og_url":"https:\/\/smartcherry.cl\/en\/noticias\/analisis-de-la-temporada-fruticola-y-futuro-de-las-agroexportacionesseran-temas-claves-en-el-octavo-encuentro-internacional-agrotrade\/","og_site_name":"Smartcherry","article_publisher":"https:\/\/web.facebook.com\/SmartCherry.cl\/","article_published_time":"2023-05-05T15:01:05+00:00","article_modified_time":"2023-05-05T15:01:06+00:00","og_image":[{"width":700,"height":400,"url":"https:\/\/smartcherry.cl\/wp-content\/uploads\/2023\/05\/macfrut-7.jpg","type":"image\/jpeg"}],"author":"Smartcherry","twitter_card":"summary_large_image","twitter_creator":"@SmartCherry_cl","twitter_site":"@SmartCherry_cl","twitter_misc":{"Written by":"Smartcherry","Est. reading time":"2 minutes"},"schema":{"@context":"https:\/\/schema.org","@graph":[{"@type":"Article","@id":"https:\/\/smartcherry.cl\/noticias\/analisis-de-la-temporada-fruticola-y-futuro-de-las-agroexportacionesseran-temas-claves-en-el-octavo-encuentro-internacional-agrotrade\/#article","isPartOf":{"@id":"https:\/\/smartcherry.cl\/noticias\/analisis-de-la-temporada-fruticola-y-futuro-de-las-agroexportacionesseran-temas-claves-en-el-octavo-encuentro-internacional-agrotrade\/"},"author":{"name":"Smartcherry","@id":"https:\/\/smartcherry.cl\/#\/schema\/person\/cc5ad3fbb76cc15ccfacf38ce0684864"},"headline":"An\u00e1lisis de la temporada frut\u00edcola y futuro de las agroexportacionesser\u00e1n temas claves en el octavo encuentro internacional Agrotrade","datePublished":"2023-05-05T15:01:05+00:00","dateModified":"2023-05-05T15:01:06+00:00","mainEntityOfPage":{"@id":"https:\/\/smartcherry.cl\/noticias\/analisis-de-la-temporada-fruticola-y-futuro-de-las-agroexportacionesseran-temas-claves-en-el-octavo-encuentro-internacional-agrotrade\/"},"wordCount":423,"publisher":{"@id":"https:\/\/smartcherry.cl\/#organization"},"image":{"@id":"https:\/\/smartcherry.cl\/noticias\/analisis-de-la-temporada-fruticola-y-futuro-de-las-agroexportacionesseran-temas-claves-en-el-octavo-encuentro-internacional-agrotrade\/#primaryimage"},"thumbnailUrl":"https:\/\/smartcherry.cl\/wp-content\/uploads\/2023\/05\/macfrut-7.jpg","keywords":["Fedefruta","AGV","Plantrade","AMAGRO"],"articleSection":["Noticias"],"inLanguage":"en-US"},{"@type":"WebPage","@id":"https:\/\/smartcherry.cl\/noticias\/analisis-de-la-temporada-fruticola-y-futuro-de-las-agroexportacionesseran-temas-claves-en-el-octavo-encuentro-internacional-agrotrade\/","url":"https:\/\/smartcherry.cl\/noticias\/analisis-de-la-temporada-fruticola-y-futuro-de-las-agroexportacionesseran-temas-claves-en-el-octavo-encuentro-internacional-agrotrade\/","name":"An\u00e1lisis de la temporada frut\u00edcola y futuro de las agroexportacionesser\u00e1n temas claves en el octavo encuentro internacional Agrotrade - Smartcherry","isPartOf":{"@id":"https:\/\/smartcherry.cl\/#website"},"primaryImageOfPage":{"@id":"https:\/\/smartcherry.cl\/noticias\/analisis-de-la-temporada-fruticola-y-futuro-de-las-agroexportacionesseran-temas-claves-en-el-octavo-encuentro-internacional-agrotrade\/#primaryimage"},"image":{"@id":"https:\/\/smartcherry.cl\/noticias\/analisis-de-la-temporada-fruticola-y-futuro-de-las-agroexportacionesseran-temas-claves-en-el-octavo-encuentro-internacional-agrotrade\/#primaryimage"},"thumbnailUrl":"https:\/\/smartcherry.cl\/wp-content\/uploads\/2023\/05\/macfrut-7.jpg","datePublished":"2023-05-05T15:01:05+00:00","dateModified":"2023-05-05T15:01:06+00:00","breadcrumb":{"@id":"https:\/\/smartcherry.cl\/noticias\/analisis-de-la-temporada-fruticola-y-futuro-de-las-agroexportacionesseran-temas-claves-en-el-octavo-encuentro-internacional-agrotrade\/#breadcrumb"},"inLanguage":"en-US","potentialAction":[{"@type":"ReadAction","target":["https:\/\/smartcherry.cl\/noticias\/analisis-de-la-temporada-fruticola-y-futuro-de-las-agroexportacionesseran-temas-claves-en-el-octavo-encuentro-internacional-agrotrade\/"]}]},{"@type":"ImageObject","inLanguage":"en-US","@id":"https:\/\/smartcherry.cl\/noticias\/analisis-de-la-temporada-fruticola-y-futuro-de-las-agroexportacionesseran-temas-claves-en-el-octavo-encuentro-internacional-agrotrade\/#primaryimage","url":"https:\/\/smartcherry.cl\/wp-content\/uploads\/2023\/05\/macfrut-7.jpg","contentUrl":"https:\/\/smartcherry.cl\/wp-content\/uploads\/2023\/05\/macfrut-7.jpg","width":700,"height":400},{"@type":"BreadcrumbList","@id":"https:\/\/smartcherry.cl\/noticias\/analisis-de-la-temporada-fruticola-y-futuro-de-las-agroexportacionesseran-temas-claves-en-el-octavo-encuentro-internacional-agrotrade\/#breadcrumb","itemListElement":[{"@type":"ListItem","position":1,"name":"Home","item":"https:\/\/smartcherry.cl\/"},{"@type":"ListItem","position":2,"name":"Noticias","item":"https:\/\/smartcherry.cl\/category\/noticias\/"},{"@type":"ListItem","position":3,"name":"An\u00e1lisis de la temporada frut\u00edcola y futuro de las agroexportacionesser\u00e1n temas claves en el octavo encuentro internacional Agrotrade"}]},{"@type":"WebSite","@id":"https:\/\/smartcherry.cl\/#website","url":"https:\/\/smartcherry.cl\/","name":"Smartcherry","description":"Smartcherry Site","publisher":{"@id":"https:\/\/smartcherry.cl\/#organization"},"potentialAction":[{"@type":"SearchAction","target":{"@type":"EntryPoint","urlTemplate":"https:\/\/smartcherry.cl\/?s={search_term_string}"},"query-input":{"@type":"PropertyValueSpecification","valueRequired":true,"valueName":"search_term_string"}}],"inLanguage":"en-US"},{"@type":"Organization","@id":"https:\/\/smartcherry.cl\/#organization","name":"SmartCherry","url":"https:\/\/smartcherry.cl\/","logo":{"@type":"ImageObject","inLanguage":"en-US","@id":"https:\/\/smartcherry.cl\/#\/schema\/logo\/image\/","url":"https:\/\/smartcherry.cl\/wp-content\/uploads\/2022\/02\/logo_smartcherry.png","contentUrl":"https:\/\/smartcherry.cl\/wp-content\/uploads\/2022\/02\/logo_smartcherry.png","width":411,"height":84,"caption":"SmartCherry"},"image":{"@id":"https:\/\/smartcherry.cl\/#\/schema\/logo\/image\/"},"sameAs":["https:\/\/web.facebook.com\/SmartCherry.cl\/","https:\/\/x.com\/SmartCherry_cl","https:\/\/www.linkedin.com\/company\/smartcherry\/","https:\/\/www.instagram.com\/smartcherry_cl\/","https:\/\/www.youtube.com\/channel\/UCe007LfgFFnntDgCcqICbPQ"]},{"@type":"Person","@id":"https:\/\/smartcherry.cl\/#\/schema\/person\/cc5ad3fbb76cc15ccfacf38ce0684864","name":"Smartcherry","image":{"@type":"ImageObject","inLanguage":"en-US","@id":"https:\/\/smartcherry.cl\/wp-content\/uploads\/2022\/03\/smartcherry-admin-user-96x96.png","url":"https:\/\/smartcherry.cl\/wp-content\/uploads\/2022\/03\/smartcherry-admin-user-96x96.png","contentUrl":"https:\/\/smartcherry.cl\/wp-content\/uploads\/2022\/03\/smartcherry-admin-user-96x96.png","caption":"Smartcherry"},"url":"https:\/\/smartcherry.cl\/en\/author\/smartcherry\/"}]}},"_links":{"self":[{"href":"https:\/\/smartcherry.cl\/en\/wp-json\/wp\/v2\/posts\/22263","targetHints":{"allow":["GET"]}}],"collection":[{"href":"https:\/\/smartcherry.cl\/en\/wp-json\/wp\/v2\/posts"}],"about":[{"href":"https:\/\/smartcherry.cl\/en\/wp-json\/wp\/v2\/types\/post"}],"author":[{"embeddable":true,"href":"https:\/\/smartcherry.cl\/en\/wp-json\/wp\/v2\/users\/224"}],"replies":[{"embeddable":true,"href":"https:\/\/smartcherry.cl\/en\/wp-json\/wp\/v2\/comments?post=22263"}],"version-history":[{"count":0,"href":"https:\/\/smartcherry.cl\/en\/wp-json\/wp\/v2\/posts\/22263\/revisions"}],"wp:featuredmedia":[{"embeddable":true,"href":"https:\/\/smartcherry.cl\/en\/wp-json\/wp\/v2\/media\/22264"}],"wp:attachment":[{"href":"https:\/\/smartcherry.cl\/en\/wp-json\/wp\/v2\/media?parent=22263"}],"wp:term":[{"taxonomy":"category","embeddable":true,"href":"https:\/\/smartcherry.cl\/en\/wp-json\/wp\/v2\/categories?post=22263"},{"taxonomy":"post_tag","embeddable":true,"href":"https:\/\/smartcherry.cl\/en\/wp-json\/wp\/v2\/tags?post=22263"},{"taxonomy":"category_proveedor","embeddable":true,"href":"https:\/\/smartcherry.cl\/en\/wp-json\/wp\/v2\/category_proveedor?post=22263"},{"taxonomy":"pais","embeddable":true,"href":"https:\/\/smartcherry.cl\/en\/wp-json\/wp\/v2\/pais?post=22263"}],"curies":[{"name":"wp","href":"https:\/\/api.w.org\/{rel}","templated":true}]}}