{"id":22094,"date":"2023-04-28T14:11:58","date_gmt":"2023-04-28T17:11:58","guid":{"rendered":"https:\/\/smartcherry.cl\/?p=22094"},"modified":"2023-04-28T14:11:59","modified_gmt":"2023-04-28T17:11:59","slug":"lluvias-importantes-asociadas-a-un-rio-atmosferico-en-aproximacion-al-pais","status":"publish","type":"post","link":"https:\/\/smartcherry.cl\/en\/clima\/lluvias-importantes-asociadas-a-un-rio-atmosferico-en-aproximacion-al-pais\/","title":{"rendered":"Heavy rains associated with an atmospheric river approaching the country"},"content":{"rendered":"<p>We decided to publish an extra weather report, due to the impact of the atmospheric river that is visible and that will begin to show its effects from this Friday, especially in the central and southern areas of Chile, with episodes of rain, as well as beginning in May, episodes of frost that will be present on a recurring basis, especially in agricultural areas, which can fall by<br>below 0\u00b0C. <\/p>\n\n\n\n<p>Below is the specific information for each area: <\/p>\n\n\n\n<p><strong>SOUTH ZONE:<\/strong> A rainy storm associated with the impact of an atmospheric river in the area will cause possible rainfall accumulations of over 100mm, mainly along the coast from Concepci\u00f3n to Valdivia, so it is highly recommended to take the necessary precautions in the face of this potential storm. <\/p>\n\n\n\n<p>Towards the valleys, potential accumulations are estimated between 50 and 100 mm. Another important condition will be the winds, which can occur with gusts of 40 to 70 kph.<\/p>\n\n\n\n<p>The isotherm will be between 1,500 and 2,000 meters. From Monday onwards, the dominant condition will be low temperatures, associated with the presence of the cold air mass, so it will be a week with recurrent morning frosts.<\/p>\n\n\n\n<p><strong>CENTRAL ZONE:<\/strong> Effects of the atmospheric river will also be present in the central zone, waiting<br>that rain began on Friday night and continued until midday on Sunday.<\/p>\n\n\n\n<p>Potential accumulations are estimated from 40 to 70 mm between O&#039;Higgins and Biob\u00edo and from 15 to 35 mm between the RM and Valpara\u00edso.<\/p>\n\n\n\n<p>ISOTHERM 0\u00b0 BETWEEN 2900 TO 3100 METERS.<\/p>\n\n\n\n<p>Beginning in May, frost will be present on a recurring basis, especially in agricultural areas, where temperatures may drop below 0\u00b0C.<\/p>\n\n\n\n<p><strong>NORTHERN ZONE (Coquimbo \u2013 Atacama):<\/strong> Generally stable conditions. Mornings with minimum values between 3\u00b0 and 6\u00b0C in agricultural areas and maximum values between 25\u00b0 and 29\u00b0C.<\/p>\n\n\n\n<p>Constant fog in the coastal area at least until Sunday. The atmospheric river will not have any effects in the northern area, so conditions will be mostly stable.<\/p>\n\n\n\n<p>In summary:<br>-Atmospheric river affecting the central and southern areas, starting on Thursday in the south and starting on Friday night in the central area.<br>-High accumulations in the coastal area of the south of the country.<br>-Very high 0\u00b0 isotherm in the central zone.<br>-Morning frosts in agricultural areas next week, from the south to the central part of the country.<\/p>\n\n\n\n<figure class=\"wp-block-image aligncenter size-full is-resized\"><img fetchpriority=\"high\" decoding=\"async\" src=\"https:\/\/smartcherry.cl\/wp-content\/uploads\/2023\/04\/Captura-de-pantalla-2023-04-28-a-las-13.06.12.jpg\" alt=\"\" class=\"wp-image-22095\" width=\"630\" height=\"637\" srcset=\"https:\/\/smartcherry.cl\/wp-content\/uploads\/2023\/04\/Captura-de-pantalla-2023-04-28-a-las-13.06.12.jpg 884w, https:\/\/smartcherry.cl\/wp-content\/uploads\/2023\/04\/Captura-de-pantalla-2023-04-28-a-las-13.06.12-297x300.jpg 297w, https:\/\/smartcherry.cl\/wp-content\/uploads\/2023\/04\/Captura-de-pantalla-2023-04-28-a-las-13.06.12-768x777.jpg 768w, https:\/\/smartcherry.cl\/wp-content\/uploads\/2023\/04\/Captura-de-pantalla-2023-04-28-a-las-13.06.12-24x24.jpg 24w, https:\/\/smartcherry.cl\/wp-content\/uploads\/2023\/04\/Captura-de-pantalla-2023-04-28-a-las-13.06.12-48x48.jpg 48w, https:\/\/smartcherry.cl\/wp-content\/uploads\/2023\/04\/Captura-de-pantalla-2023-04-28-a-las-13.06.12-96x96.jpg 96w\" sizes=\"(max-width: 630px) 100vw, 630px\" \/><figcaption class=\"wp-element-caption\"><em>Map shows possible total rainfall accumulations in millimeters through April 30.<\/em><\/figcaption><\/figure>\n\n\n\n<p>The previous general forecast was made by the company GlobalMet, who have the best tool for farmers, providing their clients with a personal meteorologist service, who knows their field and provides them with a forecast up to 30 days in advance. <\/p>\n\n\n\n<p>Through the App to which access is provided along with the service, you can consult variables such as temperature, humidity, cloudiness, rain, wind, radiation, thermal sensation, dew point, evapotranspiration, among others, accompanied by graphics by day and time and if you need an explanation about any of the variants or information about a specific event, you will also have a WhatsApp group where the meteorologist assigned to your field will answer all your questions. <\/p>\n\n\n\n<p>GlobalMet&#039;s job is to provide producers with accurate information on the variables that will be present at their specific point so that they can have better planning and decision making in the field, for example, during frost season it can provide information on what day it will freeze and how long it will last, thus they can better use their frost control system and apply climate stress products; all of this will be directly reflected in the producer&#039;s pocket.<\/p>\n\n\n\n<p>Remember that the forecast for the end of this week and the next, speaks of the presence of frosts that will be present on a recurring basis, especially in the agricultural areas of central and southern Chile, which may fall below 0\u00b0C.<\/p>\n\n\n\n<p>For these cases, prepare yourself with AGROS-3, a systemic cell penetrant with an anti-freeze effect. It mobilizes nutrients and is quickly absorbed by active plant tissues, becoming part of the sap flow, reaching all the ends of the plant. It mobilizes calcium, boron and other salts, preventing precipitation. <\/p>\n\n\n\n<p>It is a nutritional regulator, biostimulant, restores magnesium deficiencies, reduces osmotic adjustment and increases tissue resistance to cold, available at Vadpagro.<\/p>\n\n\n\n<p>We invite you to listen to the podcast about AGROS-3 that will be available next week on the Vadpagro minisite on Smartcherry.<\/p>\n\n\n\n<div class=\"wp-block-buttons is-content-justification-center is-layout-flex wp-container-core-buttons-is-layout-a89b3969 wp-block-buttons-is-layout-flex\">\n<div class=\"wp-block-button\"><a class=\"wp-block-button__link wp-element-button\" href=\"https:\/\/smartcherry.cl\/en\/proveedores\/vadpagro\/\">More from Vadpagro<\/a><\/div>\n<\/div>","protected":false},"excerpt":{"rendered":"<p>This weather report by Vadpagro in conjunction with GlobalMet covers the period from April 25 to May 5. <\/p>","protected":false},"author":224,"featured_media":22096,"comment_status":"closed","ping_status":"open","sticky":false,"template":"","format":"standard","meta":{"_acf_changed":false,"inline_featured_image":false,"footnotes":""},"categories":[430],"tags":[125,165,206,2306,2508],"category_proveedor":[],"pais":[],"class_list":["post-22094","post","type-post","status-publish","format-standard","has-post-thumbnail","hentry","category-clima","tag-cerezos","tag-huertos","tag-clima","tag-vadpagro","tag-globalmet"],"acf":[],"yoast_head":"<!-- This site is optimized with the Yoast SEO Premium plugin v21.3 (Yoast SEO v27.3) - https:\/\/yoast.com\/product\/yoast-seo-premium-wordpress\/ -->\n<title>Lluvias importantes asociadas a un r\u00edo atmosf\u00e9rico en aproximaci\u00f3n al pa\u00eds - Smartcherry<\/title>\n<meta name=\"robots\" content=\"index, follow, max-snippet:-1, max-image-preview:large, max-video-preview:-1\" \/>\n<link rel=\"canonical\" href=\"https:\/\/smartcherry.cl\/en\/clima\/lluvias-importantes-asociadas-a-un-rio-atmosferico-en-aproximacion-al-pais\/\" \/>\n<meta property=\"og:locale\" content=\"en_US\" \/>\n<meta property=\"og:type\" content=\"article\" \/>\n<meta property=\"og:title\" content=\"Lluvias importantes asociadas a un r\u00edo atmosf\u00e9rico en aproximaci\u00f3n al pa\u00eds\" \/>\n<meta property=\"og:description\" content=\"Este informe meteorol\u00f3gico de Vadpagro en conjunto con GlobalMet, abarca desde el 25 de abril al 5 de mayo.\" \/>\n<meta property=\"og:url\" content=\"https:\/\/smartcherry.cl\/en\/clima\/lluvias-importantes-asociadas-a-un-rio-atmosferico-en-aproximacion-al-pais\/\" \/>\n<meta property=\"og:site_name\" content=\"Smartcherry\" \/>\n<meta property=\"article:publisher\" content=\"https:\/\/web.facebook.com\/SmartCherry.cl\/\" \/>\n<meta property=\"article:published_time\" content=\"2023-04-28T17:11:58+00:00\" \/>\n<meta property=\"article:modified_time\" content=\"2023-04-28T17:11:59+00:00\" \/>\n<meta property=\"og:image\" content=\"https:\/\/smartcherry.cl\/wp-content\/uploads\/2023\/04\/corteva-1-2.jpg\" \/>\n\t<meta property=\"og:image:width\" content=\"700\" \/>\n\t<meta property=\"og:image:height\" content=\"400\" \/>\n\t<meta property=\"og:image:type\" content=\"image\/jpeg\" \/>\n<meta name=\"author\" content=\"Smartcherry\" \/>\n<meta name=\"twitter:card\" content=\"summary_large_image\" \/>\n<meta name=\"twitter:creator\" content=\"@SmartCherry_cl\" \/>\n<meta name=\"twitter:site\" content=\"@SmartCherry_cl\" \/>\n<meta name=\"twitter:label1\" content=\"Written by\" \/>\n\t<meta name=\"twitter:data1\" content=\"Smartcherry\" \/>\n\t<meta name=\"twitter:label2\" content=\"Est. reading time\" \/>\n\t<meta name=\"twitter:data2\" content=\"4 minutes\" \/>\n<script type=\"application\/ld+json\" class=\"yoast-schema-graph\">{\"@context\":\"https:\\\/\\\/schema.org\",\"@graph\":[{\"@type\":\"Article\",\"@id\":\"https:\\\/\\\/smartcherry.cl\\\/clima\\\/lluvias-importantes-asociadas-a-un-rio-atmosferico-en-aproximacion-al-pais\\\/#article\",\"isPartOf\":{\"@id\":\"https:\\\/\\\/smartcherry.cl\\\/clima\\\/lluvias-importantes-asociadas-a-un-rio-atmosferico-en-aproximacion-al-pais\\\/\"},\"author\":{\"name\":\"Smartcherry\",\"@id\":\"https:\\\/\\\/smartcherry.cl\\\/#\\\/schema\\\/person\\\/cc5ad3fbb76cc15ccfacf38ce0684864\"},\"headline\":\"Lluvias importantes asociadas a un r\u00edo atmosf\u00e9rico en aproximaci\u00f3n al pa\u00eds\",\"datePublished\":\"2023-04-28T17:11:58+00:00\",\"dateModified\":\"2023-04-28T17:11:59+00:00\",\"mainEntityOfPage\":{\"@id\":\"https:\\\/\\\/smartcherry.cl\\\/clima\\\/lluvias-importantes-asociadas-a-un-rio-atmosferico-en-aproximacion-al-pais\\\/\"},\"wordCount\":848,\"publisher\":{\"@id\":\"https:\\\/\\\/smartcherry.cl\\\/#organization\"},\"image\":{\"@id\":\"https:\\\/\\\/smartcherry.cl\\\/clima\\\/lluvias-importantes-asociadas-a-un-rio-atmosferico-en-aproximacion-al-pais\\\/#primaryimage\"},\"thumbnailUrl\":\"https:\\\/\\\/smartcherry.cl\\\/wp-content\\\/uploads\\\/2023\\\/04\\\/corteva-1-2.jpg\",\"keywords\":[\"cerezos\",\"huertos\",\"clima\",\"Vadpagro\",\"GlobalMet\"],\"articleSection\":[\"Clima\"],\"inLanguage\":\"en-US\"},{\"@type\":\"WebPage\",\"@id\":\"https:\\\/\\\/smartcherry.cl\\\/clima\\\/lluvias-importantes-asociadas-a-un-rio-atmosferico-en-aproximacion-al-pais\\\/\",\"url\":\"https:\\\/\\\/smartcherry.cl\\\/clima\\\/lluvias-importantes-asociadas-a-un-rio-atmosferico-en-aproximacion-al-pais\\\/\",\"name\":\"Lluvias importantes asociadas a un r\u00edo atmosf\u00e9rico en aproximaci\u00f3n al pa\u00eds - Smartcherry\",\"isPartOf\":{\"@id\":\"https:\\\/\\\/smartcherry.cl\\\/#website\"},\"primaryImageOfPage\":{\"@id\":\"https:\\\/\\\/smartcherry.cl\\\/clima\\\/lluvias-importantes-asociadas-a-un-rio-atmosferico-en-aproximacion-al-pais\\\/#primaryimage\"},\"image\":{\"@id\":\"https:\\\/\\\/smartcherry.cl\\\/clima\\\/lluvias-importantes-asociadas-a-un-rio-atmosferico-en-aproximacion-al-pais\\\/#primaryimage\"},\"thumbnailUrl\":\"https:\\\/\\\/smartcherry.cl\\\/wp-content\\\/uploads\\\/2023\\\/04\\\/corteva-1-2.jpg\",\"datePublished\":\"2023-04-28T17:11:58+00:00\",\"dateModified\":\"2023-04-28T17:11:59+00:00\",\"breadcrumb\":{\"@id\":\"https:\\\/\\\/smartcherry.cl\\\/clima\\\/lluvias-importantes-asociadas-a-un-rio-atmosferico-en-aproximacion-al-pais\\\/#breadcrumb\"},\"inLanguage\":\"en-US\",\"potentialAction\":[{\"@type\":\"ReadAction\",\"target\":[\"https:\\\/\\\/smartcherry.cl\\\/clima\\\/lluvias-importantes-asociadas-a-un-rio-atmosferico-en-aproximacion-al-pais\\\/\"]}]},{\"@type\":\"ImageObject\",\"inLanguage\":\"en-US\",\"@id\":\"https:\\\/\\\/smartcherry.cl\\\/clima\\\/lluvias-importantes-asociadas-a-un-rio-atmosferico-en-aproximacion-al-pais\\\/#primaryimage\",\"url\":\"https:\\\/\\\/smartcherry.cl\\\/wp-content\\\/uploads\\\/2023\\\/04\\\/corteva-1-2.jpg\",\"contentUrl\":\"https:\\\/\\\/smartcherry.cl\\\/wp-content\\\/uploads\\\/2023\\\/04\\\/corteva-1-2.jpg\",\"width\":700,\"height\":400},{\"@type\":\"BreadcrumbList\",\"@id\":\"https:\\\/\\\/smartcherry.cl\\\/clima\\\/lluvias-importantes-asociadas-a-un-rio-atmosferico-en-aproximacion-al-pais\\\/#breadcrumb\",\"itemListElement\":[{\"@type\":\"ListItem\",\"position\":1,\"name\":\"Home\",\"item\":\"https:\\\/\\\/smartcherry.cl\\\/\"},{\"@type\":\"ListItem\",\"position\":2,\"name\":\"Clima\",\"item\":\"https:\\\/\\\/smartcherry.cl\\\/category\\\/clima\\\/\"},{\"@type\":\"ListItem\",\"position\":3,\"name\":\"Lluvias importantes asociadas a un r\u00edo atmosf\u00e9rico en aproximaci\u00f3n al pa\u00eds\"}]},{\"@type\":\"WebSite\",\"@id\":\"https:\\\/\\\/smartcherry.cl\\\/#website\",\"url\":\"https:\\\/\\\/smartcherry.cl\\\/\",\"name\":\"Smartcherry\",\"description\":\"Sitio de Smartcherry\",\"publisher\":{\"@id\":\"https:\\\/\\\/smartcherry.cl\\\/#organization\"},\"potentialAction\":[{\"@type\":\"SearchAction\",\"target\":{\"@type\":\"EntryPoint\",\"urlTemplate\":\"https:\\\/\\\/smartcherry.cl\\\/?s={search_term_string}\"},\"query-input\":{\"@type\":\"PropertyValueSpecification\",\"valueRequired\":true,\"valueName\":\"search_term_string\"}}],\"inLanguage\":\"en-US\"},{\"@type\":\"Organization\",\"@id\":\"https:\\\/\\\/smartcherry.cl\\\/#organization\",\"name\":\"SmartCherry\",\"url\":\"https:\\\/\\\/smartcherry.cl\\\/\",\"logo\":{\"@type\":\"ImageObject\",\"inLanguage\":\"en-US\",\"@id\":\"https:\\\/\\\/smartcherry.cl\\\/#\\\/schema\\\/logo\\\/image\\\/\",\"url\":\"https:\\\/\\\/smartcherry.cl\\\/wp-content\\\/uploads\\\/2022\\\/02\\\/logo_smartcherry.png\",\"contentUrl\":\"https:\\\/\\\/smartcherry.cl\\\/wp-content\\\/uploads\\\/2022\\\/02\\\/logo_smartcherry.png\",\"width\":411,\"height\":84,\"caption\":\"SmartCherry\"},\"image\":{\"@id\":\"https:\\\/\\\/smartcherry.cl\\\/#\\\/schema\\\/logo\\\/image\\\/\"},\"sameAs\":[\"https:\\\/\\\/web.facebook.com\\\/SmartCherry.cl\\\/\",\"https:\\\/\\\/x.com\\\/SmartCherry_cl\",\"https:\\\/\\\/www.linkedin.com\\\/company\\\/smartcherry\\\/\",\"https:\\\/\\\/www.instagram.com\\\/smartcherry_cl\\\/\",\"https:\\\/\\\/www.youtube.com\\\/channel\\\/UCe007LfgFFnntDgCcqICbPQ\"]},{\"@type\":\"Person\",\"@id\":\"https:\\\/\\\/smartcherry.cl\\\/#\\\/schema\\\/person\\\/cc5ad3fbb76cc15ccfacf38ce0684864\",\"name\":\"Smartcherry\",\"image\":{\"@type\":\"ImageObject\",\"inLanguage\":\"en-US\",\"@id\":\"https:\\\/\\\/smartcherry.cl\\\/wp-content\\\/uploads\\\/2022\\\/03\\\/smartcherry-admin-user-96x96.png\",\"url\":\"https:\\\/\\\/smartcherry.cl\\\/wp-content\\\/uploads\\\/2022\\\/03\\\/smartcherry-admin-user-96x96.png\",\"contentUrl\":\"https:\\\/\\\/smartcherry.cl\\\/wp-content\\\/uploads\\\/2022\\\/03\\\/smartcherry-admin-user-96x96.png\",\"caption\":\"Smartcherry\"},\"url\":\"https:\\\/\\\/smartcherry.cl\\\/en\\\/author\\\/smartcherry\\\/\"}]}<\/script>\n<!-- \/ Yoast SEO Premium plugin. -->","yoast_head_json":{"title":"Lluvias importantes asociadas a un r\u00edo atmosf\u00e9rico en aproximaci\u00f3n al pa\u00eds - Smartcherry","robots":{"index":"index","follow":"follow","max-snippet":"max-snippet:-1","max-image-preview":"max-image-preview:large","max-video-preview":"max-video-preview:-1"},"canonical":"https:\/\/smartcherry.cl\/en\/clima\/lluvias-importantes-asociadas-a-un-rio-atmosferico-en-aproximacion-al-pais\/","og_locale":"en_US","og_type":"article","og_title":"Lluvias importantes asociadas a un r\u00edo atmosf\u00e9rico en aproximaci\u00f3n al pa\u00eds","og_description":"Este informe meteorol\u00f3gico de Vadpagro en conjunto con GlobalMet, abarca desde el 25 de abril al 5 de mayo.","og_url":"https:\/\/smartcherry.cl\/en\/clima\/lluvias-importantes-asociadas-a-un-rio-atmosferico-en-aproximacion-al-pais\/","og_site_name":"Smartcherry","article_publisher":"https:\/\/web.facebook.com\/SmartCherry.cl\/","article_published_time":"2023-04-28T17:11:58+00:00","article_modified_time":"2023-04-28T17:11:59+00:00","og_image":[{"width":700,"height":400,"url":"https:\/\/smartcherry.cl\/wp-content\/uploads\/2023\/04\/corteva-1-2.jpg","type":"image\/jpeg"}],"author":"Smartcherry","twitter_card":"summary_large_image","twitter_creator":"@SmartCherry_cl","twitter_site":"@SmartCherry_cl","twitter_misc":{"Written by":"Smartcherry","Est. reading time":"4 minutes"},"schema":{"@context":"https:\/\/schema.org","@graph":[{"@type":"Article","@id":"https:\/\/smartcherry.cl\/clima\/lluvias-importantes-asociadas-a-un-rio-atmosferico-en-aproximacion-al-pais\/#article","isPartOf":{"@id":"https:\/\/smartcherry.cl\/clima\/lluvias-importantes-asociadas-a-un-rio-atmosferico-en-aproximacion-al-pais\/"},"author":{"name":"Smartcherry","@id":"https:\/\/smartcherry.cl\/#\/schema\/person\/cc5ad3fbb76cc15ccfacf38ce0684864"},"headline":"Lluvias importantes asociadas a un r\u00edo atmosf\u00e9rico en aproximaci\u00f3n al pa\u00eds","datePublished":"2023-04-28T17:11:58+00:00","dateModified":"2023-04-28T17:11:59+00:00","mainEntityOfPage":{"@id":"https:\/\/smartcherry.cl\/clima\/lluvias-importantes-asociadas-a-un-rio-atmosferico-en-aproximacion-al-pais\/"},"wordCount":848,"publisher":{"@id":"https:\/\/smartcherry.cl\/#organization"},"image":{"@id":"https:\/\/smartcherry.cl\/clima\/lluvias-importantes-asociadas-a-un-rio-atmosferico-en-aproximacion-al-pais\/#primaryimage"},"thumbnailUrl":"https:\/\/smartcherry.cl\/wp-content\/uploads\/2023\/04\/corteva-1-2.jpg","keywords":["cerezos","huertos","clima","Vadpagro","GlobalMet"],"articleSection":["Clima"],"inLanguage":"en-US"},{"@type":"WebPage","@id":"https:\/\/smartcherry.cl\/clima\/lluvias-importantes-asociadas-a-un-rio-atmosferico-en-aproximacion-al-pais\/","url":"https:\/\/smartcherry.cl\/clima\/lluvias-importantes-asociadas-a-un-rio-atmosferico-en-aproximacion-al-pais\/","name":"Lluvias importantes asociadas a un r\u00edo atmosf\u00e9rico en aproximaci\u00f3n al pa\u00eds - Smartcherry","isPartOf":{"@id":"https:\/\/smartcherry.cl\/#website"},"primaryImageOfPage":{"@id":"https:\/\/smartcherry.cl\/clima\/lluvias-importantes-asociadas-a-un-rio-atmosferico-en-aproximacion-al-pais\/#primaryimage"},"image":{"@id":"https:\/\/smartcherry.cl\/clima\/lluvias-importantes-asociadas-a-un-rio-atmosferico-en-aproximacion-al-pais\/#primaryimage"},"thumbnailUrl":"https:\/\/smartcherry.cl\/wp-content\/uploads\/2023\/04\/corteva-1-2.jpg","datePublished":"2023-04-28T17:11:58+00:00","dateModified":"2023-04-28T17:11:59+00:00","breadcrumb":{"@id":"https:\/\/smartcherry.cl\/clima\/lluvias-importantes-asociadas-a-un-rio-atmosferico-en-aproximacion-al-pais\/#breadcrumb"},"inLanguage":"en-US","potentialAction":[{"@type":"ReadAction","target":["https:\/\/smartcherry.cl\/clima\/lluvias-importantes-asociadas-a-un-rio-atmosferico-en-aproximacion-al-pais\/"]}]},{"@type":"ImageObject","inLanguage":"en-US","@id":"https:\/\/smartcherry.cl\/clima\/lluvias-importantes-asociadas-a-un-rio-atmosferico-en-aproximacion-al-pais\/#primaryimage","url":"https:\/\/smartcherry.cl\/wp-content\/uploads\/2023\/04\/corteva-1-2.jpg","contentUrl":"https:\/\/smartcherry.cl\/wp-content\/uploads\/2023\/04\/corteva-1-2.jpg","width":700,"height":400},{"@type":"BreadcrumbList","@id":"https:\/\/smartcherry.cl\/clima\/lluvias-importantes-asociadas-a-un-rio-atmosferico-en-aproximacion-al-pais\/#breadcrumb","itemListElement":[{"@type":"ListItem","position":1,"name":"Home","item":"https:\/\/smartcherry.cl\/"},{"@type":"ListItem","position":2,"name":"Clima","item":"https:\/\/smartcherry.cl\/category\/clima\/"},{"@type":"ListItem","position":3,"name":"Lluvias importantes asociadas a un r\u00edo atmosf\u00e9rico en aproximaci\u00f3n al pa\u00eds"}]},{"@type":"WebSite","@id":"https:\/\/smartcherry.cl\/#website","url":"https:\/\/smartcherry.cl\/","name":"Smartcherry","description":"Smartcherry Site","publisher":{"@id":"https:\/\/smartcherry.cl\/#organization"},"potentialAction":[{"@type":"SearchAction","target":{"@type":"EntryPoint","urlTemplate":"https:\/\/smartcherry.cl\/?s={search_term_string}"},"query-input":{"@type":"PropertyValueSpecification","valueRequired":true,"valueName":"search_term_string"}}],"inLanguage":"en-US"},{"@type":"Organization","@id":"https:\/\/smartcherry.cl\/#organization","name":"SmartCherry","url":"https:\/\/smartcherry.cl\/","logo":{"@type":"ImageObject","inLanguage":"en-US","@id":"https:\/\/smartcherry.cl\/#\/schema\/logo\/image\/","url":"https:\/\/smartcherry.cl\/wp-content\/uploads\/2022\/02\/logo_smartcherry.png","contentUrl":"https:\/\/smartcherry.cl\/wp-content\/uploads\/2022\/02\/logo_smartcherry.png","width":411,"height":84,"caption":"SmartCherry"},"image":{"@id":"https:\/\/smartcherry.cl\/#\/schema\/logo\/image\/"},"sameAs":["https:\/\/web.facebook.com\/SmartCherry.cl\/","https:\/\/x.com\/SmartCherry_cl","https:\/\/www.linkedin.com\/company\/smartcherry\/","https:\/\/www.instagram.com\/smartcherry_cl\/","https:\/\/www.youtube.com\/channel\/UCe007LfgFFnntDgCcqICbPQ"]},{"@type":"Person","@id":"https:\/\/smartcherry.cl\/#\/schema\/person\/cc5ad3fbb76cc15ccfacf38ce0684864","name":"Smartcherry","image":{"@type":"ImageObject","inLanguage":"en-US","@id":"https:\/\/smartcherry.cl\/wp-content\/uploads\/2022\/03\/smartcherry-admin-user-96x96.png","url":"https:\/\/smartcherry.cl\/wp-content\/uploads\/2022\/03\/smartcherry-admin-user-96x96.png","contentUrl":"https:\/\/smartcherry.cl\/wp-content\/uploads\/2022\/03\/smartcherry-admin-user-96x96.png","caption":"Smartcherry"},"url":"https:\/\/smartcherry.cl\/en\/author\/smartcherry\/"}]}},"_links":{"self":[{"href":"https:\/\/smartcherry.cl\/en\/wp-json\/wp\/v2\/posts\/22094","targetHints":{"allow":["GET"]}}],"collection":[{"href":"https:\/\/smartcherry.cl\/en\/wp-json\/wp\/v2\/posts"}],"about":[{"href":"https:\/\/smartcherry.cl\/en\/wp-json\/wp\/v2\/types\/post"}],"author":[{"embeddable":true,"href":"https:\/\/smartcherry.cl\/en\/wp-json\/wp\/v2\/users\/224"}],"replies":[{"embeddable":true,"href":"https:\/\/smartcherry.cl\/en\/wp-json\/wp\/v2\/comments?post=22094"}],"version-history":[{"count":0,"href":"https:\/\/smartcherry.cl\/en\/wp-json\/wp\/v2\/posts\/22094\/revisions"}],"wp:featuredmedia":[{"embeddable":true,"href":"https:\/\/smartcherry.cl\/en\/wp-json\/wp\/v2\/media\/22096"}],"wp:attachment":[{"href":"https:\/\/smartcherry.cl\/en\/wp-json\/wp\/v2\/media?parent=22094"}],"wp:term":[{"taxonomy":"category","embeddable":true,"href":"https:\/\/smartcherry.cl\/en\/wp-json\/wp\/v2\/categories?post=22094"},{"taxonomy":"post_tag","embeddable":true,"href":"https:\/\/smartcherry.cl\/en\/wp-json\/wp\/v2\/tags?post=22094"},{"taxonomy":"category_proveedor","embeddable":true,"href":"https:\/\/smartcherry.cl\/en\/wp-json\/wp\/v2\/category_proveedor?post=22094"},{"taxonomy":"pais","embeddable":true,"href":"https:\/\/smartcherry.cl\/en\/wp-json\/wp\/v2\/pais?post=22094"}],"curies":[{"name":"wp","href":"https:\/\/api.w.org\/{rel}","templated":true}]}}