{"id":21313,"date":"2023-03-23T12:28:14","date_gmt":"2023-03-23T15:28:14","guid":{"rendered":"https:\/\/smartcherry.cl\/?p=21313"},"modified":"2023-03-23T21:06:31","modified_gmt":"2023-03-24T00:06:31","slug":"inicio-el-otono-astronomico-y-con-el-llegan-las-heladas-radiativas-en-el-sur-del-pais","status":"publish","type":"post","link":"https:\/\/smartcherry.cl\/en\/clima\/inicio-el-otono-astronomico-y-con-el-llegan-las-heladas-radiativas-en-el-sur-del-pais\/","title":{"rendered":"Astronomical autumn has begun and with it come radiative frosts in the south of the country"},"content":{"rendered":"<p>As we mentioned in the report from two weeks ago, the climatic or meteorological autumn began on March 1, since this facilitates the statistical treatment of meteorological and climatic data: average temperatures, amount of seasonal precipitation, climatic normals.<\/p>\n\n\n\n<p>The astronomical autumn of the southern hemisphere (equinox) began at 18:24 h (UTC-3) on March 20, 2023, and not every year it begins on the same day, nor at the same time, so if meteorologists worked with those dates, the measurement would be quite complex.<\/p>\n\n\n\n<p>The autumn equinox has occurred and during these days cold air masses have also arrived, causing significant cooling in the southern part of the country, from Los Angeles to Osorno, which is significant mainly in agricultural areas. <\/p>\n\n\n\n<p><strong>SOUTH ZONE<\/strong>:The common denominator throughout the southern part of the country will be morning fog in some communities and even potential light radiative frosts in agricultural areas, mainly from Osorno to the south, hoping that the permanence of high cold pressure and a vertically dry atmosphere will produce radiative cooling conditions.<\/p>\n\n\n\n<p>We expect the potential entry of a frontal system at the end of the month, which will increase the potential for rainfall, which may be in the form of showers and light to moderate rain. The current probability is 60% between March 28 and 30.<\/p>\n\n\n\n<figure class=\"wp-block-image aligncenter size-large is-resized\"><img fetchpriority=\"high\" decoding=\"async\" src=\"https:\/\/smartcherry.cl\/wp-content\/uploads\/2023\/03\/Captura-de-pantalla-2023-03-23-a-las-12.22.55-1024x1006.jpg\" alt=\"\" class=\"wp-image-21314\" width=\"577\" height=\"567\" srcset=\"https:\/\/smartcherry.cl\/wp-content\/uploads\/2023\/03\/Captura-de-pantalla-2023-03-23-a-las-12.22.55-1024x1006.jpg 1024w, https:\/\/smartcherry.cl\/wp-content\/uploads\/2023\/03\/Captura-de-pantalla-2023-03-23-a-las-12.22.55-300x295.jpg 300w, https:\/\/smartcherry.cl\/wp-content\/uploads\/2023\/03\/Captura-de-pantalla-2023-03-23-a-las-12.22.55-768x754.jpg 768w, https:\/\/smartcherry.cl\/wp-content\/uploads\/2023\/03\/Captura-de-pantalla-2023-03-23-a-las-12.22.55-24x24.jpg 24w, https:\/\/smartcherry.cl\/wp-content\/uploads\/2023\/03\/Captura-de-pantalla-2023-03-23-a-las-12.22.55-48x48.jpg 48w, https:\/\/smartcherry.cl\/wp-content\/uploads\/2023\/03\/Captura-de-pantalla-2023-03-23-a-las-12.22.55.jpg 1218w\" sizes=\"(max-width: 577px) 100vw, 577px\" \/><\/figure>\n\n\n\n<p><strong>CENTRAL ZONE<\/strong>:In general, a large part of the country will be under an anticyclonic regime, and although we also expect significant radiative cooling, the potential for radiative frost is still zero, since maximum temperatures remain high enough to allow cooling capable of reaching the freezing point during the mornings. <\/p>\n\n\n\n<p>Extreme minimum temperatures are expected to be between 4\u00b0 and 6\u00b0C in agricultural areas, and higher in populated areas. Although minimum temperatures will be very cold, maximum temperatures will remain within the range of 31\u00b0 to 33\u00b0C. In coastal areas, temperatures will remain regulated by the marine layer.<\/p>\n\n\n\n<p>In the RM, the maximum temperatures will increase significantly, with values between 33\u00b0 and 36\u00b0C, including the Valpar\u00edso region near Santiago.<\/p>\n\n\n\n<p><strong>NORTHERN ZONE (Coquimbo \u2013 Atacama)<\/strong>: The anticyclonic regime will be extended to this area, so the common denominator will continue to be clear skies, with highs between 29\u00b0 and 32\u00b0C and lows of 8\u00b0 to 11\u00b0C. There will be no precipitation on the coasts, valleys or mountain ranges. The marine layer will dominate during the early mornings and dawns from La Serena to the far north.<\/p>\n\n\n\n<p>The previous general forecast was made by the company GlobalMet, who have the best tool for farmers, providing their clients with a personal meteorologist service, who knows their field and provides forecasts up to 30 days in advance.<\/p>\n\n\n\n<p>Through the App to which access is provided along with the service, you can consult variables such as temperature, humidity, cloudiness, rain, wind, radiation, thermal sensation, dew point, evapotranspiration, among others, accompanied by graphics by day and time and if you need an explanation about any of the variants or information about a specific event, you will also have a WhatsApp group where the meteorologist assigned to your field will answer all your questions. <\/p>\n\n\n\n<p>GlobalMet&#039;s job is to provide producers with accurate information on the variables that will be present at their specific point so that they can have better planning and decision making in the field, for example, during frost season it can provide information on what day it will freeze and how long it will last, thus they can better use their frost control system and apply climate stress products; all of this will be directly reflected in the producer&#039;s pocket. <\/p>\n\n\n\n<p>Remember that the forecast for this week and the next, speaks of the presence of possible radiative frosts in agricultural areas of Osorno to the south, hoping that the permanence of a high cold pressure and the vertically dry atmosphere produce conditions of radiative cooling; for these cases, prepare yourself with AGROS-3 systemic cellular penetrant, with anti-freeze effect, mobilizes nutrients and is quickly absorbed by active plant tissues, becoming part of the sap flow reaching all ends of the plant. It mobilizes calcium, boron and other salts, avoiding precipitation. It is a nutritional regulator, biostimulant, restores magnesium deficiencies, reduces osmotic adjustment and increases tissue resistance to cold, find it at Vadpagro.<\/p>\n\n\n\n<p>For more information about the GlobalMet service, go to www.app.globalmet.mx or at <a href=\"http:\/\/www.vadpagro.cl\">www.vadpagro.cl<\/a> or enter the Vadpagro minisite on Smartcherry.<\/p>\n\n\n\n<div class=\"wp-block-buttons is-layout-flex wp-block-buttons-is-layout-flex\">\n<div class=\"wp-block-button aligncenter\"><a class=\"wp-block-button__link wp-element-button\" href=\"\/en\/www.smartcherry.cl\/proveedores\/vadpagro\/\">Vadpagro Minisite<\/a><\/div>\n<\/div>","protected":false},"excerpt":{"rendered":"<p>This meteorological report by Vadpagro in conjunction with GlobalMet covers the period from March 22 to 30. <\/p>","protected":false},"author":224,"featured_media":21315,"comment_status":"closed","ping_status":"open","sticky":false,"template":"","format":"standard","meta":{"_acf_changed":false,"inline_featured_image":false,"footnotes":""},"categories":[430],"tags":[],"category_proveedor":[],"pais":[],"class_list":["post-21313","post","type-post","status-publish","format-standard","has-post-thumbnail","hentry","category-clima"],"acf":[],"yoast_head":"<!-- This site is optimized with the Yoast SEO Premium plugin v21.3 (Yoast SEO v27.3) - https:\/\/yoast.com\/product\/yoast-seo-premium-wordpress\/ -->\n<title>Inici\u00f3 el oto\u00f1o astron\u00f3mico y con \u00e9l llegan las heladas radiativas en el sur del pa\u00eds - Smartcherry<\/title>\n<meta name=\"robots\" content=\"index, follow, max-snippet:-1, max-image-preview:large, max-video-preview:-1\" \/>\n<link rel=\"canonical\" href=\"https:\/\/smartcherry.cl\/en\/clima\/inicio-el-otono-astronomico-y-con-el-llegan-las-heladas-radiativas-en-el-sur-del-pais\/\" \/>\n<meta property=\"og:locale\" content=\"en_US\" \/>\n<meta property=\"og:type\" content=\"article\" \/>\n<meta property=\"og:title\" content=\"Inici\u00f3 el oto\u00f1o astron\u00f3mico y con \u00e9l llegan las heladas radiativas en el sur del pa\u00eds\" \/>\n<meta property=\"og:description\" content=\"Este informe meteorol\u00f3gico de Vadpagro en conjunto con GlobalMet, abarca desde el 22 al 30 de Marzo.\" \/>\n<meta property=\"og:url\" content=\"https:\/\/smartcherry.cl\/en\/clima\/inicio-el-otono-astronomico-y-con-el-llegan-las-heladas-radiativas-en-el-sur-del-pais\/\" \/>\n<meta property=\"og:site_name\" content=\"Smartcherry\" \/>\n<meta property=\"article:publisher\" content=\"https:\/\/web.facebook.com\/SmartCherry.cl\/\" \/>\n<meta property=\"article:published_time\" content=\"2023-03-23T15:28:14+00:00\" \/>\n<meta property=\"article:modified_time\" content=\"2023-03-24T00:06:31+00:00\" \/>\n<meta property=\"og:image\" content=\"https:\/\/smartcherry.cl\/wp-content\/uploads\/2023\/03\/Vadpagro-Clima.jpg\" \/>\n\t<meta property=\"og:image:width\" content=\"700\" \/>\n\t<meta property=\"og:image:height\" content=\"400\" \/>\n\t<meta property=\"og:image:type\" content=\"image\/jpeg\" \/>\n<meta name=\"author\" content=\"Smartcherry\" \/>\n<meta name=\"twitter:card\" content=\"summary_large_image\" \/>\n<meta name=\"twitter:creator\" content=\"@SmartCherry_cl\" \/>\n<meta name=\"twitter:site\" content=\"@SmartCherry_cl\" \/>\n<meta name=\"twitter:label1\" content=\"Written by\" \/>\n\t<meta name=\"twitter:data1\" content=\"Smartcherry\" \/>\n\t<meta name=\"twitter:label2\" content=\"Est. reading time\" \/>\n\t<meta name=\"twitter:data2\" content=\"4 minutes\" \/>\n<script type=\"application\/ld+json\" class=\"yoast-schema-graph\">{\"@context\":\"https:\\\/\\\/schema.org\",\"@graph\":[{\"@type\":\"Article\",\"@id\":\"https:\\\/\\\/smartcherry.cl\\\/clima\\\/inicio-el-otono-astronomico-y-con-el-llegan-las-heladas-radiativas-en-el-sur-del-pais\\\/#article\",\"isPartOf\":{\"@id\":\"https:\\\/\\\/smartcherry.cl\\\/clima\\\/inicio-el-otono-astronomico-y-con-el-llegan-las-heladas-radiativas-en-el-sur-del-pais\\\/\"},\"author\":{\"name\":\"Smartcherry\",\"@id\":\"https:\\\/\\\/smartcherry.cl\\\/#\\\/schema\\\/person\\\/cc5ad3fbb76cc15ccfacf38ce0684864\"},\"headline\":\"Inici\u00f3 el oto\u00f1o astron\u00f3mico y con \u00e9l llegan las heladas radiativas en el sur del pa\u00eds\",\"datePublished\":\"2023-03-23T15:28:14+00:00\",\"dateModified\":\"2023-03-24T00:06:31+00:00\",\"mainEntityOfPage\":{\"@id\":\"https:\\\/\\\/smartcherry.cl\\\/clima\\\/inicio-el-otono-astronomico-y-con-el-llegan-las-heladas-radiativas-en-el-sur-del-pais\\\/\"},\"wordCount\":875,\"publisher\":{\"@id\":\"https:\\\/\\\/smartcherry.cl\\\/#organization\"},\"image\":{\"@id\":\"https:\\\/\\\/smartcherry.cl\\\/clima\\\/inicio-el-otono-astronomico-y-con-el-llegan-las-heladas-radiativas-en-el-sur-del-pais\\\/#primaryimage\"},\"thumbnailUrl\":\"https:\\\/\\\/smartcherry.cl\\\/wp-content\\\/uploads\\\/2023\\\/03\\\/Vadpagro-Clima.jpg\",\"articleSection\":[\"Clima\"],\"inLanguage\":\"en-US\"},{\"@type\":\"WebPage\",\"@id\":\"https:\\\/\\\/smartcherry.cl\\\/clima\\\/inicio-el-otono-astronomico-y-con-el-llegan-las-heladas-radiativas-en-el-sur-del-pais\\\/\",\"url\":\"https:\\\/\\\/smartcherry.cl\\\/clima\\\/inicio-el-otono-astronomico-y-con-el-llegan-las-heladas-radiativas-en-el-sur-del-pais\\\/\",\"name\":\"Inici\u00f3 el oto\u00f1o astron\u00f3mico y con \u00e9l llegan las heladas radiativas en el sur del pa\u00eds - Smartcherry\",\"isPartOf\":{\"@id\":\"https:\\\/\\\/smartcherry.cl\\\/#website\"},\"primaryImageOfPage\":{\"@id\":\"https:\\\/\\\/smartcherry.cl\\\/clima\\\/inicio-el-otono-astronomico-y-con-el-llegan-las-heladas-radiativas-en-el-sur-del-pais\\\/#primaryimage\"},\"image\":{\"@id\":\"https:\\\/\\\/smartcherry.cl\\\/clima\\\/inicio-el-otono-astronomico-y-con-el-llegan-las-heladas-radiativas-en-el-sur-del-pais\\\/#primaryimage\"},\"thumbnailUrl\":\"https:\\\/\\\/smartcherry.cl\\\/wp-content\\\/uploads\\\/2023\\\/03\\\/Vadpagro-Clima.jpg\",\"datePublished\":\"2023-03-23T15:28:14+00:00\",\"dateModified\":\"2023-03-24T00:06:31+00:00\",\"breadcrumb\":{\"@id\":\"https:\\\/\\\/smartcherry.cl\\\/clima\\\/inicio-el-otono-astronomico-y-con-el-llegan-las-heladas-radiativas-en-el-sur-del-pais\\\/#breadcrumb\"},\"inLanguage\":\"en-US\",\"potentialAction\":[{\"@type\":\"ReadAction\",\"target\":[\"https:\\\/\\\/smartcherry.cl\\\/clima\\\/inicio-el-otono-astronomico-y-con-el-llegan-las-heladas-radiativas-en-el-sur-del-pais\\\/\"]}]},{\"@type\":\"ImageObject\",\"inLanguage\":\"en-US\",\"@id\":\"https:\\\/\\\/smartcherry.cl\\\/clima\\\/inicio-el-otono-astronomico-y-con-el-llegan-las-heladas-radiativas-en-el-sur-del-pais\\\/#primaryimage\",\"url\":\"https:\\\/\\\/smartcherry.cl\\\/wp-content\\\/uploads\\\/2023\\\/03\\\/Vadpagro-Clima.jpg\",\"contentUrl\":\"https:\\\/\\\/smartcherry.cl\\\/wp-content\\\/uploads\\\/2023\\\/03\\\/Vadpagro-Clima.jpg\",\"width\":700,\"height\":400},{\"@type\":\"BreadcrumbList\",\"@id\":\"https:\\\/\\\/smartcherry.cl\\\/clima\\\/inicio-el-otono-astronomico-y-con-el-llegan-las-heladas-radiativas-en-el-sur-del-pais\\\/#breadcrumb\",\"itemListElement\":[{\"@type\":\"ListItem\",\"position\":1,\"name\":\"Home\",\"item\":\"https:\\\/\\\/smartcherry.cl\\\/\"},{\"@type\":\"ListItem\",\"position\":2,\"name\":\"Clima\",\"item\":\"https:\\\/\\\/smartcherry.cl\\\/category\\\/clima\\\/\"},{\"@type\":\"ListItem\",\"position\":3,\"name\":\"Inici\u00f3 el oto\u00f1o astron\u00f3mico y con \u00e9l llegan las heladas radiativas en el sur del pa\u00eds\"}]},{\"@type\":\"WebSite\",\"@id\":\"https:\\\/\\\/smartcherry.cl\\\/#website\",\"url\":\"https:\\\/\\\/smartcherry.cl\\\/\",\"name\":\"Smartcherry\",\"description\":\"Sitio de Smartcherry\",\"publisher\":{\"@id\":\"https:\\\/\\\/smartcherry.cl\\\/#organization\"},\"potentialAction\":[{\"@type\":\"SearchAction\",\"target\":{\"@type\":\"EntryPoint\",\"urlTemplate\":\"https:\\\/\\\/smartcherry.cl\\\/?s={search_term_string}\"},\"query-input\":{\"@type\":\"PropertyValueSpecification\",\"valueRequired\":true,\"valueName\":\"search_term_string\"}}],\"inLanguage\":\"en-US\"},{\"@type\":\"Organization\",\"@id\":\"https:\\\/\\\/smartcherry.cl\\\/#organization\",\"name\":\"SmartCherry\",\"url\":\"https:\\\/\\\/smartcherry.cl\\\/\",\"logo\":{\"@type\":\"ImageObject\",\"inLanguage\":\"en-US\",\"@id\":\"https:\\\/\\\/smartcherry.cl\\\/#\\\/schema\\\/logo\\\/image\\\/\",\"url\":\"https:\\\/\\\/smartcherry.cl\\\/wp-content\\\/uploads\\\/2022\\\/02\\\/logo_smartcherry.png\",\"contentUrl\":\"https:\\\/\\\/smartcherry.cl\\\/wp-content\\\/uploads\\\/2022\\\/02\\\/logo_smartcherry.png\",\"width\":411,\"height\":84,\"caption\":\"SmartCherry\"},\"image\":{\"@id\":\"https:\\\/\\\/smartcherry.cl\\\/#\\\/schema\\\/logo\\\/image\\\/\"},\"sameAs\":[\"https:\\\/\\\/web.facebook.com\\\/SmartCherry.cl\\\/\",\"https:\\\/\\\/x.com\\\/SmartCherry_cl\",\"https:\\\/\\\/www.linkedin.com\\\/company\\\/smartcherry\\\/\",\"https:\\\/\\\/www.instagram.com\\\/smartcherry_cl\\\/\",\"https:\\\/\\\/www.youtube.com\\\/channel\\\/UCe007LfgFFnntDgCcqICbPQ\"]},{\"@type\":\"Person\",\"@id\":\"https:\\\/\\\/smartcherry.cl\\\/#\\\/schema\\\/person\\\/cc5ad3fbb76cc15ccfacf38ce0684864\",\"name\":\"Smartcherry\",\"image\":{\"@type\":\"ImageObject\",\"inLanguage\":\"en-US\",\"@id\":\"https:\\\/\\\/smartcherry.cl\\\/wp-content\\\/uploads\\\/2022\\\/03\\\/smartcherry-admin-user-96x96.png\",\"url\":\"https:\\\/\\\/smartcherry.cl\\\/wp-content\\\/uploads\\\/2022\\\/03\\\/smartcherry-admin-user-96x96.png\",\"contentUrl\":\"https:\\\/\\\/smartcherry.cl\\\/wp-content\\\/uploads\\\/2022\\\/03\\\/smartcherry-admin-user-96x96.png\",\"caption\":\"Smartcherry\"},\"url\":\"https:\\\/\\\/smartcherry.cl\\\/en\\\/author\\\/smartcherry\\\/\"}]}<\/script>\n<!-- \/ Yoast SEO Premium plugin. -->","yoast_head_json":{"title":"Inici\u00f3 el oto\u00f1o astron\u00f3mico y con \u00e9l llegan las heladas radiativas en el sur del pa\u00eds - Smartcherry","robots":{"index":"index","follow":"follow","max-snippet":"max-snippet:-1","max-image-preview":"max-image-preview:large","max-video-preview":"max-video-preview:-1"},"canonical":"https:\/\/smartcherry.cl\/en\/clima\/inicio-el-otono-astronomico-y-con-el-llegan-las-heladas-radiativas-en-el-sur-del-pais\/","og_locale":"en_US","og_type":"article","og_title":"Inici\u00f3 el oto\u00f1o astron\u00f3mico y con \u00e9l llegan las heladas radiativas en el sur del pa\u00eds","og_description":"Este informe meteorol\u00f3gico de Vadpagro en conjunto con GlobalMet, abarca desde el 22 al 30 de Marzo.","og_url":"https:\/\/smartcherry.cl\/en\/clima\/inicio-el-otono-astronomico-y-con-el-llegan-las-heladas-radiativas-en-el-sur-del-pais\/","og_site_name":"Smartcherry","article_publisher":"https:\/\/web.facebook.com\/SmartCherry.cl\/","article_published_time":"2023-03-23T15:28:14+00:00","article_modified_time":"2023-03-24T00:06:31+00:00","og_image":[{"width":700,"height":400,"url":"https:\/\/smartcherry.cl\/wp-content\/uploads\/2023\/03\/Vadpagro-Clima.jpg","type":"image\/jpeg"}],"author":"Smartcherry","twitter_card":"summary_large_image","twitter_creator":"@SmartCherry_cl","twitter_site":"@SmartCherry_cl","twitter_misc":{"Written by":"Smartcherry","Est. reading time":"4 minutes"},"schema":{"@context":"https:\/\/schema.org","@graph":[{"@type":"Article","@id":"https:\/\/smartcherry.cl\/clima\/inicio-el-otono-astronomico-y-con-el-llegan-las-heladas-radiativas-en-el-sur-del-pais\/#article","isPartOf":{"@id":"https:\/\/smartcherry.cl\/clima\/inicio-el-otono-astronomico-y-con-el-llegan-las-heladas-radiativas-en-el-sur-del-pais\/"},"author":{"name":"Smartcherry","@id":"https:\/\/smartcherry.cl\/#\/schema\/person\/cc5ad3fbb76cc15ccfacf38ce0684864"},"headline":"Inici\u00f3 el oto\u00f1o astron\u00f3mico y con \u00e9l llegan las heladas radiativas en el sur del pa\u00eds","datePublished":"2023-03-23T15:28:14+00:00","dateModified":"2023-03-24T00:06:31+00:00","mainEntityOfPage":{"@id":"https:\/\/smartcherry.cl\/clima\/inicio-el-otono-astronomico-y-con-el-llegan-las-heladas-radiativas-en-el-sur-del-pais\/"},"wordCount":875,"publisher":{"@id":"https:\/\/smartcherry.cl\/#organization"},"image":{"@id":"https:\/\/smartcherry.cl\/clima\/inicio-el-otono-astronomico-y-con-el-llegan-las-heladas-radiativas-en-el-sur-del-pais\/#primaryimage"},"thumbnailUrl":"https:\/\/smartcherry.cl\/wp-content\/uploads\/2023\/03\/Vadpagro-Clima.jpg","articleSection":["Clima"],"inLanguage":"en-US"},{"@type":"WebPage","@id":"https:\/\/smartcherry.cl\/clima\/inicio-el-otono-astronomico-y-con-el-llegan-las-heladas-radiativas-en-el-sur-del-pais\/","url":"https:\/\/smartcherry.cl\/clima\/inicio-el-otono-astronomico-y-con-el-llegan-las-heladas-radiativas-en-el-sur-del-pais\/","name":"Inici\u00f3 el oto\u00f1o astron\u00f3mico y con \u00e9l llegan las heladas radiativas en el sur del pa\u00eds - Smartcherry","isPartOf":{"@id":"https:\/\/smartcherry.cl\/#website"},"primaryImageOfPage":{"@id":"https:\/\/smartcherry.cl\/clima\/inicio-el-otono-astronomico-y-con-el-llegan-las-heladas-radiativas-en-el-sur-del-pais\/#primaryimage"},"image":{"@id":"https:\/\/smartcherry.cl\/clima\/inicio-el-otono-astronomico-y-con-el-llegan-las-heladas-radiativas-en-el-sur-del-pais\/#primaryimage"},"thumbnailUrl":"https:\/\/smartcherry.cl\/wp-content\/uploads\/2023\/03\/Vadpagro-Clima.jpg","datePublished":"2023-03-23T15:28:14+00:00","dateModified":"2023-03-24T00:06:31+00:00","breadcrumb":{"@id":"https:\/\/smartcherry.cl\/clima\/inicio-el-otono-astronomico-y-con-el-llegan-las-heladas-radiativas-en-el-sur-del-pais\/#breadcrumb"},"inLanguage":"en-US","potentialAction":[{"@type":"ReadAction","target":["https:\/\/smartcherry.cl\/clima\/inicio-el-otono-astronomico-y-con-el-llegan-las-heladas-radiativas-en-el-sur-del-pais\/"]}]},{"@type":"ImageObject","inLanguage":"en-US","@id":"https:\/\/smartcherry.cl\/clima\/inicio-el-otono-astronomico-y-con-el-llegan-las-heladas-radiativas-en-el-sur-del-pais\/#primaryimage","url":"https:\/\/smartcherry.cl\/wp-content\/uploads\/2023\/03\/Vadpagro-Clima.jpg","contentUrl":"https:\/\/smartcherry.cl\/wp-content\/uploads\/2023\/03\/Vadpagro-Clima.jpg","width":700,"height":400},{"@type":"BreadcrumbList","@id":"https:\/\/smartcherry.cl\/clima\/inicio-el-otono-astronomico-y-con-el-llegan-las-heladas-radiativas-en-el-sur-del-pais\/#breadcrumb","itemListElement":[{"@type":"ListItem","position":1,"name":"Home","item":"https:\/\/smartcherry.cl\/"},{"@type":"ListItem","position":2,"name":"Clima","item":"https:\/\/smartcherry.cl\/category\/clima\/"},{"@type":"ListItem","position":3,"name":"Inici\u00f3 el oto\u00f1o astron\u00f3mico y con \u00e9l llegan las heladas radiativas en el sur del pa\u00eds"}]},{"@type":"WebSite","@id":"https:\/\/smartcherry.cl\/#website","url":"https:\/\/smartcherry.cl\/","name":"Smartcherry","description":"Smartcherry Site","publisher":{"@id":"https:\/\/smartcherry.cl\/#organization"},"potentialAction":[{"@type":"SearchAction","target":{"@type":"EntryPoint","urlTemplate":"https:\/\/smartcherry.cl\/?s={search_term_string}"},"query-input":{"@type":"PropertyValueSpecification","valueRequired":true,"valueName":"search_term_string"}}],"inLanguage":"en-US"},{"@type":"Organization","@id":"https:\/\/smartcherry.cl\/#organization","name":"SmartCherry","url":"https:\/\/smartcherry.cl\/","logo":{"@type":"ImageObject","inLanguage":"en-US","@id":"https:\/\/smartcherry.cl\/#\/schema\/logo\/image\/","url":"https:\/\/smartcherry.cl\/wp-content\/uploads\/2022\/02\/logo_smartcherry.png","contentUrl":"https:\/\/smartcherry.cl\/wp-content\/uploads\/2022\/02\/logo_smartcherry.png","width":411,"height":84,"caption":"SmartCherry"},"image":{"@id":"https:\/\/smartcherry.cl\/#\/schema\/logo\/image\/"},"sameAs":["https:\/\/web.facebook.com\/SmartCherry.cl\/","https:\/\/x.com\/SmartCherry_cl","https:\/\/www.linkedin.com\/company\/smartcherry\/","https:\/\/www.instagram.com\/smartcherry_cl\/","https:\/\/www.youtube.com\/channel\/UCe007LfgFFnntDgCcqICbPQ"]},{"@type":"Person","@id":"https:\/\/smartcherry.cl\/#\/schema\/person\/cc5ad3fbb76cc15ccfacf38ce0684864","name":"Smartcherry","image":{"@type":"ImageObject","inLanguage":"en-US","@id":"https:\/\/smartcherry.cl\/wp-content\/uploads\/2022\/03\/smartcherry-admin-user-96x96.png","url":"https:\/\/smartcherry.cl\/wp-content\/uploads\/2022\/03\/smartcherry-admin-user-96x96.png","contentUrl":"https:\/\/smartcherry.cl\/wp-content\/uploads\/2022\/03\/smartcherry-admin-user-96x96.png","caption":"Smartcherry"},"url":"https:\/\/smartcherry.cl\/en\/author\/smartcherry\/"}]}},"_links":{"self":[{"href":"https:\/\/smartcherry.cl\/en\/wp-json\/wp\/v2\/posts\/21313","targetHints":{"allow":["GET"]}}],"collection":[{"href":"https:\/\/smartcherry.cl\/en\/wp-json\/wp\/v2\/posts"}],"about":[{"href":"https:\/\/smartcherry.cl\/en\/wp-json\/wp\/v2\/types\/post"}],"author":[{"embeddable":true,"href":"https:\/\/smartcherry.cl\/en\/wp-json\/wp\/v2\/users\/224"}],"replies":[{"embeddable":true,"href":"https:\/\/smartcherry.cl\/en\/wp-json\/wp\/v2\/comments?post=21313"}],"version-history":[{"count":0,"href":"https:\/\/smartcherry.cl\/en\/wp-json\/wp\/v2\/posts\/21313\/revisions"}],"wp:featuredmedia":[{"embeddable":true,"href":"https:\/\/smartcherry.cl\/en\/wp-json\/wp\/v2\/media\/21315"}],"wp:attachment":[{"href":"https:\/\/smartcherry.cl\/en\/wp-json\/wp\/v2\/media?parent=21313"}],"wp:term":[{"taxonomy":"category","embeddable":true,"href":"https:\/\/smartcherry.cl\/en\/wp-json\/wp\/v2\/categories?post=21313"},{"taxonomy":"post_tag","embeddable":true,"href":"https:\/\/smartcherry.cl\/en\/wp-json\/wp\/v2\/tags?post=21313"},{"taxonomy":"category_proveedor","embeddable":true,"href":"https:\/\/smartcherry.cl\/en\/wp-json\/wp\/v2\/category_proveedor?post=21313"},{"taxonomy":"pais","embeddable":true,"href":"https:\/\/smartcherry.cl\/en\/wp-json\/wp\/v2\/pais?post=21313"}],"curies":[{"name":"wp","href":"https:\/\/api.w.org\/{rel}","templated":true}]}}